{"id":1794664,"date":"2024-01-22T12:02:39","date_gmt":"2024-01-22T12:02:39","guid":{"rendered":"https:\/\/www.pressenza.com\/?p=1794664"},"modified":"2024-01-22T12:02:39","modified_gmt":"2024-01-22T12:02:39","slug":"brief-an-regierungen-selbst-superreiche-fordern-vermoegenssteuern","status":"publish","type":"post","link":"https:\/\/www.pressenza.com\/de\/2024\/01\/brief-an-regierungen-selbst-superreiche-fordern-vermoegenssteuern\/","title":{"rendered":"Brief an Regierungen: Selbst Superreiche fordern Verm\u00f6genssteuern"},"content":{"rendered":"<p><strong>Mehr als\u00a0<a href=\"https:\/\/www.derstandard.at\/story\/3000000203455\/rockefeller-disney-engelhorn-superreiche-fordern-in-davos-besteuerung\" target=\"_blank\" rel=\"nofollow noopener\">250 Milliard\u00e4r:innen und Million\u00e4r:innen<\/a> fordern in einem offenen Brief an die politische Elite beim Weltwirtschaftsforum in Davos die Einf\u00fchrung von <a class=\"wpg-linkify wpg-tooltip tooltipstered\">Verm\u00f6genssteuern<\/a>. Sie wollen, dass die Superreichen Steuern zahlen, um weltweit bessere \u00f6ffentliche Dienstleistungen zu finanzieren.\u00a0<\/strong><\/p>\n<p><em><span class=\"post-info-text\">Von<\/span><span class=\"author-name vcard fn author\"><a title=\"Beitr\u00e4ge von Thomas Hackl\" href=\"https:\/\/kontrast.at\/author\/thomashackl\/\" rel=\"author\"> Thomas Hackl<\/a><\/span><\/em><\/p>\n<p>Den Reichen reicht\u2019s. In einem\u00a0<a href=\"https:\/\/proudtopaymore.org\/\" target=\"_blank\" rel=\"nofollow noopener\">offenen Brief fordern<\/a>\u00a0mehr als 250 Superreiche h\u00f6here Steuern f\u00fcr sich selbst. Das sei der einzige Weg, um die sozialen und \u00f6kologischen Herausforderungen unserer Zeit zu bew\u00e4ltigen. Bereits im September letzten Jahres gab es eine \u00e4hnliche\u00a0<a href=\"https:\/\/kontrast.at\/reiche-fuer-reichensteuer\/\">Aufforderung der Million\u00e4r:innen<\/a>\u00a0\u2013 und zwar im Zuge des G-20-Treffens der 20 m\u00e4chtigsten Industrienationen. Diesmal richtet sich der Appell an die globalen Entscheidungstr\u00e4ger, die sich in Davos beim Weltwirtschaftsforum versammeln.<\/p>\n<p>Zu den reichen Unterzeichner:innen aus 17 L\u00e4ndern geh\u00f6ren etwa die Disney-Erbin Abigail Disney, der Schauspieler und\u00a0<a href=\"https:\/\/www.youtube.com\/watch?v=2bR6xSjOYM8\" target=\"_blank\" rel=\"nofollow noopener\">Succession<\/a>-Star Brian Cox und Erbin des Rockefeller-Imperiums Valerie Rockefeller. Auch \u00d6sterreicher:innen haben den offenen Brief unterschrieben. Die \u00f6sterreichische Millionenerbin Marlene Engelhorn unterst\u00fctzt die Initiative. Sie macht gerade\u00a0<a href=\"https:\/\/www.nytimes.com\/2024\/01\/11\/world\/europe\/austria-heiress-engelhorn-inheritance-giveaway.html\" target=\"_blank\" rel=\"nofollow noopener\">weltweit Schlagzeilen<\/a>, da sie von einem B\u00fcrgerrat 25 Millionen ihres Erbes an die Bev\u00f6lkerung \u201er\u00fcckverteilen\u201c l\u00e4sst.<\/p>\n<p><strong>EXTREME UNGLEICHHEIT GEF\u00c4HRDET DEMOKRATIE<\/strong><\/p>\n<p>Die Unterzeichnenden argumentieren, dass die extreme wirtschaftliche Ungleichheit verheerende Folgen f\u00fcr die Stabilit\u00e4t von Wirtschaft, Gesellschaft und den Planeten hat. Es sei h\u00f6chste Zeit ist zu handeln.<\/p>\n<blockquote><p>\u201eMilliard\u00e4re nutzen ihren extremen Reichtum, um politische Macht und Einfluss anzuh\u00e4ufen. Das untergr\u00e4bt unsere Demokratie und globale Wirtschaft. Es ist l\u00e4ngst \u00fcberf\u00e4llig, zu handeln. Wenn unsere gew\u00e4hlten Vertreter sich weigern, diese Ansammlung von Geld und Macht zu adressieren, werden die Konsequenzen verheerend sein.\u201c \u2013\u00a0<a href=\"https:\/\/www.theguardian.com\/business\/2024\/jan\/17\/wealth-tax-super-rich-davos-abigail-disney-brian-cox-valerie-rockefeller\" target=\"_blank\" rel=\"nofollow noopener\">Brian Cox, Schauspieler<\/a>\u00a0(Logan Roy in Succession)<\/p><\/blockquote>\n<p><strong>UMFRAGE ZEIGT: SELBST SUPERREICHE WOLLEN\u00a0<a class=\"wpg-linkify wpg-tooltip tooltipstered\">VERM\u00d6GENSSTEUERN<\/a><\/strong><\/p>\n<p>Eine Umfrage unter den Superreichen zeigt, dass 74 Prozent von ihnen h\u00f6here Steuern auf Verm\u00f6gen unterst\u00fctzen, um die steigenden Lebenshaltungskosten zu bew\u00e4ltigen und die \u00f6ffentlichen Dienstleistungen zu verbessern. Die Umfrage f\u00fchrte die Kampagnengruppe \u201ePatriotic Millionaires\u201c durch. Sie ergab auch, dass 58 Prozent die Einf\u00fchrung einer 2-prozentigen\u00a0<a class=\"wpg-linkify wpg-tooltip tooltipstered\">Verm\u00f6genssteuer<\/a>\u00a0f\u00fcr Menschen mit mehr als 10 Millionen Dollar unterst\u00fctzen und 54 Prozent der Befragten extreme Reicht\u00fcmer als eine Bedrohung f\u00fcr die Demokratie betrachten.<\/p>\n<div id=\"attachment_1794666\" class=\"wp-caption alignnone\"><img loading=\"lazy\" decoding=\"async\" aria-describedby=\"caption-attachment-1794666\" class=\"wp-image-1794666 size-full\" src=\"https:\/\/www.pressenza.com\/wp-content\/uploads\/2024\/01\/vermoegensverteilung-1024x576-1.jpg\" alt=\"\" width=\"1024\" height=\"576\" srcset=\"https:\/\/www.pressenza.com\/wp-content\/uploads\/2024\/01\/vermoegensverteilung-1024x576-1.jpg 1024w, https:\/\/www.pressenza.com\/wp-content\/uploads\/2024\/01\/vermoegensverteilung-1024x576-1-300x169.jpg 300w, https:\/\/www.pressenza.com\/wp-content\/uploads\/2024\/01\/vermoegensverteilung-1024x576-1-820x461.jpg 820w\" sizes=\"auto, (max-width: 1024px) 100vw, 1024px\" \/><p id=\"caption-attachment-1794666\" class=\"wp-caption-text\">Immer mehr Menschen machen sich Sorgen wegen der wachsenden Ungleichheit in unserer Gesellschaft, auch die Superreichen.<\/p><\/div>\n<p>Die Unterzeichner des offenen Briefs betonen, dass sie stolz darauf w\u00e4ren, mehr zu zahlen, um die extreme Ungleichheit zu bek\u00e4mpfen und bessere Zukunftschancen f\u00fcr alle zu schaffen. Sie fordern die politischen Entscheidungstr\u00e4ger:innen auf, diesen notwendigen Schritt zu unternehmen, bevor es zu sp\u00e4t ist. Wir haben den\u00a0<a href=\"https:\/\/proudtopaymore.org\/\" target=\"_blank\" rel=\"nofollow noopener\">offenen Brief<\/a>\u00a0f\u00fcr euch \u00fcbersetzt.<\/p>\n<div class=\"su-box-title\"><strong>DER OFFENE BRIEF IM WORTLAUT<\/strong><\/div>\n<div class=\"su-box-content su-u-clearfix su-u-trim\">\n<p><strong>AN DIE GLOBALEN ENTSCHEIDUNGSTR\u00c4GER, DIE SICH IN DAVOS VERSAMMELN:<\/strong><\/p>\n<p>Wir sind \u00fcberrascht, dass Sie seit drei Jahren eine einfache Frage nicht beantwortet habt: Wann werdet Sie extrem Reichtum besteuern? Wenn gew\u00e4hlte Vertreter der f\u00fchrenden Volkswirtschaften der Welt keine Ma\u00dfnahmen ergreifen, um den dramatischen Anstieg der wirtschaftlichen Ungleichheit zu adressieren, werden die Konsequenzen weiterhin katastrophal f\u00fcr die Gesellschaft sein.<\/p>\n<p>Unser Bestreben nach gerechteren Steuern ist nicht radikal. Es ist vielmehr die Forderung nach einer R\u00fcckkehr zur Normalit\u00e4t auf der Grundlage einer n\u00fcchternen Bewertung der aktuellen wirtschaftlichen Bedingungen. Wir sind die Menschen, die in Start-ups investieren, die Aktienm\u00e4rkte beeinflussen, Unternehmen wachsen lassen und nachhaltiges wirtschaftliches Wachstum f\u00f6rdern. Wir sind auch die Menschen, die am meisten vom Status quo profitieren. Aber die Ungleichheit hat einen kritischen Punkt erreicht, und die Kosten f\u00fcr unsere wirtschaftliche, gesellschaftliche und \u00f6kologische Stabilit\u00e4t sind schwerwiegend \u2013 und steigen jeden Tag. Kurz gesagt, wir brauchen jetzt Ma\u00dfnahmen.<\/p>\n<blockquote><p><em>Unsere Bitte ist einfach: Wir fordern Sie auf, uns, die Allerreichsten in der Gesellschaft, zu besteuern. Das wird unseren Lebensstandard nicht grundlegend ver\u00e4ndern, unsere Kinder werden nicht bestohlen und das wirtschaftliche Wachstum unserer Nationen wird nicht beeintr\u00e4chtigt. Aber es wird extremen und unproduktiven Privatbesitz in eine Investition f\u00fcr unsere gemeinsame demokratische Zukunft umwandeln.<\/em><\/p><\/blockquote>\n<p>Die L\u00f6sung daf\u00fcr k\u00f6nnen nicht einmaligen Spenden oder in philanthropischen Aktivit\u00e4ten sein; individuelles Handeln kann das derzeitige riesige Ungleichgewicht nicht korrigieren. Wir brauchen unsere Regierungen und unsere gew\u00e4hlten Vertreter, um hier kollektive L\u00f6sungen umzusetzen. Deshalb wenden wir uns erneut mit der dringenden Bitte an Sie, zu handeln \u2013 sowohl auf nationaler Ebene als auch gemeinsam auf der internationalen B\u00fchne.<\/p>\n<\/div>\n<p>Jeder Moment des Z\u00f6gerns festigt den gef\u00e4hrlichen wirtschaftlichen Status quo, bedroht unsere demokratischen Normen und \u00fcbertr\u00e4gt die Verantwortung auf unsere Kinder und Enkelkinder. Wir wollen nicht nur mehr besteuert werden, sondern wir glauben, dass wir mehr besteuert werden m\u00fcssen. Wir w\u00e4ren stolz darauf, in L\u00e4ndern leben d\u00fcrfen, in denen dies von uns erwartet wird, und w\u00e4ren stolz auf gew\u00e4hlte Vertreter zu haben, die f\u00fcr eine bessere Zukunft k\u00e4mpfen. Als die wohlhabendsten Mitglieder der Gesellschaft w\u00e4ren wir stolz darauf:<\/p>\n<ul>\n<li aria-level=\"1\">Mehr zu zahlen, um extreme Ungleichheit zu bek\u00e4mpfen.<\/li>\n<li aria-level=\"1\">Mehr zu zahlen, um die Lebenshaltungskosten f\u00fcr arbeitende Menschen zu senken.<\/li>\n<li aria-level=\"1\">Mehr zu zahlen, um der n\u00e4chsten Generation eine bessere Bildung zu bieten.<\/li>\n<li aria-level=\"1\">Mehr zu zahlen, um starken und stabiles Gesundheitssysteme zu finanzieren.<\/li>\n<li aria-level=\"1\">Mehr zu zahlen, um bessere Infrastruktur zu schaffen.<\/li>\n<li aria-level=\"1\">Mehr zu zahlen, um den \u00dcbergang zur Nachhaltigkeit zu unterst\u00fctzen.<\/li>\n<li aria-level=\"1\">Mehr Steuern auf unseren extremen Reichtum zu zahlen.<\/li>\n<\/ul>\n<p>Der Wert gerechterer Steuersysteme sollte offensichtlich sein. Wir alle wissen, dass die \u201eTrickle-Down-Wirtschaft\u201c in der Realit\u00e4t nicht funktioniert. Stattdessen hat sie uns stagnierende L\u00f6hne, verfallende Infrastruktur, schlechte \u00f6ffentliche Dienstleistungen und die Destabilisierung der Institution der Demokratie beschert. Sie hat ein besch\u00e4mendes Wirtschaftssystem geschaffen, das nicht in der Lage ist, eine bessere und nachhaltigere Zukunft zu bieten. Diese Herausforderungen werden sich nur verschlimmern, wenn ihr die extreme Ungleichheit beim Reichtum nicht adressieren.<\/p>\n<blockquote><p><em>Der wahre Wert einer Gesellschaft sieht man nicht nur daran, wie sie ihre Schw\u00e4chsten behandelt, sondern auch daran, was sie von ihren wohlhabendsten Mitgliedern verlangt. Unsere Zukunft ist entweder von Steuerstolz oder wirtschaftlicher Schande gepr\u00e4gt. Das ist die Wahl.<\/em><\/p><\/blockquote>\n<p>Wir bitten Sie, diesen notwendigen und unvermeidlichen Schritt zu unternehmen, bevor es zu sp\u00e4t ist. Macht eure L\u00e4nder stolz. Besteuerung des extremen Reichtums.<\/p>\n<p>Hochachtungsvoll,<\/p>\n<p>Die Unterzeichnenden<\/p>\n","protected":false},"excerpt":{"rendered":"<p>Mehr als\u00a0250 Milliard\u00e4r:innen und Million\u00e4r:innen fordern in einem offenen Brief an die politische Elite beim Weltwirtschaftsforum in Davos die Einf\u00fchrung von Verm\u00f6genssteuern. Sie wollen, dass die Superreichen Steuern zahlen, um weltweit bessere \u00f6ffentliche Dienstleistungen zu finanzieren.\u00a0 Von Thomas Hackl Den&hellip;<\/p>\n","protected":false},"author":2111,"featured_media":1794671,"comment_status":"closed","ping_status":"closed","sticky":false,"template":"","format":"standard","meta":{"footnotes":""},"categories":[9168,9158],"tags":[12133,87380,87379,43395],"class_list":["post-1794664","post","type-post","status-publish","format-standard","has-post-thumbnail","hentry","category-politik","category-wirtschaft","tag-offener-brief","tag-reichtum","tag-vermoegenssteuer","tag-weltwirtschaftsforum"],"yoast_head":"<!-- This site is optimized with the Yoast SEO plugin v27.1.1 - https:\/\/yoast.com\/product\/yoast-seo-wordpress\/ -->\n<title>Brief an Regierungen: Selbst Superreiche fordern Verm\u00f6genssteuern<\/title>\n<meta name=\"description\" content=\"Mehr als\u00a0250 Milliard\u00e4r:innen und Million\u00e4r:innen fordern in einem offenen Brief an die politische Elite beim Weltwirtschaftsforum in Davos die Einf\u00fchrung\" \/>\n<meta name=\"robots\" content=\"index, follow, max-snippet:-1, max-image-preview:large, max-video-preview:-1\" \/>\n<link rel=\"canonical\" href=\"https:\/\/www.pressenza.com\/de\/2024\/01\/brief-an-regierungen-selbst-superreiche-fordern-vermoegenssteuern\/\" \/>\n<meta property=\"og:locale\" content=\"de_DE\" \/>\n<meta property=\"og:type\" content=\"article\" \/>\n<meta property=\"og:title\" content=\"Brief an Regierungen: Selbst Superreiche fordern Verm\u00f6genssteuern\" \/>\n<meta property=\"og:description\" content=\"Mehr als\u00a0250 Milliard\u00e4r:innen und Million\u00e4r:innen fordern in einem offenen Brief an die politische Elite beim Weltwirtschaftsforum in Davos die Einf\u00fchrung\" \/>\n<meta property=\"og:url\" content=\"https:\/\/www.pressenza.com\/de\/2024\/01\/brief-an-regierungen-selbst-superreiche-fordern-vermoegenssteuern\/\" \/>\n<meta property=\"og:site_name\" content=\"Pressenza\" \/>\n<meta property=\"article:publisher\" content=\"https:\/\/www.facebook.com\/PressenzaItalia\" \/>\n<meta property=\"article:published_time\" content=\"2024-01-22T12:02:39+00:00\" \/>\n<meta property=\"og:image\" content=\"https:\/\/www.pressenza.com\/wp-content\/uploads\/2024\/01\/yacht-5547284_1920.jpg\" \/>\n\t<meta property=\"og:image:width\" content=\"1920\" \/>\n\t<meta property=\"og:image:height\" content=\"1280\" \/>\n\t<meta property=\"og:image:type\" content=\"image\/jpeg\" \/>\n<meta name=\"author\" content=\"KONTRAST.at\" \/>\n<meta name=\"twitter:card\" content=\"summary_large_image\" \/>\n<meta name=\"twitter:creator\" content=\"@PressenzaIPA\" \/>\n<meta name=\"twitter:site\" content=\"@PressenzaIPA\" \/>\n<meta name=\"twitter:label1\" content=\"Verfasst von\" \/>\n\t<meta name=\"twitter:data1\" content=\"KONTRAST.at\" \/>\n\t<meta name=\"twitter:label2\" content=\"Gesch\u00e4tzte Lesezeit\" \/>\n\t<meta name=\"twitter:data2\" content=\"6\u00a0Minuten\" \/>\n<script type=\"application\/ld+json\" class=\"yoast-schema-graph\">{\"@context\":\"https:\/\/schema.org\",\"@graph\":[{\"@type\":\"Article\",\"@id\":\"https:\/\/www.pressenza.com\/de\/2024\/01\/brief-an-regierungen-selbst-superreiche-fordern-vermoegenssteuern\/#article\",\"isPartOf\":{\"@id\":\"https:\/\/www.pressenza.com\/de\/2024\/01\/brief-an-regierungen-selbst-superreiche-fordern-vermoegenssteuern\/\"},\"author\":{\"name\":\"KONTRAST.at\",\"@id\":\"https:\/\/www.pressenza.com\/de\/#\/schema\/person\/db40073e7edb038fc7a1745321dd7a71\"},\"headline\":\"Brief an Regierungen: Selbst Superreiche fordern Verm\u00f6genssteuern\",\"datePublished\":\"2024-01-22T12:02:39+00:00\",\"mainEntityOfPage\":{\"@id\":\"https:\/\/www.pressenza.com\/de\/2024\/01\/brief-an-regierungen-selbst-superreiche-fordern-vermoegenssteuern\/\"},\"wordCount\":1042,\"publisher\":{\"@id\":\"https:\/\/www.pressenza.com\/de\/#organization\"},\"image\":{\"@id\":\"https:\/\/www.pressenza.com\/de\/2024\/01\/brief-an-regierungen-selbst-superreiche-fordern-vermoegenssteuern\/#primaryimage\"},\"thumbnailUrl\":\"https:\/\/www.pressenza.com\/wp-content\/uploads\/2024\/01\/yacht-5547284_1920.jpg\",\"keywords\":[\"offener Brief\",\"Reichtum\",\"Verm\u00f6genssteuer\",\"Weltwirtschaftsforum\"],\"articleSection\":[\"Politik\",\"Wirtschaft\"],\"inLanguage\":\"de\"},{\"@type\":\"WebPage\",\"@id\":\"https:\/\/www.pressenza.com\/de\/2024\/01\/brief-an-regierungen-selbst-superreiche-fordern-vermoegenssteuern\/\",\"url\":\"https:\/\/www.pressenza.com\/de\/2024\/01\/brief-an-regierungen-selbst-superreiche-fordern-vermoegenssteuern\/\",\"name\":\"Brief an Regierungen: Selbst Superreiche fordern Verm\u00f6genssteuern\",\"isPartOf\":{\"@id\":\"https:\/\/www.pressenza.com\/de\/#website\"},\"primaryImageOfPage\":{\"@id\":\"https:\/\/www.pressenza.com\/de\/2024\/01\/brief-an-regierungen-selbst-superreiche-fordern-vermoegenssteuern\/#primaryimage\"},\"image\":{\"@id\":\"https:\/\/www.pressenza.com\/de\/2024\/01\/brief-an-regierungen-selbst-superreiche-fordern-vermoegenssteuern\/#primaryimage\"},\"thumbnailUrl\":\"https:\/\/www.pressenza.com\/wp-content\/uploads\/2024\/01\/yacht-5547284_1920.jpg\",\"datePublished\":\"2024-01-22T12:02:39+00:00\",\"description\":\"Mehr als\u00a0250 Milliard\u00e4r:innen und Million\u00e4r:innen fordern in einem offenen Brief an die politische Elite beim Weltwirtschaftsforum in Davos die Einf\u00fchrung\",\"breadcrumb\":{\"@id\":\"https:\/\/www.pressenza.com\/de\/2024\/01\/brief-an-regierungen-selbst-superreiche-fordern-vermoegenssteuern\/#breadcrumb\"},\"inLanguage\":\"de\",\"potentialAction\":[{\"@type\":\"ReadAction\",\"target\":[\"https:\/\/www.pressenza.com\/de\/2024\/01\/brief-an-regierungen-selbst-superreiche-fordern-vermoegenssteuern\/\"]}]},{\"@type\":\"ImageObject\",\"inLanguage\":\"de\",\"@id\":\"https:\/\/www.pressenza.com\/de\/2024\/01\/brief-an-regierungen-selbst-superreiche-fordern-vermoegenssteuern\/#primaryimage\",\"url\":\"https:\/\/www.pressenza.com\/wp-content\/uploads\/2024\/01\/yacht-5547284_1920.jpg\",\"contentUrl\":\"https:\/\/www.pressenza.com\/wp-content\/uploads\/2024\/01\/yacht-5547284_1920.jpg\",\"width\":1920,\"height\":1280},{\"@type\":\"BreadcrumbList\",\"@id\":\"https:\/\/www.pressenza.com\/de\/2024\/01\/brief-an-regierungen-selbst-superreiche-fordern-vermoegenssteuern\/#breadcrumb\",\"itemListElement\":[{\"@type\":\"ListItem\",\"position\":1,\"name\":\"Accueil\",\"item\":\"https:\/\/www.pressenza.com\/de\/\"},{\"@type\":\"ListItem\",\"position\":2,\"name\":\"Brief an Regierungen: Selbst Superreiche fordern Verm\u00f6genssteuern\"}]},{\"@type\":\"WebSite\",\"@id\":\"https:\/\/www.pressenza.com\/de\/#website\",\"url\":\"https:\/\/www.pressenza.com\/de\/\",\"name\":\"Pressenza\",\"description\":\"International Press Agency\",\"publisher\":{\"@id\":\"https:\/\/www.pressenza.com\/de\/#organization\"},\"potentialAction\":[{\"@type\":\"SearchAction\",\"target\":{\"@type\":\"EntryPoint\",\"urlTemplate\":\"https:\/\/www.pressenza.com\/de\/?s={search_term_string}\"},\"query-input\":{\"@type\":\"PropertyValueSpecification\",\"valueRequired\":true,\"valueName\":\"search_term_string\"}}],\"inLanguage\":\"de\"},{\"@type\":\"Organization\",\"@id\":\"https:\/\/www.pressenza.com\/de\/#organization\",\"name\":\"Pressenza\",\"url\":\"https:\/\/www.pressenza.com\/de\/\",\"logo\":{\"@type\":\"ImageObject\",\"inLanguage\":\"de\",\"@id\":\"https:\/\/www.pressenza.com\/de\/#\/schema\/logo\/image\/\",\"url\":\"https:\/\/www.pressenza.com\/wp-content\/uploads\/2022\/10\/pressenza_logo_200x200.jpg\",\"contentUrl\":\"https:\/\/www.pressenza.com\/wp-content\/uploads\/2022\/10\/pressenza_logo_200x200.jpg\",\"width\":200,\"height\":200,\"caption\":\"Pressenza\"},\"image\":{\"@id\":\"https:\/\/www.pressenza.com\/de\/#\/schema\/logo\/image\/\"},\"sameAs\":[\"https:\/\/www.facebook.com\/PressenzaItalia\",\"https:\/\/x.com\/PressenzaIPA\"]},{\"@type\":\"Person\",\"@id\":\"https:\/\/www.pressenza.com\/de\/#\/schema\/person\/db40073e7edb038fc7a1745321dd7a71\",\"name\":\"KONTRAST.at\",\"description\":\"Das sozialdemokratische Magazin Kontrast.at begleitet mit seinen Beitr\u00e4gen die aktuelle Politik. Wir betrachten Gesellschaft, Staat und Wirtschaft von einem progressiven, emanzipatorischen Standpunkt aus. Kontrast wirft den Blick der sozialen Gerechtigkeit auf die Welt. Wir informieren uns bei ExpertInnen und BloggerInnen, durchforsten internationale Beitr\u00e4ge und Studien. Dazu versuchen wir Formen des \u201ekollaborativen Journalismus\u201c zu entwickeln. Nur wenn Alternativen seri\u00f6s diskutiert werden, bleibt der politische Horizont offen und werden Standpunkte reflektiert. Die Inhalte k\u00f6nnen Creative Commons Lizenz CC BY-SA 4.0 \u00fcbernommen werden. Bitte ein Mail mit dem Link der Ver\u00f6ffentlichung an redaktion@kontrast.at\",\"url\":\"https:\/\/www.pressenza.com\/de\/author\/kontrast-at\/\"}]}<\/script>\n<!-- \/ Yoast SEO plugin. -->","yoast_head_json":{"title":"Brief an Regierungen: Selbst Superreiche fordern Verm\u00f6genssteuern","description":"Mehr als\u00a0250 Milliard\u00e4r:innen und Million\u00e4r:innen fordern in einem offenen Brief an die politische Elite beim Weltwirtschaftsforum in Davos die Einf\u00fchrung","robots":{"index":"index","follow":"follow","max-snippet":"max-snippet:-1","max-image-preview":"max-image-preview:large","max-video-preview":"max-video-preview:-1"},"canonical":"https:\/\/www.pressenza.com\/de\/2024\/01\/brief-an-regierungen-selbst-superreiche-fordern-vermoegenssteuern\/","og_locale":"de_DE","og_type":"article","og_title":"Brief an Regierungen: Selbst Superreiche fordern Verm\u00f6genssteuern","og_description":"Mehr als\u00a0250 Milliard\u00e4r:innen und Million\u00e4r:innen fordern in einem offenen Brief an die politische Elite beim Weltwirtschaftsforum in Davos die Einf\u00fchrung","og_url":"https:\/\/www.pressenza.com\/de\/2024\/01\/brief-an-regierungen-selbst-superreiche-fordern-vermoegenssteuern\/","og_site_name":"Pressenza","article_publisher":"https:\/\/www.facebook.com\/PressenzaItalia","article_published_time":"2024-01-22T12:02:39+00:00","og_image":[{"width":1920,"height":1280,"url":"https:\/\/www.pressenza.com\/wp-content\/uploads\/2024\/01\/yacht-5547284_1920.jpg","type":"image\/jpeg"}],"author":"KONTRAST.at","twitter_card":"summary_large_image","twitter_creator":"@PressenzaIPA","twitter_site":"@PressenzaIPA","twitter_misc":{"Verfasst von":"KONTRAST.at","Gesch\u00e4tzte Lesezeit":"6\u00a0Minuten"},"schema":{"@context":"https:\/\/schema.org","@graph":[{"@type":"Article","@id":"https:\/\/www.pressenza.com\/de\/2024\/01\/brief-an-regierungen-selbst-superreiche-fordern-vermoegenssteuern\/#article","isPartOf":{"@id":"https:\/\/www.pressenza.com\/de\/2024\/01\/brief-an-regierungen-selbst-superreiche-fordern-vermoegenssteuern\/"},"author":{"name":"KONTRAST.at","@id":"https:\/\/www.pressenza.com\/de\/#\/schema\/person\/db40073e7edb038fc7a1745321dd7a71"},"headline":"Brief an Regierungen: Selbst Superreiche fordern Verm\u00f6genssteuern","datePublished":"2024-01-22T12:02:39+00:00","mainEntityOfPage":{"@id":"https:\/\/www.pressenza.com\/de\/2024\/01\/brief-an-regierungen-selbst-superreiche-fordern-vermoegenssteuern\/"},"wordCount":1042,"publisher":{"@id":"https:\/\/www.pressenza.com\/de\/#organization"},"image":{"@id":"https:\/\/www.pressenza.com\/de\/2024\/01\/brief-an-regierungen-selbst-superreiche-fordern-vermoegenssteuern\/#primaryimage"},"thumbnailUrl":"https:\/\/www.pressenza.com\/wp-content\/uploads\/2024\/01\/yacht-5547284_1920.jpg","keywords":["offener Brief","Reichtum","Verm\u00f6genssteuer","Weltwirtschaftsforum"],"articleSection":["Politik","Wirtschaft"],"inLanguage":"de"},{"@type":"WebPage","@id":"https:\/\/www.pressenza.com\/de\/2024\/01\/brief-an-regierungen-selbst-superreiche-fordern-vermoegenssteuern\/","url":"https:\/\/www.pressenza.com\/de\/2024\/01\/brief-an-regierungen-selbst-superreiche-fordern-vermoegenssteuern\/","name":"Brief an Regierungen: Selbst Superreiche fordern Verm\u00f6genssteuern","isPartOf":{"@id":"https:\/\/www.pressenza.com\/de\/#website"},"primaryImageOfPage":{"@id":"https:\/\/www.pressenza.com\/de\/2024\/01\/brief-an-regierungen-selbst-superreiche-fordern-vermoegenssteuern\/#primaryimage"},"image":{"@id":"https:\/\/www.pressenza.com\/de\/2024\/01\/brief-an-regierungen-selbst-superreiche-fordern-vermoegenssteuern\/#primaryimage"},"thumbnailUrl":"https:\/\/www.pressenza.com\/wp-content\/uploads\/2024\/01\/yacht-5547284_1920.jpg","datePublished":"2024-01-22T12:02:39+00:00","description":"Mehr als\u00a0250 Milliard\u00e4r:innen und Million\u00e4r:innen fordern in einem offenen Brief an die politische Elite beim Weltwirtschaftsforum in Davos die Einf\u00fchrung","breadcrumb":{"@id":"https:\/\/www.pressenza.com\/de\/2024\/01\/brief-an-regierungen-selbst-superreiche-fordern-vermoegenssteuern\/#breadcrumb"},"inLanguage":"de","potentialAction":[{"@type":"ReadAction","target":["https:\/\/www.pressenza.com\/de\/2024\/01\/brief-an-regierungen-selbst-superreiche-fordern-vermoegenssteuern\/"]}]},{"@type":"ImageObject","inLanguage":"de","@id":"https:\/\/www.pressenza.com\/de\/2024\/01\/brief-an-regierungen-selbst-superreiche-fordern-vermoegenssteuern\/#primaryimage","url":"https:\/\/www.pressenza.com\/wp-content\/uploads\/2024\/01\/yacht-5547284_1920.jpg","contentUrl":"https:\/\/www.pressenza.com\/wp-content\/uploads\/2024\/01\/yacht-5547284_1920.jpg","width":1920,"height":1280},{"@type":"BreadcrumbList","@id":"https:\/\/www.pressenza.com\/de\/2024\/01\/brief-an-regierungen-selbst-superreiche-fordern-vermoegenssteuern\/#breadcrumb","itemListElement":[{"@type":"ListItem","position":1,"name":"Accueil","item":"https:\/\/www.pressenza.com\/de\/"},{"@type":"ListItem","position":2,"name":"Brief an Regierungen: Selbst Superreiche fordern Verm\u00f6genssteuern"}]},{"@type":"WebSite","@id":"https:\/\/www.pressenza.com\/de\/#website","url":"https:\/\/www.pressenza.com\/de\/","name":"Pressenza","description":"International Press Agency","publisher":{"@id":"https:\/\/www.pressenza.com\/de\/#organization"},"potentialAction":[{"@type":"SearchAction","target":{"@type":"EntryPoint","urlTemplate":"https:\/\/www.pressenza.com\/de\/?s={search_term_string}"},"query-input":{"@type":"PropertyValueSpecification","valueRequired":true,"valueName":"search_term_string"}}],"inLanguage":"de"},{"@type":"Organization","@id":"https:\/\/www.pressenza.com\/de\/#organization","name":"Pressenza","url":"https:\/\/www.pressenza.com\/de\/","logo":{"@type":"ImageObject","inLanguage":"de","@id":"https:\/\/www.pressenza.com\/de\/#\/schema\/logo\/image\/","url":"https:\/\/www.pressenza.com\/wp-content\/uploads\/2022\/10\/pressenza_logo_200x200.jpg","contentUrl":"https:\/\/www.pressenza.com\/wp-content\/uploads\/2022\/10\/pressenza_logo_200x200.jpg","width":200,"height":200,"caption":"Pressenza"},"image":{"@id":"https:\/\/www.pressenza.com\/de\/#\/schema\/logo\/image\/"},"sameAs":["https:\/\/www.facebook.com\/PressenzaItalia","https:\/\/x.com\/PressenzaIPA"]},{"@type":"Person","@id":"https:\/\/www.pressenza.com\/de\/#\/schema\/person\/db40073e7edb038fc7a1745321dd7a71","name":"KONTRAST.at","description":"Das sozialdemokratische Magazin Kontrast.at begleitet mit seinen Beitr\u00e4gen die aktuelle Politik. Wir betrachten Gesellschaft, Staat und Wirtschaft von einem progressiven, emanzipatorischen Standpunkt aus. Kontrast wirft den Blick der sozialen Gerechtigkeit auf die Welt. Wir informieren uns bei ExpertInnen und BloggerInnen, durchforsten internationale Beitr\u00e4ge und Studien. Dazu versuchen wir Formen des \u201ekollaborativen Journalismus\u201c zu entwickeln. Nur wenn Alternativen seri\u00f6s diskutiert werden, bleibt der politische Horizont offen und werden Standpunkte reflektiert. Die Inhalte k\u00f6nnen Creative Commons Lizenz CC BY-SA 4.0 \u00fcbernommen werden. Bitte ein Mail mit dem Link der Ver\u00f6ffentlichung an redaktion@kontrast.at","url":"https:\/\/www.pressenza.com\/de\/author\/kontrast-at\/"}]}},"place":"","original_article_url":"https:\/\/kontrast.at\/reiche-fuer-reichensteuer-offener-brief\/","_links":{"self":[{"href":"https:\/\/www.pressenza.com\/de\/wp-json\/wp\/v2\/posts\/1794664","targetHints":{"allow":["GET"]}}],"collection":[{"href":"https:\/\/www.pressenza.com\/de\/wp-json\/wp\/v2\/posts"}],"about":[{"href":"https:\/\/www.pressenza.com\/de\/wp-json\/wp\/v2\/types\/post"}],"author":[{"embeddable":true,"href":"https:\/\/www.pressenza.com\/de\/wp-json\/wp\/v2\/users\/2111"}],"replies":[{"embeddable":true,"href":"https:\/\/www.pressenza.com\/de\/wp-json\/wp\/v2\/comments?post=1794664"}],"version-history":[{"count":0,"href":"https:\/\/www.pressenza.com\/de\/wp-json\/wp\/v2\/posts\/1794664\/revisions"}],"wp:featuredmedia":[{"embeddable":true,"href":"https:\/\/www.pressenza.com\/de\/wp-json\/wp\/v2\/media\/1794671"}],"wp:attachment":[{"href":"https:\/\/www.pressenza.com\/de\/wp-json\/wp\/v2\/media?parent=1794664"}],"wp:term":[{"taxonomy":"category","embeddable":true,"href":"https:\/\/www.pressenza.com\/de\/wp-json\/wp\/v2\/categories?post=1794664"},{"taxonomy":"post_tag","embeddable":true,"href":"https:\/\/www.pressenza.com\/de\/wp-json\/wp\/v2\/tags?post=1794664"}],"curies":[{"name":"wp","href":"https:\/\/api.w.org\/{rel}","templated":true}]}}