{"id":1789871,"date":"2023-12-26T11:38:15","date_gmt":"2023-12-26T11:38:15","guid":{"rendered":"https:\/\/www.pressenza.com\/?p=1789871"},"modified":"2023-12-26T11:38:55","modified_gmt":"2023-12-26T11:38:55","slug":"bethlehem-weihnachtsmarsch-fuer-den-frieden-in-gaza","status":"publish","type":"post","link":"https:\/\/www.pressenza.com\/de\/2023\/12\/bethlehem-weihnachtsmarsch-fuer-den-frieden-in-gaza\/","title":{"rendered":"Bethlehem: Weihnachtsmarsch f\u00fcr den Frieden in Gaza"},"content":{"rendered":"<p><strong>In Bethlehem fand die von Pfadfindern geleitete Kundgebung &#8222;Gaza ist in unseren Herzen&#8220; trotz starken Regens am Vormittag auf dem Krippenplatz statt und wurde von der B\u00fcrgermeisterin von Bethlehem, Hanna Hanania, und der Ministerin f\u00fcr Tourismus und Altert\u00fcmer, Rula Maaya, begr\u00fc\u00dft.<\/strong><\/p>\n<p>Um Mitternacht wurde ein Gebetsgottesdienst in der Geburtskirche abgehalten. Ein trauriges Gebet, das den M\u00e4rtyrern von Gaza gewidmet war. Auf dem leeren Platz gegen\u00fcber rief der Pfarrer in Anwesenheit des Patriarchen von Jerusalem zu einem Waffenstillstand und einem Ende des V\u00f6lkermords auf.<\/p>\n<p>Es gab keinen Weihnachtsbaum, sondern eine Installation des pal\u00e4stinensischen K\u00fcnstlers Tariq Salsa, die eine graue Metallkarte des Gazastreifens mit einem sternf\u00f6rmigen Ausschnitt und einer schwarz gekleideten Madonna zeigte, die den K\u00f6rper eines toten Kindes hielt. Der sternf\u00f6rmige Ausschnitt ist ein Zeichen der Hoffnung, das unsere zuk\u00fcnftigen Tage erhellt&#8220;, erkl\u00e4rte der K\u00fcnstler.<\/p>\n<p>Die Christen im Westjordanland hatten zuvor beschlossen, die Weihnachtsfeiern wegen des andauernden Krieges im Gazastreifen ausfallen zu lassen, w\u00e4hrend verschiedene christliche Gruppen einen Waffenstillstand und Frieden f\u00fcr den Gazastreifen und seine Bev\u00f6lkerung gefordert haben.<\/p>\n<p><em><strong>Die \u00dcbersetzung aus dem Spanischen von Reto Thumiger vom ehrenamtlichen Pressenza-\u00dcbersetzungsteam erstellt. <a href=\"https:\/\/www.pressenza.com\/de\/mitarbeiten\/\" target=\"_blank\" rel=\"noopener\">Wir suchen Freiwillige!\u00a0<\/a><\/strong><\/em><\/p>\n<hr \/>\n<p>Quellen:<\/p>\n<p><a href=\"https:\/\/www.vaticannews.va\/it\/mondo\/news\/2023-12\/medio-oriente-guerra-israele-hamas-palestina-egitto-tregua-pace.html\">https:\/\/www.vaticannews.va\/it\/mondo\/news\/2023-12\/medio-oriente-guerra-israele-hamas-palestina-egitto-tregua-pace.html<\/a><br \/>\n<a href=\"https:\/\/www.anbamed.it\/2023\/12\/25\/anbamed1245-25-dicembre-23\/\">https:\/\/www.anbamed.it\/2023\/12\/25\/anbamed1245-25-dicembre-23\/<\/a><\/p>\n","protected":false},"excerpt":{"rendered":"<p>In Bethlehem fand die von Pfadfindern geleitete Kundgebung &#8222;Gaza ist in unseren Herzen&#8220; trotz starken Regens am Vormittag auf dem Krippenplatz statt und wurde von der B\u00fcrgermeisterin von Bethlehem, Hanna Hanania, und der Ministerin f\u00fcr Tourismus und Altert\u00fcmer, Rula Maaya,&hellip;<\/p>\n","protected":false},"author":594,"featured_media":1789872,"comment_status":"closed","ping_status":"closed","sticky":false,"template":"","format":"standard","meta":{"footnotes":""},"categories":[9167,9151,11387],"tags":[118875,11640,118874,33658,11641,11458],"class_list":["post-1789871","post","type-post","status-publish","format-standard","has-post-thumbnail","hentry","category-frieden-und-abruestung","category-mittlerer-osten","category-originalinhalt","tag-bethlehem-de","tag-gaza-de","tag-heiligabend","tag-israelisch-palaestinensischer-konflikt","tag-nahostkonflikt","tag-palastina"],"yoast_head":"<!-- This site is optimized with the Yoast SEO plugin v27.1.1 - https:\/\/yoast.com\/product\/yoast-seo-wordpress\/ -->\n<title>Bethlehem: Weihnachtsmarsch f\u00fcr den Frieden in Gaza<\/title>\n<meta name=\"description\" content=\"In Bethlehem fand die von Pfadfindern geleitete Kundgebung &quot;Gaza ist in unseren Herzen&quot; trotz starken Regens am Vormittag auf dem Krippenplatz statt und\" \/>\n<meta name=\"robots\" content=\"index, follow, max-snippet:-1, max-image-preview:large, max-video-preview:-1\" \/>\n<link rel=\"canonical\" href=\"https:\/\/www.pressenza.com\/de\/2023\/12\/bethlehem-weihnachtsmarsch-fuer-den-frieden-in-gaza\/\" \/>\n<meta property=\"og:locale\" content=\"de_DE\" \/>\n<meta property=\"og:type\" content=\"article\" \/>\n<meta property=\"og:title\" content=\"Bethlehem: Weihnachtsmarsch f\u00fcr den Frieden in Gaza\" \/>\n<meta property=\"og:description\" content=\"In Bethlehem fand die von Pfadfindern geleitete Kundgebung &quot;Gaza ist in unseren Herzen&quot; trotz starken Regens am Vormittag auf dem Krippenplatz statt und\" \/>\n<meta property=\"og:url\" content=\"https:\/\/www.pressenza.com\/de\/2023\/12\/bethlehem-weihnachtsmarsch-fuer-den-frieden-in-gaza\/\" \/>\n<meta property=\"og:site_name\" content=\"Pressenza\" \/>\n<meta property=\"article:publisher\" content=\"https:\/\/www.facebook.com\/PressenzaItalia\" \/>\n<meta property=\"article:author\" content=\"https:\/\/www.facebook.com\/PressenzaItalia\" \/>\n<meta property=\"article:published_time\" content=\"2023-12-26T11:38:15+00:00\" \/>\n<meta property=\"article:modified_time\" content=\"2023-12-26T11:38:55+00:00\" \/>\n<meta property=\"og:image\" content=\"https:\/\/www.pressenza.com\/wp-content\/uploads\/2023\/12\/Betlemme-scout-Vatican-News.jpeg\" \/>\n\t<meta property=\"og:image:width\" content=\"1500\" \/>\n\t<meta property=\"og:image:height\" content=\"844\" \/>\n\t<meta property=\"og:image:type\" content=\"image\/jpeg\" \/>\n<meta name=\"author\" content=\"Redazione Italia\" \/>\n<meta name=\"twitter:card\" content=\"summary_large_image\" \/>\n<meta name=\"twitter:creator\" content=\"@pressenza_it\" \/>\n<meta name=\"twitter:site\" content=\"@PressenzaIPA\" \/>\n<meta name=\"twitter:label1\" content=\"Verfasst von\" \/>\n\t<meta name=\"twitter:data1\" content=\"Redazione Italia\" \/>\n\t<meta name=\"twitter:label2\" content=\"Gesch\u00e4tzte Lesezeit\" \/>\n\t<meta name=\"twitter:data2\" content=\"2\u00a0Minuten\" \/>\n<script type=\"application\/ld+json\" class=\"yoast-schema-graph\">{\"@context\":\"https:\/\/schema.org\",\"@graph\":[{\"@type\":\"Article\",\"@id\":\"https:\/\/www.pressenza.com\/de\/2023\/12\/bethlehem-weihnachtsmarsch-fuer-den-frieden-in-gaza\/#article\",\"isPartOf\":{\"@id\":\"https:\/\/www.pressenza.com\/de\/2023\/12\/bethlehem-weihnachtsmarsch-fuer-den-frieden-in-gaza\/\"},\"author\":{\"name\":\"Redazione Italia\",\"@id\":\"https:\/\/www.pressenza.com\/de\/#\/schema\/person\/d983e81827ae24f2c7b1a2123d197f8d\"},\"headline\":\"Bethlehem: Weihnachtsmarsch f\u00fcr den Frieden in Gaza\",\"datePublished\":\"2023-12-26T11:38:15+00:00\",\"dateModified\":\"2023-12-26T11:38:55+00:00\",\"mainEntityOfPage\":{\"@id\":\"https:\/\/www.pressenza.com\/de\/2023\/12\/bethlehem-weihnachtsmarsch-fuer-den-frieden-in-gaza\/\"},\"wordCount\":228,\"publisher\":{\"@id\":\"https:\/\/www.pressenza.com\/de\/#organization\"},\"image\":{\"@id\":\"https:\/\/www.pressenza.com\/de\/2023\/12\/bethlehem-weihnachtsmarsch-fuer-den-frieden-in-gaza\/#primaryimage\"},\"thumbnailUrl\":\"https:\/\/www.pressenza.com\/wp-content\/uploads\/2023\/12\/Betlemme-scout-Vatican-News-e1774097032895.jpeg\",\"keywords\":[\"Bethlehem\",\"Gaza\",\"Heiligabend\",\"israelisch-pal\u00e4stinensischer Konflikt\",\"Nahostkonflikt\",\"Pal\u00e4stina\"],\"articleSection\":[\"Frieden und Abr\u00fcstung\",\"Mittlerer Osten\",\"Originalinhalt\"],\"inLanguage\":\"de\"},{\"@type\":\"WebPage\",\"@id\":\"https:\/\/www.pressenza.com\/de\/2023\/12\/bethlehem-weihnachtsmarsch-fuer-den-frieden-in-gaza\/\",\"url\":\"https:\/\/www.pressenza.com\/de\/2023\/12\/bethlehem-weihnachtsmarsch-fuer-den-frieden-in-gaza\/\",\"name\":\"Bethlehem: Weihnachtsmarsch f\u00fcr den Frieden in Gaza\",\"isPartOf\":{\"@id\":\"https:\/\/www.pressenza.com\/de\/#website\"},\"primaryImageOfPage\":{\"@id\":\"https:\/\/www.pressenza.com\/de\/2023\/12\/bethlehem-weihnachtsmarsch-fuer-den-frieden-in-gaza\/#primaryimage\"},\"image\":{\"@id\":\"https:\/\/www.pressenza.com\/de\/2023\/12\/bethlehem-weihnachtsmarsch-fuer-den-frieden-in-gaza\/#primaryimage\"},\"thumbnailUrl\":\"https:\/\/www.pressenza.com\/wp-content\/uploads\/2023\/12\/Betlemme-scout-Vatican-News-e1774097032895.jpeg\",\"datePublished\":\"2023-12-26T11:38:15+00:00\",\"dateModified\":\"2023-12-26T11:38:55+00:00\",\"description\":\"In Bethlehem fand die von Pfadfindern geleitete Kundgebung \\\"Gaza ist in unseren Herzen\\\" trotz starken Regens am Vormittag auf dem Krippenplatz statt und\",\"breadcrumb\":{\"@id\":\"https:\/\/www.pressenza.com\/de\/2023\/12\/bethlehem-weihnachtsmarsch-fuer-den-frieden-in-gaza\/#breadcrumb\"},\"inLanguage\":\"de\",\"potentialAction\":[{\"@type\":\"ReadAction\",\"target\":[\"https:\/\/www.pressenza.com\/de\/2023\/12\/bethlehem-weihnachtsmarsch-fuer-den-frieden-in-gaza\/\"]}]},{\"@type\":\"ImageObject\",\"inLanguage\":\"de\",\"@id\":\"https:\/\/www.pressenza.com\/de\/2023\/12\/bethlehem-weihnachtsmarsch-fuer-den-frieden-in-gaza\/#primaryimage\",\"url\":\"https:\/\/www.pressenza.com\/wp-content\/uploads\/2023\/12\/Betlemme-scout-Vatican-News-e1774097032895.jpeg\",\"contentUrl\":\"https:\/\/www.pressenza.com\/wp-content\/uploads\/2023\/12\/Betlemme-scout-Vatican-News-e1774097032895.jpeg\",\"width\":1500,\"height\":844,\"caption\":\"Betlemme\"},{\"@type\":\"BreadcrumbList\",\"@id\":\"https:\/\/www.pressenza.com\/de\/2023\/12\/bethlehem-weihnachtsmarsch-fuer-den-frieden-in-gaza\/#breadcrumb\",\"itemListElement\":[{\"@type\":\"ListItem\",\"position\":1,\"name\":\"Accueil\",\"item\":\"https:\/\/www.pressenza.com\/de\/\"},{\"@type\":\"ListItem\",\"position\":2,\"name\":\"Bethlehem: Weihnachtsmarsch f\u00fcr den Frieden in Gaza\"}]},{\"@type\":\"WebSite\",\"@id\":\"https:\/\/www.pressenza.com\/de\/#website\",\"url\":\"https:\/\/www.pressenza.com\/de\/\",\"name\":\"Pressenza\",\"description\":\"International Press Agency\",\"publisher\":{\"@id\":\"https:\/\/www.pressenza.com\/de\/#organization\"},\"potentialAction\":[{\"@type\":\"SearchAction\",\"target\":{\"@type\":\"EntryPoint\",\"urlTemplate\":\"https:\/\/www.pressenza.com\/de\/?s={search_term_string}\"},\"query-input\":{\"@type\":\"PropertyValueSpecification\",\"valueRequired\":true,\"valueName\":\"search_term_string\"}}],\"inLanguage\":\"de\"},{\"@type\":\"Organization\",\"@id\":\"https:\/\/www.pressenza.com\/de\/#organization\",\"name\":\"Pressenza\",\"url\":\"https:\/\/www.pressenza.com\/de\/\",\"logo\":{\"@type\":\"ImageObject\",\"inLanguage\":\"de\",\"@id\":\"https:\/\/www.pressenza.com\/de\/#\/schema\/logo\/image\/\",\"url\":\"https:\/\/www.pressenza.com\/wp-content\/uploads\/2022\/10\/pressenza_logo_200x200.jpg\",\"contentUrl\":\"https:\/\/www.pressenza.com\/wp-content\/uploads\/2022\/10\/pressenza_logo_200x200.jpg\",\"width\":200,\"height\":200,\"caption\":\"Pressenza\"},\"image\":{\"@id\":\"https:\/\/www.pressenza.com\/de\/#\/schema\/logo\/image\/\"},\"sameAs\":[\"https:\/\/www.facebook.com\/PressenzaItalia\",\"https:\/\/x.com\/PressenzaIPA\"]},{\"@type\":\"Person\",\"@id\":\"https:\/\/www.pressenza.com\/de\/#\/schema\/person\/d983e81827ae24f2c7b1a2123d197f8d\",\"name\":\"Redazione Italia\",\"description\":\"News from the Pressenza Bureau in Italy\",\"sameAs\":[\"https:\/\/www.pressenza.com\/it\/author\/redazione-italia\/\",\"https:\/\/www.facebook.com\/PressenzaItalia\",\"https:\/\/www.instagram.com\/pressenza_italia\/\",\"https:\/\/x.com\/pressenza_it\",\"https:\/\/www.youtube.com\/channel\/UCSalEIWjE1RSxkwjfftFuqg\"],\"url\":\"https:\/\/www.pressenza.com\/de\/author\/redazione-italia\/\"}]}<\/script>\n<!-- \/ Yoast SEO plugin. -->","yoast_head_json":{"title":"Bethlehem: Weihnachtsmarsch f\u00fcr den Frieden in Gaza","description":"In Bethlehem fand die von Pfadfindern geleitete Kundgebung \"Gaza ist in unseren Herzen\" trotz starken Regens am Vormittag auf dem Krippenplatz statt und","robots":{"index":"index","follow":"follow","max-snippet":"max-snippet:-1","max-image-preview":"max-image-preview:large","max-video-preview":"max-video-preview:-1"},"canonical":"https:\/\/www.pressenza.com\/de\/2023\/12\/bethlehem-weihnachtsmarsch-fuer-den-frieden-in-gaza\/","og_locale":"de_DE","og_type":"article","og_title":"Bethlehem: Weihnachtsmarsch f\u00fcr den Frieden in Gaza","og_description":"In Bethlehem fand die von Pfadfindern geleitete Kundgebung \"Gaza ist in unseren Herzen\" trotz starken Regens am Vormittag auf dem Krippenplatz statt und","og_url":"https:\/\/www.pressenza.com\/de\/2023\/12\/bethlehem-weihnachtsmarsch-fuer-den-frieden-in-gaza\/","og_site_name":"Pressenza","article_publisher":"https:\/\/www.facebook.com\/PressenzaItalia","article_author":"https:\/\/www.facebook.com\/PressenzaItalia","article_published_time":"2023-12-26T11:38:15+00:00","article_modified_time":"2023-12-26T11:38:55+00:00","og_image":[{"width":1500,"height":844,"url":"https:\/\/www.pressenza.com\/wp-content\/uploads\/2023\/12\/Betlemme-scout-Vatican-News.jpeg","type":"image\/jpeg"}],"author":"Redazione Italia","twitter_card":"summary_large_image","twitter_creator":"@pressenza_it","twitter_site":"@PressenzaIPA","twitter_misc":{"Verfasst von":"Redazione Italia","Gesch\u00e4tzte Lesezeit":"2\u00a0Minuten"},"schema":{"@context":"https:\/\/schema.org","@graph":[{"@type":"Article","@id":"https:\/\/www.pressenza.com\/de\/2023\/12\/bethlehem-weihnachtsmarsch-fuer-den-frieden-in-gaza\/#article","isPartOf":{"@id":"https:\/\/www.pressenza.com\/de\/2023\/12\/bethlehem-weihnachtsmarsch-fuer-den-frieden-in-gaza\/"},"author":{"name":"Redazione Italia","@id":"https:\/\/www.pressenza.com\/de\/#\/schema\/person\/d983e81827ae24f2c7b1a2123d197f8d"},"headline":"Bethlehem: Weihnachtsmarsch f\u00fcr den Frieden in Gaza","datePublished":"2023-12-26T11:38:15+00:00","dateModified":"2023-12-26T11:38:55+00:00","mainEntityOfPage":{"@id":"https:\/\/www.pressenza.com\/de\/2023\/12\/bethlehem-weihnachtsmarsch-fuer-den-frieden-in-gaza\/"},"wordCount":228,"publisher":{"@id":"https:\/\/www.pressenza.com\/de\/#organization"},"image":{"@id":"https:\/\/www.pressenza.com\/de\/2023\/12\/bethlehem-weihnachtsmarsch-fuer-den-frieden-in-gaza\/#primaryimage"},"thumbnailUrl":"https:\/\/www.pressenza.com\/wp-content\/uploads\/2023\/12\/Betlemme-scout-Vatican-News-e1774097032895.jpeg","keywords":["Bethlehem","Gaza","Heiligabend","israelisch-pal\u00e4stinensischer Konflikt","Nahostkonflikt","Pal\u00e4stina"],"articleSection":["Frieden und Abr\u00fcstung","Mittlerer Osten","Originalinhalt"],"inLanguage":"de"},{"@type":"WebPage","@id":"https:\/\/www.pressenza.com\/de\/2023\/12\/bethlehem-weihnachtsmarsch-fuer-den-frieden-in-gaza\/","url":"https:\/\/www.pressenza.com\/de\/2023\/12\/bethlehem-weihnachtsmarsch-fuer-den-frieden-in-gaza\/","name":"Bethlehem: Weihnachtsmarsch f\u00fcr den Frieden in Gaza","isPartOf":{"@id":"https:\/\/www.pressenza.com\/de\/#website"},"primaryImageOfPage":{"@id":"https:\/\/www.pressenza.com\/de\/2023\/12\/bethlehem-weihnachtsmarsch-fuer-den-frieden-in-gaza\/#primaryimage"},"image":{"@id":"https:\/\/www.pressenza.com\/de\/2023\/12\/bethlehem-weihnachtsmarsch-fuer-den-frieden-in-gaza\/#primaryimage"},"thumbnailUrl":"https:\/\/www.pressenza.com\/wp-content\/uploads\/2023\/12\/Betlemme-scout-Vatican-News-e1774097032895.jpeg","datePublished":"2023-12-26T11:38:15+00:00","dateModified":"2023-12-26T11:38:55+00:00","description":"In Bethlehem fand die von Pfadfindern geleitete Kundgebung \"Gaza ist in unseren Herzen\" trotz starken Regens am Vormittag auf dem Krippenplatz statt und","breadcrumb":{"@id":"https:\/\/www.pressenza.com\/de\/2023\/12\/bethlehem-weihnachtsmarsch-fuer-den-frieden-in-gaza\/#breadcrumb"},"inLanguage":"de","potentialAction":[{"@type":"ReadAction","target":["https:\/\/www.pressenza.com\/de\/2023\/12\/bethlehem-weihnachtsmarsch-fuer-den-frieden-in-gaza\/"]}]},{"@type":"ImageObject","inLanguage":"de","@id":"https:\/\/www.pressenza.com\/de\/2023\/12\/bethlehem-weihnachtsmarsch-fuer-den-frieden-in-gaza\/#primaryimage","url":"https:\/\/www.pressenza.com\/wp-content\/uploads\/2023\/12\/Betlemme-scout-Vatican-News-e1774097032895.jpeg","contentUrl":"https:\/\/www.pressenza.com\/wp-content\/uploads\/2023\/12\/Betlemme-scout-Vatican-News-e1774097032895.jpeg","width":1500,"height":844,"caption":"Betlemme"},{"@type":"BreadcrumbList","@id":"https:\/\/www.pressenza.com\/de\/2023\/12\/bethlehem-weihnachtsmarsch-fuer-den-frieden-in-gaza\/#breadcrumb","itemListElement":[{"@type":"ListItem","position":1,"name":"Accueil","item":"https:\/\/www.pressenza.com\/de\/"},{"@type":"ListItem","position":2,"name":"Bethlehem: Weihnachtsmarsch f\u00fcr den Frieden in Gaza"}]},{"@type":"WebSite","@id":"https:\/\/www.pressenza.com\/de\/#website","url":"https:\/\/www.pressenza.com\/de\/","name":"Pressenza","description":"International Press Agency","publisher":{"@id":"https:\/\/www.pressenza.com\/de\/#organization"},"potentialAction":[{"@type":"SearchAction","target":{"@type":"EntryPoint","urlTemplate":"https:\/\/www.pressenza.com\/de\/?s={search_term_string}"},"query-input":{"@type":"PropertyValueSpecification","valueRequired":true,"valueName":"search_term_string"}}],"inLanguage":"de"},{"@type":"Organization","@id":"https:\/\/www.pressenza.com\/de\/#organization","name":"Pressenza","url":"https:\/\/www.pressenza.com\/de\/","logo":{"@type":"ImageObject","inLanguage":"de","@id":"https:\/\/www.pressenza.com\/de\/#\/schema\/logo\/image\/","url":"https:\/\/www.pressenza.com\/wp-content\/uploads\/2022\/10\/pressenza_logo_200x200.jpg","contentUrl":"https:\/\/www.pressenza.com\/wp-content\/uploads\/2022\/10\/pressenza_logo_200x200.jpg","width":200,"height":200,"caption":"Pressenza"},"image":{"@id":"https:\/\/www.pressenza.com\/de\/#\/schema\/logo\/image\/"},"sameAs":["https:\/\/www.facebook.com\/PressenzaItalia","https:\/\/x.com\/PressenzaIPA"]},{"@type":"Person","@id":"https:\/\/www.pressenza.com\/de\/#\/schema\/person\/d983e81827ae24f2c7b1a2123d197f8d","name":"Redazione Italia","description":"News from the Pressenza Bureau in Italy","sameAs":["https:\/\/www.pressenza.com\/it\/author\/redazione-italia\/","https:\/\/www.facebook.com\/PressenzaItalia","https:\/\/www.instagram.com\/pressenza_italia\/","https:\/\/x.com\/pressenza_it","https:\/\/www.youtube.com\/channel\/UCSalEIWjE1RSxkwjfftFuqg"],"url":"https:\/\/www.pressenza.com\/de\/author\/redazione-italia\/"}]}},"place":"","original_article_url":"","_links":{"self":[{"href":"https:\/\/www.pressenza.com\/de\/wp-json\/wp\/v2\/posts\/1789871","targetHints":{"allow":["GET"]}}],"collection":[{"href":"https:\/\/www.pressenza.com\/de\/wp-json\/wp\/v2\/posts"}],"about":[{"href":"https:\/\/www.pressenza.com\/de\/wp-json\/wp\/v2\/types\/post"}],"author":[{"embeddable":true,"href":"https:\/\/www.pressenza.com\/de\/wp-json\/wp\/v2\/users\/594"}],"replies":[{"embeddable":true,"href":"https:\/\/www.pressenza.com\/de\/wp-json\/wp\/v2\/comments?post=1789871"}],"version-history":[{"count":0,"href":"https:\/\/www.pressenza.com\/de\/wp-json\/wp\/v2\/posts\/1789871\/revisions"}],"wp:featuredmedia":[{"embeddable":true,"href":"https:\/\/www.pressenza.com\/de\/wp-json\/wp\/v2\/media\/1789872"}],"wp:attachment":[{"href":"https:\/\/www.pressenza.com\/de\/wp-json\/wp\/v2\/media?parent=1789871"}],"wp:term":[{"taxonomy":"category","embeddable":true,"href":"https:\/\/www.pressenza.com\/de\/wp-json\/wp\/v2\/categories?post=1789871"},{"taxonomy":"post_tag","embeddable":true,"href":"https:\/\/www.pressenza.com\/de\/wp-json\/wp\/v2\/tags?post=1789871"}],"curies":[{"name":"wp","href":"https:\/\/api.w.org\/{rel}","templated":true}]}}