{"id":1787884,"date":"2023-12-14T10:46:52","date_gmt":"2023-12-14T10:46:52","guid":{"rendered":"https:\/\/www.pressenza.com\/?p=1787884"},"modified":"2023-12-14T10:46:52","modified_gmt":"2023-12-14T10:46:52","slug":"hebammenwesen-zum-immateriellen-kulturerbe-der-menschheit-erklaert","status":"publish","type":"post","link":"https:\/\/www.pressenza.com\/de\/2023\/12\/hebammenwesen-zum-immateriellen-kulturerbe-der-menschheit-erklaert\/","title":{"rendered":"Hebammenwesen zum Immateriellen Kulturerbe der Menschheit erkl\u00e4rt"},"content":{"rendered":"<p>Die <span class=\"do-not-break\">UNESCO<\/span> hat am 6. Dezember 2023 das Hebammenwesen in die Liste des Immateriellen Kulturerbes der Menschheit aufgenommen. Die UN-Organisation w\u00fcrdigt damit die weltweite kulturelle Vielfalt, die sich in der Praktik widerspiegelt. Das grundlegende Wissen und K\u00f6nnen von Hebammen gleicht sich auf der ganzen der Welt, weist aber je nach Erdteil viele regionale und kulturelle Besonderheiten auf. Das Hebammenwesen wurde von acht Staaten f\u00fcr die UNESCO-Liste nominiert. An dem Antrag beteiligte sich Deutschland gemeinsam mit Kirgisistan, Kolumbien, Luxemburg, Nigeria, Slowenien, Togo und Zypern. Der Zwischenstaatliche Ausschuss zum Immateriellen Kulturerbe tagte noch bis zum 9. Dezember in Kasane, Botswana.<\/p>\n<p>\u201eDas Hebammenwesen ist ein wundervolles Beispiel f\u00fcr die Menschlichkeit unseres Erbes! Es zeigt, wie kulturelle Traditionen unsere Welt einen k\u00f6nnen. Ich gratuliere all den Hebammen, ihren Mitstreiterinnen und Mitstreitern, die so viel Herz, Geduld und Zeit in diese Nominierung investiert haben. Die gemeinsamen Anstrengungen von Menschen aus so unterschiedlichen Weltregionen ist gelebte Vielfalt\u201c, erkl\u00e4rt Kerstin P\u00fcrschel, Deutschlands Botschafterin bei der <span class=\"do-not-break\">UNESCO<\/span>.<\/p>\n<p>Hebammen begleiten werdende M\u00fctter vom Beginn der Schwangerschaft \u00fcber die Geburt bis zum Ende der Stillzeit und unterst\u00fctzen Familien beim \u00dcbergang in einen neuen Lebensabschnitt, wodurch sie einen besonderen Beitrag zur Geschlechtergerechtigkeit leisten. W\u00e4hrend der Schwangerschaft \u00fcbernehmen und veranlassen Hebammen Vorsorgeuntersuchungen, beraten und begleiten bei Beschwerden oder der Wahl des Geburtsorts. Sie nutzen evidenzbasierte Forschung und Intuition ebenso wie empirisches und traditionelles Wissen.<\/p>\n<p>\u201eIn einem sehr innovativen interkontinentalen Antrag haben acht Staaten auf vier Kontinenten \u00fcber Jahre zusammengearbeitet, um zu zeigen, wie essenziell das Hebammenwesen f\u00fcr die Menschheit ist. Diese globale wertvolle T\u00e4tigkeit der Hebammen geht weit \u00fcber die UNESCO-Auszeichnung hinaus. In ihrer allt\u00e4glichen Arbeit leisten Hebammen einen \u00e4u\u00dferst wichtigen Beitrag zu einer menschenw\u00fcrdigen Geburt\u201c, erl\u00e4utert der Vizepr\u00e4sident der Deutschen UNESCO-Kommission Christoph Wulf.<\/p>\n<p>\u00dcberall auf der Welt stehen erfahrene Hebammen Geb\u00e4renden zur Seite. Mit ihrer Arbeit sch\u00fctzen sie grundlegende Menschenrechte, insbesondere von Frauen. Neben ihren medizinischen und anatomischen Kenntnissen st\u00fctzen sich Hebammen auf ihre Sinne: Betrachten, Ber\u00fchren, F\u00fchlen, Riechen. Anhand von Tastbefunden erfassen sie etwa die Gr\u00f6\u00dfe, Lage und Vitalit\u00e4t des Kindes. Mithilfe eines H\u00f6rrohrs k\u00f6nnen sie Herzt\u00f6ne ausmachen. Ihre F\u00e4higkeiten und ihr Wissen wurden \u00fcber Generationen hinweg bewahrt, weiterentwickelt und weitergegeben. In Deutschland ist die Ausbildung heute weitgehend formalisiert. Seit 2020 werden angehende Hebammen in einem dualen Studium ausgebildet.<\/p>\n<p>\u201eDie Geburt z\u00e4hlt zu den Schl\u00fcsselmomenten eines jeden Lebens weltweit. Es ist ein tiefes Bed\u00fcrfnis, dabei eine verl\u00e4ssliche, medizinisch kundige Begleitung und Unterst\u00fctzung zu erfahren. Das Hebammenwesen ist weltweit in die Tradition und Geschichte der Menschheit eingewoben. Die Aufnahme in die UNESCO-Liste w\u00fcrdigt die herausragende Stellung des Hebammenwesens als wichtigen Teil der menschlichen Kultur und Tradition. Von ganzem Herzen danken der Deutsche Hebammenverband, der Bund freiberuflicher Hebammen Deutschlands und Hebammen f\u00fcr Deutschland allen Vertreterinnen und Vertretern der acht Staaten, die in den letzten Jahren an dem Antrag engagiert mitgearbeitet haben. Damit ist ein lebendiges Beispiel internationaler Kooperation entstanden\u201c, erkl\u00e4rt die Pr\u00e4sidentin des Deutschen Hebammenverbandes Ulrike Geppert-Orthofer.<\/p>\n<h2>Hintergrund<\/h2>\n<p>Zum Immateriellen Kulturerbe z\u00e4hlen lebendige Traditionen aus den Bereichen Tanz, Theater, Musik, m\u00fcndliche \u00dcberlieferungen, Naturwissen und Handwerkstechniken. Die UNESCO unterst\u00fctzt den Schutz, die Dokumentation und den Erhalt gelebter Kultur seit 20 Jahren. Das \u00dcbereinkommen zur Erhaltung des Immateriellen Kulturerbes wurde 2003 von der Generalkonferenz der <span class=\"do-not-break\">UNESCO<\/span> in Paris verabschiedet. Bis heute haben 181 Staaten den Vertrag ratifiziert. Deutschland geh\u00f6rt der UNESCO-Konvention seit 2013 an.<\/p>\n<p>Einzelne Elemente aus den nationalen Verzeichnissen des Immateriellen Kulturerbes der Vertragsstaaten k\u00f6nnen f\u00fcr eine von drei internationalen UNESCO-Listen vorgeschlagen werden. Rund 700 Br\u00e4uche, darstellende K\u00fcnste, Handwerkstechniken und Formen des Naturwissens aus aller Welt werden derzeit auf diesen Listen gef\u00fchrt, darunter der Tango aus Argentinien und Uruguay, die traditionelle chinesische Medizin, Reggae aus Jamaika und die Praxis des Modernen Tanzes in Deutschland.<\/p>\n<p>Der Zwischenstaatliche Ausschuss zum Immateriellen Kulturerbe entscheidet j\u00e4hrlich \u00fcber die Aufnahme neuer Kulturformen in die UNESCO-Listen. Das Gremium setzt sich aus 24 gew\u00e4hlten Vertragsstaaten der Konvention zusammen, darunter Deutschland.<\/p>\n","protected":false},"excerpt":{"rendered":"<p>Die UNESCO hat am 6. Dezember 2023 das Hebammenwesen in die Liste des Immateriellen Kulturerbes der Menschheit aufgenommen. Die UN-Organisation w\u00fcrdigt damit die weltweite kulturelle Vielfalt, die sich in der Praktik widerspiegelt. Das grundlegende Wissen und K\u00f6nnen von Hebammen gleicht&hellip;<\/p>\n","protected":false},"author":19,"featured_media":1787889,"comment_status":"closed","ping_status":"closed","sticky":false,"template":"","format":"standard","meta":{"footnotes":""},"categories":[7835,9156,9161,9145],"tags":[86542,118580,29846,28842],"class_list":["post-1787884","post","type-post","status-publish","format-standard","has-post-thumbnail","hentry","category-international-de","category-kultur-und-medien","category-menschenrechte","category-pressemitteilungen","tag-geburtshilfe","tag-hebammen","tag-kulturerbe","tag-unesco-welterbe"],"yoast_head":"<!-- This site is optimized with the Yoast SEO plugin v27.1.1 - https:\/\/yoast.com\/product\/yoast-seo-wordpress\/ -->\n<title>Hebammenwesen zum Immateriellen Kulturerbe der Menschheit erkl\u00e4rt<\/title>\n<meta name=\"description\" content=\"Die UNESCO hat am 6. Dezember 2023 das Hebammenwesen in die Liste des Immateriellen Kulturerbes der Menschheit aufgenommen. Die UN-Organisation w\u00fcrdigt\" \/>\n<meta name=\"robots\" content=\"index, follow, max-snippet:-1, max-image-preview:large, max-video-preview:-1\" \/>\n<link rel=\"canonical\" href=\"https:\/\/www.pressenza.com\/de\/2023\/12\/hebammenwesen-zum-immateriellen-kulturerbe-der-menschheit-erklaert\/\" \/>\n<meta property=\"og:locale\" content=\"de_DE\" \/>\n<meta property=\"og:type\" content=\"article\" \/>\n<meta property=\"og:title\" content=\"Hebammenwesen zum Immateriellen Kulturerbe der Menschheit erkl\u00e4rt\" \/>\n<meta property=\"og:description\" content=\"Die UNESCO hat am 6. Dezember 2023 das Hebammenwesen in die Liste des Immateriellen Kulturerbes der Menschheit aufgenommen. Die UN-Organisation w\u00fcrdigt\" \/>\n<meta property=\"og:url\" content=\"https:\/\/www.pressenza.com\/de\/2023\/12\/hebammenwesen-zum-immateriellen-kulturerbe-der-menschheit-erklaert\/\" \/>\n<meta property=\"og:site_name\" content=\"Pressenza\" \/>\n<meta property=\"article:publisher\" content=\"https:\/\/www.facebook.com\/PressenzaItalia\" \/>\n<meta property=\"article:author\" content=\"https:\/\/www.facebook.com\/pressenza\" \/>\n<meta property=\"article:published_time\" content=\"2023-12-14T10:46:52+00:00\" \/>\n<meta property=\"og:image\" content=\"https:\/\/www.pressenza.com\/wp-content\/uploads\/2023\/12\/Hebammen-Kulturerbe-UNESCO.jpg\" \/>\n\t<meta property=\"og:image:width\" content=\"1920\" \/>\n\t<meta property=\"og:image:height\" content=\"1280\" \/>\n\t<meta property=\"og:image:type\" content=\"image\/jpeg\" \/>\n<meta name=\"author\" content=\"Pressenza IPA\" \/>\n<meta name=\"twitter:card\" content=\"summary_large_image\" \/>\n<meta name=\"twitter:creator\" content=\"@PressenzaIPA\" \/>\n<meta name=\"twitter:site\" content=\"@PressenzaIPA\" \/>\n<meta name=\"twitter:label1\" content=\"Verfasst von\" \/>\n\t<meta name=\"twitter:data1\" content=\"Pressenza IPA\" \/>\n\t<meta name=\"twitter:label2\" content=\"Gesch\u00e4tzte Lesezeit\" \/>\n\t<meta name=\"twitter:data2\" content=\"3\u00a0Minuten\" \/>\n<script type=\"application\/ld+json\" class=\"yoast-schema-graph\">{\"@context\":\"https:\/\/schema.org\",\"@graph\":[{\"@type\":\"Article\",\"@id\":\"https:\/\/www.pressenza.com\/de\/2023\/12\/hebammenwesen-zum-immateriellen-kulturerbe-der-menschheit-erklaert\/#article\",\"isPartOf\":{\"@id\":\"https:\/\/www.pressenza.com\/de\/2023\/12\/hebammenwesen-zum-immateriellen-kulturerbe-der-menschheit-erklaert\/\"},\"author\":{\"name\":\"Pressenza IPA\",\"@id\":\"https:\/\/www.pressenza.com\/de\/#\/schema\/person\/010e5d02bcf40965427a1289a4cc8d75\"},\"headline\":\"Hebammenwesen zum Immateriellen Kulturerbe der Menschheit erkl\u00e4rt\",\"datePublished\":\"2023-12-14T10:46:52+00:00\",\"mainEntityOfPage\":{\"@id\":\"https:\/\/www.pressenza.com\/de\/2023\/12\/hebammenwesen-zum-immateriellen-kulturerbe-der-menschheit-erklaert\/\"},\"wordCount\":676,\"publisher\":{\"@id\":\"https:\/\/www.pressenza.com\/de\/#organization\"},\"image\":{\"@id\":\"https:\/\/www.pressenza.com\/de\/2023\/12\/hebammenwesen-zum-immateriellen-kulturerbe-der-menschheit-erklaert\/#primaryimage\"},\"thumbnailUrl\":\"https:\/\/www.pressenza.com\/wp-content\/uploads\/2023\/12\/Hebammen-Kulturerbe-UNESCO.jpg\",\"keywords\":[\"Geburtshilfe\",\"Hebammen\",\"Kulturerbe\",\"UNESCO-Welterbe\"],\"articleSection\":[\"International\",\"Kultur und Medien\",\"Menschenrechte\",\"Pressemitteilungen\"],\"inLanguage\":\"de\"},{\"@type\":\"WebPage\",\"@id\":\"https:\/\/www.pressenza.com\/de\/2023\/12\/hebammenwesen-zum-immateriellen-kulturerbe-der-menschheit-erklaert\/\",\"url\":\"https:\/\/www.pressenza.com\/de\/2023\/12\/hebammenwesen-zum-immateriellen-kulturerbe-der-menschheit-erklaert\/\",\"name\":\"Hebammenwesen zum Immateriellen Kulturerbe der Menschheit erkl\u00e4rt\",\"isPartOf\":{\"@id\":\"https:\/\/www.pressenza.com\/de\/#website\"},\"primaryImageOfPage\":{\"@id\":\"https:\/\/www.pressenza.com\/de\/2023\/12\/hebammenwesen-zum-immateriellen-kulturerbe-der-menschheit-erklaert\/#primaryimage\"},\"image\":{\"@id\":\"https:\/\/www.pressenza.com\/de\/2023\/12\/hebammenwesen-zum-immateriellen-kulturerbe-der-menschheit-erklaert\/#primaryimage\"},\"thumbnailUrl\":\"https:\/\/www.pressenza.com\/wp-content\/uploads\/2023\/12\/Hebammen-Kulturerbe-UNESCO.jpg\",\"datePublished\":\"2023-12-14T10:46:52+00:00\",\"description\":\"Die UNESCO hat am 6. Dezember 2023 das Hebammenwesen in die Liste des Immateriellen Kulturerbes der Menschheit aufgenommen. Die UN-Organisation w\u00fcrdigt\",\"breadcrumb\":{\"@id\":\"https:\/\/www.pressenza.com\/de\/2023\/12\/hebammenwesen-zum-immateriellen-kulturerbe-der-menschheit-erklaert\/#breadcrumb\"},\"inLanguage\":\"de\",\"potentialAction\":[{\"@type\":\"ReadAction\",\"target\":[\"https:\/\/www.pressenza.com\/de\/2023\/12\/hebammenwesen-zum-immateriellen-kulturerbe-der-menschheit-erklaert\/\"]}]},{\"@type\":\"ImageObject\",\"inLanguage\":\"de\",\"@id\":\"https:\/\/www.pressenza.com\/de\/2023\/12\/hebammenwesen-zum-immateriellen-kulturerbe-der-menschheit-erklaert\/#primaryimage\",\"url\":\"https:\/\/www.pressenza.com\/wp-content\/uploads\/2023\/12\/Hebammen-Kulturerbe-UNESCO.jpg\",\"contentUrl\":\"https:\/\/www.pressenza.com\/wp-content\/uploads\/2023\/12\/Hebammen-Kulturerbe-UNESCO.jpg\",\"width\":1920,\"height\":1280,\"caption\":\"Afrokolumbianische Hebamme betreut eine schwangere Frau, indem sie mit traditionellen Techniken in ihren Bauch horcht (\u00a9 Jaime Acu\u00f1a Lezama \/ Ministry of Culture of Colombia, 2016)\"},{\"@type\":\"BreadcrumbList\",\"@id\":\"https:\/\/www.pressenza.com\/de\/2023\/12\/hebammenwesen-zum-immateriellen-kulturerbe-der-menschheit-erklaert\/#breadcrumb\",\"itemListElement\":[{\"@type\":\"ListItem\",\"position\":1,\"name\":\"Accueil\",\"item\":\"https:\/\/www.pressenza.com\/de\/\"},{\"@type\":\"ListItem\",\"position\":2,\"name\":\"Hebammenwesen zum Immateriellen Kulturerbe der Menschheit erkl\u00e4rt\"}]},{\"@type\":\"WebSite\",\"@id\":\"https:\/\/www.pressenza.com\/de\/#website\",\"url\":\"https:\/\/www.pressenza.com\/de\/\",\"name\":\"Pressenza\",\"description\":\"International Press Agency\",\"publisher\":{\"@id\":\"https:\/\/www.pressenza.com\/de\/#organization\"},\"potentialAction\":[{\"@type\":\"SearchAction\",\"target\":{\"@type\":\"EntryPoint\",\"urlTemplate\":\"https:\/\/www.pressenza.com\/de\/?s={search_term_string}\"},\"query-input\":{\"@type\":\"PropertyValueSpecification\",\"valueRequired\":true,\"valueName\":\"search_term_string\"}}],\"inLanguage\":\"de\"},{\"@type\":\"Organization\",\"@id\":\"https:\/\/www.pressenza.com\/de\/#organization\",\"name\":\"Pressenza\",\"url\":\"https:\/\/www.pressenza.com\/de\/\",\"logo\":{\"@type\":\"ImageObject\",\"inLanguage\":\"de\",\"@id\":\"https:\/\/www.pressenza.com\/de\/#\/schema\/logo\/image\/\",\"url\":\"https:\/\/www.pressenza.com\/wp-content\/uploads\/2022\/10\/pressenza_logo_200x200.jpg\",\"contentUrl\":\"https:\/\/www.pressenza.com\/wp-content\/uploads\/2022\/10\/pressenza_logo_200x200.jpg\",\"width\":200,\"height\":200,\"caption\":\"Pressenza\"},\"image\":{\"@id\":\"https:\/\/www.pressenza.com\/de\/#\/schema\/logo\/image\/\"},\"sameAs\":[\"https:\/\/www.facebook.com\/PressenzaItalia\",\"https:\/\/x.com\/PressenzaIPA\"]},{\"@type\":\"Person\",\"@id\":\"https:\/\/www.pressenza.com\/de\/#\/schema\/person\/010e5d02bcf40965427a1289a4cc8d75\",\"name\":\"Pressenza IPA\",\"description\":\"News from Pressenza IPA correspondents\",\"sameAs\":[\"https:\/\/www.facebook.com\/pressenza\",\"https:\/\/x.com\/PressenzaIPA\"],\"url\":\"https:\/\/www.pressenza.com\/de\/author\/pressenza-ipa\/\"}]}<\/script>\n<!-- \/ Yoast SEO plugin. -->","yoast_head_json":{"title":"Hebammenwesen zum Immateriellen Kulturerbe der Menschheit erkl\u00e4rt","description":"Die UNESCO hat am 6. Dezember 2023 das Hebammenwesen in die Liste des Immateriellen Kulturerbes der Menschheit aufgenommen. Die UN-Organisation w\u00fcrdigt","robots":{"index":"index","follow":"follow","max-snippet":"max-snippet:-1","max-image-preview":"max-image-preview:large","max-video-preview":"max-video-preview:-1"},"canonical":"https:\/\/www.pressenza.com\/de\/2023\/12\/hebammenwesen-zum-immateriellen-kulturerbe-der-menschheit-erklaert\/","og_locale":"de_DE","og_type":"article","og_title":"Hebammenwesen zum Immateriellen Kulturerbe der Menschheit erkl\u00e4rt","og_description":"Die UNESCO hat am 6. Dezember 2023 das Hebammenwesen in die Liste des Immateriellen Kulturerbes der Menschheit aufgenommen. Die UN-Organisation w\u00fcrdigt","og_url":"https:\/\/www.pressenza.com\/de\/2023\/12\/hebammenwesen-zum-immateriellen-kulturerbe-der-menschheit-erklaert\/","og_site_name":"Pressenza","article_publisher":"https:\/\/www.facebook.com\/PressenzaItalia","article_author":"https:\/\/www.facebook.com\/pressenza","article_published_time":"2023-12-14T10:46:52+00:00","og_image":[{"width":1920,"height":1280,"url":"https:\/\/www.pressenza.com\/wp-content\/uploads\/2023\/12\/Hebammen-Kulturerbe-UNESCO.jpg","type":"image\/jpeg"}],"author":"Pressenza IPA","twitter_card":"summary_large_image","twitter_creator":"@PressenzaIPA","twitter_site":"@PressenzaIPA","twitter_misc":{"Verfasst von":"Pressenza IPA","Gesch\u00e4tzte Lesezeit":"3\u00a0Minuten"},"schema":{"@context":"https:\/\/schema.org","@graph":[{"@type":"Article","@id":"https:\/\/www.pressenza.com\/de\/2023\/12\/hebammenwesen-zum-immateriellen-kulturerbe-der-menschheit-erklaert\/#article","isPartOf":{"@id":"https:\/\/www.pressenza.com\/de\/2023\/12\/hebammenwesen-zum-immateriellen-kulturerbe-der-menschheit-erklaert\/"},"author":{"name":"Pressenza IPA","@id":"https:\/\/www.pressenza.com\/de\/#\/schema\/person\/010e5d02bcf40965427a1289a4cc8d75"},"headline":"Hebammenwesen zum Immateriellen Kulturerbe der Menschheit erkl\u00e4rt","datePublished":"2023-12-14T10:46:52+00:00","mainEntityOfPage":{"@id":"https:\/\/www.pressenza.com\/de\/2023\/12\/hebammenwesen-zum-immateriellen-kulturerbe-der-menschheit-erklaert\/"},"wordCount":676,"publisher":{"@id":"https:\/\/www.pressenza.com\/de\/#organization"},"image":{"@id":"https:\/\/www.pressenza.com\/de\/2023\/12\/hebammenwesen-zum-immateriellen-kulturerbe-der-menschheit-erklaert\/#primaryimage"},"thumbnailUrl":"https:\/\/www.pressenza.com\/wp-content\/uploads\/2023\/12\/Hebammen-Kulturerbe-UNESCO.jpg","keywords":["Geburtshilfe","Hebammen","Kulturerbe","UNESCO-Welterbe"],"articleSection":["International","Kultur und Medien","Menschenrechte","Pressemitteilungen"],"inLanguage":"de"},{"@type":"WebPage","@id":"https:\/\/www.pressenza.com\/de\/2023\/12\/hebammenwesen-zum-immateriellen-kulturerbe-der-menschheit-erklaert\/","url":"https:\/\/www.pressenza.com\/de\/2023\/12\/hebammenwesen-zum-immateriellen-kulturerbe-der-menschheit-erklaert\/","name":"Hebammenwesen zum Immateriellen Kulturerbe der Menschheit erkl\u00e4rt","isPartOf":{"@id":"https:\/\/www.pressenza.com\/de\/#website"},"primaryImageOfPage":{"@id":"https:\/\/www.pressenza.com\/de\/2023\/12\/hebammenwesen-zum-immateriellen-kulturerbe-der-menschheit-erklaert\/#primaryimage"},"image":{"@id":"https:\/\/www.pressenza.com\/de\/2023\/12\/hebammenwesen-zum-immateriellen-kulturerbe-der-menschheit-erklaert\/#primaryimage"},"thumbnailUrl":"https:\/\/www.pressenza.com\/wp-content\/uploads\/2023\/12\/Hebammen-Kulturerbe-UNESCO.jpg","datePublished":"2023-12-14T10:46:52+00:00","description":"Die UNESCO hat am 6. Dezember 2023 das Hebammenwesen in die Liste des Immateriellen Kulturerbes der Menschheit aufgenommen. Die UN-Organisation w\u00fcrdigt","breadcrumb":{"@id":"https:\/\/www.pressenza.com\/de\/2023\/12\/hebammenwesen-zum-immateriellen-kulturerbe-der-menschheit-erklaert\/#breadcrumb"},"inLanguage":"de","potentialAction":[{"@type":"ReadAction","target":["https:\/\/www.pressenza.com\/de\/2023\/12\/hebammenwesen-zum-immateriellen-kulturerbe-der-menschheit-erklaert\/"]}]},{"@type":"ImageObject","inLanguage":"de","@id":"https:\/\/www.pressenza.com\/de\/2023\/12\/hebammenwesen-zum-immateriellen-kulturerbe-der-menschheit-erklaert\/#primaryimage","url":"https:\/\/www.pressenza.com\/wp-content\/uploads\/2023\/12\/Hebammen-Kulturerbe-UNESCO.jpg","contentUrl":"https:\/\/www.pressenza.com\/wp-content\/uploads\/2023\/12\/Hebammen-Kulturerbe-UNESCO.jpg","width":1920,"height":1280,"caption":"Afrokolumbianische Hebamme betreut eine schwangere Frau, indem sie mit traditionellen Techniken in ihren Bauch horcht (\u00a9 Jaime Acu\u00f1a Lezama \/ Ministry of Culture of Colombia, 2016)"},{"@type":"BreadcrumbList","@id":"https:\/\/www.pressenza.com\/de\/2023\/12\/hebammenwesen-zum-immateriellen-kulturerbe-der-menschheit-erklaert\/#breadcrumb","itemListElement":[{"@type":"ListItem","position":1,"name":"Accueil","item":"https:\/\/www.pressenza.com\/de\/"},{"@type":"ListItem","position":2,"name":"Hebammenwesen zum Immateriellen Kulturerbe der Menschheit erkl\u00e4rt"}]},{"@type":"WebSite","@id":"https:\/\/www.pressenza.com\/de\/#website","url":"https:\/\/www.pressenza.com\/de\/","name":"Pressenza","description":"International Press Agency","publisher":{"@id":"https:\/\/www.pressenza.com\/de\/#organization"},"potentialAction":[{"@type":"SearchAction","target":{"@type":"EntryPoint","urlTemplate":"https:\/\/www.pressenza.com\/de\/?s={search_term_string}"},"query-input":{"@type":"PropertyValueSpecification","valueRequired":true,"valueName":"search_term_string"}}],"inLanguage":"de"},{"@type":"Organization","@id":"https:\/\/www.pressenza.com\/de\/#organization","name":"Pressenza","url":"https:\/\/www.pressenza.com\/de\/","logo":{"@type":"ImageObject","inLanguage":"de","@id":"https:\/\/www.pressenza.com\/de\/#\/schema\/logo\/image\/","url":"https:\/\/www.pressenza.com\/wp-content\/uploads\/2022\/10\/pressenza_logo_200x200.jpg","contentUrl":"https:\/\/www.pressenza.com\/wp-content\/uploads\/2022\/10\/pressenza_logo_200x200.jpg","width":200,"height":200,"caption":"Pressenza"},"image":{"@id":"https:\/\/www.pressenza.com\/de\/#\/schema\/logo\/image\/"},"sameAs":["https:\/\/www.facebook.com\/PressenzaItalia","https:\/\/x.com\/PressenzaIPA"]},{"@type":"Person","@id":"https:\/\/www.pressenza.com\/de\/#\/schema\/person\/010e5d02bcf40965427a1289a4cc8d75","name":"Pressenza IPA","description":"News from Pressenza IPA correspondents","sameAs":["https:\/\/www.facebook.com\/pressenza","https:\/\/x.com\/PressenzaIPA"],"url":"https:\/\/www.pressenza.com\/de\/author\/pressenza-ipa\/"}]}},"place":"UNESCO","original_article_url":"https:\/\/www.unesco.de\/kultur-und-natur\/immaterielles-kulturerbe\/hebammenwesen-zum-immateriellen-kulturerbe-der-menschheit","_links":{"self":[{"href":"https:\/\/www.pressenza.com\/de\/wp-json\/wp\/v2\/posts\/1787884","targetHints":{"allow":["GET"]}}],"collection":[{"href":"https:\/\/www.pressenza.com\/de\/wp-json\/wp\/v2\/posts"}],"about":[{"href":"https:\/\/www.pressenza.com\/de\/wp-json\/wp\/v2\/types\/post"}],"author":[{"embeddable":true,"href":"https:\/\/www.pressenza.com\/de\/wp-json\/wp\/v2\/users\/19"}],"replies":[{"embeddable":true,"href":"https:\/\/www.pressenza.com\/de\/wp-json\/wp\/v2\/comments?post=1787884"}],"version-history":[{"count":0,"href":"https:\/\/www.pressenza.com\/de\/wp-json\/wp\/v2\/posts\/1787884\/revisions"}],"wp:featuredmedia":[{"embeddable":true,"href":"https:\/\/www.pressenza.com\/de\/wp-json\/wp\/v2\/media\/1787889"}],"wp:attachment":[{"href":"https:\/\/www.pressenza.com\/de\/wp-json\/wp\/v2\/media?parent=1787884"}],"wp:term":[{"taxonomy":"category","embeddable":true,"href":"https:\/\/www.pressenza.com\/de\/wp-json\/wp\/v2\/categories?post=1787884"},{"taxonomy":"post_tag","embeddable":true,"href":"https:\/\/www.pressenza.com\/de\/wp-json\/wp\/v2\/tags?post=1787884"}],"curies":[{"name":"wp","href":"https:\/\/api.w.org\/{rel}","templated":true}]}}