{"id":178774,"date":"2015-04-20T18:23:58","date_gmt":"2015-04-20T17:23:58","guid":{"rendered":"http:\/\/www.pressenza.com\/?p=178774"},"modified":"2015-04-20T18:25:33","modified_gmt":"2015-04-20T17:25:33","slug":"island-diskutiert-vollgeld-system","status":"publish","type":"post","link":"https:\/\/www.pressenza.com\/de\/2015\/04\/island-diskutiert-vollgeld-system\/","title":{"rendered":"Island diskutiert Vollgeld-System"},"content":{"rendered":"<p><strong>Reykjavik \/ Bern: Wie&#8220;The Telegraph&#8220; meldet, erw\u00e4gt die isl\u00e4ndische Regierung derzeit die Einf\u00fchrung eines Vollgeld-Systems. Der Vorschlag entstammt einem Bericht mit dem Titel &#8222;Ein besseres Geldsystem f\u00fcr Island&#8220; des Vorsitzenden des Wirtschaftsausschusses des isl\u00e4ndischen Parlaments, Frosti Sigurjonsson.<\/strong><\/p>\n<p>In der Schweiz sind bereits \u00fcber 50\u2019000 Unterschriften f\u00fcr die <a href=\"http:\/\/www.vollgeld-initiative.ch\/\">Volksinitiative \u201cF\u00fcr ein krisensicheres Geld: Geldsch\u00f6pfung alleine durch die Nationalbank\u201d<\/a> gesammelt, welche ebenfalls ein Vollgeld-System fordert. Wie in der Schweiz kontrolliert auch die Nationalbank in Island bislang zwar die Produktion von Banknoten und M\u00fcnzen, doch das elektronische Geld auf unseren Bankkonten (Giral- oder Buchgeld genannt) wird von privaten Gesch\u00e4ftsbanken hergestellt. Nun soll den Isl\u00e4ndischen Gesch\u00e4ftsbanken das Privileg der Geldherstellung entzogen werden. Damit w\u00fcrde eine geldpolitische Gewaltentrennung Realit\u00e4t, die auch in der Schweiz immer prominenter diskutiert wird: Die Nationalbank stellt s\u00e4mtliches Geld her, private Banken vermitteln das Geld der Wirtschaft.<\/p>\n<p><strong>Wichtiger Beitrag zum Thema Geldpolitik<\/strong><\/p>\n<p>Islands Ministerpr\u00e4sident Sigmundur Dav\u00ed\u00f0 Gunnlaugsson kommentierte Sigurj\u00f3nssons Bericht wie folgt: &#8222;Die Ergebnisse werden hier und anderswo einen wichtigen Beitrag zu den bevorstehenden Gespr\u00e4chen zum Thema Geldsch\u00f6pfung und Geldpolitik leisten&#8220;. Weitere Abkl\u00e4rungen seien nun n\u00f6tig, um das Vollgeld-System umzusetzen.<\/p>\n<p><strong>Island ist von Finanzkrisen gepr\u00e4gt<\/strong><\/p>\n<p>Der vom Ministerpr\u00e4sidenten selbst in Auftrag gegebene Bericht befasst sich mit dem Ziel, ein Geldsystem zu beenden, das zahlreiche Finanzkrisen erm\u00f6glichte, einschliesslich derjenigen im Jahr 2008. Laut einer Studie von vier Zentralbankern erlebte Island seit 1875 &#8222;mehr als 20 F\u00e4lle von Finanzkrisen verschiedener Art&#8220;. Das Vorwort des parlamentarischen Berichts hat Lord Adair Turner geschrieben, der ehemalige Chef der britischen Finanzaufsicht.<\/p>\n<p><strong>Zentralbank kann Geldmenge nur ungen\u00fcgend steuern<\/strong><\/p>\n<p>Vorsitzender Sigurj\u00f3nssoneinen erkl\u00e4rt, die Zentralbank habe derzeit keine M\u00f6glichkeit, den Kreditboom zu kontrollieren, wodurch steigende Inflation sowie \u00fcbertriebene Risikobereitschaft und Spekulation beg\u00fcnstigt werden, was wiederum die Gefahr von Bankenzusammenbr\u00fcchen und kostspieligen staatlichen Interventionen erh\u00f6ht.<\/p>\n<p><strong>Schweiz: Unterschriftensammlung f\u00fcr Vollgeld-Initiative l\u00e4uft erfolgversprechend<\/strong><\/p>\n<p>In der Schweiz l\u00e4uft momentan die Unterschriftensammlung der Vollgeld-Initiative \u201cF\u00fcr ein krisensicheres Geld: Geldsch\u00f6pfung alleine durch die Nationalbank\u201d. Bereits wurden 50\u2019000 Unterschriften gesammelt, bis sp\u00e4testens am 3. Dezember 2015 m\u00fcssen 100\u2019000 g\u00fcltige Unterschriften zusammenkommen.<\/p>\n<p><em><strong>Weitere Informationen:<\/strong><\/em><\/p>\n<p>Prime Ministers Office, Island: <a href=\"http:\/\/eng.forsaetisraduneyti.is\/news-and-articles\/reform-of-the-monetary-system\">Erl\u00e4uterung und Bericht<\/a><br \/>\nTtelegraph: <a href=\"http:\/\/www.telegraph.co.uk\/finance\/economics\/11507810\/Iceland-looks-at-ending-boom-and-bust-with-radical-money-plan.html\">Iceland looks at ending boom and bust with radical money plan<\/a><br \/>\nFrance24: <a href=\"http:\/\/www.france24.com\/en\/20150401-fed-crises-iceland-mulls-monetary-revolution\/\">Fed up of crises, Iceland mulls a monetary revolution<\/a><\/p>\n","protected":false},"excerpt":{"rendered":"<p>Reykjavik \/ Bern: Wie&#8220;The Telegraph&#8220; meldet, erw\u00e4gt die isl\u00e4ndische Regierung derzeit die Einf\u00fchrung eines Vollgeld-Systems. Der Vorschlag entstammt einem Bericht mit dem Titel &#8222;Ein besseres Geldsystem f\u00fcr Island&#8220; des Vorsitzenden des Wirtschaftsausschusses des isl\u00e4ndischen Parlaments, Frosti Sigurjonsson. In der Schweiz&hellip;<\/p>\n","protected":false},"author":1095,"featured_media":178775,"comment_status":"closed","ping_status":"open","sticky":false,"template":"","format":"standard","meta":{"footnotes":""},"categories":[9150,9145,9158],"tags":[17051,9183,11009,14082],"class_list":["post-178774","post","type-post","status-publish","format-standard","has-post-thumbnail","hentry","category-europa-de","category-pressemitteilungen","category-wirtschaft","tag-island","tag-schweiz","tag-vollgeld","tag-wirtschaftskrise"],"yoast_head":"<!-- This site is optimized with the Yoast SEO plugin v27.1.1 - https:\/\/yoast.com\/product\/yoast-seo-wordpress\/ -->\n<title>Island diskutiert Vollgeld-System<\/title>\n<meta name=\"description\" content=\"Reykjavik \/ Bern: Wie&quot;The Telegraph&quot; meldet, erw\u00e4gt die isl\u00e4ndische Regierung derzeit die Einf\u00fchrung eines Vollgeld-Systems. Der Vorschlag entstammt einem\" \/>\n<meta name=\"robots\" content=\"index, follow, max-snippet:-1, max-image-preview:large, max-video-preview:-1\" \/>\n<link rel=\"canonical\" href=\"https:\/\/www.pressenza.com\/de\/2015\/04\/island-diskutiert-vollgeld-system\/\" \/>\n<meta property=\"og:locale\" content=\"de_DE\" \/>\n<meta property=\"og:type\" content=\"article\" \/>\n<meta property=\"og:title\" content=\"Island diskutiert Vollgeld-System\" \/>\n<meta property=\"og:description\" content=\"Reykjavik \/ Bern: Wie&quot;The Telegraph&quot; meldet, erw\u00e4gt die isl\u00e4ndische Regierung derzeit die Einf\u00fchrung eines Vollgeld-Systems. Der Vorschlag entstammt einem\" \/>\n<meta property=\"og:url\" content=\"https:\/\/www.pressenza.com\/de\/2015\/04\/island-diskutiert-vollgeld-system\/\" \/>\n<meta property=\"og:site_name\" content=\"Pressenza\" \/>\n<meta property=\"article:publisher\" content=\"https:\/\/www.facebook.com\/PressenzaItalia\" \/>\n<meta property=\"article:author\" content=\"https:\/\/www.facebook.com\/Pressenza-Deutschland-sterreich-Schweiz-281675388658060\/timeline\/\" \/>\n<meta property=\"article:published_time\" content=\"2015-04-20T17:23:58+00:00\" \/>\n<meta property=\"article:modified_time\" content=\"2015-04-20T17:25:33+00:00\" \/>\n<meta property=\"og:image\" content=\"https:\/\/www.pressenza.com\/wp-content\/uploads\/2015\/04\/Island.jpg\" \/>\n\t<meta property=\"og:image:width\" content=\"800\" \/>\n\t<meta property=\"og:image:height\" content=\"392\" \/>\n\t<meta property=\"og:image:type\" content=\"image\/jpeg\" \/>\n<meta name=\"author\" content=\"Pressenza Berlin\" \/>\n<meta name=\"twitter:card\" content=\"summary_large_image\" \/>\n<meta name=\"twitter:creator\" content=\"@pressenza_ger\" \/>\n<meta name=\"twitter:site\" content=\"@PressenzaIPA\" \/>\n<meta name=\"twitter:label1\" content=\"Verfasst von\" \/>\n\t<meta name=\"twitter:data1\" content=\"Pressenza Berlin\" \/>\n\t<meta name=\"twitter:label2\" content=\"Gesch\u00e4tzte Lesezeit\" \/>\n\t<meta name=\"twitter:data2\" content=\"2\u00a0Minuten\" \/>\n<script type=\"application\/ld+json\" class=\"yoast-schema-graph\">{\"@context\":\"https:\/\/schema.org\",\"@graph\":[{\"@type\":\"Article\",\"@id\":\"https:\/\/www.pressenza.com\/de\/2015\/04\/island-diskutiert-vollgeld-system\/#article\",\"isPartOf\":{\"@id\":\"https:\/\/www.pressenza.com\/de\/2015\/04\/island-diskutiert-vollgeld-system\/\"},\"author\":{\"name\":\"Pressenza Berlin\",\"@id\":\"https:\/\/www.pressenza.com\/de\/#\/schema\/person\/57bb5480943a496a7722b0248e4b658a\"},\"headline\":\"Island diskutiert Vollgeld-System\",\"datePublished\":\"2015-04-20T17:23:58+00:00\",\"dateModified\":\"2015-04-20T17:25:33+00:00\",\"mainEntityOfPage\":{\"@id\":\"https:\/\/www.pressenza.com\/de\/2015\/04\/island-diskutiert-vollgeld-system\/\"},\"wordCount\":391,\"publisher\":{\"@id\":\"https:\/\/www.pressenza.com\/de\/#organization\"},\"image\":{\"@id\":\"https:\/\/www.pressenza.com\/de\/2015\/04\/island-diskutiert-vollgeld-system\/#primaryimage\"},\"thumbnailUrl\":\"https:\/\/www.pressenza.com\/wp-content\/uploads\/2015\/04\/Island.jpg\",\"keywords\":[\"Island\",\"Schweiz\",\"Vollgeld\",\"Wirtschaftskrise\"],\"articleSection\":[\"Europa\",\"Pressemitteilungen\",\"Wirtschaft\"],\"inLanguage\":\"de\"},{\"@type\":\"WebPage\",\"@id\":\"https:\/\/www.pressenza.com\/de\/2015\/04\/island-diskutiert-vollgeld-system\/\",\"url\":\"https:\/\/www.pressenza.com\/de\/2015\/04\/island-diskutiert-vollgeld-system\/\",\"name\":\"Island diskutiert Vollgeld-System\",\"isPartOf\":{\"@id\":\"https:\/\/www.pressenza.com\/de\/#website\"},\"primaryImageOfPage\":{\"@id\":\"https:\/\/www.pressenza.com\/de\/2015\/04\/island-diskutiert-vollgeld-system\/#primaryimage\"},\"image\":{\"@id\":\"https:\/\/www.pressenza.com\/de\/2015\/04\/island-diskutiert-vollgeld-system\/#primaryimage\"},\"thumbnailUrl\":\"https:\/\/www.pressenza.com\/wp-content\/uploads\/2015\/04\/Island.jpg\",\"datePublished\":\"2015-04-20T17:23:58+00:00\",\"dateModified\":\"2015-04-20T17:25:33+00:00\",\"description\":\"Reykjavik \/ Bern: Wie\\\"The Telegraph\\\" meldet, erw\u00e4gt die isl\u00e4ndische Regierung derzeit die Einf\u00fchrung eines Vollgeld-Systems. Der Vorschlag entstammt einem\",\"breadcrumb\":{\"@id\":\"https:\/\/www.pressenza.com\/de\/2015\/04\/island-diskutiert-vollgeld-system\/#breadcrumb\"},\"inLanguage\":\"de\",\"potentialAction\":[{\"@type\":\"ReadAction\",\"target\":[\"https:\/\/www.pressenza.com\/de\/2015\/04\/island-diskutiert-vollgeld-system\/\"]}]},{\"@type\":\"ImageObject\",\"inLanguage\":\"de\",\"@id\":\"https:\/\/www.pressenza.com\/de\/2015\/04\/island-diskutiert-vollgeld-system\/#primaryimage\",\"url\":\"https:\/\/www.pressenza.com\/wp-content\/uploads\/2015\/04\/Island.jpg\",\"contentUrl\":\"https:\/\/www.pressenza.com\/wp-content\/uploads\/2015\/04\/Island.jpg\",\"width\":800,\"height\":392},{\"@type\":\"BreadcrumbList\",\"@id\":\"https:\/\/www.pressenza.com\/de\/2015\/04\/island-diskutiert-vollgeld-system\/#breadcrumb\",\"itemListElement\":[{\"@type\":\"ListItem\",\"position\":1,\"name\":\"Accueil\",\"item\":\"https:\/\/www.pressenza.com\/de\/\"},{\"@type\":\"ListItem\",\"position\":2,\"name\":\"Island diskutiert Vollgeld-System\"}]},{\"@type\":\"WebSite\",\"@id\":\"https:\/\/www.pressenza.com\/de\/#website\",\"url\":\"https:\/\/www.pressenza.com\/de\/\",\"name\":\"Pressenza\",\"description\":\"International Press Agency\",\"publisher\":{\"@id\":\"https:\/\/www.pressenza.com\/de\/#organization\"},\"potentialAction\":[{\"@type\":\"SearchAction\",\"target\":{\"@type\":\"EntryPoint\",\"urlTemplate\":\"https:\/\/www.pressenza.com\/de\/?s={search_term_string}\"},\"query-input\":{\"@type\":\"PropertyValueSpecification\",\"valueRequired\":true,\"valueName\":\"search_term_string\"}}],\"inLanguage\":\"de\"},{\"@type\":\"Organization\",\"@id\":\"https:\/\/www.pressenza.com\/de\/#organization\",\"name\":\"Pressenza\",\"url\":\"https:\/\/www.pressenza.com\/de\/\",\"logo\":{\"@type\":\"ImageObject\",\"inLanguage\":\"de\",\"@id\":\"https:\/\/www.pressenza.com\/de\/#\/schema\/logo\/image\/\",\"url\":\"https:\/\/www.pressenza.com\/wp-content\/uploads\/2022\/10\/pressenza_logo_200x200.jpg\",\"contentUrl\":\"https:\/\/www.pressenza.com\/wp-content\/uploads\/2022\/10\/pressenza_logo_200x200.jpg\",\"width\":200,\"height\":200,\"caption\":\"Pressenza\"},\"image\":{\"@id\":\"https:\/\/www.pressenza.com\/de\/#\/schema\/logo\/image\/\"},\"sameAs\":[\"https:\/\/www.facebook.com\/PressenzaItalia\",\"https:\/\/x.com\/PressenzaIPA\"]},{\"@type\":\"Person\",\"@id\":\"https:\/\/www.pressenza.com\/de\/#\/schema\/person\/57bb5480943a496a7722b0248e4b658a\",\"name\":\"Pressenza Berlin\",\"description\":\"News from the Pressenza Bureau in Berlin, Germany\",\"sameAs\":[\"https:\/\/www.facebook.com\/Pressenza-Deutschland-sterreich-Schweiz-281675388658060\/timeline\/\",\"https:\/\/x.com\/pressenza_ger\"],\"url\":\"https:\/\/www.pressenza.com\/de\/author\/pressenza-berlin\/\"}]}<\/script>\n<!-- \/ Yoast SEO plugin. -->","yoast_head_json":{"title":"Island diskutiert Vollgeld-System","description":"Reykjavik \/ Bern: Wie\"The Telegraph\" meldet, erw\u00e4gt die isl\u00e4ndische Regierung derzeit die Einf\u00fchrung eines Vollgeld-Systems. Der Vorschlag entstammt einem","robots":{"index":"index","follow":"follow","max-snippet":"max-snippet:-1","max-image-preview":"max-image-preview:large","max-video-preview":"max-video-preview:-1"},"canonical":"https:\/\/www.pressenza.com\/de\/2015\/04\/island-diskutiert-vollgeld-system\/","og_locale":"de_DE","og_type":"article","og_title":"Island diskutiert Vollgeld-System","og_description":"Reykjavik \/ Bern: Wie\"The Telegraph\" meldet, erw\u00e4gt die isl\u00e4ndische Regierung derzeit die Einf\u00fchrung eines Vollgeld-Systems. Der Vorschlag entstammt einem","og_url":"https:\/\/www.pressenza.com\/de\/2015\/04\/island-diskutiert-vollgeld-system\/","og_site_name":"Pressenza","article_publisher":"https:\/\/www.facebook.com\/PressenzaItalia","article_author":"https:\/\/www.facebook.com\/Pressenza-Deutschland-sterreich-Schweiz-281675388658060\/timeline\/","article_published_time":"2015-04-20T17:23:58+00:00","article_modified_time":"2015-04-20T17:25:33+00:00","og_image":[{"width":800,"height":392,"url":"https:\/\/www.pressenza.com\/wp-content\/uploads\/2015\/04\/Island.jpg","type":"image\/jpeg"}],"author":"Pressenza Berlin","twitter_card":"summary_large_image","twitter_creator":"@pressenza_ger","twitter_site":"@PressenzaIPA","twitter_misc":{"Verfasst von":"Pressenza Berlin","Gesch\u00e4tzte Lesezeit":"2\u00a0Minuten"},"schema":{"@context":"https:\/\/schema.org","@graph":[{"@type":"Article","@id":"https:\/\/www.pressenza.com\/de\/2015\/04\/island-diskutiert-vollgeld-system\/#article","isPartOf":{"@id":"https:\/\/www.pressenza.com\/de\/2015\/04\/island-diskutiert-vollgeld-system\/"},"author":{"name":"Pressenza Berlin","@id":"https:\/\/www.pressenza.com\/de\/#\/schema\/person\/57bb5480943a496a7722b0248e4b658a"},"headline":"Island diskutiert Vollgeld-System","datePublished":"2015-04-20T17:23:58+00:00","dateModified":"2015-04-20T17:25:33+00:00","mainEntityOfPage":{"@id":"https:\/\/www.pressenza.com\/de\/2015\/04\/island-diskutiert-vollgeld-system\/"},"wordCount":391,"publisher":{"@id":"https:\/\/www.pressenza.com\/de\/#organization"},"image":{"@id":"https:\/\/www.pressenza.com\/de\/2015\/04\/island-diskutiert-vollgeld-system\/#primaryimage"},"thumbnailUrl":"https:\/\/www.pressenza.com\/wp-content\/uploads\/2015\/04\/Island.jpg","keywords":["Island","Schweiz","Vollgeld","Wirtschaftskrise"],"articleSection":["Europa","Pressemitteilungen","Wirtschaft"],"inLanguage":"de"},{"@type":"WebPage","@id":"https:\/\/www.pressenza.com\/de\/2015\/04\/island-diskutiert-vollgeld-system\/","url":"https:\/\/www.pressenza.com\/de\/2015\/04\/island-diskutiert-vollgeld-system\/","name":"Island diskutiert Vollgeld-System","isPartOf":{"@id":"https:\/\/www.pressenza.com\/de\/#website"},"primaryImageOfPage":{"@id":"https:\/\/www.pressenza.com\/de\/2015\/04\/island-diskutiert-vollgeld-system\/#primaryimage"},"image":{"@id":"https:\/\/www.pressenza.com\/de\/2015\/04\/island-diskutiert-vollgeld-system\/#primaryimage"},"thumbnailUrl":"https:\/\/www.pressenza.com\/wp-content\/uploads\/2015\/04\/Island.jpg","datePublished":"2015-04-20T17:23:58+00:00","dateModified":"2015-04-20T17:25:33+00:00","description":"Reykjavik \/ Bern: Wie\"The Telegraph\" meldet, erw\u00e4gt die isl\u00e4ndische Regierung derzeit die Einf\u00fchrung eines Vollgeld-Systems. Der Vorschlag entstammt einem","breadcrumb":{"@id":"https:\/\/www.pressenza.com\/de\/2015\/04\/island-diskutiert-vollgeld-system\/#breadcrumb"},"inLanguage":"de","potentialAction":[{"@type":"ReadAction","target":["https:\/\/www.pressenza.com\/de\/2015\/04\/island-diskutiert-vollgeld-system\/"]}]},{"@type":"ImageObject","inLanguage":"de","@id":"https:\/\/www.pressenza.com\/de\/2015\/04\/island-diskutiert-vollgeld-system\/#primaryimage","url":"https:\/\/www.pressenza.com\/wp-content\/uploads\/2015\/04\/Island.jpg","contentUrl":"https:\/\/www.pressenza.com\/wp-content\/uploads\/2015\/04\/Island.jpg","width":800,"height":392},{"@type":"BreadcrumbList","@id":"https:\/\/www.pressenza.com\/de\/2015\/04\/island-diskutiert-vollgeld-system\/#breadcrumb","itemListElement":[{"@type":"ListItem","position":1,"name":"Accueil","item":"https:\/\/www.pressenza.com\/de\/"},{"@type":"ListItem","position":2,"name":"Island diskutiert Vollgeld-System"}]},{"@type":"WebSite","@id":"https:\/\/www.pressenza.com\/de\/#website","url":"https:\/\/www.pressenza.com\/de\/","name":"Pressenza","description":"International Press Agency","publisher":{"@id":"https:\/\/www.pressenza.com\/de\/#organization"},"potentialAction":[{"@type":"SearchAction","target":{"@type":"EntryPoint","urlTemplate":"https:\/\/www.pressenza.com\/de\/?s={search_term_string}"},"query-input":{"@type":"PropertyValueSpecification","valueRequired":true,"valueName":"search_term_string"}}],"inLanguage":"de"},{"@type":"Organization","@id":"https:\/\/www.pressenza.com\/de\/#organization","name":"Pressenza","url":"https:\/\/www.pressenza.com\/de\/","logo":{"@type":"ImageObject","inLanguage":"de","@id":"https:\/\/www.pressenza.com\/de\/#\/schema\/logo\/image\/","url":"https:\/\/www.pressenza.com\/wp-content\/uploads\/2022\/10\/pressenza_logo_200x200.jpg","contentUrl":"https:\/\/www.pressenza.com\/wp-content\/uploads\/2022\/10\/pressenza_logo_200x200.jpg","width":200,"height":200,"caption":"Pressenza"},"image":{"@id":"https:\/\/www.pressenza.com\/de\/#\/schema\/logo\/image\/"},"sameAs":["https:\/\/www.facebook.com\/PressenzaItalia","https:\/\/x.com\/PressenzaIPA"]},{"@type":"Person","@id":"https:\/\/www.pressenza.com\/de\/#\/schema\/person\/57bb5480943a496a7722b0248e4b658a","name":"Pressenza Berlin","description":"News from the Pressenza Bureau in Berlin, Germany","sameAs":["https:\/\/www.facebook.com\/Pressenza-Deutschland-sterreich-Schweiz-281675388658060\/timeline\/","https:\/\/x.com\/pressenza_ger"],"url":"https:\/\/www.pressenza.com\/de\/author\/pressenza-berlin\/"}]}},"place":"","original_article_url":"http:\/\/www.newsletter-webversion.de\/?c=0-5uaw-0-19n6","_links":{"self":[{"href":"https:\/\/www.pressenza.com\/de\/wp-json\/wp\/v2\/posts\/178774","targetHints":{"allow":["GET"]}}],"collection":[{"href":"https:\/\/www.pressenza.com\/de\/wp-json\/wp\/v2\/posts"}],"about":[{"href":"https:\/\/www.pressenza.com\/de\/wp-json\/wp\/v2\/types\/post"}],"author":[{"embeddable":true,"href":"https:\/\/www.pressenza.com\/de\/wp-json\/wp\/v2\/users\/1095"}],"replies":[{"embeddable":true,"href":"https:\/\/www.pressenza.com\/de\/wp-json\/wp\/v2\/comments?post=178774"}],"version-history":[{"count":0,"href":"https:\/\/www.pressenza.com\/de\/wp-json\/wp\/v2\/posts\/178774\/revisions"}],"wp:featuredmedia":[{"embeddable":true,"href":"https:\/\/www.pressenza.com\/de\/wp-json\/wp\/v2\/media\/178775"}],"wp:attachment":[{"href":"https:\/\/www.pressenza.com\/de\/wp-json\/wp\/v2\/media?parent=178774"}],"wp:term":[{"taxonomy":"category","embeddable":true,"href":"https:\/\/www.pressenza.com\/de\/wp-json\/wp\/v2\/categories?post=178774"},{"taxonomy":"post_tag","embeddable":true,"href":"https:\/\/www.pressenza.com\/de\/wp-json\/wp\/v2\/tags?post=178774"}],"curies":[{"name":"wp","href":"https:\/\/api.w.org\/{rel}","templated":true}]}}