{"id":1786982,"date":"2023-12-10T11:16:58","date_gmt":"2023-12-10T11:16:58","guid":{"rendered":"https:\/\/www.pressenza.com\/?p=1786982"},"modified":"2023-12-10T11:16:58","modified_gmt":"2023-12-10T11:16:58","slug":"cop28-sein-oder-nicht-sein","status":"publish","type":"post","link":"https:\/\/www.pressenza.com\/de\/2023\/12\/cop28-sein-oder-nicht-sein\/","title":{"rendered":"COP28 \u2013 \u201eSein oder Nicht sein?\u201c"},"content":{"rendered":"<p><strong>Diese Schicksalsfrage lies Shakespeare in seinem Hamlet Drama stellen. Europa war in jener Zeit des Mittelalters voller Kriegsl\u00e4rm. Pest &#8211; und Cholera Epidemien forderten viele Tote. Hunger und Not herrschte in den Landen.<\/strong><\/p>\n<p>Gegenw\u00e4rtig verbreiten eine weltweite Klimawende, Kriege an vielen Orten und Covid19 f\u00fcr Unruhen. ABC-Waffen lagern in den Arsenalen vieler L\u00e4nder. Fl\u00fcchtlinge dr\u00e4ngen in die Industriel\u00e4nder. B\u00fcrokratie und Hektik beherrschen das t\u00e4gliche Leben. Zusammenh\u00e4nge werden kaum noch erkannt.<\/p>\n<p>Welche Zukunft hat aktuell die Menschheit in der EINEN WELT?<\/p>\n<p>Die 28. Klimakonferenz \u00fcberpr\u00fcft in Dubai, ob die vor 8 Jahren in Paris zur Begegnung der Klimawende beschlossenen Ziele erreicht werden k\u00f6nnen. Mit einem langen Wachstumswahn und einer Sucht nach Rendite, haben Menschen die Gesetze der Natur missachtet. Lufttemperaturen steigen und biologische Arten sterben aus. Warnungen der Wissenschaftler wurden von der Politik nicht immer ernst genommen. Die herrschende Politik glaubte das alleinige Entscheidungsprimat zu haben und sie \u00fcbersah, das Naturgesetze seit jeher die Evolution bestimmen, nicht der Mensch. Handlungen des Menschen m\u00fcssen Natur konform ablaufen, um zu \u00fcberleben, hat bereits Charles Darwin erkannt.<\/p>\n<p>Die Verhandlungsdelegationen in Dubai konzentrieren sich auf die Senkung der CO2-Emissionen und die wirtschaftlichen Folgen der Anstrengungen, sowie die Finanzierung der Umstellungen. Das bisherige Ergebnis ist entt\u00e4uschend. Die Erfinder der CO2-Zertifikate bemerken es nicht, dass die Zertifikatspapiere eine \u00c4hnlichkeit mit dem Ablasshandel des Mittelalters haben und effektiv zur Senkung wenig beitragen.<\/p>\n<p>Die Frage nach dem \u201eSein oder Nichtsein\u201c ist noch nicht schl\u00fcssig beantwortet. Sicher ist nur: Die Erde \u00fcbersteht die Klimawende und ein Artensterben. Sie existierte auch nach den Erdplattenbewegungen, nach Meteoriteneinschl\u00e4gen, nach Eiszeiten weiter.<\/p>\n<p>Die Menschen der Welt ben\u00f6tigen ein neues Denken. Es ist Zeit, dass die UNO alle L\u00e4nder zu einer neuen Entwicklungsperiode aufruft, damit die Menschenrechte der Charta von 1947 auf Leben, Gleichheit, soziale Sicherheit und weiterer notwendiger Rechte in Erf\u00fcllung gehen. Eine Hegemonie kommt der Natur zu, nicht den Menschen.<\/p>\n<p><strong>Als Empfehlung an die Konferenz in Dubai: <\/strong>Es w\u00e4re sinnvoll, wenn im Abschlussdokument der Klimakonferenz ein entsprechender Aufruf zur Vorbereitung einer neuen UNO- Entwicklungsperiode aufgenommen werden w\u00fcrde. Nicht das Klima allein bedroht die Menschheit.<\/p>\n<p>Das neue Denken sollte die f\u00fcr das \u00dcberleben wichtigen Bereiche umfassen. Eine Auswahl:<\/p>\n<ul>\n<li>Die Energieerzeugung aus fossilen Brennstoffen muss schrittweise beendet werden.<\/li>\n<li>Die Wachstumsprozesse m\u00fcssten auf die Anpassung der Lebensverh\u00e4ltnisse in der Welt, auf die Sanierung, auf Recycling und Materialwirtschaft konzentriert werden.<\/li>\n<li>Das Gesundheitswesen darf nicht in der Logik der Rendite verbleiben.<\/li>\n<li>Die Ern\u00e4hrungs- und Wohnsicherheit, die Arbeit und andere lebensnotwendige Bereiche der Charta der Menschenrechte sind im Blick zu halten.<\/li>\n<li>Die Vernetzung von Politik und Wissenschaft ist effektiver zu gestalten.<\/li>\n<li>Die Politik tr\u00e4gt Verantwortung, dass die Bildung und das Denkverm\u00f6gen nicht hinter dem Arbeitsverm\u00f6gen zur\u00fcck bleibt.<\/li>\n<li>und viele andere neuen Denkweisen, die zu gestalten sind. Eine Vorrangstufe hat die Sicherung des ewigen Friedens.<\/li>\n<\/ul>\n","protected":false},"excerpt":{"rendered":"<p>Diese Schicksalsfrage lies Shakespeare in seinem Hamlet Drama stellen. Europa war in jener Zeit des Mittelalters voller Kriegsl\u00e4rm. Pest &#8211; und Cholera Epidemien forderten viele Tote. Hunger und Not herrschte in den Landen. Gegenw\u00e4rtig verbreiten eine weltweite Klimawende, Kriege an&hellip;<\/p>\n","protected":false},"author":1463,"featured_media":1786984,"comment_status":"closed","ping_status":"closed","sticky":false,"template":"","format":"standard","meta":{"footnotes":""},"categories":[7835,9143,9157,11387,9168],"tags":[66617,108185,118298,56309,12395,118297],"class_list":["post-1786982","post","type-post","status-publish","format-standard","has-post-thumbnail","hentry","category-international-de","category-meinungen","category-oekologie-und-umwelt","category-originalinhalt","category-politik","tag-co2-steuer","tag-cop28","tag-dubai-de","tag-klimakrise","tag-klimawandel","tag-un-klimakonferenz"],"yoast_head":"<!-- This site is optimized with the Yoast SEO plugin v27.1.1 - https:\/\/yoast.com\/product\/yoast-seo-wordpress\/ -->\n<title>COP28 \u2013 \u201eSein oder Nicht sein?\u201c<\/title>\n<meta name=\"description\" content=\"Diese Schicksalsfrage lies Shakespeare in seinem Hamlet Drama stellen. Europa war in jener Zeit des Mittelalters voller Kriegsl\u00e4rm. Pest - und Cholera\" \/>\n<meta name=\"robots\" content=\"index, follow, max-snippet:-1, max-image-preview:large, max-video-preview:-1\" \/>\n<link rel=\"canonical\" href=\"https:\/\/www.pressenza.com\/de\/2023\/12\/cop28-sein-oder-nicht-sein\/\" \/>\n<meta property=\"og:locale\" content=\"de_DE\" \/>\n<meta property=\"og:type\" content=\"article\" \/>\n<meta property=\"og:title\" content=\"COP28 \u2013 \u201eSein oder Nicht sein?\u201c\" \/>\n<meta property=\"og:description\" content=\"Diese Schicksalsfrage lies Shakespeare in seinem Hamlet Drama stellen. Europa war in jener Zeit des Mittelalters voller Kriegsl\u00e4rm. Pest - und Cholera\" \/>\n<meta property=\"og:url\" content=\"https:\/\/www.pressenza.com\/de\/2023\/12\/cop28-sein-oder-nicht-sein\/\" \/>\n<meta property=\"og:site_name\" content=\"Pressenza\" \/>\n<meta property=\"article:publisher\" content=\"https:\/\/www.facebook.com\/PressenzaItalia\" \/>\n<meta property=\"article:published_time\" content=\"2023-12-10T11:16:58+00:00\" \/>\n<meta property=\"og:image\" content=\"https:\/\/www.pressenza.com\/wp-content\/uploads\/2023\/12\/53368482359_9d6fcc7954_k.jpg\" \/>\n\t<meta property=\"og:image:width\" content=\"1920\" \/>\n\t<meta property=\"og:image:height\" content=\"1319\" \/>\n\t<meta property=\"og:image:type\" content=\"image\/jpeg\" \/>\n<meta name=\"author\" content=\"G\u00fcnter Buhlke\" \/>\n<meta name=\"twitter:card\" content=\"summary_large_image\" \/>\n<meta name=\"twitter:creator\" content=\"@PressenzaIPA\" \/>\n<meta name=\"twitter:site\" content=\"@PressenzaIPA\" \/>\n<meta name=\"twitter:label1\" content=\"Verfasst von\" \/>\n\t<meta name=\"twitter:data1\" content=\"G\u00fcnter Buhlke\" \/>\n\t<meta name=\"twitter:label2\" content=\"Gesch\u00e4tzte Lesezeit\" \/>\n\t<meta name=\"twitter:data2\" content=\"3\u00a0Minuten\" \/>\n<script type=\"application\/ld+json\" class=\"yoast-schema-graph\">{\"@context\":\"https:\/\/schema.org\",\"@graph\":[{\"@type\":\"Article\",\"@id\":\"https:\/\/www.pressenza.com\/de\/2023\/12\/cop28-sein-oder-nicht-sein\/#article\",\"isPartOf\":{\"@id\":\"https:\/\/www.pressenza.com\/de\/2023\/12\/cop28-sein-oder-nicht-sein\/\"},\"author\":{\"name\":\"G\u00fcnter Buhlke\",\"@id\":\"https:\/\/www.pressenza.com\/de\/#\/schema\/person\/e48301baaf10fa4f78dc7566caf225b4\"},\"headline\":\"COP28 \u2013 \u201eSein oder Nicht sein?\u201c\",\"datePublished\":\"2023-12-10T11:16:58+00:00\",\"mainEntityOfPage\":{\"@id\":\"https:\/\/www.pressenza.com\/de\/2023\/12\/cop28-sein-oder-nicht-sein\/\"},\"wordCount\":488,\"publisher\":{\"@id\":\"https:\/\/www.pressenza.com\/de\/#organization\"},\"image\":{\"@id\":\"https:\/\/www.pressenza.com\/de\/2023\/12\/cop28-sein-oder-nicht-sein\/#primaryimage\"},\"thumbnailUrl\":\"https:\/\/www.pressenza.com\/wp-content\/uploads\/2023\/12\/53368482359_9d6fcc7954_k.jpg\",\"keywords\":[\"CO2-Steuer\",\"COP28\",\"Dubai\",\"Klimakrise\",\"Klimawandel\",\"UN-Klimakonferenz\"],\"articleSection\":[\"International\",\"Meinungen\",\"\u00d6kologie und Umwelt\",\"Originalinhalt\",\"Politik\"],\"inLanguage\":\"de\"},{\"@type\":\"WebPage\",\"@id\":\"https:\/\/www.pressenza.com\/de\/2023\/12\/cop28-sein-oder-nicht-sein\/\",\"url\":\"https:\/\/www.pressenza.com\/de\/2023\/12\/cop28-sein-oder-nicht-sein\/\",\"name\":\"COP28 \u2013 \u201eSein oder Nicht sein?\u201c\",\"isPartOf\":{\"@id\":\"https:\/\/www.pressenza.com\/de\/#website\"},\"primaryImageOfPage\":{\"@id\":\"https:\/\/www.pressenza.com\/de\/2023\/12\/cop28-sein-oder-nicht-sein\/#primaryimage\"},\"image\":{\"@id\":\"https:\/\/www.pressenza.com\/de\/2023\/12\/cop28-sein-oder-nicht-sein\/#primaryimage\"},\"thumbnailUrl\":\"https:\/\/www.pressenza.com\/wp-content\/uploads\/2023\/12\/53368482359_9d6fcc7954_k.jpg\",\"datePublished\":\"2023-12-10T11:16:58+00:00\",\"description\":\"Diese Schicksalsfrage lies Shakespeare in seinem Hamlet Drama stellen. Europa war in jener Zeit des Mittelalters voller Kriegsl\u00e4rm. Pest - und Cholera\",\"breadcrumb\":{\"@id\":\"https:\/\/www.pressenza.com\/de\/2023\/12\/cop28-sein-oder-nicht-sein\/#breadcrumb\"},\"inLanguage\":\"de\",\"potentialAction\":[{\"@type\":\"ReadAction\",\"target\":[\"https:\/\/www.pressenza.com\/de\/2023\/12\/cop28-sein-oder-nicht-sein\/\"]}]},{\"@type\":\"ImageObject\",\"inLanguage\":\"de\",\"@id\":\"https:\/\/www.pressenza.com\/de\/2023\/12\/cop28-sein-oder-nicht-sein\/#primaryimage\",\"url\":\"https:\/\/www.pressenza.com\/wp-content\/uploads\/2023\/12\/53368482359_9d6fcc7954_k.jpg\",\"contentUrl\":\"https:\/\/www.pressenza.com\/wp-content\/uploads\/2023\/12\/53368482359_9d6fcc7954_k.jpg\",\"width\":1920,\"height\":1319,\"caption\":\"COP28 \u2013 \u201eSein oder Nicht sein?\u201c\"},{\"@type\":\"BreadcrumbList\",\"@id\":\"https:\/\/www.pressenza.com\/de\/2023\/12\/cop28-sein-oder-nicht-sein\/#breadcrumb\",\"itemListElement\":[{\"@type\":\"ListItem\",\"position\":1,\"name\":\"Accueil\",\"item\":\"https:\/\/www.pressenza.com\/de\/\"},{\"@type\":\"ListItem\",\"position\":2,\"name\":\"COP28 \u2013 \u201eSein oder Nicht sein?\u201c\"}]},{\"@type\":\"WebSite\",\"@id\":\"https:\/\/www.pressenza.com\/de\/#website\",\"url\":\"https:\/\/www.pressenza.com\/de\/\",\"name\":\"Pressenza\",\"description\":\"International Press Agency\",\"publisher\":{\"@id\":\"https:\/\/www.pressenza.com\/de\/#organization\"},\"potentialAction\":[{\"@type\":\"SearchAction\",\"target\":{\"@type\":\"EntryPoint\",\"urlTemplate\":\"https:\/\/www.pressenza.com\/de\/?s={search_term_string}\"},\"query-input\":{\"@type\":\"PropertyValueSpecification\",\"valueRequired\":true,\"valueName\":\"search_term_string\"}}],\"inLanguage\":\"de\"},{\"@type\":\"Organization\",\"@id\":\"https:\/\/www.pressenza.com\/de\/#organization\",\"name\":\"Pressenza\",\"url\":\"https:\/\/www.pressenza.com\/de\/\",\"logo\":{\"@type\":\"ImageObject\",\"inLanguage\":\"de\",\"@id\":\"https:\/\/www.pressenza.com\/de\/#\/schema\/logo\/image\/\",\"url\":\"https:\/\/www.pressenza.com\/wp-content\/uploads\/2022\/10\/pressenza_logo_200x200.jpg\",\"contentUrl\":\"https:\/\/www.pressenza.com\/wp-content\/uploads\/2022\/10\/pressenza_logo_200x200.jpg\",\"width\":200,\"height\":200,\"caption\":\"Pressenza\"},\"image\":{\"@id\":\"https:\/\/www.pressenza.com\/de\/#\/schema\/logo\/image\/\"},\"sameAs\":[\"https:\/\/www.facebook.com\/PressenzaItalia\",\"https:\/\/x.com\/PressenzaIPA\"]},{\"@type\":\"Person\",\"@id\":\"https:\/\/www.pressenza.com\/de\/#\/schema\/person\/e48301baaf10fa4f78dc7566caf225b4\",\"name\":\"G\u00fcnter Buhlke\",\"description\":\"Geboren 1934, Studium an der Humboldtuniversit\u00e4t und der Hochschule f\u00fcr \u00d6konomie Berlin, dipl. Volkswirtschaftler. Internationale Arbeit als Handelsrat in Mexiko und Venezuela. Koordinator f\u00fcr die Wirtschaftsbeziehungen der DDR zu Lateinamerika. Wirtschaftserfahrungen als\u00a0langj\u00e4hriger Leiter des Schweizerischen Instituts f\u00fcr Betriebswirtschaft in Berlin, Vorstand einer Wohnungsgenossenschaft und Referent im Haushaltsausschuss der Volkskammer und des Bundestages. Gegenw\u00e4rtig ehrenamtliche T\u00e4tigkeiten.\",\"url\":\"https:\/\/www.pressenza.com\/de\/author\/guenter-buhlke\/\"}]}<\/script>\n<!-- \/ Yoast SEO plugin. -->","yoast_head_json":{"title":"COP28 \u2013 \u201eSein oder Nicht sein?\u201c","description":"Diese Schicksalsfrage lies Shakespeare in seinem Hamlet Drama stellen. Europa war in jener Zeit des Mittelalters voller Kriegsl\u00e4rm. Pest - und Cholera","robots":{"index":"index","follow":"follow","max-snippet":"max-snippet:-1","max-image-preview":"max-image-preview:large","max-video-preview":"max-video-preview:-1"},"canonical":"https:\/\/www.pressenza.com\/de\/2023\/12\/cop28-sein-oder-nicht-sein\/","og_locale":"de_DE","og_type":"article","og_title":"COP28 \u2013 \u201eSein oder Nicht sein?\u201c","og_description":"Diese Schicksalsfrage lies Shakespeare in seinem Hamlet Drama stellen. Europa war in jener Zeit des Mittelalters voller Kriegsl\u00e4rm. Pest - und Cholera","og_url":"https:\/\/www.pressenza.com\/de\/2023\/12\/cop28-sein-oder-nicht-sein\/","og_site_name":"Pressenza","article_publisher":"https:\/\/www.facebook.com\/PressenzaItalia","article_published_time":"2023-12-10T11:16:58+00:00","og_image":[{"width":1920,"height":1319,"url":"https:\/\/www.pressenza.com\/wp-content\/uploads\/2023\/12\/53368482359_9d6fcc7954_k.jpg","type":"image\/jpeg"}],"author":"G\u00fcnter Buhlke","twitter_card":"summary_large_image","twitter_creator":"@PressenzaIPA","twitter_site":"@PressenzaIPA","twitter_misc":{"Verfasst von":"G\u00fcnter Buhlke","Gesch\u00e4tzte Lesezeit":"3\u00a0Minuten"},"schema":{"@context":"https:\/\/schema.org","@graph":[{"@type":"Article","@id":"https:\/\/www.pressenza.com\/de\/2023\/12\/cop28-sein-oder-nicht-sein\/#article","isPartOf":{"@id":"https:\/\/www.pressenza.com\/de\/2023\/12\/cop28-sein-oder-nicht-sein\/"},"author":{"name":"G\u00fcnter Buhlke","@id":"https:\/\/www.pressenza.com\/de\/#\/schema\/person\/e48301baaf10fa4f78dc7566caf225b4"},"headline":"COP28 \u2013 \u201eSein oder Nicht sein?\u201c","datePublished":"2023-12-10T11:16:58+00:00","mainEntityOfPage":{"@id":"https:\/\/www.pressenza.com\/de\/2023\/12\/cop28-sein-oder-nicht-sein\/"},"wordCount":488,"publisher":{"@id":"https:\/\/www.pressenza.com\/de\/#organization"},"image":{"@id":"https:\/\/www.pressenza.com\/de\/2023\/12\/cop28-sein-oder-nicht-sein\/#primaryimage"},"thumbnailUrl":"https:\/\/www.pressenza.com\/wp-content\/uploads\/2023\/12\/53368482359_9d6fcc7954_k.jpg","keywords":["CO2-Steuer","COP28","Dubai","Klimakrise","Klimawandel","UN-Klimakonferenz"],"articleSection":["International","Meinungen","\u00d6kologie und Umwelt","Originalinhalt","Politik"],"inLanguage":"de"},{"@type":"WebPage","@id":"https:\/\/www.pressenza.com\/de\/2023\/12\/cop28-sein-oder-nicht-sein\/","url":"https:\/\/www.pressenza.com\/de\/2023\/12\/cop28-sein-oder-nicht-sein\/","name":"COP28 \u2013 \u201eSein oder Nicht sein?\u201c","isPartOf":{"@id":"https:\/\/www.pressenza.com\/de\/#website"},"primaryImageOfPage":{"@id":"https:\/\/www.pressenza.com\/de\/2023\/12\/cop28-sein-oder-nicht-sein\/#primaryimage"},"image":{"@id":"https:\/\/www.pressenza.com\/de\/2023\/12\/cop28-sein-oder-nicht-sein\/#primaryimage"},"thumbnailUrl":"https:\/\/www.pressenza.com\/wp-content\/uploads\/2023\/12\/53368482359_9d6fcc7954_k.jpg","datePublished":"2023-12-10T11:16:58+00:00","description":"Diese Schicksalsfrage lies Shakespeare in seinem Hamlet Drama stellen. Europa war in jener Zeit des Mittelalters voller Kriegsl\u00e4rm. Pest - und Cholera","breadcrumb":{"@id":"https:\/\/www.pressenza.com\/de\/2023\/12\/cop28-sein-oder-nicht-sein\/#breadcrumb"},"inLanguage":"de","potentialAction":[{"@type":"ReadAction","target":["https:\/\/www.pressenza.com\/de\/2023\/12\/cop28-sein-oder-nicht-sein\/"]}]},{"@type":"ImageObject","inLanguage":"de","@id":"https:\/\/www.pressenza.com\/de\/2023\/12\/cop28-sein-oder-nicht-sein\/#primaryimage","url":"https:\/\/www.pressenza.com\/wp-content\/uploads\/2023\/12\/53368482359_9d6fcc7954_k.jpg","contentUrl":"https:\/\/www.pressenza.com\/wp-content\/uploads\/2023\/12\/53368482359_9d6fcc7954_k.jpg","width":1920,"height":1319,"caption":"COP28 \u2013 \u201eSein oder Nicht sein?\u201c"},{"@type":"BreadcrumbList","@id":"https:\/\/www.pressenza.com\/de\/2023\/12\/cop28-sein-oder-nicht-sein\/#breadcrumb","itemListElement":[{"@type":"ListItem","position":1,"name":"Accueil","item":"https:\/\/www.pressenza.com\/de\/"},{"@type":"ListItem","position":2,"name":"COP28 \u2013 \u201eSein oder Nicht sein?\u201c"}]},{"@type":"WebSite","@id":"https:\/\/www.pressenza.com\/de\/#website","url":"https:\/\/www.pressenza.com\/de\/","name":"Pressenza","description":"International Press Agency","publisher":{"@id":"https:\/\/www.pressenza.com\/de\/#organization"},"potentialAction":[{"@type":"SearchAction","target":{"@type":"EntryPoint","urlTemplate":"https:\/\/www.pressenza.com\/de\/?s={search_term_string}"},"query-input":{"@type":"PropertyValueSpecification","valueRequired":true,"valueName":"search_term_string"}}],"inLanguage":"de"},{"@type":"Organization","@id":"https:\/\/www.pressenza.com\/de\/#organization","name":"Pressenza","url":"https:\/\/www.pressenza.com\/de\/","logo":{"@type":"ImageObject","inLanguage":"de","@id":"https:\/\/www.pressenza.com\/de\/#\/schema\/logo\/image\/","url":"https:\/\/www.pressenza.com\/wp-content\/uploads\/2022\/10\/pressenza_logo_200x200.jpg","contentUrl":"https:\/\/www.pressenza.com\/wp-content\/uploads\/2022\/10\/pressenza_logo_200x200.jpg","width":200,"height":200,"caption":"Pressenza"},"image":{"@id":"https:\/\/www.pressenza.com\/de\/#\/schema\/logo\/image\/"},"sameAs":["https:\/\/www.facebook.com\/PressenzaItalia","https:\/\/x.com\/PressenzaIPA"]},{"@type":"Person","@id":"https:\/\/www.pressenza.com\/de\/#\/schema\/person\/e48301baaf10fa4f78dc7566caf225b4","name":"G\u00fcnter Buhlke","description":"Geboren 1934, Studium an der Humboldtuniversit\u00e4t und der Hochschule f\u00fcr \u00d6konomie Berlin, dipl. Volkswirtschaftler. Internationale Arbeit als Handelsrat in Mexiko und Venezuela. Koordinator f\u00fcr die Wirtschaftsbeziehungen der DDR zu Lateinamerika. Wirtschaftserfahrungen als\u00a0langj\u00e4hriger Leiter des Schweizerischen Instituts f\u00fcr Betriebswirtschaft in Berlin, Vorstand einer Wohnungsgenossenschaft und Referent im Haushaltsausschuss der Volkskammer und des Bundestages. Gegenw\u00e4rtig ehrenamtliche T\u00e4tigkeiten.","url":"https:\/\/www.pressenza.com\/de\/author\/guenter-buhlke\/"}]}},"place":"","original_article_url":"","_links":{"self":[{"href":"https:\/\/www.pressenza.com\/de\/wp-json\/wp\/v2\/posts\/1786982","targetHints":{"allow":["GET"]}}],"collection":[{"href":"https:\/\/www.pressenza.com\/de\/wp-json\/wp\/v2\/posts"}],"about":[{"href":"https:\/\/www.pressenza.com\/de\/wp-json\/wp\/v2\/types\/post"}],"author":[{"embeddable":true,"href":"https:\/\/www.pressenza.com\/de\/wp-json\/wp\/v2\/users\/1463"}],"replies":[{"embeddable":true,"href":"https:\/\/www.pressenza.com\/de\/wp-json\/wp\/v2\/comments?post=1786982"}],"version-history":[{"count":0,"href":"https:\/\/www.pressenza.com\/de\/wp-json\/wp\/v2\/posts\/1786982\/revisions"}],"wp:featuredmedia":[{"embeddable":true,"href":"https:\/\/www.pressenza.com\/de\/wp-json\/wp\/v2\/media\/1786984"}],"wp:attachment":[{"href":"https:\/\/www.pressenza.com\/de\/wp-json\/wp\/v2\/media?parent=1786982"}],"wp:term":[{"taxonomy":"category","embeddable":true,"href":"https:\/\/www.pressenza.com\/de\/wp-json\/wp\/v2\/categories?post=1786982"},{"taxonomy":"post_tag","embeddable":true,"href":"https:\/\/www.pressenza.com\/de\/wp-json\/wp\/v2\/tags?post=1786982"}],"curies":[{"name":"wp","href":"https:\/\/api.w.org\/{rel}","templated":true}]}}