{"id":1786165,"date":"2023-12-07T09:43:04","date_gmt":"2023-12-07T09:43:04","guid":{"rendered":"https:\/\/www.pressenza.com\/?p=1786165"},"modified":"2023-12-06T14:43:50","modified_gmt":"2023-12-06T14:43:50","slug":"75-jahre-menschenrechte-beleidigte-aller-laender-vereinigt-euch","status":"publish","type":"post","link":"https:\/\/www.pressenza.com\/de\/2023\/12\/75-jahre-menschenrechte-beleidigte-aller-laender-vereinigt-euch\/","title":{"rendered":"75 Jahre Menschenrechte: Beleidigte aller L\u00e4nder, vereinigt euch"},"content":{"rendered":"<p><strong>Peter Grohmanns Ansprache Er\u00f6ffnung der Plakat-Ausstellung\u00a0 &#8222;75 Jahre Menschenrechte &#8211; Mein Name ist Mensch&#8220; in Bad Urach.<\/strong><\/p>\n<h3><strong>Schlimme Zeiten f\u00fcr die Menschenrechte<\/strong><\/h3>\n<p>Es sind schlimme Zeiten f\u00fcr die Menschenrechte, da sind wir uns einig, noch bevor Sie auch nur ein Plakat der Ausstellung &#8222;Mein Name ist Mensch&#8220; gesehen, ein Wort geh\u00f6rt haben. Plakate und die AkteurInnen, die sie erdacht, getextet, gestaltet und idealerweise an Hausw\u00e4nde statt in die Galerien geh\u00e4ngt haben, machen sich \u00f6ffentlich in einer Weise, wie sie Hannah Arendt in anderen Kontexten beschreibt:<\/p>\n<blockquote><p><em>&#8222;Gewonnen wird die Humanit\u00e4t nie in der Einsamkeit und nie dadurch, da\u00df einer sein Werk der \u00d6ffentlichkeit \u00fcbergibt. Nur wer sein Leben und seine Person mit in das Wagnis der \u00d6ffentlichkeit nimmt, kann sie erreichen &#8230;<\/em><\/p>\n<p><em>&#8230; Man exponiert sich im Lichte der \u00d6ffentlichkeit, und zwar als Person. Ich weiss, da\u00df in jedem Handeln die Person in einer Weise zum Ausdruck kommt wie in keiner anderen T\u00e4tigkeit. Wobei das Sprechen auch eine Form des Handelns ist&#8230;<\/em><\/p>\n<p><em>&#8230;Wir fangen etwas an; wir schlagen unseren Faden in ein Netz der Beziehungen. Was daraus wird, wissen wir nie. Das ist ein Wagnis. Dieses Wagnis ist nur m\u00f6glich ist im Vertrauen auf die Menschen. Das hei\u00dft, in einem \u0096<\/em><em> schwer genau zu fassenden, aber grunds\u00e4<\/em><em>tzlichen \u0096<\/em><em>Vertrauen auf das Menschliche.&#8220;<\/em><\/p><\/blockquote>\n<p>Auszugsweise aus Hannah Arendt 1964 in einem Gespr\u00e4ch mit G\u00fcnter Gaus.<\/p>\n<h3><strong>Beleidigte aller L\u00e4nder, vereinigt euch<\/strong><\/h3>\n<p>Die Debatten der letzten Zeit werden schwieriger, da ist viel verloren gegangen vom Zuh\u00f6ren-K\u00f6nnen, vom Widersprechen, vom Aushalten anderer Meinungen.<\/p>\n<p>Beleidigte aller L\u00e4nder, vereinigt euch. Bei allem Widerspruch, bei allen Differenzen aber geht unsere Arbeit von der festen \u00dcberzeugung aus, dass unser kleinster gemeinsamer Nenner die Menschenrechte sein m\u00fcssen. Darunter geht gar nichts, darunter stirbt alles ab. Unter dieser Pr\u00e4misse arbeiten die AnStifter, ein zivilgesellschaftliches, weitgehend ehrenamtlich arbeitendes Projekt gegen Gewalt und Vergessen, das hinter dieser Ausstellung, der Kampagne f\u00fcr Menschenrechte steht &#8211; mit Jochen und Martin Stankowski, mit Gerhart Baum, Frank Richter, mit vielen Institutionen, Einrichtungen, Bildungstr\u00e4gern&#8230;<\/p>\n<h3><strong>Vertrauen verspielt oder nur verloren?<\/strong><\/h3>\n<p>Wenn wir diesen gemeinsamen Nenner &#8211; die Erkl\u00e4rung Menschenrechte &#8211; als Kompass verlieren, verlieren wir das Vertrauen in Staat und Institutionen, in die Demokratie, die Republik &#8211; wobei dieses Vertrauen selbstverst\u00e4ndlich unsere Kritikf\u00e4higkeit und Widerspenstigkeit voraussetzt. Und vorausgesetzt ist auch, dass die 30 Artikel ein Wegweiser sein k\u00f6nnen, dass aber der Weg zur Realisierung der Menschenrechte noch weit und anstrengend sein wird. Nein, nicht &#8218;ausw\u00e4rts&#8220;, auch bei uns. Momentan n\u00e4hern wir uns einem Vertrauensverlust in be\u00e4ngstigender Weise. Die Ratlosigkeit, wie man dagegen halten k\u00f6nnte, ist gro\u00df. Denn all unsere Arbeit aus Jahrzehnten, all <em>Ihre<\/em> Aufkl\u00e4rungsarbeit, all unsere Kritik, all die Vortr\u00e4ge und Debatten, Filme, B\u00fccher, Medien konnten offensichtlich nicht verhindern, dass der Populismus gewaltt\u00e4tig an Boden gewinnt, dass Antisemitismus, Ausl\u00e4nderfeindlichkeit und Gewalt zunehmen wie selten zuvor. Ich m\u00f6chte nicht behaupten, dass &#8218;geistige&#8216; Verfassung, Medienkompetenz, Wissen, Bildung etc. pp. von Millionen Menschen nichts mit unserer Arbeit zu tun haben. Pisa l\u00e4sst gr\u00fc\u00dfen. Aber ich f\u00fcrchte noch etwas ganz anderes: Die Abwiegler, die vielen, die verwundert den Kopf sch\u00fctteln \u00fcber solche Bef\u00fcrchtungen und deren Vertrauen fast grenzenlos ist.<\/p>\n<h3><strong>Zukunft Demokratie<\/strong><\/h3>\n<p>Vielleicht braucht es, was die politische (und allgemeine) Bildung angeht, ein neues, ein Anders-Denken, ein enges Zusammenr\u00fccken von zivilgesellschaftlichen AkteurInnen, von staatlichen, kommunalen und freien Tr\u00e4gern, von Eltern-verb\u00e4nden, Kirchen, Gewerkschaften, sozialen Einrichtungen, von Sponsoren, von Kinos, Theatern, Clubs, B\u00fchnen, Prominenten, von Kultur- und Medienschaffenden, von Schulen und Universit\u00e4ten, von und B\u00fcrgerInnen wir du und ich. Bei aller Kritik und Unterschiedlichkeit: Von Demokratie-Rettern. Ein B\u00fcndnis f\u00fcr das Grundgesetz, f\u00fcr die Menschenrechte, f\u00fcr die Republik. Die &#8218;Vorlage&#8216; f\u00fcr das Grundgesetz, das im Mai 2024 ebenfalls 75 Jahre alt wird, war die Erkl\u00e4rung der Menschenrechte. Zukunft Demokratie, das ist gemeinsam zu bereden!<\/p>\n<p>Ja, da m\u00fcssen wir unsere Grenzen sprengen, die vielen Scheuklappen beim Hindernisrennen f\u00fcr die Republik abnehmen, mehr Mut zu neuem Wegen haben. Dazu wollen wir Sie anstiften. Und ich wiederhole Hannah Arendt:<\/p>\n<blockquote><p><em>Wir fangen etwas an; wir schlagen unseren Faden in ein Netz der Beziehungen. Was daraus wird, wissen wir nie. Das ist ein Wagnis. Dieses Wagnis ist nur m\u00f6glich ist im Vertrauen auf die Menschen. Das hei\u00dft, in einem schwer genau zu fassenden, aber grunds\u00e4tzlichen Vertrauen auf das Menschliche.&#8220;<\/em><\/p><\/blockquote>\n<p><em>Peter Grohmann<\/em><br \/>\n<em>Autor und Kabarettist, Gr\u00fcnder der AnStifter, <a href=\"http:\/\/www.die-anstifter.de\">www.die-anstifter.de<\/a><\/em><\/p>\n<p style=\"text-align: left;\" align=\"right\"><strong><em><a href=\"https:\/\/30tageimnovember.de\/\" target=\"_blank\" rel=\"noopener\">Plakat-Ausstellung<\/a> in Bad Urach, Landeszentrale f\u00fcr politische Bildung, Haus auf der Alb, am 5.12.2023<\/em><\/strong><a href=\"https:\/\/30tageimnovember.de\/\" target=\"_blank\" rel=\"noopener\">\u00a0<\/a><\/p>\n","protected":false},"excerpt":{"rendered":"<p>Peter Grohmanns Ansprache Er\u00f6ffnung der Plakat-Ausstellung\u00a0 &#8222;75 Jahre Menschenrechte &#8211; Mein Name ist Mensch&#8220; in Bad Urach. Schlimme Zeiten f\u00fcr die Menschenrechte Es sind schlimme Zeiten f\u00fcr die Menschenrechte, da sind wir uns einig, noch bevor Sie auch nur ein&hellip;<\/p>\n","protected":false},"author":2138,"featured_media":1786168,"comment_status":"closed","ping_status":"closed","sticky":false,"template":"","format":"standard","meta":{"footnotes":""},"categories":[9150,7835,9161],"tags":[109303,118383,22228,18300,63121],"class_list":["post-1786165","post","type-post","status-publish","format-standard","has-post-thumbnail","hentry","category-europa-de","category-international-de","category-menschenrechte","tag-75-jahre-allgemeine-erklaerung-der-menschenrechte","tag-mein-name-ist-mensch","tag-menschenrechte","tag-menschenrechtscharta","tag-veranstaltungshinweis"],"yoast_head":"<!-- This site is optimized with the Yoast SEO plugin v27.1.1 - https:\/\/yoast.com\/product\/yoast-seo-wordpress\/ -->\n<title>75 Jahre Menschenrechte: Beleidigte aller L\u00e4nder, vereinigt euch<\/title>\n<meta name=\"description\" content=\"Peter Grohmanns Ansprache Er\u00f6ffnung der Plakat-Ausstellung\u00a0 &quot;75 Jahre Menschenrechte - Mein Name ist Mensch&quot; in Bad Urach. Schlimme Zeiten f\u00fcr die\" \/>\n<meta name=\"robots\" content=\"index, follow, max-snippet:-1, max-image-preview:large, max-video-preview:-1\" \/>\n<link rel=\"canonical\" href=\"https:\/\/www.pressenza.com\/de\/2023\/12\/75-jahre-menschenrechte-beleidigte-aller-laender-vereinigt-euch\/\" \/>\n<meta property=\"og:locale\" content=\"de_DE\" \/>\n<meta property=\"og:type\" content=\"article\" \/>\n<meta property=\"og:title\" content=\"75 Jahre Menschenrechte: Beleidigte aller L\u00e4nder, vereinigt euch\" \/>\n<meta property=\"og:description\" content=\"Peter Grohmanns Ansprache Er\u00f6ffnung der Plakat-Ausstellung\u00a0 &quot;75 Jahre Menschenrechte - Mein Name ist Mensch&quot; in Bad Urach. Schlimme Zeiten f\u00fcr die\" \/>\n<meta property=\"og:url\" content=\"https:\/\/www.pressenza.com\/de\/2023\/12\/75-jahre-menschenrechte-beleidigte-aller-laender-vereinigt-euch\/\" \/>\n<meta property=\"og:site_name\" content=\"Pressenza\" \/>\n<meta property=\"article:publisher\" content=\"https:\/\/www.facebook.com\/PressenzaItalia\" \/>\n<meta property=\"article:published_time\" content=\"2023-12-07T09:43:04+00:00\" \/>\n<meta property=\"og:image\" content=\"https:\/\/www.pressenza.com\/wp-content\/uploads\/2023\/12\/MeinNameistMensch.jpg\" \/>\n\t<meta property=\"og:image:width\" content=\"820\" \/>\n\t<meta property=\"og:image:height\" content=\"615\" \/>\n\t<meta property=\"og:image:type\" content=\"image\/jpeg\" \/>\n<meta name=\"author\" content=\"Peter Grohmann\" \/>\n<meta name=\"twitter:card\" content=\"summary_large_image\" \/>\n<meta name=\"twitter:creator\" content=\"@PressenzaIPA\" \/>\n<meta name=\"twitter:site\" content=\"@PressenzaIPA\" \/>\n<meta name=\"twitter:label1\" content=\"Verfasst von\" \/>\n\t<meta name=\"twitter:data1\" content=\"Peter Grohmann\" \/>\n\t<meta name=\"twitter:label2\" content=\"Gesch\u00e4tzte Lesezeit\" \/>\n\t<meta name=\"twitter:data2\" content=\"4\u00a0Minuten\" \/>\n<script type=\"application\/ld+json\" class=\"yoast-schema-graph\">{\"@context\":\"https:\/\/schema.org\",\"@graph\":[{\"@type\":\"Article\",\"@id\":\"https:\/\/www.pressenza.com\/de\/2023\/12\/75-jahre-menschenrechte-beleidigte-aller-laender-vereinigt-euch\/#article\",\"isPartOf\":{\"@id\":\"https:\/\/www.pressenza.com\/de\/2023\/12\/75-jahre-menschenrechte-beleidigte-aller-laender-vereinigt-euch\/\"},\"author\":{\"name\":\"Peter Grohmann\",\"@id\":\"https:\/\/www.pressenza.com\/de\/#\/schema\/person\/13fbb69602a371248f3199c744d1187e\"},\"headline\":\"75 Jahre Menschenrechte: Beleidigte aller L\u00e4nder, vereinigt euch\",\"datePublished\":\"2023-12-07T09:43:04+00:00\",\"mainEntityOfPage\":{\"@id\":\"https:\/\/www.pressenza.com\/de\/2023\/12\/75-jahre-menschenrechte-beleidigte-aller-laender-vereinigt-euch\/\"},\"wordCount\":769,\"publisher\":{\"@id\":\"https:\/\/www.pressenza.com\/de\/#organization\"},\"image\":{\"@id\":\"https:\/\/www.pressenza.com\/de\/2023\/12\/75-jahre-menschenrechte-beleidigte-aller-laender-vereinigt-euch\/#primaryimage\"},\"thumbnailUrl\":\"https:\/\/www.pressenza.com\/wp-content\/uploads\/2023\/12\/MeinNameistMensch.jpg\",\"keywords\":[\"75 Jahre Allgemeine Erkl\u00e4rung der Menschenrechte\",\"Mein Name ist Mensch\",\"Menschenrechte\",\"Menschenrechtscharta\",\"Veranstaltungshinweis\"],\"articleSection\":[\"Europa\",\"International\",\"Menschenrechte\"],\"inLanguage\":\"de\"},{\"@type\":\"WebPage\",\"@id\":\"https:\/\/www.pressenza.com\/de\/2023\/12\/75-jahre-menschenrechte-beleidigte-aller-laender-vereinigt-euch\/\",\"url\":\"https:\/\/www.pressenza.com\/de\/2023\/12\/75-jahre-menschenrechte-beleidigte-aller-laender-vereinigt-euch\/\",\"name\":\"75 Jahre Menschenrechte: Beleidigte aller L\u00e4nder, vereinigt euch\",\"isPartOf\":{\"@id\":\"https:\/\/www.pressenza.com\/de\/#website\"},\"primaryImageOfPage\":{\"@id\":\"https:\/\/www.pressenza.com\/de\/2023\/12\/75-jahre-menschenrechte-beleidigte-aller-laender-vereinigt-euch\/#primaryimage\"},\"image\":{\"@id\":\"https:\/\/www.pressenza.com\/de\/2023\/12\/75-jahre-menschenrechte-beleidigte-aller-laender-vereinigt-euch\/#primaryimage\"},\"thumbnailUrl\":\"https:\/\/www.pressenza.com\/wp-content\/uploads\/2023\/12\/MeinNameistMensch.jpg\",\"datePublished\":\"2023-12-07T09:43:04+00:00\",\"description\":\"Peter Grohmanns Ansprache Er\u00f6ffnung der Plakat-Ausstellung\u00a0 \\\"75 Jahre Menschenrechte - Mein Name ist Mensch\\\" in Bad Urach. Schlimme Zeiten f\u00fcr die\",\"breadcrumb\":{\"@id\":\"https:\/\/www.pressenza.com\/de\/2023\/12\/75-jahre-menschenrechte-beleidigte-aller-laender-vereinigt-euch\/#breadcrumb\"},\"inLanguage\":\"de\",\"potentialAction\":[{\"@type\":\"ReadAction\",\"target\":[\"https:\/\/www.pressenza.com\/de\/2023\/12\/75-jahre-menschenrechte-beleidigte-aller-laender-vereinigt-euch\/\"]}]},{\"@type\":\"ImageObject\",\"inLanguage\":\"de\",\"@id\":\"https:\/\/www.pressenza.com\/de\/2023\/12\/75-jahre-menschenrechte-beleidigte-aller-laender-vereinigt-euch\/#primaryimage\",\"url\":\"https:\/\/www.pressenza.com\/wp-content\/uploads\/2023\/12\/MeinNameistMensch.jpg\",\"contentUrl\":\"https:\/\/www.pressenza.com\/wp-content\/uploads\/2023\/12\/MeinNameistMensch.jpg\",\"width\":820,\"height\":615},{\"@type\":\"BreadcrumbList\",\"@id\":\"https:\/\/www.pressenza.com\/de\/2023\/12\/75-jahre-menschenrechte-beleidigte-aller-laender-vereinigt-euch\/#breadcrumb\",\"itemListElement\":[{\"@type\":\"ListItem\",\"position\":1,\"name\":\"Accueil\",\"item\":\"https:\/\/www.pressenza.com\/de\/\"},{\"@type\":\"ListItem\",\"position\":2,\"name\":\"75 Jahre Menschenrechte: Beleidigte aller L\u00e4nder, vereinigt euch\"}]},{\"@type\":\"WebSite\",\"@id\":\"https:\/\/www.pressenza.com\/de\/#website\",\"url\":\"https:\/\/www.pressenza.com\/de\/\",\"name\":\"Pressenza\",\"description\":\"International Press Agency\",\"publisher\":{\"@id\":\"https:\/\/www.pressenza.com\/de\/#organization\"},\"potentialAction\":[{\"@type\":\"SearchAction\",\"target\":{\"@type\":\"EntryPoint\",\"urlTemplate\":\"https:\/\/www.pressenza.com\/de\/?s={search_term_string}\"},\"query-input\":{\"@type\":\"PropertyValueSpecification\",\"valueRequired\":true,\"valueName\":\"search_term_string\"}}],\"inLanguage\":\"de\"},{\"@type\":\"Organization\",\"@id\":\"https:\/\/www.pressenza.com\/de\/#organization\",\"name\":\"Pressenza\",\"url\":\"https:\/\/www.pressenza.com\/de\/\",\"logo\":{\"@type\":\"ImageObject\",\"inLanguage\":\"de\",\"@id\":\"https:\/\/www.pressenza.com\/de\/#\/schema\/logo\/image\/\",\"url\":\"https:\/\/www.pressenza.com\/wp-content\/uploads\/2022\/10\/pressenza_logo_200x200.jpg\",\"contentUrl\":\"https:\/\/www.pressenza.com\/wp-content\/uploads\/2022\/10\/pressenza_logo_200x200.jpg\",\"width\":200,\"height\":200,\"caption\":\"Pressenza\"},\"image\":{\"@id\":\"https:\/\/www.pressenza.com\/de\/#\/schema\/logo\/image\/\"},\"sameAs\":[\"https:\/\/www.facebook.com\/PressenzaItalia\",\"https:\/\/x.com\/PressenzaIPA\"]},{\"@type\":\"Person\",\"@id\":\"https:\/\/www.pressenza.com\/de\/#\/schema\/person\/13fbb69602a371248f3199c744d1187e\",\"name\":\"Peter Grohmann\",\"description\":\"(Jahrgang 1937) lebt in Stuttgart, ist Schriftsteller und Kabarettist und arbeitet u.a. f\u00fcr die Wochenzeitung Kontext, de TAZ und diverse andere Medien. Grohmann hat das B\u00fcrgerprojekt Die AnStifter gegr\u00fcndet, heute eine der gro\u00dfen zivilgeellschaftlichen Gruppen mit dem Schwerpunkt \u201egegen Gewalt und Vergessen\u201d. https:\/\/dewiki.de\/Lexikon\/Peter_Grohmann\",\"url\":\"https:\/\/www.pressenza.com\/de\/author\/peter-grohmann\/\"}]}<\/script>\n<!-- \/ Yoast SEO plugin. -->","yoast_head_json":{"title":"75 Jahre Menschenrechte: Beleidigte aller L\u00e4nder, vereinigt euch","description":"Peter Grohmanns Ansprache Er\u00f6ffnung der Plakat-Ausstellung\u00a0 \"75 Jahre Menschenrechte - Mein Name ist Mensch\" in Bad Urach. Schlimme Zeiten f\u00fcr die","robots":{"index":"index","follow":"follow","max-snippet":"max-snippet:-1","max-image-preview":"max-image-preview:large","max-video-preview":"max-video-preview:-1"},"canonical":"https:\/\/www.pressenza.com\/de\/2023\/12\/75-jahre-menschenrechte-beleidigte-aller-laender-vereinigt-euch\/","og_locale":"de_DE","og_type":"article","og_title":"75 Jahre Menschenrechte: Beleidigte aller L\u00e4nder, vereinigt euch","og_description":"Peter Grohmanns Ansprache Er\u00f6ffnung der Plakat-Ausstellung\u00a0 \"75 Jahre Menschenrechte - Mein Name ist Mensch\" in Bad Urach. Schlimme Zeiten f\u00fcr die","og_url":"https:\/\/www.pressenza.com\/de\/2023\/12\/75-jahre-menschenrechte-beleidigte-aller-laender-vereinigt-euch\/","og_site_name":"Pressenza","article_publisher":"https:\/\/www.facebook.com\/PressenzaItalia","article_published_time":"2023-12-07T09:43:04+00:00","og_image":[{"width":820,"height":615,"url":"https:\/\/www.pressenza.com\/wp-content\/uploads\/2023\/12\/MeinNameistMensch.jpg","type":"image\/jpeg"}],"author":"Peter Grohmann","twitter_card":"summary_large_image","twitter_creator":"@PressenzaIPA","twitter_site":"@PressenzaIPA","twitter_misc":{"Verfasst von":"Peter Grohmann","Gesch\u00e4tzte Lesezeit":"4\u00a0Minuten"},"schema":{"@context":"https:\/\/schema.org","@graph":[{"@type":"Article","@id":"https:\/\/www.pressenza.com\/de\/2023\/12\/75-jahre-menschenrechte-beleidigte-aller-laender-vereinigt-euch\/#article","isPartOf":{"@id":"https:\/\/www.pressenza.com\/de\/2023\/12\/75-jahre-menschenrechte-beleidigte-aller-laender-vereinigt-euch\/"},"author":{"name":"Peter Grohmann","@id":"https:\/\/www.pressenza.com\/de\/#\/schema\/person\/13fbb69602a371248f3199c744d1187e"},"headline":"75 Jahre Menschenrechte: Beleidigte aller L\u00e4nder, vereinigt euch","datePublished":"2023-12-07T09:43:04+00:00","mainEntityOfPage":{"@id":"https:\/\/www.pressenza.com\/de\/2023\/12\/75-jahre-menschenrechte-beleidigte-aller-laender-vereinigt-euch\/"},"wordCount":769,"publisher":{"@id":"https:\/\/www.pressenza.com\/de\/#organization"},"image":{"@id":"https:\/\/www.pressenza.com\/de\/2023\/12\/75-jahre-menschenrechte-beleidigte-aller-laender-vereinigt-euch\/#primaryimage"},"thumbnailUrl":"https:\/\/www.pressenza.com\/wp-content\/uploads\/2023\/12\/MeinNameistMensch.jpg","keywords":["75 Jahre Allgemeine Erkl\u00e4rung der Menschenrechte","Mein Name ist Mensch","Menschenrechte","Menschenrechtscharta","Veranstaltungshinweis"],"articleSection":["Europa","International","Menschenrechte"],"inLanguage":"de"},{"@type":"WebPage","@id":"https:\/\/www.pressenza.com\/de\/2023\/12\/75-jahre-menschenrechte-beleidigte-aller-laender-vereinigt-euch\/","url":"https:\/\/www.pressenza.com\/de\/2023\/12\/75-jahre-menschenrechte-beleidigte-aller-laender-vereinigt-euch\/","name":"75 Jahre Menschenrechte: Beleidigte aller L\u00e4nder, vereinigt euch","isPartOf":{"@id":"https:\/\/www.pressenza.com\/de\/#website"},"primaryImageOfPage":{"@id":"https:\/\/www.pressenza.com\/de\/2023\/12\/75-jahre-menschenrechte-beleidigte-aller-laender-vereinigt-euch\/#primaryimage"},"image":{"@id":"https:\/\/www.pressenza.com\/de\/2023\/12\/75-jahre-menschenrechte-beleidigte-aller-laender-vereinigt-euch\/#primaryimage"},"thumbnailUrl":"https:\/\/www.pressenza.com\/wp-content\/uploads\/2023\/12\/MeinNameistMensch.jpg","datePublished":"2023-12-07T09:43:04+00:00","description":"Peter Grohmanns Ansprache Er\u00f6ffnung der Plakat-Ausstellung\u00a0 \"75 Jahre Menschenrechte - Mein Name ist Mensch\" in Bad Urach. Schlimme Zeiten f\u00fcr die","breadcrumb":{"@id":"https:\/\/www.pressenza.com\/de\/2023\/12\/75-jahre-menschenrechte-beleidigte-aller-laender-vereinigt-euch\/#breadcrumb"},"inLanguage":"de","potentialAction":[{"@type":"ReadAction","target":["https:\/\/www.pressenza.com\/de\/2023\/12\/75-jahre-menschenrechte-beleidigte-aller-laender-vereinigt-euch\/"]}]},{"@type":"ImageObject","inLanguage":"de","@id":"https:\/\/www.pressenza.com\/de\/2023\/12\/75-jahre-menschenrechte-beleidigte-aller-laender-vereinigt-euch\/#primaryimage","url":"https:\/\/www.pressenza.com\/wp-content\/uploads\/2023\/12\/MeinNameistMensch.jpg","contentUrl":"https:\/\/www.pressenza.com\/wp-content\/uploads\/2023\/12\/MeinNameistMensch.jpg","width":820,"height":615},{"@type":"BreadcrumbList","@id":"https:\/\/www.pressenza.com\/de\/2023\/12\/75-jahre-menschenrechte-beleidigte-aller-laender-vereinigt-euch\/#breadcrumb","itemListElement":[{"@type":"ListItem","position":1,"name":"Accueil","item":"https:\/\/www.pressenza.com\/de\/"},{"@type":"ListItem","position":2,"name":"75 Jahre Menschenrechte: Beleidigte aller L\u00e4nder, vereinigt euch"}]},{"@type":"WebSite","@id":"https:\/\/www.pressenza.com\/de\/#website","url":"https:\/\/www.pressenza.com\/de\/","name":"Pressenza","description":"International Press Agency","publisher":{"@id":"https:\/\/www.pressenza.com\/de\/#organization"},"potentialAction":[{"@type":"SearchAction","target":{"@type":"EntryPoint","urlTemplate":"https:\/\/www.pressenza.com\/de\/?s={search_term_string}"},"query-input":{"@type":"PropertyValueSpecification","valueRequired":true,"valueName":"search_term_string"}}],"inLanguage":"de"},{"@type":"Organization","@id":"https:\/\/www.pressenza.com\/de\/#organization","name":"Pressenza","url":"https:\/\/www.pressenza.com\/de\/","logo":{"@type":"ImageObject","inLanguage":"de","@id":"https:\/\/www.pressenza.com\/de\/#\/schema\/logo\/image\/","url":"https:\/\/www.pressenza.com\/wp-content\/uploads\/2022\/10\/pressenza_logo_200x200.jpg","contentUrl":"https:\/\/www.pressenza.com\/wp-content\/uploads\/2022\/10\/pressenza_logo_200x200.jpg","width":200,"height":200,"caption":"Pressenza"},"image":{"@id":"https:\/\/www.pressenza.com\/de\/#\/schema\/logo\/image\/"},"sameAs":["https:\/\/www.facebook.com\/PressenzaItalia","https:\/\/x.com\/PressenzaIPA"]},{"@type":"Person","@id":"https:\/\/www.pressenza.com\/de\/#\/schema\/person\/13fbb69602a371248f3199c744d1187e","name":"Peter Grohmann","description":"(Jahrgang 1937) lebt in Stuttgart, ist Schriftsteller und Kabarettist und arbeitet u.a. f\u00fcr die Wochenzeitung Kontext, de TAZ und diverse andere Medien. Grohmann hat das B\u00fcrgerprojekt Die AnStifter gegr\u00fcndet, heute eine der gro\u00dfen zivilgeellschaftlichen Gruppen mit dem Schwerpunkt \u201egegen Gewalt und Vergessen\u201d. https:\/\/dewiki.de\/Lexikon\/Peter_Grohmann","url":"https:\/\/www.pressenza.com\/de\/author\/peter-grohmann\/"}]}},"place":"","original_article_url":"","_links":{"self":[{"href":"https:\/\/www.pressenza.com\/de\/wp-json\/wp\/v2\/posts\/1786165","targetHints":{"allow":["GET"]}}],"collection":[{"href":"https:\/\/www.pressenza.com\/de\/wp-json\/wp\/v2\/posts"}],"about":[{"href":"https:\/\/www.pressenza.com\/de\/wp-json\/wp\/v2\/types\/post"}],"author":[{"embeddable":true,"href":"https:\/\/www.pressenza.com\/de\/wp-json\/wp\/v2\/users\/2138"}],"replies":[{"embeddable":true,"href":"https:\/\/www.pressenza.com\/de\/wp-json\/wp\/v2\/comments?post=1786165"}],"version-history":[{"count":0,"href":"https:\/\/www.pressenza.com\/de\/wp-json\/wp\/v2\/posts\/1786165\/revisions"}],"wp:featuredmedia":[{"embeddable":true,"href":"https:\/\/www.pressenza.com\/de\/wp-json\/wp\/v2\/media\/1786168"}],"wp:attachment":[{"href":"https:\/\/www.pressenza.com\/de\/wp-json\/wp\/v2\/media?parent=1786165"}],"wp:term":[{"taxonomy":"category","embeddable":true,"href":"https:\/\/www.pressenza.com\/de\/wp-json\/wp\/v2\/categories?post=1786165"},{"taxonomy":"post_tag","embeddable":true,"href":"https:\/\/www.pressenza.com\/de\/wp-json\/wp\/v2\/tags?post=1786165"}],"curies":[{"name":"wp","href":"https:\/\/api.w.org\/{rel}","templated":true}]}}