{"id":1785420,"date":"2023-12-03T13:15:56","date_gmt":"2023-12-03T13:15:56","guid":{"rendered":"https:\/\/www.pressenza.com\/?p=1785420"},"modified":"2023-12-04T12:41:21","modified_gmt":"2023-12-04T12:41:21","slug":"cop28-die-hoffnung-stirbt-zuletzt","status":"publish","type":"post","link":"https:\/\/www.pressenza.com\/de\/2023\/12\/cop28-die-hoffnung-stirbt-zuletzt\/","title":{"rendered":"COP28 \u2013 Die Hoffnung stirbt zuletzt"},"content":{"rendered":"<p><strong>Die ersten Nachrichten aus Dubai erwecken noch keine frohen Stimmungen. Die vom Meerwasser bedrohten Inselbewohner, die Siedler der von \u00dcberschwemmungen oder Trockenheit betroffenen Gebiete erwarten von den Beschl\u00fcssen der Weltklima-Konferenz Vereinbarungen realer Projekte in naher Zeit. Kein Schattenboxen der Politiker a la CO2-Zertifikate, die an Ablasszettel des Mittelalters erinnern. <\/strong><\/p>\n<p>Eine Reduzierung der durchschnittlichen Temperaturen ist trotz Geldfluss nicht eingetreten. Die Ziele der Pariser Klimakonferenz vor 8 Jahren sind gef\u00e4hrdet. Die Anwesenheit des Pr\u00e4sidenten der USA, Frankreichs der EU gelten m\u00f6glicherweise eher ihrer Wiederwahl. Die realen Angebote der Staatsf\u00fchrer liegen wohl noch im Gep\u00e4ck.<\/p>\n<p>Die Gr\u00f6\u00dfe der Aufgaben lie\u00df im Vorfeld der Konferenz erwarten, dass der Schwerpunkt der Verhandlungen von COP28 im Bereich der Finanzen liegt. Die von der Klimawende Betroffenen m\u00f6chten jedoch weniger neue Finanzierungsklubs haben, die aus den Erfahrungen, viel Zeit f\u00fcr Verfahrensfragen ben\u00f6tigen, bis konkrete Ma\u00dfnahmen auf den Tagesordnungen stehen.<\/p>\n<p>Wichtig ist es schnell die wirtschaftlichen Umstellungsprozesse f\u00fcr klimaschonende Verfahren zu beginnen.<\/p>\n<p>Auch Debatten, um die Einnahmen des S\u00fcdens aus den Erd\u00f6lexporten vorrangig zu verwenden, sind nicht sehr Erfolg versprechend. Die L\u00e4nder des Nordens haben ein Vielfaches an Einnahmen aus den Erd\u00f6l\/Erdgasimport generiert. Jede Verarbeitungsstufe der etwa 52 Enderzeugnisse aus Erd\u00f6limporten hat den Anfangswert des Erd\u00f6ls ab Importhafen Nord, um den Vorsteuer- bzw. Mehrwertsteuersatz (16%) und dem Einkommenssteuersatz der L\u00f6hne (15 -30%) erh\u00f6ht. Nicht gerechnet die weitere Erh\u00f6hung durch die Rendite, die lt. Josef Ackermann, ex Vorsitzender der Deutschen Bank, 21% betragen m\u00fcsste. Versicherungsbetr\u00e4ge in den Stufen noch nicht einbezogen. In der Summe betr\u00e4gt die Werterh\u00f6hung des Roh\u00f6ls ab Eingangshafen Nord das x hoch y Fache der Werterh\u00f6hung. Aus diesen Quellen finanzierten die Regierungen des Nordens bisher ihren Fortschritt und die Kriegskosten.<\/p>\n<p>In den Medien des Nordens laufen indessen Werbungen zum Kauf der die Luft verschmutzenden Autos und zum Konsumwahn unvermindert weiter. Die herrschende Politik greift nicht ein.<\/p>\n<p>Die COP28 ist auf die Erreichung des Ziels der Pariser Konferenz vor 8 Jahren fokussiert, weniger auf Beschl\u00fcsse \u00fcber konkrete Ma\u00dfnahmen oder auf die Reduzierung des wirtschaftlichen des Wachstums des Nordens. Die absolute Steigerung des Bruttosozialprodukts pro Kopf in den G7 L\u00e4nder ist klimasch\u00e4dlich.<\/p>\n<p>Die eingetretene Klimawende ben\u00f6tigt einen neuen Denkansatz f\u00fcr L\u00f6sungen. Vorschl\u00e4gen von der Gruppe der G7 haben bisher keine medialen Spitzenpl\u00e4tze erhalten. Viel Zeit ging seit den voran gegangenen Konferenzen der UNO verloren, etwa durch lange Debatte von Berechnungsverfahren. Auch gegenw\u00e4rtig helfen nur reale Ma\u00dfnahmen der Gegensteuerung der Klimawende. Debatten mit Vergleichen welches Land die meiste CO2-Erh\u00f6hung verursacht, helfen auch nicht viel, sondern was die L\u00e4nder real aus eigener Kraft unternehmen. Egal, ob das Land zur Nord- oder S\u00fcdgruppe geh\u00f6rt. Ideologie Positionen st\u00f6ren die gro\u00dfen Aufgaben, die Folgen der Klimawende f\u00fcr alle L\u00e4nder ertr\u00e4glich zu halten.<\/p>\n<p>Der Beitrag des deutschen Regierungschefs einen Klub zu gr\u00fcnden, st\u00e4rken nicht besonders die Hoffnung. Das Scheckheft steckt wohl zu nahe am Herz.<\/p>\n","protected":false},"excerpt":{"rendered":"<p>Die ersten Nachrichten aus Dubai erwecken noch keine frohen Stimmungen. Die vom Meerwasser bedrohten Inselbewohner, die Siedler der von \u00dcberschwemmungen oder Trockenheit betroffenen Gebiete erwarten von den Beschl\u00fcssen der Weltklima-Konferenz Vereinbarungen realer Projekte in naher Zeit. Kein Schattenboxen der Politiker&hellip;<\/p>\n","protected":false},"author":1463,"featured_media":1785424,"comment_status":"closed","ping_status":"closed","sticky":false,"template":"","format":"standard","meta":{"footnotes":""},"categories":[7835,9143,9157,11387,9168],"tags":[66617,108185,118298,56309,12395,118297],"class_list":["post-1785420","post","type-post","status-publish","format-standard","has-post-thumbnail","hentry","category-international-de","category-meinungen","category-oekologie-und-umwelt","category-originalinhalt","category-politik","tag-co2-steuer","tag-cop28","tag-dubai-de","tag-klimakrise","tag-klimawandel","tag-un-klimakonferenz"],"yoast_head":"<!-- This site is optimized with the Yoast SEO plugin v27.1.1 - https:\/\/yoast.com\/product\/yoast-seo-wordpress\/ -->\n<title>COP28 \u2013 Die Hoffnung stirbt zuletzt<\/title>\n<meta name=\"description\" content=\"Die ersten Nachrichten aus Dubai erwecken noch keine frohen Stimmungen. Die vom Meerwasser bedrohten Inselbewohner, die Siedler der von \u00dcberschwemmungen\" \/>\n<meta name=\"robots\" content=\"index, follow, max-snippet:-1, max-image-preview:large, max-video-preview:-1\" \/>\n<link rel=\"canonical\" href=\"https:\/\/www.pressenza.com\/de\/2023\/12\/cop28-die-hoffnung-stirbt-zuletzt\/\" \/>\n<meta property=\"og:locale\" content=\"de_DE\" \/>\n<meta property=\"og:type\" content=\"article\" \/>\n<meta property=\"og:title\" content=\"COP28 \u2013 Die Hoffnung stirbt zuletzt\" \/>\n<meta property=\"og:description\" content=\"Die ersten Nachrichten aus Dubai erwecken noch keine frohen Stimmungen. Die vom Meerwasser bedrohten Inselbewohner, die Siedler der von \u00dcberschwemmungen\" \/>\n<meta property=\"og:url\" content=\"https:\/\/www.pressenza.com\/de\/2023\/12\/cop28-die-hoffnung-stirbt-zuletzt\/\" \/>\n<meta property=\"og:site_name\" content=\"Pressenza\" \/>\n<meta property=\"article:publisher\" content=\"https:\/\/www.facebook.com\/PressenzaItalia\" \/>\n<meta property=\"article:published_time\" content=\"2023-12-03T13:15:56+00:00\" \/>\n<meta property=\"article:modified_time\" content=\"2023-12-04T12:41:21+00:00\" \/>\n<meta property=\"og:image\" content=\"https:\/\/www.pressenza.com\/wp-content\/uploads\/2023\/12\/53371514712_aff03c1be1_k.jpg\" \/>\n\t<meta property=\"og:image:width\" content=\"1920\" \/>\n\t<meta property=\"og:image:height\" content=\"1281\" \/>\n\t<meta property=\"og:image:type\" content=\"image\/jpeg\" \/>\n<meta name=\"author\" content=\"G\u00fcnter Buhlke\" \/>\n<meta name=\"twitter:card\" content=\"summary_large_image\" \/>\n<meta name=\"twitter:creator\" content=\"@PressenzaIPA\" \/>\n<meta name=\"twitter:site\" content=\"@PressenzaIPA\" \/>\n<meta name=\"twitter:label1\" content=\"Verfasst von\" \/>\n\t<meta name=\"twitter:data1\" content=\"G\u00fcnter Buhlke\" \/>\n\t<meta name=\"twitter:label2\" content=\"Gesch\u00e4tzte Lesezeit\" \/>\n\t<meta name=\"twitter:data2\" content=\"3\u00a0Minuten\" \/>\n<script type=\"application\/ld+json\" class=\"yoast-schema-graph\">{\"@context\":\"https:\/\/schema.org\",\"@graph\":[{\"@type\":\"Article\",\"@id\":\"https:\/\/www.pressenza.com\/de\/2023\/12\/cop28-die-hoffnung-stirbt-zuletzt\/#article\",\"isPartOf\":{\"@id\":\"https:\/\/www.pressenza.com\/de\/2023\/12\/cop28-die-hoffnung-stirbt-zuletzt\/\"},\"author\":{\"name\":\"G\u00fcnter Buhlke\",\"@id\":\"https:\/\/www.pressenza.com\/de\/#\/schema\/person\/e48301baaf10fa4f78dc7566caf225b4\"},\"headline\":\"COP28 \u2013 Die Hoffnung stirbt zuletzt\",\"datePublished\":\"2023-12-03T13:15:56+00:00\",\"dateModified\":\"2023-12-04T12:41:21+00:00\",\"mainEntityOfPage\":{\"@id\":\"https:\/\/www.pressenza.com\/de\/2023\/12\/cop28-die-hoffnung-stirbt-zuletzt\/\"},\"wordCount\":512,\"publisher\":{\"@id\":\"https:\/\/www.pressenza.com\/de\/#organization\"},\"image\":{\"@id\":\"https:\/\/www.pressenza.com\/de\/2023\/12\/cop28-die-hoffnung-stirbt-zuletzt\/#primaryimage\"},\"thumbnailUrl\":\"https:\/\/www.pressenza.com\/wp-content\/uploads\/2023\/12\/53371514712_aff03c1be1_k.jpg\",\"keywords\":[\"CO2-Steuer\",\"COP28\",\"Dubai\",\"Klimakrise\",\"Klimawandel\",\"UN-Klimakonferenz\"],\"articleSection\":[\"International\",\"Meinungen\",\"\u00d6kologie und Umwelt\",\"Originalinhalt\",\"Politik\"],\"inLanguage\":\"de\"},{\"@type\":\"WebPage\",\"@id\":\"https:\/\/www.pressenza.com\/de\/2023\/12\/cop28-die-hoffnung-stirbt-zuletzt\/\",\"url\":\"https:\/\/www.pressenza.com\/de\/2023\/12\/cop28-die-hoffnung-stirbt-zuletzt\/\",\"name\":\"COP28 \u2013 Die Hoffnung stirbt zuletzt\",\"isPartOf\":{\"@id\":\"https:\/\/www.pressenza.com\/de\/#website\"},\"primaryImageOfPage\":{\"@id\":\"https:\/\/www.pressenza.com\/de\/2023\/12\/cop28-die-hoffnung-stirbt-zuletzt\/#primaryimage\"},\"image\":{\"@id\":\"https:\/\/www.pressenza.com\/de\/2023\/12\/cop28-die-hoffnung-stirbt-zuletzt\/#primaryimage\"},\"thumbnailUrl\":\"https:\/\/www.pressenza.com\/wp-content\/uploads\/2023\/12\/53371514712_aff03c1be1_k.jpg\",\"datePublished\":\"2023-12-03T13:15:56+00:00\",\"dateModified\":\"2023-12-04T12:41:21+00:00\",\"description\":\"Die ersten Nachrichten aus Dubai erwecken noch keine frohen Stimmungen. Die vom Meerwasser bedrohten Inselbewohner, die Siedler der von \u00dcberschwemmungen\",\"breadcrumb\":{\"@id\":\"https:\/\/www.pressenza.com\/de\/2023\/12\/cop28-die-hoffnung-stirbt-zuletzt\/#breadcrumb\"},\"inLanguage\":\"de\",\"potentialAction\":[{\"@type\":\"ReadAction\",\"target\":[\"https:\/\/www.pressenza.com\/de\/2023\/12\/cop28-die-hoffnung-stirbt-zuletzt\/\"]}]},{\"@type\":\"ImageObject\",\"inLanguage\":\"de\",\"@id\":\"https:\/\/www.pressenza.com\/de\/2023\/12\/cop28-die-hoffnung-stirbt-zuletzt\/#primaryimage\",\"url\":\"https:\/\/www.pressenza.com\/wp-content\/uploads\/2023\/12\/53371514712_aff03c1be1_k.jpg\",\"contentUrl\":\"https:\/\/www.pressenza.com\/wp-content\/uploads\/2023\/12\/53371514712_aff03c1be1_k.jpg\",\"width\":1920,\"height\":1281,\"caption\":\"COP28 \u2013 Die Hoffnung stirbt zuletzt\"},{\"@type\":\"BreadcrumbList\",\"@id\":\"https:\/\/www.pressenza.com\/de\/2023\/12\/cop28-die-hoffnung-stirbt-zuletzt\/#breadcrumb\",\"itemListElement\":[{\"@type\":\"ListItem\",\"position\":1,\"name\":\"Accueil\",\"item\":\"https:\/\/www.pressenza.com\/de\/\"},{\"@type\":\"ListItem\",\"position\":2,\"name\":\"COP28 \u2013 Die Hoffnung stirbt zuletzt\"}]},{\"@type\":\"WebSite\",\"@id\":\"https:\/\/www.pressenza.com\/de\/#website\",\"url\":\"https:\/\/www.pressenza.com\/de\/\",\"name\":\"Pressenza\",\"description\":\"International Press Agency\",\"publisher\":{\"@id\":\"https:\/\/www.pressenza.com\/de\/#organization\"},\"potentialAction\":[{\"@type\":\"SearchAction\",\"target\":{\"@type\":\"EntryPoint\",\"urlTemplate\":\"https:\/\/www.pressenza.com\/de\/?s={search_term_string}\"},\"query-input\":{\"@type\":\"PropertyValueSpecification\",\"valueRequired\":true,\"valueName\":\"search_term_string\"}}],\"inLanguage\":\"de\"},{\"@type\":\"Organization\",\"@id\":\"https:\/\/www.pressenza.com\/de\/#organization\",\"name\":\"Pressenza\",\"url\":\"https:\/\/www.pressenza.com\/de\/\",\"logo\":{\"@type\":\"ImageObject\",\"inLanguage\":\"de\",\"@id\":\"https:\/\/www.pressenza.com\/de\/#\/schema\/logo\/image\/\",\"url\":\"https:\/\/www.pressenza.com\/wp-content\/uploads\/2022\/10\/pressenza_logo_200x200.jpg\",\"contentUrl\":\"https:\/\/www.pressenza.com\/wp-content\/uploads\/2022\/10\/pressenza_logo_200x200.jpg\",\"width\":200,\"height\":200,\"caption\":\"Pressenza\"},\"image\":{\"@id\":\"https:\/\/www.pressenza.com\/de\/#\/schema\/logo\/image\/\"},\"sameAs\":[\"https:\/\/www.facebook.com\/PressenzaItalia\",\"https:\/\/x.com\/PressenzaIPA\"]},{\"@type\":\"Person\",\"@id\":\"https:\/\/www.pressenza.com\/de\/#\/schema\/person\/e48301baaf10fa4f78dc7566caf225b4\",\"name\":\"G\u00fcnter Buhlke\",\"description\":\"Geboren 1934, Studium an der Humboldtuniversit\u00e4t und der Hochschule f\u00fcr \u00d6konomie Berlin, dipl. Volkswirtschaftler. Internationale Arbeit als Handelsrat in Mexiko und Venezuela. Koordinator f\u00fcr die Wirtschaftsbeziehungen der DDR zu Lateinamerika. Wirtschaftserfahrungen als\u00a0langj\u00e4hriger Leiter des Schweizerischen Instituts f\u00fcr Betriebswirtschaft in Berlin, Vorstand einer Wohnungsgenossenschaft und Referent im Haushaltsausschuss der Volkskammer und des Bundestages. Gegenw\u00e4rtig ehrenamtliche T\u00e4tigkeiten.\",\"url\":\"https:\/\/www.pressenza.com\/de\/author\/guenter-buhlke\/\"}]}<\/script>\n<!-- \/ Yoast SEO plugin. -->","yoast_head_json":{"title":"COP28 \u2013 Die Hoffnung stirbt zuletzt","description":"Die ersten Nachrichten aus Dubai erwecken noch keine frohen Stimmungen. Die vom Meerwasser bedrohten Inselbewohner, die Siedler der von \u00dcberschwemmungen","robots":{"index":"index","follow":"follow","max-snippet":"max-snippet:-1","max-image-preview":"max-image-preview:large","max-video-preview":"max-video-preview:-1"},"canonical":"https:\/\/www.pressenza.com\/de\/2023\/12\/cop28-die-hoffnung-stirbt-zuletzt\/","og_locale":"de_DE","og_type":"article","og_title":"COP28 \u2013 Die Hoffnung stirbt zuletzt","og_description":"Die ersten Nachrichten aus Dubai erwecken noch keine frohen Stimmungen. Die vom Meerwasser bedrohten Inselbewohner, die Siedler der von \u00dcberschwemmungen","og_url":"https:\/\/www.pressenza.com\/de\/2023\/12\/cop28-die-hoffnung-stirbt-zuletzt\/","og_site_name":"Pressenza","article_publisher":"https:\/\/www.facebook.com\/PressenzaItalia","article_published_time":"2023-12-03T13:15:56+00:00","article_modified_time":"2023-12-04T12:41:21+00:00","og_image":[{"width":1920,"height":1281,"url":"https:\/\/www.pressenza.com\/wp-content\/uploads\/2023\/12\/53371514712_aff03c1be1_k.jpg","type":"image\/jpeg"}],"author":"G\u00fcnter Buhlke","twitter_card":"summary_large_image","twitter_creator":"@PressenzaIPA","twitter_site":"@PressenzaIPA","twitter_misc":{"Verfasst von":"G\u00fcnter Buhlke","Gesch\u00e4tzte Lesezeit":"3\u00a0Minuten"},"schema":{"@context":"https:\/\/schema.org","@graph":[{"@type":"Article","@id":"https:\/\/www.pressenza.com\/de\/2023\/12\/cop28-die-hoffnung-stirbt-zuletzt\/#article","isPartOf":{"@id":"https:\/\/www.pressenza.com\/de\/2023\/12\/cop28-die-hoffnung-stirbt-zuletzt\/"},"author":{"name":"G\u00fcnter Buhlke","@id":"https:\/\/www.pressenza.com\/de\/#\/schema\/person\/e48301baaf10fa4f78dc7566caf225b4"},"headline":"COP28 \u2013 Die Hoffnung stirbt zuletzt","datePublished":"2023-12-03T13:15:56+00:00","dateModified":"2023-12-04T12:41:21+00:00","mainEntityOfPage":{"@id":"https:\/\/www.pressenza.com\/de\/2023\/12\/cop28-die-hoffnung-stirbt-zuletzt\/"},"wordCount":512,"publisher":{"@id":"https:\/\/www.pressenza.com\/de\/#organization"},"image":{"@id":"https:\/\/www.pressenza.com\/de\/2023\/12\/cop28-die-hoffnung-stirbt-zuletzt\/#primaryimage"},"thumbnailUrl":"https:\/\/www.pressenza.com\/wp-content\/uploads\/2023\/12\/53371514712_aff03c1be1_k.jpg","keywords":["CO2-Steuer","COP28","Dubai","Klimakrise","Klimawandel","UN-Klimakonferenz"],"articleSection":["International","Meinungen","\u00d6kologie und Umwelt","Originalinhalt","Politik"],"inLanguage":"de"},{"@type":"WebPage","@id":"https:\/\/www.pressenza.com\/de\/2023\/12\/cop28-die-hoffnung-stirbt-zuletzt\/","url":"https:\/\/www.pressenza.com\/de\/2023\/12\/cop28-die-hoffnung-stirbt-zuletzt\/","name":"COP28 \u2013 Die Hoffnung stirbt zuletzt","isPartOf":{"@id":"https:\/\/www.pressenza.com\/de\/#website"},"primaryImageOfPage":{"@id":"https:\/\/www.pressenza.com\/de\/2023\/12\/cop28-die-hoffnung-stirbt-zuletzt\/#primaryimage"},"image":{"@id":"https:\/\/www.pressenza.com\/de\/2023\/12\/cop28-die-hoffnung-stirbt-zuletzt\/#primaryimage"},"thumbnailUrl":"https:\/\/www.pressenza.com\/wp-content\/uploads\/2023\/12\/53371514712_aff03c1be1_k.jpg","datePublished":"2023-12-03T13:15:56+00:00","dateModified":"2023-12-04T12:41:21+00:00","description":"Die ersten Nachrichten aus Dubai erwecken noch keine frohen Stimmungen. Die vom Meerwasser bedrohten Inselbewohner, die Siedler der von \u00dcberschwemmungen","breadcrumb":{"@id":"https:\/\/www.pressenza.com\/de\/2023\/12\/cop28-die-hoffnung-stirbt-zuletzt\/#breadcrumb"},"inLanguage":"de","potentialAction":[{"@type":"ReadAction","target":["https:\/\/www.pressenza.com\/de\/2023\/12\/cop28-die-hoffnung-stirbt-zuletzt\/"]}]},{"@type":"ImageObject","inLanguage":"de","@id":"https:\/\/www.pressenza.com\/de\/2023\/12\/cop28-die-hoffnung-stirbt-zuletzt\/#primaryimage","url":"https:\/\/www.pressenza.com\/wp-content\/uploads\/2023\/12\/53371514712_aff03c1be1_k.jpg","contentUrl":"https:\/\/www.pressenza.com\/wp-content\/uploads\/2023\/12\/53371514712_aff03c1be1_k.jpg","width":1920,"height":1281,"caption":"COP28 \u2013 Die Hoffnung stirbt zuletzt"},{"@type":"BreadcrumbList","@id":"https:\/\/www.pressenza.com\/de\/2023\/12\/cop28-die-hoffnung-stirbt-zuletzt\/#breadcrumb","itemListElement":[{"@type":"ListItem","position":1,"name":"Accueil","item":"https:\/\/www.pressenza.com\/de\/"},{"@type":"ListItem","position":2,"name":"COP28 \u2013 Die Hoffnung stirbt zuletzt"}]},{"@type":"WebSite","@id":"https:\/\/www.pressenza.com\/de\/#website","url":"https:\/\/www.pressenza.com\/de\/","name":"Pressenza","description":"International Press Agency","publisher":{"@id":"https:\/\/www.pressenza.com\/de\/#organization"},"potentialAction":[{"@type":"SearchAction","target":{"@type":"EntryPoint","urlTemplate":"https:\/\/www.pressenza.com\/de\/?s={search_term_string}"},"query-input":{"@type":"PropertyValueSpecification","valueRequired":true,"valueName":"search_term_string"}}],"inLanguage":"de"},{"@type":"Organization","@id":"https:\/\/www.pressenza.com\/de\/#organization","name":"Pressenza","url":"https:\/\/www.pressenza.com\/de\/","logo":{"@type":"ImageObject","inLanguage":"de","@id":"https:\/\/www.pressenza.com\/de\/#\/schema\/logo\/image\/","url":"https:\/\/www.pressenza.com\/wp-content\/uploads\/2022\/10\/pressenza_logo_200x200.jpg","contentUrl":"https:\/\/www.pressenza.com\/wp-content\/uploads\/2022\/10\/pressenza_logo_200x200.jpg","width":200,"height":200,"caption":"Pressenza"},"image":{"@id":"https:\/\/www.pressenza.com\/de\/#\/schema\/logo\/image\/"},"sameAs":["https:\/\/www.facebook.com\/PressenzaItalia","https:\/\/x.com\/PressenzaIPA"]},{"@type":"Person","@id":"https:\/\/www.pressenza.com\/de\/#\/schema\/person\/e48301baaf10fa4f78dc7566caf225b4","name":"G\u00fcnter Buhlke","description":"Geboren 1934, Studium an der Humboldtuniversit\u00e4t und der Hochschule f\u00fcr \u00d6konomie Berlin, dipl. Volkswirtschaftler. Internationale Arbeit als Handelsrat in Mexiko und Venezuela. Koordinator f\u00fcr die Wirtschaftsbeziehungen der DDR zu Lateinamerika. Wirtschaftserfahrungen als\u00a0langj\u00e4hriger Leiter des Schweizerischen Instituts f\u00fcr Betriebswirtschaft in Berlin, Vorstand einer Wohnungsgenossenschaft und Referent im Haushaltsausschuss der Volkskammer und des Bundestages. Gegenw\u00e4rtig ehrenamtliche T\u00e4tigkeiten.","url":"https:\/\/www.pressenza.com\/de\/author\/guenter-buhlke\/"}]}},"place":"","original_article_url":"","_links":{"self":[{"href":"https:\/\/www.pressenza.com\/de\/wp-json\/wp\/v2\/posts\/1785420","targetHints":{"allow":["GET"]}}],"collection":[{"href":"https:\/\/www.pressenza.com\/de\/wp-json\/wp\/v2\/posts"}],"about":[{"href":"https:\/\/www.pressenza.com\/de\/wp-json\/wp\/v2\/types\/post"}],"author":[{"embeddable":true,"href":"https:\/\/www.pressenza.com\/de\/wp-json\/wp\/v2\/users\/1463"}],"replies":[{"embeddable":true,"href":"https:\/\/www.pressenza.com\/de\/wp-json\/wp\/v2\/comments?post=1785420"}],"version-history":[{"count":0,"href":"https:\/\/www.pressenza.com\/de\/wp-json\/wp\/v2\/posts\/1785420\/revisions"}],"wp:featuredmedia":[{"embeddable":true,"href":"https:\/\/www.pressenza.com\/de\/wp-json\/wp\/v2\/media\/1785424"}],"wp:attachment":[{"href":"https:\/\/www.pressenza.com\/de\/wp-json\/wp\/v2\/media?parent=1785420"}],"wp:term":[{"taxonomy":"category","embeddable":true,"href":"https:\/\/www.pressenza.com\/de\/wp-json\/wp\/v2\/categories?post=1785420"},{"taxonomy":"post_tag","embeddable":true,"href":"https:\/\/www.pressenza.com\/de\/wp-json\/wp\/v2\/tags?post=1785420"}],"curies":[{"name":"wp","href":"https:\/\/api.w.org\/{rel}","templated":true}]}}