{"id":1783170,"date":"2023-11-25T11:40:06","date_gmt":"2023-11-25T11:40:06","guid":{"rendered":"https:\/\/www.pressenza.com\/?p=1783170"},"modified":"2023-11-25T11:40:06","modified_gmt":"2023-11-25T11:40:06","slug":"globales-plastikmuellabkommen-wieso-ein-weltweites-abkommen-so-wichtig-waere","status":"publish","type":"post","link":"https:\/\/www.pressenza.com\/de\/2023\/11\/globales-plastikmuellabkommen-wieso-ein-weltweites-abkommen-so-wichtig-waere\/","title":{"rendered":"Globales Plastikm\u00fcllabkommen: Wieso ein weltweites Abkommen so wichtig w\u00e4re"},"content":{"rendered":"<p><strong><em>Die weltweite Plastikverschmutzung k\u00f6nnte reduziert werden. Das kann nur global angegangen werden. Aber wie genau? Durch ein weltweit verbindliches Abkommen. Die vierte Verhandlungsrunde dar\u00fcber in Nairobi ist aber gescheitert. Wir erkl\u00e4ren dir, wieso es so schwierig ist, zu einer Einigung zu kommen und wieso es die aber dringend braucht.<\/em><\/strong><\/p>\n<p><em>von <a class=\"username\" title=\"Benutzerprofil anzeigen.\" href=\"https:\/\/www.moment.at\/author\/katrin-kastenmeier\">Katrin Kastenmeier<\/a>\u00a0 f\u00fcr Moment.at<\/em><\/p>\n<div class=\"node__content\">\n<div class=\"field field--name-field-blocks field--type-entity-reference-revisions field--label-hidden field__items\">\n<div class=\"field__item\">\n<div id=\"pg-28578\" class=\"paragraph paragraph--type--faqs-block paragraph--view-mode--default\">\n<div class=\"field field--name-field-faq-items field--type-entity-reference-revisions field--label-hidden field__items\">\n<div class=\"field__item\">\n<div id=\"pg-28569\" class=\"paragraph paragraph--type--faq-item paragraph--view-mode--default anchor\">\n<h2 class=\"field field--name-field-title field--type-string field--label-hidden field__item\">Was ist das Problem mit dem Plastikm\u00fcll?<\/h2>\n<div class=\"field field--name-field-faq-items field--type-entity-reference-revisions field--label-hidden field__items\">\n<div>\n<div class=\"field__item\">\n<div id=\"pg-28568\" class=\"paragraph paragraph--type--faq paragraph--view-mode--default\">\n<div class=\"clearfix text-formatted field field--name-field-text field--type-text-long field--label-hidden field__item\">\n<p>Jedes Jahr werden rund\u00a0<a href=\"https:\/\/www.geo.de\/natur\/nachhaltigkeit\/un-konferenz-zu-plastikmuell-in-nairobi--die-wichtigsten-fragen-34195184.html#was-ist-das-problem\" target=\"_blank\" rel=\"noopener\">400 Millionen Tonnen<\/a>\u00a0Plastik produziert. Mehr als 90 Prozent davon wurden auf Erd\u00f6lbasis hergestellt. Davon 40 Prozent zur einmaligen Verwendung. Plastik wird als Wegwerfmaterial gesehen, weil es so g\u00fcnstig ist. Insgesamt wird viel mehr Plastik produziert, verbraucht und weggeschmissen, als Kapazit\u00e4ten zur Entsorgung und Recycling vorhanden sind. So entsteht extrem hartn\u00e4ckiger, langlebiger M\u00fcll.<\/p>\n<p>Besonders katastrophal wirkt sich der Plastikm\u00fcll auf Meere und Fl\u00fcsse aus. Jedes Jahr landen allein 20 Millionen Tonnen Plastikm\u00fcll in Gew\u00e4ssern. Plastik ist leicht, das Volumen ist gigantisch. Es entspricht zwei LKW-Ladungen pro Minute. In Plastik stecken rund 13.000 Chemikalien. Ein Viertel davon ist bedenklich bis gef\u00e4hrlich.<\/p>\n<\/div>\n<\/div>\n<\/div>\n<\/div>\n<\/div>\n<\/div>\n<\/div>\n<div class=\"field__item\">\n<div id=\"pg-28571\" class=\"paragraph paragraph--type--faq-item paragraph--view-mode--default anchor\">\n<h2 class=\"field field--name-field-title field--type-string field--label-hidden field__item\">Was soll gegen die Plastikverschmutzung unternommen werden?<\/h2>\n<div class=\"field field--name-field-faq-items field--type-entity-reference-revisions field--label-hidden field__items\">\n<div>\n<div class=\"field__item\">\n<div id=\"pg-28570\" class=\"paragraph paragraph--type--faq paragraph--view-mode--default\">\n<div class=\"clearfix text-formatted field field--name-field-text field--type-text-long field--label-hidden field__item\">\n<p>H\u00f6chste Zeit f\u00fcr ein globales Abkommen. Vertreter:innen von mehr als 170 Staaten haben im M\u00e4rz 2022 im Rahmen der Vereinten Nationen beschlossen, ein Abkommen \u00fcber den Umgang mit Plastik anzustreben. Es soll verbindliche Ma\u00dfnahmen f\u00fcr den gesamten Lebenszyklus von Kunststoffen festlegen.<\/p>\n<p>Nach Sitzungen in Uruguay und Frankreich ist die Verhandlungsrunde in Kenia die dritte von f\u00fcnf. Mitte 2025 soll ein Staatengipfel das Abkommen beschlie\u00dfen. Die Verhandlungen in Nairobi sollten dazu dienen, die Vorschl\u00e4ge zu sortieren und den Vertrag in eine Richtung zu entwickeln.<\/p>\n<\/div>\n<\/div>\n<\/div>\n<\/div>\n<\/div>\n<\/div>\n<\/div>\n<div class=\"field__item\">\n<div id=\"pg-28573\" class=\"paragraph paragraph--type--faq-item paragraph--view-mode--default anchor\">\n<h2 class=\"field field--name-field-title field--type-string field--label-hidden field__item\">Was wurde in Nairobi diskutiert?<\/h2>\n<div class=\"field field--name-field-faq-items field--type-entity-reference-revisions field--label-hidden field__items\">\n<div>\n<div class=\"field__item\">\n<div id=\"pg-28572\" class=\"paragraph paragraph--type--faq paragraph--view-mode--default\">\n<div class=\"clearfix text-formatted field field--name-field-text field--type-text-long field--label-hidden field__item\">\n<p>In Nairobi trafen sich mehr als 1.900 Delegierte. Sie vertraten 161 UN-Mitgliedsstaaten und 318 Beobachterorganisationen, um zu verhandeln. Diskutiert wurde vor allem \u00fcber die Dimension des Abkommens. Soll der Fokus nur auf Plastikm\u00fcll im Meer liegen oder auch auf dem Land und in der Luft? Und soll es nur um Plastikm\u00fcll gehen, oder um den gesamten M\u00fcllzyklus?<\/p>\n<p>Das Abkommen soll bestimmen, ob und wie stark die Herstellung von verschiedenen Kunststoffen beschr\u00e4nkt wird und mit welchen Mitteln das erreicht werden soll. \u00dcber das Abkommen soll zudem der Einsatz besonders sch\u00e4dlicher chemischer Bestandteile geregelt werden. Au\u00dferdem geht es um den Umgang mit Plastikm\u00fcll &#8211; sowohl in den einzelnen Staaten als auch \u00fcber Landesgrenzen hinweg, ebenso wie die Wertstoffsammlung und Wiederverwendung. Daneben m\u00fcssen Finanzierung und Mechanismen zur Rechenschaft gekl\u00e4rt werden.<\/p>\n<h2><strong>Was waren die Streitpunkte des Plastikm\u00fcllabkommens?<\/strong><\/h2>\n<\/div>\n<\/div>\n<\/div>\n<\/div>\n<\/div>\n<\/div>\n<\/div>\n<div class=\"field__item\">\n<div id=\"pg-28575\" class=\"paragraph paragraph--type--faq-item paragraph--view-mode--default anchor\">\n<div class=\"field field--name-field-faq-items field--type-entity-reference-revisions field--label-hidden field__items\">\n<div>\n<div class=\"field__item\">\n<div id=\"pg-28574\" class=\"paragraph paragraph--type--faq paragraph--view-mode--default\">\n<div class=\"clearfix text-formatted field field--name-field-text field--type-text-long field--label-hidden field__item\">\n<p>Eine zentrale Forderung des UN-Treffens: weniger Plastik produzieren. Dagegen sind vor allem Saudi-Arabien, der Iran, Russland, China und die USA. Warum? Der Grund ist Erd\u00f6l. Die USA sind der gr\u00f6\u00dfte Erd\u00f6l-Produzent der Welt, gefolgt von Saudi-Arabien. Neues Plastik wird zu 99 Prozent aus Erd\u00f6l hergestellt.<\/p>\n<p>In Nairobi sind 143 Lobbyist:innen aus der Erd\u00f6l- und der Chemieindustrie vertreten. F\u00fcr die fossile Industrie ist Plastik\u00a0<a href=\"https:\/\/taz.de\/Stillstand-beim-Plastikmuell-Abkommen\/!5971212\/\" target=\"_blank\" rel=\"noopener\">ein Ausweichmarkt.<\/a>\u00a0Wenn keine Energie mehr aus Erd\u00f6l gewonnen werden darf, braucht es alternative Gesch\u00e4ftsmodelle. Plastik steht dabei hoch im Kurs. Die Internationale Energieagentur rechnet bis 2050 mit einer Verdopplung des Marktes.<\/p>\n<p>Uneinigkeit besteht in der Frage der rechtlich verbindlichen Zielvorgaben und ob und in welchem Umfang die Produktion begrenzt wird. Vor allem \u00f6lreiche Staaten wollen den Fokus auf Recyclingprozesse statt auf Beschr\u00e4nkungen bei der Herstellung setzen. Auch bei der Finanzierung prallen verschiedene Interessen aufeinander: Entwicklungs- und Schwellenl\u00e4nder erwarten, von Industriestaaten bei der Bew\u00e4ltigung der Kosten unterst\u00fctzt zu werden.<\/p>\n<\/div>\n<\/div>\n<\/div>\n<\/div>\n<\/div>\n<\/div>\n<\/div>\n<div class=\"field__item\">\n<div id=\"pg-28577\" class=\"paragraph paragraph--type--faq-item paragraph--view-mode--default anchor\">\n<h2 class=\"field field--name-field-title field--type-string field--label-hidden field__item\">Wie geht es weiter mit dem Plastikm\u00fcll?<\/h2>\n<div class=\"field field--name-field-faq-items field--type-entity-reference-revisions field--label-hidden field__items\">\n<div>\n<div class=\"field__item\">\n<div id=\"pg-28576\" class=\"paragraph paragraph--type--faq paragraph--view-mode--default\">\n<div class=\"clearfix text-formatted field field--name-field-text field--type-text-long field--label-hidden field__item\">\n<p>Die n\u00e4chste Verhandlungsrunde findet im April 2024 in Kanada statt. Auch wenn dazwischen nicht offiziell weiterverhandelt wird, werden die Staaten versuchen, informell Verb\u00fcndete zu finden. Die f\u00fcnfte und letzte Runde soll in S\u00fcdkorea stattfinden.<\/p>\n<p>Einen kleinen Fortschritt gab es aber. Anfang der Woche einigte sich die EU auf ein\u00a0<a href=\"https:\/\/www.sueddeutsche.de\/wirtschaft\/muell-verbot-eu-1.6305414\" target=\"_blank\" rel=\"noopener\">Verbot von Plastikm\u00fcllexporten.<\/a>\u00a0Bisher wurde der Gro\u00dfteil davon an Drittstaaten au\u00dferhalb von Europa ausgelagert. 1,1 Millionen Tonnen Plastikm\u00fcll exportierte die EU j\u00e4hrlich in L\u00e4nder wie die T\u00fcrkei, Malaysia oder Indonesien. Oft ohne wirkliche Kontrolle, dass sie von dort sachgem\u00e4\u00df recycelt oder schadlos entsorgt werden.<\/p>\n<p>So soll es nicht weitergehen. K\u00fcnftig soll es ein Ausfuhrverbot f\u00fcr Plastikabf\u00e4lle in L\u00e4ndern au\u00dferhalb der Organisation f\u00fcr wirtschaftliche Zusammenarbeit und Entwicklung (OECD) geben. Damit werden Plastikm\u00fcllexporte nach Afrika sowie gro\u00dfe Teile Asiens und S\u00fcdamerika zun\u00e4chst untersagt. Sp\u00e4ter k\u00f6nnen sie erst wieder erlaubt werden, wenn dort sichergestellt ist, dass strikte Umweltvorschriften erf\u00fcllt werden.<\/p>\n<\/div>\n<p><strong><em>Die von moment.at verfassten Inhalte stehen, soweit nicht anders vermerkt, <a href=\"https:\/\/creativecommons.org\/licenses\/by-sa\/4.0\/deed.de\" target=\"_blank\" rel=\"noopener\">unter der Lizenz Creative Commons BY-SA 4.0<\/a>. Inhalte d\u00fcrfen ohne R\u00fcckfrage \u00fcbernommen werden.<\/em><\/strong><\/p>\n<\/div>\n<\/div>\n<\/div>\n<\/div>\n<\/div>\n<\/div>\n<\/div>\n<\/div>\n<\/div>\n<\/div>\n<\/div>\n","protected":false},"excerpt":{"rendered":"<p>Die weltweite Plastikverschmutzung k\u00f6nnte reduziert werden. Das kann nur global angegangen werden. Aber wie genau? Durch ein weltweit verbindliches Abkommen. Die vierte Verhandlungsrunde dar\u00fcber in Nairobi ist aber gescheitert. Wir erkl\u00e4ren dir, wieso es so schwierig ist, zu einer Einigung&hellip;<\/p>\n","protected":false},"author":1096,"featured_media":1783479,"comment_status":"closed","ping_status":"closed","sticky":false,"template":"","format":"standard","meta":{"footnotes":""},"categories":[9157,9168,9158],"tags":[80165,81161,63004],"class_list":["post-1783170","post","type-post","status-publish","format-standard","has-post-thumbnail","hentry","category-oekologie-und-umwelt","category-politik","category-wirtschaft","tag-erdoel","tag-plastikmuell","tag-recycling-de"],"yoast_head":"<!-- This site is optimized with the Yoast SEO plugin v27.1.1 - https:\/\/yoast.com\/product\/yoast-seo-wordpress\/ -->\n<title>Globales Plastikm\u00fcllabkommen: Wieso ein weltweites Abkommen so wichtig w\u00e4re<\/title>\n<meta name=\"description\" content=\"Die weltweite Plastikverschmutzung k\u00f6nnte reduziert werden. Das kann nur global angegangen werden. Aber wie genau? Durch ein weltweit verbindliches\" \/>\n<meta name=\"robots\" content=\"index, follow, max-snippet:-1, max-image-preview:large, max-video-preview:-1\" \/>\n<link rel=\"canonical\" href=\"https:\/\/www.pressenza.com\/de\/2023\/11\/globales-plastikmuellabkommen-wieso-ein-weltweites-abkommen-so-wichtig-waere\/\" \/>\n<meta property=\"og:locale\" content=\"de_DE\" \/>\n<meta property=\"og:type\" content=\"article\" \/>\n<meta property=\"og:title\" content=\"Globales Plastikm\u00fcllabkommen: Wieso ein weltweites Abkommen so wichtig w\u00e4re\" \/>\n<meta property=\"og:description\" content=\"Die weltweite Plastikverschmutzung k\u00f6nnte reduziert werden. Das kann nur global angegangen werden. Aber wie genau? Durch ein weltweit verbindliches\" \/>\n<meta property=\"og:url\" content=\"https:\/\/www.pressenza.com\/de\/2023\/11\/globales-plastikmuellabkommen-wieso-ein-weltweites-abkommen-so-wichtig-waere\/\" \/>\n<meta property=\"og:site_name\" content=\"Pressenza\" \/>\n<meta property=\"article:publisher\" content=\"https:\/\/www.facebook.com\/PressenzaItalia\" \/>\n<meta property=\"article:published_time\" content=\"2023-11-25T11:40:06+00:00\" \/>\n<meta property=\"og:image\" content=\"https:\/\/www.pressenza.com\/wp-content\/uploads\/2023\/11\/IMG_2815.jpeg\" \/>\n\t<meta property=\"og:image:width\" content=\"1920\" \/>\n\t<meta property=\"og:image:height\" content=\"1440\" \/>\n\t<meta property=\"og:image:type\" content=\"image\/jpeg\" \/>\n<meta name=\"author\" content=\"Pressenza Wien\" \/>\n<meta name=\"twitter:card\" content=\"summary_large_image\" \/>\n<meta name=\"twitter:creator\" content=\"@pressenza_ger\" \/>\n<meta name=\"twitter:site\" content=\"@PressenzaIPA\" \/>\n<meta name=\"twitter:label1\" content=\"Verfasst von\" \/>\n\t<meta name=\"twitter:data1\" content=\"Pressenza Wien\" \/>\n\t<meta name=\"twitter:label2\" content=\"Gesch\u00e4tzte Lesezeit\" \/>\n\t<meta name=\"twitter:data2\" content=\"5\u00a0Minuten\" \/>\n<script type=\"application\/ld+json\" class=\"yoast-schema-graph\">{\"@context\":\"https:\/\/schema.org\",\"@graph\":[{\"@type\":\"Article\",\"@id\":\"https:\/\/www.pressenza.com\/de\/2023\/11\/globales-plastikmuellabkommen-wieso-ein-weltweites-abkommen-so-wichtig-waere\/#article\",\"isPartOf\":{\"@id\":\"https:\/\/www.pressenza.com\/de\/2023\/11\/globales-plastikmuellabkommen-wieso-ein-weltweites-abkommen-so-wichtig-waere\/\"},\"author\":{\"name\":\"Pressenza Wien\",\"@id\":\"https:\/\/www.pressenza.com\/de\/#\/schema\/person\/3df859e5bf9b19ab936f666e0177e38b\"},\"headline\":\"Globales Plastikm\u00fcllabkommen: Wieso ein weltweites Abkommen so wichtig w\u00e4re\",\"datePublished\":\"2023-11-25T11:40:06+00:00\",\"mainEntityOfPage\":{\"@id\":\"https:\/\/www.pressenza.com\/de\/2023\/11\/globales-plastikmuellabkommen-wieso-ein-weltweites-abkommen-so-wichtig-waere\/\"},\"wordCount\":791,\"publisher\":{\"@id\":\"https:\/\/www.pressenza.com\/de\/#organization\"},\"image\":{\"@id\":\"https:\/\/www.pressenza.com\/de\/2023\/11\/globales-plastikmuellabkommen-wieso-ein-weltweites-abkommen-so-wichtig-waere\/#primaryimage\"},\"thumbnailUrl\":\"https:\/\/www.pressenza.com\/wp-content\/uploads\/2023\/11\/IMG_2815.jpeg\",\"keywords\":[\"Erd\u00f6l\",\"Plastikm\u00fcll\",\"Recycling\"],\"articleSection\":[\"\u00d6kologie und Umwelt\",\"Politik\",\"Wirtschaft\"],\"inLanguage\":\"de\"},{\"@type\":\"WebPage\",\"@id\":\"https:\/\/www.pressenza.com\/de\/2023\/11\/globales-plastikmuellabkommen-wieso-ein-weltweites-abkommen-so-wichtig-waere\/\",\"url\":\"https:\/\/www.pressenza.com\/de\/2023\/11\/globales-plastikmuellabkommen-wieso-ein-weltweites-abkommen-so-wichtig-waere\/\",\"name\":\"Globales Plastikm\u00fcllabkommen: Wieso ein weltweites Abkommen so wichtig w\u00e4re\",\"isPartOf\":{\"@id\":\"https:\/\/www.pressenza.com\/de\/#website\"},\"primaryImageOfPage\":{\"@id\":\"https:\/\/www.pressenza.com\/de\/2023\/11\/globales-plastikmuellabkommen-wieso-ein-weltweites-abkommen-so-wichtig-waere\/#primaryimage\"},\"image\":{\"@id\":\"https:\/\/www.pressenza.com\/de\/2023\/11\/globales-plastikmuellabkommen-wieso-ein-weltweites-abkommen-so-wichtig-waere\/#primaryimage\"},\"thumbnailUrl\":\"https:\/\/www.pressenza.com\/wp-content\/uploads\/2023\/11\/IMG_2815.jpeg\",\"datePublished\":\"2023-11-25T11:40:06+00:00\",\"description\":\"Die weltweite Plastikverschmutzung k\u00f6nnte reduziert werden. Das kann nur global angegangen werden. Aber wie genau? Durch ein weltweit verbindliches\",\"breadcrumb\":{\"@id\":\"https:\/\/www.pressenza.com\/de\/2023\/11\/globales-plastikmuellabkommen-wieso-ein-weltweites-abkommen-so-wichtig-waere\/#breadcrumb\"},\"inLanguage\":\"de\",\"potentialAction\":[{\"@type\":\"ReadAction\",\"target\":[\"https:\/\/www.pressenza.com\/de\/2023\/11\/globales-plastikmuellabkommen-wieso-ein-weltweites-abkommen-so-wichtig-waere\/\"]}]},{\"@type\":\"ImageObject\",\"inLanguage\":\"de\",\"@id\":\"https:\/\/www.pressenza.com\/de\/2023\/11\/globales-plastikmuellabkommen-wieso-ein-weltweites-abkommen-so-wichtig-waere\/#primaryimage\",\"url\":\"https:\/\/www.pressenza.com\/wp-content\/uploads\/2023\/11\/IMG_2815.jpeg\",\"contentUrl\":\"https:\/\/www.pressenza.com\/wp-content\/uploads\/2023\/11\/IMG_2815.jpeg\",\"width\":1920,\"height\":1440},{\"@type\":\"BreadcrumbList\",\"@id\":\"https:\/\/www.pressenza.com\/de\/2023\/11\/globales-plastikmuellabkommen-wieso-ein-weltweites-abkommen-so-wichtig-waere\/#breadcrumb\",\"itemListElement\":[{\"@type\":\"ListItem\",\"position\":1,\"name\":\"Accueil\",\"item\":\"https:\/\/www.pressenza.com\/de\/\"},{\"@type\":\"ListItem\",\"position\":2,\"name\":\"Globales Plastikm\u00fcllabkommen: Wieso ein weltweites Abkommen so wichtig w\u00e4re\"}]},{\"@type\":\"WebSite\",\"@id\":\"https:\/\/www.pressenza.com\/de\/#website\",\"url\":\"https:\/\/www.pressenza.com\/de\/\",\"name\":\"Pressenza\",\"description\":\"International Press Agency\",\"publisher\":{\"@id\":\"https:\/\/www.pressenza.com\/de\/#organization\"},\"potentialAction\":[{\"@type\":\"SearchAction\",\"target\":{\"@type\":\"EntryPoint\",\"urlTemplate\":\"https:\/\/www.pressenza.com\/de\/?s={search_term_string}\"},\"query-input\":{\"@type\":\"PropertyValueSpecification\",\"valueRequired\":true,\"valueName\":\"search_term_string\"}}],\"inLanguage\":\"de\"},{\"@type\":\"Organization\",\"@id\":\"https:\/\/www.pressenza.com\/de\/#organization\",\"name\":\"Pressenza\",\"url\":\"https:\/\/www.pressenza.com\/de\/\",\"logo\":{\"@type\":\"ImageObject\",\"inLanguage\":\"de\",\"@id\":\"https:\/\/www.pressenza.com\/de\/#\/schema\/logo\/image\/\",\"url\":\"https:\/\/www.pressenza.com\/wp-content\/uploads\/2022\/10\/pressenza_logo_200x200.jpg\",\"contentUrl\":\"https:\/\/www.pressenza.com\/wp-content\/uploads\/2022\/10\/pressenza_logo_200x200.jpg\",\"width\":200,\"height\":200,\"caption\":\"Pressenza\"},\"image\":{\"@id\":\"https:\/\/www.pressenza.com\/de\/#\/schema\/logo\/image\/\"},\"sameAs\":[\"https:\/\/www.facebook.com\/PressenzaItalia\",\"https:\/\/x.com\/PressenzaIPA\"]},{\"@type\":\"Person\",\"@id\":\"https:\/\/www.pressenza.com\/de\/#\/schema\/person\/3df859e5bf9b19ab936f666e0177e38b\",\"name\":\"Pressenza Wien\",\"description\":\"News from the Pressenza Bureau in Vienna, Austria\",\"sameAs\":[\"https:\/\/x.com\/pressenza_ger\"],\"url\":\"https:\/\/www.pressenza.com\/de\/author\/pressenza-wien\/\"}]}<\/script>\n<!-- \/ Yoast SEO plugin. -->","yoast_head_json":{"title":"Globales Plastikm\u00fcllabkommen: Wieso ein weltweites Abkommen so wichtig w\u00e4re","description":"Die weltweite Plastikverschmutzung k\u00f6nnte reduziert werden. Das kann nur global angegangen werden. Aber wie genau? Durch ein weltweit verbindliches","robots":{"index":"index","follow":"follow","max-snippet":"max-snippet:-1","max-image-preview":"max-image-preview:large","max-video-preview":"max-video-preview:-1"},"canonical":"https:\/\/www.pressenza.com\/de\/2023\/11\/globales-plastikmuellabkommen-wieso-ein-weltweites-abkommen-so-wichtig-waere\/","og_locale":"de_DE","og_type":"article","og_title":"Globales Plastikm\u00fcllabkommen: Wieso ein weltweites Abkommen so wichtig w\u00e4re","og_description":"Die weltweite Plastikverschmutzung k\u00f6nnte reduziert werden. Das kann nur global angegangen werden. Aber wie genau? Durch ein weltweit verbindliches","og_url":"https:\/\/www.pressenza.com\/de\/2023\/11\/globales-plastikmuellabkommen-wieso-ein-weltweites-abkommen-so-wichtig-waere\/","og_site_name":"Pressenza","article_publisher":"https:\/\/www.facebook.com\/PressenzaItalia","article_published_time":"2023-11-25T11:40:06+00:00","og_image":[{"width":1920,"height":1440,"url":"https:\/\/www.pressenza.com\/wp-content\/uploads\/2023\/11\/IMG_2815.jpeg","type":"image\/jpeg"}],"author":"Pressenza Wien","twitter_card":"summary_large_image","twitter_creator":"@pressenza_ger","twitter_site":"@PressenzaIPA","twitter_misc":{"Verfasst von":"Pressenza Wien","Gesch\u00e4tzte Lesezeit":"5\u00a0Minuten"},"schema":{"@context":"https:\/\/schema.org","@graph":[{"@type":"Article","@id":"https:\/\/www.pressenza.com\/de\/2023\/11\/globales-plastikmuellabkommen-wieso-ein-weltweites-abkommen-so-wichtig-waere\/#article","isPartOf":{"@id":"https:\/\/www.pressenza.com\/de\/2023\/11\/globales-plastikmuellabkommen-wieso-ein-weltweites-abkommen-so-wichtig-waere\/"},"author":{"name":"Pressenza Wien","@id":"https:\/\/www.pressenza.com\/de\/#\/schema\/person\/3df859e5bf9b19ab936f666e0177e38b"},"headline":"Globales Plastikm\u00fcllabkommen: Wieso ein weltweites Abkommen so wichtig w\u00e4re","datePublished":"2023-11-25T11:40:06+00:00","mainEntityOfPage":{"@id":"https:\/\/www.pressenza.com\/de\/2023\/11\/globales-plastikmuellabkommen-wieso-ein-weltweites-abkommen-so-wichtig-waere\/"},"wordCount":791,"publisher":{"@id":"https:\/\/www.pressenza.com\/de\/#organization"},"image":{"@id":"https:\/\/www.pressenza.com\/de\/2023\/11\/globales-plastikmuellabkommen-wieso-ein-weltweites-abkommen-so-wichtig-waere\/#primaryimage"},"thumbnailUrl":"https:\/\/www.pressenza.com\/wp-content\/uploads\/2023\/11\/IMG_2815.jpeg","keywords":["Erd\u00f6l","Plastikm\u00fcll","Recycling"],"articleSection":["\u00d6kologie und Umwelt","Politik","Wirtschaft"],"inLanguage":"de"},{"@type":"WebPage","@id":"https:\/\/www.pressenza.com\/de\/2023\/11\/globales-plastikmuellabkommen-wieso-ein-weltweites-abkommen-so-wichtig-waere\/","url":"https:\/\/www.pressenza.com\/de\/2023\/11\/globales-plastikmuellabkommen-wieso-ein-weltweites-abkommen-so-wichtig-waere\/","name":"Globales Plastikm\u00fcllabkommen: Wieso ein weltweites Abkommen so wichtig w\u00e4re","isPartOf":{"@id":"https:\/\/www.pressenza.com\/de\/#website"},"primaryImageOfPage":{"@id":"https:\/\/www.pressenza.com\/de\/2023\/11\/globales-plastikmuellabkommen-wieso-ein-weltweites-abkommen-so-wichtig-waere\/#primaryimage"},"image":{"@id":"https:\/\/www.pressenza.com\/de\/2023\/11\/globales-plastikmuellabkommen-wieso-ein-weltweites-abkommen-so-wichtig-waere\/#primaryimage"},"thumbnailUrl":"https:\/\/www.pressenza.com\/wp-content\/uploads\/2023\/11\/IMG_2815.jpeg","datePublished":"2023-11-25T11:40:06+00:00","description":"Die weltweite Plastikverschmutzung k\u00f6nnte reduziert werden. Das kann nur global angegangen werden. Aber wie genau? Durch ein weltweit verbindliches","breadcrumb":{"@id":"https:\/\/www.pressenza.com\/de\/2023\/11\/globales-plastikmuellabkommen-wieso-ein-weltweites-abkommen-so-wichtig-waere\/#breadcrumb"},"inLanguage":"de","potentialAction":[{"@type":"ReadAction","target":["https:\/\/www.pressenza.com\/de\/2023\/11\/globales-plastikmuellabkommen-wieso-ein-weltweites-abkommen-so-wichtig-waere\/"]}]},{"@type":"ImageObject","inLanguage":"de","@id":"https:\/\/www.pressenza.com\/de\/2023\/11\/globales-plastikmuellabkommen-wieso-ein-weltweites-abkommen-so-wichtig-waere\/#primaryimage","url":"https:\/\/www.pressenza.com\/wp-content\/uploads\/2023\/11\/IMG_2815.jpeg","contentUrl":"https:\/\/www.pressenza.com\/wp-content\/uploads\/2023\/11\/IMG_2815.jpeg","width":1920,"height":1440},{"@type":"BreadcrumbList","@id":"https:\/\/www.pressenza.com\/de\/2023\/11\/globales-plastikmuellabkommen-wieso-ein-weltweites-abkommen-so-wichtig-waere\/#breadcrumb","itemListElement":[{"@type":"ListItem","position":1,"name":"Accueil","item":"https:\/\/www.pressenza.com\/de\/"},{"@type":"ListItem","position":2,"name":"Globales Plastikm\u00fcllabkommen: Wieso ein weltweites Abkommen so wichtig w\u00e4re"}]},{"@type":"WebSite","@id":"https:\/\/www.pressenza.com\/de\/#website","url":"https:\/\/www.pressenza.com\/de\/","name":"Pressenza","description":"International Press Agency","publisher":{"@id":"https:\/\/www.pressenza.com\/de\/#organization"},"potentialAction":[{"@type":"SearchAction","target":{"@type":"EntryPoint","urlTemplate":"https:\/\/www.pressenza.com\/de\/?s={search_term_string}"},"query-input":{"@type":"PropertyValueSpecification","valueRequired":true,"valueName":"search_term_string"}}],"inLanguage":"de"},{"@type":"Organization","@id":"https:\/\/www.pressenza.com\/de\/#organization","name":"Pressenza","url":"https:\/\/www.pressenza.com\/de\/","logo":{"@type":"ImageObject","inLanguage":"de","@id":"https:\/\/www.pressenza.com\/de\/#\/schema\/logo\/image\/","url":"https:\/\/www.pressenza.com\/wp-content\/uploads\/2022\/10\/pressenza_logo_200x200.jpg","contentUrl":"https:\/\/www.pressenza.com\/wp-content\/uploads\/2022\/10\/pressenza_logo_200x200.jpg","width":200,"height":200,"caption":"Pressenza"},"image":{"@id":"https:\/\/www.pressenza.com\/de\/#\/schema\/logo\/image\/"},"sameAs":["https:\/\/www.facebook.com\/PressenzaItalia","https:\/\/x.com\/PressenzaIPA"]},{"@type":"Person","@id":"https:\/\/www.pressenza.com\/de\/#\/schema\/person\/3df859e5bf9b19ab936f666e0177e38b","name":"Pressenza Wien","description":"News from the Pressenza Bureau in Vienna, Austria","sameAs":["https:\/\/x.com\/pressenza_ger"],"url":"https:\/\/www.pressenza.com\/de\/author\/pressenza-wien\/"}]}},"place":"","original_article_url":"https:\/\/www.moment.at\/globales-muellabkommen-plastik","_links":{"self":[{"href":"https:\/\/www.pressenza.com\/de\/wp-json\/wp\/v2\/posts\/1783170","targetHints":{"allow":["GET"]}}],"collection":[{"href":"https:\/\/www.pressenza.com\/de\/wp-json\/wp\/v2\/posts"}],"about":[{"href":"https:\/\/www.pressenza.com\/de\/wp-json\/wp\/v2\/types\/post"}],"author":[{"embeddable":true,"href":"https:\/\/www.pressenza.com\/de\/wp-json\/wp\/v2\/users\/1096"}],"replies":[{"embeddable":true,"href":"https:\/\/www.pressenza.com\/de\/wp-json\/wp\/v2\/comments?post=1783170"}],"version-history":[{"count":0,"href":"https:\/\/www.pressenza.com\/de\/wp-json\/wp\/v2\/posts\/1783170\/revisions"}],"wp:featuredmedia":[{"embeddable":true,"href":"https:\/\/www.pressenza.com\/de\/wp-json\/wp\/v2\/media\/1783479"}],"wp:attachment":[{"href":"https:\/\/www.pressenza.com\/de\/wp-json\/wp\/v2\/media?parent=1783170"}],"wp:term":[{"taxonomy":"category","embeddable":true,"href":"https:\/\/www.pressenza.com\/de\/wp-json\/wp\/v2\/categories?post=1783170"},{"taxonomy":"post_tag","embeddable":true,"href":"https:\/\/www.pressenza.com\/de\/wp-json\/wp\/v2\/tags?post=1783170"}],"curies":[{"name":"wp","href":"https:\/\/api.w.org\/{rel}","templated":true}]}}