{"id":1783166,"date":"2023-11-25T11:43:50","date_gmt":"2023-11-25T11:43:50","guid":{"rendered":"https:\/\/www.pressenza.com\/?p=1783166"},"modified":"2023-11-25T11:43:50","modified_gmt":"2023-11-25T11:43:50","slug":"die-who-plant-die-internationalen-gesundheitsvorschriften-ihr-igv-zu-aendern","status":"publish","type":"post","link":"https:\/\/www.pressenza.com\/de\/2023\/11\/die-who-plant-die-internationalen-gesundheitsvorschriften-ihr-igv-zu-aendern\/","title":{"rendered":"Die WHO plant die Internationalen Gesundheitsvorschriften (IHR\/IGV) zu \u00e4ndern"},"content":{"rendered":"<p><strong>W\u00e4hrend die Rechte bereits dagegen mobilisiert, bleibt die Schweizer Linke bisher still. Linksbuendig will dies mit einer Kampagne \u00e4ndern.<\/strong><\/p>\n<article>\n<h3>Kampagnenaufruf<\/h3>\n<p>Die WHO versucht im Fahrtwind der letzten drei Jahre, die internationalen Gesundheitsvorschriften zu erneuern und mit dem neuen Pandemievertrag die eigenen Befugnisse stark auszuweiten und in Zukunft tief in die Souver\u00e4nit\u00e4t der Mitgliedstaaten einzugreifen. Gleichzeitig wird versucht, die H\u00fcrden f\u00fcr Impfstoffzulassungen noch mehr aufzuweichen, um die Zulassungsverfahren auf gef\u00e4hrliche kurze 100 Tage zu verk\u00fcrzen. Zudem will die WHO in Zukunft unser Verhalten durch Verhaltenswissenschaften und Zensur beeinflussen.<\/p>\n<p>Wir fordern eine ergebnisoffene, \u00f6ffentliche und breite Diskussion der geplanten \u00c4nderungen der Gesundheitsvorschriften im Rahmen der IHR\/IGV (International Health Regulations\/Internationale Gesundheitsvorschriften) und des Pandemievertrags und eine in diesem Zusammenhang unerl\u00e4ssliche, sachliche, \u00f6ffentliche und breite Diskussion aller getroffenen Massnahmen zur Bek\u00e4mpfung der Corona-Pandemie.<\/p>\n<p>Wir wenden uns gegen diese bereits auf Mai 2024 geplante Erweiterung der globalen Gesundheitssicherheitsarchitektur und deren Ratifizierung durch die Schweiz. Viele der Reaktionen der WHO, ihrer \u00f6ffentlich-privaten Partner und der WHO-Mitgliedstaaten auf das Auftreten des SARS-CoV-2-Virus Anfang 2020 basierten auf der GHS-Doktrin (Gesundheitssicherheit-Doktrin). Diese f\u00fchrte zu weitreichenden Eingriffen in die Menschenrechte der Menschen in praktisch allen L\u00e4ndern der Welt, mit enormen sozio\u00f6konomischen Auswirkungen. Wir wenden uns gegen technokratische, biomedizinische Ans\u00e4tze zur Pandemievorsorge und -bek\u00e4mpfung, die auf einer zentralisierten, globalen, biomedizinischen \u00dcberwachungs-, Reaktions- und strengen Durchsetzungsinfrastruktur aufbaut.<\/p>\n<p>Wir fordern euch auf, das Gesch\u00e4ftsmodell der Krisenbew\u00e4ltigung durch die WHO aus linker Perspektive kritisch zu hinterfragen. Wie steht es um die Finanzierung der WHO? Wessen Interessen vertritt sie wirklich? Steht eine Verk\u00fcrzung der medizinischen Zulassungsfristen im Interesse der Allgemeinheit? Welche Konsequenzen hat die geplante \u00abEingriffsnahme auf abweichende Meinung\u00bb f\u00fcr uns alle?<\/p>\n<p>Wir verstehen die WHO als Institution zur Wahrung eines unabh\u00e4ngigen Austausches und gegenseitiger Hilfestellung aller Nationen im Interesse eines weltweit gut ausgebauten Gesundheitssystems und zur gegenseitigen, solidarischen Hilfestellung. Die neoliberalen Umstrukturierungen innerhalb der WHO stellen durch private Profitinteressen und durch private Finanzierung das urspr\u00fcngliche Ziel dieser Institution in Frage.<\/p>\n<h3>F\u00fcr eine demokratische WHO ohne Einflussnahme der Pharmaindustrie<\/h3>\n<p>Linksb\u00fcndig startet eine Kampagne gegen die geplante Erweiterung der IHR\/IGV und des Pandemievertrags durch die WHO. Unsere Forderungen sind eine wirklich demokratische WHO, frei von Profitinteressen der Pharma und Investor*innen. Geplant sind Veranstaltungen und eine oder mehrere Demonstrationen in Genf im ersten Halbjahr 2024. Wir fragen euch an, ob ihr euch an dieser Kampagne beteiligen wollt? Wir freuen uns, \u00fcber eure R\u00fcckmeldung an kontakt@linksbuendig.ch.<\/p>\n<p>\u00dcberlassen wir es nicht den Rechten und Verschw\u00f6rungstheoretiker*innen eine berechtigte Kritik f\u00fcr ihre Zwecke zu instrumentalisieren. Mehr Infos zur WHO auf linksbuendig.ch.<\/p>\n<\/article>\n<p class=\"author\" style=\"text-align: right;\">linksbuendig<\/p>\n","protected":false},"excerpt":{"rendered":"<p>W\u00e4hrend die Rechte bereits dagegen mobilisiert, bleibt die Schweizer Linke bisher still. Linksbuendig will dies mit einer Kampagne \u00e4ndern. Kampagnenaufruf Die WHO versucht im Fahrtwind der letzten drei Jahre, die internationalen Gesundheitsvorschriften zu erneuern und mit dem neuen Pandemievertrag die&hellip;<\/p>\n","protected":false},"author":1556,"featured_media":1783168,"comment_status":"closed","ping_status":"closed","sticky":false,"template":"","format":"standard","meta":{"footnotes":""},"categories":[9160,9161,9168],"tags":[34238,73014,85959,12231],"class_list":["post-1783166","post","type-post","status-publish","format-standard","has-post-thumbnail","hentry","category-gesundheit","category-menschenrechte","category-politik","tag-gesundheit","tag-pandemie-de","tag-pharmakonzerne","tag-who-de"],"yoast_head":"<!-- This site is optimized with the Yoast SEO plugin v27.1.1 - https:\/\/yoast.com\/product\/yoast-seo-wordpress\/ -->\n<title>Die WHO plant die Internationalen Gesundheitsvorschriften (IHR\/IGV) zu \u00e4ndern<\/title>\n<meta name=\"description\" content=\"W\u00e4hrend die Rechte bereits dagegen mobilisiert, bleibt die Schweizer Linke bisher still. Linksbuendig will dies mit einer Kampagne \u00e4ndern. Kampagnenaufruf\" \/>\n<meta name=\"robots\" content=\"index, follow, max-snippet:-1, max-image-preview:large, max-video-preview:-1\" \/>\n<link rel=\"canonical\" href=\"https:\/\/www.pressenza.com\/de\/2023\/11\/die-who-plant-die-internationalen-gesundheitsvorschriften-ihr-igv-zu-aendern\/\" \/>\n<meta property=\"og:locale\" content=\"de_DE\" \/>\n<meta property=\"og:type\" content=\"article\" \/>\n<meta property=\"og:title\" content=\"Die WHO plant die Internationalen Gesundheitsvorschriften (IHR\/IGV) zu \u00e4ndern\" \/>\n<meta property=\"og:description\" content=\"W\u00e4hrend die Rechte bereits dagegen mobilisiert, bleibt die Schweizer Linke bisher still. Linksbuendig will dies mit einer Kampagne \u00e4ndern. Kampagnenaufruf\" \/>\n<meta property=\"og:url\" content=\"https:\/\/www.pressenza.com\/de\/2023\/11\/die-who-plant-die-internationalen-gesundheitsvorschriften-ihr-igv-zu-aendern\/\" \/>\n<meta property=\"og:site_name\" content=\"Pressenza\" \/>\n<meta property=\"article:publisher\" content=\"https:\/\/www.facebook.com\/PressenzaItalia\" \/>\n<meta property=\"article:published_time\" content=\"2023-11-25T11:43:50+00:00\" \/>\n<meta property=\"og:image\" content=\"https:\/\/www.pressenza.com\/wp-content\/uploads\/2023\/11\/linksbuendig_w.png\" \/>\n\t<meta property=\"og:image:width\" content=\"912\" \/>\n\t<meta property=\"og:image:height\" content=\"340\" \/>\n\t<meta property=\"og:image:type\" content=\"image\/png\" \/>\n<meta name=\"author\" content=\"Untergrund-Bl\u00e4ttle\" \/>\n<meta name=\"twitter:card\" content=\"summary_large_image\" \/>\n<meta name=\"twitter:creator\" content=\"@PressenzaIPA\" \/>\n<meta name=\"twitter:site\" content=\"@PressenzaIPA\" \/>\n<meta name=\"twitter:label1\" content=\"Verfasst von\" \/>\n\t<meta name=\"twitter:data1\" content=\"Untergrund-Bl\u00e4ttle\" \/>\n\t<meta name=\"twitter:label2\" content=\"Gesch\u00e4tzte Lesezeit\" \/>\n\t<meta name=\"twitter:data2\" content=\"3\u00a0Minuten\" \/>\n<script type=\"application\/ld+json\" class=\"yoast-schema-graph\">{\"@context\":\"https:\/\/schema.org\",\"@graph\":[{\"@type\":\"Article\",\"@id\":\"https:\/\/www.pressenza.com\/de\/2023\/11\/die-who-plant-die-internationalen-gesundheitsvorschriften-ihr-igv-zu-aendern\/#article\",\"isPartOf\":{\"@id\":\"https:\/\/www.pressenza.com\/de\/2023\/11\/die-who-plant-die-internationalen-gesundheitsvorschriften-ihr-igv-zu-aendern\/\"},\"author\":{\"name\":\"Untergrund-Bl\u00e4ttle\",\"@id\":\"https:\/\/www.pressenza.com\/de\/#\/schema\/person\/769b3fca5f2f2d48f505e01a952bd7db\"},\"headline\":\"Die WHO plant die Internationalen Gesundheitsvorschriften (IHR\/IGV) zu \u00e4ndern\",\"datePublished\":\"2023-11-25T11:43:50+00:00\",\"mainEntityOfPage\":{\"@id\":\"https:\/\/www.pressenza.com\/de\/2023\/11\/die-who-plant-die-internationalen-gesundheitsvorschriften-ihr-igv-zu-aendern\/\"},\"wordCount\":451,\"publisher\":{\"@id\":\"https:\/\/www.pressenza.com\/de\/#organization\"},\"image\":{\"@id\":\"https:\/\/www.pressenza.com\/de\/2023\/11\/die-who-plant-die-internationalen-gesundheitsvorschriften-ihr-igv-zu-aendern\/#primaryimage\"},\"thumbnailUrl\":\"https:\/\/www.pressenza.com\/wp-content\/uploads\/2023\/11\/linksbuendig_w.png\",\"keywords\":[\"Gesundheit\",\"pandemie\",\"Pharmakonzerne\",\"WHO\"],\"articleSection\":[\"Gesundheit\",\"Menschenrechte\",\"Politik\"],\"inLanguage\":\"de\"},{\"@type\":\"WebPage\",\"@id\":\"https:\/\/www.pressenza.com\/de\/2023\/11\/die-who-plant-die-internationalen-gesundheitsvorschriften-ihr-igv-zu-aendern\/\",\"url\":\"https:\/\/www.pressenza.com\/de\/2023\/11\/die-who-plant-die-internationalen-gesundheitsvorschriften-ihr-igv-zu-aendern\/\",\"name\":\"Die WHO plant die Internationalen Gesundheitsvorschriften (IHR\/IGV) zu \u00e4ndern\",\"isPartOf\":{\"@id\":\"https:\/\/www.pressenza.com\/de\/#website\"},\"primaryImageOfPage\":{\"@id\":\"https:\/\/www.pressenza.com\/de\/2023\/11\/die-who-plant-die-internationalen-gesundheitsvorschriften-ihr-igv-zu-aendern\/#primaryimage\"},\"image\":{\"@id\":\"https:\/\/www.pressenza.com\/de\/2023\/11\/die-who-plant-die-internationalen-gesundheitsvorschriften-ihr-igv-zu-aendern\/#primaryimage\"},\"thumbnailUrl\":\"https:\/\/www.pressenza.com\/wp-content\/uploads\/2023\/11\/linksbuendig_w.png\",\"datePublished\":\"2023-11-25T11:43:50+00:00\",\"description\":\"W\u00e4hrend die Rechte bereits dagegen mobilisiert, bleibt die Schweizer Linke bisher still. Linksbuendig will dies mit einer Kampagne \u00e4ndern. Kampagnenaufruf\",\"breadcrumb\":{\"@id\":\"https:\/\/www.pressenza.com\/de\/2023\/11\/die-who-plant-die-internationalen-gesundheitsvorschriften-ihr-igv-zu-aendern\/#breadcrumb\"},\"inLanguage\":\"de\",\"potentialAction\":[{\"@type\":\"ReadAction\",\"target\":[\"https:\/\/www.pressenza.com\/de\/2023\/11\/die-who-plant-die-internationalen-gesundheitsvorschriften-ihr-igv-zu-aendern\/\"]}]},{\"@type\":\"ImageObject\",\"inLanguage\":\"de\",\"@id\":\"https:\/\/www.pressenza.com\/de\/2023\/11\/die-who-plant-die-internationalen-gesundheitsvorschriften-ihr-igv-zu-aendern\/#primaryimage\",\"url\":\"https:\/\/www.pressenza.com\/wp-content\/uploads\/2023\/11\/linksbuendig_w.png\",\"contentUrl\":\"https:\/\/www.pressenza.com\/wp-content\/uploads\/2023\/11\/linksbuendig_w.png\",\"width\":912,\"height\":340},{\"@type\":\"BreadcrumbList\",\"@id\":\"https:\/\/www.pressenza.com\/de\/2023\/11\/die-who-plant-die-internationalen-gesundheitsvorschriften-ihr-igv-zu-aendern\/#breadcrumb\",\"itemListElement\":[{\"@type\":\"ListItem\",\"position\":1,\"name\":\"Accueil\",\"item\":\"https:\/\/www.pressenza.com\/de\/\"},{\"@type\":\"ListItem\",\"position\":2,\"name\":\"Die WHO plant die Internationalen Gesundheitsvorschriften (IHR\/IGV) zu \u00e4ndern\"}]},{\"@type\":\"WebSite\",\"@id\":\"https:\/\/www.pressenza.com\/de\/#website\",\"url\":\"https:\/\/www.pressenza.com\/de\/\",\"name\":\"Pressenza\",\"description\":\"International Press Agency\",\"publisher\":{\"@id\":\"https:\/\/www.pressenza.com\/de\/#organization\"},\"potentialAction\":[{\"@type\":\"SearchAction\",\"target\":{\"@type\":\"EntryPoint\",\"urlTemplate\":\"https:\/\/www.pressenza.com\/de\/?s={search_term_string}\"},\"query-input\":{\"@type\":\"PropertyValueSpecification\",\"valueRequired\":true,\"valueName\":\"search_term_string\"}}],\"inLanguage\":\"de\"},{\"@type\":\"Organization\",\"@id\":\"https:\/\/www.pressenza.com\/de\/#organization\",\"name\":\"Pressenza\",\"url\":\"https:\/\/www.pressenza.com\/de\/\",\"logo\":{\"@type\":\"ImageObject\",\"inLanguage\":\"de\",\"@id\":\"https:\/\/www.pressenza.com\/de\/#\/schema\/logo\/image\/\",\"url\":\"https:\/\/www.pressenza.com\/wp-content\/uploads\/2022\/10\/pressenza_logo_200x200.jpg\",\"contentUrl\":\"https:\/\/www.pressenza.com\/wp-content\/uploads\/2022\/10\/pressenza_logo_200x200.jpg\",\"width\":200,\"height\":200,\"caption\":\"Pressenza\"},\"image\":{\"@id\":\"https:\/\/www.pressenza.com\/de\/#\/schema\/logo\/image\/\"},\"sameAs\":[\"https:\/\/www.facebook.com\/PressenzaItalia\",\"https:\/\/x.com\/PressenzaIPA\"]},{\"@type\":\"Person\",\"@id\":\"https:\/\/www.pressenza.com\/de\/#\/schema\/person\/769b3fca5f2f2d48f505e01a952bd7db\",\"name\":\"Untergrund-Bl\u00e4ttle\",\"description\":\"Online-Magazin f\u00fcr kritischen Journalismus aus dem Grossraum Z\u00fcrich. Untergrund-Bl\u00e4ttle publizieren analytische und kontroverse Texte zu den Themenschwerpunkten Politik, Gesellschaft, \u00d6konomie und \u00d6kologie. Ein ganz besonderes Augenmerk gilt dabei auch dem kulturellen Teil. Der inhaltlich und redaktionelle Anspruch liegt unter anderem darin, Synergien innerhalb von linken Str\u00f6mungen herzustellen.\",\"sameAs\":[\"http:\/\/www.xn--untergrund-blttle-2qb.ch\/\"],\"url\":\"https:\/\/www.pressenza.com\/de\/author\/untergrund-blaettle\/\"}]}<\/script>\n<!-- \/ Yoast SEO plugin. -->","yoast_head_json":{"title":"Die WHO plant die Internationalen Gesundheitsvorschriften (IHR\/IGV) zu \u00e4ndern","description":"W\u00e4hrend die Rechte bereits dagegen mobilisiert, bleibt die Schweizer Linke bisher still. Linksbuendig will dies mit einer Kampagne \u00e4ndern. Kampagnenaufruf","robots":{"index":"index","follow":"follow","max-snippet":"max-snippet:-1","max-image-preview":"max-image-preview:large","max-video-preview":"max-video-preview:-1"},"canonical":"https:\/\/www.pressenza.com\/de\/2023\/11\/die-who-plant-die-internationalen-gesundheitsvorschriften-ihr-igv-zu-aendern\/","og_locale":"de_DE","og_type":"article","og_title":"Die WHO plant die Internationalen Gesundheitsvorschriften (IHR\/IGV) zu \u00e4ndern","og_description":"W\u00e4hrend die Rechte bereits dagegen mobilisiert, bleibt die Schweizer Linke bisher still. Linksbuendig will dies mit einer Kampagne \u00e4ndern. Kampagnenaufruf","og_url":"https:\/\/www.pressenza.com\/de\/2023\/11\/die-who-plant-die-internationalen-gesundheitsvorschriften-ihr-igv-zu-aendern\/","og_site_name":"Pressenza","article_publisher":"https:\/\/www.facebook.com\/PressenzaItalia","article_published_time":"2023-11-25T11:43:50+00:00","og_image":[{"width":912,"height":340,"url":"https:\/\/www.pressenza.com\/wp-content\/uploads\/2023\/11\/linksbuendig_w.png","type":"image\/png"}],"author":"Untergrund-Bl\u00e4ttle","twitter_card":"summary_large_image","twitter_creator":"@PressenzaIPA","twitter_site":"@PressenzaIPA","twitter_misc":{"Verfasst von":"Untergrund-Bl\u00e4ttle","Gesch\u00e4tzte Lesezeit":"3\u00a0Minuten"},"schema":{"@context":"https:\/\/schema.org","@graph":[{"@type":"Article","@id":"https:\/\/www.pressenza.com\/de\/2023\/11\/die-who-plant-die-internationalen-gesundheitsvorschriften-ihr-igv-zu-aendern\/#article","isPartOf":{"@id":"https:\/\/www.pressenza.com\/de\/2023\/11\/die-who-plant-die-internationalen-gesundheitsvorschriften-ihr-igv-zu-aendern\/"},"author":{"name":"Untergrund-Bl\u00e4ttle","@id":"https:\/\/www.pressenza.com\/de\/#\/schema\/person\/769b3fca5f2f2d48f505e01a952bd7db"},"headline":"Die WHO plant die Internationalen Gesundheitsvorschriften (IHR\/IGV) zu \u00e4ndern","datePublished":"2023-11-25T11:43:50+00:00","mainEntityOfPage":{"@id":"https:\/\/www.pressenza.com\/de\/2023\/11\/die-who-plant-die-internationalen-gesundheitsvorschriften-ihr-igv-zu-aendern\/"},"wordCount":451,"publisher":{"@id":"https:\/\/www.pressenza.com\/de\/#organization"},"image":{"@id":"https:\/\/www.pressenza.com\/de\/2023\/11\/die-who-plant-die-internationalen-gesundheitsvorschriften-ihr-igv-zu-aendern\/#primaryimage"},"thumbnailUrl":"https:\/\/www.pressenza.com\/wp-content\/uploads\/2023\/11\/linksbuendig_w.png","keywords":["Gesundheit","pandemie","Pharmakonzerne","WHO"],"articleSection":["Gesundheit","Menschenrechte","Politik"],"inLanguage":"de"},{"@type":"WebPage","@id":"https:\/\/www.pressenza.com\/de\/2023\/11\/die-who-plant-die-internationalen-gesundheitsvorschriften-ihr-igv-zu-aendern\/","url":"https:\/\/www.pressenza.com\/de\/2023\/11\/die-who-plant-die-internationalen-gesundheitsvorschriften-ihr-igv-zu-aendern\/","name":"Die WHO plant die Internationalen Gesundheitsvorschriften (IHR\/IGV) zu \u00e4ndern","isPartOf":{"@id":"https:\/\/www.pressenza.com\/de\/#website"},"primaryImageOfPage":{"@id":"https:\/\/www.pressenza.com\/de\/2023\/11\/die-who-plant-die-internationalen-gesundheitsvorschriften-ihr-igv-zu-aendern\/#primaryimage"},"image":{"@id":"https:\/\/www.pressenza.com\/de\/2023\/11\/die-who-plant-die-internationalen-gesundheitsvorschriften-ihr-igv-zu-aendern\/#primaryimage"},"thumbnailUrl":"https:\/\/www.pressenza.com\/wp-content\/uploads\/2023\/11\/linksbuendig_w.png","datePublished":"2023-11-25T11:43:50+00:00","description":"W\u00e4hrend die Rechte bereits dagegen mobilisiert, bleibt die Schweizer Linke bisher still. Linksbuendig will dies mit einer Kampagne \u00e4ndern. Kampagnenaufruf","breadcrumb":{"@id":"https:\/\/www.pressenza.com\/de\/2023\/11\/die-who-plant-die-internationalen-gesundheitsvorschriften-ihr-igv-zu-aendern\/#breadcrumb"},"inLanguage":"de","potentialAction":[{"@type":"ReadAction","target":["https:\/\/www.pressenza.com\/de\/2023\/11\/die-who-plant-die-internationalen-gesundheitsvorschriften-ihr-igv-zu-aendern\/"]}]},{"@type":"ImageObject","inLanguage":"de","@id":"https:\/\/www.pressenza.com\/de\/2023\/11\/die-who-plant-die-internationalen-gesundheitsvorschriften-ihr-igv-zu-aendern\/#primaryimage","url":"https:\/\/www.pressenza.com\/wp-content\/uploads\/2023\/11\/linksbuendig_w.png","contentUrl":"https:\/\/www.pressenza.com\/wp-content\/uploads\/2023\/11\/linksbuendig_w.png","width":912,"height":340},{"@type":"BreadcrumbList","@id":"https:\/\/www.pressenza.com\/de\/2023\/11\/die-who-plant-die-internationalen-gesundheitsvorschriften-ihr-igv-zu-aendern\/#breadcrumb","itemListElement":[{"@type":"ListItem","position":1,"name":"Accueil","item":"https:\/\/www.pressenza.com\/de\/"},{"@type":"ListItem","position":2,"name":"Die WHO plant die Internationalen Gesundheitsvorschriften (IHR\/IGV) zu \u00e4ndern"}]},{"@type":"WebSite","@id":"https:\/\/www.pressenza.com\/de\/#website","url":"https:\/\/www.pressenza.com\/de\/","name":"Pressenza","description":"International Press Agency","publisher":{"@id":"https:\/\/www.pressenza.com\/de\/#organization"},"potentialAction":[{"@type":"SearchAction","target":{"@type":"EntryPoint","urlTemplate":"https:\/\/www.pressenza.com\/de\/?s={search_term_string}"},"query-input":{"@type":"PropertyValueSpecification","valueRequired":true,"valueName":"search_term_string"}}],"inLanguage":"de"},{"@type":"Organization","@id":"https:\/\/www.pressenza.com\/de\/#organization","name":"Pressenza","url":"https:\/\/www.pressenza.com\/de\/","logo":{"@type":"ImageObject","inLanguage":"de","@id":"https:\/\/www.pressenza.com\/de\/#\/schema\/logo\/image\/","url":"https:\/\/www.pressenza.com\/wp-content\/uploads\/2022\/10\/pressenza_logo_200x200.jpg","contentUrl":"https:\/\/www.pressenza.com\/wp-content\/uploads\/2022\/10\/pressenza_logo_200x200.jpg","width":200,"height":200,"caption":"Pressenza"},"image":{"@id":"https:\/\/www.pressenza.com\/de\/#\/schema\/logo\/image\/"},"sameAs":["https:\/\/www.facebook.com\/PressenzaItalia","https:\/\/x.com\/PressenzaIPA"]},{"@type":"Person","@id":"https:\/\/www.pressenza.com\/de\/#\/schema\/person\/769b3fca5f2f2d48f505e01a952bd7db","name":"Untergrund-Bl\u00e4ttle","description":"Online-Magazin f\u00fcr kritischen Journalismus aus dem Grossraum Z\u00fcrich. Untergrund-Bl\u00e4ttle publizieren analytische und kontroverse Texte zu den Themenschwerpunkten Politik, Gesellschaft, \u00d6konomie und \u00d6kologie. Ein ganz besonderes Augenmerk gilt dabei auch dem kulturellen Teil. Der inhaltlich und redaktionelle Anspruch liegt unter anderem darin, Synergien innerhalb von linken Str\u00f6mungen herzustellen.","sameAs":["http:\/\/www.xn--untergrund-blttle-2qb.ch\/"],"url":"https:\/\/www.pressenza.com\/de\/author\/untergrund-blaettle\/"}]}},"place":"","original_article_url":"https:\/\/www.xn--untergrund-blttle-2qb.ch\/politik\/schweiz\/internationale-gesundheitsvorschriften-kampagnenaufruf-who-8078.html","_links":{"self":[{"href":"https:\/\/www.pressenza.com\/de\/wp-json\/wp\/v2\/posts\/1783166","targetHints":{"allow":["GET"]}}],"collection":[{"href":"https:\/\/www.pressenza.com\/de\/wp-json\/wp\/v2\/posts"}],"about":[{"href":"https:\/\/www.pressenza.com\/de\/wp-json\/wp\/v2\/types\/post"}],"author":[{"embeddable":true,"href":"https:\/\/www.pressenza.com\/de\/wp-json\/wp\/v2\/users\/1556"}],"replies":[{"embeddable":true,"href":"https:\/\/www.pressenza.com\/de\/wp-json\/wp\/v2\/comments?post=1783166"}],"version-history":[{"count":0,"href":"https:\/\/www.pressenza.com\/de\/wp-json\/wp\/v2\/posts\/1783166\/revisions"}],"wp:featuredmedia":[{"embeddable":true,"href":"https:\/\/www.pressenza.com\/de\/wp-json\/wp\/v2\/media\/1783168"}],"wp:attachment":[{"href":"https:\/\/www.pressenza.com\/de\/wp-json\/wp\/v2\/media?parent=1783166"}],"wp:term":[{"taxonomy":"category","embeddable":true,"href":"https:\/\/www.pressenza.com\/de\/wp-json\/wp\/v2\/categories?post=1783166"},{"taxonomy":"post_tag","embeddable":true,"href":"https:\/\/www.pressenza.com\/de\/wp-json\/wp\/v2\/tags?post=1783166"}],"curies":[{"name":"wp","href":"https:\/\/api.w.org\/{rel}","templated":true}]}}