{"id":1782545,"date":"2023-11-20T13:44:16","date_gmt":"2023-11-20T13:44:16","guid":{"rendered":"https:\/\/www.pressenza.com\/?p=1782545"},"modified":"2023-11-20T13:45:57","modified_gmt":"2023-11-20T13:45:57","slug":"internationales-hybridtreffen-der-pressenza-redaktionen-in-athen","status":"publish","type":"post","link":"https:\/\/www.pressenza.com\/de\/2023\/11\/internationales-hybridtreffen-der-pressenza-redaktionen-in-athen\/","title":{"rendered":"Internationales Hybridtreffen der Pressenza-Redaktionen in Athen"},"content":{"rendered":"<p><strong>Am 18. und 19. November fand in Athen ein internationales Treffen von Vertretern der Redaktion der Nachrichtenagentur Pressenza aus den verschiedenen Regionen unseres Planeten statt. Es handelte sich um ein gemischtes Treffen, an dem zahlreiche Vertreter aus Asien, Europa, Nord- und S\u00fcdamerika teilnahmen.<\/strong><\/p>\n<p>W\u00e4hrend des Treffens wurde zun\u00e4chst die Zeit genutzt, um die Gedanken und Einsch\u00e4tzungen der Medienpartner der Agentur zu diskutieren, die in elf dreimin\u00fctigen Videos dargelegt wurden. Dabei ging es um die Rolle der alternativen und unabh\u00e4ngigen Medien, die heutigen Herausforderungen und die Frage, wie die Vernetzung untereinander verst\u00e4rkt werden kann. Anschlie\u00dfend fand ein wichtiger Meinungs- und Erfahrungsaustausch \u00fcber die St\u00e4rken und Schw\u00e4chen der Arbeit der Agentur und ihre Rolle angesichts der globalen Herausforderungen f\u00fcr die Menschheit statt.<\/p>\n<p>Am darauffolgenden Tag wurden Pl\u00e4ne und Ma\u00dfnahmen f\u00fcr die n\u00e4chsten 10 Jahre er\u00f6rtert: wie die Agentur auf die zunehmende Mundialisierung und Globalisierung reagiert kann, wie neue Technologien genutzt werden k\u00f6nnen, wie die Reichweite vergr\u00f6\u00dfert werden kann, mit welchen Organisationen, Institutionen und Einzelpersonen wir uns verb\u00fcnden m\u00f6chten, welche Inhalte hervorgehoben werden sollten, und wie die personellen und finanziellen M\u00f6glichkeiten erweitert werden k\u00f6nnen, die wir ben\u00f6tigen, um auf die oben genannten Punkte zu reagieren.<\/p>\n<p>Wichtige Punkte des Austauschs waren auch die bew\u00e4hrten Praktiken der verschiedenen Redaktionsteams sowie die Workshops, die auf der Grundlage des Buches &#8222;Gewaltfreier Journalismus\u00bb und ihrer Anwendungen in den verschiedenen Ecken unseres Planeten organisiert wurden.<\/p>\n<p>Es war das erste Hybridtreffens seit der Pandemie, und Athen bot einen hervorragenden Rahmen, der den Anforderungen dieser zweit\u00e4gigen Veranstaltung voll und ganz gerecht wurde. Pressenza bedankt sich bei der Earth Organization f\u00fcr die Nutzung ihrer R\u00e4umlichkeiten.<\/p>\n<p>Am Rande der Veranstaltung nahm eine Delegation der Nachrichtenagentur am Marsch zum 50-j\u00e4hrigen Bestehen des Polytechnikums teil und es wurden Besuche in Delphi und der arch\u00e4ologischen St\u00e4tte von Elefsina organisiert.<\/p>\n<p><em>Nachfolgend zwei Videos von der Versammlung, die von Mariannella Kloka zusammengestellt wurden:<\/em><\/p>\n<p><strong><em>Samstag, 18.11.2023<\/em><br \/>\n<\/strong><\/p>\n<p><iframe loading=\"lazy\" title=\"\u0394\u03b9\u03b5\u03b8\u03bd\u03ae\u03c2 \u03c5\u03b2\u03c1\u03b9\u03b4\u03b9\u03ba\u03ae \u03c3\u03c5\u03bd\u03ac\u03bd\u03c4\u03b7\u03c3\u03b7 \u03c4\u03bf\u03c5 pressenza \u03c3\u03c4\u03b7\u03bd \u0391\u03b8\u03ae\u03bd\u03b1 - \u03a0\u03c1\u03ce\u03c4\u03b7 \u03bc\u03ad\u03c1\u03b1\" width=\"500\" height=\"281\" src=\"https:\/\/www.youtube.com\/embed\/s0I9wNC_7Mk?feature=oembed\" frameborder=\"0\" allow=\"accelerometer; autoplay; clipboard-write; encrypted-media; gyroscope; picture-in-picture; web-share\" referrerpolicy=\"strict-origin-when-cross-origin\" allowfullscreen><\/iframe><\/p>\n<p><em><strong>Sonntag, 19. November 2023<\/strong><\/em><\/p>\n<p><iframe loading=\"lazy\" title=\"\u0394\u03b9\u03b5\u03b8\u03bd\u03ae\u03c2 \u03c5\u03b2\u03c1\u03b9\u03b4\u03b9\u03ba\u03ae \u03c3\u03c5\u03bd\u03ac\u03bd\u03c4\u03b7\u03c3\u03b7 \u03c4\u03bf\u03c5 pressenza \u03c3\u03c4\u03b7\u03bd \u0391\u03b8\u03ae\u03bd\u03b1 - \u0394\u03b5\u03cd\u03c4\u03b5\u03c1\u03b7 \u03bc\u03ad\u03c1\u03b1\" width=\"500\" height=\"281\" src=\"https:\/\/www.youtube.com\/embed\/IpIU0wdPlMM?feature=oembed\" frameborder=\"0\" allow=\"accelerometer; autoplay; clipboard-write; encrypted-media; gyroscope; picture-in-picture; web-share\" referrerpolicy=\"strict-origin-when-cross-origin\" allowfullscreen><\/iframe><\/p>\n","protected":false},"excerpt":{"rendered":"<p>Am 18. und 19. November fand in Athen ein internationales Treffen von Vertretern der Redaktion der Nachrichtenagentur Pressenza aus den verschiedenen Regionen unseres Planeten statt. Es handelte sich um ein gemischtes Treffen, an dem zahlreiche Vertreter aus Asien, Europa, Nord-&hellip;<\/p>\n","protected":false},"author":19,"featured_media":1782546,"comment_status":"closed","ping_status":"closed","sticky":false,"template":"","format":"standard","meta":{"footnotes":""},"categories":[9150,9167,9156,11387],"tags":[9262,96661,51703,117955,21160],"class_list":["post-1782545","post","type-post","status-publish","format-standard","has-post-thumbnail","hentry","category-europa-de","category-frieden-und-abruestung","category-kultur-und-medien","category-originalinhalt","tag-frieden","tag-gewaltfreier-journalismus","tag-in-eigener-sache","tag-internationales-hybridtreffen","tag-journalismus-fuer-frieden-und-gewaltfreiheit"],"yoast_head":"<!-- This site is optimized with the Yoast SEO plugin v27.1.1 - https:\/\/yoast.com\/product\/yoast-seo-wordpress\/ -->\n<title>Internationales Hybridtreffen der Pressenza-Redaktionen in Athen<\/title>\n<meta name=\"description\" content=\"Am 18. und 19. November fand in Athen ein internationales Treffen von Vertretern der Redaktion der Nachrichtenagentur Pressenza aus den verschiedenen\" \/>\n<meta name=\"robots\" content=\"index, follow, max-snippet:-1, max-image-preview:large, max-video-preview:-1\" \/>\n<link rel=\"canonical\" href=\"https:\/\/www.pressenza.com\/de\/2023\/11\/internationales-hybridtreffen-der-pressenza-redaktionen-in-athen\/\" \/>\n<meta property=\"og:locale\" content=\"de_DE\" \/>\n<meta property=\"og:type\" content=\"article\" \/>\n<meta property=\"og:title\" content=\"Internationales Hybridtreffen der Pressenza-Redaktionen in Athen\" \/>\n<meta property=\"og:description\" content=\"Am 18. und 19. November fand in Athen ein internationales Treffen von Vertretern der Redaktion der Nachrichtenagentur Pressenza aus den verschiedenen\" \/>\n<meta property=\"og:url\" content=\"https:\/\/www.pressenza.com\/de\/2023\/11\/internationales-hybridtreffen-der-pressenza-redaktionen-in-athen\/\" \/>\n<meta property=\"og:site_name\" content=\"Pressenza\" \/>\n<meta property=\"article:publisher\" content=\"https:\/\/www.facebook.com\/PressenzaItalia\" \/>\n<meta property=\"article:author\" content=\"https:\/\/www.facebook.com\/pressenza\" \/>\n<meta property=\"article:published_time\" content=\"2023-11-20T13:44:16+00:00\" \/>\n<meta property=\"article:modified_time\" content=\"2023-11-20T13:45:57+00:00\" \/>\n<meta property=\"og:image\" content=\"https:\/\/www.pressenza.com\/wp-content\/uploads\/2023\/11\/pressenza-meeting-athens-photo-Evita-Paraskevopoulou.jpg\" \/>\n\t<meta property=\"og:image:width\" content=\"1920\" \/>\n\t<meta property=\"og:image:height\" content=\"1440\" \/>\n\t<meta property=\"og:image:type\" content=\"image\/jpeg\" \/>\n<meta name=\"author\" content=\"Pressenza IPA\" \/>\n<meta name=\"twitter:card\" content=\"summary_large_image\" \/>\n<meta name=\"twitter:creator\" content=\"@PressenzaIPA\" \/>\n<meta name=\"twitter:site\" content=\"@PressenzaIPA\" \/>\n<meta name=\"twitter:label1\" content=\"Verfasst von\" \/>\n\t<meta name=\"twitter:data1\" content=\"Pressenza IPA\" \/>\n\t<meta name=\"twitter:label2\" content=\"Gesch\u00e4tzte Lesezeit\" \/>\n\t<meta name=\"twitter:data2\" content=\"2\u00a0Minuten\" \/>\n<script type=\"application\/ld+json\" class=\"yoast-schema-graph\">{\"@context\":\"https:\/\/schema.org\",\"@graph\":[{\"@type\":\"Article\",\"@id\":\"https:\/\/www.pressenza.com\/de\/2023\/11\/internationales-hybridtreffen-der-pressenza-redaktionen-in-athen\/#article\",\"isPartOf\":{\"@id\":\"https:\/\/www.pressenza.com\/de\/2023\/11\/internationales-hybridtreffen-der-pressenza-redaktionen-in-athen\/\"},\"author\":{\"name\":\"Pressenza IPA\",\"@id\":\"https:\/\/www.pressenza.com\/de\/#\/schema\/person\/010e5d02bcf40965427a1289a4cc8d75\"},\"headline\":\"Internationales Hybridtreffen der Pressenza-Redaktionen in Athen\",\"datePublished\":\"2023-11-20T13:44:16+00:00\",\"dateModified\":\"2023-11-20T13:45:57+00:00\",\"mainEntityOfPage\":{\"@id\":\"https:\/\/www.pressenza.com\/de\/2023\/11\/internationales-hybridtreffen-der-pressenza-redaktionen-in-athen\/\"},\"wordCount\":357,\"publisher\":{\"@id\":\"https:\/\/www.pressenza.com\/de\/#organization\"},\"image\":{\"@id\":\"https:\/\/www.pressenza.com\/de\/2023\/11\/internationales-hybridtreffen-der-pressenza-redaktionen-in-athen\/#primaryimage\"},\"thumbnailUrl\":\"https:\/\/www.pressenza.com\/wp-content\/uploads\/2023\/11\/pressenza-meeting-athens-photo-Evita-Paraskevopoulou.jpg\",\"keywords\":[\"Frieden\",\"Gewaltfreier Journalismus\",\"in eigener Sache\",\"Internationales Hybridtreffen\",\"Journalismus f\u00fcr Frieden und Gewaltfreiheit\"],\"articleSection\":[\"Europa\",\"Frieden und Abr\u00fcstung\",\"Kultur und Medien\",\"Originalinhalt\"],\"inLanguage\":\"de\"},{\"@type\":\"WebPage\",\"@id\":\"https:\/\/www.pressenza.com\/de\/2023\/11\/internationales-hybridtreffen-der-pressenza-redaktionen-in-athen\/\",\"url\":\"https:\/\/www.pressenza.com\/de\/2023\/11\/internationales-hybridtreffen-der-pressenza-redaktionen-in-athen\/\",\"name\":\"Internationales Hybridtreffen der Pressenza-Redaktionen in Athen\",\"isPartOf\":{\"@id\":\"https:\/\/www.pressenza.com\/de\/#website\"},\"primaryImageOfPage\":{\"@id\":\"https:\/\/www.pressenza.com\/de\/2023\/11\/internationales-hybridtreffen-der-pressenza-redaktionen-in-athen\/#primaryimage\"},\"image\":{\"@id\":\"https:\/\/www.pressenza.com\/de\/2023\/11\/internationales-hybridtreffen-der-pressenza-redaktionen-in-athen\/#primaryimage\"},\"thumbnailUrl\":\"https:\/\/www.pressenza.com\/wp-content\/uploads\/2023\/11\/pressenza-meeting-athens-photo-Evita-Paraskevopoulou.jpg\",\"datePublished\":\"2023-11-20T13:44:16+00:00\",\"dateModified\":\"2023-11-20T13:45:57+00:00\",\"description\":\"Am 18. und 19. November fand in Athen ein internationales Treffen von Vertretern der Redaktion der Nachrichtenagentur Pressenza aus den verschiedenen\",\"breadcrumb\":{\"@id\":\"https:\/\/www.pressenza.com\/de\/2023\/11\/internationales-hybridtreffen-der-pressenza-redaktionen-in-athen\/#breadcrumb\"},\"inLanguage\":\"de\",\"potentialAction\":[{\"@type\":\"ReadAction\",\"target\":[\"https:\/\/www.pressenza.com\/de\/2023\/11\/internationales-hybridtreffen-der-pressenza-redaktionen-in-athen\/\"]}]},{\"@type\":\"ImageObject\",\"inLanguage\":\"de\",\"@id\":\"https:\/\/www.pressenza.com\/de\/2023\/11\/internationales-hybridtreffen-der-pressenza-redaktionen-in-athen\/#primaryimage\",\"url\":\"https:\/\/www.pressenza.com\/wp-content\/uploads\/2023\/11\/pressenza-meeting-athens-photo-Evita-Paraskevopoulou.jpg\",\"contentUrl\":\"https:\/\/www.pressenza.com\/wp-content\/uploads\/2023\/11\/pressenza-meeting-athens-photo-Evita-Paraskevopoulou.jpg\",\"width\":1920,\"height\":1440,\"caption\":\"\u03a0\u03c1\u03ce\u03c4\u03b7 \u03c5\u03b2\u03c1\u03b9\u03b4\u03b9\u03ba\u03ae \u03c3\u03c5\u03bd\u03ac\u03bd\u03c4\u03b7\u03c3\u03b7 \u03c4\u03bf\u03c5 \u03c0\u03c1\u03b1\u03ba\u03c4\u03bf\u03c1\u03b5\u03af\u03bf\u03c5 pressenza \u03bc\u03b5\u03c4\u03ac \u03c4\u03b7\u03bd \u03c0\u03b1\u03bd\u03b4\u03b7\u03bc\u03af\u03b1, \u03c3\u03c4\u03b7\u03bd \u0391\u03b8\u03ae\u03bd\u03b1. \u03a6\u03c9\u03c4\u03bf\u03b3\u03c1\u03b1\u03c6\u03af\u03b1 \u0395\u03b2\u03af\u03c4\u03b1 \u03a0\u03b1\u03c1\u03b1\u03c3\u03ba\u03b5\u03c5\u03bf\u03c0\u03bf\u03cd\u03bb\u03bf\u03c5.\"},{\"@type\":\"BreadcrumbList\",\"@id\":\"https:\/\/www.pressenza.com\/de\/2023\/11\/internationales-hybridtreffen-der-pressenza-redaktionen-in-athen\/#breadcrumb\",\"itemListElement\":[{\"@type\":\"ListItem\",\"position\":1,\"name\":\"Accueil\",\"item\":\"https:\/\/www.pressenza.com\/de\/\"},{\"@type\":\"ListItem\",\"position\":2,\"name\":\"Internationales Hybridtreffen der Pressenza-Redaktionen in Athen\"}]},{\"@type\":\"WebSite\",\"@id\":\"https:\/\/www.pressenza.com\/de\/#website\",\"url\":\"https:\/\/www.pressenza.com\/de\/\",\"name\":\"Pressenza\",\"description\":\"International Press Agency\",\"publisher\":{\"@id\":\"https:\/\/www.pressenza.com\/de\/#organization\"},\"potentialAction\":[{\"@type\":\"SearchAction\",\"target\":{\"@type\":\"EntryPoint\",\"urlTemplate\":\"https:\/\/www.pressenza.com\/de\/?s={search_term_string}\"},\"query-input\":{\"@type\":\"PropertyValueSpecification\",\"valueRequired\":true,\"valueName\":\"search_term_string\"}}],\"inLanguage\":\"de\"},{\"@type\":\"Organization\",\"@id\":\"https:\/\/www.pressenza.com\/de\/#organization\",\"name\":\"Pressenza\",\"url\":\"https:\/\/www.pressenza.com\/de\/\",\"logo\":{\"@type\":\"ImageObject\",\"inLanguage\":\"de\",\"@id\":\"https:\/\/www.pressenza.com\/de\/#\/schema\/logo\/image\/\",\"url\":\"https:\/\/www.pressenza.com\/wp-content\/uploads\/2022\/10\/pressenza_logo_200x200.jpg\",\"contentUrl\":\"https:\/\/www.pressenza.com\/wp-content\/uploads\/2022\/10\/pressenza_logo_200x200.jpg\",\"width\":200,\"height\":200,\"caption\":\"Pressenza\"},\"image\":{\"@id\":\"https:\/\/www.pressenza.com\/de\/#\/schema\/logo\/image\/\"},\"sameAs\":[\"https:\/\/www.facebook.com\/PressenzaItalia\",\"https:\/\/x.com\/PressenzaIPA\"]},{\"@type\":\"Person\",\"@id\":\"https:\/\/www.pressenza.com\/de\/#\/schema\/person\/010e5d02bcf40965427a1289a4cc8d75\",\"name\":\"Pressenza IPA\",\"description\":\"News from Pressenza IPA correspondents\",\"sameAs\":[\"https:\/\/www.facebook.com\/pressenza\",\"https:\/\/x.com\/PressenzaIPA\"],\"url\":\"https:\/\/www.pressenza.com\/de\/author\/pressenza-ipa\/\"}]}<\/script>\n<!-- \/ Yoast SEO plugin. -->","yoast_head_json":{"title":"Internationales Hybridtreffen der Pressenza-Redaktionen in Athen","description":"Am 18. und 19. November fand in Athen ein internationales Treffen von Vertretern der Redaktion der Nachrichtenagentur Pressenza aus den verschiedenen","robots":{"index":"index","follow":"follow","max-snippet":"max-snippet:-1","max-image-preview":"max-image-preview:large","max-video-preview":"max-video-preview:-1"},"canonical":"https:\/\/www.pressenza.com\/de\/2023\/11\/internationales-hybridtreffen-der-pressenza-redaktionen-in-athen\/","og_locale":"de_DE","og_type":"article","og_title":"Internationales Hybridtreffen der Pressenza-Redaktionen in Athen","og_description":"Am 18. und 19. November fand in Athen ein internationales Treffen von Vertretern der Redaktion der Nachrichtenagentur Pressenza aus den verschiedenen","og_url":"https:\/\/www.pressenza.com\/de\/2023\/11\/internationales-hybridtreffen-der-pressenza-redaktionen-in-athen\/","og_site_name":"Pressenza","article_publisher":"https:\/\/www.facebook.com\/PressenzaItalia","article_author":"https:\/\/www.facebook.com\/pressenza","article_published_time":"2023-11-20T13:44:16+00:00","article_modified_time":"2023-11-20T13:45:57+00:00","og_image":[{"width":1920,"height":1440,"url":"https:\/\/www.pressenza.com\/wp-content\/uploads\/2023\/11\/pressenza-meeting-athens-photo-Evita-Paraskevopoulou.jpg","type":"image\/jpeg"}],"author":"Pressenza IPA","twitter_card":"summary_large_image","twitter_creator":"@PressenzaIPA","twitter_site":"@PressenzaIPA","twitter_misc":{"Verfasst von":"Pressenza IPA","Gesch\u00e4tzte Lesezeit":"2\u00a0Minuten"},"schema":{"@context":"https:\/\/schema.org","@graph":[{"@type":"Article","@id":"https:\/\/www.pressenza.com\/de\/2023\/11\/internationales-hybridtreffen-der-pressenza-redaktionen-in-athen\/#article","isPartOf":{"@id":"https:\/\/www.pressenza.com\/de\/2023\/11\/internationales-hybridtreffen-der-pressenza-redaktionen-in-athen\/"},"author":{"name":"Pressenza IPA","@id":"https:\/\/www.pressenza.com\/de\/#\/schema\/person\/010e5d02bcf40965427a1289a4cc8d75"},"headline":"Internationales Hybridtreffen der Pressenza-Redaktionen in Athen","datePublished":"2023-11-20T13:44:16+00:00","dateModified":"2023-11-20T13:45:57+00:00","mainEntityOfPage":{"@id":"https:\/\/www.pressenza.com\/de\/2023\/11\/internationales-hybridtreffen-der-pressenza-redaktionen-in-athen\/"},"wordCount":357,"publisher":{"@id":"https:\/\/www.pressenza.com\/de\/#organization"},"image":{"@id":"https:\/\/www.pressenza.com\/de\/2023\/11\/internationales-hybridtreffen-der-pressenza-redaktionen-in-athen\/#primaryimage"},"thumbnailUrl":"https:\/\/www.pressenza.com\/wp-content\/uploads\/2023\/11\/pressenza-meeting-athens-photo-Evita-Paraskevopoulou.jpg","keywords":["Frieden","Gewaltfreier Journalismus","in eigener Sache","Internationales Hybridtreffen","Journalismus f\u00fcr Frieden und Gewaltfreiheit"],"articleSection":["Europa","Frieden und Abr\u00fcstung","Kultur und Medien","Originalinhalt"],"inLanguage":"de"},{"@type":"WebPage","@id":"https:\/\/www.pressenza.com\/de\/2023\/11\/internationales-hybridtreffen-der-pressenza-redaktionen-in-athen\/","url":"https:\/\/www.pressenza.com\/de\/2023\/11\/internationales-hybridtreffen-der-pressenza-redaktionen-in-athen\/","name":"Internationales Hybridtreffen der Pressenza-Redaktionen in Athen","isPartOf":{"@id":"https:\/\/www.pressenza.com\/de\/#website"},"primaryImageOfPage":{"@id":"https:\/\/www.pressenza.com\/de\/2023\/11\/internationales-hybridtreffen-der-pressenza-redaktionen-in-athen\/#primaryimage"},"image":{"@id":"https:\/\/www.pressenza.com\/de\/2023\/11\/internationales-hybridtreffen-der-pressenza-redaktionen-in-athen\/#primaryimage"},"thumbnailUrl":"https:\/\/www.pressenza.com\/wp-content\/uploads\/2023\/11\/pressenza-meeting-athens-photo-Evita-Paraskevopoulou.jpg","datePublished":"2023-11-20T13:44:16+00:00","dateModified":"2023-11-20T13:45:57+00:00","description":"Am 18. und 19. November fand in Athen ein internationales Treffen von Vertretern der Redaktion der Nachrichtenagentur Pressenza aus den verschiedenen","breadcrumb":{"@id":"https:\/\/www.pressenza.com\/de\/2023\/11\/internationales-hybridtreffen-der-pressenza-redaktionen-in-athen\/#breadcrumb"},"inLanguage":"de","potentialAction":[{"@type":"ReadAction","target":["https:\/\/www.pressenza.com\/de\/2023\/11\/internationales-hybridtreffen-der-pressenza-redaktionen-in-athen\/"]}]},{"@type":"ImageObject","inLanguage":"de","@id":"https:\/\/www.pressenza.com\/de\/2023\/11\/internationales-hybridtreffen-der-pressenza-redaktionen-in-athen\/#primaryimage","url":"https:\/\/www.pressenza.com\/wp-content\/uploads\/2023\/11\/pressenza-meeting-athens-photo-Evita-Paraskevopoulou.jpg","contentUrl":"https:\/\/www.pressenza.com\/wp-content\/uploads\/2023\/11\/pressenza-meeting-athens-photo-Evita-Paraskevopoulou.jpg","width":1920,"height":1440,"caption":"\u03a0\u03c1\u03ce\u03c4\u03b7 \u03c5\u03b2\u03c1\u03b9\u03b4\u03b9\u03ba\u03ae \u03c3\u03c5\u03bd\u03ac\u03bd\u03c4\u03b7\u03c3\u03b7 \u03c4\u03bf\u03c5 \u03c0\u03c1\u03b1\u03ba\u03c4\u03bf\u03c1\u03b5\u03af\u03bf\u03c5 pressenza \u03bc\u03b5\u03c4\u03ac \u03c4\u03b7\u03bd \u03c0\u03b1\u03bd\u03b4\u03b7\u03bc\u03af\u03b1, \u03c3\u03c4\u03b7\u03bd \u0391\u03b8\u03ae\u03bd\u03b1. \u03a6\u03c9\u03c4\u03bf\u03b3\u03c1\u03b1\u03c6\u03af\u03b1 \u0395\u03b2\u03af\u03c4\u03b1 \u03a0\u03b1\u03c1\u03b1\u03c3\u03ba\u03b5\u03c5\u03bf\u03c0\u03bf\u03cd\u03bb\u03bf\u03c5."},{"@type":"BreadcrumbList","@id":"https:\/\/www.pressenza.com\/de\/2023\/11\/internationales-hybridtreffen-der-pressenza-redaktionen-in-athen\/#breadcrumb","itemListElement":[{"@type":"ListItem","position":1,"name":"Accueil","item":"https:\/\/www.pressenza.com\/de\/"},{"@type":"ListItem","position":2,"name":"Internationales Hybridtreffen der Pressenza-Redaktionen in Athen"}]},{"@type":"WebSite","@id":"https:\/\/www.pressenza.com\/de\/#website","url":"https:\/\/www.pressenza.com\/de\/","name":"Pressenza","description":"International Press Agency","publisher":{"@id":"https:\/\/www.pressenza.com\/de\/#organization"},"potentialAction":[{"@type":"SearchAction","target":{"@type":"EntryPoint","urlTemplate":"https:\/\/www.pressenza.com\/de\/?s={search_term_string}"},"query-input":{"@type":"PropertyValueSpecification","valueRequired":true,"valueName":"search_term_string"}}],"inLanguage":"de"},{"@type":"Organization","@id":"https:\/\/www.pressenza.com\/de\/#organization","name":"Pressenza","url":"https:\/\/www.pressenza.com\/de\/","logo":{"@type":"ImageObject","inLanguage":"de","@id":"https:\/\/www.pressenza.com\/de\/#\/schema\/logo\/image\/","url":"https:\/\/www.pressenza.com\/wp-content\/uploads\/2022\/10\/pressenza_logo_200x200.jpg","contentUrl":"https:\/\/www.pressenza.com\/wp-content\/uploads\/2022\/10\/pressenza_logo_200x200.jpg","width":200,"height":200,"caption":"Pressenza"},"image":{"@id":"https:\/\/www.pressenza.com\/de\/#\/schema\/logo\/image\/"},"sameAs":["https:\/\/www.facebook.com\/PressenzaItalia","https:\/\/x.com\/PressenzaIPA"]},{"@type":"Person","@id":"https:\/\/www.pressenza.com\/de\/#\/schema\/person\/010e5d02bcf40965427a1289a4cc8d75","name":"Pressenza IPA","description":"News from Pressenza IPA correspondents","sameAs":["https:\/\/www.facebook.com\/pressenza","https:\/\/x.com\/PressenzaIPA"],"url":"https:\/\/www.pressenza.com\/de\/author\/pressenza-ipa\/"}]}},"place":"","original_article_url":"","_links":{"self":[{"href":"https:\/\/www.pressenza.com\/de\/wp-json\/wp\/v2\/posts\/1782545","targetHints":{"allow":["GET"]}}],"collection":[{"href":"https:\/\/www.pressenza.com\/de\/wp-json\/wp\/v2\/posts"}],"about":[{"href":"https:\/\/www.pressenza.com\/de\/wp-json\/wp\/v2\/types\/post"}],"author":[{"embeddable":true,"href":"https:\/\/www.pressenza.com\/de\/wp-json\/wp\/v2\/users\/19"}],"replies":[{"embeddable":true,"href":"https:\/\/www.pressenza.com\/de\/wp-json\/wp\/v2\/comments?post=1782545"}],"version-history":[{"count":0,"href":"https:\/\/www.pressenza.com\/de\/wp-json\/wp\/v2\/posts\/1782545\/revisions"}],"wp:featuredmedia":[{"embeddable":true,"href":"https:\/\/www.pressenza.com\/de\/wp-json\/wp\/v2\/media\/1782546"}],"wp:attachment":[{"href":"https:\/\/www.pressenza.com\/de\/wp-json\/wp\/v2\/media?parent=1782545"}],"wp:term":[{"taxonomy":"category","embeddable":true,"href":"https:\/\/www.pressenza.com\/de\/wp-json\/wp\/v2\/categories?post=1782545"},{"taxonomy":"post_tag","embeddable":true,"href":"https:\/\/www.pressenza.com\/de\/wp-json\/wp\/v2\/tags?post=1782545"}],"curies":[{"name":"wp","href":"https:\/\/api.w.org\/{rel}","templated":true}]}}