{"id":1781439,"date":"2023-11-14T16:43:38","date_gmt":"2023-11-14T16:43:38","guid":{"rendered":"https:\/\/www.pressenza.com\/?p=1781439"},"modified":"2023-11-14T16:44:47","modified_gmt":"2023-11-14T16:44:47","slug":"die-welt-braucht-einen-tag-des-waffenstillstands","status":"publish","type":"post","link":"https:\/\/www.pressenza.com\/de\/2023\/11\/die-welt-braucht-einen-tag-des-waffenstillstands\/","title":{"rendered":"Die Welt braucht einen Tag des Waffenstillstands"},"content":{"rendered":"<p><strong>Ukraine braucht einen Waffenstillstand.<br \/>\nPal\u00e4stina braucht einen Waffenstillstand.<br \/>\nNagorno-Karabach braucht einen Waffenstillstand.<br \/>\nSyrien, Sudan, Nigeria und so viele andere L\u00e4nder brauchen einen Waffenstillstand.<br \/>\nDie US-amerikanische Bev\u00f6lkerung und ihre Amokl\u00e4ufer brauchen einen Waffenstillstand.<\/strong><\/p>\n<p>Und mit Waffenstillstand meine ich nicht eine Pause zum Nachladen. Ich meine ein Ende des idiotischen Wahnsinns von Massenmorden, die eine nukleare Katastrophe herbeif\u00fchrt. Ein Ende, um einen kl\u00fcgeren Weg auszuhandeln. Einen Kompromiss ohne weiteres T\u00f6ten.<\/p>\n<p>Und mit verhandeln meine ich nicht, dass Sie die Klappe halten und kriechen und alles tun, was ich verlange, oder ich werde die Mordmaschine wieder anwerfen. Mit verhandeln meine ich: <em>Wie k\u00f6nnen wir eine L\u00f6sung finden, die die Interessen aller respektiert und es uns erm\u00f6glicht, auf den Tag hinzuarbeiten, an dem wir diesen Konflikt hinter uns lassen k\u00f6nnen?<\/em> Verhandeln ist das Gegenteil von einfach. Es ist viel einfacher, Dinge in die Luft zu jagen.<\/p>\n<p>Die weltweiten Waffengesch\u00e4fte, die Waffenarsenale von Diktaturen und so genannten Demokratien gleicherma\u00dfen, k\u00f6nnen Kriege sehr wirkungsvoll in Richtung Waffenstillstand und Verhandlungen bewegen, indem sie den Auslieferungsstrom von Waffen stoppen.<\/p>\n<p>Sie w\u00fcrden einem Todessch\u00fctzen keine mehr Kugeln geben und ihn gleichzeitig bitten, mit dem Schie\u00dfen aufzuh\u00f6ren.<\/p>\n<p>Auch sollten sich unsere Forderungen an die US-Regierung nicht darauf beschr\u00e4nken, sie anzuflehen, sich f\u00fcr einen Waffenstillstand auszusprechen, w\u00e4hrend wir weitere Berge kostenloser Waffen liefern, die von Ihnen und mir bezahlt werden, den stolzen, \u00fcberm\u00e4\u00dfig stolzen Bewohnern der einen reichen Nation, die sich nicht um Gesundheitsf\u00fcrsorge, Bildung, Rente oder Infrastruktur k\u00fcmmern kann, weil sie sich nur f\u00fcr den Krieg interessiert.<\/p>\n<p>Wir brauchen einen globalen Waffenstillstand.<br \/>\nUnd wir brauchen mehr als das.<br \/>\nWir brauchen eine Gesellschaft, in der es akzeptiert wird, nicht zum verr\u00e4terischen Gehilfen verschiedener Feinde zu werden, wenn man das sagt.<\/p>\n<p>Wir brauchen eine Gesellschaft, in den Tag des Waffenstillstands so feiert, wie er geschaffen wurde, und nicht als Tag der Veteranen, zu dem er umgewandelt wurde. Der Waffenstillstandstag war ein Tag, an dem man einen Krieg beendete und hoffte, dass alle kriegerischen Handlungen ein Ende finden w\u00fcrden. An dem man sich vorstellte, dass die Welt nun etwas so Schreckliches gesehen hatte, dass sie nicht zulassen w\u00fcrde, dass es sich wiederholte. Und an dem man annahm, dass der in Versailles ausgehandelte Frieden nicht auf schreckliche Weise zu einer Garantie f\u00fcr den Zweiten Weltkrieg missbraucht werden w\u00fcrde. Der Tag des Waffenstillstands war ein Tag, an dem man sich verpflichtete, f\u00fcr ein Ende des Krieges zu arbeiten.<\/p>\n<p>Genau in der 11. Stunde des 11. Tages des 11. Monats 1918 h\u00f6rten die Menschen in ganz Europa pl\u00f6tzlich auf, aufeinander zu schie\u00dfen \u2013 zumindest in Europa; in Afrika schossen sie noch wochenlang weiter. Bis zu diesem Zeitpunkt t\u00f6teten sie und lie\u00dfen sich erschie\u00dfen, fielen und schrien, st\u00f6hnten und starben, durch Kugeln und Giftgas. Und dann h\u00f6rten sie auf, um 11.00 Uhr morgens. Sie h\u00f6rten p\u00fcnktlich auf. Nicht, weil sie m\u00fcde geworden oder zur Vernunft gekommen w\u00e4ren. Sowohl vor als auch nach 11 Uhr befolgten sie einfach nur Befehle. Das Waffenstillstandsabkommen, das den Ersten Weltkrieg beendet hatte, hatte 11 Uhr als Ende des Krieges festgelegt, eine Entscheidung, die es erm\u00f6glichte, dass 11.000 weitere M\u00e4nner get\u00f6tet, verwundet oder vermisst wurden \u2013 wir k\u00f6nnten hinzuf\u00fcgen \u201eohne Grund\u201c, nur w\u00fcrde das bedeuten, dass der Rest des Krieges aus irgendeinem Grund stattfand.<\/p>\n<p>In den darauffolgenden Jahren wurde diese Stunde, dieser Moment des Endes eines Krieges, der allen Kriegen ein Ende setzen sollte. Dieser Moment, der eine weltweite Freudenfeier und die Wiederherstellung eines gewissen Anscheins von Vernunft ausgel\u00f6st hatte, zu einer Zeit des Schweigens, des Glockenl\u00e4utens, des Erinnerns und der Hingabe an die tats\u00e4chliche Beendigung aller Kriege. Das war es, was der Waffenstillstandstag war. Es war keine Feier des Krieges oder derjenigen, die am Krieg beteiligt waren, sondern eine Feier des Augenblicks, in dem ein Krieg beendet wurde \u2013 und eine Erinnerung und Trauer um diejenigen, die der Krieg zerst\u00f6rt hat.<\/p>\n<p>Der Kongress verabschiedete 1926 eine Resolution zum Tag des Waffenstillstands, in der er zu <em>\u201e\u00dcbungen aufrief, die darauf abzielen, den Frieden durch guten Willen und gegenseitiges Verst\u00e4ndnis aufrechtzuerhalten [\u2026] und die Bev\u00f6lkerung der Vereinigten Staaten aufforderte, den Tag in Schulen und Kirchen mit angemessenen Zeremonien der freundschaftlichen Beziehungen zu allen anderen V\u00f6lkern zu begehen.\u201c<\/em> Sp\u00e4ter f\u00fcgte der Kongress hinzu, der 11. November solle <em>\u201eein Tag sein, der der Sache des Weltfriedens gewidmet ist\u201c<\/em>.<\/p>\n<p>Wir haben nicht so viele Feiertage, die dem Frieden gewidmet sind, dass wir es uns leisten k\u00f6nnten, einen zu streichen. Wenn die Vereinigten Staaten gezwungen w\u00e4ren, einen Kriegsfeiertag zu streichen h\u00e4tten sie Dutzende zur Auswahl, aber Friedensfeiertage wachsen nicht auf B\u00e4umen. Der Muttertag ist seiner urspr\u00fcnglichen Bedeutung beraubt worden. Der Martin-Luther-King-Tag ist zu einer Karikatur geworden, die jedes Eintreten f\u00fcr den Frieden ausblendet. Der Tag des Waffenstillstands erlebt ein Comeback.<\/p>\n<p>Der Tag des Waffenstillstands als Tag gegen den Krieg hatte in den Vereinigten Staaten bis in die 1950er Jahre Bestand, in einigen anderen L\u00e4ndern unter dem Namen Remembrance Day (dt. Gedenktag) sogar noch l\u00e4nger. Erst nachdem die USA mit Atombomben Japan angriff, Korea zerst\u00f6rt, den Kalten Krieg begonnen, die CIA gegr\u00fcndet und einen permanenten milit\u00e4risch-industriellen Komplex mit gro\u00dfen St\u00fctzpunkten rund um den Globus errichtet hatten, benannte die US-Regierung den Tag des Waffenstillstands am 1. Juni 1954 in <em>Tag der Veteranen<\/em> um.<\/p>\n<p>Der Veterans Day ist f\u00fcr die meisten Menschen nicht mehr ein Tag, an dem sie das Ende des Krieges bejubeln oder gar seine Abschaffung anstreben. Der Veterans Day ist nicht einmal ein Tag, an dem man die Toten betrauert oder sich die Frage stellt, warum Suizid die h\u00e4ufigste Todesursache unter den US-Soldaten ist oder warum so viele Veteranen keine Wohnung haben. Der Veterans Day wird im Allgemeinen nicht als kriegsbef\u00fcrwortende Veranstaltung beworben. Aber in einigen Klein- und Gro\u00dfst\u00e4dten wird den Ortsverb\u00e4nden der Veterans For Peace jedes Jahr die Teilnahme an den Paraden zum Veterans Day mit der Begr\u00fcndung untersagt, dass sie gegen den Krieg sind. Die Paraden und Veranstaltungen zum Veterans Day in vielen St\u00e4dten loben den Krieg, und praktisch alle loben die Teilnahme am Krieg. Fast alle Veranstaltungen zum Veterans Day sind nationalistisch gepr\u00e4gt. Nur wenige f\u00f6rdern &#8222;freundschaftliche Beziehungen zu allen anderen V\u00f6lkern&#8220; oder setzen sich f\u00fcr die Schaffung von &#8222;Weltfrieden&#8220; ein.<\/p>\n<p>In vielen Teilen der Welt, vor allem, aber nicht ausschlie\u00dflich in den L\u00e4ndern des britischen Commonwealth, wird dieser Tag Remembrance Day genannt und sollte ein Tag der Trauer um die Toten und der Bestrebung sein, den Krieg abzuschaffen, damit es keine weiteren Kriegstoten gibt. Doch der Tag wird militarisiert, und eine seltsame Kombination, die von den Waffenkonzernen erdacht wurde, nutzt diesen Tag, um den Menschen zu sagen, dass sie die bereits Get\u00f6teten entehren, wenn sie nicht das T\u00f6ten weiterer M\u00e4nner, Frauen und Kinder im Krieg unterst\u00fctzen.<\/p>\n<p>Die Geschichte vom ersten Tag des Waffenstillstands \u00fcber den letzten in Europa gefallenen Soldaten im letzten gro\u00dfen Weltkrieg, in dem die meisten Toten Soldaten waren, verdeutlicht die Dummheit des Krieges. Henry Nicholas John Gunther war in Baltimore, Maryland, als Sohn aus Deutschland eingewanderter Eltern geboren worden. Im September 1917 war er eingezogen worden, um bei der T\u00f6tung von Deutschen zu helfen. Als er von der Front nach Hause schrieb, um zu beschreiben, wie schrecklich der Krieg war und um andere zu ermutigen, sich der Einberufung zu entziehen, wurde er degradiert (und sein Brief zensiert). Daraufhin hatte er seinen Kameraden gesagt, dass er sich beweisen w\u00fcrde. Als der Stichtag 11.00 Uhr an jenem letzten Tag im November n\u00e4her r\u00fcckte, stand Henry entgegen den Befehlen auf und st\u00fcrmte mutig mit seinem Bajonett auf zwei deutsche Maschinengewehre zu. Die Deutschen waren sich des Waffenstillstands bewusst und versuchten, ihn abzuwinken. Er n\u00e4herte sich weiter und schoss. Als er sich ihnen n\u00e4herte, beendete ein kurzes Maschinengewehrfeuer um 10:59 Uhr sein Leben. Henry erhielt seinen Rang zur\u00fcck, aber nicht sein Leben.<\/p>\n<p>In einem Buch mit dem Titel <strong><em>Guys Like Me<\/em><\/strong> von Michael Messner erz\u00e4hlt der Autor, wie sehr sein Gro\u00dfvater den Veterans Day verabscheute.<\/p>\n<blockquote><p><em>\u201eIch versuchte, Gramps m\u00fcrrische Stimmung zu unterbrechen, indem ich ihm einen sch\u00f6nen Veteranentag w\u00fcnschte. Das war ein gro\u00dfer Fehler. <\/em><\/p>\n<p><em>\u201eVeterans Day!&#8216;, bellte er mich mit der kieseligen Stimme eines lebenslangen Rauchers an. \u201eEs ist nicht der Veteranentag! Es ist der Tag des Waffenstillstands. Diese gott&#8230; verdammten&#8230; Politiker&#8230; haben ihn in Veteranentag umbenannt. Und sie verwickeln uns in immer mehr Kriege.\u201c Mein Gro\u00dfvater hyperventilierte jetzt, seine Leberwurst war vergessen. \u201eEin Haufen Gauner! Die f\u00fchren die Kriege nicht, wei\u00dft du. Kerle wie ich f\u00fchren die Kriege. Wir nannten ihn den &#8218;Krieg, der alle Kriege beendet&#8216;, und wir glaubten daran.\u201c Er beendete das Gespr\u00e4ch mit einem Brummen. <\/em><\/p>\n<p><em>\u201eVeterans Day! Der Tag des Waffenstillstands symbolisierte f\u00fcr Opa nicht nur das Ende seines Krieges, sondern das Ende des gesamten Krieges, den Anbruch eines dauerhaften Friedens. Dies war kein leerer Traum. Tats\u00e4chlich hatte eine Massenbewegung f\u00fcr den Frieden die US-Regierung 1928 dazu gedr\u00e4ngt, den Kellogg-Briand-Pakt zu unterzeichnen, einen internationalen \u201eVertrag \u00fcber den Verzicht auf Krieg&#8220;. Damals als [\u2026] Eisenhower das Gesetz unterzeichnete, mit dem der Name des Feiertags in Veterans Day ge\u00e4ndert wurde, um die Veteranen des Zweiten Weltkriegs einzubeziehen, war das f\u00fcr meinen Gro\u00dfvater ein Schlag ins Gesicht. Die Hoffnung verflog und wurde durch die h\u00e4ssliche Realit\u00e4t ersetzt, dass Politiker weiterhin Gr\u00fcnde finden w\u00fcrden, amerikanische Jungs &#8211; &#8218;Jungs wie mich&#8216; &#8211; in Kriege zu schicken, um dort zu k\u00e4mpfen und zu sterben.&#8220;<\/em><\/p><\/blockquote>\n<p>Gregory Ross, ein Veteran eines dieser Kriege, schrieb ein Gedicht mit dem Titel \u201e<strong><em>A Moment of Silence in a Forest of White Crosses<\/em><\/strong>\u201c. Das Gedicht entstand 1971, mit der Intention, es bei einer gro\u00dfen Antikriegskundgebung auf dem Arlington National Cemetery vorzutragen.<\/p>\n<blockquote><p><strong><em>Die Toten<br \/>\nbrauchen unser Schweigen nicht, um geehrt zu werden<br \/>\nverlangen nicht unser Schweigen, um sich zu erinnern.<br \/>\nakzeptieren unser Schweigen nicht als Gedenken, als Ehre.<br \/>\nerwarten nicht, dass unser Schweigen endet<br \/>\ndas Gemetzel des Krieges<br \/>\ndas verhungerte Kind<br \/>\ndie vergewaltigte Frau<br \/>\ndie Grausamkeit der Intoleranz<br \/>\ndie gesch\u00e4ndete Erde<br \/>\nEs sind die Lebenden, die unser Schweigen erfordern<br \/>\nin einem Leben der Angst und Mitt\u00e4terschaft<\/em><\/strong><\/p>\n<p><strong><em>Die Toten<br \/>\nben\u00f6tigen unseren Mut, um den M\u00e4chtigen und Gierigen zu trotzen.<br \/>\nerfordern unser Leben, um laut, mitf\u00fchlend und mutig zu sein.<br \/>\nerfordern unseren Zorn f\u00fcr die Weiterf\u00fchrung des Krieges in ihrem Namen.<br \/>\nerfordern unser Entsetzen, \u00fcber die Verst\u00fcmmelung der Erde in ihrem Namen.<br \/>\nerfordert, dass unsere Emp\u00f6rung respektiert wird, dass man sich an sie erinnert.<\/em><\/strong><\/p>\n<p><strong><em>Die Toten<br \/>\nhaben keine Verwendung f\u00fcr unser Schweigen<\/em><\/strong><\/p><\/blockquote>\n<p><em>Die \u00dcbersetzung aus dem Englischen wurde von Sabine Prizigoda <\/em><em>vom ehrenamtlichen Pressenza-\u00dcbersetzungsteam erstellt. <a href=\"https:\/\/www.pressenza.com\/de\/mitarbeiten\/\" target=\"_blank\" rel=\"noopener\">Wir suchen Freiwillige!<\/a><\/em><\/p>\n","protected":false},"excerpt":{"rendered":"<p>Ukraine braucht einen Waffenstillstand. Pal\u00e4stina braucht einen Waffenstillstand. Nagorno-Karabach braucht einen Waffenstillstand. Syrien, Sudan, Nigeria und so viele andere L\u00e4nder brauchen einen Waffenstillstand. Die US-amerikanische Bev\u00f6lkerung und ihre Amokl\u00e4ufer brauchen einen Waffenstillstand. Und mit Waffenstillstand meine ich nicht eine Pause&hellip;<\/p>\n","protected":false},"author":1241,"featured_media":1781448,"comment_status":"closed","ping_status":"closed","sticky":false,"template":"","format":"standard","meta":{"footnotes":""},"categories":[9167,7835,9164,9143,9152],"tags":[117818,9262,117820,117821,117819,84053],"class_list":["post-1781439","post","type-post","status-publish","format-standard","has-post-thumbnail","hentry","category-frieden-und-abruestung","category-international-de","category-internationale-angelegenheiten","category-meinungen","category-nordamerika","tag-11-november","tag-frieden","tag-globaler-waffenstillstandstillstand","tag-remembrance-day-de","tag-tag-des-waffenstillstands","tag-waffenstillstand"],"yoast_head":"<!-- This site is optimized with the Yoast SEO plugin v27.1.1 - https:\/\/yoast.com\/product\/yoast-seo-wordpress\/ -->\n<title>Die Welt braucht einen Tag des Waffenstillstands<\/title>\n<meta name=\"description\" content=\"Ukraine braucht einen Waffenstillstand. Pal\u00e4stina braucht einen Waffenstillstand. Nagorno-Karabach braucht einen Waffenstillstand. Syrien, Sudan, Nigeria\" \/>\n<meta name=\"robots\" content=\"index, follow, max-snippet:-1, max-image-preview:large, max-video-preview:-1\" \/>\n<link rel=\"canonical\" href=\"https:\/\/www.pressenza.com\/de\/2023\/11\/die-welt-braucht-einen-tag-des-waffenstillstands\/\" \/>\n<meta property=\"og:locale\" content=\"de_DE\" \/>\n<meta property=\"og:type\" content=\"article\" \/>\n<meta property=\"og:title\" content=\"Die Welt braucht einen Tag des Waffenstillstands\" \/>\n<meta property=\"og:description\" content=\"Ukraine braucht einen Waffenstillstand. Pal\u00e4stina braucht einen Waffenstillstand. Nagorno-Karabach braucht einen Waffenstillstand. Syrien, Sudan, Nigeria\" \/>\n<meta property=\"og:url\" content=\"https:\/\/www.pressenza.com\/de\/2023\/11\/die-welt-braucht-einen-tag-des-waffenstillstands\/\" \/>\n<meta property=\"og:site_name\" content=\"Pressenza\" \/>\n<meta property=\"article:publisher\" content=\"https:\/\/www.facebook.com\/PressenzaItalia\" \/>\n<meta property=\"article:author\" content=\"https:\/\/www.facebook.com\/davidcnswanson\" \/>\n<meta property=\"article:published_time\" content=\"2023-11-14T16:43:38+00:00\" \/>\n<meta property=\"article:modified_time\" content=\"2023-11-14T16:44:47+00:00\" \/>\n<meta property=\"og:image\" content=\"https:\/\/www.pressenza.com\/wp-content\/uploads\/2023\/11\/ArmisticeDay.jpg\" \/>\n\t<meta property=\"og:image:width\" content=\"820\" \/>\n\t<meta property=\"og:image:height\" content=\"457\" \/>\n\t<meta property=\"og:image:type\" content=\"image\/jpeg\" \/>\n<meta name=\"author\" content=\"David Swanson\" \/>\n<meta name=\"twitter:card\" content=\"summary_large_image\" \/>\n<meta name=\"twitter:creator\" content=\"@davidcnswanson\" \/>\n<meta name=\"twitter:site\" content=\"@PressenzaIPA\" \/>\n<meta name=\"twitter:label1\" content=\"Verfasst von\" \/>\n\t<meta name=\"twitter:data1\" content=\"David Swanson\" \/>\n\t<meta name=\"twitter:label2\" content=\"Gesch\u00e4tzte Lesezeit\" \/>\n\t<meta name=\"twitter:data2\" content=\"10\u00a0Minuten\" \/>\n<script type=\"application\/ld+json\" class=\"yoast-schema-graph\">{\"@context\":\"https:\/\/schema.org\",\"@graph\":[{\"@type\":\"Article\",\"@id\":\"https:\/\/www.pressenza.com\/de\/2023\/11\/die-welt-braucht-einen-tag-des-waffenstillstands\/#article\",\"isPartOf\":{\"@id\":\"https:\/\/www.pressenza.com\/de\/2023\/11\/die-welt-braucht-einen-tag-des-waffenstillstands\/\"},\"author\":{\"name\":\"David Swanson\",\"@id\":\"https:\/\/www.pressenza.com\/de\/#\/schema\/person\/8b3166a6ff3dbc5d0aac2899217e7063\"},\"headline\":\"Die Welt braucht einen Tag des Waffenstillstands\",\"datePublished\":\"2023-11-14T16:43:38+00:00\",\"dateModified\":\"2023-11-14T16:44:47+00:00\",\"mainEntityOfPage\":{\"@id\":\"https:\/\/www.pressenza.com\/de\/2023\/11\/die-welt-braucht-einen-tag-des-waffenstillstands\/\"},\"wordCount\":1820,\"publisher\":{\"@id\":\"https:\/\/www.pressenza.com\/de\/#organization\"},\"image\":{\"@id\":\"https:\/\/www.pressenza.com\/de\/2023\/11\/die-welt-braucht-einen-tag-des-waffenstillstands\/#primaryimage\"},\"thumbnailUrl\":\"https:\/\/www.pressenza.com\/wp-content\/uploads\/2023\/11\/ArmisticeDay.jpg\",\"keywords\":[\"11. November\",\"Frieden\",\"Globaler Waffenstillstandstillstand\",\"Remembrance Day\",\"Tag des Waffenstillstands\",\"Waffenstillstand\"],\"articleSection\":[\"Frieden und Abr\u00fcstung\",\"International\",\"Internationale Angelegenheiten\",\"Meinungen\",\"Nordamerika\"],\"inLanguage\":\"de\"},{\"@type\":\"WebPage\",\"@id\":\"https:\/\/www.pressenza.com\/de\/2023\/11\/die-welt-braucht-einen-tag-des-waffenstillstands\/\",\"url\":\"https:\/\/www.pressenza.com\/de\/2023\/11\/die-welt-braucht-einen-tag-des-waffenstillstands\/\",\"name\":\"Die Welt braucht einen Tag des Waffenstillstands\",\"isPartOf\":{\"@id\":\"https:\/\/www.pressenza.com\/de\/#website\"},\"primaryImageOfPage\":{\"@id\":\"https:\/\/www.pressenza.com\/de\/2023\/11\/die-welt-braucht-einen-tag-des-waffenstillstands\/#primaryimage\"},\"image\":{\"@id\":\"https:\/\/www.pressenza.com\/de\/2023\/11\/die-welt-braucht-einen-tag-des-waffenstillstands\/#primaryimage\"},\"thumbnailUrl\":\"https:\/\/www.pressenza.com\/wp-content\/uploads\/2023\/11\/ArmisticeDay.jpg\",\"datePublished\":\"2023-11-14T16:43:38+00:00\",\"dateModified\":\"2023-11-14T16:44:47+00:00\",\"description\":\"Ukraine braucht einen Waffenstillstand. Pal\u00e4stina braucht einen Waffenstillstand. Nagorno-Karabach braucht einen Waffenstillstand. Syrien, Sudan, Nigeria\",\"breadcrumb\":{\"@id\":\"https:\/\/www.pressenza.com\/de\/2023\/11\/die-welt-braucht-einen-tag-des-waffenstillstands\/#breadcrumb\"},\"inLanguage\":\"de\",\"potentialAction\":[{\"@type\":\"ReadAction\",\"target\":[\"https:\/\/www.pressenza.com\/de\/2023\/11\/die-welt-braucht-einen-tag-des-waffenstillstands\/\"]}]},{\"@type\":\"ImageObject\",\"inLanguage\":\"de\",\"@id\":\"https:\/\/www.pressenza.com\/de\/2023\/11\/die-welt-braucht-einen-tag-des-waffenstillstands\/#primaryimage\",\"url\":\"https:\/\/www.pressenza.com\/wp-content\/uploads\/2023\/11\/ArmisticeDay.jpg\",\"contentUrl\":\"https:\/\/www.pressenza.com\/wp-content\/uploads\/2023\/11\/ArmisticeDay.jpg\",\"width\":820,\"height\":457,\"caption\":\"Die Welt braucht einen Tag des Waffenstillstands\"},{\"@type\":\"BreadcrumbList\",\"@id\":\"https:\/\/www.pressenza.com\/de\/2023\/11\/die-welt-braucht-einen-tag-des-waffenstillstands\/#breadcrumb\",\"itemListElement\":[{\"@type\":\"ListItem\",\"position\":1,\"name\":\"Accueil\",\"item\":\"https:\/\/www.pressenza.com\/de\/\"},{\"@type\":\"ListItem\",\"position\":2,\"name\":\"Die Welt braucht einen Tag des Waffenstillstands\"}]},{\"@type\":\"WebSite\",\"@id\":\"https:\/\/www.pressenza.com\/de\/#website\",\"url\":\"https:\/\/www.pressenza.com\/de\/\",\"name\":\"Pressenza\",\"description\":\"International Press Agency\",\"publisher\":{\"@id\":\"https:\/\/www.pressenza.com\/de\/#organization\"},\"potentialAction\":[{\"@type\":\"SearchAction\",\"target\":{\"@type\":\"EntryPoint\",\"urlTemplate\":\"https:\/\/www.pressenza.com\/de\/?s={search_term_string}\"},\"query-input\":{\"@type\":\"PropertyValueSpecification\",\"valueRequired\":true,\"valueName\":\"search_term_string\"}}],\"inLanguage\":\"de\"},{\"@type\":\"Organization\",\"@id\":\"https:\/\/www.pressenza.com\/de\/#organization\",\"name\":\"Pressenza\",\"url\":\"https:\/\/www.pressenza.com\/de\/\",\"logo\":{\"@type\":\"ImageObject\",\"inLanguage\":\"de\",\"@id\":\"https:\/\/www.pressenza.com\/de\/#\/schema\/logo\/image\/\",\"url\":\"https:\/\/www.pressenza.com\/wp-content\/uploads\/2022\/10\/pressenza_logo_200x200.jpg\",\"contentUrl\":\"https:\/\/www.pressenza.com\/wp-content\/uploads\/2022\/10\/pressenza_logo_200x200.jpg\",\"width\":200,\"height\":200,\"caption\":\"Pressenza\"},\"image\":{\"@id\":\"https:\/\/www.pressenza.com\/de\/#\/schema\/logo\/image\/\"},\"sameAs\":[\"https:\/\/www.facebook.com\/PressenzaItalia\",\"https:\/\/x.com\/PressenzaIPA\"]},{\"@type\":\"Person\",\"@id\":\"https:\/\/www.pressenza.com\/de\/#\/schema\/person\/8b3166a6ff3dbc5d0aac2899217e7063\",\"name\":\"David Swanson\",\"description\":\"David Swanson is an author, activist, journalist, and radio host. He is director of WorldBeyondWar.org and campaign coordinator for RootsAction.org. Swanson's books include War Is A Lie. He blogs at DavidSwanson.org and WarIsACrime.org. He hosts Talk Nation Radio. He was nominated for the 2015 Nobel Peace Prize.\",\"sameAs\":[\"https:\/\/www.facebook.com\/davidcnswanson\",\"https:\/\/x.com\/davidcnswanson\"],\"url\":\"https:\/\/www.pressenza.com\/de\/author\/david-swanson\/\"}]}<\/script>\n<!-- \/ Yoast SEO plugin. -->","yoast_head_json":{"title":"Die Welt braucht einen Tag des Waffenstillstands","description":"Ukraine braucht einen Waffenstillstand. Pal\u00e4stina braucht einen Waffenstillstand. Nagorno-Karabach braucht einen Waffenstillstand. Syrien, Sudan, Nigeria","robots":{"index":"index","follow":"follow","max-snippet":"max-snippet:-1","max-image-preview":"max-image-preview:large","max-video-preview":"max-video-preview:-1"},"canonical":"https:\/\/www.pressenza.com\/de\/2023\/11\/die-welt-braucht-einen-tag-des-waffenstillstands\/","og_locale":"de_DE","og_type":"article","og_title":"Die Welt braucht einen Tag des Waffenstillstands","og_description":"Ukraine braucht einen Waffenstillstand. Pal\u00e4stina braucht einen Waffenstillstand. Nagorno-Karabach braucht einen Waffenstillstand. Syrien, Sudan, Nigeria","og_url":"https:\/\/www.pressenza.com\/de\/2023\/11\/die-welt-braucht-einen-tag-des-waffenstillstands\/","og_site_name":"Pressenza","article_publisher":"https:\/\/www.facebook.com\/PressenzaItalia","article_author":"https:\/\/www.facebook.com\/davidcnswanson","article_published_time":"2023-11-14T16:43:38+00:00","article_modified_time":"2023-11-14T16:44:47+00:00","og_image":[{"width":820,"height":457,"url":"https:\/\/www.pressenza.com\/wp-content\/uploads\/2023\/11\/ArmisticeDay.jpg","type":"image\/jpeg"}],"author":"David Swanson","twitter_card":"summary_large_image","twitter_creator":"@davidcnswanson","twitter_site":"@PressenzaIPA","twitter_misc":{"Verfasst von":"David Swanson","Gesch\u00e4tzte Lesezeit":"10\u00a0Minuten"},"schema":{"@context":"https:\/\/schema.org","@graph":[{"@type":"Article","@id":"https:\/\/www.pressenza.com\/de\/2023\/11\/die-welt-braucht-einen-tag-des-waffenstillstands\/#article","isPartOf":{"@id":"https:\/\/www.pressenza.com\/de\/2023\/11\/die-welt-braucht-einen-tag-des-waffenstillstands\/"},"author":{"name":"David Swanson","@id":"https:\/\/www.pressenza.com\/de\/#\/schema\/person\/8b3166a6ff3dbc5d0aac2899217e7063"},"headline":"Die Welt braucht einen Tag des Waffenstillstands","datePublished":"2023-11-14T16:43:38+00:00","dateModified":"2023-11-14T16:44:47+00:00","mainEntityOfPage":{"@id":"https:\/\/www.pressenza.com\/de\/2023\/11\/die-welt-braucht-einen-tag-des-waffenstillstands\/"},"wordCount":1820,"publisher":{"@id":"https:\/\/www.pressenza.com\/de\/#organization"},"image":{"@id":"https:\/\/www.pressenza.com\/de\/2023\/11\/die-welt-braucht-einen-tag-des-waffenstillstands\/#primaryimage"},"thumbnailUrl":"https:\/\/www.pressenza.com\/wp-content\/uploads\/2023\/11\/ArmisticeDay.jpg","keywords":["11. November","Frieden","Globaler Waffenstillstandstillstand","Remembrance Day","Tag des Waffenstillstands","Waffenstillstand"],"articleSection":["Frieden und Abr\u00fcstung","International","Internationale Angelegenheiten","Meinungen","Nordamerika"],"inLanguage":"de"},{"@type":"WebPage","@id":"https:\/\/www.pressenza.com\/de\/2023\/11\/die-welt-braucht-einen-tag-des-waffenstillstands\/","url":"https:\/\/www.pressenza.com\/de\/2023\/11\/die-welt-braucht-einen-tag-des-waffenstillstands\/","name":"Die Welt braucht einen Tag des Waffenstillstands","isPartOf":{"@id":"https:\/\/www.pressenza.com\/de\/#website"},"primaryImageOfPage":{"@id":"https:\/\/www.pressenza.com\/de\/2023\/11\/die-welt-braucht-einen-tag-des-waffenstillstands\/#primaryimage"},"image":{"@id":"https:\/\/www.pressenza.com\/de\/2023\/11\/die-welt-braucht-einen-tag-des-waffenstillstands\/#primaryimage"},"thumbnailUrl":"https:\/\/www.pressenza.com\/wp-content\/uploads\/2023\/11\/ArmisticeDay.jpg","datePublished":"2023-11-14T16:43:38+00:00","dateModified":"2023-11-14T16:44:47+00:00","description":"Ukraine braucht einen Waffenstillstand. Pal\u00e4stina braucht einen Waffenstillstand. Nagorno-Karabach braucht einen Waffenstillstand. Syrien, Sudan, Nigeria","breadcrumb":{"@id":"https:\/\/www.pressenza.com\/de\/2023\/11\/die-welt-braucht-einen-tag-des-waffenstillstands\/#breadcrumb"},"inLanguage":"de","potentialAction":[{"@type":"ReadAction","target":["https:\/\/www.pressenza.com\/de\/2023\/11\/die-welt-braucht-einen-tag-des-waffenstillstands\/"]}]},{"@type":"ImageObject","inLanguage":"de","@id":"https:\/\/www.pressenza.com\/de\/2023\/11\/die-welt-braucht-einen-tag-des-waffenstillstands\/#primaryimage","url":"https:\/\/www.pressenza.com\/wp-content\/uploads\/2023\/11\/ArmisticeDay.jpg","contentUrl":"https:\/\/www.pressenza.com\/wp-content\/uploads\/2023\/11\/ArmisticeDay.jpg","width":820,"height":457,"caption":"Die Welt braucht einen Tag des Waffenstillstands"},{"@type":"BreadcrumbList","@id":"https:\/\/www.pressenza.com\/de\/2023\/11\/die-welt-braucht-einen-tag-des-waffenstillstands\/#breadcrumb","itemListElement":[{"@type":"ListItem","position":1,"name":"Accueil","item":"https:\/\/www.pressenza.com\/de\/"},{"@type":"ListItem","position":2,"name":"Die Welt braucht einen Tag des Waffenstillstands"}]},{"@type":"WebSite","@id":"https:\/\/www.pressenza.com\/de\/#website","url":"https:\/\/www.pressenza.com\/de\/","name":"Pressenza","description":"International Press Agency","publisher":{"@id":"https:\/\/www.pressenza.com\/de\/#organization"},"potentialAction":[{"@type":"SearchAction","target":{"@type":"EntryPoint","urlTemplate":"https:\/\/www.pressenza.com\/de\/?s={search_term_string}"},"query-input":{"@type":"PropertyValueSpecification","valueRequired":true,"valueName":"search_term_string"}}],"inLanguage":"de"},{"@type":"Organization","@id":"https:\/\/www.pressenza.com\/de\/#organization","name":"Pressenza","url":"https:\/\/www.pressenza.com\/de\/","logo":{"@type":"ImageObject","inLanguage":"de","@id":"https:\/\/www.pressenza.com\/de\/#\/schema\/logo\/image\/","url":"https:\/\/www.pressenza.com\/wp-content\/uploads\/2022\/10\/pressenza_logo_200x200.jpg","contentUrl":"https:\/\/www.pressenza.com\/wp-content\/uploads\/2022\/10\/pressenza_logo_200x200.jpg","width":200,"height":200,"caption":"Pressenza"},"image":{"@id":"https:\/\/www.pressenza.com\/de\/#\/schema\/logo\/image\/"},"sameAs":["https:\/\/www.facebook.com\/PressenzaItalia","https:\/\/x.com\/PressenzaIPA"]},{"@type":"Person","@id":"https:\/\/www.pressenza.com\/de\/#\/schema\/person\/8b3166a6ff3dbc5d0aac2899217e7063","name":"David Swanson","description":"David Swanson is an author, activist, journalist, and radio host. He is director of WorldBeyondWar.org and campaign coordinator for RootsAction.org. Swanson's books include War Is A Lie. He blogs at DavidSwanson.org and WarIsACrime.org. He hosts Talk Nation Radio. He was nominated for the 2015 Nobel Peace Prize.","sameAs":["https:\/\/www.facebook.com\/davidcnswanson","https:\/\/x.com\/davidcnswanson"],"url":"https:\/\/www.pressenza.com\/de\/author\/david-swanson\/"}]}},"place":"USA","original_article_url":"","_links":{"self":[{"href":"https:\/\/www.pressenza.com\/de\/wp-json\/wp\/v2\/posts\/1781439","targetHints":{"allow":["GET"]}}],"collection":[{"href":"https:\/\/www.pressenza.com\/de\/wp-json\/wp\/v2\/posts"}],"about":[{"href":"https:\/\/www.pressenza.com\/de\/wp-json\/wp\/v2\/types\/post"}],"author":[{"embeddable":true,"href":"https:\/\/www.pressenza.com\/de\/wp-json\/wp\/v2\/users\/1241"}],"replies":[{"embeddable":true,"href":"https:\/\/www.pressenza.com\/de\/wp-json\/wp\/v2\/comments?post=1781439"}],"version-history":[{"count":0,"href":"https:\/\/www.pressenza.com\/de\/wp-json\/wp\/v2\/posts\/1781439\/revisions"}],"wp:featuredmedia":[{"embeddable":true,"href":"https:\/\/www.pressenza.com\/de\/wp-json\/wp\/v2\/media\/1781448"}],"wp:attachment":[{"href":"https:\/\/www.pressenza.com\/de\/wp-json\/wp\/v2\/media?parent=1781439"}],"wp:term":[{"taxonomy":"category","embeddable":true,"href":"https:\/\/www.pressenza.com\/de\/wp-json\/wp\/v2\/categories?post=1781439"},{"taxonomy":"post_tag","embeddable":true,"href":"https:\/\/www.pressenza.com\/de\/wp-json\/wp\/v2\/tags?post=1781439"}],"curies":[{"name":"wp","href":"https:\/\/api.w.org\/{rel}","templated":true}]}}