{"id":1780581,"date":"2023-11-10T13:24:04","date_gmt":"2023-11-10T13:24:04","guid":{"rendered":"https:\/\/www.pressenza.com\/?p=1780581"},"modified":"2023-11-10T13:24:59","modified_gmt":"2023-11-10T13:24:59","slug":"israel-illegale-verhaftungen-und-proteste","status":"publish","type":"post","link":"https:\/\/www.pressenza.com\/de\/2023\/11\/israel-illegale-verhaftungen-und-proteste\/","title":{"rendered":"Israel, illegale Verhaftungen und Proteste"},"content":{"rendered":"<p><strong>Donnerstagmorgen wurden die f\u00fchrenden Mitglieder des &#8222;\u201cHigh Follow-Up Committee for Arab Citizens of Israel\u201d (einer au\u00dferparlamentarischen Dachorganisation, die arabische B\u00fcrger in Israel auf nationaler Ebene vertritt) rechtswidrig verhaftet.<\/strong><\/p>\n<p>Seit Beginn des Gaza-Krieges hat das israelische Parlament alle Mittel des friedlichen Widerstands verboten. F\u00fcr Proteste wurden repressive Vorschriften erlassen, die die Teilnehmerzahl auf 50 Personen beschr\u00e4nken. Das High Follow-Up Committee hat unter Einhaltung der Gesetze eine stille Versammlung organisiert, die ein Ende des Krieges in Gaza und Widerstand gegen die Regierung in Israel forderte. Trotz all seiner Bem\u00fchungen wurden die Organisator*innen heute verhaftet. Viele von ihnen sind ehemalige Mitglieder des Parlaments und wichtige F\u00fchrer*innen des pal\u00e4stinensischen Kampfes in Israel. Dies ist eine kritische Phase schwerwiegender Unterdr\u00fcckung, die weltweit beachtet werden muss.<\/p>\n<p>In Tel Aviv hat eine Gruppe von Aktivist*innen einen Protest in Solidarit\u00e4t mit ihnen organisiert. Die Polizei verhaftete zwanzig Personen und beschlagnahmte Schilder, Trommeln und Megaphone.<\/p>\n<p><em><strong>\u00dcbersetzung aus dem Englischen von Reto Thumiger vom ehrenamtlichen Pressenza-\u00dcbersetzungsteam erstellt. <a href=\"https:\/\/www.pressenza.com\/de\/mitarbeiten\/\" target=\"_blank\" rel=\"noopener\">Wir suchen Freiwillige!\u00a0<\/a><\/strong><\/em><\/p>\n<p><img loading=\"lazy\" decoding=\"async\" class=\"aligncenter wp-image-1780415 size-full\" src=\"https:\/\/cdn77.pressenza.com\/wp-content\/uploads\/2023\/11\/manifestazione-Tel-Aviv-nov-2023.jpeg\" sizes=\"auto, (max-width: 1920px) 100vw, 1920px\" srcset=\"https:\/\/cdn77.pressenza.com\/wp-content\/uploads\/2023\/11\/manifestazione-Tel-Aviv-nov-2023.jpeg 1920w, https:\/\/cdn77.pressenza.com\/wp-content\/uploads\/2023\/11\/manifestazione-Tel-Aviv-nov-2023-300x225.jpeg 300w, https:\/\/cdn77.pressenza.com\/wp-content\/uploads\/2023\/11\/manifestazione-Tel-Aviv-nov-2023-820x615.jpeg 820w\" alt=\"\" width=\"1920\" height=\"1440\" \/><\/p>\n<p><img loading=\"lazy\" decoding=\"async\" class=\"aligncenter wp-image-1780417 size-full\" src=\"https:\/\/cdn77.pressenza.com\/wp-content\/uploads\/2023\/11\/Tel-Aviv-manifestanti-nov-2023.jpeg\" sizes=\"auto, (max-width: 1366px) 100vw, 1366px\" srcset=\"https:\/\/cdn77.pressenza.com\/wp-content\/uploads\/2023\/11\/Tel-Aviv-manifestanti-nov-2023.jpeg 1366w, https:\/\/cdn77.pressenza.com\/wp-content\/uploads\/2023\/11\/Tel-Aviv-manifestanti-nov-2023-300x200.jpeg 300w, https:\/\/cdn77.pressenza.com\/wp-content\/uploads\/2023\/11\/Tel-Aviv-manifestanti-nov-2023-820x547.jpeg 820w\" alt=\"\" width=\"1366\" height=\"911\" \/><\/p>\n<p><img loading=\"lazy\" decoding=\"async\" class=\"aligncenter wp-image-1780418 size-full\" src=\"https:\/\/cdn77.pressenza.com\/wp-content\/uploads\/2023\/11\/Tel-Aviv-arresto-1.jpeg\" sizes=\"auto, (max-width: 1600px) 100vw, 1600px\" srcset=\"https:\/\/cdn77.pressenza.com\/wp-content\/uploads\/2023\/11\/Tel-Aviv-arresto-1.jpeg 1600w, https:\/\/cdn77.pressenza.com\/wp-content\/uploads\/2023\/11\/Tel-Aviv-arresto-1-300x200.jpeg 300w, https:\/\/cdn77.pressenza.com\/wp-content\/uploads\/2023\/11\/Tel-Aviv-arresto-1-820x546.jpeg 820w\" alt=\"\" width=\"1600\" height=\"1066\" \/><\/p>\n","protected":false},"excerpt":{"rendered":"<p>Donnerstagmorgen wurden die f\u00fchrenden Mitglieder des &#8222;\u201cHigh Follow-Up Committee for Arab Citizens of Israel\u201d (einer au\u00dferparlamentarischen Dachorganisation, die arabische B\u00fcrger in Israel auf nationaler Ebene vertritt) rechtswidrig verhaftet. Seit Beginn des Gaza-Krieges hat das israelische Parlament alle Mittel des friedlichen&hellip;<\/p>\n","protected":false},"author":594,"featured_media":1780582,"comment_status":"closed","ping_status":"closed","sticky":false,"template":"","format":"standard","meta":{"footnotes":""},"categories":[9144,9161,9151,11387],"tags":[12131,9799,9226,60637],"class_list":["post-1780581","post","type-post","status-publish","format-standard","has-post-thumbnail","hentry","category-fotoreportagen","category-menschenrechte","category-mittlerer-osten","category-originalinhalt","tag-gazastreifen","tag-israel-de","tag-protest-de","tag-repression-de"],"yoast_head":"<!-- This site is optimized with the Yoast SEO plugin v27.1.1 - https:\/\/yoast.com\/product\/yoast-seo-wordpress\/ -->\n<title>Israel, illegale Verhaftungen und Proteste<\/title>\n<meta name=\"description\" content=\"Donnerstagmorgen wurden die f\u00fchrenden Mitglieder des &quot;\u201cHigh Follow-Up Committee for Arab Citizens of Israel\u201d (einer au\u00dferparlamentarischen\" \/>\n<meta name=\"robots\" content=\"index, follow, max-snippet:-1, max-image-preview:large, max-video-preview:-1\" \/>\n<link rel=\"canonical\" href=\"https:\/\/www.pressenza.com\/de\/2023\/11\/israel-illegale-verhaftungen-und-proteste\/\" \/>\n<meta property=\"og:locale\" content=\"de_DE\" \/>\n<meta property=\"og:type\" content=\"article\" \/>\n<meta property=\"og:title\" content=\"Israel, illegale Verhaftungen und Proteste\" \/>\n<meta property=\"og:description\" content=\"Donnerstagmorgen wurden die f\u00fchrenden Mitglieder des &quot;\u201cHigh Follow-Up Committee for Arab Citizens of Israel\u201d (einer au\u00dferparlamentarischen\" \/>\n<meta property=\"og:url\" content=\"https:\/\/www.pressenza.com\/de\/2023\/11\/israel-illegale-verhaftungen-und-proteste\/\" \/>\n<meta property=\"og:site_name\" content=\"Pressenza\" \/>\n<meta property=\"article:publisher\" content=\"https:\/\/www.facebook.com\/PressenzaItalia\" \/>\n<meta property=\"article:author\" content=\"https:\/\/www.facebook.com\/PressenzaItalia\" \/>\n<meta property=\"article:published_time\" content=\"2023-11-10T13:24:04+00:00\" \/>\n<meta property=\"article:modified_time\" content=\"2023-11-10T13:24:59+00:00\" \/>\n<meta property=\"og:image\" content=\"https:\/\/www.pressenza.com\/wp-content\/uploads\/2023\/11\/Tel-Aviv-arresto-ragazza.jpeg\" \/>\n\t<meta property=\"og:image:width\" content=\"1366\" \/>\n\t<meta property=\"og:image:height\" content=\"910\" \/>\n\t<meta property=\"og:image:type\" content=\"image\/jpeg\" \/>\n<meta name=\"author\" content=\"Redazione Italia\" \/>\n<meta name=\"twitter:card\" content=\"summary_large_image\" \/>\n<meta name=\"twitter:creator\" content=\"@pressenza_it\" \/>\n<meta name=\"twitter:site\" content=\"@PressenzaIPA\" \/>\n<meta name=\"twitter:label1\" content=\"Verfasst von\" \/>\n\t<meta name=\"twitter:data1\" content=\"Redazione Italia\" \/>\n\t<meta name=\"twitter:label2\" content=\"Gesch\u00e4tzte Lesezeit\" \/>\n\t<meta name=\"twitter:data2\" content=\"2\u00a0Minuten\" \/>\n<script type=\"application\/ld+json\" class=\"yoast-schema-graph\">{\"@context\":\"https:\/\/schema.org\",\"@graph\":[{\"@type\":\"Article\",\"@id\":\"https:\/\/www.pressenza.com\/de\/2023\/11\/israel-illegale-verhaftungen-und-proteste\/#article\",\"isPartOf\":{\"@id\":\"https:\/\/www.pressenza.com\/de\/2023\/11\/israel-illegale-verhaftungen-und-proteste\/\"},\"author\":{\"name\":\"Redazione Italia\",\"@id\":\"https:\/\/www.pressenza.com\/de\/#\/schema\/person\/d983e81827ae24f2c7b1a2123d197f8d\"},\"headline\":\"Israel, illegale Verhaftungen und Proteste\",\"datePublished\":\"2023-11-10T13:24:04+00:00\",\"dateModified\":\"2023-11-10T13:24:59+00:00\",\"mainEntityOfPage\":{\"@id\":\"https:\/\/www.pressenza.com\/de\/2023\/11\/israel-illegale-verhaftungen-und-proteste\/\"},\"wordCount\":178,\"publisher\":{\"@id\":\"https:\/\/www.pressenza.com\/de\/#organization\"},\"image\":{\"@id\":\"https:\/\/www.pressenza.com\/de\/2023\/11\/israel-illegale-verhaftungen-und-proteste\/#primaryimage\"},\"thumbnailUrl\":\"https:\/\/www.pressenza.com\/wp-content\/uploads\/2023\/11\/Tel-Aviv-arresto-ragazza.jpeg\",\"keywords\":[\"Gazastreifen\",\"Israel\",\"Protest\",\"repression\"],\"articleSection\":[\"Fotoreportagen\",\"Menschenrechte\",\"Mittlerer Osten\",\"Originalinhalt\"],\"inLanguage\":\"de\"},{\"@type\":\"WebPage\",\"@id\":\"https:\/\/www.pressenza.com\/de\/2023\/11\/israel-illegale-verhaftungen-und-proteste\/\",\"url\":\"https:\/\/www.pressenza.com\/de\/2023\/11\/israel-illegale-verhaftungen-und-proteste\/\",\"name\":\"Israel, illegale Verhaftungen und Proteste\",\"isPartOf\":{\"@id\":\"https:\/\/www.pressenza.com\/de\/#website\"},\"primaryImageOfPage\":{\"@id\":\"https:\/\/www.pressenza.com\/de\/2023\/11\/israel-illegale-verhaftungen-und-proteste\/#primaryimage\"},\"image\":{\"@id\":\"https:\/\/www.pressenza.com\/de\/2023\/11\/israel-illegale-verhaftungen-und-proteste\/#primaryimage\"},\"thumbnailUrl\":\"https:\/\/www.pressenza.com\/wp-content\/uploads\/2023\/11\/Tel-Aviv-arresto-ragazza.jpeg\",\"datePublished\":\"2023-11-10T13:24:04+00:00\",\"dateModified\":\"2023-11-10T13:24:59+00:00\",\"description\":\"Donnerstagmorgen wurden die f\u00fchrenden Mitglieder des \\\"\u201cHigh Follow-Up Committee for Arab Citizens of Israel\u201d (einer au\u00dferparlamentarischen\",\"breadcrumb\":{\"@id\":\"https:\/\/www.pressenza.com\/de\/2023\/11\/israel-illegale-verhaftungen-und-proteste\/#breadcrumb\"},\"inLanguage\":\"de\",\"potentialAction\":[{\"@type\":\"ReadAction\",\"target\":[\"https:\/\/www.pressenza.com\/de\/2023\/11\/israel-illegale-verhaftungen-und-proteste\/\"]}]},{\"@type\":\"ImageObject\",\"inLanguage\":\"de\",\"@id\":\"https:\/\/www.pressenza.com\/de\/2023\/11\/israel-illegale-verhaftungen-und-proteste\/#primaryimage\",\"url\":\"https:\/\/www.pressenza.com\/wp-content\/uploads\/2023\/11\/Tel-Aviv-arresto-ragazza.jpeg\",\"contentUrl\":\"https:\/\/www.pressenza.com\/wp-content\/uploads\/2023\/11\/Tel-Aviv-arresto-ragazza.jpeg\",\"width\":1366,\"height\":910,\"caption\":\"(Foto do Hadash Party)\"},{\"@type\":\"BreadcrumbList\",\"@id\":\"https:\/\/www.pressenza.com\/de\/2023\/11\/israel-illegale-verhaftungen-und-proteste\/#breadcrumb\",\"itemListElement\":[{\"@type\":\"ListItem\",\"position\":1,\"name\":\"Accueil\",\"item\":\"https:\/\/www.pressenza.com\/de\/\"},{\"@type\":\"ListItem\",\"position\":2,\"name\":\"Israel, illegale Verhaftungen und Proteste\"}]},{\"@type\":\"WebSite\",\"@id\":\"https:\/\/www.pressenza.com\/de\/#website\",\"url\":\"https:\/\/www.pressenza.com\/de\/\",\"name\":\"Pressenza\",\"description\":\"International Press Agency\",\"publisher\":{\"@id\":\"https:\/\/www.pressenza.com\/de\/#organization\"},\"potentialAction\":[{\"@type\":\"SearchAction\",\"target\":{\"@type\":\"EntryPoint\",\"urlTemplate\":\"https:\/\/www.pressenza.com\/de\/?s={search_term_string}\"},\"query-input\":{\"@type\":\"PropertyValueSpecification\",\"valueRequired\":true,\"valueName\":\"search_term_string\"}}],\"inLanguage\":\"de\"},{\"@type\":\"Organization\",\"@id\":\"https:\/\/www.pressenza.com\/de\/#organization\",\"name\":\"Pressenza\",\"url\":\"https:\/\/www.pressenza.com\/de\/\",\"logo\":{\"@type\":\"ImageObject\",\"inLanguage\":\"de\",\"@id\":\"https:\/\/www.pressenza.com\/de\/#\/schema\/logo\/image\/\",\"url\":\"https:\/\/www.pressenza.com\/wp-content\/uploads\/2022\/10\/pressenza_logo_200x200.jpg\",\"contentUrl\":\"https:\/\/www.pressenza.com\/wp-content\/uploads\/2022\/10\/pressenza_logo_200x200.jpg\",\"width\":200,\"height\":200,\"caption\":\"Pressenza\"},\"image\":{\"@id\":\"https:\/\/www.pressenza.com\/de\/#\/schema\/logo\/image\/\"},\"sameAs\":[\"https:\/\/www.facebook.com\/PressenzaItalia\",\"https:\/\/x.com\/PressenzaIPA\"]},{\"@type\":\"Person\",\"@id\":\"https:\/\/www.pressenza.com\/de\/#\/schema\/person\/d983e81827ae24f2c7b1a2123d197f8d\",\"name\":\"Redazione Italia\",\"description\":\"News from the Pressenza Bureau in Italy\",\"sameAs\":[\"https:\/\/www.pressenza.com\/it\/author\/redazione-italia\/\",\"https:\/\/www.facebook.com\/PressenzaItalia\",\"https:\/\/www.instagram.com\/pressenza_italia\/\",\"https:\/\/x.com\/pressenza_it\",\"https:\/\/www.youtube.com\/channel\/UCSalEIWjE1RSxkwjfftFuqg\"],\"url\":\"https:\/\/www.pressenza.com\/de\/author\/redazione-italia\/\"}]}<\/script>\n<!-- \/ Yoast SEO plugin. -->","yoast_head_json":{"title":"Israel, illegale Verhaftungen und Proteste","description":"Donnerstagmorgen wurden die f\u00fchrenden Mitglieder des \"\u201cHigh Follow-Up Committee for Arab Citizens of Israel\u201d (einer au\u00dferparlamentarischen","robots":{"index":"index","follow":"follow","max-snippet":"max-snippet:-1","max-image-preview":"max-image-preview:large","max-video-preview":"max-video-preview:-1"},"canonical":"https:\/\/www.pressenza.com\/de\/2023\/11\/israel-illegale-verhaftungen-und-proteste\/","og_locale":"de_DE","og_type":"article","og_title":"Israel, illegale Verhaftungen und Proteste","og_description":"Donnerstagmorgen wurden die f\u00fchrenden Mitglieder des \"\u201cHigh Follow-Up Committee for Arab Citizens of Israel\u201d (einer au\u00dferparlamentarischen","og_url":"https:\/\/www.pressenza.com\/de\/2023\/11\/israel-illegale-verhaftungen-und-proteste\/","og_site_name":"Pressenza","article_publisher":"https:\/\/www.facebook.com\/PressenzaItalia","article_author":"https:\/\/www.facebook.com\/PressenzaItalia","article_published_time":"2023-11-10T13:24:04+00:00","article_modified_time":"2023-11-10T13:24:59+00:00","og_image":[{"width":1366,"height":910,"url":"https:\/\/www.pressenza.com\/wp-content\/uploads\/2023\/11\/Tel-Aviv-arresto-ragazza.jpeg","type":"image\/jpeg"}],"author":"Redazione Italia","twitter_card":"summary_large_image","twitter_creator":"@pressenza_it","twitter_site":"@PressenzaIPA","twitter_misc":{"Verfasst von":"Redazione Italia","Gesch\u00e4tzte Lesezeit":"2\u00a0Minuten"},"schema":{"@context":"https:\/\/schema.org","@graph":[{"@type":"Article","@id":"https:\/\/www.pressenza.com\/de\/2023\/11\/israel-illegale-verhaftungen-und-proteste\/#article","isPartOf":{"@id":"https:\/\/www.pressenza.com\/de\/2023\/11\/israel-illegale-verhaftungen-und-proteste\/"},"author":{"name":"Redazione Italia","@id":"https:\/\/www.pressenza.com\/de\/#\/schema\/person\/d983e81827ae24f2c7b1a2123d197f8d"},"headline":"Israel, illegale Verhaftungen und Proteste","datePublished":"2023-11-10T13:24:04+00:00","dateModified":"2023-11-10T13:24:59+00:00","mainEntityOfPage":{"@id":"https:\/\/www.pressenza.com\/de\/2023\/11\/israel-illegale-verhaftungen-und-proteste\/"},"wordCount":178,"publisher":{"@id":"https:\/\/www.pressenza.com\/de\/#organization"},"image":{"@id":"https:\/\/www.pressenza.com\/de\/2023\/11\/israel-illegale-verhaftungen-und-proteste\/#primaryimage"},"thumbnailUrl":"https:\/\/www.pressenza.com\/wp-content\/uploads\/2023\/11\/Tel-Aviv-arresto-ragazza.jpeg","keywords":["Gazastreifen","Israel","Protest","repression"],"articleSection":["Fotoreportagen","Menschenrechte","Mittlerer Osten","Originalinhalt"],"inLanguage":"de"},{"@type":"WebPage","@id":"https:\/\/www.pressenza.com\/de\/2023\/11\/israel-illegale-verhaftungen-und-proteste\/","url":"https:\/\/www.pressenza.com\/de\/2023\/11\/israel-illegale-verhaftungen-und-proteste\/","name":"Israel, illegale Verhaftungen und Proteste","isPartOf":{"@id":"https:\/\/www.pressenza.com\/de\/#website"},"primaryImageOfPage":{"@id":"https:\/\/www.pressenza.com\/de\/2023\/11\/israel-illegale-verhaftungen-und-proteste\/#primaryimage"},"image":{"@id":"https:\/\/www.pressenza.com\/de\/2023\/11\/israel-illegale-verhaftungen-und-proteste\/#primaryimage"},"thumbnailUrl":"https:\/\/www.pressenza.com\/wp-content\/uploads\/2023\/11\/Tel-Aviv-arresto-ragazza.jpeg","datePublished":"2023-11-10T13:24:04+00:00","dateModified":"2023-11-10T13:24:59+00:00","description":"Donnerstagmorgen wurden die f\u00fchrenden Mitglieder des \"\u201cHigh Follow-Up Committee for Arab Citizens of Israel\u201d (einer au\u00dferparlamentarischen","breadcrumb":{"@id":"https:\/\/www.pressenza.com\/de\/2023\/11\/israel-illegale-verhaftungen-und-proteste\/#breadcrumb"},"inLanguage":"de","potentialAction":[{"@type":"ReadAction","target":["https:\/\/www.pressenza.com\/de\/2023\/11\/israel-illegale-verhaftungen-und-proteste\/"]}]},{"@type":"ImageObject","inLanguage":"de","@id":"https:\/\/www.pressenza.com\/de\/2023\/11\/israel-illegale-verhaftungen-und-proteste\/#primaryimage","url":"https:\/\/www.pressenza.com\/wp-content\/uploads\/2023\/11\/Tel-Aviv-arresto-ragazza.jpeg","contentUrl":"https:\/\/www.pressenza.com\/wp-content\/uploads\/2023\/11\/Tel-Aviv-arresto-ragazza.jpeg","width":1366,"height":910,"caption":"(Foto do Hadash Party)"},{"@type":"BreadcrumbList","@id":"https:\/\/www.pressenza.com\/de\/2023\/11\/israel-illegale-verhaftungen-und-proteste\/#breadcrumb","itemListElement":[{"@type":"ListItem","position":1,"name":"Accueil","item":"https:\/\/www.pressenza.com\/de\/"},{"@type":"ListItem","position":2,"name":"Israel, illegale Verhaftungen und Proteste"}]},{"@type":"WebSite","@id":"https:\/\/www.pressenza.com\/de\/#website","url":"https:\/\/www.pressenza.com\/de\/","name":"Pressenza","description":"International Press Agency","publisher":{"@id":"https:\/\/www.pressenza.com\/de\/#organization"},"potentialAction":[{"@type":"SearchAction","target":{"@type":"EntryPoint","urlTemplate":"https:\/\/www.pressenza.com\/de\/?s={search_term_string}"},"query-input":{"@type":"PropertyValueSpecification","valueRequired":true,"valueName":"search_term_string"}}],"inLanguage":"de"},{"@type":"Organization","@id":"https:\/\/www.pressenza.com\/de\/#organization","name":"Pressenza","url":"https:\/\/www.pressenza.com\/de\/","logo":{"@type":"ImageObject","inLanguage":"de","@id":"https:\/\/www.pressenza.com\/de\/#\/schema\/logo\/image\/","url":"https:\/\/www.pressenza.com\/wp-content\/uploads\/2022\/10\/pressenza_logo_200x200.jpg","contentUrl":"https:\/\/www.pressenza.com\/wp-content\/uploads\/2022\/10\/pressenza_logo_200x200.jpg","width":200,"height":200,"caption":"Pressenza"},"image":{"@id":"https:\/\/www.pressenza.com\/de\/#\/schema\/logo\/image\/"},"sameAs":["https:\/\/www.facebook.com\/PressenzaItalia","https:\/\/x.com\/PressenzaIPA"]},{"@type":"Person","@id":"https:\/\/www.pressenza.com\/de\/#\/schema\/person\/d983e81827ae24f2c7b1a2123d197f8d","name":"Redazione Italia","description":"News from the Pressenza Bureau in Italy","sameAs":["https:\/\/www.pressenza.com\/it\/author\/redazione-italia\/","https:\/\/www.facebook.com\/PressenzaItalia","https:\/\/www.instagram.com\/pressenza_italia\/","https:\/\/x.com\/pressenza_it","https:\/\/www.youtube.com\/channel\/UCSalEIWjE1RSxkwjfftFuqg"],"url":"https:\/\/www.pressenza.com\/de\/author\/redazione-italia\/"}]}},"place":"","original_article_url":"","_links":{"self":[{"href":"https:\/\/www.pressenza.com\/de\/wp-json\/wp\/v2\/posts\/1780581","targetHints":{"allow":["GET"]}}],"collection":[{"href":"https:\/\/www.pressenza.com\/de\/wp-json\/wp\/v2\/posts"}],"about":[{"href":"https:\/\/www.pressenza.com\/de\/wp-json\/wp\/v2\/types\/post"}],"author":[{"embeddable":true,"href":"https:\/\/www.pressenza.com\/de\/wp-json\/wp\/v2\/users\/594"}],"replies":[{"embeddable":true,"href":"https:\/\/www.pressenza.com\/de\/wp-json\/wp\/v2\/comments?post=1780581"}],"version-history":[{"count":0,"href":"https:\/\/www.pressenza.com\/de\/wp-json\/wp\/v2\/posts\/1780581\/revisions"}],"wp:featuredmedia":[{"embeddable":true,"href":"https:\/\/www.pressenza.com\/de\/wp-json\/wp\/v2\/media\/1780582"}],"wp:attachment":[{"href":"https:\/\/www.pressenza.com\/de\/wp-json\/wp\/v2\/media?parent=1780581"}],"wp:term":[{"taxonomy":"category","embeddable":true,"href":"https:\/\/www.pressenza.com\/de\/wp-json\/wp\/v2\/categories?post=1780581"},{"taxonomy":"post_tag","embeddable":true,"href":"https:\/\/www.pressenza.com\/de\/wp-json\/wp\/v2\/tags?post=1780581"}],"curies":[{"name":"wp","href":"https:\/\/api.w.org\/{rel}","templated":true}]}}