{"id":1779875,"date":"2023-11-08T06:24:40","date_gmt":"2023-11-08T06:24:40","guid":{"rendered":"https:\/\/www.pressenza.com\/?p=1779875"},"modified":"2023-11-08T06:24:40","modified_gmt":"2023-11-08T06:24:40","slug":"ausstellung-frieden-im-juedischen-museum-wien","status":"publish","type":"post","link":"https:\/\/www.pressenza.com\/de\/2023\/11\/ausstellung-frieden-im-juedischen-museum-wien\/","title":{"rendered":"Ausstellung &#8222;Frieden&#8220; im J\u00fcdischen Museum Wien"},"content":{"rendered":"<p><strong>Das J\u00fcdische Museum Wien er\u00f6ffnete am 6.11.2023 im Museum Judenplatz die neue Ausstellung \u201eFrieden\u201c. Die Ausstellung r\u00fcckt in einer Zeit, in der in Israel und Europa wieder Krieg gef\u00fchrt wird, die Auseinandersetzung mit Frieden in den Mittelpunkt. Sie soll zum Nachdenken anregen und vielleicht sogar Hoffnung machen.<\/strong><\/p>\n<p>\u201eMit dieser Ausstellung r\u00fccken wir das Thema Frieden in den Mittelpunkt und vollziehen damit einen Perspektivenwechsel: wir entziehen dem Krieg f\u00fcr einen Moment unsere permanente Aufmerksamkeit und richten unseren Blick auf die M\u00f6glichkeit seiner Abwesenheit. Die pr\u00e4sentierten Objekte sind Zeugnisse einer gelebten friedlichen Praxis oder Beispiele des politischen, aktivistischen, wissenschaftlichen oder k\u00fcnstlerischen Einsatzes f\u00fcr den Frieden. Sie zeugen von dessen Erfolg und dessen Scheitern, aber vor allem von der Prozesshaftigkeit, die Frieden immanent ist\u201c, hielten Tom Juncker und Adina Seeger, die Kurator*innen der Ausstellung, fest.<\/p>\n<p>Er\u00f6ffnet wurde die Ausstellung von Veronica Kaup-Hasler, amtsf\u00fchrende Stadtr\u00e4tin f\u00fcr Kultur und Wissenschaft: \u201eMahatma Gandhis Worte \u201aEs gibt keinen Weg zum Frieden, Frieden ist der Weg\u2018, ist ein Auftrag an die gesamte Menschheit. Denn der Zustand des Friedens in einer Gesellschaft kann nur durch st\u00e4ndige Arbeit am \u201aWir\u2018 erreicht werden. Das bedeutet eine unerm\u00fcdliche Kommunikation und Beziehungspflege sowie ein Aushalten von Differenz im Bem\u00fchen um ein Miteinander, das Vielfalt und Entfaltung aller Teile der Gesellschaft erm\u00f6glicht. Diese Arbeit hat kein Ende und ist f\u00fcr die Demokratie alternativlos. Gerade in diesen Tagen des Krieges ist es von immenser Bedeutung, dass das J\u00fcdische Museum in ihrer Ausstellung diese zivilisatorische Errungenschaft in den Fokus r\u00fcckt und so einen wichtigen Beitrag zur Kultur des Friedens leistet.\u201c<\/p>\n<p><strong>Frieden<\/strong><\/p>\n<p>ist von 7. November 2023 bis 26. Mai 2024 im Museum Judenplatz zu sehen und steht unter dem Ehrenschutz von Bundespr\u00e4sident Dr. Alexander Van der Bellen. Zur Ausstellung, die von Tom Juncker und Adina Seeger kuratiert wurde, erscheint ein Katalog zum Preis von 24,90\u20ac im Eigenverlag. Die Schau ist eine Kooperation des J\u00fcdischen Museums Wien mit dem Herbert C. Kelman Institute for Conflict Transformation. Das Museum Judenplatz, Judenplatz 8, 1010 Wien, ist von Sonntag bis Donnerstag von 10 bis 18 Uhr, freitags 10 bis 14 Uhr (Sommerzeit 10 bis 17 Uhr) ge\u00f6ffnet. Der zweite Standort, J\u00fcdisches Museum Wien, Dorotheergasse 11, 1010 Wien, ist von Sonntag bis Freitag 10 bis 18 Uhr ge\u00f6ffnet.<\/p>\n<p class=\"text\">Weitere Informationen unter\u00a0<a href=\"http:\/\/www.jmw.at\/\" target=\"_blank\" rel=\"noopener\">www.jmw.at<\/a>\u00a0oder\u00a0<a href=\"mailto:info@jmw.at\" target=\"_blank\" rel=\"noopener\">info@jmw.at<\/a>.<\/p>\n","protected":false},"excerpt":{"rendered":"<p>Das J\u00fcdische Museum Wien er\u00f6ffnete am 6.11.2023 im Museum Judenplatz die neue Ausstellung \u201eFrieden\u201c. Die Ausstellung r\u00fcckt in einer Zeit, in der in Israel und Europa wieder Krieg gef\u00fchrt wird, die Auseinandersetzung mit Frieden in den Mittelpunkt. Sie soll zum&hellip;<\/p>\n","protected":false},"author":1096,"featured_media":1779878,"comment_status":"closed","ping_status":"closed","sticky":false,"template":"","format":"standard","meta":{"footnotes":""},"categories":[9167,9156,9145],"tags":[32036,9262,57606,19033],"class_list":["post-1779875","post","type-post","status-publish","format-standard","has-post-thumbnail","hentry","category-frieden-und-abruestung","category-kultur-und-medien","category-pressemitteilungen","tag-ausstellung","tag-frieden","tag-kommunikation","tag-kunst"],"yoast_head":"<!-- This site is optimized with the Yoast SEO plugin v27.1.1 - https:\/\/yoast.com\/product\/yoast-seo-wordpress\/ -->\n<title>Ausstellung &quot;Frieden&quot; im J\u00fcdischen Museum Wien<\/title>\n<meta name=\"description\" content=\"Das J\u00fcdische Museum Wien er\u00f6ffnete am 6.11.2023 im Museum Judenplatz die neue Ausstellung \u201eFrieden\u201c. Die Ausstellung r\u00fcckt in einer Zeit, in der in Israel\" \/>\n<meta name=\"robots\" content=\"index, follow, max-snippet:-1, max-image-preview:large, max-video-preview:-1\" \/>\n<link rel=\"canonical\" href=\"https:\/\/www.pressenza.com\/de\/2023\/11\/ausstellung-frieden-im-juedischen-museum-wien\/\" \/>\n<meta property=\"og:locale\" content=\"de_DE\" \/>\n<meta property=\"og:type\" content=\"article\" \/>\n<meta property=\"og:title\" content=\"Ausstellung &quot;Frieden&quot; im J\u00fcdischen Museum Wien\" \/>\n<meta property=\"og:description\" content=\"Das J\u00fcdische Museum Wien er\u00f6ffnete am 6.11.2023 im Museum Judenplatz die neue Ausstellung \u201eFrieden\u201c. Die Ausstellung r\u00fcckt in einer Zeit, in der in Israel\" \/>\n<meta property=\"og:url\" content=\"https:\/\/www.pressenza.com\/de\/2023\/11\/ausstellung-frieden-im-juedischen-museum-wien\/\" \/>\n<meta property=\"og:site_name\" content=\"Pressenza\" \/>\n<meta property=\"article:publisher\" content=\"https:\/\/www.facebook.com\/PressenzaItalia\" \/>\n<meta property=\"article:published_time\" content=\"2023-11-08T06:24:40+00:00\" \/>\n<meta property=\"og:image\" content=\"https:\/\/www.pressenza.com\/wp-content\/uploads\/2023\/11\/Wien_-_Museum_Judenplatz_2.jpg\" \/>\n\t<meta property=\"og:image:width\" content=\"1920\" \/>\n\t<meta property=\"og:image:height\" content=\"1094\" \/>\n\t<meta property=\"og:image:type\" content=\"image\/jpeg\" \/>\n<meta name=\"author\" content=\"Pressenza Wien\" \/>\n<meta name=\"twitter:card\" content=\"summary_large_image\" \/>\n<meta name=\"twitter:creator\" content=\"@pressenza_ger\" \/>\n<meta name=\"twitter:site\" content=\"@PressenzaIPA\" \/>\n<meta name=\"twitter:label1\" content=\"Verfasst von\" \/>\n\t<meta name=\"twitter:data1\" content=\"Pressenza Wien\" \/>\n\t<meta name=\"twitter:label2\" content=\"Gesch\u00e4tzte Lesezeit\" \/>\n\t<meta name=\"twitter:data2\" content=\"3\u00a0Minuten\" \/>\n<script type=\"application\/ld+json\" class=\"yoast-schema-graph\">{\"@context\":\"https:\/\/schema.org\",\"@graph\":[{\"@type\":\"Article\",\"@id\":\"https:\/\/www.pressenza.com\/de\/2023\/11\/ausstellung-frieden-im-juedischen-museum-wien\/#article\",\"isPartOf\":{\"@id\":\"https:\/\/www.pressenza.com\/de\/2023\/11\/ausstellung-frieden-im-juedischen-museum-wien\/\"},\"author\":{\"name\":\"Pressenza Wien\",\"@id\":\"https:\/\/www.pressenza.com\/de\/#\/schema\/person\/3df859e5bf9b19ab936f666e0177e38b\"},\"headline\":\"Ausstellung &#8222;Frieden&#8220; im J\u00fcdischen Museum Wien\",\"datePublished\":\"2023-11-08T06:24:40+00:00\",\"mainEntityOfPage\":{\"@id\":\"https:\/\/www.pressenza.com\/de\/2023\/11\/ausstellung-frieden-im-juedischen-museum-wien\/\"},\"wordCount\":393,\"publisher\":{\"@id\":\"https:\/\/www.pressenza.com\/de\/#organization\"},\"image\":{\"@id\":\"https:\/\/www.pressenza.com\/de\/2023\/11\/ausstellung-frieden-im-juedischen-museum-wien\/#primaryimage\"},\"thumbnailUrl\":\"https:\/\/www.pressenza.com\/wp-content\/uploads\/2023\/11\/Wien_-_Museum_Judenplatz_2.jpg\",\"keywords\":[\"Ausstellung\",\"Frieden\",\"Kommunikation\",\"Kunst\"],\"articleSection\":[\"Frieden und Abr\u00fcstung\",\"Kultur und Medien\",\"Pressemitteilungen\"],\"inLanguage\":\"de\"},{\"@type\":\"WebPage\",\"@id\":\"https:\/\/www.pressenza.com\/de\/2023\/11\/ausstellung-frieden-im-juedischen-museum-wien\/\",\"url\":\"https:\/\/www.pressenza.com\/de\/2023\/11\/ausstellung-frieden-im-juedischen-museum-wien\/\",\"name\":\"Ausstellung \\\"Frieden\\\" im J\u00fcdischen Museum Wien\",\"isPartOf\":{\"@id\":\"https:\/\/www.pressenza.com\/de\/#website\"},\"primaryImageOfPage\":{\"@id\":\"https:\/\/www.pressenza.com\/de\/2023\/11\/ausstellung-frieden-im-juedischen-museum-wien\/#primaryimage\"},\"image\":{\"@id\":\"https:\/\/www.pressenza.com\/de\/2023\/11\/ausstellung-frieden-im-juedischen-museum-wien\/#primaryimage\"},\"thumbnailUrl\":\"https:\/\/www.pressenza.com\/wp-content\/uploads\/2023\/11\/Wien_-_Museum_Judenplatz_2.jpg\",\"datePublished\":\"2023-11-08T06:24:40+00:00\",\"description\":\"Das J\u00fcdische Museum Wien er\u00f6ffnete am 6.11.2023 im Museum Judenplatz die neue Ausstellung \u201eFrieden\u201c. Die Ausstellung r\u00fcckt in einer Zeit, in der in Israel\",\"breadcrumb\":{\"@id\":\"https:\/\/www.pressenza.com\/de\/2023\/11\/ausstellung-frieden-im-juedischen-museum-wien\/#breadcrumb\"},\"inLanguage\":\"de\",\"potentialAction\":[{\"@type\":\"ReadAction\",\"target\":[\"https:\/\/www.pressenza.com\/de\/2023\/11\/ausstellung-frieden-im-juedischen-museum-wien\/\"]}]},{\"@type\":\"ImageObject\",\"inLanguage\":\"de\",\"@id\":\"https:\/\/www.pressenza.com\/de\/2023\/11\/ausstellung-frieden-im-juedischen-museum-wien\/#primaryimage\",\"url\":\"https:\/\/www.pressenza.com\/wp-content\/uploads\/2023\/11\/Wien_-_Museum_Judenplatz_2.jpg\",\"contentUrl\":\"https:\/\/www.pressenza.com\/wp-content\/uploads\/2023\/11\/Wien_-_Museum_Judenplatz_2.jpg\",\"width\":1920,\"height\":1094},{\"@type\":\"BreadcrumbList\",\"@id\":\"https:\/\/www.pressenza.com\/de\/2023\/11\/ausstellung-frieden-im-juedischen-museum-wien\/#breadcrumb\",\"itemListElement\":[{\"@type\":\"ListItem\",\"position\":1,\"name\":\"Accueil\",\"item\":\"https:\/\/www.pressenza.com\/de\/\"},{\"@type\":\"ListItem\",\"position\":2,\"name\":\"Ausstellung &#8222;Frieden&#8220; im J\u00fcdischen Museum Wien\"}]},{\"@type\":\"WebSite\",\"@id\":\"https:\/\/www.pressenza.com\/de\/#website\",\"url\":\"https:\/\/www.pressenza.com\/de\/\",\"name\":\"Pressenza\",\"description\":\"International Press Agency\",\"publisher\":{\"@id\":\"https:\/\/www.pressenza.com\/de\/#organization\"},\"potentialAction\":[{\"@type\":\"SearchAction\",\"target\":{\"@type\":\"EntryPoint\",\"urlTemplate\":\"https:\/\/www.pressenza.com\/de\/?s={search_term_string}\"},\"query-input\":{\"@type\":\"PropertyValueSpecification\",\"valueRequired\":true,\"valueName\":\"search_term_string\"}}],\"inLanguage\":\"de\"},{\"@type\":\"Organization\",\"@id\":\"https:\/\/www.pressenza.com\/de\/#organization\",\"name\":\"Pressenza\",\"url\":\"https:\/\/www.pressenza.com\/de\/\",\"logo\":{\"@type\":\"ImageObject\",\"inLanguage\":\"de\",\"@id\":\"https:\/\/www.pressenza.com\/de\/#\/schema\/logo\/image\/\",\"url\":\"https:\/\/www.pressenza.com\/wp-content\/uploads\/2022\/10\/pressenza_logo_200x200.jpg\",\"contentUrl\":\"https:\/\/www.pressenza.com\/wp-content\/uploads\/2022\/10\/pressenza_logo_200x200.jpg\",\"width\":200,\"height\":200,\"caption\":\"Pressenza\"},\"image\":{\"@id\":\"https:\/\/www.pressenza.com\/de\/#\/schema\/logo\/image\/\"},\"sameAs\":[\"https:\/\/www.facebook.com\/PressenzaItalia\",\"https:\/\/x.com\/PressenzaIPA\"]},{\"@type\":\"Person\",\"@id\":\"https:\/\/www.pressenza.com\/de\/#\/schema\/person\/3df859e5bf9b19ab936f666e0177e38b\",\"name\":\"Pressenza Wien\",\"description\":\"News from the Pressenza Bureau in Vienna, Austria\",\"sameAs\":[\"https:\/\/x.com\/pressenza_ger\"],\"url\":\"https:\/\/www.pressenza.com\/de\/author\/pressenza-wien\/\"}]}<\/script>\n<!-- \/ Yoast SEO plugin. -->","yoast_head_json":{"title":"Ausstellung \"Frieden\" im J\u00fcdischen Museum Wien","description":"Das J\u00fcdische Museum Wien er\u00f6ffnete am 6.11.2023 im Museum Judenplatz die neue Ausstellung \u201eFrieden\u201c. Die Ausstellung r\u00fcckt in einer Zeit, in der in Israel","robots":{"index":"index","follow":"follow","max-snippet":"max-snippet:-1","max-image-preview":"max-image-preview:large","max-video-preview":"max-video-preview:-1"},"canonical":"https:\/\/www.pressenza.com\/de\/2023\/11\/ausstellung-frieden-im-juedischen-museum-wien\/","og_locale":"de_DE","og_type":"article","og_title":"Ausstellung \"Frieden\" im J\u00fcdischen Museum Wien","og_description":"Das J\u00fcdische Museum Wien er\u00f6ffnete am 6.11.2023 im Museum Judenplatz die neue Ausstellung \u201eFrieden\u201c. Die Ausstellung r\u00fcckt in einer Zeit, in der in Israel","og_url":"https:\/\/www.pressenza.com\/de\/2023\/11\/ausstellung-frieden-im-juedischen-museum-wien\/","og_site_name":"Pressenza","article_publisher":"https:\/\/www.facebook.com\/PressenzaItalia","article_published_time":"2023-11-08T06:24:40+00:00","og_image":[{"width":1920,"height":1094,"url":"https:\/\/www.pressenza.com\/wp-content\/uploads\/2023\/11\/Wien_-_Museum_Judenplatz_2.jpg","type":"image\/jpeg"}],"author":"Pressenza Wien","twitter_card":"summary_large_image","twitter_creator":"@pressenza_ger","twitter_site":"@PressenzaIPA","twitter_misc":{"Verfasst von":"Pressenza Wien","Gesch\u00e4tzte Lesezeit":"3\u00a0Minuten"},"schema":{"@context":"https:\/\/schema.org","@graph":[{"@type":"Article","@id":"https:\/\/www.pressenza.com\/de\/2023\/11\/ausstellung-frieden-im-juedischen-museum-wien\/#article","isPartOf":{"@id":"https:\/\/www.pressenza.com\/de\/2023\/11\/ausstellung-frieden-im-juedischen-museum-wien\/"},"author":{"name":"Pressenza Wien","@id":"https:\/\/www.pressenza.com\/de\/#\/schema\/person\/3df859e5bf9b19ab936f666e0177e38b"},"headline":"Ausstellung &#8222;Frieden&#8220; im J\u00fcdischen Museum Wien","datePublished":"2023-11-08T06:24:40+00:00","mainEntityOfPage":{"@id":"https:\/\/www.pressenza.com\/de\/2023\/11\/ausstellung-frieden-im-juedischen-museum-wien\/"},"wordCount":393,"publisher":{"@id":"https:\/\/www.pressenza.com\/de\/#organization"},"image":{"@id":"https:\/\/www.pressenza.com\/de\/2023\/11\/ausstellung-frieden-im-juedischen-museum-wien\/#primaryimage"},"thumbnailUrl":"https:\/\/www.pressenza.com\/wp-content\/uploads\/2023\/11\/Wien_-_Museum_Judenplatz_2.jpg","keywords":["Ausstellung","Frieden","Kommunikation","Kunst"],"articleSection":["Frieden und Abr\u00fcstung","Kultur und Medien","Pressemitteilungen"],"inLanguage":"de"},{"@type":"WebPage","@id":"https:\/\/www.pressenza.com\/de\/2023\/11\/ausstellung-frieden-im-juedischen-museum-wien\/","url":"https:\/\/www.pressenza.com\/de\/2023\/11\/ausstellung-frieden-im-juedischen-museum-wien\/","name":"Ausstellung \"Frieden\" im J\u00fcdischen Museum Wien","isPartOf":{"@id":"https:\/\/www.pressenza.com\/de\/#website"},"primaryImageOfPage":{"@id":"https:\/\/www.pressenza.com\/de\/2023\/11\/ausstellung-frieden-im-juedischen-museum-wien\/#primaryimage"},"image":{"@id":"https:\/\/www.pressenza.com\/de\/2023\/11\/ausstellung-frieden-im-juedischen-museum-wien\/#primaryimage"},"thumbnailUrl":"https:\/\/www.pressenza.com\/wp-content\/uploads\/2023\/11\/Wien_-_Museum_Judenplatz_2.jpg","datePublished":"2023-11-08T06:24:40+00:00","description":"Das J\u00fcdische Museum Wien er\u00f6ffnete am 6.11.2023 im Museum Judenplatz die neue Ausstellung \u201eFrieden\u201c. Die Ausstellung r\u00fcckt in einer Zeit, in der in Israel","breadcrumb":{"@id":"https:\/\/www.pressenza.com\/de\/2023\/11\/ausstellung-frieden-im-juedischen-museum-wien\/#breadcrumb"},"inLanguage":"de","potentialAction":[{"@type":"ReadAction","target":["https:\/\/www.pressenza.com\/de\/2023\/11\/ausstellung-frieden-im-juedischen-museum-wien\/"]}]},{"@type":"ImageObject","inLanguage":"de","@id":"https:\/\/www.pressenza.com\/de\/2023\/11\/ausstellung-frieden-im-juedischen-museum-wien\/#primaryimage","url":"https:\/\/www.pressenza.com\/wp-content\/uploads\/2023\/11\/Wien_-_Museum_Judenplatz_2.jpg","contentUrl":"https:\/\/www.pressenza.com\/wp-content\/uploads\/2023\/11\/Wien_-_Museum_Judenplatz_2.jpg","width":1920,"height":1094},{"@type":"BreadcrumbList","@id":"https:\/\/www.pressenza.com\/de\/2023\/11\/ausstellung-frieden-im-juedischen-museum-wien\/#breadcrumb","itemListElement":[{"@type":"ListItem","position":1,"name":"Accueil","item":"https:\/\/www.pressenza.com\/de\/"},{"@type":"ListItem","position":2,"name":"Ausstellung &#8222;Frieden&#8220; im J\u00fcdischen Museum Wien"}]},{"@type":"WebSite","@id":"https:\/\/www.pressenza.com\/de\/#website","url":"https:\/\/www.pressenza.com\/de\/","name":"Pressenza","description":"International Press Agency","publisher":{"@id":"https:\/\/www.pressenza.com\/de\/#organization"},"potentialAction":[{"@type":"SearchAction","target":{"@type":"EntryPoint","urlTemplate":"https:\/\/www.pressenza.com\/de\/?s={search_term_string}"},"query-input":{"@type":"PropertyValueSpecification","valueRequired":true,"valueName":"search_term_string"}}],"inLanguage":"de"},{"@type":"Organization","@id":"https:\/\/www.pressenza.com\/de\/#organization","name":"Pressenza","url":"https:\/\/www.pressenza.com\/de\/","logo":{"@type":"ImageObject","inLanguage":"de","@id":"https:\/\/www.pressenza.com\/de\/#\/schema\/logo\/image\/","url":"https:\/\/www.pressenza.com\/wp-content\/uploads\/2022\/10\/pressenza_logo_200x200.jpg","contentUrl":"https:\/\/www.pressenza.com\/wp-content\/uploads\/2022\/10\/pressenza_logo_200x200.jpg","width":200,"height":200,"caption":"Pressenza"},"image":{"@id":"https:\/\/www.pressenza.com\/de\/#\/schema\/logo\/image\/"},"sameAs":["https:\/\/www.facebook.com\/PressenzaItalia","https:\/\/x.com\/PressenzaIPA"]},{"@type":"Person","@id":"https:\/\/www.pressenza.com\/de\/#\/schema\/person\/3df859e5bf9b19ab936f666e0177e38b","name":"Pressenza Wien","description":"News from the Pressenza Bureau in Vienna, Austria","sameAs":["https:\/\/x.com\/pressenza_ger"],"url":"https:\/\/www.pressenza.com\/de\/author\/pressenza-wien\/"}]}},"place":"","original_article_url":"https:\/\/www.ots.at\/presseaussendung\/OTS_20231107_OTS0059\/juedisches-museum-wien-eroeffnet-frieden","_links":{"self":[{"href":"https:\/\/www.pressenza.com\/de\/wp-json\/wp\/v2\/posts\/1779875","targetHints":{"allow":["GET"]}}],"collection":[{"href":"https:\/\/www.pressenza.com\/de\/wp-json\/wp\/v2\/posts"}],"about":[{"href":"https:\/\/www.pressenza.com\/de\/wp-json\/wp\/v2\/types\/post"}],"author":[{"embeddable":true,"href":"https:\/\/www.pressenza.com\/de\/wp-json\/wp\/v2\/users\/1096"}],"replies":[{"embeddable":true,"href":"https:\/\/www.pressenza.com\/de\/wp-json\/wp\/v2\/comments?post=1779875"}],"version-history":[{"count":0,"href":"https:\/\/www.pressenza.com\/de\/wp-json\/wp\/v2\/posts\/1779875\/revisions"}],"wp:featuredmedia":[{"embeddable":true,"href":"https:\/\/www.pressenza.com\/de\/wp-json\/wp\/v2\/media\/1779878"}],"wp:attachment":[{"href":"https:\/\/www.pressenza.com\/de\/wp-json\/wp\/v2\/media?parent=1779875"}],"wp:term":[{"taxonomy":"category","embeddable":true,"href":"https:\/\/www.pressenza.com\/de\/wp-json\/wp\/v2\/categories?post=1779875"},{"taxonomy":"post_tag","embeddable":true,"href":"https:\/\/www.pressenza.com\/de\/wp-json\/wp\/v2\/tags?post=1779875"}],"curies":[{"name":"wp","href":"https:\/\/api.w.org\/{rel}","templated":true}]}}