{"id":1778002,"date":"2023-10-31T07:57:06","date_gmt":"2023-10-31T07:57:06","guid":{"rendered":"https:\/\/www.pressenza.com\/?p=1778002"},"modified":"2024-01-05T09:07:15","modified_gmt":"2024-01-05T09:07:15","slug":"gender-pay-gap-ist-kein-halloween-gespenst-gleichstellung-noch-lichtjahre-entfernt","status":"publish","type":"post","link":"https:\/\/www.pressenza.com\/de\/2023\/10\/gender-pay-gap-ist-kein-halloween-gespenst-gleichstellung-noch-lichtjahre-entfernt\/","title":{"rendered":"Gender Pay Gap ist kein Halloween-Gespenst \u2013 Gleichstellung noch Lichtjahre entfernt!"},"content":{"rendered":"<p>Das diesj\u00e4hrige Halloween 2024 ist besonders gruselig \u2013 denn heuer f\u00e4llt der \u00f6sterreichweite Equal Pay Day (EPD) auf den 31. Oktober. Dieser Aktionstag, der kritisch auf die Einkommenskluft zwischen M\u00e4nnern und Frauen hinweist, markiert den Tag, ab dem rein statistisch betrachtet Frauen f\u00fcr das restliche Jahr \u201egratis\u201c arbeiten. Bundesweit verdienen Frauen trotz Vollzeit durchschnittlich rund 9.550 Euro weniger als M\u00e4nner, was einem Einkommensnachteil von 16,9 Prozent entspricht.<\/p>\n<p><em>von Veronika Adensamer, Katharina Mader und Viktoria Reisinger f\u00fcr A&amp;W blog<\/em><\/p>\n<p class=\"wp-block-heading\"><strong>Kein Entgelt mehr f\u00fcr Frauen in \u00d6sterreich ab dem 31. Oktober<\/strong><\/p>\n<p>Den EPD-Berechnungen liegt die j\u00fcngst verf\u00fcgbare Lohnsteuerstatistik von Statistik Austria zugrunde, die sich auf 2021 bezieht. Daher wird der EPD 2023 auf Basis der Einkommensdaten des Jahres 2021 berechnet. Betrachtet werden lediglich die ganzj\u00e4hrig vollzeitbesch\u00e4ftigten Arbeitnehmer:innen \u2013 Effekte von arbeitszeitbedingten Einkommensunterschieden (Vollzeit- versus Teilzeitbesch\u00e4ftigung) fallen somit heraus!<\/p>\n<p>Der\u00a0<a href=\"https:\/\/awblog.at\/gender-pay-gap-2\/\" target=\"_blank\" rel=\"noreferrer noopener\">EPD 2022<\/a>\u00a0war \u00fcbrigens einen Tag fr\u00fcher, am 30. Oktober. Jener des Jahres 2021 war bereits am 25. Oktober. Der Sprung von f\u00fcnf Tagen des EPD 2021 auf 2022 ist durch statistische Kriseneffekte zu erkl\u00e4ren, da vor allem h\u00f6here M\u00e4nnereinkommen im Krisenjahr 2020 (\u201eLockdown-Jahr\u201c) aufgrund von Kurzarbeit und dem Wegfallen der \u00dcberstundenentgelte niedriger ausgefallen sind. Dass sich der EPD 2023 nur geringf\u00fcgig verbessert hat (62 Tage \u201eunbezahlt\u201c anstelle von 63) \u2013 liegt daran, dass sich im Jahr 2021, auf das sich die Berechnung des EPD 2023 bezieht, der Arbeitsmarkt wieder weitgehend \u201enormalisiert\u201c hat.<\/p>\n<p class=\"wp-block-heading\"><strong>Unterschiedliche \u201ePay Gaps\u201c in \u00d6sterreich<\/strong><\/p>\n<p>Innerhalb der Bundesl\u00e4nder fallen die \u201eEqual Pay Days\u201c h\u00f6chst unterschiedlich aus, sodass Vorarlbergerinnen mit einem Einkommensnachteil von knapp einem Viertel rund 90 Tage \u201eunbezahlt\u201c arbeiten und der EPD in Vorarlberg bereits auf den 3. Oktober f\u00e4llt. Gefolgt von den Bundesl\u00e4ndern Ober\u00f6sterreich (-21,1 Prozent) und Tirol (-20,3 Prozent) mit jeweils \u00fcber einem F\u00fcnftel Einkommensnachteil und 78 bzw. 74 \u201eunbezahlten\u201c Tagen. In Wien ist der Einkommensnachteil am geringsten. Die Wienerinnen verdienen um \u201enur\u201c 11 Prozent weniger als Wiener und arbeiten rund 41 Tage \u201egratis\u201c.<\/p>\n<p><img loading=\"lazy\" decoding=\"async\" class=\"alignnone wp-image-1778003 size-full\" src=\"https:\/\/www.pressenza.com\/wp-content\/uploads\/2023\/10\/awblog-231031_gender-pay-gap-1-1024x720-1.png\" alt=\"\" width=\"1024\" height=\"720\" srcset=\"https:\/\/www.pressenza.com\/wp-content\/uploads\/2023\/10\/awblog-231031_gender-pay-gap-1-1024x720-1.png 1024w, https:\/\/www.pressenza.com\/wp-content\/uploads\/2023\/10\/awblog-231031_gender-pay-gap-1-1024x720-1-300x211.png 300w, https:\/\/www.pressenza.com\/wp-content\/uploads\/2023\/10\/awblog-231031_gender-pay-gap-1-1024x720-1-820x577.png 820w\" sizes=\"auto, (max-width: 1024px) 100vw, 1024px\" \/><\/p>\n<p class=\"wp-block-heading\"><strong>Wenn Teilzeit einberechnet wird<\/strong><\/p>\n<p>Teilzeitbesch\u00e4ftigung ist noch immer gr\u00f6\u00dftenteils weiblich: 2022 war jede zweite Frau teilzeitbesch\u00e4ftigt, drei Viertel waren es unter allen erwerbst\u00e4tigen M\u00fcttern mit Kindern unter 15 Jahren. Insofern untersch\u00e4tzt der Equal Pay Day den Gender Pay Gap eigentlich \u2013 die umfassend betrachtete, geschlechtsspezifische Einkommensl\u00fccke liegt bei satten 34\u00a0Prozent, wenn Teilzeitbesch\u00e4ftigte und auch nicht ganzj\u00e4hrig Besch\u00e4ftigte inkludiert werden. Somit w\u00fcrde der Equal Pay Day viel fr\u00fcher ausgerufen werden. Und: Wenn \u00d6sterreich im bisherigen Tempo weitermacht, gegen die finanzielle Ungleichheit zwischen Frauen und M\u00e4nnern anzuk\u00e4mpfen, dann werden selbst unsere\u00a0<a href=\"https:\/\/www.momentum-institut.at\/news\/equal-pay-day-2022\" target=\"_blank\" rel=\"noreferrer noopener\">Ur-ur-ur-Enkelinnen im Jahr 2362<\/a>\u00a0noch nicht gleichgestellt und bezahlt sein.<\/p>\n<p class=\"wp-block-heading\"><strong>Frauendominierte Branchen sind schlechter bezahlt<\/strong><\/p>\n<p>Ein nicht unwesentlicher Teil des Einkommensunterschiedes ist darauf zur\u00fcckzuf\u00fchren, dass Frauen verst\u00e4rkt in Branchen arbeiten, in denen weniger bezahlt wird. Ein Blick in die Lohnsteuerstatistik 2021 best\u00e4tigt dies. Vergleicht man die durchschnittlichen Jahresbruttoeinkommen ganzj\u00e4hrig Vollzeitbesch\u00e4ftigter der einzelnen Branchen mit dem gesamten durchschnittlichen, branchen\u00fcbergreifenden Jahresbruttoeinkommen, so zeigt sich, dass in der am besten bezahlten Branche \u201eErbringung von Finanz- und Versicherungsdienstleistungen\u201c das Einkommen um 47 Prozent \u00fcber dem Durchschnitt liegt. Der Frauenanteil liegt in dieser Branche bei nur 38 Prozent. Die Branche mit dem h\u00f6chsten Frauenanteil ist das Gesundheits- und Sozialwesen mit fast 66 Prozent weiblichen Besch\u00e4ftigten. Sie verdienen aber um 5 Prozent weniger als der Schnitt.<\/p>\n<p>Tendenziell zeigt sich eine negative Korrelation zwischen Frauenquote und Bezahlung in einer Branche. Zum Beispiel hat die \u201eErbringung von freiberuflichen, wissenschaftlichen und technischen Dienstleistungen\u201c eine unterdurchschnittliche Frauenquote von nur 43 Prozent, aber eine Bezahlung von 24 Prozent \u00fcber dem Durchschnitt. Eine Ebene tiefer bietet sich ein differenziertes Bild: Die Steuerberater:innen und Wirtschaftspr\u00fcfer:innen sind zu 72 Prozent Frauen. Sie verdienen in der gesamten Branche am wenigsten: um 18,4 Prozent weniger als der Durchschnitt der freiberuflichen, wissenschaftlichen und technischen Dienstleister:innen. Sie sind somit die am schlechtesten bezahlte Gruppe dieser Branche.<\/p>\n<p><img loading=\"lazy\" decoding=\"async\" class=\"alignnone wp-image-1778004 size-full\" src=\"https:\/\/www.pressenza.com\/wp-content\/uploads\/2023\/10\/awblog-231031_gender-pay-gap-2-1024x720-1.png\" alt=\"\" width=\"1024\" height=\"720\" srcset=\"https:\/\/www.pressenza.com\/wp-content\/uploads\/2023\/10\/awblog-231031_gender-pay-gap-2-1024x720-1.png 1024w, https:\/\/www.pressenza.com\/wp-content\/uploads\/2023\/10\/awblog-231031_gender-pay-gap-2-1024x720-1-300x211.png 300w, https:\/\/www.pressenza.com\/wp-content\/uploads\/2023\/10\/awblog-231031_gender-pay-gap-2-1024x720-1-820x577.png 820w\" sizes=\"auto, (max-width: 1024px) 100vw, 1024px\" \/><\/p>\n<p>Ein \u00e4hnliches Bild bietet sich im Handel. Der gesamte Handel hat eine Frauenquote von 36,5 Prozent und eine Bezahlung von 11 Prozent unter dem Durchschnitt. Der frauendominierte Einzelhandel (Frauenquote 55 Prozent) mit seiner Bezahlung von 19 Prozent unter dem durchschnittlichen Einkommen der gesamten Handelsbranche ist die am schlechtesten bezahlte Sparte. W\u00e4hrend die Bezahlung im Gro\u00dfhandel mit einer Frauenquote von nur 28 Prozent deutlich \u00fcber dem Gesamthandelsdurchschnitt \u2013 n\u00e4mlich 21 Prozent h\u00f6her \u2013 liegt.<\/p>\n<p><img loading=\"lazy\" decoding=\"async\" class=\"alignnone wp-image-1778005 size-full\" src=\"https:\/\/www.pressenza.com\/wp-content\/uploads\/2023\/10\/awblog-231031_gender-pay-gap-3-1024x720-1.png\" alt=\"\" width=\"1024\" height=\"720\" srcset=\"https:\/\/www.pressenza.com\/wp-content\/uploads\/2023\/10\/awblog-231031_gender-pay-gap-3-1024x720-1.png 1024w, https:\/\/www.pressenza.com\/wp-content\/uploads\/2023\/10\/awblog-231031_gender-pay-gap-3-1024x720-1-300x211.png 300w, https:\/\/www.pressenza.com\/wp-content\/uploads\/2023\/10\/awblog-231031_gender-pay-gap-3-1024x720-1-820x577.png 820w\" sizes=\"auto, (max-width: 1024px) 100vw, 1024px\" \/><\/p>\n<p class=\"wp-block-heading\"><strong>Der \u201eunerkl\u00e4rbare Teil\u201c<\/strong><\/p>\n<p>W\u00e4hrend es also durchaus\u00a0<a href=\"https:\/\/awblog.at\/equal-pay-day-2020\/\" target=\"_blank\" rel=\"noreferrer noopener\">\u201eerkl\u00e4rbare\u201c Faktoren<\/a>\u00a0gibt, die dem Einkommensnachteil von Frauen zugrunde liegen \u2013 und hier ist wichtig zu betonen, dass erkl\u00e4rbar nicht gleichbedeutend ist mit gerechtfertigt \u2013, bleibt nach der Bereinigung dieser Faktoren (Branche, Dauer der Unternehmenszugeh\u00f6rigkeit, Arbeitszeitausma\u00df, Alter, Qualifikation etc.) ein Teil \u00fcber, der \u201eunerkl\u00e4rbar\u201c ist. Das hei\u00dft, dass hier weitere Faktoren, die nicht beobachtbar oder\/und quantifizierbar sind, f\u00fcr den Einkommensunterschied verantwortlich sind. Der\u00a0<a href=\"https:\/\/www.statistik.at\/fileadmin\/pages\/362\/VSE2018_GPG_06_2021_126258.pdf\" target=\"_blank\" rel=\"noreferrer noopener\">\u201enicht erkl\u00e4rbare\u201c Einkommensnachteil<\/a>\u00a0von Frauen macht mehr als zwei Drittel des gesamten Einkommensnachteiles aus (2018: 68,4 Prozent). Diese nicht beobachtbaren Faktoren lassen sich mit hoher Sicherheit auf das Geschlecht bzw. auf die Diskriminierung von Frauen beim Einkommen zur\u00fcckf\u00fchren. W\u00e4hrend rechtlich eine Diskriminierung aufgrund des Geschlechtes beim Entgelt gem\u00e4\u00df\u00a0<a href=\"https:\/\/www.ris.bka.gv.at\/GeltendeFassung.wxe?Abfrage=Bundesnormen&amp;Gesetzesnummer=20003395\" target=\"_blank\" rel=\"noreferrer noopener\">Gleichbehandlungsgesetz<\/a>\u00a0(GlBG) klar verboten ist, erm\u00f6glicht eine Kultur des Schweigens nach dem Grundsatz \u201e\u00dcber Geld redet man nicht\u201c das Vertuschen ungleicher Bezahlung weitgehend. Die kommende\u00a0<a href=\"https:\/\/awblog.at\/die-neue-pay-transparency-richtlinie-der-eu\/\" target=\"_blank\" rel=\"noreferrer noopener\">EU-Transparenzrichtlinie<\/a>\u00a0verspricht, dass es k\u00fcnftig mehr Transparenz geben und bei den\u00a0<a href=\"https:\/\/awblog.at\/einkommenstransparenz-in-oesterreich\/\" target=\"_blank\" rel=\"noreferrer noopener\">Einkommensberichten<\/a>, wie sie in \u00d6sterreich bereits seit 2014 von gro\u00dfen Unternehmen zu erbringen sind, nachgesch\u00e4rft werden muss.<\/p>\n<p class=\"wp-block-heading\"><strong>Tag der Entgeltgleichheit sollte der 31. Dezember sein!<\/strong><\/p>\n<p>Was braucht es also, um die Einkommensschere zwischen Frauen und M\u00e4nnern schnell zu schlie\u00dfen?<\/p>\n<ul>\n<li>Einkommenstransparenz durch eine schnelle und effektive Umsetzung der EU-Lohntransparenzrichtlinie<\/li>\n<li>Ausbau der Kinderbetreuung, Kinderbildung und Pflegeangebote \u2013 fl\u00e4chendeckend verf\u00fcgbar, leistbar und auf die Bed\u00fcrfnisse und Bedarfe der unterst\u00fctzten Menschen abgestimmt<\/li>\n<li>Eine \u201ekurze Vollzeit f\u00fcr alle\u201c durch moderne Formen der Arbeitszeitverk\u00fcrzung, wie das Recht auf regelm\u00e4\u00dfige 4-Tage-Woche (mit verk\u00fcrzter Wochenarbeitszeit), kann die Angleichung der Arbeitszeiten zwischen den Geschlechtern erleichtern.<\/li>\n<li>Datenqualit\u00e4t und -erfassung verbessern, denn es braucht insgesamt bessere und schnellere Daten, etwa sollte die Verdienststrukturerhebung in k\u00fcrzeren Abst\u00e4nden erhoben werden. Diese wird bisher nur alle vier Jahre erhoben. Jedenfalls braucht es aber umfassende Einkommensdaten auf Stundenbasis sowie eine systematische Erhebung der Arbeitszeit, um valide Aussagen \u00fcber die Effekte von Voll- und Teilzeit ausarbeiten zu k\u00f6nnen.<\/li>\n<li>Neue und faire, der gesellschaftlichen Bedeutung angemessene Bewertung von Arbeit.<\/li>\n<\/ul>\n<p>&nbsp;<\/p>\n<p><em>Creative-Commons-Lizenz CC BY-SA 4.0<\/em><\/p>\n<p><em>Dieser Textbeitrag von A&amp;W blog ist unter einer Creative-Commons-Lizenz vom Typ\u00a0 Namensnennung &#8211; Weitergabe unter gleichen Bedingungen 4.0 International zug\u00e4nglich.\u00a0<\/em><\/p>\n<p>&nbsp;<\/p>\n","protected":false},"excerpt":{"rendered":"<p>Das diesj\u00e4hrige Halloween 2024 ist besonders gruselig \u2013 denn heuer f\u00e4llt der \u00f6sterreichweite Equal Pay Day (EPD) auf den 31. Oktober. Dieser Aktionstag, der kritisch auf die Einkommenskluft zwischen M\u00e4nnern und Frauen hinweist, markiert den Tag, ab dem rein statistisch&hellip;<\/p>\n","protected":false},"author":1096,"featured_media":1778007,"comment_status":"closed","ping_status":"closed","sticky":false,"template":"","format":"standard","meta":{"footnotes":""},"categories":[54510,9168,9158],"tags":[117438,56531,20376,9353],"class_list":["post-1778002","post","type-post","status-publish","format-standard","has-post-thumbnail","hentry","category-gender-und-feminismen","category-politik","category-wirtschaft","tag-equal-pay-day","tag-gender-pay-gap","tag-gleichberechtigung","tag-gleichstellung"],"yoast_head":"<!-- This site is optimized with the Yoast SEO plugin v27.1.1 - https:\/\/yoast.com\/product\/yoast-seo-wordpress\/ -->\n<title>Gender Pay Gap ist kein Halloween-Gespenst \u2013 Gleichstellung noch Lichtjahre entfernt!<\/title>\n<meta name=\"description\" content=\"Das diesj\u00e4hrige Halloween 2024 ist besonders gruselig \u2013 denn heuer f\u00e4llt der \u00f6sterreichweite Equal Pay Day (EPD) auf den 31. Oktober. Dieser Aktionstag,\" \/>\n<meta name=\"robots\" content=\"index, follow, max-snippet:-1, max-image-preview:large, max-video-preview:-1\" \/>\n<link rel=\"canonical\" href=\"https:\/\/www.pressenza.com\/de\/2023\/10\/gender-pay-gap-ist-kein-halloween-gespenst-gleichstellung-noch-lichtjahre-entfernt\/\" \/>\n<meta property=\"og:locale\" content=\"de_DE\" \/>\n<meta property=\"og:type\" content=\"article\" \/>\n<meta property=\"og:title\" content=\"Gender Pay Gap ist kein Halloween-Gespenst \u2013 Gleichstellung noch Lichtjahre entfernt!\" \/>\n<meta property=\"og:description\" content=\"Das diesj\u00e4hrige Halloween 2024 ist besonders gruselig \u2013 denn heuer f\u00e4llt der \u00f6sterreichweite Equal Pay Day (EPD) auf den 31. Oktober. Dieser Aktionstag,\" \/>\n<meta property=\"og:url\" content=\"https:\/\/www.pressenza.com\/de\/2023\/10\/gender-pay-gap-ist-kein-halloween-gespenst-gleichstellung-noch-lichtjahre-entfernt\/\" \/>\n<meta property=\"og:site_name\" content=\"Pressenza\" \/>\n<meta property=\"article:publisher\" content=\"https:\/\/www.facebook.com\/PressenzaItalia\" \/>\n<meta property=\"article:published_time\" content=\"2023-10-31T07:57:06+00:00\" \/>\n<meta property=\"article:modified_time\" content=\"2024-01-05T09:07:15+00:00\" \/>\n<meta property=\"og:image\" content=\"https:\/\/www.pressenza.com\/wp-content\/uploads\/2023\/10\/2014-03-21_Equal_Pay_Day_Silvesterparty_Hannover_009_Franziska_Schroeter_Birgit_Vahldiek_Gisela_Kurtz_Christina_Runge_Petra_Ziegler_Ursula_Salzburger_Petra_Mundt_Naciye_Celebi-Bektas.jpg\" \/>\n\t<meta property=\"og:image:width\" content=\"1920\" \/>\n\t<meta property=\"og:image:height\" content=\"1241\" \/>\n\t<meta property=\"og:image:type\" content=\"image\/jpeg\" \/>\n<meta name=\"author\" content=\"Pressenza Wien\" \/>\n<meta name=\"twitter:card\" content=\"summary_large_image\" \/>\n<meta name=\"twitter:creator\" content=\"@pressenza_ger\" \/>\n<meta name=\"twitter:site\" content=\"@PressenzaIPA\" \/>\n<meta name=\"twitter:label1\" content=\"Verfasst von\" \/>\n\t<meta name=\"twitter:data1\" content=\"Pressenza Wien\" \/>\n\t<meta name=\"twitter:label2\" content=\"Gesch\u00e4tzte Lesezeit\" \/>\n\t<meta name=\"twitter:data2\" content=\"6\u00a0Minuten\" \/>\n<script type=\"application\/ld+json\" class=\"yoast-schema-graph\">{\"@context\":\"https:\/\/schema.org\",\"@graph\":[{\"@type\":\"Article\",\"@id\":\"https:\/\/www.pressenza.com\/de\/2023\/10\/gender-pay-gap-ist-kein-halloween-gespenst-gleichstellung-noch-lichtjahre-entfernt\/#article\",\"isPartOf\":{\"@id\":\"https:\/\/www.pressenza.com\/de\/2023\/10\/gender-pay-gap-ist-kein-halloween-gespenst-gleichstellung-noch-lichtjahre-entfernt\/\"},\"author\":{\"name\":\"Pressenza Wien\",\"@id\":\"https:\/\/www.pressenza.com\/de\/#\/schema\/person\/3df859e5bf9b19ab936f666e0177e38b\"},\"headline\":\"Gender Pay Gap ist kein Halloween-Gespenst \u2013 Gleichstellung noch Lichtjahre entfernt!\",\"datePublished\":\"2023-10-31T07:57:06+00:00\",\"dateModified\":\"2024-01-05T09:07:15+00:00\",\"mainEntityOfPage\":{\"@id\":\"https:\/\/www.pressenza.com\/de\/2023\/10\/gender-pay-gap-ist-kein-halloween-gespenst-gleichstellung-noch-lichtjahre-entfernt\/\"},\"wordCount\":1072,\"publisher\":{\"@id\":\"https:\/\/www.pressenza.com\/de\/#organization\"},\"image\":{\"@id\":\"https:\/\/www.pressenza.com\/de\/2023\/10\/gender-pay-gap-ist-kein-halloween-gespenst-gleichstellung-noch-lichtjahre-entfernt\/#primaryimage\"},\"thumbnailUrl\":\"https:\/\/www.pressenza.com\/wp-content\/uploads\/2023\/10\/2014-03-21_Equal_Pay_Day_Silvesterparty_Hannover_009_Franziska_Schroeter_Birgit_Vahldiek_Gisela_Kurtz_Christina_Runge_Petra_Ziegler_Ursula_Salzburger_Petra_Mundt_Naciye_Celebi-Bektas.jpg\",\"keywords\":[\"Equal Pay Day\",\"Gender Pay Gap\",\"Gleichberechtigung\",\"Gleichstellung\"],\"articleSection\":[\"Gender und Feminismen\",\"Politik\",\"Wirtschaft\"],\"inLanguage\":\"de\"},{\"@type\":\"WebPage\",\"@id\":\"https:\/\/www.pressenza.com\/de\/2023\/10\/gender-pay-gap-ist-kein-halloween-gespenst-gleichstellung-noch-lichtjahre-entfernt\/\",\"url\":\"https:\/\/www.pressenza.com\/de\/2023\/10\/gender-pay-gap-ist-kein-halloween-gespenst-gleichstellung-noch-lichtjahre-entfernt\/\",\"name\":\"Gender Pay Gap ist kein Halloween-Gespenst \u2013 Gleichstellung noch Lichtjahre entfernt!\",\"isPartOf\":{\"@id\":\"https:\/\/www.pressenza.com\/de\/#website\"},\"primaryImageOfPage\":{\"@id\":\"https:\/\/www.pressenza.com\/de\/2023\/10\/gender-pay-gap-ist-kein-halloween-gespenst-gleichstellung-noch-lichtjahre-entfernt\/#primaryimage\"},\"image\":{\"@id\":\"https:\/\/www.pressenza.com\/de\/2023\/10\/gender-pay-gap-ist-kein-halloween-gespenst-gleichstellung-noch-lichtjahre-entfernt\/#primaryimage\"},\"thumbnailUrl\":\"https:\/\/www.pressenza.com\/wp-content\/uploads\/2023\/10\/2014-03-21_Equal_Pay_Day_Silvesterparty_Hannover_009_Franziska_Schroeter_Birgit_Vahldiek_Gisela_Kurtz_Christina_Runge_Petra_Ziegler_Ursula_Salzburger_Petra_Mundt_Naciye_Celebi-Bektas.jpg\",\"datePublished\":\"2023-10-31T07:57:06+00:00\",\"dateModified\":\"2024-01-05T09:07:15+00:00\",\"description\":\"Das diesj\u00e4hrige Halloween 2024 ist besonders gruselig \u2013 denn heuer f\u00e4llt der \u00f6sterreichweite Equal Pay Day (EPD) auf den 31. Oktober. Dieser Aktionstag,\",\"breadcrumb\":{\"@id\":\"https:\/\/www.pressenza.com\/de\/2023\/10\/gender-pay-gap-ist-kein-halloween-gespenst-gleichstellung-noch-lichtjahre-entfernt\/#breadcrumb\"},\"inLanguage\":\"de\",\"potentialAction\":[{\"@type\":\"ReadAction\",\"target\":[\"https:\/\/www.pressenza.com\/de\/2023\/10\/gender-pay-gap-ist-kein-halloween-gespenst-gleichstellung-noch-lichtjahre-entfernt\/\"]}]},{\"@type\":\"ImageObject\",\"inLanguage\":\"de\",\"@id\":\"https:\/\/www.pressenza.com\/de\/2023\/10\/gender-pay-gap-ist-kein-halloween-gespenst-gleichstellung-noch-lichtjahre-entfernt\/#primaryimage\",\"url\":\"https:\/\/www.pressenza.com\/wp-content\/uploads\/2023\/10\/2014-03-21_Equal_Pay_Day_Silvesterparty_Hannover_009_Franziska_Schroeter_Birgit_Vahldiek_Gisela_Kurtz_Christina_Runge_Petra_Ziegler_Ursula_Salzburger_Petra_Mundt_Naciye_Celebi-Bektas.jpg\",\"contentUrl\":\"https:\/\/www.pressenza.com\/wp-content\/uploads\/2023\/10\/2014-03-21_Equal_Pay_Day_Silvesterparty_Hannover_009_Franziska_Schroeter_Birgit_Vahldiek_Gisela_Kurtz_Christina_Runge_Petra_Ziegler_Ursula_Salzburger_Petra_Mundt_Naciye_Celebi-Bektas.jpg\",\"width\":1920,\"height\":1241},{\"@type\":\"BreadcrumbList\",\"@id\":\"https:\/\/www.pressenza.com\/de\/2023\/10\/gender-pay-gap-ist-kein-halloween-gespenst-gleichstellung-noch-lichtjahre-entfernt\/#breadcrumb\",\"itemListElement\":[{\"@type\":\"ListItem\",\"position\":1,\"name\":\"Accueil\",\"item\":\"https:\/\/www.pressenza.com\/de\/\"},{\"@type\":\"ListItem\",\"position\":2,\"name\":\"Gender Pay Gap ist kein Halloween-Gespenst \u2013 Gleichstellung noch Lichtjahre entfernt!\"}]},{\"@type\":\"WebSite\",\"@id\":\"https:\/\/www.pressenza.com\/de\/#website\",\"url\":\"https:\/\/www.pressenza.com\/de\/\",\"name\":\"Pressenza\",\"description\":\"International Press Agency\",\"publisher\":{\"@id\":\"https:\/\/www.pressenza.com\/de\/#organization\"},\"potentialAction\":[{\"@type\":\"SearchAction\",\"target\":{\"@type\":\"EntryPoint\",\"urlTemplate\":\"https:\/\/www.pressenza.com\/de\/?s={search_term_string}\"},\"query-input\":{\"@type\":\"PropertyValueSpecification\",\"valueRequired\":true,\"valueName\":\"search_term_string\"}}],\"inLanguage\":\"de\"},{\"@type\":\"Organization\",\"@id\":\"https:\/\/www.pressenza.com\/de\/#organization\",\"name\":\"Pressenza\",\"url\":\"https:\/\/www.pressenza.com\/de\/\",\"logo\":{\"@type\":\"ImageObject\",\"inLanguage\":\"de\",\"@id\":\"https:\/\/www.pressenza.com\/de\/#\/schema\/logo\/image\/\",\"url\":\"https:\/\/www.pressenza.com\/wp-content\/uploads\/2022\/10\/pressenza_logo_200x200.jpg\",\"contentUrl\":\"https:\/\/www.pressenza.com\/wp-content\/uploads\/2022\/10\/pressenza_logo_200x200.jpg\",\"width\":200,\"height\":200,\"caption\":\"Pressenza\"},\"image\":{\"@id\":\"https:\/\/www.pressenza.com\/de\/#\/schema\/logo\/image\/\"},\"sameAs\":[\"https:\/\/www.facebook.com\/PressenzaItalia\",\"https:\/\/x.com\/PressenzaIPA\"]},{\"@type\":\"Person\",\"@id\":\"https:\/\/www.pressenza.com\/de\/#\/schema\/person\/3df859e5bf9b19ab936f666e0177e38b\",\"name\":\"Pressenza Wien\",\"description\":\"News from the Pressenza Bureau in Vienna, Austria\",\"sameAs\":[\"https:\/\/x.com\/pressenza_ger\"],\"url\":\"https:\/\/www.pressenza.com\/de\/author\/pressenza-wien\/\"}]}<\/script>\n<!-- \/ Yoast SEO plugin. -->","yoast_head_json":{"title":"Gender Pay Gap ist kein Halloween-Gespenst \u2013 Gleichstellung noch Lichtjahre entfernt!","description":"Das diesj\u00e4hrige Halloween 2024 ist besonders gruselig \u2013 denn heuer f\u00e4llt der \u00f6sterreichweite Equal Pay Day (EPD) auf den 31. Oktober. Dieser Aktionstag,","robots":{"index":"index","follow":"follow","max-snippet":"max-snippet:-1","max-image-preview":"max-image-preview:large","max-video-preview":"max-video-preview:-1"},"canonical":"https:\/\/www.pressenza.com\/de\/2023\/10\/gender-pay-gap-ist-kein-halloween-gespenst-gleichstellung-noch-lichtjahre-entfernt\/","og_locale":"de_DE","og_type":"article","og_title":"Gender Pay Gap ist kein Halloween-Gespenst \u2013 Gleichstellung noch Lichtjahre entfernt!","og_description":"Das diesj\u00e4hrige Halloween 2024 ist besonders gruselig \u2013 denn heuer f\u00e4llt der \u00f6sterreichweite Equal Pay Day (EPD) auf den 31. Oktober. Dieser Aktionstag,","og_url":"https:\/\/www.pressenza.com\/de\/2023\/10\/gender-pay-gap-ist-kein-halloween-gespenst-gleichstellung-noch-lichtjahre-entfernt\/","og_site_name":"Pressenza","article_publisher":"https:\/\/www.facebook.com\/PressenzaItalia","article_published_time":"2023-10-31T07:57:06+00:00","article_modified_time":"2024-01-05T09:07:15+00:00","og_image":[{"width":1920,"height":1241,"url":"https:\/\/www.pressenza.com\/wp-content\/uploads\/2023\/10\/2014-03-21_Equal_Pay_Day_Silvesterparty_Hannover_009_Franziska_Schroeter_Birgit_Vahldiek_Gisela_Kurtz_Christina_Runge_Petra_Ziegler_Ursula_Salzburger_Petra_Mundt_Naciye_Celebi-Bektas.jpg","type":"image\/jpeg"}],"author":"Pressenza Wien","twitter_card":"summary_large_image","twitter_creator":"@pressenza_ger","twitter_site":"@PressenzaIPA","twitter_misc":{"Verfasst von":"Pressenza Wien","Gesch\u00e4tzte Lesezeit":"6\u00a0Minuten"},"schema":{"@context":"https:\/\/schema.org","@graph":[{"@type":"Article","@id":"https:\/\/www.pressenza.com\/de\/2023\/10\/gender-pay-gap-ist-kein-halloween-gespenst-gleichstellung-noch-lichtjahre-entfernt\/#article","isPartOf":{"@id":"https:\/\/www.pressenza.com\/de\/2023\/10\/gender-pay-gap-ist-kein-halloween-gespenst-gleichstellung-noch-lichtjahre-entfernt\/"},"author":{"name":"Pressenza Wien","@id":"https:\/\/www.pressenza.com\/de\/#\/schema\/person\/3df859e5bf9b19ab936f666e0177e38b"},"headline":"Gender Pay Gap ist kein Halloween-Gespenst \u2013 Gleichstellung noch Lichtjahre entfernt!","datePublished":"2023-10-31T07:57:06+00:00","dateModified":"2024-01-05T09:07:15+00:00","mainEntityOfPage":{"@id":"https:\/\/www.pressenza.com\/de\/2023\/10\/gender-pay-gap-ist-kein-halloween-gespenst-gleichstellung-noch-lichtjahre-entfernt\/"},"wordCount":1072,"publisher":{"@id":"https:\/\/www.pressenza.com\/de\/#organization"},"image":{"@id":"https:\/\/www.pressenza.com\/de\/2023\/10\/gender-pay-gap-ist-kein-halloween-gespenst-gleichstellung-noch-lichtjahre-entfernt\/#primaryimage"},"thumbnailUrl":"https:\/\/www.pressenza.com\/wp-content\/uploads\/2023\/10\/2014-03-21_Equal_Pay_Day_Silvesterparty_Hannover_009_Franziska_Schroeter_Birgit_Vahldiek_Gisela_Kurtz_Christina_Runge_Petra_Ziegler_Ursula_Salzburger_Petra_Mundt_Naciye_Celebi-Bektas.jpg","keywords":["Equal Pay Day","Gender Pay Gap","Gleichberechtigung","Gleichstellung"],"articleSection":["Gender und Feminismen","Politik","Wirtschaft"],"inLanguage":"de"},{"@type":"WebPage","@id":"https:\/\/www.pressenza.com\/de\/2023\/10\/gender-pay-gap-ist-kein-halloween-gespenst-gleichstellung-noch-lichtjahre-entfernt\/","url":"https:\/\/www.pressenza.com\/de\/2023\/10\/gender-pay-gap-ist-kein-halloween-gespenst-gleichstellung-noch-lichtjahre-entfernt\/","name":"Gender Pay Gap ist kein Halloween-Gespenst \u2013 Gleichstellung noch Lichtjahre entfernt!","isPartOf":{"@id":"https:\/\/www.pressenza.com\/de\/#website"},"primaryImageOfPage":{"@id":"https:\/\/www.pressenza.com\/de\/2023\/10\/gender-pay-gap-ist-kein-halloween-gespenst-gleichstellung-noch-lichtjahre-entfernt\/#primaryimage"},"image":{"@id":"https:\/\/www.pressenza.com\/de\/2023\/10\/gender-pay-gap-ist-kein-halloween-gespenst-gleichstellung-noch-lichtjahre-entfernt\/#primaryimage"},"thumbnailUrl":"https:\/\/www.pressenza.com\/wp-content\/uploads\/2023\/10\/2014-03-21_Equal_Pay_Day_Silvesterparty_Hannover_009_Franziska_Schroeter_Birgit_Vahldiek_Gisela_Kurtz_Christina_Runge_Petra_Ziegler_Ursula_Salzburger_Petra_Mundt_Naciye_Celebi-Bektas.jpg","datePublished":"2023-10-31T07:57:06+00:00","dateModified":"2024-01-05T09:07:15+00:00","description":"Das diesj\u00e4hrige Halloween 2024 ist besonders gruselig \u2013 denn heuer f\u00e4llt der \u00f6sterreichweite Equal Pay Day (EPD) auf den 31. Oktober. Dieser Aktionstag,","breadcrumb":{"@id":"https:\/\/www.pressenza.com\/de\/2023\/10\/gender-pay-gap-ist-kein-halloween-gespenst-gleichstellung-noch-lichtjahre-entfernt\/#breadcrumb"},"inLanguage":"de","potentialAction":[{"@type":"ReadAction","target":["https:\/\/www.pressenza.com\/de\/2023\/10\/gender-pay-gap-ist-kein-halloween-gespenst-gleichstellung-noch-lichtjahre-entfernt\/"]}]},{"@type":"ImageObject","inLanguage":"de","@id":"https:\/\/www.pressenza.com\/de\/2023\/10\/gender-pay-gap-ist-kein-halloween-gespenst-gleichstellung-noch-lichtjahre-entfernt\/#primaryimage","url":"https:\/\/www.pressenza.com\/wp-content\/uploads\/2023\/10\/2014-03-21_Equal_Pay_Day_Silvesterparty_Hannover_009_Franziska_Schroeter_Birgit_Vahldiek_Gisela_Kurtz_Christina_Runge_Petra_Ziegler_Ursula_Salzburger_Petra_Mundt_Naciye_Celebi-Bektas.jpg","contentUrl":"https:\/\/www.pressenza.com\/wp-content\/uploads\/2023\/10\/2014-03-21_Equal_Pay_Day_Silvesterparty_Hannover_009_Franziska_Schroeter_Birgit_Vahldiek_Gisela_Kurtz_Christina_Runge_Petra_Ziegler_Ursula_Salzburger_Petra_Mundt_Naciye_Celebi-Bektas.jpg","width":1920,"height":1241},{"@type":"BreadcrumbList","@id":"https:\/\/www.pressenza.com\/de\/2023\/10\/gender-pay-gap-ist-kein-halloween-gespenst-gleichstellung-noch-lichtjahre-entfernt\/#breadcrumb","itemListElement":[{"@type":"ListItem","position":1,"name":"Accueil","item":"https:\/\/www.pressenza.com\/de\/"},{"@type":"ListItem","position":2,"name":"Gender Pay Gap ist kein Halloween-Gespenst \u2013 Gleichstellung noch Lichtjahre entfernt!"}]},{"@type":"WebSite","@id":"https:\/\/www.pressenza.com\/de\/#website","url":"https:\/\/www.pressenza.com\/de\/","name":"Pressenza","description":"International Press Agency","publisher":{"@id":"https:\/\/www.pressenza.com\/de\/#organization"},"potentialAction":[{"@type":"SearchAction","target":{"@type":"EntryPoint","urlTemplate":"https:\/\/www.pressenza.com\/de\/?s={search_term_string}"},"query-input":{"@type":"PropertyValueSpecification","valueRequired":true,"valueName":"search_term_string"}}],"inLanguage":"de"},{"@type":"Organization","@id":"https:\/\/www.pressenza.com\/de\/#organization","name":"Pressenza","url":"https:\/\/www.pressenza.com\/de\/","logo":{"@type":"ImageObject","inLanguage":"de","@id":"https:\/\/www.pressenza.com\/de\/#\/schema\/logo\/image\/","url":"https:\/\/www.pressenza.com\/wp-content\/uploads\/2022\/10\/pressenza_logo_200x200.jpg","contentUrl":"https:\/\/www.pressenza.com\/wp-content\/uploads\/2022\/10\/pressenza_logo_200x200.jpg","width":200,"height":200,"caption":"Pressenza"},"image":{"@id":"https:\/\/www.pressenza.com\/de\/#\/schema\/logo\/image\/"},"sameAs":["https:\/\/www.facebook.com\/PressenzaItalia","https:\/\/x.com\/PressenzaIPA"]},{"@type":"Person","@id":"https:\/\/www.pressenza.com\/de\/#\/schema\/person\/3df859e5bf9b19ab936f666e0177e38b","name":"Pressenza Wien","description":"News from the Pressenza Bureau in Vienna, Austria","sameAs":["https:\/\/x.com\/pressenza_ger"],"url":"https:\/\/www.pressenza.com\/de\/author\/pressenza-wien\/"}]}},"place":"A&W blog","original_article_url":"https:\/\/awblog.at\/gender-pay-gap-gleichstellung-noch-lichtjahre-entfernt\/","_links":{"self":[{"href":"https:\/\/www.pressenza.com\/de\/wp-json\/wp\/v2\/posts\/1778002","targetHints":{"allow":["GET"]}}],"collection":[{"href":"https:\/\/www.pressenza.com\/de\/wp-json\/wp\/v2\/posts"}],"about":[{"href":"https:\/\/www.pressenza.com\/de\/wp-json\/wp\/v2\/types\/post"}],"author":[{"embeddable":true,"href":"https:\/\/www.pressenza.com\/de\/wp-json\/wp\/v2\/users\/1096"}],"replies":[{"embeddable":true,"href":"https:\/\/www.pressenza.com\/de\/wp-json\/wp\/v2\/comments?post=1778002"}],"version-history":[{"count":0,"href":"https:\/\/www.pressenza.com\/de\/wp-json\/wp\/v2\/posts\/1778002\/revisions"}],"wp:featuredmedia":[{"embeddable":true,"href":"https:\/\/www.pressenza.com\/de\/wp-json\/wp\/v2\/media\/1778007"}],"wp:attachment":[{"href":"https:\/\/www.pressenza.com\/de\/wp-json\/wp\/v2\/media?parent=1778002"}],"wp:term":[{"taxonomy":"category","embeddable":true,"href":"https:\/\/www.pressenza.com\/de\/wp-json\/wp\/v2\/categories?post=1778002"},{"taxonomy":"post_tag","embeddable":true,"href":"https:\/\/www.pressenza.com\/de\/wp-json\/wp\/v2\/tags?post=1778002"}],"curies":[{"name":"wp","href":"https:\/\/api.w.org\/{rel}","templated":true}]}}