{"id":1777045,"date":"2023-10-26T14:47:55","date_gmt":"2023-10-26T13:47:55","guid":{"rendered":"https:\/\/www.pressenza.com\/?p=1777045"},"modified":"2023-10-26T16:26:24","modified_gmt":"2023-10-26T15:26:24","slug":"yosheved-livshitz-gibt-bei-der-freilassung-ihren-geiselnehmern-die-hand-und-verabschiedet-sich-mit-schalom","status":"publish","type":"post","link":"https:\/\/www.pressenza.com\/de\/2023\/10\/yosheved-livshitz-gibt-bei-der-freilassung-ihren-geiselnehmern-die-hand-und-verabschiedet-sich-mit-schalom\/","title":{"rendered":"Yosheved Livshitz gibt bei der Freilassung ihren Geiselnehmern die Hand und verabschiedet sich mit \u00abSchalom\u00bb"},"content":{"rendered":"<p><strong>Der Zeitgeist wird von Hass und Gewalt vernebelt, wie seit langem nicht mehr. Die Zersplitterung der Gesellschaft, die Polarisierung und eine wachsende Wut, die ein Ventil sucht, zeigt sich bei jedem neuen oder erneut aufflammenden Konflikt in zunehmenden Massen. Die meisten Medien haben einen Fokus auf Gewalt und Krieg und tun das Ihre, um zus\u00e4tzlich \u00d6l ins Feuer zu giessen.<\/strong><\/p>\n<p>Dabei wird die gegenl\u00e4ufige, wachsende Sensibilit\u00e4t der Gewaltfreiheit \u00fcbersehen und \u00fcberh\u00f6rt. Die Stimmen und Aktionen von Yael Deckelbaum und Women Wage Peace zum Beispiel (Pressenza berichtet <a href=\"https:\/\/www.pressenza.com\/de\/2023\/10\/yael-deckelbaum-krieg-ist-kein-spiel-der-frauen\/\" target=\"_blank\" rel=\"noopener\">hier<\/a> und <a href=\"https:\/\/www.pressenza.com\/de\/2016\/12\/prayer-mothers-frauen-singen-fuer-den-frieden\/\" target=\"_blank\" rel=\"noopener\">hier<\/a>). Der Aufruf von Michal Halev der israelischen Mutter, deren Sohn von den Hamas get\u00f6tet wurde, auf Rache und Gewalt zu verzichten (Pressenza berichtet <a href=\"https:\/\/www.pressenza.com\/de\/2023\/10\/keine-rache-in-meinem-namen\/\" target=\"_blank\" rel=\"noopener\">hier<\/a>).<\/p>\n<p>Und zuletzt die grossartige Geste von Yosheved Livshitz, die bei ihrer Freilassung ihren Entf\u00fchrern die Hand gibt und sich mit \u00abSchalom\u00bb verabschiedet.<\/p>\n<p>Die 85 Jahre alte Yosheved Livshitz wurde zusammen mit Nurit Yitzhak, 79, freigelassen. Die Freilassung fand an dem Grenz\u00fcbergang Rafah statt, im S\u00fcden Gazas, nach \u00c4gypten. Ein Krankenwagen nahm die beiden Frauen dort in Empfang. Ein Video von The Guardian dokumentierte die grossartige Geste dieser gebrechlichen und zierlichen Frau.<\/p>\n<p><iframe loading=\"lazy\" title=\"Freed Israeli hostage filmed extending hand to Hamas militant in video released by group\" width=\"500\" height=\"281\" src=\"https:\/\/www.youtube.com\/embed\/3Cj3Sq9eG04?feature=oembed\" frameborder=\"0\" allow=\"accelerometer; autoplay; clipboard-write; encrypted-media; gyroscope; picture-in-picture; web-share\" referrerpolicy=\"strict-origin-when-cross-origin\" allowfullscreen><\/iframe><\/p>\n<p>Ihre Entf\u00fchrung beschreibt sie als traumatisch und die H\u00f6lle. Ihre Geiselhaft in Gaza beschreibt sie so, \u201eWir waren zu f\u00fcnft, jedem von uns war eine Wache zugeteilt, sie haben uns gut behandelt, sich um alles gek\u00fcmmert. Es gab Frauen, die wissen, was weibliche Hygiene bedeutet.\u201c Sie h\u00e4tten sichergestellt, dass die Geiseln alles haben. Dass die Toiletten sauber gewesen seien. \u201eSie haben sie sauber gemacht, nicht wir.\u201c Und weiter: \u201eSie waren sehr g\u00fctig, das muss man sagen.\u201c Sie h\u00e4tten dasselbe Essen bekommen wie ihre Wachen: Pita-Brot, K\u00e4se, eine Gurke. Das sei das Essen f\u00fcr den ganzen Tag gewesen. Auf die Frage, warum sie dem Terroristen die Hand gesch\u00fcttelt habe, sagt sie: \u201eWeil sie uns gut behandelt haben.\u201c<\/p>\n<p>Die hier aufgef\u00fchrten Beispiele sind die wirklich grossen Ereignisse, \u00fcber die es zu berichten lohnt. Diese Frauen zeigen uns den einzigen Weg aus dieser Gewaltspirale heraus. Sich von der Rachekultur abzuwenden, auf Gewalt und Krieg als Mittel in Konflikten zu verzichten.<\/p>\n<p>Es ist der einzige Weg und die Menschen auf beiden Seiten sind der Gewalt m\u00fcde.<\/p>\n","protected":false},"excerpt":{"rendered":"<p>Der Zeitgeist wird von Hass und Gewalt vernebelt, wie seit langem nicht mehr. Die Zersplitterung der Gesellschaft, die Polarisierung und eine wachsende Wut, die ein Ventil sucht, zeigt sich bei jedem neuen oder erneut aufflammenden Konflikt in zunehmenden Massen. Die&hellip;<\/p>\n","protected":false},"author":1089,"featured_media":1777047,"comment_status":"closed","ping_status":"closed","sticky":false,"template":"","format":"standard","meta":{"footnotes":""},"categories":[9167,9166,9143,9151,11387],"tags":[12131,9799,33658,11641,17436,31031,10363,117334],"class_list":["post-1777045","post","type-post","status-publish","format-standard","has-post-thumbnail","hentry","category-frieden-und-abruestung","category-gewaltfreiheit","category-meinungen","category-mittlerer-osten","category-originalinhalt","tag-gazastreifen","tag-israel-de","tag-israelisch-palaestinensischer-konflikt","tag-nahostkonflikt","tag-rache","tag-rachekultur","tag-versohnung","tag-yosheved-livshitz"],"yoast_head":"<!-- This site is optimized with the Yoast SEO plugin v27.1.1 - https:\/\/yoast.com\/product\/yoast-seo-wordpress\/ -->\n<title>Yosheved Livshitz gibt bei der Freilassung ihren Geiselnehmern die Hand und verabschiedet sich mit \u00abSchalom\u00bb<\/title>\n<meta name=\"description\" content=\"Der Zeitgeist wird von Hass und Gewalt vernebelt, wie seit langem nicht mehr. Die Zersplitterung der Gesellschaft, die Polarisierung und eine wachsende\" \/>\n<meta name=\"robots\" content=\"index, follow, max-snippet:-1, max-image-preview:large, max-video-preview:-1\" \/>\n<link rel=\"canonical\" href=\"https:\/\/www.pressenza.com\/de\/2023\/10\/yosheved-livshitz-gibt-bei-der-freilassung-ihren-geiselnehmern-die-hand-und-verabschiedet-sich-mit-schalom\/\" \/>\n<meta property=\"og:locale\" content=\"de_DE\" \/>\n<meta property=\"og:type\" content=\"article\" \/>\n<meta property=\"og:title\" content=\"Yosheved Livshitz gibt bei der Freilassung ihren Geiselnehmern die Hand und verabschiedet sich mit \u00abSchalom\u00bb\" \/>\n<meta property=\"og:description\" content=\"Der Zeitgeist wird von Hass und Gewalt vernebelt, wie seit langem nicht mehr. Die Zersplitterung der Gesellschaft, die Polarisierung und eine wachsende\" \/>\n<meta property=\"og:url\" content=\"https:\/\/www.pressenza.com\/de\/2023\/10\/yosheved-livshitz-gibt-bei-der-freilassung-ihren-geiselnehmern-die-hand-und-verabschiedet-sich-mit-schalom\/\" \/>\n<meta property=\"og:site_name\" content=\"Pressenza\" \/>\n<meta property=\"article:publisher\" content=\"https:\/\/www.facebook.com\/PressenzaItalia\" \/>\n<meta property=\"article:author\" content=\"https:\/\/www.facebook.com\/rthumiger\" \/>\n<meta property=\"article:published_time\" content=\"2023-10-26T13:47:55+00:00\" \/>\n<meta property=\"article:modified_time\" content=\"2023-10-26T15:26:24+00:00\" \/>\n<meta property=\"og:image\" content=\"https:\/\/www.pressenza.com\/wp-content\/uploads\/2023\/10\/Freilassung_Yosheved_Livshitz-.jpg\" \/>\n\t<meta property=\"og:image:width\" content=\"1603\" \/>\n\t<meta property=\"og:image:height\" content=\"1080\" \/>\n\t<meta property=\"og:image:type\" content=\"image\/jpeg\" \/>\n<meta name=\"author\" content=\"Reto Thumiger\" \/>\n<meta name=\"twitter:card\" content=\"summary_large_image\" \/>\n<meta name=\"twitter:creator\" content=\"@pressenza_ger\" \/>\n<meta name=\"twitter:site\" content=\"@PressenzaIPA\" \/>\n<meta name=\"twitter:label1\" content=\"Verfasst von\" \/>\n\t<meta name=\"twitter:data1\" content=\"Reto Thumiger\" \/>\n\t<meta name=\"twitter:label2\" content=\"Gesch\u00e4tzte Lesezeit\" \/>\n\t<meta name=\"twitter:data2\" content=\"2\u00a0Minuten\" \/>\n<script type=\"application\/ld+json\" class=\"yoast-schema-graph\">{\"@context\":\"https:\/\/schema.org\",\"@graph\":[{\"@type\":\"Article\",\"@id\":\"https:\/\/www.pressenza.com\/de\/2023\/10\/yosheved-livshitz-gibt-bei-der-freilassung-ihren-geiselnehmern-die-hand-und-verabschiedet-sich-mit-schalom\/#article\",\"isPartOf\":{\"@id\":\"https:\/\/www.pressenza.com\/de\/2023\/10\/yosheved-livshitz-gibt-bei-der-freilassung-ihren-geiselnehmern-die-hand-und-verabschiedet-sich-mit-schalom\/\"},\"author\":{\"name\":\"Reto Thumiger\",\"@id\":\"https:\/\/www.pressenza.com\/de\/#\/schema\/person\/e233667f8b5764bd84b766de5286a5fa\"},\"headline\":\"Yosheved Livshitz gibt bei der Freilassung ihren Geiselnehmern die Hand und verabschiedet sich mit \u00abSchalom\u00bb\",\"datePublished\":\"2023-10-26T13:47:55+00:00\",\"dateModified\":\"2023-10-26T15:26:24+00:00\",\"mainEntityOfPage\":{\"@id\":\"https:\/\/www.pressenza.com\/de\/2023\/10\/yosheved-livshitz-gibt-bei-der-freilassung-ihren-geiselnehmern-die-hand-und-verabschiedet-sich-mit-schalom\/\"},\"wordCount\":395,\"publisher\":{\"@id\":\"https:\/\/www.pressenza.com\/de\/#organization\"},\"image\":{\"@id\":\"https:\/\/www.pressenza.com\/de\/2023\/10\/yosheved-livshitz-gibt-bei-der-freilassung-ihren-geiselnehmern-die-hand-und-verabschiedet-sich-mit-schalom\/#primaryimage\"},\"thumbnailUrl\":\"https:\/\/www.pressenza.com\/wp-content\/uploads\/2023\/10\/Freilassung_Yosheved_Livshitz-.jpg\",\"keywords\":[\"Gazastreifen\",\"Israel\",\"israelisch-pal\u00e4stinensischer Konflikt\",\"Nahostkonflikt\",\"Rache\",\"Rachekultur\",\"Vers\u00f6hnung\",\"Yosheved Livshitz\"],\"articleSection\":[\"Frieden und Abr\u00fcstung\",\"Gewaltfreiheit\",\"Meinungen\",\"Mittlerer Osten\",\"Originalinhalt\"],\"inLanguage\":\"de\"},{\"@type\":\"WebPage\",\"@id\":\"https:\/\/www.pressenza.com\/de\/2023\/10\/yosheved-livshitz-gibt-bei-der-freilassung-ihren-geiselnehmern-die-hand-und-verabschiedet-sich-mit-schalom\/\",\"url\":\"https:\/\/www.pressenza.com\/de\/2023\/10\/yosheved-livshitz-gibt-bei-der-freilassung-ihren-geiselnehmern-die-hand-und-verabschiedet-sich-mit-schalom\/\",\"name\":\"Yosheved Livshitz gibt bei der Freilassung ihren Geiselnehmern die Hand und verabschiedet sich mit \u00abSchalom\u00bb\",\"isPartOf\":{\"@id\":\"https:\/\/www.pressenza.com\/de\/#website\"},\"primaryImageOfPage\":{\"@id\":\"https:\/\/www.pressenza.com\/de\/2023\/10\/yosheved-livshitz-gibt-bei-der-freilassung-ihren-geiselnehmern-die-hand-und-verabschiedet-sich-mit-schalom\/#primaryimage\"},\"image\":{\"@id\":\"https:\/\/www.pressenza.com\/de\/2023\/10\/yosheved-livshitz-gibt-bei-der-freilassung-ihren-geiselnehmern-die-hand-und-verabschiedet-sich-mit-schalom\/#primaryimage\"},\"thumbnailUrl\":\"https:\/\/www.pressenza.com\/wp-content\/uploads\/2023\/10\/Freilassung_Yosheved_Livshitz-.jpg\",\"datePublished\":\"2023-10-26T13:47:55+00:00\",\"dateModified\":\"2023-10-26T15:26:24+00:00\",\"description\":\"Der Zeitgeist wird von Hass und Gewalt vernebelt, wie seit langem nicht mehr. Die Zersplitterung der Gesellschaft, die Polarisierung und eine wachsende\",\"breadcrumb\":{\"@id\":\"https:\/\/www.pressenza.com\/de\/2023\/10\/yosheved-livshitz-gibt-bei-der-freilassung-ihren-geiselnehmern-die-hand-und-verabschiedet-sich-mit-schalom\/#breadcrumb\"},\"inLanguage\":\"de\",\"potentialAction\":[{\"@type\":\"ReadAction\",\"target\":[\"https:\/\/www.pressenza.com\/de\/2023\/10\/yosheved-livshitz-gibt-bei-der-freilassung-ihren-geiselnehmern-die-hand-und-verabschiedet-sich-mit-schalom\/\"]}]},{\"@type\":\"ImageObject\",\"inLanguage\":\"de\",\"@id\":\"https:\/\/www.pressenza.com\/de\/2023\/10\/yosheved-livshitz-gibt-bei-der-freilassung-ihren-geiselnehmern-die-hand-und-verabschiedet-sich-mit-schalom\/#primaryimage\",\"url\":\"https:\/\/www.pressenza.com\/wp-content\/uploads\/2023\/10\/Freilassung_Yosheved_Livshitz-.jpg\",\"contentUrl\":\"https:\/\/www.pressenza.com\/wp-content\/uploads\/2023\/10\/Freilassung_Yosheved_Livshitz-.jpg\",\"width\":1603,\"height\":1080,\"caption\":\"Bildschirmaufnahme von The Guardian-Video.\"},{\"@type\":\"BreadcrumbList\",\"@id\":\"https:\/\/www.pressenza.com\/de\/2023\/10\/yosheved-livshitz-gibt-bei-der-freilassung-ihren-geiselnehmern-die-hand-und-verabschiedet-sich-mit-schalom\/#breadcrumb\",\"itemListElement\":[{\"@type\":\"ListItem\",\"position\":1,\"name\":\"Accueil\",\"item\":\"https:\/\/www.pressenza.com\/de\/\"},{\"@type\":\"ListItem\",\"position\":2,\"name\":\"Yosheved Livshitz gibt bei der Freilassung ihren Geiselnehmern die Hand und verabschiedet sich mit \u00abSchalom\u00bb\"}]},{\"@type\":\"WebSite\",\"@id\":\"https:\/\/www.pressenza.com\/de\/#website\",\"url\":\"https:\/\/www.pressenza.com\/de\/\",\"name\":\"Pressenza\",\"description\":\"International Press Agency\",\"publisher\":{\"@id\":\"https:\/\/www.pressenza.com\/de\/#organization\"},\"potentialAction\":[{\"@type\":\"SearchAction\",\"target\":{\"@type\":\"EntryPoint\",\"urlTemplate\":\"https:\/\/www.pressenza.com\/de\/?s={search_term_string}\"},\"query-input\":{\"@type\":\"PropertyValueSpecification\",\"valueRequired\":true,\"valueName\":\"search_term_string\"}}],\"inLanguage\":\"de\"},{\"@type\":\"Organization\",\"@id\":\"https:\/\/www.pressenza.com\/de\/#organization\",\"name\":\"Pressenza\",\"url\":\"https:\/\/www.pressenza.com\/de\/\",\"logo\":{\"@type\":\"ImageObject\",\"inLanguage\":\"de\",\"@id\":\"https:\/\/www.pressenza.com\/de\/#\/schema\/logo\/image\/\",\"url\":\"https:\/\/www.pressenza.com\/wp-content\/uploads\/2022\/10\/pressenza_logo_200x200.jpg\",\"contentUrl\":\"https:\/\/www.pressenza.com\/wp-content\/uploads\/2022\/10\/pressenza_logo_200x200.jpg\",\"width\":200,\"height\":200,\"caption\":\"Pressenza\"},\"image\":{\"@id\":\"https:\/\/www.pressenza.com\/de\/#\/schema\/logo\/image\/\"},\"sameAs\":[\"https:\/\/www.facebook.com\/PressenzaItalia\",\"https:\/\/x.com\/PressenzaIPA\"]},{\"@type\":\"Person\",\"@id\":\"https:\/\/www.pressenza.com\/de\/#\/schema\/person\/e233667f8b5764bd84b766de5286a5fa\",\"name\":\"Reto Thumiger\",\"description\":\"The Swiss-born business administrator has been an activist for the New Humanism for over 25 years. He is committed to the promotion of cultural diversity, equal rights and the creation of equal opportunities for all people. He is committed to an internal and external revolution based on active non-violence. Through his voluntary work at Pressenza, he endeavours to contribute to overcoming violence through journalism that focuses on peace and non-violence.\",\"sameAs\":[\"http:\/\/www.pressenza.com\/de\",\"https:\/\/www.facebook.com\/rthumiger\",\"https:\/\/x.com\/pressenza_ger\"],\"url\":\"https:\/\/www.pressenza.com\/de\/author\/reto-thumiger\/\"}]}<\/script>\n<!-- \/ Yoast SEO plugin. -->","yoast_head_json":{"title":"Yosheved Livshitz gibt bei der Freilassung ihren Geiselnehmern die Hand und verabschiedet sich mit \u00abSchalom\u00bb","description":"Der Zeitgeist wird von Hass und Gewalt vernebelt, wie seit langem nicht mehr. Die Zersplitterung der Gesellschaft, die Polarisierung und eine wachsende","robots":{"index":"index","follow":"follow","max-snippet":"max-snippet:-1","max-image-preview":"max-image-preview:large","max-video-preview":"max-video-preview:-1"},"canonical":"https:\/\/www.pressenza.com\/de\/2023\/10\/yosheved-livshitz-gibt-bei-der-freilassung-ihren-geiselnehmern-die-hand-und-verabschiedet-sich-mit-schalom\/","og_locale":"de_DE","og_type":"article","og_title":"Yosheved Livshitz gibt bei der Freilassung ihren Geiselnehmern die Hand und verabschiedet sich mit \u00abSchalom\u00bb","og_description":"Der Zeitgeist wird von Hass und Gewalt vernebelt, wie seit langem nicht mehr. Die Zersplitterung der Gesellschaft, die Polarisierung und eine wachsende","og_url":"https:\/\/www.pressenza.com\/de\/2023\/10\/yosheved-livshitz-gibt-bei-der-freilassung-ihren-geiselnehmern-die-hand-und-verabschiedet-sich-mit-schalom\/","og_site_name":"Pressenza","article_publisher":"https:\/\/www.facebook.com\/PressenzaItalia","article_author":"https:\/\/www.facebook.com\/rthumiger","article_published_time":"2023-10-26T13:47:55+00:00","article_modified_time":"2023-10-26T15:26:24+00:00","og_image":[{"width":1603,"height":1080,"url":"https:\/\/www.pressenza.com\/wp-content\/uploads\/2023\/10\/Freilassung_Yosheved_Livshitz-.jpg","type":"image\/jpeg"}],"author":"Reto Thumiger","twitter_card":"summary_large_image","twitter_creator":"@pressenza_ger","twitter_site":"@PressenzaIPA","twitter_misc":{"Verfasst von":"Reto Thumiger","Gesch\u00e4tzte Lesezeit":"2\u00a0Minuten"},"schema":{"@context":"https:\/\/schema.org","@graph":[{"@type":"Article","@id":"https:\/\/www.pressenza.com\/de\/2023\/10\/yosheved-livshitz-gibt-bei-der-freilassung-ihren-geiselnehmern-die-hand-und-verabschiedet-sich-mit-schalom\/#article","isPartOf":{"@id":"https:\/\/www.pressenza.com\/de\/2023\/10\/yosheved-livshitz-gibt-bei-der-freilassung-ihren-geiselnehmern-die-hand-und-verabschiedet-sich-mit-schalom\/"},"author":{"name":"Reto Thumiger","@id":"https:\/\/www.pressenza.com\/de\/#\/schema\/person\/e233667f8b5764bd84b766de5286a5fa"},"headline":"Yosheved Livshitz gibt bei der Freilassung ihren Geiselnehmern die Hand und verabschiedet sich mit \u00abSchalom\u00bb","datePublished":"2023-10-26T13:47:55+00:00","dateModified":"2023-10-26T15:26:24+00:00","mainEntityOfPage":{"@id":"https:\/\/www.pressenza.com\/de\/2023\/10\/yosheved-livshitz-gibt-bei-der-freilassung-ihren-geiselnehmern-die-hand-und-verabschiedet-sich-mit-schalom\/"},"wordCount":395,"publisher":{"@id":"https:\/\/www.pressenza.com\/de\/#organization"},"image":{"@id":"https:\/\/www.pressenza.com\/de\/2023\/10\/yosheved-livshitz-gibt-bei-der-freilassung-ihren-geiselnehmern-die-hand-und-verabschiedet-sich-mit-schalom\/#primaryimage"},"thumbnailUrl":"https:\/\/www.pressenza.com\/wp-content\/uploads\/2023\/10\/Freilassung_Yosheved_Livshitz-.jpg","keywords":["Gazastreifen","Israel","israelisch-pal\u00e4stinensischer Konflikt","Nahostkonflikt","Rache","Rachekultur","Vers\u00f6hnung","Yosheved Livshitz"],"articleSection":["Frieden und Abr\u00fcstung","Gewaltfreiheit","Meinungen","Mittlerer Osten","Originalinhalt"],"inLanguage":"de"},{"@type":"WebPage","@id":"https:\/\/www.pressenza.com\/de\/2023\/10\/yosheved-livshitz-gibt-bei-der-freilassung-ihren-geiselnehmern-die-hand-und-verabschiedet-sich-mit-schalom\/","url":"https:\/\/www.pressenza.com\/de\/2023\/10\/yosheved-livshitz-gibt-bei-der-freilassung-ihren-geiselnehmern-die-hand-und-verabschiedet-sich-mit-schalom\/","name":"Yosheved Livshitz gibt bei der Freilassung ihren Geiselnehmern die Hand und verabschiedet sich mit \u00abSchalom\u00bb","isPartOf":{"@id":"https:\/\/www.pressenza.com\/de\/#website"},"primaryImageOfPage":{"@id":"https:\/\/www.pressenza.com\/de\/2023\/10\/yosheved-livshitz-gibt-bei-der-freilassung-ihren-geiselnehmern-die-hand-und-verabschiedet-sich-mit-schalom\/#primaryimage"},"image":{"@id":"https:\/\/www.pressenza.com\/de\/2023\/10\/yosheved-livshitz-gibt-bei-der-freilassung-ihren-geiselnehmern-die-hand-und-verabschiedet-sich-mit-schalom\/#primaryimage"},"thumbnailUrl":"https:\/\/www.pressenza.com\/wp-content\/uploads\/2023\/10\/Freilassung_Yosheved_Livshitz-.jpg","datePublished":"2023-10-26T13:47:55+00:00","dateModified":"2023-10-26T15:26:24+00:00","description":"Der Zeitgeist wird von Hass und Gewalt vernebelt, wie seit langem nicht mehr. Die Zersplitterung der Gesellschaft, die Polarisierung und eine wachsende","breadcrumb":{"@id":"https:\/\/www.pressenza.com\/de\/2023\/10\/yosheved-livshitz-gibt-bei-der-freilassung-ihren-geiselnehmern-die-hand-und-verabschiedet-sich-mit-schalom\/#breadcrumb"},"inLanguage":"de","potentialAction":[{"@type":"ReadAction","target":["https:\/\/www.pressenza.com\/de\/2023\/10\/yosheved-livshitz-gibt-bei-der-freilassung-ihren-geiselnehmern-die-hand-und-verabschiedet-sich-mit-schalom\/"]}]},{"@type":"ImageObject","inLanguage":"de","@id":"https:\/\/www.pressenza.com\/de\/2023\/10\/yosheved-livshitz-gibt-bei-der-freilassung-ihren-geiselnehmern-die-hand-und-verabschiedet-sich-mit-schalom\/#primaryimage","url":"https:\/\/www.pressenza.com\/wp-content\/uploads\/2023\/10\/Freilassung_Yosheved_Livshitz-.jpg","contentUrl":"https:\/\/www.pressenza.com\/wp-content\/uploads\/2023\/10\/Freilassung_Yosheved_Livshitz-.jpg","width":1603,"height":1080,"caption":"Bildschirmaufnahme von The Guardian-Video."},{"@type":"BreadcrumbList","@id":"https:\/\/www.pressenza.com\/de\/2023\/10\/yosheved-livshitz-gibt-bei-der-freilassung-ihren-geiselnehmern-die-hand-und-verabschiedet-sich-mit-schalom\/#breadcrumb","itemListElement":[{"@type":"ListItem","position":1,"name":"Accueil","item":"https:\/\/www.pressenza.com\/de\/"},{"@type":"ListItem","position":2,"name":"Yosheved Livshitz gibt bei der Freilassung ihren Geiselnehmern die Hand und verabschiedet sich mit \u00abSchalom\u00bb"}]},{"@type":"WebSite","@id":"https:\/\/www.pressenza.com\/de\/#website","url":"https:\/\/www.pressenza.com\/de\/","name":"Pressenza","description":"International Press Agency","publisher":{"@id":"https:\/\/www.pressenza.com\/de\/#organization"},"potentialAction":[{"@type":"SearchAction","target":{"@type":"EntryPoint","urlTemplate":"https:\/\/www.pressenza.com\/de\/?s={search_term_string}"},"query-input":{"@type":"PropertyValueSpecification","valueRequired":true,"valueName":"search_term_string"}}],"inLanguage":"de"},{"@type":"Organization","@id":"https:\/\/www.pressenza.com\/de\/#organization","name":"Pressenza","url":"https:\/\/www.pressenza.com\/de\/","logo":{"@type":"ImageObject","inLanguage":"de","@id":"https:\/\/www.pressenza.com\/de\/#\/schema\/logo\/image\/","url":"https:\/\/www.pressenza.com\/wp-content\/uploads\/2022\/10\/pressenza_logo_200x200.jpg","contentUrl":"https:\/\/www.pressenza.com\/wp-content\/uploads\/2022\/10\/pressenza_logo_200x200.jpg","width":200,"height":200,"caption":"Pressenza"},"image":{"@id":"https:\/\/www.pressenza.com\/de\/#\/schema\/logo\/image\/"},"sameAs":["https:\/\/www.facebook.com\/PressenzaItalia","https:\/\/x.com\/PressenzaIPA"]},{"@type":"Person","@id":"https:\/\/www.pressenza.com\/de\/#\/schema\/person\/e233667f8b5764bd84b766de5286a5fa","name":"Reto Thumiger","description":"The Swiss-born business administrator has been an activist for the New Humanism for over 25 years. He is committed to the promotion of cultural diversity, equal rights and the creation of equal opportunities for all people. He is committed to an internal and external revolution based on active non-violence. Through his voluntary work at Pressenza, he endeavours to contribute to overcoming violence through journalism that focuses on peace and non-violence.","sameAs":["http:\/\/www.pressenza.com\/de","https:\/\/www.facebook.com\/rthumiger","https:\/\/x.com\/pressenza_ger"],"url":"https:\/\/www.pressenza.com\/de\/author\/reto-thumiger\/"}]}},"place":"","original_article_url":"","_links":{"self":[{"href":"https:\/\/www.pressenza.com\/de\/wp-json\/wp\/v2\/posts\/1777045","targetHints":{"allow":["GET"]}}],"collection":[{"href":"https:\/\/www.pressenza.com\/de\/wp-json\/wp\/v2\/posts"}],"about":[{"href":"https:\/\/www.pressenza.com\/de\/wp-json\/wp\/v2\/types\/post"}],"author":[{"embeddable":true,"href":"https:\/\/www.pressenza.com\/de\/wp-json\/wp\/v2\/users\/1089"}],"replies":[{"embeddable":true,"href":"https:\/\/www.pressenza.com\/de\/wp-json\/wp\/v2\/comments?post=1777045"}],"version-history":[{"count":0,"href":"https:\/\/www.pressenza.com\/de\/wp-json\/wp\/v2\/posts\/1777045\/revisions"}],"wp:featuredmedia":[{"embeddable":true,"href":"https:\/\/www.pressenza.com\/de\/wp-json\/wp\/v2\/media\/1777047"}],"wp:attachment":[{"href":"https:\/\/www.pressenza.com\/de\/wp-json\/wp\/v2\/media?parent=1777045"}],"wp:term":[{"taxonomy":"category","embeddable":true,"href":"https:\/\/www.pressenza.com\/de\/wp-json\/wp\/v2\/categories?post=1777045"},{"taxonomy":"post_tag","embeddable":true,"href":"https:\/\/www.pressenza.com\/de\/wp-json\/wp\/v2\/tags?post=1777045"}],"curies":[{"name":"wp","href":"https:\/\/api.w.org\/{rel}","templated":true}]}}