{"id":1776445,"date":"2023-10-23T13:15:20","date_gmt":"2023-10-23T12:15:20","guid":{"rendered":"https:\/\/www.pressenza.com\/?p=1776445"},"modified":"2023-10-23T13:15:20","modified_gmt":"2023-10-23T12:15:20","slug":"petition-fuer-den-ruecktritt-von-ursula-von-der-leyen-praesidentin-der-europaeischen-kommission","status":"publish","type":"post","link":"https:\/\/www.pressenza.com\/de\/2023\/10\/petition-fuer-den-ruecktritt-von-ursula-von-der-leyen-praesidentin-der-europaeischen-kommission\/","title":{"rendered":"Petition f\u00fcr den R\u00fccktritt von Ursula von der Leyen, Pr\u00e4sidentin der Europ\u00e4ischen Kommission"},"content":{"rendered":"<p><strong><em>An: Europ\u00e4ischer Rat, Europ\u00e4isches Parlament und die B\u00fcrger:innen Europas<\/em><\/strong><\/p>\n<h3><strong>Warum dies wichtig ist<\/strong><\/h3>\n<p>Mit ihrer Reaktion auf die j\u00fcngste Krise in Israel und Pal\u00e4stina hat die Pr\u00e4sidentin der Europ\u00e4ischen Kommission Ursula von der Leyen gegen die rechtlichen Bestimmungen der Europ\u00e4ischen Union versto\u00dfen und den grundlegenden moralischen Anstand missachtet. W\u00e4hrend sie Angriffe auf Zivilist:innen in Israel verurteilt hat, hat sie die Abriegelung der Zivilist:innen in Gaza von Wasser, Lebensmitteln und Strom und die Bombardierung der Menschen in Gaza unter dem Deckmantel der \u201cVerteidigung\u201d unterst\u00fctzt. Dieses einseitige Handeln missachtet internationale, v\u00f6lkerrechtliche Gesetze und das demokratische Mandat der EU-Mitgliedstaaten.<\/p>\n<p><strong>Die Pr\u00e4sidentin der Europ\u00e4ischen Kommission missachtet damit<\/strong><\/p>\n<ul>\n<li>internationales V\u00f6lkerrecht,<\/li>\n<li>das demokratische Mandat der EU-Mitgliedstaaten,<\/li>\n<li>angemessenes ethisches Verhalten,<\/li>\n<li>die n\u00f6tige diplomatische Klugheit.<\/li>\n<\/ul>\n<p>Wir, die Unterzeichnenden, fordern ihren sofortigen R\u00fccktritt.<\/p>\n<h3><strong>Problematische Handlungen<\/strong><\/h3>\n<p><strong>1. Einseitige Haltung ohne Mandat<\/strong><\/p>\n<p>Ursula von der Leyen hat die Abriegelung der Zivilist:innen in Gaza von Wasser, Lebensmitteln und Strom und die Bombardierung von Gaza unter dem Deckmantel der \u201cVerteidigung\u201d unterst\u00fctzt, ohne dass die EU-Mitgliedstaaten ein Mandat erteilt haben.<\/p>\n<p><strong>2. Ignorieren des V\u00f6lkerrechts (Genfer Konvention Artikel 33: Verbot der Kollektivstrafe)<\/strong><\/p>\n<p>W\u00e4hrend die EU-Mitgliedsstaaten, die Vereinten Nationen und andere internationale Gremien die katastrophale humanit\u00e4re Lage im Gazastreifen als Folge der kollektiven Bestrafung anerkannt haben, hat Pr\u00e4sidentin von der Leyen ausdr\u00fccklich eine einseitige Solidarit\u00e4t mit Israel bekundet.<\/p>\n<p><strong>3. Untergrabung der moralischen Autorit\u00e4t der EU<\/strong><\/p>\n<p>Die Haltung der Pr\u00e4sidentin gegen\u00fcber Israel steht in krassem Widerspruch zur Verurteilung \u00e4hnlicher Handlungen durch sie in der Vergangenheit, wie z.B. die Russlands gegen zivile Infrastruktur in der Ukraine, die sie als Kriegsverbrechen bezeichnete. Das ist Anwendung internationalen Rechts nach Gutd\u00fcnken, was die moralische Autorit\u00e4t der EU untergr\u00e4bt.<\/p>\n<p><strong>4. Umgehung institutioneller Prozesse<\/strong><\/p>\n<p>Ursula von der Leyen hat mit ihrem Vorgehen nicht nur den Europ\u00e4ischen Rat \u00fcbergangen, sondern auch die Gewaltenteilung innerhalb der EU missachtet, wonach Au\u00dfenpolitik nicht von der Kommission bestimmt wird.<\/p>\n<p><a href=\"https:\/\/diem25.us10.list-manage.com\/track\/click?u=06ed765fa2e2171473ae3c592&amp;id=7273879be8&amp;e=557a17e73b\" target=\"_blank\" rel=\"noopener\"><strong>Aufruf zum Handeln<\/strong><\/a><\/p>\n<p>Als Reaktion auf die \u00dcberschreitung ihrer Befugnisse und der Missachtung der Grundprinzipien der Menschenrechte und der Demokratie durch die Kommissionspr\u00e4sidentin fordern wir Ursula von der Leyen auf, unverz\u00fcglich von ihrem Amt als Pr\u00e4sidentin der Europ\u00e4ischen Kommission zur\u00fcckzutreten. Sollte sie sich weigern, fordern wir die deutsche Regierung auf, sie als Kommissarin abzuberufen.<\/p>\n<p>Wir fordern die EU-B\u00fcrger:innen und -Institutionen auf, f\u00fcr die Werte einzutreten, die uns als Gemeinschaft verbinden, und zu versuchen, die moralische Autorit\u00e4t der Europ\u00e4ischen Union auf der internationalen B\u00fchne wiederherzustellen.<\/p>\n<p>Internationales Recht muss f\u00fcr alle gelten. Wenn es nicht \u00fcberall gleich angewendet wird, ist es nichts wert.<\/p>\n<p><strong>Bitte unterschreibe diese Erkl\u00e4rung, wenn du ebenfalls der Meinung bist, dass Ursula von der Leyens Handeln nicht mit den Grunds\u00e4tzen und Gesetzen der Europ\u00e4ischen Union vereinbar ist und ihren sofortigen R\u00fccktritt rechtfertigt.<\/strong><\/p>\n<p><a href=\"https:\/\/diem25.us10.list-manage.com\/track\/click?u=06ed765fa2e2171473ae3c592&amp;id=c2d202a2bd&amp;e=557a17e73b\" target=\"_blank\" rel=\"noopener\">Unterschreibe, wenn du zustimmst!<\/a><\/p>\n<p><em>Petition initiert von MERA25 Deutschland<\/em><\/p>\n","protected":false},"excerpt":{"rendered":"<p>An: Europ\u00e4ischer Rat, Europ\u00e4isches Parlament und die B\u00fcrger:innen Europas Warum dies wichtig ist Mit ihrer Reaktion auf die j\u00fcngste Krise in Israel und Pal\u00e4stina hat die Pr\u00e4sidentin der Europ\u00e4ischen Kommission Ursula von der Leyen gegen die rechtlichen Bestimmungen der Europ\u00e4ischen&hellip;<\/p>\n","protected":false},"author":1362,"featured_media":1776449,"comment_status":"closed","ping_status":"closed","sticky":false,"template":"","format":"standard","meta":{"footnotes":""},"categories":[9150,9161,9151,9168],"tags":[83398,17561,33658,96926,11641,55642,117266,28799],"class_list":["post-1776445","post","type-post","status-publish","format-standard","has-post-thumbnail","hentry","category-europa-de","category-menschenrechte","category-mittlerer-osten","category-politik","tag-europaeischer-rat","tag-europaisches-parlament","tag-israelisch-palaestinensischer-konflikt","tag-mera25-de","tag-nahostkonflikt","tag-petition-de","tag-ruecktritt","tag-ursula-von-der-leyen"],"yoast_head":"<!-- This site is optimized with the Yoast SEO plugin v27.1.1 - https:\/\/yoast.com\/product\/yoast-seo-wordpress\/ -->\n<title>Petition f\u00fcr den R\u00fccktritt von Ursula von der Leyen, Pr\u00e4sidentin der Europ\u00e4ischen Kommission<\/title>\n<meta name=\"description\" content=\"An: Europ\u00e4ischer Rat, Europ\u00e4isches Parlament und die B\u00fcrger:innen Europas Warum dies wichtig ist Mit ihrer Reaktion auf die j\u00fcngste Krise in Israel und\" \/>\n<meta name=\"robots\" content=\"index, follow, max-snippet:-1, max-image-preview:large, max-video-preview:-1\" \/>\n<link rel=\"canonical\" href=\"https:\/\/www.pressenza.com\/de\/2023\/10\/petition-fuer-den-ruecktritt-von-ursula-von-der-leyen-praesidentin-der-europaeischen-kommission\/\" \/>\n<meta property=\"og:locale\" content=\"de_DE\" \/>\n<meta property=\"og:type\" content=\"article\" \/>\n<meta property=\"og:title\" content=\"Petition f\u00fcr den R\u00fccktritt von Ursula von der Leyen, Pr\u00e4sidentin der Europ\u00e4ischen Kommission\" \/>\n<meta property=\"og:description\" content=\"An: Europ\u00e4ischer Rat, Europ\u00e4isches Parlament und die B\u00fcrger:innen Europas Warum dies wichtig ist Mit ihrer Reaktion auf die j\u00fcngste Krise in Israel und\" \/>\n<meta property=\"og:url\" content=\"https:\/\/www.pressenza.com\/de\/2023\/10\/petition-fuer-den-ruecktritt-von-ursula-von-der-leyen-praesidentin-der-europaeischen-kommission\/\" \/>\n<meta property=\"og:site_name\" content=\"Pressenza\" \/>\n<meta property=\"article:publisher\" content=\"https:\/\/www.facebook.com\/PressenzaItalia\" \/>\n<meta property=\"article:author\" content=\"https:\/\/www.facebook.com\/diem25.official.page\/\" \/>\n<meta property=\"article:published_time\" content=\"2023-10-23T12:15:20+00:00\" \/>\n<meta property=\"og:image\" content=\"https:\/\/www.pressenza.com\/wp-content\/uploads\/2023\/10\/51988071051_1c951f215d_k.jpg\" \/>\n\t<meta property=\"og:image:width\" content=\"1920\" \/>\n\t<meta property=\"og:image:height\" content=\"1280\" \/>\n\t<meta property=\"og:image:type\" content=\"image\/jpeg\" \/>\n<meta name=\"author\" content=\"DiEM25\" \/>\n<meta name=\"twitter:card\" content=\"summary_large_image\" \/>\n<meta name=\"twitter:creator\" content=\"@DiEM_25\" \/>\n<meta name=\"twitter:site\" content=\"@PressenzaIPA\" \/>\n<meta name=\"twitter:label1\" content=\"Verfasst von\" \/>\n\t<meta name=\"twitter:data1\" content=\"DiEM25\" \/>\n\t<meta name=\"twitter:label2\" content=\"Gesch\u00e4tzte Lesezeit\" \/>\n\t<meta name=\"twitter:data2\" content=\"3\u00a0Minuten\" \/>\n<script type=\"application\/ld+json\" class=\"yoast-schema-graph\">{\"@context\":\"https:\/\/schema.org\",\"@graph\":[{\"@type\":\"Article\",\"@id\":\"https:\/\/www.pressenza.com\/de\/2023\/10\/petition-fuer-den-ruecktritt-von-ursula-von-der-leyen-praesidentin-der-europaeischen-kommission\/#article\",\"isPartOf\":{\"@id\":\"https:\/\/www.pressenza.com\/de\/2023\/10\/petition-fuer-den-ruecktritt-von-ursula-von-der-leyen-praesidentin-der-europaeischen-kommission\/\"},\"author\":{\"name\":\"DiEM25\",\"@id\":\"https:\/\/www.pressenza.com\/de\/#\/schema\/person\/a2b230ea85b325034e1e6f8fb9dfad9e\"},\"headline\":\"Petition f\u00fcr den R\u00fccktritt von Ursula von der Leyen, Pr\u00e4sidentin der Europ\u00e4ischen Kommission\",\"datePublished\":\"2023-10-23T12:15:20+00:00\",\"mainEntityOfPage\":{\"@id\":\"https:\/\/www.pressenza.com\/de\/2023\/10\/petition-fuer-den-ruecktritt-von-ursula-von-der-leyen-praesidentin-der-europaeischen-kommission\/\"},\"wordCount\":508,\"publisher\":{\"@id\":\"https:\/\/www.pressenza.com\/de\/#organization\"},\"image\":{\"@id\":\"https:\/\/www.pressenza.com\/de\/2023\/10\/petition-fuer-den-ruecktritt-von-ursula-von-der-leyen-praesidentin-der-europaeischen-kommission\/#primaryimage\"},\"thumbnailUrl\":\"https:\/\/www.pressenza.com\/wp-content\/uploads\/2023\/10\/51988071051_1c951f215d_k.jpg\",\"keywords\":[\"Europ\u00e4ischer Rat\",\"Europ\u00e4isches Parlament\",\"israelisch-pal\u00e4stinensischer Konflikt\",\"Mera25\",\"Nahostkonflikt\",\"petition\",\"R\u00fccktritt\",\"Ursula von der Leyen\"],\"articleSection\":[\"Europa\",\"Menschenrechte\",\"Mittlerer Osten\",\"Politik\"],\"inLanguage\":\"de\"},{\"@type\":\"WebPage\",\"@id\":\"https:\/\/www.pressenza.com\/de\/2023\/10\/petition-fuer-den-ruecktritt-von-ursula-von-der-leyen-praesidentin-der-europaeischen-kommission\/\",\"url\":\"https:\/\/www.pressenza.com\/de\/2023\/10\/petition-fuer-den-ruecktritt-von-ursula-von-der-leyen-praesidentin-der-europaeischen-kommission\/\",\"name\":\"Petition f\u00fcr den R\u00fccktritt von Ursula von der Leyen, Pr\u00e4sidentin der Europ\u00e4ischen Kommission\",\"isPartOf\":{\"@id\":\"https:\/\/www.pressenza.com\/de\/#website\"},\"primaryImageOfPage\":{\"@id\":\"https:\/\/www.pressenza.com\/de\/2023\/10\/petition-fuer-den-ruecktritt-von-ursula-von-der-leyen-praesidentin-der-europaeischen-kommission\/#primaryimage\"},\"image\":{\"@id\":\"https:\/\/www.pressenza.com\/de\/2023\/10\/petition-fuer-den-ruecktritt-von-ursula-von-der-leyen-praesidentin-der-europaeischen-kommission\/#primaryimage\"},\"thumbnailUrl\":\"https:\/\/www.pressenza.com\/wp-content\/uploads\/2023\/10\/51988071051_1c951f215d_k.jpg\",\"datePublished\":\"2023-10-23T12:15:20+00:00\",\"description\":\"An: Europ\u00e4ischer Rat, Europ\u00e4isches Parlament und die B\u00fcrger:innen Europas Warum dies wichtig ist Mit ihrer Reaktion auf die j\u00fcngste Krise in Israel und\",\"breadcrumb\":{\"@id\":\"https:\/\/www.pressenza.com\/de\/2023\/10\/petition-fuer-den-ruecktritt-von-ursula-von-der-leyen-praesidentin-der-europaeischen-kommission\/#breadcrumb\"},\"inLanguage\":\"de\",\"potentialAction\":[{\"@type\":\"ReadAction\",\"target\":[\"https:\/\/www.pressenza.com\/de\/2023\/10\/petition-fuer-den-ruecktritt-von-ursula-von-der-leyen-praesidentin-der-europaeischen-kommission\/\"]}]},{\"@type\":\"ImageObject\",\"inLanguage\":\"de\",\"@id\":\"https:\/\/www.pressenza.com\/de\/2023\/10\/petition-fuer-den-ruecktritt-von-ursula-von-der-leyen-praesidentin-der-europaeischen-kommission\/#primaryimage\",\"url\":\"https:\/\/www.pressenza.com\/wp-content\/uploads\/2023\/10\/51988071051_1c951f215d_k.jpg\",\"contentUrl\":\"https:\/\/www.pressenza.com\/wp-content\/uploads\/2023\/10\/51988071051_1c951f215d_k.jpg\",\"width\":1920,\"height\":1280,\"caption\":\"Petition f\u00fcr den R\u00fccktritt von Ursula von der Leyen, Pr\u00e4sidentin der Europ\u00e4ischen Kommission\"},{\"@type\":\"BreadcrumbList\",\"@id\":\"https:\/\/www.pressenza.com\/de\/2023\/10\/petition-fuer-den-ruecktritt-von-ursula-von-der-leyen-praesidentin-der-europaeischen-kommission\/#breadcrumb\",\"itemListElement\":[{\"@type\":\"ListItem\",\"position\":1,\"name\":\"Accueil\",\"item\":\"https:\/\/www.pressenza.com\/de\/\"},{\"@type\":\"ListItem\",\"position\":2,\"name\":\"Petition f\u00fcr den R\u00fccktritt von Ursula von der Leyen, Pr\u00e4sidentin der Europ\u00e4ischen Kommission\"}]},{\"@type\":\"WebSite\",\"@id\":\"https:\/\/www.pressenza.com\/de\/#website\",\"url\":\"https:\/\/www.pressenza.com\/de\/\",\"name\":\"Pressenza\",\"description\":\"International Press Agency\",\"publisher\":{\"@id\":\"https:\/\/www.pressenza.com\/de\/#organization\"},\"potentialAction\":[{\"@type\":\"SearchAction\",\"target\":{\"@type\":\"EntryPoint\",\"urlTemplate\":\"https:\/\/www.pressenza.com\/de\/?s={search_term_string}\"},\"query-input\":{\"@type\":\"PropertyValueSpecification\",\"valueRequired\":true,\"valueName\":\"search_term_string\"}}],\"inLanguage\":\"de\"},{\"@type\":\"Organization\",\"@id\":\"https:\/\/www.pressenza.com\/de\/#organization\",\"name\":\"Pressenza\",\"url\":\"https:\/\/www.pressenza.com\/de\/\",\"logo\":{\"@type\":\"ImageObject\",\"inLanguage\":\"de\",\"@id\":\"https:\/\/www.pressenza.com\/de\/#\/schema\/logo\/image\/\",\"url\":\"https:\/\/www.pressenza.com\/wp-content\/uploads\/2022\/10\/pressenza_logo_200x200.jpg\",\"contentUrl\":\"https:\/\/www.pressenza.com\/wp-content\/uploads\/2022\/10\/pressenza_logo_200x200.jpg\",\"width\":200,\"height\":200,\"caption\":\"Pressenza\"},\"image\":{\"@id\":\"https:\/\/www.pressenza.com\/de\/#\/schema\/logo\/image\/\"},\"sameAs\":[\"https:\/\/www.facebook.com\/PressenzaItalia\",\"https:\/\/x.com\/PressenzaIPA\"]},{\"@type\":\"Person\",\"@id\":\"https:\/\/www.pressenza.com\/de\/#\/schema\/person\/a2b230ea85b325034e1e6f8fb9dfad9e\",\"name\":\"DiEM25\",\"description\":\"DiEM25 is a pan-European, cross-border movement of democrats. We believe that the European Union is disintegrating. Europeans are losing their faith in the possibility of European solutions to European problems. At the same time as faith in the EU is waning, we see a rise of misanthropy, xenophobia and toxic nationalism.\",\"sameAs\":[\"https:\/\/www.facebook.com\/diem25.official.page\/\",\"https:\/\/x.com\/DiEM_25\"],\"url\":\"https:\/\/www.pressenza.com\/de\/author\/diem25\/\"}]}<\/script>\n<!-- \/ Yoast SEO plugin. -->","yoast_head_json":{"title":"Petition f\u00fcr den R\u00fccktritt von Ursula von der Leyen, Pr\u00e4sidentin der Europ\u00e4ischen Kommission","description":"An: Europ\u00e4ischer Rat, Europ\u00e4isches Parlament und die B\u00fcrger:innen Europas Warum dies wichtig ist Mit ihrer Reaktion auf die j\u00fcngste Krise in Israel und","robots":{"index":"index","follow":"follow","max-snippet":"max-snippet:-1","max-image-preview":"max-image-preview:large","max-video-preview":"max-video-preview:-1"},"canonical":"https:\/\/www.pressenza.com\/de\/2023\/10\/petition-fuer-den-ruecktritt-von-ursula-von-der-leyen-praesidentin-der-europaeischen-kommission\/","og_locale":"de_DE","og_type":"article","og_title":"Petition f\u00fcr den R\u00fccktritt von Ursula von der Leyen, Pr\u00e4sidentin der Europ\u00e4ischen Kommission","og_description":"An: Europ\u00e4ischer Rat, Europ\u00e4isches Parlament und die B\u00fcrger:innen Europas Warum dies wichtig ist Mit ihrer Reaktion auf die j\u00fcngste Krise in Israel und","og_url":"https:\/\/www.pressenza.com\/de\/2023\/10\/petition-fuer-den-ruecktritt-von-ursula-von-der-leyen-praesidentin-der-europaeischen-kommission\/","og_site_name":"Pressenza","article_publisher":"https:\/\/www.facebook.com\/PressenzaItalia","article_author":"https:\/\/www.facebook.com\/diem25.official.page\/","article_published_time":"2023-10-23T12:15:20+00:00","og_image":[{"width":1920,"height":1280,"url":"https:\/\/www.pressenza.com\/wp-content\/uploads\/2023\/10\/51988071051_1c951f215d_k.jpg","type":"image\/jpeg"}],"author":"DiEM25","twitter_card":"summary_large_image","twitter_creator":"@DiEM_25","twitter_site":"@PressenzaIPA","twitter_misc":{"Verfasst von":"DiEM25","Gesch\u00e4tzte Lesezeit":"3\u00a0Minuten"},"schema":{"@context":"https:\/\/schema.org","@graph":[{"@type":"Article","@id":"https:\/\/www.pressenza.com\/de\/2023\/10\/petition-fuer-den-ruecktritt-von-ursula-von-der-leyen-praesidentin-der-europaeischen-kommission\/#article","isPartOf":{"@id":"https:\/\/www.pressenza.com\/de\/2023\/10\/petition-fuer-den-ruecktritt-von-ursula-von-der-leyen-praesidentin-der-europaeischen-kommission\/"},"author":{"name":"DiEM25","@id":"https:\/\/www.pressenza.com\/de\/#\/schema\/person\/a2b230ea85b325034e1e6f8fb9dfad9e"},"headline":"Petition f\u00fcr den R\u00fccktritt von Ursula von der Leyen, Pr\u00e4sidentin der Europ\u00e4ischen Kommission","datePublished":"2023-10-23T12:15:20+00:00","mainEntityOfPage":{"@id":"https:\/\/www.pressenza.com\/de\/2023\/10\/petition-fuer-den-ruecktritt-von-ursula-von-der-leyen-praesidentin-der-europaeischen-kommission\/"},"wordCount":508,"publisher":{"@id":"https:\/\/www.pressenza.com\/de\/#organization"},"image":{"@id":"https:\/\/www.pressenza.com\/de\/2023\/10\/petition-fuer-den-ruecktritt-von-ursula-von-der-leyen-praesidentin-der-europaeischen-kommission\/#primaryimage"},"thumbnailUrl":"https:\/\/www.pressenza.com\/wp-content\/uploads\/2023\/10\/51988071051_1c951f215d_k.jpg","keywords":["Europ\u00e4ischer Rat","Europ\u00e4isches Parlament","israelisch-pal\u00e4stinensischer Konflikt","Mera25","Nahostkonflikt","petition","R\u00fccktritt","Ursula von der Leyen"],"articleSection":["Europa","Menschenrechte","Mittlerer Osten","Politik"],"inLanguage":"de"},{"@type":"WebPage","@id":"https:\/\/www.pressenza.com\/de\/2023\/10\/petition-fuer-den-ruecktritt-von-ursula-von-der-leyen-praesidentin-der-europaeischen-kommission\/","url":"https:\/\/www.pressenza.com\/de\/2023\/10\/petition-fuer-den-ruecktritt-von-ursula-von-der-leyen-praesidentin-der-europaeischen-kommission\/","name":"Petition f\u00fcr den R\u00fccktritt von Ursula von der Leyen, Pr\u00e4sidentin der Europ\u00e4ischen Kommission","isPartOf":{"@id":"https:\/\/www.pressenza.com\/de\/#website"},"primaryImageOfPage":{"@id":"https:\/\/www.pressenza.com\/de\/2023\/10\/petition-fuer-den-ruecktritt-von-ursula-von-der-leyen-praesidentin-der-europaeischen-kommission\/#primaryimage"},"image":{"@id":"https:\/\/www.pressenza.com\/de\/2023\/10\/petition-fuer-den-ruecktritt-von-ursula-von-der-leyen-praesidentin-der-europaeischen-kommission\/#primaryimage"},"thumbnailUrl":"https:\/\/www.pressenza.com\/wp-content\/uploads\/2023\/10\/51988071051_1c951f215d_k.jpg","datePublished":"2023-10-23T12:15:20+00:00","description":"An: Europ\u00e4ischer Rat, Europ\u00e4isches Parlament und die B\u00fcrger:innen Europas Warum dies wichtig ist Mit ihrer Reaktion auf die j\u00fcngste Krise in Israel und","breadcrumb":{"@id":"https:\/\/www.pressenza.com\/de\/2023\/10\/petition-fuer-den-ruecktritt-von-ursula-von-der-leyen-praesidentin-der-europaeischen-kommission\/#breadcrumb"},"inLanguage":"de","potentialAction":[{"@type":"ReadAction","target":["https:\/\/www.pressenza.com\/de\/2023\/10\/petition-fuer-den-ruecktritt-von-ursula-von-der-leyen-praesidentin-der-europaeischen-kommission\/"]}]},{"@type":"ImageObject","inLanguage":"de","@id":"https:\/\/www.pressenza.com\/de\/2023\/10\/petition-fuer-den-ruecktritt-von-ursula-von-der-leyen-praesidentin-der-europaeischen-kommission\/#primaryimage","url":"https:\/\/www.pressenza.com\/wp-content\/uploads\/2023\/10\/51988071051_1c951f215d_k.jpg","contentUrl":"https:\/\/www.pressenza.com\/wp-content\/uploads\/2023\/10\/51988071051_1c951f215d_k.jpg","width":1920,"height":1280,"caption":"Petition f\u00fcr den R\u00fccktritt von Ursula von der Leyen, Pr\u00e4sidentin der Europ\u00e4ischen Kommission"},{"@type":"BreadcrumbList","@id":"https:\/\/www.pressenza.com\/de\/2023\/10\/petition-fuer-den-ruecktritt-von-ursula-von-der-leyen-praesidentin-der-europaeischen-kommission\/#breadcrumb","itemListElement":[{"@type":"ListItem","position":1,"name":"Accueil","item":"https:\/\/www.pressenza.com\/de\/"},{"@type":"ListItem","position":2,"name":"Petition f\u00fcr den R\u00fccktritt von Ursula von der Leyen, Pr\u00e4sidentin der Europ\u00e4ischen Kommission"}]},{"@type":"WebSite","@id":"https:\/\/www.pressenza.com\/de\/#website","url":"https:\/\/www.pressenza.com\/de\/","name":"Pressenza","description":"International Press Agency","publisher":{"@id":"https:\/\/www.pressenza.com\/de\/#organization"},"potentialAction":[{"@type":"SearchAction","target":{"@type":"EntryPoint","urlTemplate":"https:\/\/www.pressenza.com\/de\/?s={search_term_string}"},"query-input":{"@type":"PropertyValueSpecification","valueRequired":true,"valueName":"search_term_string"}}],"inLanguage":"de"},{"@type":"Organization","@id":"https:\/\/www.pressenza.com\/de\/#organization","name":"Pressenza","url":"https:\/\/www.pressenza.com\/de\/","logo":{"@type":"ImageObject","inLanguage":"de","@id":"https:\/\/www.pressenza.com\/de\/#\/schema\/logo\/image\/","url":"https:\/\/www.pressenza.com\/wp-content\/uploads\/2022\/10\/pressenza_logo_200x200.jpg","contentUrl":"https:\/\/www.pressenza.com\/wp-content\/uploads\/2022\/10\/pressenza_logo_200x200.jpg","width":200,"height":200,"caption":"Pressenza"},"image":{"@id":"https:\/\/www.pressenza.com\/de\/#\/schema\/logo\/image\/"},"sameAs":["https:\/\/www.facebook.com\/PressenzaItalia","https:\/\/x.com\/PressenzaIPA"]},{"@type":"Person","@id":"https:\/\/www.pressenza.com\/de\/#\/schema\/person\/a2b230ea85b325034e1e6f8fb9dfad9e","name":"DiEM25","description":"DiEM25 is a pan-European, cross-border movement of democrats. We believe that the European Union is disintegrating. Europeans are losing their faith in the possibility of European solutions to European problems. At the same time as faith in the EU is waning, we see a rise of misanthropy, xenophobia and toxic nationalism.","sameAs":["https:\/\/www.facebook.com\/diem25.official.page\/","https:\/\/x.com\/DiEM_25"],"url":"https:\/\/www.pressenza.com\/de\/author\/diem25\/"}]}},"place":"","original_article_url":"https:\/\/internal.diem25.org\/de\/petitions\/91","_links":{"self":[{"href":"https:\/\/www.pressenza.com\/de\/wp-json\/wp\/v2\/posts\/1776445","targetHints":{"allow":["GET"]}}],"collection":[{"href":"https:\/\/www.pressenza.com\/de\/wp-json\/wp\/v2\/posts"}],"about":[{"href":"https:\/\/www.pressenza.com\/de\/wp-json\/wp\/v2\/types\/post"}],"author":[{"embeddable":true,"href":"https:\/\/www.pressenza.com\/de\/wp-json\/wp\/v2\/users\/1362"}],"replies":[{"embeddable":true,"href":"https:\/\/www.pressenza.com\/de\/wp-json\/wp\/v2\/comments?post=1776445"}],"version-history":[{"count":0,"href":"https:\/\/www.pressenza.com\/de\/wp-json\/wp\/v2\/posts\/1776445\/revisions"}],"wp:featuredmedia":[{"embeddable":true,"href":"https:\/\/www.pressenza.com\/de\/wp-json\/wp\/v2\/media\/1776449"}],"wp:attachment":[{"href":"https:\/\/www.pressenza.com\/de\/wp-json\/wp\/v2\/media?parent=1776445"}],"wp:term":[{"taxonomy":"category","embeddable":true,"href":"https:\/\/www.pressenza.com\/de\/wp-json\/wp\/v2\/categories?post=1776445"},{"taxonomy":"post_tag","embeddable":true,"href":"https:\/\/www.pressenza.com\/de\/wp-json\/wp\/v2\/tags?post=1776445"}],"curies":[{"name":"wp","href":"https:\/\/api.w.org\/{rel}","templated":true}]}}