{"id":1775221,"date":"2023-10-18T12:44:37","date_gmt":"2023-10-18T11:44:37","guid":{"rendered":"https:\/\/www.pressenza.com\/?p=1775221"},"modified":"2023-10-18T12:44:37","modified_gmt":"2023-10-18T11:44:37","slug":"wettern-der-woche-noch-ist-polen-nicht-verloren","status":"publish","type":"post","link":"https:\/\/www.pressenza.com\/de\/2023\/10\/wettern-der-woche-noch-ist-polen-nicht-verloren\/","title":{"rendered":"Wettern der Woche: Noch ist Polen nicht verloren &#8230;"},"content":{"rendered":"<p><strong>Noch ist Polen nicht verloren &#8230;<\/strong><\/p>\n<p><strong>Es gibt keinen Zweifel, dass die Wahlen in Polen alles andere als frei waren. Dass die halbwegs geeinte Opposition unter Donald Tusk dennoch mehr Stimmen als Polens AfD erhielt, macht hoffnungsfroh, doch das muss nicht viel hei\u00dfen angesichts der ausgekochten Methoden von Rechtspopulisten und Klerus. Gott beh\u00fcte!<\/strong><\/p>\n<p><iframe loading=\"lazy\" title=\"Noch ist Polen nicht verloren \u2013 Grohmanns &quot;Wettern der Woche&quot;\" width=\"500\" height=\"281\" src=\"https:\/\/www.youtube.com\/embed\/ph5_p65vVpU?feature=oembed\" frameborder=\"0\" allow=\"accelerometer; autoplay; clipboard-write; encrypted-media; gyroscope; picture-in-picture; web-share\" referrerpolicy=\"strict-origin-when-cross-origin\" allowfullscreen><\/iframe><\/p>\n<p>Immerhin ist das Polenv\u00f6lkchen mit mehr Arsch in der Hose, vielf\u00e4ltig, hunderttausendfach und monatelang auf den Stra\u00dfen und Pl\u00e4tzen gewesen, jenseits von Oder und Elbe, beispielgebend f\u00fcr die eingeschlafenen F\u00fc\u00dfe der deutschen demokratischen Republikaner. Und das alles trotz Massenmanipulation und Drohungen vorm Weltuntergang, an die man ja auch hier glaubt. Was das angeht: Man wird sehen.<\/p>\n<p>Ob und wann &#8222;die Deutschen&#8220;, die bekanntlich die Demokratie gepachtet haben samt ihren H\u00fctern und diesbez\u00fcglich schon mal eher abf\u00e4llig auf ihre Nachbarn rechts und links schauen, je so eine Mobilisierung schaffen, ist mehr als unsicher, aber sicher unwahrscheinlich. Bei uns sind wir ja schon gl\u00fccklich, wenn&#8217;s Zweitausend sind, die den klugen Parolen folgen: F\u00fcr die freie Republik, f\u00fcr Demokratie &#8211; jetzt! F\u00fcr ein breites B\u00fcndnis gegen rechts gingen vergangenes Wochenende in Stuttgart gro\u00dfz\u00fcgig gerechnet 2.500 Menschen auf die Gass&#8216;. Moment, Moment, weil&#8217;s geregnet hat! Regen h\u00e4lt bekanntlich die Republikaner auf dem Sofa, sonst w\u00e4ren es mit Sicherheit, na, sagen wir mal, OK, vielleicht&#8230; na gut, egal &#8230;<\/p>\n<p>&#8222;Gefahr erkannt &#8211; Gefahr gebannt!&#8220; sagte meine Omi Glimbzsch in Zittau gerne, wenn wir im Riesengebirge, das Schlesierlied auf den Lippen, in die Pilze gingen. &#8222;Das ist der Gef\u00e4hrlichste!&#8220; sagte sie dann und wann und nickte in Richtung Gr\u00fcner Knollenbl\u00e4tterpilz. &#8222;Aber der &#8218;Orangefuchsige Raukopf&#8216; steht dem nicht viel nach&#8220;, konnt&#8216; ich kontern: &#8222;Der kann mit Pfifferlingen verwechselt werden, is aber deutlich brauner!&#8220; &#8211; &#8222;Und duftet zart nach Rettich.&#8220; &#8211; Womit mich meine Omi wieder auf den Boden der Tatsachen trieb, also ins Politische: Die Vergiftungserscheinungen der Gesellschaft nehmen zu, das Braune in allen Schattierungen w\u00e4chst, selbst bei den Jungen &#8211; obwohl <strong><em>wir<\/em><\/strong> wissen genau, wo es langgehen m\u00fcsste. Doch noch nie hat man uns weniger geglaubt als heute.<\/p>\n<p>Auf dem R\u00fcckweg ins heimatliche Zittau und haben wir uns \u00fcbrigens verlaufen, obwohl uns die Wegweisenden alles ganz genau beschrieben hatten. Aber es war der Tag, als der Regen kam. Gibt es auch als Film.<\/p>\n<p>&#8222;H\u00f6re nur, es hei\u00dft, dass die Unseren die Kesselpauken schlagen,&#8220; so singt es schlussendlich in der Polnischen Nationalhymne. Ich h\u00f6r&#8216; aufs Alter immer schlechter. Juda L\u00f6w, geboren am 6. Mai 1786 im j\u00fcdischen Ghetto von Frankfurt\/M., gestorben als Carl Ludwig B\u00f6rne 1837 in Paris, ist der Erfinder des V\u00f6lkerfr\u00fchlings. &#8222;Die Lebenskraft eines Zeitalters liegt nicht in seiner Ernte, sondern in seiner Aussaat&#8220;, hoffte er. Also weiters\u00e4hen.<\/p>\n<p><a href=\"https:\/\/www.youtube.com\/channel\/UCIUhugD7UAKv8008QIch1Rw\" target=\"_blank\" rel=\"noopener\"><em>Peter Grohmann\u2019s \u201eWettern der Woche\u201c<\/em><\/a><\/p>\n<p><em>Peter Grohmann ist Kabarettist und Koordinator des B\u00fcrgerprojekts <a href=\"https:\/\/www.die-anstifter.de\/\" target=\"_blank\" rel=\"noopener\">Die AnStifter.<\/a><\/em><\/p>\n","protected":false},"excerpt":{"rendered":"<p>Noch ist Polen nicht verloren &#8230; Es gibt keinen Zweifel, dass die Wahlen in Polen alles andere als frei waren. Dass die halbwegs geeinte Opposition unter Donald Tusk dennoch mehr Stimmen als Polens AfD erhielt, macht hoffnungsfroh, doch das muss&hellip;<\/p>\n","protected":false},"author":2138,"featured_media":1775222,"comment_status":"closed","ping_status":"closed","sticky":false,"template":"","format":"standard","meta":{"footnotes":""},"categories":[9150,9143,11387,9168,27991],"tags":[102467,11654,24320,16239,19578,102468],"class_list":["post-1775221","post","type-post","status-publish","format-standard","has-post-thumbnail","hentry","category-europa-de","category-meinungen","category-originalinhalt","category-politik","category-video-de","tag-glosse","tag-polen","tag-rechtspopulismus","tag-satire-de","tag-wahlen","tag-wettern-der-woche"],"yoast_head":"<!-- This site is optimized with the Yoast SEO plugin v27.1.1 - https:\/\/yoast.com\/product\/yoast-seo-wordpress\/ -->\n<title>Wettern der Woche: Noch ist Polen nicht verloren ...<\/title>\n<meta name=\"description\" content=\"Noch ist Polen nicht verloren ... Es gibt keinen Zweifel, dass die Wahlen in Polen alles andere als frei waren. Dass die halbwegs geeinte Opposition unter\" \/>\n<meta name=\"robots\" content=\"index, follow, max-snippet:-1, max-image-preview:large, max-video-preview:-1\" \/>\n<link rel=\"canonical\" href=\"https:\/\/www.pressenza.com\/de\/2023\/10\/wettern-der-woche-noch-ist-polen-nicht-verloren\/\" \/>\n<meta property=\"og:locale\" content=\"de_DE\" \/>\n<meta property=\"og:type\" content=\"article\" \/>\n<meta property=\"og:title\" content=\"Wettern der Woche: Noch ist Polen nicht verloren ...\" \/>\n<meta property=\"og:description\" content=\"Noch ist Polen nicht verloren ... Es gibt keinen Zweifel, dass die Wahlen in Polen alles andere als frei waren. Dass die halbwegs geeinte Opposition unter\" \/>\n<meta property=\"og:url\" content=\"https:\/\/www.pressenza.com\/de\/2023\/10\/wettern-der-woche-noch-ist-polen-nicht-verloren\/\" \/>\n<meta property=\"og:site_name\" content=\"Pressenza\" \/>\n<meta property=\"article:publisher\" content=\"https:\/\/www.facebook.com\/PressenzaItalia\" \/>\n<meta property=\"article:published_time\" content=\"2023-10-18T11:44:37+00:00\" \/>\n<meta property=\"og:image\" content=\"https:\/\/www.pressenza.com\/wp-content\/uploads\/2023\/10\/Wettern_der_Woche_noch-ist-Polen-nicht-verloren.jpg\" \/>\n\t<meta property=\"og:image:width\" content=\"1280\" \/>\n\t<meta property=\"og:image:height\" content=\"720\" \/>\n\t<meta property=\"og:image:type\" content=\"image\/jpeg\" \/>\n<meta name=\"author\" content=\"Peter Grohmann\" \/>\n<meta name=\"twitter:card\" content=\"summary_large_image\" \/>\n<meta name=\"twitter:creator\" content=\"@PressenzaIPA\" \/>\n<meta name=\"twitter:site\" content=\"@PressenzaIPA\" \/>\n<meta name=\"twitter:label1\" content=\"Verfasst von\" \/>\n\t<meta name=\"twitter:data1\" content=\"Peter Grohmann\" \/>\n\t<meta name=\"twitter:label2\" content=\"Gesch\u00e4tzte Lesezeit\" \/>\n\t<meta name=\"twitter:data2\" content=\"3\u00a0Minuten\" \/>\n<script type=\"application\/ld+json\" class=\"yoast-schema-graph\">{\"@context\":\"https:\/\/schema.org\",\"@graph\":[{\"@type\":\"Article\",\"@id\":\"https:\/\/www.pressenza.com\/de\/2023\/10\/wettern-der-woche-noch-ist-polen-nicht-verloren\/#article\",\"isPartOf\":{\"@id\":\"https:\/\/www.pressenza.com\/de\/2023\/10\/wettern-der-woche-noch-ist-polen-nicht-verloren\/\"},\"author\":{\"name\":\"Peter Grohmann\",\"@id\":\"https:\/\/www.pressenza.com\/de\/#\/schema\/person\/13fbb69602a371248f3199c744d1187e\"},\"headline\":\"Wettern der Woche: Noch ist Polen nicht verloren &#8230;\",\"datePublished\":\"2023-10-18T11:44:37+00:00\",\"mainEntityOfPage\":{\"@id\":\"https:\/\/www.pressenza.com\/de\/2023\/10\/wettern-der-woche-noch-ist-polen-nicht-verloren\/\"},\"wordCount\":499,\"publisher\":{\"@id\":\"https:\/\/www.pressenza.com\/de\/#organization\"},\"image\":{\"@id\":\"https:\/\/www.pressenza.com\/de\/2023\/10\/wettern-der-woche-noch-ist-polen-nicht-verloren\/#primaryimage\"},\"thumbnailUrl\":\"https:\/\/www.pressenza.com\/wp-content\/uploads\/2023\/10\/Wettern_der_Woche_noch-ist-Polen-nicht-verloren.jpg\",\"keywords\":[\"Glosse\",\"Polen\",\"Rechtspopulismus\",\"satire\",\"Wahlen\",\"Wettern der Woche\"],\"articleSection\":[\"Europa\",\"Meinungen\",\"Originalinhalt\",\"Politik\",\"Video\"],\"inLanguage\":\"de\"},{\"@type\":\"WebPage\",\"@id\":\"https:\/\/www.pressenza.com\/de\/2023\/10\/wettern-der-woche-noch-ist-polen-nicht-verloren\/\",\"url\":\"https:\/\/www.pressenza.com\/de\/2023\/10\/wettern-der-woche-noch-ist-polen-nicht-verloren\/\",\"name\":\"Wettern der Woche: Noch ist Polen nicht verloren ...\",\"isPartOf\":{\"@id\":\"https:\/\/www.pressenza.com\/de\/#website\"},\"primaryImageOfPage\":{\"@id\":\"https:\/\/www.pressenza.com\/de\/2023\/10\/wettern-der-woche-noch-ist-polen-nicht-verloren\/#primaryimage\"},\"image\":{\"@id\":\"https:\/\/www.pressenza.com\/de\/2023\/10\/wettern-der-woche-noch-ist-polen-nicht-verloren\/#primaryimage\"},\"thumbnailUrl\":\"https:\/\/www.pressenza.com\/wp-content\/uploads\/2023\/10\/Wettern_der_Woche_noch-ist-Polen-nicht-verloren.jpg\",\"datePublished\":\"2023-10-18T11:44:37+00:00\",\"description\":\"Noch ist Polen nicht verloren ... Es gibt keinen Zweifel, dass die Wahlen in Polen alles andere als frei waren. Dass die halbwegs geeinte Opposition unter\",\"breadcrumb\":{\"@id\":\"https:\/\/www.pressenza.com\/de\/2023\/10\/wettern-der-woche-noch-ist-polen-nicht-verloren\/#breadcrumb\"},\"inLanguage\":\"de\",\"potentialAction\":[{\"@type\":\"ReadAction\",\"target\":[\"https:\/\/www.pressenza.com\/de\/2023\/10\/wettern-der-woche-noch-ist-polen-nicht-verloren\/\"]}]},{\"@type\":\"ImageObject\",\"inLanguage\":\"de\",\"@id\":\"https:\/\/www.pressenza.com\/de\/2023\/10\/wettern-der-woche-noch-ist-polen-nicht-verloren\/#primaryimage\",\"url\":\"https:\/\/www.pressenza.com\/wp-content\/uploads\/2023\/10\/Wettern_der_Woche_noch-ist-Polen-nicht-verloren.jpg\",\"contentUrl\":\"https:\/\/www.pressenza.com\/wp-content\/uploads\/2023\/10\/Wettern_der_Woche_noch-ist-Polen-nicht-verloren.jpg\",\"width\":1280,\"height\":720,\"caption\":\"Wettern der Woche: Noch ist Polen nicht verloren ...\"},{\"@type\":\"BreadcrumbList\",\"@id\":\"https:\/\/www.pressenza.com\/de\/2023\/10\/wettern-der-woche-noch-ist-polen-nicht-verloren\/#breadcrumb\",\"itemListElement\":[{\"@type\":\"ListItem\",\"position\":1,\"name\":\"Accueil\",\"item\":\"https:\/\/www.pressenza.com\/de\/\"},{\"@type\":\"ListItem\",\"position\":2,\"name\":\"Wettern der Woche: Noch ist Polen nicht verloren &#8230;\"}]},{\"@type\":\"WebSite\",\"@id\":\"https:\/\/www.pressenza.com\/de\/#website\",\"url\":\"https:\/\/www.pressenza.com\/de\/\",\"name\":\"Pressenza\",\"description\":\"International Press Agency\",\"publisher\":{\"@id\":\"https:\/\/www.pressenza.com\/de\/#organization\"},\"potentialAction\":[{\"@type\":\"SearchAction\",\"target\":{\"@type\":\"EntryPoint\",\"urlTemplate\":\"https:\/\/www.pressenza.com\/de\/?s={search_term_string}\"},\"query-input\":{\"@type\":\"PropertyValueSpecification\",\"valueRequired\":true,\"valueName\":\"search_term_string\"}}],\"inLanguage\":\"de\"},{\"@type\":\"Organization\",\"@id\":\"https:\/\/www.pressenza.com\/de\/#organization\",\"name\":\"Pressenza\",\"url\":\"https:\/\/www.pressenza.com\/de\/\",\"logo\":{\"@type\":\"ImageObject\",\"inLanguage\":\"de\",\"@id\":\"https:\/\/www.pressenza.com\/de\/#\/schema\/logo\/image\/\",\"url\":\"https:\/\/www.pressenza.com\/wp-content\/uploads\/2022\/10\/pressenza_logo_200x200.jpg\",\"contentUrl\":\"https:\/\/www.pressenza.com\/wp-content\/uploads\/2022\/10\/pressenza_logo_200x200.jpg\",\"width\":200,\"height\":200,\"caption\":\"Pressenza\"},\"image\":{\"@id\":\"https:\/\/www.pressenza.com\/de\/#\/schema\/logo\/image\/\"},\"sameAs\":[\"https:\/\/www.facebook.com\/PressenzaItalia\",\"https:\/\/x.com\/PressenzaIPA\"]},{\"@type\":\"Person\",\"@id\":\"https:\/\/www.pressenza.com\/de\/#\/schema\/person\/13fbb69602a371248f3199c744d1187e\",\"name\":\"Peter Grohmann\",\"description\":\"(Jahrgang 1937) lebt in Stuttgart, ist Schriftsteller und Kabarettist und arbeitet u.a. f\u00fcr die Wochenzeitung Kontext, de TAZ und diverse andere Medien. Grohmann hat das B\u00fcrgerprojekt Die AnStifter gegr\u00fcndet, heute eine der gro\u00dfen zivilgeellschaftlichen Gruppen mit dem Schwerpunkt \u201egegen Gewalt und Vergessen\u201d. https:\/\/dewiki.de\/Lexikon\/Peter_Grohmann\",\"url\":\"https:\/\/www.pressenza.com\/de\/author\/peter-grohmann\/\"}]}<\/script>\n<!-- \/ Yoast SEO plugin. -->","yoast_head_json":{"title":"Wettern der Woche: Noch ist Polen nicht verloren ...","description":"Noch ist Polen nicht verloren ... Es gibt keinen Zweifel, dass die Wahlen in Polen alles andere als frei waren. Dass die halbwegs geeinte Opposition unter","robots":{"index":"index","follow":"follow","max-snippet":"max-snippet:-1","max-image-preview":"max-image-preview:large","max-video-preview":"max-video-preview:-1"},"canonical":"https:\/\/www.pressenza.com\/de\/2023\/10\/wettern-der-woche-noch-ist-polen-nicht-verloren\/","og_locale":"de_DE","og_type":"article","og_title":"Wettern der Woche: Noch ist Polen nicht verloren ...","og_description":"Noch ist Polen nicht verloren ... Es gibt keinen Zweifel, dass die Wahlen in Polen alles andere als frei waren. Dass die halbwegs geeinte Opposition unter","og_url":"https:\/\/www.pressenza.com\/de\/2023\/10\/wettern-der-woche-noch-ist-polen-nicht-verloren\/","og_site_name":"Pressenza","article_publisher":"https:\/\/www.facebook.com\/PressenzaItalia","article_published_time":"2023-10-18T11:44:37+00:00","og_image":[{"width":1280,"height":720,"url":"https:\/\/www.pressenza.com\/wp-content\/uploads\/2023\/10\/Wettern_der_Woche_noch-ist-Polen-nicht-verloren.jpg","type":"image\/jpeg"}],"author":"Peter Grohmann","twitter_card":"summary_large_image","twitter_creator":"@PressenzaIPA","twitter_site":"@PressenzaIPA","twitter_misc":{"Verfasst von":"Peter Grohmann","Gesch\u00e4tzte Lesezeit":"3\u00a0Minuten"},"schema":{"@context":"https:\/\/schema.org","@graph":[{"@type":"Article","@id":"https:\/\/www.pressenza.com\/de\/2023\/10\/wettern-der-woche-noch-ist-polen-nicht-verloren\/#article","isPartOf":{"@id":"https:\/\/www.pressenza.com\/de\/2023\/10\/wettern-der-woche-noch-ist-polen-nicht-verloren\/"},"author":{"name":"Peter Grohmann","@id":"https:\/\/www.pressenza.com\/de\/#\/schema\/person\/13fbb69602a371248f3199c744d1187e"},"headline":"Wettern der Woche: Noch ist Polen nicht verloren &#8230;","datePublished":"2023-10-18T11:44:37+00:00","mainEntityOfPage":{"@id":"https:\/\/www.pressenza.com\/de\/2023\/10\/wettern-der-woche-noch-ist-polen-nicht-verloren\/"},"wordCount":499,"publisher":{"@id":"https:\/\/www.pressenza.com\/de\/#organization"},"image":{"@id":"https:\/\/www.pressenza.com\/de\/2023\/10\/wettern-der-woche-noch-ist-polen-nicht-verloren\/#primaryimage"},"thumbnailUrl":"https:\/\/www.pressenza.com\/wp-content\/uploads\/2023\/10\/Wettern_der_Woche_noch-ist-Polen-nicht-verloren.jpg","keywords":["Glosse","Polen","Rechtspopulismus","satire","Wahlen","Wettern der Woche"],"articleSection":["Europa","Meinungen","Originalinhalt","Politik","Video"],"inLanguage":"de"},{"@type":"WebPage","@id":"https:\/\/www.pressenza.com\/de\/2023\/10\/wettern-der-woche-noch-ist-polen-nicht-verloren\/","url":"https:\/\/www.pressenza.com\/de\/2023\/10\/wettern-der-woche-noch-ist-polen-nicht-verloren\/","name":"Wettern der Woche: Noch ist Polen nicht verloren ...","isPartOf":{"@id":"https:\/\/www.pressenza.com\/de\/#website"},"primaryImageOfPage":{"@id":"https:\/\/www.pressenza.com\/de\/2023\/10\/wettern-der-woche-noch-ist-polen-nicht-verloren\/#primaryimage"},"image":{"@id":"https:\/\/www.pressenza.com\/de\/2023\/10\/wettern-der-woche-noch-ist-polen-nicht-verloren\/#primaryimage"},"thumbnailUrl":"https:\/\/www.pressenza.com\/wp-content\/uploads\/2023\/10\/Wettern_der_Woche_noch-ist-Polen-nicht-verloren.jpg","datePublished":"2023-10-18T11:44:37+00:00","description":"Noch ist Polen nicht verloren ... Es gibt keinen Zweifel, dass die Wahlen in Polen alles andere als frei waren. Dass die halbwegs geeinte Opposition unter","breadcrumb":{"@id":"https:\/\/www.pressenza.com\/de\/2023\/10\/wettern-der-woche-noch-ist-polen-nicht-verloren\/#breadcrumb"},"inLanguage":"de","potentialAction":[{"@type":"ReadAction","target":["https:\/\/www.pressenza.com\/de\/2023\/10\/wettern-der-woche-noch-ist-polen-nicht-verloren\/"]}]},{"@type":"ImageObject","inLanguage":"de","@id":"https:\/\/www.pressenza.com\/de\/2023\/10\/wettern-der-woche-noch-ist-polen-nicht-verloren\/#primaryimage","url":"https:\/\/www.pressenza.com\/wp-content\/uploads\/2023\/10\/Wettern_der_Woche_noch-ist-Polen-nicht-verloren.jpg","contentUrl":"https:\/\/www.pressenza.com\/wp-content\/uploads\/2023\/10\/Wettern_der_Woche_noch-ist-Polen-nicht-verloren.jpg","width":1280,"height":720,"caption":"Wettern der Woche: Noch ist Polen nicht verloren ..."},{"@type":"BreadcrumbList","@id":"https:\/\/www.pressenza.com\/de\/2023\/10\/wettern-der-woche-noch-ist-polen-nicht-verloren\/#breadcrumb","itemListElement":[{"@type":"ListItem","position":1,"name":"Accueil","item":"https:\/\/www.pressenza.com\/de\/"},{"@type":"ListItem","position":2,"name":"Wettern der Woche: Noch ist Polen nicht verloren &#8230;"}]},{"@type":"WebSite","@id":"https:\/\/www.pressenza.com\/de\/#website","url":"https:\/\/www.pressenza.com\/de\/","name":"Pressenza","description":"International Press Agency","publisher":{"@id":"https:\/\/www.pressenza.com\/de\/#organization"},"potentialAction":[{"@type":"SearchAction","target":{"@type":"EntryPoint","urlTemplate":"https:\/\/www.pressenza.com\/de\/?s={search_term_string}"},"query-input":{"@type":"PropertyValueSpecification","valueRequired":true,"valueName":"search_term_string"}}],"inLanguage":"de"},{"@type":"Organization","@id":"https:\/\/www.pressenza.com\/de\/#organization","name":"Pressenza","url":"https:\/\/www.pressenza.com\/de\/","logo":{"@type":"ImageObject","inLanguage":"de","@id":"https:\/\/www.pressenza.com\/de\/#\/schema\/logo\/image\/","url":"https:\/\/www.pressenza.com\/wp-content\/uploads\/2022\/10\/pressenza_logo_200x200.jpg","contentUrl":"https:\/\/www.pressenza.com\/wp-content\/uploads\/2022\/10\/pressenza_logo_200x200.jpg","width":200,"height":200,"caption":"Pressenza"},"image":{"@id":"https:\/\/www.pressenza.com\/de\/#\/schema\/logo\/image\/"},"sameAs":["https:\/\/www.facebook.com\/PressenzaItalia","https:\/\/x.com\/PressenzaIPA"]},{"@type":"Person","@id":"https:\/\/www.pressenza.com\/de\/#\/schema\/person\/13fbb69602a371248f3199c744d1187e","name":"Peter Grohmann","description":"(Jahrgang 1937) lebt in Stuttgart, ist Schriftsteller und Kabarettist und arbeitet u.a. f\u00fcr die Wochenzeitung Kontext, de TAZ und diverse andere Medien. Grohmann hat das B\u00fcrgerprojekt Die AnStifter gegr\u00fcndet, heute eine der gro\u00dfen zivilgeellschaftlichen Gruppen mit dem Schwerpunkt \u201egegen Gewalt und Vergessen\u201d. https:\/\/dewiki.de\/Lexikon\/Peter_Grohmann","url":"https:\/\/www.pressenza.com\/de\/author\/peter-grohmann\/"}]}},"place":"","original_article_url":"","_links":{"self":[{"href":"https:\/\/www.pressenza.com\/de\/wp-json\/wp\/v2\/posts\/1775221","targetHints":{"allow":["GET"]}}],"collection":[{"href":"https:\/\/www.pressenza.com\/de\/wp-json\/wp\/v2\/posts"}],"about":[{"href":"https:\/\/www.pressenza.com\/de\/wp-json\/wp\/v2\/types\/post"}],"author":[{"embeddable":true,"href":"https:\/\/www.pressenza.com\/de\/wp-json\/wp\/v2\/users\/2138"}],"replies":[{"embeddable":true,"href":"https:\/\/www.pressenza.com\/de\/wp-json\/wp\/v2\/comments?post=1775221"}],"version-history":[{"count":0,"href":"https:\/\/www.pressenza.com\/de\/wp-json\/wp\/v2\/posts\/1775221\/revisions"}],"wp:featuredmedia":[{"embeddable":true,"href":"https:\/\/www.pressenza.com\/de\/wp-json\/wp\/v2\/media\/1775222"}],"wp:attachment":[{"href":"https:\/\/www.pressenza.com\/de\/wp-json\/wp\/v2\/media?parent=1775221"}],"wp:term":[{"taxonomy":"category","embeddable":true,"href":"https:\/\/www.pressenza.com\/de\/wp-json\/wp\/v2\/categories?post=1775221"},{"taxonomy":"post_tag","embeddable":true,"href":"https:\/\/www.pressenza.com\/de\/wp-json\/wp\/v2\/tags?post=1775221"}],"curies":[{"name":"wp","href":"https:\/\/api.w.org\/{rel}","templated":true}]}}