{"id":1766562,"date":"2023-09-21T10:55:51","date_gmt":"2023-09-21T09:55:51","guid":{"rendered":"https:\/\/www.pressenza.com\/?p=1766562"},"modified":"2023-09-21T10:58:54","modified_gmt":"2023-09-21T09:58:54","slug":"frieden-mit-der-erde-schliessen-ein-oekofeministisches-manifest","status":"publish","type":"post","link":"https:\/\/www.pressenza.com\/de\/2023\/09\/frieden-mit-der-erde-schliessen-ein-oekofeministisches-manifest\/","title":{"rendered":"&#8222;Frieden mit der Erde schlie\u00dfen&#8220; \u2013 Ein \u00f6kofeministisches Manifest"},"content":{"rendered":"<div class=\"et_pb_module et_pb_text et_pb_text_0 et_pb_text_align_left et_pb_bg_layout_light\">\n<div class=\"et_pb_text_inner\">\n<p><strong>Anl\u00e4sslich des Internationalen Tages der Umwelt stellte Dr. Vandana Shiva, Gr\u00fcnderin von Navdanya, am 5. Juni diesen Jahres zusammen mit weiteren Frauen der internationalen Bewegung Diverse Women for Diversity (DWD) auf einer Pressekonferenz in Rom das \u00f6kofeministische Manifest &#8222;Making Peace with the Earth&#8220; vor. Das von Navdanya ver\u00f6ffentlichte Manifest ist nun auch in der deutschen \u00dcbersetzung unter dem Titel &#8222;Frieden mit der Erde schlie\u00dfen durch Vielfalt, Gegenseitigkeit, Gewaltlosigkeit und F\u00fcrsorge&#8220; erschienen.<\/strong><\/p>\n<\/div>\n<\/div>\n<div class=\"et_pb_module et_pb_text et_pb_text_1 et_pb_text_align_left et_pb_bg_layout_light\">\n<div class=\"et_pb_text_inner\">\n<h3>Internationales Frauennetzwerk Diverse Women for Diversity<\/h3>\n<p>Die vor \u00fcber 25 Jahren gegr\u00fcndete Bewegung Diverse Women for Diversity (DWD) ist ein internationales Frauennetzwerk, das als Reaktion auf die Bedrohung der biologischen und kulturellen Vielfalt durch die Globalisierung entstand. Bereits auf dem Weltern\u00e4hrungsgipfel 1996 erkl\u00e4rte DWD, dass die Antwort auf die durch konzerngesteuerte Agrarindustrie verursachten Probleme wie Krankheiten, Hunger und Umweltzerst\u00f6rung die St\u00e4rkung der Ern\u00e4hrungssouver\u00e4nit\u00e4t in den H\u00e4nden der Frauen ist.<\/p>\n<p>Heute ist das Netzwerk auf allen Kontinenten vertreten. Ziel ist es, die Energien von Frauen zu b\u00fcndeln, um Alternativen auf der Grundlage von Gleichheit, Gerechtigkeit, Nachhaltigkeit und Frieden zu formulieren und anzubieten. Neben Vandana Shiva und vielen weiteren Frauen aus aller Welt wie der s\u00fcdafrikanischen Friedensaktivistin\u00a0<strong>Ela Gandhi<\/strong>\u00a0sind auch die deutsche Biologin und Umweltaktivistin\u00a0<strong>Christine von Weizs\u00e4cker<\/strong>\u00a0sowie die \u00f6sterreichische TV-K\u00f6chin und Mitglied des Europ\u00e4ischen Parlaments\u00a0<strong>Sarah Wiener<\/strong>\u00a0Teil des Netzwerks.<\/p>\n<\/div>\n<\/div>\n<div class=\"et_pb_module et_pb_text et_pb_text_2 et_pb_text_align_left et_pb_bg_layout_light\">\n<div class=\"et_pb_text_inner\">\n<h3>Entstehung des Manifests &#8222;Frieden mit der Erde schlie\u00dfen&#8220;<\/h3>\n<p>Vor dem Hintergrund des zunehmenden Klimachaos und der Konflikte um nat\u00fcrliche und wirtschaftliche Ressourcen trafen sich vom 2. bis 8. M\u00e4rz diesen Jahres mehr als einhundert Frauen aus allen Teilen der Welt auf der Navdanya Biodiversity Conservation Farm am Fu\u00dfe des Himalaya, um Erfahrungen auszutauschen und alternative Strategien zu entwickeln. Zum Abschluss des Treffens wurde ein gemeinsames Dokument verfasst, um die\u00a0<a href=\"https:\/\/navdanyainternational.org\/de\/stimmen-der-vielfalt-ein-kurzfilm\/\" target=\"_blank\" rel=\"noopener\">Stimmen von B\u00e4uerinnen, Aktivistinnen, Saatguterhalterinnen und Forscherinnen<\/a>\u00a0aus der ganzen Welt zu b\u00fcndeln und gemeinsam die soziale und \u00f6kologische Verantwortung der industriellen Landwirtschaft und der neoliberalen Wirtschaft anzuprangern.<\/p>\n<p><em>&#8222;In einer Welt, die zunehmend vom \u00dcberwachungskapitalismus und der Finanzialisierung aller Lebensformen kontrolliert wird, lehnen wir alle falschen L\u00f6sungen ab und verurteilen sie. Wir widersetzen uns allen Versuchen der Konzerne und ihrer Verb\u00fcndeten, die genetischen Grundlagen des Lebens f\u00fcr den Profit der Konzerne zu ver\u00e4ndern und zu manipulieren. Wir akzeptieren keine gentechnisch ver\u00e4nderten Pflanzen und Tiere, einschlie\u00dflich genmanipulierter Lebensmittel, oder gef\u00e4lschte Lebensmittel, die zu einer noch gr\u00f6\u00dferen Monopolisierung durch die Konzerne f\u00fchren und die biologische Vielfalt weiter zerst\u00f6ren.&#8220;<\/em><\/p>\n<\/div>\n<\/div>\n<div class=\"et_pb_module et_pb_text et_pb_text_3 et_pb_text_align_left et_pb_bg_layout_light\">\n<div class=\"et_pb_text_inner\">\n<h3>Die Rolle der Frauen<\/h3>\n<p>Die industrielle Landwirtschaft mit ihrer inh\u00e4renten Abh\u00e4ngigkeit von Pestiziden und chemischen D\u00fcngemitteln, fossilen Brennstoffen, Monokulturen und gentechnischer Manipulation ist einer der gr\u00f6\u00dften Verursacher der Zerst\u00f6rung von \u00d6kosystemen, von Biodiversit\u00e4tsverlust und Treibhausgasemissionen. Landraub, Patentierungen und Monopole bedrohen weltweit die biologische und kulturelle Vielfalt sowie kleinb\u00e4uerliche Strukturen, die vor allem im globalen S\u00fcden oft von Frauen getragen werden.<\/p>\n<p>So stellen Frauen weltweit 43 % der landwirtschaftlichen Arbeitskr\u00e4fte, sind jedoch in Bezug auf Land- und Viehbesitz, gleiche Bezahlung, Entscheidungsbeteiligung und Zugang zu Krediten und Finanzdienstleistungen stark diskriminiert. Weltweit sind Frauen st\u00e4rker von Ern\u00e4hrungsunsicherheit und Hunger bedroht als M\u00e4nner. Wie in den SDG festgelegt, ist die Gew\u00e4hrleistung sicherer Landrechte f\u00fcr Frauen eine notwendige Voraussetzung f\u00fcr die Beseitigung von Armut und Hunger und die Verwirklichung der Gleichstellung der Geschlechter. Nach Angaben der Vereinten Nationen k\u00f6nnen Frauen mit den gleichen Ressourcen wie M\u00e4nner die landwirtschaftlichen Ertr\u00e4ge um 20-30% steigern und damit das Problem des Hungers um 12-17% verringern. <a href=\"https:\/\/navdanyainternational.org\/launch-of-ecofemnist-manifesto-in-rome-june-2023\/\" target=\"_blank\" rel=\"noopener\">Quelle<\/a><\/p>\n<\/div>\n<\/div>\n<div class=\"et_pb_module et_pb_text et_pb_text_4 et_pb_text_align_left et_pb_bg_layout_light\">\n<div class=\"et_pb_text_inner\">\n<h3>Antworten auf die Krisen unserer Zeit<\/h3>\n<p>Das in sechs Kapitel aufgeteilte Manifest wurde von \u00fcber drei\u00dfig Mitwirkenden verfasst, wobei die verschiedenen Stimmen die kollektive Botschaft des Manifests widerspiegeln: Vielfalt ist der Schl\u00fcssel zum \u00dcberleben. Die Antworten auf die aktuellen Krisen liegen in indigenem Wissen und Frauen, in der Agrar\u00f6kologie und Ern\u00e4hrungssouver\u00e4nit\u00e4t, in der R\u00fcckgewinnung der Gemeing\u00fcter, der Regeneration der Erde und der menschlichen Gemeinschaften, in Dezentralisierung, Diversit\u00e4t und Demokratie sowie im Frieden unter der Nationen und mit der Erde.<\/p>\n<p><em>&#8222;Gegenw\u00e4rtig gibt es \u00fcber 27 Kriege in der Welt, in denen riesige Summen f\u00fcr R\u00fcstungsg\u00fcter ausgegeben werden, die Giftstoffe aussto\u00dfen und unsere \u00d6kosysteme sch\u00e4digen. Diese Gelder k\u00f6nnten stattdessen in die Verbesserung der Gesundheit von Millionen von Frauen und Kindern flie\u00dfen, die von unserer F\u00fcrsorge, unserer Wissenschaft und unserem Wissen profitieren k\u00f6nnten, sowie in Millionen von gesch\u00e4digten Gebieten, die dazu beitragen k\u00f6nnten, die Krise des Klimas zu mildern.&#8220;<\/em><\/p>\n<\/div>\n<\/div>\n<div class=\"et_pb_module et_pb_text et_pb_text_5 et_pb_text_align_left et_pb_bg_layout_light\">\n<div class=\"et_pb_text_inner\">\n<h3>Aufruf zum Handeln<\/h3>\n<p>Das Manifest ist ein Aufruf zum Handeln, der sich sowohl an Staats- und Regierungschefs und internationale Organisationen als auch an Basisbewegungen und an alle Menschen richtet, um das Paradigma der Gier, des Extraktivismus und der Trennung der Menschheit von der Natur zu verlassen und zu einer Wirtschaft der F\u00fcrsorge \u00fcberzugehen, die die \u00d6kosysteme, von denen wir abh\u00e4ngen, n\u00e4hrt und die Sch\u00e4den repariert, die bisher angerichtet wurden. Ein \u00bbweiter so\u00ab ist nicht mehr akzeptabel. Stattdessen fordert das Manifest den \u00dcbergang zu lokalen, biodiversen, \u00f6kologischen Systemen, die in Harmonie mit der Natur und miteinander arbeiten.<\/p>\n<p><em>&#8222;Wir sind alle durch die biologische Vielfalt miteinander verbunden, von den Mikroorganismen im Boden \u00fcber die Pflanzen und Tiere bis hin zu unseren Lebensmitteln und unserem Mikrobiom. Wir brauchen Vielfalt in den Lebensmittelsystemen, Vielfalt beim Saatgut, Vielfalt bei den Lebensmitteln und in den Volkswirtschaften. Wir alle sind durch diese lebendigen Netze der Vielfalt geschaffen und miteinander verbunden.&#8220;<\/em><\/p>\n<p>Auf der\u00a0<a href=\"https:\/\/www.youtube.com\/watch?v=gHpO-3OGWPk\" target=\"_blank\" rel=\"noopener\">Pressekonferenz in Rom<\/a>, bei der das Manifest erstmals der \u00d6ffentlichkeit vorgestellt wurde, schloss Dr. Shiva mit den folgenden Worten, gerichtet an die Patriarchen dieser Welt:<\/p>\n<p><em><strong>&#8222;H\u00e4nde weg von unserem Saatgut und von unserer Nahrung. Wir werden diese sch\u00f6ne Erde, ihre Artenvielfalt, unsere Nahrung und unsere Zukunft mit unserer tiefsten Liebe und mit tiefstem Widerstand aus dieser tiefen Liebe heraus verteidigen.&#8220;<\/strong><\/em><\/p>\n<\/div>\n<\/div>\n<div class=\"et_pb_module et_pb_text et_pb_text_6 et_clickable et_pb_text_align_left et_pb_bg_layout_light\">\n<div class=\"et_pb_text_inner\">\n<p><strong><a href=\"https:\/\/vandana-shiva.de\/wp-content\/uploads\/2023\/09\/manifest-frieden-mit-der-erde-schliessen.pdf\" target=\"_blank\" rel=\"noopener\">Das gesamte Manifest &#8222;Frieden mit der Erde schlie\u00dfen&#8220; als PDF-Download<\/a><\/strong><\/p>\n<\/div>\n<\/div>\n","protected":false},"excerpt":{"rendered":"<p>Anl\u00e4sslich des Internationalen Tages der Umwelt stellte Dr. Vandana Shiva, Gr\u00fcnderin von Navdanya, am 5. Juni diesen Jahres zusammen mit weiteren Frauen der internationalen Bewegung Diverse Women for Diversity (DWD) auf einer Pressekonferenz in Rom das \u00f6kofeministische Manifest &#8222;Making Peace&hellip;<\/p>\n","protected":false},"author":1097,"featured_media":1766567,"comment_status":"closed","ping_status":"closed","sticky":false,"template":"","format":"standard","meta":{"footnotes":""},"categories":[54510,9166,9157,9145,9165],"tags":[54602,42831,9439,9262,103603,56006,39854,88142,58486,85064,16018],"class_list":["post-1766562","post","type-post","status-publish","format-standard","has-post-thumbnail","hentry","category-gender-und-feminismen","category-gewaltfreiheit","category-oekologie-und-umwelt","category-pressemitteilungen","category-vielfalt","tag-biodiversitaet","tag-erde","tag-frauen","tag-frieden","tag-fuersorge","tag-kleinbaeuerinnen","tag-liebe","tag-oekofeminismus","tag-oekosysteme","tag-vandana-shiva-de","tag-vielfalt"],"yoast_head":"<!-- This site is optimized with the Yoast SEO plugin v27.1.1 - https:\/\/yoast.com\/product\/yoast-seo-wordpress\/ -->\n<title>&quot;Frieden mit der Erde schlie\u00dfen&quot; \u2013 Ein \u00f6kofeministisches Manifest<\/title>\n<meta name=\"description\" content=\"Anl\u00e4sslich des Internationalen Tages der Umwelt stellte Dr. Vandana Shiva, Gr\u00fcnderin von Navdanya, am 5. Juni diesen Jahres zusammen mit weiteren Frauen\" \/>\n<meta name=\"robots\" content=\"index, follow, max-snippet:-1, max-image-preview:large, max-video-preview:-1\" \/>\n<link rel=\"canonical\" href=\"https:\/\/www.pressenza.com\/de\/2023\/09\/frieden-mit-der-erde-schliessen-ein-oekofeministisches-manifest\/\" \/>\n<meta property=\"og:locale\" content=\"de_DE\" \/>\n<meta property=\"og:type\" content=\"article\" \/>\n<meta property=\"og:title\" content=\"&quot;Frieden mit der Erde schlie\u00dfen&quot; \u2013 Ein \u00f6kofeministisches Manifest\" \/>\n<meta property=\"og:description\" content=\"Anl\u00e4sslich des Internationalen Tages der Umwelt stellte Dr. Vandana Shiva, Gr\u00fcnderin von Navdanya, am 5. Juni diesen Jahres zusammen mit weiteren Frauen\" \/>\n<meta property=\"og:url\" content=\"https:\/\/www.pressenza.com\/de\/2023\/09\/frieden-mit-der-erde-schliessen-ein-oekofeministisches-manifest\/\" \/>\n<meta property=\"og:site_name\" content=\"Pressenza\" \/>\n<meta property=\"article:publisher\" content=\"https:\/\/www.facebook.com\/PressenzaItalia\" \/>\n<meta property=\"article:author\" content=\"https:\/\/www.facebook.com\/Pressenza-Deutschland-sterreich-Schweiz-281675388658060\/timeline\/\" \/>\n<meta property=\"article:published_time\" content=\"2023-09-21T09:55:51+00:00\" \/>\n<meta property=\"article:modified_time\" content=\"2023-09-21T09:58:54+00:00\" \/>\n<meta property=\"og:image\" content=\"https:\/\/www.pressenza.com\/wp-content\/uploads\/2023\/09\/Manifest-Frieden-mit-der-Erde.jpg\" \/>\n\t<meta property=\"og:image:width\" content=\"944\" \/>\n\t<meta property=\"og:image:height\" content=\"668\" \/>\n\t<meta property=\"og:image:type\" content=\"image\/jpeg\" \/>\n<meta name=\"author\" content=\"Pressenza Muenchen\" \/>\n<meta name=\"twitter:card\" content=\"summary_large_image\" \/>\n<meta name=\"twitter:creator\" content=\"@pressenza_ger\" \/>\n<meta name=\"twitter:site\" content=\"@PressenzaIPA\" \/>\n<meta name=\"twitter:label1\" content=\"Verfasst von\" \/>\n\t<meta name=\"twitter:data1\" content=\"Pressenza Muenchen\" \/>\n\t<meta name=\"twitter:label2\" content=\"Gesch\u00e4tzte Lesezeit\" \/>\n\t<meta name=\"twitter:data2\" content=\"5\u00a0Minuten\" \/>\n<script type=\"application\/ld+json\" class=\"yoast-schema-graph\">{\"@context\":\"https:\/\/schema.org\",\"@graph\":[{\"@type\":\"Article\",\"@id\":\"https:\/\/www.pressenza.com\/de\/2023\/09\/frieden-mit-der-erde-schliessen-ein-oekofeministisches-manifest\/#article\",\"isPartOf\":{\"@id\":\"https:\/\/www.pressenza.com\/de\/2023\/09\/frieden-mit-der-erde-schliessen-ein-oekofeministisches-manifest\/\"},\"author\":{\"name\":\"Pressenza Muenchen\",\"@id\":\"https:\/\/www.pressenza.com\/de\/#\/schema\/person\/0069724cfb2cb9785368a167d0d900b7\"},\"headline\":\"&#8222;Frieden mit der Erde schlie\u00dfen&#8220; \u2013 Ein \u00f6kofeministisches Manifest\",\"datePublished\":\"2023-09-21T09:55:51+00:00\",\"dateModified\":\"2023-09-21T09:58:54+00:00\",\"mainEntityOfPage\":{\"@id\":\"https:\/\/www.pressenza.com\/de\/2023\/09\/frieden-mit-der-erde-schliessen-ein-oekofeministisches-manifest\/\"},\"wordCount\":997,\"publisher\":{\"@id\":\"https:\/\/www.pressenza.com\/de\/#organization\"},\"image\":{\"@id\":\"https:\/\/www.pressenza.com\/de\/2023\/09\/frieden-mit-der-erde-schliessen-ein-oekofeministisches-manifest\/#primaryimage\"},\"thumbnailUrl\":\"https:\/\/www.pressenza.com\/wp-content\/uploads\/2023\/09\/Manifest-Frieden-mit-der-Erde.jpg\",\"keywords\":[\"Biodiversit\u00e4t\",\"Erde\",\"Frauen\",\"Frieden\",\"F\u00fcrsorge\",\"Kleinb\u00e4uer*innen\",\"Liebe\",\"\u00d6kofeminismus\",\"\u00d6kosysteme\",\"vandana shiva\",\"Vielfalt\"],\"articleSection\":[\"Gender und Feminismen\",\"Gewaltfreiheit\",\"\u00d6kologie und Umwelt\",\"Pressemitteilungen\",\"Vielfalt\"],\"inLanguage\":\"de\"},{\"@type\":\"WebPage\",\"@id\":\"https:\/\/www.pressenza.com\/de\/2023\/09\/frieden-mit-der-erde-schliessen-ein-oekofeministisches-manifest\/\",\"url\":\"https:\/\/www.pressenza.com\/de\/2023\/09\/frieden-mit-der-erde-schliessen-ein-oekofeministisches-manifest\/\",\"name\":\"\\\"Frieden mit der Erde schlie\u00dfen\\\" \u2013 Ein \u00f6kofeministisches Manifest\",\"isPartOf\":{\"@id\":\"https:\/\/www.pressenza.com\/de\/#website\"},\"primaryImageOfPage\":{\"@id\":\"https:\/\/www.pressenza.com\/de\/2023\/09\/frieden-mit-der-erde-schliessen-ein-oekofeministisches-manifest\/#primaryimage\"},\"image\":{\"@id\":\"https:\/\/www.pressenza.com\/de\/2023\/09\/frieden-mit-der-erde-schliessen-ein-oekofeministisches-manifest\/#primaryimage\"},\"thumbnailUrl\":\"https:\/\/www.pressenza.com\/wp-content\/uploads\/2023\/09\/Manifest-Frieden-mit-der-Erde.jpg\",\"datePublished\":\"2023-09-21T09:55:51+00:00\",\"dateModified\":\"2023-09-21T09:58:54+00:00\",\"description\":\"Anl\u00e4sslich des Internationalen Tages der Umwelt stellte Dr. Vandana Shiva, Gr\u00fcnderin von Navdanya, am 5. Juni diesen Jahres zusammen mit weiteren Frauen\",\"breadcrumb\":{\"@id\":\"https:\/\/www.pressenza.com\/de\/2023\/09\/frieden-mit-der-erde-schliessen-ein-oekofeministisches-manifest\/#breadcrumb\"},\"inLanguage\":\"de\",\"potentialAction\":[{\"@type\":\"ReadAction\",\"target\":[\"https:\/\/www.pressenza.com\/de\/2023\/09\/frieden-mit-der-erde-schliessen-ein-oekofeministisches-manifest\/\"]}]},{\"@type\":\"ImageObject\",\"inLanguage\":\"de\",\"@id\":\"https:\/\/www.pressenza.com\/de\/2023\/09\/frieden-mit-der-erde-schliessen-ein-oekofeministisches-manifest\/#primaryimage\",\"url\":\"https:\/\/www.pressenza.com\/wp-content\/uploads\/2023\/09\/Manifest-Frieden-mit-der-Erde.jpg\",\"contentUrl\":\"https:\/\/www.pressenza.com\/wp-content\/uploads\/2023\/09\/Manifest-Frieden-mit-der-Erde.jpg\",\"width\":944,\"height\":668},{\"@type\":\"BreadcrumbList\",\"@id\":\"https:\/\/www.pressenza.com\/de\/2023\/09\/frieden-mit-der-erde-schliessen-ein-oekofeministisches-manifest\/#breadcrumb\",\"itemListElement\":[{\"@type\":\"ListItem\",\"position\":1,\"name\":\"Accueil\",\"item\":\"https:\/\/www.pressenza.com\/de\/\"},{\"@type\":\"ListItem\",\"position\":2,\"name\":\"&#8222;Frieden mit der Erde schlie\u00dfen&#8220; \u2013 Ein \u00f6kofeministisches Manifest\"}]},{\"@type\":\"WebSite\",\"@id\":\"https:\/\/www.pressenza.com\/de\/#website\",\"url\":\"https:\/\/www.pressenza.com\/de\/\",\"name\":\"Pressenza\",\"description\":\"International Press Agency\",\"publisher\":{\"@id\":\"https:\/\/www.pressenza.com\/de\/#organization\"},\"potentialAction\":[{\"@type\":\"SearchAction\",\"target\":{\"@type\":\"EntryPoint\",\"urlTemplate\":\"https:\/\/www.pressenza.com\/de\/?s={search_term_string}\"},\"query-input\":{\"@type\":\"PropertyValueSpecification\",\"valueRequired\":true,\"valueName\":\"search_term_string\"}}],\"inLanguage\":\"de\"},{\"@type\":\"Organization\",\"@id\":\"https:\/\/www.pressenza.com\/de\/#organization\",\"name\":\"Pressenza\",\"url\":\"https:\/\/www.pressenza.com\/de\/\",\"logo\":{\"@type\":\"ImageObject\",\"inLanguage\":\"de\",\"@id\":\"https:\/\/www.pressenza.com\/de\/#\/schema\/logo\/image\/\",\"url\":\"https:\/\/www.pressenza.com\/wp-content\/uploads\/2022\/10\/pressenza_logo_200x200.jpg\",\"contentUrl\":\"https:\/\/www.pressenza.com\/wp-content\/uploads\/2022\/10\/pressenza_logo_200x200.jpg\",\"width\":200,\"height\":200,\"caption\":\"Pressenza\"},\"image\":{\"@id\":\"https:\/\/www.pressenza.com\/de\/#\/schema\/logo\/image\/\"},\"sameAs\":[\"https:\/\/www.facebook.com\/PressenzaItalia\",\"https:\/\/x.com\/PressenzaIPA\"]},{\"@type\":\"Person\",\"@id\":\"https:\/\/www.pressenza.com\/de\/#\/schema\/person\/0069724cfb2cb9785368a167d0d900b7\",\"name\":\"Pressenza Muenchen\",\"description\":\"News from the Pressenza bureau in Munich, Germany\",\"sameAs\":[\"https:\/\/www.facebook.com\/Pressenza-Deutschland-sterreich-Schweiz-281675388658060\/timeline\/\",\"https:\/\/x.com\/pressenza_ger\"],\"url\":\"https:\/\/www.pressenza.com\/de\/author\/pressenza-muenchen\/\"}]}<\/script>\n<!-- \/ Yoast SEO plugin. -->","yoast_head_json":{"title":"\"Frieden mit der Erde schlie\u00dfen\" \u2013 Ein \u00f6kofeministisches Manifest","description":"Anl\u00e4sslich des Internationalen Tages der Umwelt stellte Dr. Vandana Shiva, Gr\u00fcnderin von Navdanya, am 5. Juni diesen Jahres zusammen mit weiteren Frauen","robots":{"index":"index","follow":"follow","max-snippet":"max-snippet:-1","max-image-preview":"max-image-preview:large","max-video-preview":"max-video-preview:-1"},"canonical":"https:\/\/www.pressenza.com\/de\/2023\/09\/frieden-mit-der-erde-schliessen-ein-oekofeministisches-manifest\/","og_locale":"de_DE","og_type":"article","og_title":"\"Frieden mit der Erde schlie\u00dfen\" \u2013 Ein \u00f6kofeministisches Manifest","og_description":"Anl\u00e4sslich des Internationalen Tages der Umwelt stellte Dr. Vandana Shiva, Gr\u00fcnderin von Navdanya, am 5. Juni diesen Jahres zusammen mit weiteren Frauen","og_url":"https:\/\/www.pressenza.com\/de\/2023\/09\/frieden-mit-der-erde-schliessen-ein-oekofeministisches-manifest\/","og_site_name":"Pressenza","article_publisher":"https:\/\/www.facebook.com\/PressenzaItalia","article_author":"https:\/\/www.facebook.com\/Pressenza-Deutschland-sterreich-Schweiz-281675388658060\/timeline\/","article_published_time":"2023-09-21T09:55:51+00:00","article_modified_time":"2023-09-21T09:58:54+00:00","og_image":[{"width":944,"height":668,"url":"https:\/\/www.pressenza.com\/wp-content\/uploads\/2023\/09\/Manifest-Frieden-mit-der-Erde.jpg","type":"image\/jpeg"}],"author":"Pressenza Muenchen","twitter_card":"summary_large_image","twitter_creator":"@pressenza_ger","twitter_site":"@PressenzaIPA","twitter_misc":{"Verfasst von":"Pressenza Muenchen","Gesch\u00e4tzte Lesezeit":"5\u00a0Minuten"},"schema":{"@context":"https:\/\/schema.org","@graph":[{"@type":"Article","@id":"https:\/\/www.pressenza.com\/de\/2023\/09\/frieden-mit-der-erde-schliessen-ein-oekofeministisches-manifest\/#article","isPartOf":{"@id":"https:\/\/www.pressenza.com\/de\/2023\/09\/frieden-mit-der-erde-schliessen-ein-oekofeministisches-manifest\/"},"author":{"name":"Pressenza Muenchen","@id":"https:\/\/www.pressenza.com\/de\/#\/schema\/person\/0069724cfb2cb9785368a167d0d900b7"},"headline":"&#8222;Frieden mit der Erde schlie\u00dfen&#8220; \u2013 Ein \u00f6kofeministisches Manifest","datePublished":"2023-09-21T09:55:51+00:00","dateModified":"2023-09-21T09:58:54+00:00","mainEntityOfPage":{"@id":"https:\/\/www.pressenza.com\/de\/2023\/09\/frieden-mit-der-erde-schliessen-ein-oekofeministisches-manifest\/"},"wordCount":997,"publisher":{"@id":"https:\/\/www.pressenza.com\/de\/#organization"},"image":{"@id":"https:\/\/www.pressenza.com\/de\/2023\/09\/frieden-mit-der-erde-schliessen-ein-oekofeministisches-manifest\/#primaryimage"},"thumbnailUrl":"https:\/\/www.pressenza.com\/wp-content\/uploads\/2023\/09\/Manifest-Frieden-mit-der-Erde.jpg","keywords":["Biodiversit\u00e4t","Erde","Frauen","Frieden","F\u00fcrsorge","Kleinb\u00e4uer*innen","Liebe","\u00d6kofeminismus","\u00d6kosysteme","vandana shiva","Vielfalt"],"articleSection":["Gender und Feminismen","Gewaltfreiheit","\u00d6kologie und Umwelt","Pressemitteilungen","Vielfalt"],"inLanguage":"de"},{"@type":"WebPage","@id":"https:\/\/www.pressenza.com\/de\/2023\/09\/frieden-mit-der-erde-schliessen-ein-oekofeministisches-manifest\/","url":"https:\/\/www.pressenza.com\/de\/2023\/09\/frieden-mit-der-erde-schliessen-ein-oekofeministisches-manifest\/","name":"\"Frieden mit der Erde schlie\u00dfen\" \u2013 Ein \u00f6kofeministisches Manifest","isPartOf":{"@id":"https:\/\/www.pressenza.com\/de\/#website"},"primaryImageOfPage":{"@id":"https:\/\/www.pressenza.com\/de\/2023\/09\/frieden-mit-der-erde-schliessen-ein-oekofeministisches-manifest\/#primaryimage"},"image":{"@id":"https:\/\/www.pressenza.com\/de\/2023\/09\/frieden-mit-der-erde-schliessen-ein-oekofeministisches-manifest\/#primaryimage"},"thumbnailUrl":"https:\/\/www.pressenza.com\/wp-content\/uploads\/2023\/09\/Manifest-Frieden-mit-der-Erde.jpg","datePublished":"2023-09-21T09:55:51+00:00","dateModified":"2023-09-21T09:58:54+00:00","description":"Anl\u00e4sslich des Internationalen Tages der Umwelt stellte Dr. Vandana Shiva, Gr\u00fcnderin von Navdanya, am 5. Juni diesen Jahres zusammen mit weiteren Frauen","breadcrumb":{"@id":"https:\/\/www.pressenza.com\/de\/2023\/09\/frieden-mit-der-erde-schliessen-ein-oekofeministisches-manifest\/#breadcrumb"},"inLanguage":"de","potentialAction":[{"@type":"ReadAction","target":["https:\/\/www.pressenza.com\/de\/2023\/09\/frieden-mit-der-erde-schliessen-ein-oekofeministisches-manifest\/"]}]},{"@type":"ImageObject","inLanguage":"de","@id":"https:\/\/www.pressenza.com\/de\/2023\/09\/frieden-mit-der-erde-schliessen-ein-oekofeministisches-manifest\/#primaryimage","url":"https:\/\/www.pressenza.com\/wp-content\/uploads\/2023\/09\/Manifest-Frieden-mit-der-Erde.jpg","contentUrl":"https:\/\/www.pressenza.com\/wp-content\/uploads\/2023\/09\/Manifest-Frieden-mit-der-Erde.jpg","width":944,"height":668},{"@type":"BreadcrumbList","@id":"https:\/\/www.pressenza.com\/de\/2023\/09\/frieden-mit-der-erde-schliessen-ein-oekofeministisches-manifest\/#breadcrumb","itemListElement":[{"@type":"ListItem","position":1,"name":"Accueil","item":"https:\/\/www.pressenza.com\/de\/"},{"@type":"ListItem","position":2,"name":"&#8222;Frieden mit der Erde schlie\u00dfen&#8220; \u2013 Ein \u00f6kofeministisches Manifest"}]},{"@type":"WebSite","@id":"https:\/\/www.pressenza.com\/de\/#website","url":"https:\/\/www.pressenza.com\/de\/","name":"Pressenza","description":"International Press Agency","publisher":{"@id":"https:\/\/www.pressenza.com\/de\/#organization"},"potentialAction":[{"@type":"SearchAction","target":{"@type":"EntryPoint","urlTemplate":"https:\/\/www.pressenza.com\/de\/?s={search_term_string}"},"query-input":{"@type":"PropertyValueSpecification","valueRequired":true,"valueName":"search_term_string"}}],"inLanguage":"de"},{"@type":"Organization","@id":"https:\/\/www.pressenza.com\/de\/#organization","name":"Pressenza","url":"https:\/\/www.pressenza.com\/de\/","logo":{"@type":"ImageObject","inLanguage":"de","@id":"https:\/\/www.pressenza.com\/de\/#\/schema\/logo\/image\/","url":"https:\/\/www.pressenza.com\/wp-content\/uploads\/2022\/10\/pressenza_logo_200x200.jpg","contentUrl":"https:\/\/www.pressenza.com\/wp-content\/uploads\/2022\/10\/pressenza_logo_200x200.jpg","width":200,"height":200,"caption":"Pressenza"},"image":{"@id":"https:\/\/www.pressenza.com\/de\/#\/schema\/logo\/image\/"},"sameAs":["https:\/\/www.facebook.com\/PressenzaItalia","https:\/\/x.com\/PressenzaIPA"]},{"@type":"Person","@id":"https:\/\/www.pressenza.com\/de\/#\/schema\/person\/0069724cfb2cb9785368a167d0d900b7","name":"Pressenza Muenchen","description":"News from the Pressenza bureau in Munich, Germany","sameAs":["https:\/\/www.facebook.com\/Pressenza-Deutschland-sterreich-Schweiz-281675388658060\/timeline\/","https:\/\/x.com\/pressenza_ger"],"url":"https:\/\/www.pressenza.com\/de\/author\/pressenza-muenchen\/"}]}},"place":"","original_article_url":"https:\/\/vandana-shiva.de\/pressemitteilungen\/frieden-erde-okofeministisches-manifest\/","_links":{"self":[{"href":"https:\/\/www.pressenza.com\/de\/wp-json\/wp\/v2\/posts\/1766562","targetHints":{"allow":["GET"]}}],"collection":[{"href":"https:\/\/www.pressenza.com\/de\/wp-json\/wp\/v2\/posts"}],"about":[{"href":"https:\/\/www.pressenza.com\/de\/wp-json\/wp\/v2\/types\/post"}],"author":[{"embeddable":true,"href":"https:\/\/www.pressenza.com\/de\/wp-json\/wp\/v2\/users\/1097"}],"replies":[{"embeddable":true,"href":"https:\/\/www.pressenza.com\/de\/wp-json\/wp\/v2\/comments?post=1766562"}],"version-history":[{"count":0,"href":"https:\/\/www.pressenza.com\/de\/wp-json\/wp\/v2\/posts\/1766562\/revisions"}],"wp:featuredmedia":[{"embeddable":true,"href":"https:\/\/www.pressenza.com\/de\/wp-json\/wp\/v2\/media\/1766567"}],"wp:attachment":[{"href":"https:\/\/www.pressenza.com\/de\/wp-json\/wp\/v2\/media?parent=1766562"}],"wp:term":[{"taxonomy":"category","embeddable":true,"href":"https:\/\/www.pressenza.com\/de\/wp-json\/wp\/v2\/categories?post=1766562"},{"taxonomy":"post_tag","embeddable":true,"href":"https:\/\/www.pressenza.com\/de\/wp-json\/wp\/v2\/tags?post=1766562"}],"curies":[{"name":"wp","href":"https:\/\/api.w.org\/{rel}","templated":true}]}}