{"id":1765115,"date":"2023-09-14T15:08:42","date_gmt":"2023-09-14T14:08:42","guid":{"rendered":"https:\/\/www.pressenza.com\/?p=1765115"},"modified":"2023-09-14T15:08:42","modified_gmt":"2023-09-14T14:08:42","slug":"ver-di-bundeskongress-sagt-nein-gegen-krieg-militarisierung-und-burgfrieden","status":"publish","type":"post","link":"https:\/\/www.pressenza.com\/de\/2023\/09\/ver-di-bundeskongress-sagt-nein-gegen-krieg-militarisierung-und-burgfrieden\/","title":{"rendered":"ver.di Bundeskongress \u2013 Sagt Nein gegen Krieg, Militarisierung und Burgfrieden!"},"content":{"rendered":"<p><strong>Inzwischen haben 11 000 Gewerkschafter*innen den Aufruf unterschrieben. \u201c<a href=\"https:\/\/www.change.org\/p\/sagt-nein-gewerkschafter-innen-gegen-krieg-militarismus-und-burgfrieden?recruiter=522489011&amp;recruited_by_id=393133c1-690b-4b10-b596-fd56528bbcf6&amp;utm_source=share_petition&amp;utm_medium=copylink&amp;utm_campaign=petition_dashboard\" target=\"_blank\" rel=\"noopener\">Sagt Nein \u2013 Gewerkschafter:innen gegen Krieg, Militarismus und Burgfrieden<\/a><\/strong>\u201d!<\/p>\n<p><em>Wer noch nicht unterschrieben hat, kann es <a href=\"https:\/\/www.change.org\/p\/sagt-nein-gewerkschafter-innen-gegen-krieg-militarismus-und-burgfrieden?recruiter=522489011&amp;recruited_by_id=393133c1-690b-4b10-b596-fd56528bbcf6&amp;utm_source=share_petition&amp;utm_medium=copylink&amp;utm_campaign=petition_dashboard\" target=\"_blank\" rel=\"noopener\"><strong>hier<\/strong><\/a> tun.<\/em><\/p>\n<p style=\"text-align: center;\"><strong>Am Sonntag, den 17.September, 10 Uhr<\/strong> <strong>vor dem Estrel-Hotel, Sonnenallee 225 \u2013 Kreuzberg<\/strong>, <strong>zeigen<\/strong> <strong>wir Flagge<\/strong>.<\/p>\n<blockquote><p><em>\u201cWir werden die Delegierten\u201d, schreibt das B\u00fcndnis, \u201cmit ihrer wichtigen Diskussion und <strong>Entscheidung \u00fcber die Haltung unserer Gewerkschaft zu Krieg und Frieden<\/strong> nicht alleine lassen.\u201d<\/em><\/p><\/blockquote>\n<p>Ja machen wir den Delegierten des ver.di Bundeskongresses nochmals deutlich, was Tausende von Gewerkschaftsaktivist*innen erwarten.<\/p>\n<p><strong>Keine Aufweichung der Haltung der DGB Gewerkschaften gege<\/strong>n <strong>Krieg und Militarisierung<\/strong>. \u201c<strong>Frieden ist nicht alles, aber ohne Frieden ist alles nichts<\/strong>!\u201d<\/p>\n<p>Haltet fest, was uns die Geschichte lehrt. Kein erneuter Kniefall der Gewerkschaften vor militaristischer und imperialer Logik! Unsere Leitlinie muss sein: Wir ziehen nicht in Eure Kriege! Wir zahlen nicht f\u00fcr Eure Kriege! Stimmt gegen den Leitangtrag!<\/p>\n<p>In der <a href=\"https:\/\/www.change.org\/p\/sagt-nein-gewerkschafter-innen-gegen-krieg-militarismus-und-burgfrieden?recruiter=522489011&amp;recruited_by_id=393133c1-690b-4b10-b596-fd56528bbcf6&amp;utm_source=share_petition&amp;utm_medium=copylink&amp;utm_campaign=petition_dashboard\" target=\"_blank\" rel=\"noopener\">Petition Sagt Nein<\/a> heisst es:<\/p>\n<blockquote><p><em>\u201cNachdem der DGB-Bundeskongress 2022 auf Betreiben des DGB-Bundesvorstandes und unter Bruch unserer Satzungen und Beschl\u00fcsse das \u201e<strong>Ja! zu Waffenlieferungen<\/strong>\u201c beschlossen hat, soll dies jetzt auf <strong>Initiative des ver.di-Vorstandes<\/strong>, <strong>unterst\u00fctzt durch den Gewerkschaftsrat<\/strong> auch auf dem ver.di-Bundeskongress nachvollzogen werden: <strong>Ja! zu<\/strong> einer <strong>Kriegslogik<\/strong>, die unter dem <strong>Deckmantel eines sogenannten \u201eumfassenden Sicherheitsbegriffs\u201c<\/strong> ausdr\u00fccklich <strong>\u201emilit\u00e4rische Sicherheit\u201c<\/strong>, indirekt <strong>\u201eAuf- und Hochr\u00fcstung\u201c<\/strong> und <strong>Kriegseins\u00e4tze auch deutscher Soldat:innen<\/strong> bef\u00fcrwortet \u2013 <strong>\u201ewas zur Erf\u00fcllung ihrer Aufgaben in der Landes- und B\u00fcndnisverteidigung erforderlich ist\u201c<\/strong> und das alles unter der den wahren Kern verschleiernden \u00dcberschrift: <a href=\"https:\/\/www.sagtnein.de\/ver.di-leitantrag-buko\/\" target=\"_blank\" rel=\"noopener\"><strong>\u201ePerspektiven f\u00fcr Frieden, Sicherheit und Abr\u00fcstung in einer Welt im Umbruch\u201c<\/strong><\/a>.<\/em> (Alle in Anf\u00fchrung gesetzten kursiven Passagen sind Originaltext des Leitangtrags)<\/p>\n<p>\u201cMit vielen Worten und dem Appell an die <em>\u201ebesondere Verantwortung\u201c<\/em> der Regierenden garniert, sollen die Delegierten die Hand heben f\u00fcr den Schulterschluss der Gewerkschaften mit der deutschen Regierung, insbesondere f\u00fcr die milit\u00e4rische Unterst\u00fctzung der Ukraine. <strong>Heute sind dies Waffenlieferungen bis hin zu weltweit ge\u00e4chteten Streubomben, morgen k\u00f6nnen das schon Soldat:innen sein!<\/strong> Das 100 Milliarden-Hochr\u00fcstungsprogramm wird nur teilweise abgelehnt, weil es <em>\u201eausschlie\u00dflich f\u00fcr die Bundeswehr\u201c<\/em> ist; weil dieselbe Regierung nach wie vor unbeirrt und ungeniert mit demselben neoliberalen Austrocknungsprogramm der \u00d6ffentlichen Daseinsvorsorge fortf\u00e4hrt, so wie alle ihre Vorg\u00e4ngerregierungen; die \u201e<em>Auf- und Hochr\u00fcstung der Bundeswehr und NATO\u201c<\/em> soll lediglich <em>\u201enicht grenzenlos\u201c<\/em> sein.\u201d<\/p><\/blockquote>\n<p>Forum Gewerkschaftliche Linke Berlin und Arbeitskreis Internationalismus IG Metall Berlin rufen auf: Kommt am Sonntag, 10 Uhr zum ver.di Bundeskongress, Berlin-Kreuzberg, Sonnenallee 225.<\/p>\n<p>Wenn die letzten 18 Kriegsmonate eines gelehrt haben, dann ist das Folgendes: Jedes nur halbherzige Nein hat noch jede Rote Haltelinie mit zum Einsturz gebracht.<\/p>\n<p>Wir berichteten <strong><a href=\"https:\/\/gewerkschaftliche-linke-berlin.de\/sagt-nein\/\" target=\"_blank\" rel=\"noopener\">Sagt Nein<\/a><\/strong>, hier <strong><a href=\"https:\/\/www.sagtnein.de\/\" target=\"_blank\" rel=\"noopener\">mehr Details vom B\u00fcndnis<\/a>.<\/strong><\/p>\n<p>Siehe auch unsere weiteren Beitr\u00e4ge:<\/p>\n<ul>\n<li><a href=\"https:\/\/gewerkschaftliche-linke-berlin.de\/berliner-gewerkschafterinnen-rufen-auf-zum-antikriegstag-2023\/\" target=\"_blank\" rel=\"noopener\">Gewerkschafter:innen rufen auf zum Antikriegstag<\/a><\/li>\n<li><a href=\"https:\/\/gewerkschaftliche-linke-berlin.de\/mahnwache-gegen-streubomben-protest-formiert-sich\/\" target=\"_blank\" rel=\"noopener\">gegen den Einsatz von Streubomben<\/a><\/li>\n<li><a href=\"https:\/\/gewerkschaftliche-linke-berlin.de\/keine-auslieferung-von-kriegsfluechtlingen-an-die-ukraine\/\" target=\"_blank\" rel=\"noopener\">Gegen die Auslieferung von Kriegsfl\u00fcchtlingen<\/a><\/li>\n<li><a href=\"https:\/\/gewerkschaftliche-linke-berlin.de\/krieg-ohne-krieger-oder-das-phantomhafte-toeten-und-sterben-an-der-front\/\" target=\"_blank\" rel=\"noopener\">Krieg ohne Krieger, gegen das T\u00f6ten<\/a><\/li>\n<\/ul>\n","protected":false},"excerpt":{"rendered":"<p>Inzwischen haben 11 000 Gewerkschafter*innen den Aufruf unterschrieben. \u201cSagt Nein \u2013 Gewerkschafter:innen gegen Krieg, Militarismus und Burgfrieden\u201d! Wer noch nicht unterschrieben hat, kann es hier tun. Am Sonntag, den 17.September, 10 Uhr vor dem Estrel-Hotel, Sonnenallee 225 \u2013 Kreuzberg, zeigen&hellip;<\/p>\n","protected":false},"author":2181,"featured_media":1765117,"comment_status":"closed","ping_status":"closed","sticky":false,"template":"","format":"standard","meta":{"footnotes":""},"categories":[9150,9167,9145],"tags":[21362,29953,19976,116069,14614],"class_list":["post-1765115","post","type-post","status-publish","format-standard","has-post-thumbnail","hentry","category-europa-de","category-frieden-und-abruestung","category-pressemitteilungen","tag-aufruestung","tag-kriegstreiberei","tag-militarisierung","tag-sagt-nein-gegen-krieg","tag-ver-di"],"yoast_head":"<!-- This site is optimized with the Yoast SEO plugin v27.1.1 - https:\/\/yoast.com\/product\/yoast-seo-wordpress\/ -->\n<title>ver.di Bundeskongress \u2013 Sagt Nein gegen Krieg, Militarisierung und Burgfrieden!<\/title>\n<meta name=\"description\" content=\"Inzwischen haben 11 000 Gewerkschafter*innen den Aufruf unterschrieben. \u201cSagt Nein \u2013 Gewerkschafter:innen gegen Krieg, Militarismus und Burgfrieden\u201d! Wer\" \/>\n<meta name=\"robots\" content=\"index, follow, max-snippet:-1, max-image-preview:large, max-video-preview:-1\" \/>\n<link rel=\"canonical\" href=\"https:\/\/www.pressenza.com\/de\/2023\/09\/ver-di-bundeskongress-sagt-nein-gegen-krieg-militarisierung-und-burgfrieden\/\" \/>\n<meta property=\"og:locale\" content=\"de_DE\" \/>\n<meta property=\"og:type\" content=\"article\" \/>\n<meta property=\"og:title\" content=\"ver.di Bundeskongress \u2013 Sagt Nein gegen Krieg, Militarisierung und Burgfrieden!\" \/>\n<meta property=\"og:description\" content=\"Inzwischen haben 11 000 Gewerkschafter*innen den Aufruf unterschrieben. \u201cSagt Nein \u2013 Gewerkschafter:innen gegen Krieg, Militarismus und Burgfrieden\u201d! Wer\" \/>\n<meta property=\"og:url\" content=\"https:\/\/www.pressenza.com\/de\/2023\/09\/ver-di-bundeskongress-sagt-nein-gegen-krieg-militarisierung-und-burgfrieden\/\" \/>\n<meta property=\"og:site_name\" content=\"Pressenza\" \/>\n<meta property=\"article:publisher\" content=\"https:\/\/www.facebook.com\/PressenzaItalia\" \/>\n<meta property=\"article:published_time\" content=\"2023-09-14T14:08:42+00:00\" \/>\n<meta property=\"og:image\" content=\"https:\/\/www.pressenza.com\/wp-content\/uploads\/2023\/09\/Sag-Nein-17-Sept-2023.jpg\" \/>\n\t<meta property=\"og:image:width\" content=\"1920\" \/>\n\t<meta property=\"og:image:height\" content=\"1141\" \/>\n\t<meta property=\"og:image:type\" content=\"image\/jpeg\" \/>\n<meta name=\"author\" content=\"Forum Gewerkschaftliche Linke Berlin\" \/>\n<meta name=\"twitter:card\" content=\"summary_large_image\" \/>\n<meta name=\"twitter:creator\" content=\"@PressenzaIPA\" \/>\n<meta name=\"twitter:site\" content=\"@PressenzaIPA\" \/>\n<meta name=\"twitter:label1\" content=\"Verfasst von\" \/>\n\t<meta name=\"twitter:data1\" content=\"Forum Gewerkschaftliche Linke Berlin\" \/>\n\t<meta name=\"twitter:label2\" content=\"Gesch\u00e4tzte Lesezeit\" \/>\n\t<meta name=\"twitter:data2\" content=\"3\u00a0Minuten\" \/>\n<script type=\"application\/ld+json\" class=\"yoast-schema-graph\">{\"@context\":\"https:\/\/schema.org\",\"@graph\":[{\"@type\":\"Article\",\"@id\":\"https:\/\/www.pressenza.com\/de\/2023\/09\/ver-di-bundeskongress-sagt-nein-gegen-krieg-militarisierung-und-burgfrieden\/#article\",\"isPartOf\":{\"@id\":\"https:\/\/www.pressenza.com\/de\/2023\/09\/ver-di-bundeskongress-sagt-nein-gegen-krieg-militarisierung-und-burgfrieden\/\"},\"author\":{\"name\":\"Forum Gewerkschaftliche Linke Berlin\",\"@id\":\"https:\/\/www.pressenza.com\/de\/#\/schema\/person\/ff43d0b44021bc5d26198176a46ae147\"},\"headline\":\"ver.di Bundeskongress \u2013 Sagt Nein gegen Krieg, Militarisierung und Burgfrieden!\",\"datePublished\":\"2023-09-14T14:08:42+00:00\",\"mainEntityOfPage\":{\"@id\":\"https:\/\/www.pressenza.com\/de\/2023\/09\/ver-di-bundeskongress-sagt-nein-gegen-krieg-militarisierung-und-burgfrieden\/\"},\"wordCount\":475,\"publisher\":{\"@id\":\"https:\/\/www.pressenza.com\/de\/#organization\"},\"image\":{\"@id\":\"https:\/\/www.pressenza.com\/de\/2023\/09\/ver-di-bundeskongress-sagt-nein-gegen-krieg-militarisierung-und-burgfrieden\/#primaryimage\"},\"thumbnailUrl\":\"https:\/\/www.pressenza.com\/wp-content\/uploads\/2023\/09\/Sag-Nein-17-Sept-2023.jpg\",\"keywords\":[\"Aufr\u00fcstung\",\"Kriegstreiberei\",\"Militarisierung\",\"Sagt Nein gegen Krieg\",\"ver.di\"],\"articleSection\":[\"Europa\",\"Frieden und Abr\u00fcstung\",\"Pressemitteilungen\"],\"inLanguage\":\"de\"},{\"@type\":\"WebPage\",\"@id\":\"https:\/\/www.pressenza.com\/de\/2023\/09\/ver-di-bundeskongress-sagt-nein-gegen-krieg-militarisierung-und-burgfrieden\/\",\"url\":\"https:\/\/www.pressenza.com\/de\/2023\/09\/ver-di-bundeskongress-sagt-nein-gegen-krieg-militarisierung-und-burgfrieden\/\",\"name\":\"ver.di Bundeskongress \u2013 Sagt Nein gegen Krieg, Militarisierung und Burgfrieden!\",\"isPartOf\":{\"@id\":\"https:\/\/www.pressenza.com\/de\/#website\"},\"primaryImageOfPage\":{\"@id\":\"https:\/\/www.pressenza.com\/de\/2023\/09\/ver-di-bundeskongress-sagt-nein-gegen-krieg-militarisierung-und-burgfrieden\/#primaryimage\"},\"image\":{\"@id\":\"https:\/\/www.pressenza.com\/de\/2023\/09\/ver-di-bundeskongress-sagt-nein-gegen-krieg-militarisierung-und-burgfrieden\/#primaryimage\"},\"thumbnailUrl\":\"https:\/\/www.pressenza.com\/wp-content\/uploads\/2023\/09\/Sag-Nein-17-Sept-2023.jpg\",\"datePublished\":\"2023-09-14T14:08:42+00:00\",\"description\":\"Inzwischen haben 11 000 Gewerkschafter*innen den Aufruf unterschrieben. \u201cSagt Nein \u2013 Gewerkschafter:innen gegen Krieg, Militarismus und Burgfrieden\u201d! Wer\",\"breadcrumb\":{\"@id\":\"https:\/\/www.pressenza.com\/de\/2023\/09\/ver-di-bundeskongress-sagt-nein-gegen-krieg-militarisierung-und-burgfrieden\/#breadcrumb\"},\"inLanguage\":\"de\",\"potentialAction\":[{\"@type\":\"ReadAction\",\"target\":[\"https:\/\/www.pressenza.com\/de\/2023\/09\/ver-di-bundeskongress-sagt-nein-gegen-krieg-militarisierung-und-burgfrieden\/\"]}]},{\"@type\":\"ImageObject\",\"inLanguage\":\"de\",\"@id\":\"https:\/\/www.pressenza.com\/de\/2023\/09\/ver-di-bundeskongress-sagt-nein-gegen-krieg-militarisierung-und-burgfrieden\/#primaryimage\",\"url\":\"https:\/\/www.pressenza.com\/wp-content\/uploads\/2023\/09\/Sag-Nein-17-Sept-2023.jpg\",\"contentUrl\":\"https:\/\/www.pressenza.com\/wp-content\/uploads\/2023\/09\/Sag-Nein-17-Sept-2023.jpg\",\"width\":1920,\"height\":1141,\"caption\":\"ver.di Bundeskongress \u2013 Sagt Nein gegen Krieg, Militarisierung und Burgfrieden!\"},{\"@type\":\"BreadcrumbList\",\"@id\":\"https:\/\/www.pressenza.com\/de\/2023\/09\/ver-di-bundeskongress-sagt-nein-gegen-krieg-militarisierung-und-burgfrieden\/#breadcrumb\",\"itemListElement\":[{\"@type\":\"ListItem\",\"position\":1,\"name\":\"Accueil\",\"item\":\"https:\/\/www.pressenza.com\/de\/\"},{\"@type\":\"ListItem\",\"position\":2,\"name\":\"ver.di Bundeskongress \u2013 Sagt Nein gegen Krieg, Militarisierung und Burgfrieden!\"}]},{\"@type\":\"WebSite\",\"@id\":\"https:\/\/www.pressenza.com\/de\/#website\",\"url\":\"https:\/\/www.pressenza.com\/de\/\",\"name\":\"Pressenza\",\"description\":\"International Press Agency\",\"publisher\":{\"@id\":\"https:\/\/www.pressenza.com\/de\/#organization\"},\"potentialAction\":[{\"@type\":\"SearchAction\",\"target\":{\"@type\":\"EntryPoint\",\"urlTemplate\":\"https:\/\/www.pressenza.com\/de\/?s={search_term_string}\"},\"query-input\":{\"@type\":\"PropertyValueSpecification\",\"valueRequired\":true,\"valueName\":\"search_term_string\"}}],\"inLanguage\":\"de\"},{\"@type\":\"Organization\",\"@id\":\"https:\/\/www.pressenza.com\/de\/#organization\",\"name\":\"Pressenza\",\"url\":\"https:\/\/www.pressenza.com\/de\/\",\"logo\":{\"@type\":\"ImageObject\",\"inLanguage\":\"de\",\"@id\":\"https:\/\/www.pressenza.com\/de\/#\/schema\/logo\/image\/\",\"url\":\"https:\/\/www.pressenza.com\/wp-content\/uploads\/2022\/10\/pressenza_logo_200x200.jpg\",\"contentUrl\":\"https:\/\/www.pressenza.com\/wp-content\/uploads\/2022\/10\/pressenza_logo_200x200.jpg\",\"width\":200,\"height\":200,\"caption\":\"Pressenza\"},\"image\":{\"@id\":\"https:\/\/www.pressenza.com\/de\/#\/schema\/logo\/image\/\"},\"sameAs\":[\"https:\/\/www.facebook.com\/PressenzaItalia\",\"https:\/\/x.com\/PressenzaIPA\"]},{\"@type\":\"Person\",\"@id\":\"https:\/\/www.pressenza.com\/de\/#\/schema\/person\/ff43d0b44021bc5d26198176a46ae147\",\"name\":\"Forum Gewerkschaftliche Linke Berlin\",\"description\":\"\u201eForum gewerkschaftliche Linke Berlin\u201c hat sich Anfang des Jahres 2022 aus Mitgliedern der Gewerkschaften IG Metall und ver.di gebildet. \u00dcber die Gewerkschaftsarbeit hinaus sind wir in sozialen Bewegungen vor allem zu den Themen Frieden, Klima und Antifaschismus aktiv.\",\"sameAs\":[\"https:\/\/gewerkschaftliche-linke-berlin.de\/\"],\"url\":\"https:\/\/www.pressenza.com\/de\/author\/forum-gewerkschaftliche-linke-berlin\/\"}]}<\/script>\n<!-- \/ Yoast SEO plugin. -->","yoast_head_json":{"title":"ver.di Bundeskongress \u2013 Sagt Nein gegen Krieg, Militarisierung und Burgfrieden!","description":"Inzwischen haben 11 000 Gewerkschafter*innen den Aufruf unterschrieben. \u201cSagt Nein \u2013 Gewerkschafter:innen gegen Krieg, Militarismus und Burgfrieden\u201d! Wer","robots":{"index":"index","follow":"follow","max-snippet":"max-snippet:-1","max-image-preview":"max-image-preview:large","max-video-preview":"max-video-preview:-1"},"canonical":"https:\/\/www.pressenza.com\/de\/2023\/09\/ver-di-bundeskongress-sagt-nein-gegen-krieg-militarisierung-und-burgfrieden\/","og_locale":"de_DE","og_type":"article","og_title":"ver.di Bundeskongress \u2013 Sagt Nein gegen Krieg, Militarisierung und Burgfrieden!","og_description":"Inzwischen haben 11 000 Gewerkschafter*innen den Aufruf unterschrieben. \u201cSagt Nein \u2013 Gewerkschafter:innen gegen Krieg, Militarismus und Burgfrieden\u201d! Wer","og_url":"https:\/\/www.pressenza.com\/de\/2023\/09\/ver-di-bundeskongress-sagt-nein-gegen-krieg-militarisierung-und-burgfrieden\/","og_site_name":"Pressenza","article_publisher":"https:\/\/www.facebook.com\/PressenzaItalia","article_published_time":"2023-09-14T14:08:42+00:00","og_image":[{"width":1920,"height":1141,"url":"https:\/\/www.pressenza.com\/wp-content\/uploads\/2023\/09\/Sag-Nein-17-Sept-2023.jpg","type":"image\/jpeg"}],"author":"Forum Gewerkschaftliche Linke Berlin","twitter_card":"summary_large_image","twitter_creator":"@PressenzaIPA","twitter_site":"@PressenzaIPA","twitter_misc":{"Verfasst von":"Forum Gewerkschaftliche Linke Berlin","Gesch\u00e4tzte Lesezeit":"3\u00a0Minuten"},"schema":{"@context":"https:\/\/schema.org","@graph":[{"@type":"Article","@id":"https:\/\/www.pressenza.com\/de\/2023\/09\/ver-di-bundeskongress-sagt-nein-gegen-krieg-militarisierung-und-burgfrieden\/#article","isPartOf":{"@id":"https:\/\/www.pressenza.com\/de\/2023\/09\/ver-di-bundeskongress-sagt-nein-gegen-krieg-militarisierung-und-burgfrieden\/"},"author":{"name":"Forum Gewerkschaftliche Linke Berlin","@id":"https:\/\/www.pressenza.com\/de\/#\/schema\/person\/ff43d0b44021bc5d26198176a46ae147"},"headline":"ver.di Bundeskongress \u2013 Sagt Nein gegen Krieg, Militarisierung und Burgfrieden!","datePublished":"2023-09-14T14:08:42+00:00","mainEntityOfPage":{"@id":"https:\/\/www.pressenza.com\/de\/2023\/09\/ver-di-bundeskongress-sagt-nein-gegen-krieg-militarisierung-und-burgfrieden\/"},"wordCount":475,"publisher":{"@id":"https:\/\/www.pressenza.com\/de\/#organization"},"image":{"@id":"https:\/\/www.pressenza.com\/de\/2023\/09\/ver-di-bundeskongress-sagt-nein-gegen-krieg-militarisierung-und-burgfrieden\/#primaryimage"},"thumbnailUrl":"https:\/\/www.pressenza.com\/wp-content\/uploads\/2023\/09\/Sag-Nein-17-Sept-2023.jpg","keywords":["Aufr\u00fcstung","Kriegstreiberei","Militarisierung","Sagt Nein gegen Krieg","ver.di"],"articleSection":["Europa","Frieden und Abr\u00fcstung","Pressemitteilungen"],"inLanguage":"de"},{"@type":"WebPage","@id":"https:\/\/www.pressenza.com\/de\/2023\/09\/ver-di-bundeskongress-sagt-nein-gegen-krieg-militarisierung-und-burgfrieden\/","url":"https:\/\/www.pressenza.com\/de\/2023\/09\/ver-di-bundeskongress-sagt-nein-gegen-krieg-militarisierung-und-burgfrieden\/","name":"ver.di Bundeskongress \u2013 Sagt Nein gegen Krieg, Militarisierung und Burgfrieden!","isPartOf":{"@id":"https:\/\/www.pressenza.com\/de\/#website"},"primaryImageOfPage":{"@id":"https:\/\/www.pressenza.com\/de\/2023\/09\/ver-di-bundeskongress-sagt-nein-gegen-krieg-militarisierung-und-burgfrieden\/#primaryimage"},"image":{"@id":"https:\/\/www.pressenza.com\/de\/2023\/09\/ver-di-bundeskongress-sagt-nein-gegen-krieg-militarisierung-und-burgfrieden\/#primaryimage"},"thumbnailUrl":"https:\/\/www.pressenza.com\/wp-content\/uploads\/2023\/09\/Sag-Nein-17-Sept-2023.jpg","datePublished":"2023-09-14T14:08:42+00:00","description":"Inzwischen haben 11 000 Gewerkschafter*innen den Aufruf unterschrieben. \u201cSagt Nein \u2013 Gewerkschafter:innen gegen Krieg, Militarismus und Burgfrieden\u201d! Wer","breadcrumb":{"@id":"https:\/\/www.pressenza.com\/de\/2023\/09\/ver-di-bundeskongress-sagt-nein-gegen-krieg-militarisierung-und-burgfrieden\/#breadcrumb"},"inLanguage":"de","potentialAction":[{"@type":"ReadAction","target":["https:\/\/www.pressenza.com\/de\/2023\/09\/ver-di-bundeskongress-sagt-nein-gegen-krieg-militarisierung-und-burgfrieden\/"]}]},{"@type":"ImageObject","inLanguage":"de","@id":"https:\/\/www.pressenza.com\/de\/2023\/09\/ver-di-bundeskongress-sagt-nein-gegen-krieg-militarisierung-und-burgfrieden\/#primaryimage","url":"https:\/\/www.pressenza.com\/wp-content\/uploads\/2023\/09\/Sag-Nein-17-Sept-2023.jpg","contentUrl":"https:\/\/www.pressenza.com\/wp-content\/uploads\/2023\/09\/Sag-Nein-17-Sept-2023.jpg","width":1920,"height":1141,"caption":"ver.di Bundeskongress \u2013 Sagt Nein gegen Krieg, Militarisierung und Burgfrieden!"},{"@type":"BreadcrumbList","@id":"https:\/\/www.pressenza.com\/de\/2023\/09\/ver-di-bundeskongress-sagt-nein-gegen-krieg-militarisierung-und-burgfrieden\/#breadcrumb","itemListElement":[{"@type":"ListItem","position":1,"name":"Accueil","item":"https:\/\/www.pressenza.com\/de\/"},{"@type":"ListItem","position":2,"name":"ver.di Bundeskongress \u2013 Sagt Nein gegen Krieg, Militarisierung und Burgfrieden!"}]},{"@type":"WebSite","@id":"https:\/\/www.pressenza.com\/de\/#website","url":"https:\/\/www.pressenza.com\/de\/","name":"Pressenza","description":"International Press Agency","publisher":{"@id":"https:\/\/www.pressenza.com\/de\/#organization"},"potentialAction":[{"@type":"SearchAction","target":{"@type":"EntryPoint","urlTemplate":"https:\/\/www.pressenza.com\/de\/?s={search_term_string}"},"query-input":{"@type":"PropertyValueSpecification","valueRequired":true,"valueName":"search_term_string"}}],"inLanguage":"de"},{"@type":"Organization","@id":"https:\/\/www.pressenza.com\/de\/#organization","name":"Pressenza","url":"https:\/\/www.pressenza.com\/de\/","logo":{"@type":"ImageObject","inLanguage":"de","@id":"https:\/\/www.pressenza.com\/de\/#\/schema\/logo\/image\/","url":"https:\/\/www.pressenza.com\/wp-content\/uploads\/2022\/10\/pressenza_logo_200x200.jpg","contentUrl":"https:\/\/www.pressenza.com\/wp-content\/uploads\/2022\/10\/pressenza_logo_200x200.jpg","width":200,"height":200,"caption":"Pressenza"},"image":{"@id":"https:\/\/www.pressenza.com\/de\/#\/schema\/logo\/image\/"},"sameAs":["https:\/\/www.facebook.com\/PressenzaItalia","https:\/\/x.com\/PressenzaIPA"]},{"@type":"Person","@id":"https:\/\/www.pressenza.com\/de\/#\/schema\/person\/ff43d0b44021bc5d26198176a46ae147","name":"Forum Gewerkschaftliche Linke Berlin","description":"\u201eForum gewerkschaftliche Linke Berlin\u201c hat sich Anfang des Jahres 2022 aus Mitgliedern der Gewerkschaften IG Metall und ver.di gebildet. \u00dcber die Gewerkschaftsarbeit hinaus sind wir in sozialen Bewegungen vor allem zu den Themen Frieden, Klima und Antifaschismus aktiv.","sameAs":["https:\/\/gewerkschaftliche-linke-berlin.de\/"],"url":"https:\/\/www.pressenza.com\/de\/author\/forum-gewerkschaftliche-linke-berlin\/"}]}},"place":"","original_article_url":"https:\/\/gewerkschaftliche-linke-berlin.de\/ver-di-bundeskongress-sagt-nein-gegen-krieg-militarsierung-und-burgfrieden\/","_links":{"self":[{"href":"https:\/\/www.pressenza.com\/de\/wp-json\/wp\/v2\/posts\/1765115","targetHints":{"allow":["GET"]}}],"collection":[{"href":"https:\/\/www.pressenza.com\/de\/wp-json\/wp\/v2\/posts"}],"about":[{"href":"https:\/\/www.pressenza.com\/de\/wp-json\/wp\/v2\/types\/post"}],"author":[{"embeddable":true,"href":"https:\/\/www.pressenza.com\/de\/wp-json\/wp\/v2\/users\/2181"}],"replies":[{"embeddable":true,"href":"https:\/\/www.pressenza.com\/de\/wp-json\/wp\/v2\/comments?post=1765115"}],"version-history":[{"count":0,"href":"https:\/\/www.pressenza.com\/de\/wp-json\/wp\/v2\/posts\/1765115\/revisions"}],"wp:featuredmedia":[{"embeddable":true,"href":"https:\/\/www.pressenza.com\/de\/wp-json\/wp\/v2\/media\/1765117"}],"wp:attachment":[{"href":"https:\/\/www.pressenza.com\/de\/wp-json\/wp\/v2\/media?parent=1765115"}],"wp:term":[{"taxonomy":"category","embeddable":true,"href":"https:\/\/www.pressenza.com\/de\/wp-json\/wp\/v2\/categories?post=1765115"},{"taxonomy":"post_tag","embeddable":true,"href":"https:\/\/www.pressenza.com\/de\/wp-json\/wp\/v2\/tags?post=1765115"}],"curies":[{"name":"wp","href":"https:\/\/api.w.org\/{rel}","templated":true}]}}