{"id":1764754,"date":"2023-09-13T14:32:47","date_gmt":"2023-09-13T13:32:47","guid":{"rendered":"https:\/\/www.pressenza.com\/?p=1764754"},"modified":"2023-09-18T16:06:19","modified_gmt":"2023-09-18T15:06:19","slug":"wettern-der-woche-republik-kaputt","status":"publish","type":"post","link":"https:\/\/www.pressenza.com\/de\/2023\/09\/wettern-der-woche-republik-kaputt\/","title":{"rendered":"Wettern der Woche: Republik kaputt?"},"content":{"rendered":"<p><strong>\u201eWir d\u00fcrfen uns begl\u00fcckw\u00fcnschen, dass sich dieser grausame Krieg seinem Ende zuneigt&#8230; Doch sehe ich in naher Zukunft eine beunruhigende Krise auf uns zukommen, die mich um die Sicherheit unseres Landes zittern l\u00e4sst. Infolge des Krieges sind Wirtschaftsunternehmen zu enormen Einfluss gelangt, und wir gehen einem Zeitalter der Korruption bis in hohe Positionen entgegen. Die Macht des Geldes in diesem Land wird ihren Einfluss durch Ausnutzung der Vorurteile im Volk so lange wie m\u00f6glich zu halten versuchen, bis der Wohlstand in wenigen H\u00e4nden versammelt und die Republik zerst\u00f6rt ist. Ich sorge mich zu diesem Zeitpunkt mehr um die Sicherheit meines Landes als je zuvor, mehr sogar als mitten im Krieg. Gebe Gott, dass meine Bef\u00fcrchtungen sich\u00a0als unbegr\u00fcndet erweisen.&#8220; Ist das aktuell oder ein alter Hut?\u00a0<\/strong><\/p>\n<p>Alles muss man selber machen! Der liebe Gott jedenfalls hat der Macht des Geldes kein Ende gesetzt und wieder alles uns \u00fcberlassen, und wir haben&#8217;s auch noch nicht gerafft, die Republiken vor den Zerst\u00f6rern in Sicherheit zu bringen, nicht die eigene, und nicht die andere, von der hier Abraham Lincoln redete, US-amerikanischer Pr\u00e4sident 1809\u20131865 und der erste, der einem Attentat zum Opfer fiel. (Zitiert in Al Gore: Angriff auf die Vernunft, Goldmann M\u00fcnchen 2007, S. 117)<\/p>\n<p>Allerdings fallen heutzutage die Helden um wie die Fliegen im Herbst: Hansi Flick, Olaf Scholz &#8211; der Sturz! &#8211; Luis Rubiales, Sigrid Kaag, Dietmar Bartsch, Sarah Wagenknecht, Oleksij Resnikow (bislang nur ein Verteidigungsminister in der Ukraine und bestimmt nicht der letzte aus dem Haus Selenskyj). Nur Friedrich Merz steht sehenden Auges seinen Mann, und Wladimir Putin h\u00e4lt gen\u00fcgend Abstand. Abgesehen davon soll er \u00fcber ausreichend Doppelg\u00e4nger verf\u00fcgen, fast mehr als Hubert Aiwanger.<\/p>\n<p>Zur\u00fcck zur Lincoln&#8217;schen Korruption: In Deutschland\u00a0belief sich die Zahl polizeilich bekannt gewordener Korruptionsstraftaten schon 2021 auf rund 7.400: Das ist ein Anstieg um rund 35 %, Tendenz steigend. Sicher ist nur, dass die meisten F\u00e4lle unentdeckt bleiben und sich die Bundesregierung in Sachen Transparenz stark zur\u00fcckh\u00e4lt. In den n\u00e4chsten Tagen findet die offizielle Anh\u00f6rung des Ausschusses f\u00fcr Wahlpr\u00fcfung, Immunit\u00e4t und Gesch\u00e4ftsordnung statt (Entwurf zur Reform des Lobbyregisters).<\/p>\n<p>Was am 8.10. hinten rauskommt, ist unsicher. Sicher ist nur, dass die Rechtspopulisten bei den Landtagswahlen in Bayern und Hessen bei der Zerst\u00f6rung der Republik kaum aufhalten lassen werden k\u00f6nnen m\u00fcssen.<\/p>\n<p><a href=\"https:\/\/www.youtube.com\/channel\/UCIUhugD7UAKv8008QIch1Rw\" target=\"_blank\" rel=\"noopener\"><em>Peter Grohmann\u2019s \u201eWettern der Woche\u201c<\/em><\/a><\/p>\n<p><em>Peter Grohmann ist Kabarettist und Koordinator des B\u00fcrgerprojekts <a href=\"https:\/\/www.die-anstifter.de\/\" target=\"_blank\" rel=\"noopener\">Die AnStifter.<\/a><\/em><\/p>\n","protected":false},"excerpt":{"rendered":"<p>\u201eWir d\u00fcrfen uns begl\u00fcckw\u00fcnschen, dass sich dieser grausame Krieg seinem Ende zuneigt&#8230; Doch sehe ich in naher Zukunft eine beunruhigende Krise auf uns zukommen, die mich um die Sicherheit unseres Landes zittern l\u00e4sst. Infolge des Krieges sind Wirtschaftsunternehmen zu enormen&hellip;<\/p>\n","protected":false},"author":2138,"featured_media":1764957,"comment_status":"closed","ping_status":"closed","sticky":false,"template":"","format":"standard","meta":{"footnotes":""},"categories":[9150,9143,11387,9168],"tags":[102467,16239,102468],"class_list":["post-1764754","post","type-post","status-publish","format-standard","has-post-thumbnail","hentry","category-europa-de","category-meinungen","category-originalinhalt","category-politik","tag-glosse","tag-satire-de","tag-wettern-der-woche"],"yoast_head":"<!-- This site is optimized with the Yoast SEO plugin v27.1.1 - https:\/\/yoast.com\/product\/yoast-seo-wordpress\/ -->\n<title>Wettern der Woche: Republik kaputt?<\/title>\n<meta name=\"description\" content=\"\u201eWir d\u00fcrfen uns begl\u00fcckw\u00fcnschen, dass sich dieser grausame Krieg seinem Ende zuneigt... Doch sehe ich in naher Zukunft eine beunruhigende Krise auf uns\" \/>\n<meta name=\"robots\" content=\"index, follow, max-snippet:-1, max-image-preview:large, max-video-preview:-1\" \/>\n<link rel=\"canonical\" href=\"https:\/\/www.pressenza.com\/de\/2023\/09\/wettern-der-woche-republik-kaputt\/\" \/>\n<meta property=\"og:locale\" content=\"de_DE\" \/>\n<meta property=\"og:type\" content=\"article\" \/>\n<meta property=\"og:title\" content=\"Wettern der Woche: Republik kaputt?\" \/>\n<meta property=\"og:description\" content=\"\u201eWir d\u00fcrfen uns begl\u00fcckw\u00fcnschen, dass sich dieser grausame Krieg seinem Ende zuneigt... Doch sehe ich in naher Zukunft eine beunruhigende Krise auf uns\" \/>\n<meta property=\"og:url\" content=\"https:\/\/www.pressenza.com\/de\/2023\/09\/wettern-der-woche-republik-kaputt\/\" \/>\n<meta property=\"og:site_name\" content=\"Pressenza\" \/>\n<meta property=\"article:publisher\" content=\"https:\/\/www.facebook.com\/PressenzaItalia\" \/>\n<meta property=\"article:published_time\" content=\"2023-09-13T13:32:47+00:00\" \/>\n<meta property=\"article:modified_time\" content=\"2023-09-18T15:06:19+00:00\" \/>\n<meta property=\"og:image\" content=\"https:\/\/www.pressenza.com\/wp-content\/uploads\/2023\/09\/Peter_Grohmann.jpg\" \/>\n\t<meta property=\"og:image:width\" content=\"820\" \/>\n\t<meta property=\"og:image:height\" content=\"506\" \/>\n\t<meta property=\"og:image:type\" content=\"image\/jpeg\" \/>\n<meta name=\"author\" content=\"Peter Grohmann\" \/>\n<meta name=\"twitter:card\" content=\"summary_large_image\" \/>\n<meta name=\"twitter:creator\" content=\"@PressenzaIPA\" \/>\n<meta name=\"twitter:site\" content=\"@PressenzaIPA\" \/>\n<meta name=\"twitter:label1\" content=\"Verfasst von\" \/>\n\t<meta name=\"twitter:data1\" content=\"Peter Grohmann\" \/>\n\t<meta name=\"twitter:label2\" content=\"Gesch\u00e4tzte Lesezeit\" \/>\n\t<meta name=\"twitter:data2\" content=\"3\u00a0Minuten\" \/>\n<script type=\"application\/ld+json\" class=\"yoast-schema-graph\">{\"@context\":\"https:\/\/schema.org\",\"@graph\":[{\"@type\":\"Article\",\"@id\":\"https:\/\/www.pressenza.com\/de\/2023\/09\/wettern-der-woche-republik-kaputt\/#article\",\"isPartOf\":{\"@id\":\"https:\/\/www.pressenza.com\/de\/2023\/09\/wettern-der-woche-republik-kaputt\/\"},\"author\":{\"name\":\"Peter Grohmann\",\"@id\":\"https:\/\/www.pressenza.com\/de\/#\/schema\/person\/13fbb69602a371248f3199c744d1187e\"},\"headline\":\"Wettern der Woche: Republik kaputt?\",\"datePublished\":\"2023-09-13T13:32:47+00:00\",\"dateModified\":\"2023-09-18T15:06:19+00:00\",\"mainEntityOfPage\":{\"@id\":\"https:\/\/www.pressenza.com\/de\/2023\/09\/wettern-der-woche-republik-kaputt\/\"},\"wordCount\":418,\"publisher\":{\"@id\":\"https:\/\/www.pressenza.com\/de\/#organization\"},\"image\":{\"@id\":\"https:\/\/www.pressenza.com\/de\/2023\/09\/wettern-der-woche-republik-kaputt\/#primaryimage\"},\"thumbnailUrl\":\"https:\/\/www.pressenza.com\/wp-content\/uploads\/2023\/09\/Peter_Grohmann.jpg\",\"keywords\":[\"Glosse\",\"satire\",\"Wettern der Woche\"],\"articleSection\":[\"Europa\",\"Meinungen\",\"Originalinhalt\",\"Politik\"],\"inLanguage\":\"de\"},{\"@type\":\"WebPage\",\"@id\":\"https:\/\/www.pressenza.com\/de\/2023\/09\/wettern-der-woche-republik-kaputt\/\",\"url\":\"https:\/\/www.pressenza.com\/de\/2023\/09\/wettern-der-woche-republik-kaputt\/\",\"name\":\"Wettern der Woche: Republik kaputt?\",\"isPartOf\":{\"@id\":\"https:\/\/www.pressenza.com\/de\/#website\"},\"primaryImageOfPage\":{\"@id\":\"https:\/\/www.pressenza.com\/de\/2023\/09\/wettern-der-woche-republik-kaputt\/#primaryimage\"},\"image\":{\"@id\":\"https:\/\/www.pressenza.com\/de\/2023\/09\/wettern-der-woche-republik-kaputt\/#primaryimage\"},\"thumbnailUrl\":\"https:\/\/www.pressenza.com\/wp-content\/uploads\/2023\/09\/Peter_Grohmann.jpg\",\"datePublished\":\"2023-09-13T13:32:47+00:00\",\"dateModified\":\"2023-09-18T15:06:19+00:00\",\"description\":\"\u201eWir d\u00fcrfen uns begl\u00fcckw\u00fcnschen, dass sich dieser grausame Krieg seinem Ende zuneigt... Doch sehe ich in naher Zukunft eine beunruhigende Krise auf uns\",\"breadcrumb\":{\"@id\":\"https:\/\/www.pressenza.com\/de\/2023\/09\/wettern-der-woche-republik-kaputt\/#breadcrumb\"},\"inLanguage\":\"de\",\"potentialAction\":[{\"@type\":\"ReadAction\",\"target\":[\"https:\/\/www.pressenza.com\/de\/2023\/09\/wettern-der-woche-republik-kaputt\/\"]}]},{\"@type\":\"ImageObject\",\"inLanguage\":\"de\",\"@id\":\"https:\/\/www.pressenza.com\/de\/2023\/09\/wettern-der-woche-republik-kaputt\/#primaryimage\",\"url\":\"https:\/\/www.pressenza.com\/wp-content\/uploads\/2023\/09\/Peter_Grohmann.jpg\",\"contentUrl\":\"https:\/\/www.pressenza.com\/wp-content\/uploads\/2023\/09\/Peter_Grohmann.jpg\",\"width\":820,\"height\":506,\"caption\":\"Wettern der Woche: Republik kaputt?\"},{\"@type\":\"BreadcrumbList\",\"@id\":\"https:\/\/www.pressenza.com\/de\/2023\/09\/wettern-der-woche-republik-kaputt\/#breadcrumb\",\"itemListElement\":[{\"@type\":\"ListItem\",\"position\":1,\"name\":\"Accueil\",\"item\":\"https:\/\/www.pressenza.com\/de\/\"},{\"@type\":\"ListItem\",\"position\":2,\"name\":\"Wettern der Woche: Republik kaputt?\"}]},{\"@type\":\"WebSite\",\"@id\":\"https:\/\/www.pressenza.com\/de\/#website\",\"url\":\"https:\/\/www.pressenza.com\/de\/\",\"name\":\"Pressenza\",\"description\":\"International Press Agency\",\"publisher\":{\"@id\":\"https:\/\/www.pressenza.com\/de\/#organization\"},\"potentialAction\":[{\"@type\":\"SearchAction\",\"target\":{\"@type\":\"EntryPoint\",\"urlTemplate\":\"https:\/\/www.pressenza.com\/de\/?s={search_term_string}\"},\"query-input\":{\"@type\":\"PropertyValueSpecification\",\"valueRequired\":true,\"valueName\":\"search_term_string\"}}],\"inLanguage\":\"de\"},{\"@type\":\"Organization\",\"@id\":\"https:\/\/www.pressenza.com\/de\/#organization\",\"name\":\"Pressenza\",\"url\":\"https:\/\/www.pressenza.com\/de\/\",\"logo\":{\"@type\":\"ImageObject\",\"inLanguage\":\"de\",\"@id\":\"https:\/\/www.pressenza.com\/de\/#\/schema\/logo\/image\/\",\"url\":\"https:\/\/www.pressenza.com\/wp-content\/uploads\/2022\/10\/pressenza_logo_200x200.jpg\",\"contentUrl\":\"https:\/\/www.pressenza.com\/wp-content\/uploads\/2022\/10\/pressenza_logo_200x200.jpg\",\"width\":200,\"height\":200,\"caption\":\"Pressenza\"},\"image\":{\"@id\":\"https:\/\/www.pressenza.com\/de\/#\/schema\/logo\/image\/\"},\"sameAs\":[\"https:\/\/www.facebook.com\/PressenzaItalia\",\"https:\/\/x.com\/PressenzaIPA\"]},{\"@type\":\"Person\",\"@id\":\"https:\/\/www.pressenza.com\/de\/#\/schema\/person\/13fbb69602a371248f3199c744d1187e\",\"name\":\"Peter Grohmann\",\"description\":\"(Jahrgang 1937) lebt in Stuttgart, ist Schriftsteller und Kabarettist und arbeitet u.a. f\u00fcr die Wochenzeitung Kontext, de TAZ und diverse andere Medien. Grohmann hat das B\u00fcrgerprojekt Die AnStifter gegr\u00fcndet, heute eine der gro\u00dfen zivilgeellschaftlichen Gruppen mit dem Schwerpunkt \u201egegen Gewalt und Vergessen\u201d. https:\/\/dewiki.de\/Lexikon\/Peter_Grohmann\",\"url\":\"https:\/\/www.pressenza.com\/de\/author\/peter-grohmann\/\"}]}<\/script>\n<!-- \/ Yoast SEO plugin. -->","yoast_head_json":{"title":"Wettern der Woche: Republik kaputt?","description":"\u201eWir d\u00fcrfen uns begl\u00fcckw\u00fcnschen, dass sich dieser grausame Krieg seinem Ende zuneigt... Doch sehe ich in naher Zukunft eine beunruhigende Krise auf uns","robots":{"index":"index","follow":"follow","max-snippet":"max-snippet:-1","max-image-preview":"max-image-preview:large","max-video-preview":"max-video-preview:-1"},"canonical":"https:\/\/www.pressenza.com\/de\/2023\/09\/wettern-der-woche-republik-kaputt\/","og_locale":"de_DE","og_type":"article","og_title":"Wettern der Woche: Republik kaputt?","og_description":"\u201eWir d\u00fcrfen uns begl\u00fcckw\u00fcnschen, dass sich dieser grausame Krieg seinem Ende zuneigt... Doch sehe ich in naher Zukunft eine beunruhigende Krise auf uns","og_url":"https:\/\/www.pressenza.com\/de\/2023\/09\/wettern-der-woche-republik-kaputt\/","og_site_name":"Pressenza","article_publisher":"https:\/\/www.facebook.com\/PressenzaItalia","article_published_time":"2023-09-13T13:32:47+00:00","article_modified_time":"2023-09-18T15:06:19+00:00","og_image":[{"width":820,"height":506,"url":"https:\/\/www.pressenza.com\/wp-content\/uploads\/2023\/09\/Peter_Grohmann.jpg","type":"image\/jpeg"}],"author":"Peter Grohmann","twitter_card":"summary_large_image","twitter_creator":"@PressenzaIPA","twitter_site":"@PressenzaIPA","twitter_misc":{"Verfasst von":"Peter Grohmann","Gesch\u00e4tzte Lesezeit":"3\u00a0Minuten"},"schema":{"@context":"https:\/\/schema.org","@graph":[{"@type":"Article","@id":"https:\/\/www.pressenza.com\/de\/2023\/09\/wettern-der-woche-republik-kaputt\/#article","isPartOf":{"@id":"https:\/\/www.pressenza.com\/de\/2023\/09\/wettern-der-woche-republik-kaputt\/"},"author":{"name":"Peter Grohmann","@id":"https:\/\/www.pressenza.com\/de\/#\/schema\/person\/13fbb69602a371248f3199c744d1187e"},"headline":"Wettern der Woche: Republik kaputt?","datePublished":"2023-09-13T13:32:47+00:00","dateModified":"2023-09-18T15:06:19+00:00","mainEntityOfPage":{"@id":"https:\/\/www.pressenza.com\/de\/2023\/09\/wettern-der-woche-republik-kaputt\/"},"wordCount":418,"publisher":{"@id":"https:\/\/www.pressenza.com\/de\/#organization"},"image":{"@id":"https:\/\/www.pressenza.com\/de\/2023\/09\/wettern-der-woche-republik-kaputt\/#primaryimage"},"thumbnailUrl":"https:\/\/www.pressenza.com\/wp-content\/uploads\/2023\/09\/Peter_Grohmann.jpg","keywords":["Glosse","satire","Wettern der Woche"],"articleSection":["Europa","Meinungen","Originalinhalt","Politik"],"inLanguage":"de"},{"@type":"WebPage","@id":"https:\/\/www.pressenza.com\/de\/2023\/09\/wettern-der-woche-republik-kaputt\/","url":"https:\/\/www.pressenza.com\/de\/2023\/09\/wettern-der-woche-republik-kaputt\/","name":"Wettern der Woche: Republik kaputt?","isPartOf":{"@id":"https:\/\/www.pressenza.com\/de\/#website"},"primaryImageOfPage":{"@id":"https:\/\/www.pressenza.com\/de\/2023\/09\/wettern-der-woche-republik-kaputt\/#primaryimage"},"image":{"@id":"https:\/\/www.pressenza.com\/de\/2023\/09\/wettern-der-woche-republik-kaputt\/#primaryimage"},"thumbnailUrl":"https:\/\/www.pressenza.com\/wp-content\/uploads\/2023\/09\/Peter_Grohmann.jpg","datePublished":"2023-09-13T13:32:47+00:00","dateModified":"2023-09-18T15:06:19+00:00","description":"\u201eWir d\u00fcrfen uns begl\u00fcckw\u00fcnschen, dass sich dieser grausame Krieg seinem Ende zuneigt... Doch sehe ich in naher Zukunft eine beunruhigende Krise auf uns","breadcrumb":{"@id":"https:\/\/www.pressenza.com\/de\/2023\/09\/wettern-der-woche-republik-kaputt\/#breadcrumb"},"inLanguage":"de","potentialAction":[{"@type":"ReadAction","target":["https:\/\/www.pressenza.com\/de\/2023\/09\/wettern-der-woche-republik-kaputt\/"]}]},{"@type":"ImageObject","inLanguage":"de","@id":"https:\/\/www.pressenza.com\/de\/2023\/09\/wettern-der-woche-republik-kaputt\/#primaryimage","url":"https:\/\/www.pressenza.com\/wp-content\/uploads\/2023\/09\/Peter_Grohmann.jpg","contentUrl":"https:\/\/www.pressenza.com\/wp-content\/uploads\/2023\/09\/Peter_Grohmann.jpg","width":820,"height":506,"caption":"Wettern der Woche: Republik kaputt?"},{"@type":"BreadcrumbList","@id":"https:\/\/www.pressenza.com\/de\/2023\/09\/wettern-der-woche-republik-kaputt\/#breadcrumb","itemListElement":[{"@type":"ListItem","position":1,"name":"Accueil","item":"https:\/\/www.pressenza.com\/de\/"},{"@type":"ListItem","position":2,"name":"Wettern der Woche: Republik kaputt?"}]},{"@type":"WebSite","@id":"https:\/\/www.pressenza.com\/de\/#website","url":"https:\/\/www.pressenza.com\/de\/","name":"Pressenza","description":"International Press Agency","publisher":{"@id":"https:\/\/www.pressenza.com\/de\/#organization"},"potentialAction":[{"@type":"SearchAction","target":{"@type":"EntryPoint","urlTemplate":"https:\/\/www.pressenza.com\/de\/?s={search_term_string}"},"query-input":{"@type":"PropertyValueSpecification","valueRequired":true,"valueName":"search_term_string"}}],"inLanguage":"de"},{"@type":"Organization","@id":"https:\/\/www.pressenza.com\/de\/#organization","name":"Pressenza","url":"https:\/\/www.pressenza.com\/de\/","logo":{"@type":"ImageObject","inLanguage":"de","@id":"https:\/\/www.pressenza.com\/de\/#\/schema\/logo\/image\/","url":"https:\/\/www.pressenza.com\/wp-content\/uploads\/2022\/10\/pressenza_logo_200x200.jpg","contentUrl":"https:\/\/www.pressenza.com\/wp-content\/uploads\/2022\/10\/pressenza_logo_200x200.jpg","width":200,"height":200,"caption":"Pressenza"},"image":{"@id":"https:\/\/www.pressenza.com\/de\/#\/schema\/logo\/image\/"},"sameAs":["https:\/\/www.facebook.com\/PressenzaItalia","https:\/\/x.com\/PressenzaIPA"]},{"@type":"Person","@id":"https:\/\/www.pressenza.com\/de\/#\/schema\/person\/13fbb69602a371248f3199c744d1187e","name":"Peter Grohmann","description":"(Jahrgang 1937) lebt in Stuttgart, ist Schriftsteller und Kabarettist und arbeitet u.a. f\u00fcr die Wochenzeitung Kontext, de TAZ und diverse andere Medien. Grohmann hat das B\u00fcrgerprojekt Die AnStifter gegr\u00fcndet, heute eine der gro\u00dfen zivilgeellschaftlichen Gruppen mit dem Schwerpunkt \u201egegen Gewalt und Vergessen\u201d. https:\/\/dewiki.de\/Lexikon\/Peter_Grohmann","url":"https:\/\/www.pressenza.com\/de\/author\/peter-grohmann\/"}]}},"place":"","original_article_url":"","_links":{"self":[{"href":"https:\/\/www.pressenza.com\/de\/wp-json\/wp\/v2\/posts\/1764754","targetHints":{"allow":["GET"]}}],"collection":[{"href":"https:\/\/www.pressenza.com\/de\/wp-json\/wp\/v2\/posts"}],"about":[{"href":"https:\/\/www.pressenza.com\/de\/wp-json\/wp\/v2\/types\/post"}],"author":[{"embeddable":true,"href":"https:\/\/www.pressenza.com\/de\/wp-json\/wp\/v2\/users\/2138"}],"replies":[{"embeddable":true,"href":"https:\/\/www.pressenza.com\/de\/wp-json\/wp\/v2\/comments?post=1764754"}],"version-history":[{"count":0,"href":"https:\/\/www.pressenza.com\/de\/wp-json\/wp\/v2\/posts\/1764754\/revisions"}],"wp:featuredmedia":[{"embeddable":true,"href":"https:\/\/www.pressenza.com\/de\/wp-json\/wp\/v2\/media\/1764957"}],"wp:attachment":[{"href":"https:\/\/www.pressenza.com\/de\/wp-json\/wp\/v2\/media?parent=1764754"}],"wp:term":[{"taxonomy":"category","embeddable":true,"href":"https:\/\/www.pressenza.com\/de\/wp-json\/wp\/v2\/categories?post=1764754"},{"taxonomy":"post_tag","embeddable":true,"href":"https:\/\/www.pressenza.com\/de\/wp-json\/wp\/v2\/tags?post=1764754"}],"curies":[{"name":"wp","href":"https:\/\/api.w.org\/{rel}","templated":true}]}}