{"id":1763154,"date":"2023-09-04T10:31:54","date_gmt":"2023-09-04T09:31:54","guid":{"rendered":"https:\/\/www.pressenza.com\/?p=1763154"},"modified":"2023-09-04T10:31:54","modified_gmt":"2023-09-04T09:31:54","slug":"offener-brief-zum-weltfriedenstag-kritik-an-der-ukraine-eskalationspolitik","status":"publish","type":"post","link":"https:\/\/www.pressenza.com\/de\/2023\/09\/offener-brief-zum-weltfriedenstag-kritik-an-der-ukraine-eskalationspolitik\/","title":{"rendered":"Offener Brief zum Weltfriedenstag: Kritik an der Ukraine-Eskalationspolitik"},"content":{"rendered":"<p><em>Der Tr\u00e4gerverein der Sammelbewegung <a href=\"https:\/\/aufstehen.de\/web\/\" target=\"_blank\" rel=\"noopener\">aufstehen<\/a> hat anl\u00e4sslich des Weltfriedenstags einen Offenen Brief an die Bundesregierung und die Parteien im Bundestagverfasst, den wir hier ver\u00f6ffentlichen. <\/em><em>Der Brief kann auf der Plattform <a href=\"https:\/\/www.openpetition.de\/petition\/online\/offener-brief-zum-weltfriedenstag-kritik-an-der-ukraine-eskalationspolitik\" target=\"_blank\" rel=\"noopener\">openPetiton<\/a> mitgezeichnet werden.<\/em><\/p>\n<p><b>Offener Brief zum Weltfriedenstag an die Bundesregierung und die Parteien im Bundestag: <\/b><br \/>\n<b>Kritik an der Ukraine-Eskalationspolitik<\/b><\/p>\n<div class=\"theme-text-variant-5 petition-description\" dir=\"ltr\" lang=\"de\">\n<p>Sehr geehrter Herr Bundeskanzler Scholz,<\/p>\n<p>wir wenden uns an Sie anl\u00e4sslich des Weltfriedenstages am 01.09.2023. Wir, die B\u00fcrgerinnen und B\u00fcrger unseres Landes, sind schockiert von Ihrer Politik und den Ergebnissen des NATO-Gipfels in Vilnius. Wir sind hochgradig besorgt um die Zukunft unserer Kinder und Enkelkinder. Die Gefahr der Ausweitung des Stellvertreter-Kriegs in der Ukraine w\u00e4chst von Tag zu Tag. Der Wirtschaftskrieg gegen Russland versch\u00e4rft durch st\u00e4ndig erweiterte Sanktionen auch die Lage weltweit: Rasant gestiegene Energie- und Lebensmittel-Preise treffen uns und noch mehr die L\u00e4nder im globalen S\u00fcden. Es ist h\u00f6chste Zeit f\u00fcr Friedenspolitik in der Ukraine und weltweit um die Rutschbahn Richtung 3. Weltkrieg zu stoppen! Sie sind von uns gew\u00e4hlt und in unserem Namen vereidigt worden, um eine Politik zum Wohle der Bev\u00f6lkerung zu praktizieren und um \u201eSchaden vom deutschen Volk abzuwenden\u201c!<\/p>\n<p><b>Wir \u00fcben Kritik am NATO-Gipfel und der Politik der Bundesregierung:<\/b><\/p>\n<ul>\n<li>insbesondere an den\u00a0<b>angedachten NATO-Beitritten der Ukraine<\/b>\u00a0und Georgiens \u2013\u00a0<b>einer hochroten Linie f\u00fcr Russland<\/b>, wodurch der verh\u00e4ngnisvolle Weg der NATO-Osterweiterung im Widerspruch zu den Zusagen von 1990 und des Zwei-plus-Vier-Vertrages fortgesetzt w\u00fcrde<\/li>\n<li>an der Versch\u00e4rfung der\u00a0<b>Konfrontation mit China<\/b>\u00a0durch Ausweitung des NATO-Einflusses in den Pazifik, was unserem Grundgesetz widerspricht\u00a0<b>(B1)<\/b><\/li>\n<li>an der weiteren\u00a0<b>Hochr\u00fcstung<\/b>, einschlie\u00dflich der\u00a0<b>nuklearen Teilhabe<\/b>\u00a0und damit der Erh\u00f6hung der R\u00fcstungsausgaben, die auf Konfrontation statt auf Diplomatie setzt; mit der\u00a0<b>Mittelverschwendung f\u00fcr Zerst\u00f6rung<\/b>\u00a0und der dadurch einhergehenden Gefahr einer Eskalation bis zu einem\u00a0<b>nuklearen Inferno<\/b>\u00a0fehlen diese\u00a0<b>Mittel u.a. f\u00fcr soziale Ausgaben<\/b>. Genannt seien nur die Grundsicherung f\u00fcr Kinder und im Alter, die Verbesserung und F\u00f6rderung des Bildungssystems, Sicherung des Gesundheitssystems sowie der Ausbau und die Erneuerung der Infrastruktur<\/li>\n<li>an der Lieferung und dem Einsatz\u00a0<b>ge\u00e4chteter Streubomben und Uranmunition (B2)<\/b>, die, wie Berichte u.a. aus dem Irak und Serbien zeigen, auch noch langfristig gro\u00dfe\u00a0<b>Sch\u00e4den an Zivilbev\u00f6lkerung und Umwelt<\/b>\u00a0bis hin zu atomarer Verseuchung von gro\u00dffl\u00e4chigen Regionen verursachen<\/li>\n<li>an der Lieferung von\u00a0<b>atomwaffenf\u00e4higen F16-Kampfbombern<\/b>\u00a0an die Ukraine<\/li>\n<li>an dem Transport von Kriegsmaterial via Deutschland \u00fcber das\u00a0<b>NATO\/US-Drehkreuz Ramstein<\/b><\/li>\n<li>an der Verh\u00e4ngung von\u00a0<b>Sanktionen<\/b>\u00a0ohne UN-Beschluss, die v\u00f6lkerrechtswidrig sind und auch zum massiven und langfristigen\u00a0<b>Schaden des Wirtschaftsstandorts Deutschland<\/b>\u00a0f\u00fchren<b>\u00a0(B3)<\/b><\/li>\n<li>an dem Verschweigen oder Kleinreden der immensen\u00a0<b>Umwelt- und Klimafolgen aller Kriege<\/b>\u00a0f\u00fcr die gesamte Menschheit<\/li>\n<li>an der geplanten dauerhaften Stationierung von\u00a0<b>4.000 Bundeswehrsoldatinnen- und Soldaten<\/b>\u00a0im Baltikum \u2013\u00a0<b>direkt an der Grenze zu Russland (!)<\/b>\u00a0\u2013 in Anbetracht der deutschen Geschichte<\/li>\n<\/ul>\n<p><b>Wir fordern von Ihnen als verantwortliche Politikerinnen und Politiker den Einsatz f\u00fcr eine diplomatische L\u00f6sung statt st\u00e4ndiger Eskalation:<\/b><\/p>\n<ul>\n<li><b>Stopp der Waffenlieferungen an die Ukraine!<\/b><\/li>\n<li><b><\/b>Waffen retten keine Menschenleben, sie sind T\u00f6tungsmaschinen! Waffen verl\u00e4ngern milit\u00e4rische Konflikte und f\u00fchren zu deren weiteren Versch\u00e4rfung.<\/li>\n<li>Tod, Leid, lang anhaltender Hass der V\u00f6lker untereinander, dauerhafte Verseuchung der Umwelt (z. B. durch abgereicherte Uranmunition) und unvorstellbare Zerst\u00f6rung sind dann die Folge.<\/li>\n<li><b>Einsatz f\u00fcr einen sofortigen Waffenstillstand ohne Vorbedingungen!<\/b><\/li>\n<li><b><\/b>Frieden gelingt nur, wenn die Diplomatie wieder die Oberhand gewinnt. Hierzu ist internationaler Druck auf die Kriegsparteien und de facto Beteiligte wie die USA\/NATO notwendig, um einen bedingungslosen Waffenstillstand herzustellen. Der Ball f\u00fcr Verhandlungen liegt bei den NATO-Staaten.<\/li>\n<li><b>Einsatz f\u00fcr Friedensverhandlungen f\u00fcr eine dauerhafte Friedensordnung!<\/b><\/li>\n<li><b><\/b>Friedensverhandlungen sind nur erfolgreich, wenn die Sicherheitsinteressen aller Staaten ber\u00fccksichtigt und umgesetzt werden. Kein Land darf seine Interessen auf Kosten der Sicherheit eines anderen Landes durchsetzen.<\/li>\n<li>Bestehende ethnische Konflikte in einzelnen L\u00e4ndern k\u00f6nnen nur nach dem Prinzip der Selbstbestimmung gel\u00f6st werden.<\/li>\n<li><b>\u00c4chtung\/Zerst\u00f6rung aller Massenvernichtungswaffen!<\/b><\/li>\n<li>Eine dauerhafte Friedensordnung setzt notwendigerweise den Abbau von Waffenarsenalen und Feindbildern sowie das Verbot von Kriegspropaganda voraus. Aus diesem Grund fordern wir das Wiedereinsetzen der Abr\u00fcstungsvertr\u00e4ge und die\u00a0<b>Ratifizierung des Atomwaffenverbotsvertrages<\/b>\u00a0<b>sowie den<\/b>\u00a0<b>Abzug der US-Atomwaffen\u00a0<\/b>aus Deutschland (B\u00fcchel) gem\u00e4\u00df Bundestagsbeschluss 2010\u00a0<b>(B4)<\/b>\u00a0. Mit der so erzielten Friedensdividende k\u00f6nnten die gro\u00dfen Menschheitsaufgaben in Angriff genommen werden, wie die Beseitigung des Hungers, Umwelt- und Klimaschutz etc.<\/li>\n<\/ul>\n<p>Mit friedvollen Gr\u00fc\u00dfen<\/p>\n<p>Die Teilnehmerinnen und Teilnehmer der Sammlungsbewegung\u00a0<a href=\"https:\/\/aufstehen.de\/web\/\" target=\"_blank\" rel=\"noopener\"><i>aufstehen<\/i><\/a><br \/>\nErarbeitet vom aufstehen-Themenraum Frieden, Abr\u00fcstung &amp; Au\u00dfenpolitik<\/p>\n<\/div>\n<p><strong><a href=\"https:\/\/www.openpetition.de\/petition\/online\/offener-brief-zum-weltfriedenstag-kritik-an-der-ukraine-eskalationspolitik\" target=\"_blank\" rel=\"noopener\">Der Offene Brief kann hier komplett eingesehen und mitgezeichnet werden.<\/a><\/strong><\/p>\n","protected":false},"excerpt":{"rendered":"<p>Der Tr\u00e4gerverein der Sammelbewegung aufstehen hat anl\u00e4sslich des Weltfriedenstags einen Offenen Brief an die Bundesregierung und die Parteien im Bundestagverfasst, den wir hier ver\u00f6ffentlichen. Der Brief kann auf der Plattform openPetiton mitgezeichnet werden. Offener Brief zum Weltfriedenstag an die Bundesregierung&hellip;<\/p>\n","protected":false},"author":1097,"featured_media":1763173,"comment_status":"closed","ping_status":"closed","sticky":false,"template":"","format":"standard","meta":{"footnotes":""},"categories":[9167,9164],"tags":[12132,9262,103170,12133,102474],"class_list":["post-1763154","post","type-post","status-publish","format-standard","has-post-thumbnail","hentry","category-frieden-und-abruestung","category-internationale-angelegenheiten","tag-bundesregierung","tag-frieden","tag-nato-gipfel","tag-offener-brief","tag-ukraine-krieg"],"yoast_head":"<!-- This site is optimized with the Yoast SEO plugin v27.1.1 - https:\/\/yoast.com\/product\/yoast-seo-wordpress\/ -->\n<title>Offener Brief zum Weltfriedenstag: Kritik an der Ukraine-Eskalationspolitik<\/title>\n<meta name=\"description\" content=\"Der Tr\u00e4gerverein der Sammelbewegung aufstehen hat anl\u00e4sslich des Weltfriedenstags einen Offenen Brief an die Bundesregierung und die Parteien im\" \/>\n<meta name=\"robots\" content=\"index, follow, max-snippet:-1, max-image-preview:large, max-video-preview:-1\" \/>\n<link rel=\"canonical\" href=\"https:\/\/www.pressenza.com\/de\/2023\/09\/offener-brief-zum-weltfriedenstag-kritik-an-der-ukraine-eskalationspolitik\/\" \/>\n<meta property=\"og:locale\" content=\"de_DE\" \/>\n<meta property=\"og:type\" content=\"article\" \/>\n<meta property=\"og:title\" content=\"Offener Brief zum Weltfriedenstag: Kritik an der Ukraine-Eskalationspolitik\" \/>\n<meta property=\"og:description\" content=\"Der Tr\u00e4gerverein der Sammelbewegung aufstehen hat anl\u00e4sslich des Weltfriedenstags einen Offenen Brief an die Bundesregierung und die Parteien im\" \/>\n<meta property=\"og:url\" content=\"https:\/\/www.pressenza.com\/de\/2023\/09\/offener-brief-zum-weltfriedenstag-kritik-an-der-ukraine-eskalationspolitik\/\" \/>\n<meta property=\"og:site_name\" content=\"Pressenza\" \/>\n<meta property=\"article:publisher\" content=\"https:\/\/www.facebook.com\/PressenzaItalia\" \/>\n<meta property=\"article:author\" content=\"https:\/\/www.facebook.com\/Pressenza-Deutschland-sterreich-Schweiz-281675388658060\/timeline\/\" \/>\n<meta property=\"article:published_time\" content=\"2023-09-04T09:31:54+00:00\" \/>\n<meta property=\"og:image\" content=\"https:\/\/www.pressenza.com\/wp-content\/uploads\/2023\/09\/Offener-Brief-Ukraine-Frieden.png\" \/>\n\t<meta property=\"og:image:width\" content=\"1018\" \/>\n\t<meta property=\"og:image:height\" content=\"675\" \/>\n\t<meta property=\"og:image:type\" content=\"image\/png\" \/>\n<meta name=\"author\" content=\"Pressenza Muenchen\" \/>\n<meta name=\"twitter:card\" content=\"summary_large_image\" \/>\n<meta name=\"twitter:creator\" content=\"@pressenza_ger\" \/>\n<meta name=\"twitter:site\" content=\"@PressenzaIPA\" \/>\n<meta name=\"twitter:label1\" content=\"Verfasst von\" \/>\n\t<meta name=\"twitter:data1\" content=\"Pressenza Muenchen\" \/>\n\t<meta name=\"twitter:label2\" content=\"Gesch\u00e4tzte Lesezeit\" \/>\n\t<meta name=\"twitter:data2\" content=\"4\u00a0Minuten\" \/>\n<script type=\"application\/ld+json\" class=\"yoast-schema-graph\">{\"@context\":\"https:\/\/schema.org\",\"@graph\":[{\"@type\":\"Article\",\"@id\":\"https:\/\/www.pressenza.com\/de\/2023\/09\/offener-brief-zum-weltfriedenstag-kritik-an-der-ukraine-eskalationspolitik\/#article\",\"isPartOf\":{\"@id\":\"https:\/\/www.pressenza.com\/de\/2023\/09\/offener-brief-zum-weltfriedenstag-kritik-an-der-ukraine-eskalationspolitik\/\"},\"author\":{\"name\":\"Pressenza Muenchen\",\"@id\":\"https:\/\/www.pressenza.com\/de\/#\/schema\/person\/0069724cfb2cb9785368a167d0d900b7\"},\"headline\":\"Offener Brief zum Weltfriedenstag: Kritik an der Ukraine-Eskalationspolitik\",\"datePublished\":\"2023-09-04T09:31:54+00:00\",\"mainEntityOfPage\":{\"@id\":\"https:\/\/www.pressenza.com\/de\/2023\/09\/offener-brief-zum-weltfriedenstag-kritik-an-der-ukraine-eskalationspolitik\/\"},\"wordCount\":763,\"publisher\":{\"@id\":\"https:\/\/www.pressenza.com\/de\/#organization\"},\"image\":{\"@id\":\"https:\/\/www.pressenza.com\/de\/2023\/09\/offener-brief-zum-weltfriedenstag-kritik-an-der-ukraine-eskalationspolitik\/#primaryimage\"},\"thumbnailUrl\":\"https:\/\/www.pressenza.com\/wp-content\/uploads\/2023\/09\/Offener-Brief-Ukraine-Frieden.png\",\"keywords\":[\"Bundesregierung\",\"Frieden\",\"NATO-Gipfel\",\"offener Brief\",\"Ukraine-Krieg\"],\"articleSection\":[\"Frieden und Abr\u00fcstung\",\"Internationale Angelegenheiten\"],\"inLanguage\":\"de\"},{\"@type\":\"WebPage\",\"@id\":\"https:\/\/www.pressenza.com\/de\/2023\/09\/offener-brief-zum-weltfriedenstag-kritik-an-der-ukraine-eskalationspolitik\/\",\"url\":\"https:\/\/www.pressenza.com\/de\/2023\/09\/offener-brief-zum-weltfriedenstag-kritik-an-der-ukraine-eskalationspolitik\/\",\"name\":\"Offener Brief zum Weltfriedenstag: Kritik an der Ukraine-Eskalationspolitik\",\"isPartOf\":{\"@id\":\"https:\/\/www.pressenza.com\/de\/#website\"},\"primaryImageOfPage\":{\"@id\":\"https:\/\/www.pressenza.com\/de\/2023\/09\/offener-brief-zum-weltfriedenstag-kritik-an-der-ukraine-eskalationspolitik\/#primaryimage\"},\"image\":{\"@id\":\"https:\/\/www.pressenza.com\/de\/2023\/09\/offener-brief-zum-weltfriedenstag-kritik-an-der-ukraine-eskalationspolitik\/#primaryimage\"},\"thumbnailUrl\":\"https:\/\/www.pressenza.com\/wp-content\/uploads\/2023\/09\/Offener-Brief-Ukraine-Frieden.png\",\"datePublished\":\"2023-09-04T09:31:54+00:00\",\"description\":\"Der Tr\u00e4gerverein der Sammelbewegung aufstehen hat anl\u00e4sslich des Weltfriedenstags einen Offenen Brief an die Bundesregierung und die Parteien im\",\"breadcrumb\":{\"@id\":\"https:\/\/www.pressenza.com\/de\/2023\/09\/offener-brief-zum-weltfriedenstag-kritik-an-der-ukraine-eskalationspolitik\/#breadcrumb\"},\"inLanguage\":\"de\",\"potentialAction\":[{\"@type\":\"ReadAction\",\"target\":[\"https:\/\/www.pressenza.com\/de\/2023\/09\/offener-brief-zum-weltfriedenstag-kritik-an-der-ukraine-eskalationspolitik\/\"]}]},{\"@type\":\"ImageObject\",\"inLanguage\":\"de\",\"@id\":\"https:\/\/www.pressenza.com\/de\/2023\/09\/offener-brief-zum-weltfriedenstag-kritik-an-der-ukraine-eskalationspolitik\/#primaryimage\",\"url\":\"https:\/\/www.pressenza.com\/wp-content\/uploads\/2023\/09\/Offener-Brief-Ukraine-Frieden.png\",\"contentUrl\":\"https:\/\/www.pressenza.com\/wp-content\/uploads\/2023\/09\/Offener-Brief-Ukraine-Frieden.png\",\"width\":1018,\"height\":675},{\"@type\":\"BreadcrumbList\",\"@id\":\"https:\/\/www.pressenza.com\/de\/2023\/09\/offener-brief-zum-weltfriedenstag-kritik-an-der-ukraine-eskalationspolitik\/#breadcrumb\",\"itemListElement\":[{\"@type\":\"ListItem\",\"position\":1,\"name\":\"Accueil\",\"item\":\"https:\/\/www.pressenza.com\/de\/\"},{\"@type\":\"ListItem\",\"position\":2,\"name\":\"Offener Brief zum Weltfriedenstag: Kritik an der Ukraine-Eskalationspolitik\"}]},{\"@type\":\"WebSite\",\"@id\":\"https:\/\/www.pressenza.com\/de\/#website\",\"url\":\"https:\/\/www.pressenza.com\/de\/\",\"name\":\"Pressenza\",\"description\":\"International Press Agency\",\"publisher\":{\"@id\":\"https:\/\/www.pressenza.com\/de\/#organization\"},\"potentialAction\":[{\"@type\":\"SearchAction\",\"target\":{\"@type\":\"EntryPoint\",\"urlTemplate\":\"https:\/\/www.pressenza.com\/de\/?s={search_term_string}\"},\"query-input\":{\"@type\":\"PropertyValueSpecification\",\"valueRequired\":true,\"valueName\":\"search_term_string\"}}],\"inLanguage\":\"de\"},{\"@type\":\"Organization\",\"@id\":\"https:\/\/www.pressenza.com\/de\/#organization\",\"name\":\"Pressenza\",\"url\":\"https:\/\/www.pressenza.com\/de\/\",\"logo\":{\"@type\":\"ImageObject\",\"inLanguage\":\"de\",\"@id\":\"https:\/\/www.pressenza.com\/de\/#\/schema\/logo\/image\/\",\"url\":\"https:\/\/www.pressenza.com\/wp-content\/uploads\/2022\/10\/pressenza_logo_200x200.jpg\",\"contentUrl\":\"https:\/\/www.pressenza.com\/wp-content\/uploads\/2022\/10\/pressenza_logo_200x200.jpg\",\"width\":200,\"height\":200,\"caption\":\"Pressenza\"},\"image\":{\"@id\":\"https:\/\/www.pressenza.com\/de\/#\/schema\/logo\/image\/\"},\"sameAs\":[\"https:\/\/www.facebook.com\/PressenzaItalia\",\"https:\/\/x.com\/PressenzaIPA\"]},{\"@type\":\"Person\",\"@id\":\"https:\/\/www.pressenza.com\/de\/#\/schema\/person\/0069724cfb2cb9785368a167d0d900b7\",\"name\":\"Pressenza Muenchen\",\"description\":\"News from the Pressenza bureau in Munich, Germany\",\"sameAs\":[\"https:\/\/www.facebook.com\/Pressenza-Deutschland-sterreich-Schweiz-281675388658060\/timeline\/\",\"https:\/\/x.com\/pressenza_ger\"],\"url\":\"https:\/\/www.pressenza.com\/de\/author\/pressenza-muenchen\/\"}]}<\/script>\n<!-- \/ Yoast SEO plugin. -->","yoast_head_json":{"title":"Offener Brief zum Weltfriedenstag: Kritik an der Ukraine-Eskalationspolitik","description":"Der Tr\u00e4gerverein der Sammelbewegung aufstehen hat anl\u00e4sslich des Weltfriedenstags einen Offenen Brief an die Bundesregierung und die Parteien im","robots":{"index":"index","follow":"follow","max-snippet":"max-snippet:-1","max-image-preview":"max-image-preview:large","max-video-preview":"max-video-preview:-1"},"canonical":"https:\/\/www.pressenza.com\/de\/2023\/09\/offener-brief-zum-weltfriedenstag-kritik-an-der-ukraine-eskalationspolitik\/","og_locale":"de_DE","og_type":"article","og_title":"Offener Brief zum Weltfriedenstag: Kritik an der Ukraine-Eskalationspolitik","og_description":"Der Tr\u00e4gerverein der Sammelbewegung aufstehen hat anl\u00e4sslich des Weltfriedenstags einen Offenen Brief an die Bundesregierung und die Parteien im","og_url":"https:\/\/www.pressenza.com\/de\/2023\/09\/offener-brief-zum-weltfriedenstag-kritik-an-der-ukraine-eskalationspolitik\/","og_site_name":"Pressenza","article_publisher":"https:\/\/www.facebook.com\/PressenzaItalia","article_author":"https:\/\/www.facebook.com\/Pressenza-Deutschland-sterreich-Schweiz-281675388658060\/timeline\/","article_published_time":"2023-09-04T09:31:54+00:00","og_image":[{"width":1018,"height":675,"url":"https:\/\/www.pressenza.com\/wp-content\/uploads\/2023\/09\/Offener-Brief-Ukraine-Frieden.png","type":"image\/png"}],"author":"Pressenza Muenchen","twitter_card":"summary_large_image","twitter_creator":"@pressenza_ger","twitter_site":"@PressenzaIPA","twitter_misc":{"Verfasst von":"Pressenza Muenchen","Gesch\u00e4tzte Lesezeit":"4\u00a0Minuten"},"schema":{"@context":"https:\/\/schema.org","@graph":[{"@type":"Article","@id":"https:\/\/www.pressenza.com\/de\/2023\/09\/offener-brief-zum-weltfriedenstag-kritik-an-der-ukraine-eskalationspolitik\/#article","isPartOf":{"@id":"https:\/\/www.pressenza.com\/de\/2023\/09\/offener-brief-zum-weltfriedenstag-kritik-an-der-ukraine-eskalationspolitik\/"},"author":{"name":"Pressenza Muenchen","@id":"https:\/\/www.pressenza.com\/de\/#\/schema\/person\/0069724cfb2cb9785368a167d0d900b7"},"headline":"Offener Brief zum Weltfriedenstag: Kritik an der Ukraine-Eskalationspolitik","datePublished":"2023-09-04T09:31:54+00:00","mainEntityOfPage":{"@id":"https:\/\/www.pressenza.com\/de\/2023\/09\/offener-brief-zum-weltfriedenstag-kritik-an-der-ukraine-eskalationspolitik\/"},"wordCount":763,"publisher":{"@id":"https:\/\/www.pressenza.com\/de\/#organization"},"image":{"@id":"https:\/\/www.pressenza.com\/de\/2023\/09\/offener-brief-zum-weltfriedenstag-kritik-an-der-ukraine-eskalationspolitik\/#primaryimage"},"thumbnailUrl":"https:\/\/www.pressenza.com\/wp-content\/uploads\/2023\/09\/Offener-Brief-Ukraine-Frieden.png","keywords":["Bundesregierung","Frieden","NATO-Gipfel","offener Brief","Ukraine-Krieg"],"articleSection":["Frieden und Abr\u00fcstung","Internationale Angelegenheiten"],"inLanguage":"de"},{"@type":"WebPage","@id":"https:\/\/www.pressenza.com\/de\/2023\/09\/offener-brief-zum-weltfriedenstag-kritik-an-der-ukraine-eskalationspolitik\/","url":"https:\/\/www.pressenza.com\/de\/2023\/09\/offener-brief-zum-weltfriedenstag-kritik-an-der-ukraine-eskalationspolitik\/","name":"Offener Brief zum Weltfriedenstag: Kritik an der Ukraine-Eskalationspolitik","isPartOf":{"@id":"https:\/\/www.pressenza.com\/de\/#website"},"primaryImageOfPage":{"@id":"https:\/\/www.pressenza.com\/de\/2023\/09\/offener-brief-zum-weltfriedenstag-kritik-an-der-ukraine-eskalationspolitik\/#primaryimage"},"image":{"@id":"https:\/\/www.pressenza.com\/de\/2023\/09\/offener-brief-zum-weltfriedenstag-kritik-an-der-ukraine-eskalationspolitik\/#primaryimage"},"thumbnailUrl":"https:\/\/www.pressenza.com\/wp-content\/uploads\/2023\/09\/Offener-Brief-Ukraine-Frieden.png","datePublished":"2023-09-04T09:31:54+00:00","description":"Der Tr\u00e4gerverein der Sammelbewegung aufstehen hat anl\u00e4sslich des Weltfriedenstags einen Offenen Brief an die Bundesregierung und die Parteien im","breadcrumb":{"@id":"https:\/\/www.pressenza.com\/de\/2023\/09\/offener-brief-zum-weltfriedenstag-kritik-an-der-ukraine-eskalationspolitik\/#breadcrumb"},"inLanguage":"de","potentialAction":[{"@type":"ReadAction","target":["https:\/\/www.pressenza.com\/de\/2023\/09\/offener-brief-zum-weltfriedenstag-kritik-an-der-ukraine-eskalationspolitik\/"]}]},{"@type":"ImageObject","inLanguage":"de","@id":"https:\/\/www.pressenza.com\/de\/2023\/09\/offener-brief-zum-weltfriedenstag-kritik-an-der-ukraine-eskalationspolitik\/#primaryimage","url":"https:\/\/www.pressenza.com\/wp-content\/uploads\/2023\/09\/Offener-Brief-Ukraine-Frieden.png","contentUrl":"https:\/\/www.pressenza.com\/wp-content\/uploads\/2023\/09\/Offener-Brief-Ukraine-Frieden.png","width":1018,"height":675},{"@type":"BreadcrumbList","@id":"https:\/\/www.pressenza.com\/de\/2023\/09\/offener-brief-zum-weltfriedenstag-kritik-an-der-ukraine-eskalationspolitik\/#breadcrumb","itemListElement":[{"@type":"ListItem","position":1,"name":"Accueil","item":"https:\/\/www.pressenza.com\/de\/"},{"@type":"ListItem","position":2,"name":"Offener Brief zum Weltfriedenstag: Kritik an der Ukraine-Eskalationspolitik"}]},{"@type":"WebSite","@id":"https:\/\/www.pressenza.com\/de\/#website","url":"https:\/\/www.pressenza.com\/de\/","name":"Pressenza","description":"International Press Agency","publisher":{"@id":"https:\/\/www.pressenza.com\/de\/#organization"},"potentialAction":[{"@type":"SearchAction","target":{"@type":"EntryPoint","urlTemplate":"https:\/\/www.pressenza.com\/de\/?s={search_term_string}"},"query-input":{"@type":"PropertyValueSpecification","valueRequired":true,"valueName":"search_term_string"}}],"inLanguage":"de"},{"@type":"Organization","@id":"https:\/\/www.pressenza.com\/de\/#organization","name":"Pressenza","url":"https:\/\/www.pressenza.com\/de\/","logo":{"@type":"ImageObject","inLanguage":"de","@id":"https:\/\/www.pressenza.com\/de\/#\/schema\/logo\/image\/","url":"https:\/\/www.pressenza.com\/wp-content\/uploads\/2022\/10\/pressenza_logo_200x200.jpg","contentUrl":"https:\/\/www.pressenza.com\/wp-content\/uploads\/2022\/10\/pressenza_logo_200x200.jpg","width":200,"height":200,"caption":"Pressenza"},"image":{"@id":"https:\/\/www.pressenza.com\/de\/#\/schema\/logo\/image\/"},"sameAs":["https:\/\/www.facebook.com\/PressenzaItalia","https:\/\/x.com\/PressenzaIPA"]},{"@type":"Person","@id":"https:\/\/www.pressenza.com\/de\/#\/schema\/person\/0069724cfb2cb9785368a167d0d900b7","name":"Pressenza Muenchen","description":"News from the Pressenza bureau in Munich, Germany","sameAs":["https:\/\/www.facebook.com\/Pressenza-Deutschland-sterreich-Schweiz-281675388658060\/timeline\/","https:\/\/x.com\/pressenza_ger"],"url":"https:\/\/www.pressenza.com\/de\/author\/pressenza-muenchen\/"}]}},"place":"aufstehen.de","original_article_url":"","_links":{"self":[{"href":"https:\/\/www.pressenza.com\/de\/wp-json\/wp\/v2\/posts\/1763154","targetHints":{"allow":["GET"]}}],"collection":[{"href":"https:\/\/www.pressenza.com\/de\/wp-json\/wp\/v2\/posts"}],"about":[{"href":"https:\/\/www.pressenza.com\/de\/wp-json\/wp\/v2\/types\/post"}],"author":[{"embeddable":true,"href":"https:\/\/www.pressenza.com\/de\/wp-json\/wp\/v2\/users\/1097"}],"replies":[{"embeddable":true,"href":"https:\/\/www.pressenza.com\/de\/wp-json\/wp\/v2\/comments?post=1763154"}],"version-history":[{"count":0,"href":"https:\/\/www.pressenza.com\/de\/wp-json\/wp\/v2\/posts\/1763154\/revisions"}],"wp:featuredmedia":[{"embeddable":true,"href":"https:\/\/www.pressenza.com\/de\/wp-json\/wp\/v2\/media\/1763173"}],"wp:attachment":[{"href":"https:\/\/www.pressenza.com\/de\/wp-json\/wp\/v2\/media?parent=1763154"}],"wp:term":[{"taxonomy":"category","embeddable":true,"href":"https:\/\/www.pressenza.com\/de\/wp-json\/wp\/v2\/categories?post=1763154"},{"taxonomy":"post_tag","embeddable":true,"href":"https:\/\/www.pressenza.com\/de\/wp-json\/wp\/v2\/tags?post=1763154"}],"curies":[{"name":"wp","href":"https:\/\/api.w.org\/{rel}","templated":true}]}}