{"id":1763122,"date":"2023-09-05T06:31:57","date_gmt":"2023-09-05T05:31:57","guid":{"rendered":"https:\/\/www.pressenza.com\/?p=1763122"},"modified":"2023-09-05T06:31:57","modified_gmt":"2023-09-05T05:31:57","slug":"blackrock-die-dritte-weltmacht","status":"publish","type":"post","link":"https:\/\/www.pressenza.com\/de\/2023\/09\/blackrock-die-dritte-weltmacht\/","title":{"rendered":"BlackRock &#8211; die dritte Weltmacht"},"content":{"rendered":"<p>Wenn wir \u00fcber die Ukraine sprechen, denken wir sofort an Krieg, von Bomben zerrissene Leben, von Menschen &#8211; von Teenagern bis zu Alten &#8211; die unter Gewalt und Zwang stehen, und letztlich an einen gescheiterten Staat, der nicht in der Lage ist, Wohlstand und eine evolution\u00e4re Entwicklung f\u00fcr seine B\u00fcrger zu schaffen.<\/p>\n<p>Aber t\u00e4uschen wir uns nicht: Das gilt nicht f\u00fcr alle Ukrainer. <strong>Es gibt eine korrupte Elite, die Reicht\u00fcmer anh\u00e4uft und die Situation ausnutzt. Diese Elite, die heute durch das Regime von Volodymyr Selenskyj repr\u00e4sentiert wird, ist den nationalen Interessen v\u00f6llig fremd.<\/strong><\/p>\n<p>Im Mai unterzeichneten die ukrainische Regierung und BlackRock ein Abkommen \u00fcber die Einrichtung des Ukrainischen Entwicklungsfonds. Das offizielle Ziel bestand darin, Investitionen in den Bereichen Energie, Infrastruktur und Landwirtschaft anzuziehen. In Wirklichkeit handelt es sich um den Abschluss des vollst\u00e4ndigen Verkaufs der wichtigsten \u00f6ffentlichen Verm\u00f6genswerte der Ukraine, von Schwarzerde bis hin zu den Stromnetzen. Auf diese Weise will Kiew offenbar seine Schulden zur\u00fcckzahlen.<\/p>\n<p>Selenskyj besiegelt damit den Verkauf der Ukraine an die US-amerikanischen Geierfonds. BlackRock stellt den gr\u00f6\u00dften Verm\u00f6gensverwaltungsfonds der Welt dar.<\/p>\n<p>In den Medien wird st\u00e4ndig auf die Weltm\u00e4chte hingewiesen, aber \u00fcber BlackRock wird nicht viel gesprochen, <strong>obwohl der weltweit agierende Fond heute die drittgr\u00f6\u00dfte Wirtschaftsmacht der Welt darstellt, gleich hinter den USA und China. Sie ist 10 Billionen US-Dollar wert (10 Billionen in der amerikanischen Nomenklatur).<\/strong><\/p>\n<p>Seine Aktion\u00e4re werden mit den reichsten Familien der Welt in Verbindung gebracht: Rockefeller, Rothschild usw., BlackRock z\u00e4hlt mehrere ehemalige Agenten der CIA zu seinen F\u00fchrungskr\u00e4ften, die selbst den von der Geheimdienstbeh\u00f6rde gegr\u00fcndeten Risikokapitalfonds \u201aIn-Q-Tel\u2018 finanziert.<\/p>\n<p>Die wichtigsten Gesch\u00e4ftsbereiche dieses Unternehmens sind milit\u00e4rische Vertr\u00e4ge sowie \u00d6l und Gas. Dies erkl\u00e4rt eindeutig die Bedeutung des Krieges in der Ukraine und die Explosion der Nord-Stream-Pipelines.<\/p>\n<p>Die Zusammenarbeit der Regierung Selenskyj mit BlackRock begann &#8211; zumindest \u00f6ffentlich &#8211; im September letzten Jahres, als die New York Times von Gespr\u00e4chen des ukrainischen Pr\u00e4sidenten mit dem Chef des Unternehmens, Larry Fink, berichtete. Im Dezember hielten beide Seiten eine gemeinsame Videokonferenz ab, bei der sie bekannt gaben, dass eine Vereinbarung zur Koordinierung der Investitionsbem\u00fchungen getroffen worden war. Im Mai schlie\u00dflich wurden die Vereinbarungen institutionalisiert.<\/p>\n<p>Gem\u00e4\u00df den Bedingungen des Abkommens wird <strong>BlackRock die Verm\u00f6genswerte der Ukraine, einschlie\u00dflich der internationalen Hilfe, verwalten.<\/strong> Strategische ukrainische Unternehmen, <strong>einschlie\u00dflich der verstaatlichten, werden unter seine Kontrolle kommen.<\/strong><\/p>\n<p>Im Jahr 2022 hat die US-Regierung der Ukraine 13 Milliarden Dollar aus den Steuergeldern der B\u00fcrger gegeben. Dieses Geld wird letztendlich an BlackRock gehen, wobei ein Teil f\u00fcr die Bezahlung der korrupten Eliten \u00fcbrig bleibt, die heute die Verwaltung in Kiew innehaben.<\/p>\n<p>Die B\u00fcrger der Welt m\u00fcssen wissen, dass es sich hierbei nicht um blo\u00dfe Meinungen handelt, sondern um Tatsachen, die da sind, wenn man sie finden will. <strong>Gelegentlich st\u00f6\u00dft man auf pazifistische Erkl\u00e4rungen, die vorgeben, gleich weit von den Parteien entfernt zu sein.<\/strong> Aber ohne auch nur angemessen zu erl\u00e4utern, um welche Seiten es sich handelt, und ohne echtes Interesse daran, vor dem zu warnen, was im Kern der Sache liegt.<\/p>\n<p>All das ist nicht nur ein endemisches globales Problem, sondern wird sich auch direkt oder indirekt auf unser Leben auswirken. Es gilt, wachsam zu sein und die Organisatoren von Kriegen und Wiederaufbau beim Namen zu nennen.<\/p>\n<p>Ausdr\u00fccke wie &#8222;die russische Invasion&#8220; oder &#8222;Putins Krieg&#8220; usw. zeugen von wenig Interesse an einer Kl\u00e4rung der Dinge. Heute dr\u00fccken sich selbst die regierungsfreundlichsten Medien nicht mehr in dieser Weise aus.<\/p>\n<p>Es sei an den Wortlaut des Humanistischen Dokuments erinnert (das Ende des letzten Jahrhunderts ver\u00f6ffentlicht wurde, aber auch f\u00fcr unser 21. Jahrhundert vollkommen g\u00fcltig ist):<\/p>\n<blockquote><p>&#8222;Es gibt viele Positionen, die auf der Grundlage des menschlichen Leidens zu selbstlosem Handeln zugunsten von enteigneten oder diskriminierten Menschen aufrufen. Manchmal werden Vereinigungen, Freiwilligengruppen und gro\u00dfe Teile der Bev\u00f6lkerung mobilisiert, um einen positiven Beitrag zu leisten. Einer ihrer Beitr\u00e4ge besteht zweifellos darin, das Bewusstsein f\u00fcr diese Probleme zu sch\u00e4rfen. Allerdings gehen solche Gruppen bei ihrer Arbeit nicht davon aus, dass sie die Strukturen, die diese Missst\u00e4nde verursachen, umgestalten. Diese Positionen sind eher dem Humanitarismus als dem bewussten Humanismus zuzuordnen. Sie beinhalten bereits spezifische Proteste und Aktionen, die vertieft und ausgeweitet werden k\u00f6nnen&#8220;. (Auszug aus dem Humanistischen Dokument: Vom naiven zum bewussten Humanismus).<\/p><\/blockquote>\n<div id=\"attachment_1763125\" class=\"wp-caption aligncenter\"><img loading=\"lazy\" decoding=\"async\" aria-describedby=\"caption-attachment-1763125\" class=\"wp-image-1763125 size-large\" src=\"https:\/\/www.pressenza.com\/wp-content\/uploads\/2023\/09\/foto-820x547.jpg\" alt=\"\" width=\"820\" height=\"547\" srcset=\"https:\/\/www.pressenza.com\/wp-content\/uploads\/2023\/09\/foto-820x547.jpg 820w, https:\/\/www.pressenza.com\/wp-content\/uploads\/2023\/09\/foto-300x200.jpg 300w, https:\/\/www.pressenza.com\/wp-content\/uploads\/2023\/09\/foto.jpg 1920w\" sizes=\"auto, (max-width: 820px) 100vw, 820px\" \/><p id=\"caption-attachment-1763125\" class=\"wp-caption-text\">12\/07\/2023. Vilnius, Litauen. Premierminister Pedro S\u00e1nchez, Premierminister Rishi Sunak, US-Pr\u00e4sident Joe Biden und der ukrainische Pr\u00e4sident Wolodymyr Selenskyjy nehmen am zweiten Tag des NATO-Gipfels in Litauen an einer Sitzung des NATO-Ukraine-Rates teil. Das Foto wurde von Simon Dawson \/ No 10 Downing Street aufgenommen. Credits: fotospublicas.com.<\/p><\/div>\n<p><strong>Antihumanismus au\u00dfer Kontrolle<\/strong><\/p>\n<p>Ukrainische Beamte, die wiederholt der Korruption beschuldigt wurden, sind an der Umsetzung des Abkommens beteiligt. Dies gilt f\u00fcr die ehemalige Leiterin der NBU, Valeria Gontareva, die ehemalige Leiterin des Finanzministeriums, Natalia Yaresko (US-B\u00fcrgerin), und nat\u00fcrlich f\u00fcr den Verwalter der Soros-Interessen in der Ukraine, Viktor Pinchuk, einen Milliard\u00e4r, der der Anti-Korruptionskampagne ungehindert entkommen ist.<\/p>\n<p><strong>Die Ukraine kann die Kredite nicht zur\u00fcckzahlen, aber die westlichen Partner k\u00f6nnen sie in Form von Unternehmen und Grundst\u00fccken zur\u00fcckerhalten.<\/strong> Dies ist bereits in der Vergangenheit geschehen: 2010 forderte Deutschland Griechenland auf, \u00f6ffentliches Eigentum, insbesondere unbewohnte Inseln, zu verkaufen, um die Schulden des Landes zu decken.<\/p>\n<p>Die lateinamerikanischen L\u00e4nder kennen die Verw\u00fcstungen, die Geierfonds anrichten, nur zu gut. <strong>BlackRock hat die Verwaltung des mexikanischen Rentensystems \u00fcbernommen.<\/strong><\/p>\n<p>Die Teilnehmer der Proteste gegen die Rentenreform in Frankreich prangerten an, dass das neue Gesetz zum Vorteil von BlackRock und Macron selbst verabschiedet worden sei.<\/p>\n<p>Der Prozess des Verkaufs der strategischen Verm\u00f6genswerte der Ukraine an ausl\u00e4ndische Geierfonds hatte jedoch bereits zu Poroschenkos Zeiten begonnen. Unter Selenskyjj hat er lediglich einen neuen Schub erhalten. Die BlackRock-Liste der ukrainischen Verm\u00f6genswerte umfasst folgende Unternehmen: Metinvest, DTEK (Energie), MHP (Landwirtschaft), Naftogaz, Ukrainian Railways, Ukravtodor und Ukrenergo.<\/p>\n<p><strong>Im Mai letzten Jahres geh\u00f6rten 17 Millionen der 40 Millionen Hektar, die von der Landesbank als ukrainisches Agrarland ausgewiesene ist, drei Unternehmen: Cargill, Dupont und Monsanto.<\/strong><\/p>\n<hr \/>\n<p><strong>QUELLEN: <\/strong><\/p>\n<p>Artikel in <a href=\"https:\/\/mpr21.info\">mpr21.info<\/a>;<\/p>\n<p>El Pais, <a href=\"https:\/\/elpais.com\/opinion\/2023-08-14\/en-defensa-de-ucrania-hasta-la-muerte-de-los-ucranios.html\">Um die Ukraine bis zum Tod zu verteidigen<\/a> (Anm. d. Verf.: \u2026 der Ukrainer\/innen);<\/p>\n<p><a href=\"https:\/\/vk.com\/video-210982902_456250355\">Programm von Rick Sanchez TV in VK<\/a>;<\/p>\n<p><a href=\"https:\/\/www.humanistdocument.org\/home-espanol\/\">Humanistisches Dokument<\/a>;<\/p>\n<p><a href=\"https:\/\/www.humanistdocument.org\/home-espanol\/\">Neue Paradigmen<\/a><\/p>\n<p><em><strong>Die \u00dcbersetzung aus dem Franz\u00f6sischen wurde von W. L. Buder vom ehrenamtlichen Pressenza-\u00dcbersetzungsteam erstellt. <a href=\"https:\/\/www.pressenza.com\/de\/mitarbeiten\/\" target=\"_blank\" rel=\"noopener\">Wir suchen Freiwillige!<\/a><\/strong><\/em><\/p>\n","protected":false},"excerpt":{"rendered":"<p>Wenn wir \u00fcber die Ukraine sprechen, denken wir sofort an Krieg, von Bomben zerrissene Leben, von Menschen &#8211; von Teenagern bis zu Alten &#8211; die unter Gewalt und Zwang stehen, und letztlich an einen gescheiterten Staat, der nicht in der&hellip;<\/p>\n","protected":false},"author":2099,"featured_media":1763124,"comment_status":"closed","ping_status":"closed","sticky":false,"template":"","format":"standard","meta":{"footnotes":""},"categories":[9162,9164,9168,9145],"tags":[69995,9255,11826,9293],"class_list":["post-1763122","post","type-post","status-publish","format-standard","has-post-thumbnail","hentry","category-humanismus-und-spiritualitaet","category-internationale-angelegenheiten","category-politik","category-pressemitteilungen","tag-black-rock","tag-china-de","tag-nato-de","tag-ukraine-de"],"yoast_head":"<!-- This site is optimized with the Yoast SEO plugin v27.1.1 - https:\/\/yoast.com\/product\/yoast-seo-wordpress\/ -->\n<title>BlackRock - die dritte Weltmacht<\/title>\n<meta name=\"description\" content=\"Wenn wir \u00fcber die Ukraine sprechen, denken wir sofort an Krieg, von Bomben zerrissene Leben, von Menschen - von Teenagern bis zu Alten - die unter Gewalt\" \/>\n<meta name=\"robots\" content=\"index, follow, max-snippet:-1, max-image-preview:large, max-video-preview:-1\" \/>\n<link rel=\"canonical\" href=\"https:\/\/www.pressenza.com\/de\/2023\/09\/blackrock-die-dritte-weltmacht\/\" \/>\n<meta property=\"og:locale\" content=\"de_DE\" \/>\n<meta property=\"og:type\" content=\"article\" \/>\n<meta property=\"og:title\" content=\"BlackRock - die dritte Weltmacht\" \/>\n<meta property=\"og:description\" content=\"Wenn wir \u00fcber die Ukraine sprechen, denken wir sofort an Krieg, von Bomben zerrissene Leben, von Menschen - von Teenagern bis zu Alten - die unter Gewalt\" \/>\n<meta property=\"og:url\" content=\"https:\/\/www.pressenza.com\/de\/2023\/09\/blackrock-die-dritte-weltmacht\/\" \/>\n<meta property=\"og:site_name\" content=\"Pressenza\" \/>\n<meta property=\"article:publisher\" content=\"https:\/\/www.facebook.com\/PressenzaItalia\" \/>\n<meta property=\"article:published_time\" content=\"2023-09-05T05:31:57+00:00\" \/>\n<meta property=\"og:image\" content=\"https:\/\/www.pressenza.com\/wp-content\/uploads\/2023\/07\/53039905512_d38468ca3e_k.jpg\" \/>\n\t<meta property=\"og:image:width\" content=\"1920\" \/>\n\t<meta property=\"og:image:height\" content=\"1281\" \/>\n\t<meta property=\"og:image:type\" content=\"image\/jpeg\" \/>\n<meta name=\"author\" content=\"IHPS\" \/>\n<meta name=\"twitter:card\" content=\"summary_large_image\" \/>\n<meta name=\"twitter:creator\" content=\"@PressenzaIPA\" \/>\n<meta name=\"twitter:site\" content=\"@PressenzaIPA\" \/>\n<meta name=\"twitter:label1\" content=\"Verfasst von\" \/>\n\t<meta name=\"twitter:data1\" content=\"IHPS\" \/>\n\t<meta name=\"twitter:label2\" content=\"Gesch\u00e4tzte Lesezeit\" \/>\n\t<meta name=\"twitter:data2\" content=\"6\u00a0Minuten\" \/>\n<script type=\"application\/ld+json\" class=\"yoast-schema-graph\">{\"@context\":\"https:\/\/schema.org\",\"@graph\":[{\"@type\":\"Article\",\"@id\":\"https:\/\/www.pressenza.com\/de\/2023\/09\/blackrock-die-dritte-weltmacht\/#article\",\"isPartOf\":{\"@id\":\"https:\/\/www.pressenza.com\/de\/2023\/09\/blackrock-die-dritte-weltmacht\/\"},\"author\":{\"name\":\"IHPS\",\"@id\":\"https:\/\/www.pressenza.com\/de\/#\/schema\/person\/d5ec6967bd81144e354045096ec84b6b\"},\"headline\":\"BlackRock &#8211; die dritte Weltmacht\",\"datePublished\":\"2023-09-05T05:31:57+00:00\",\"mainEntityOfPage\":{\"@id\":\"https:\/\/www.pressenza.com\/de\/2023\/09\/blackrock-die-dritte-weltmacht\/\"},\"wordCount\":1075,\"publisher\":{\"@id\":\"https:\/\/www.pressenza.com\/de\/#organization\"},\"image\":{\"@id\":\"https:\/\/www.pressenza.com\/de\/2023\/09\/blackrock-die-dritte-weltmacht\/#primaryimage\"},\"thumbnailUrl\":\"https:\/\/www.pressenza.com\/wp-content\/uploads\/2023\/07\/53039905512_d38468ca3e_k.jpg\",\"keywords\":[\"Black Rock\",\"China\",\"NATO\",\"Ukraine\"],\"articleSection\":[\"Humanismus und Spiritualit\u00e4t\",\"Internationale Angelegenheiten\",\"Politik\",\"Pressemitteilungen\"],\"inLanguage\":\"de\"},{\"@type\":\"WebPage\",\"@id\":\"https:\/\/www.pressenza.com\/de\/2023\/09\/blackrock-die-dritte-weltmacht\/\",\"url\":\"https:\/\/www.pressenza.com\/de\/2023\/09\/blackrock-die-dritte-weltmacht\/\",\"name\":\"BlackRock - die dritte Weltmacht\",\"isPartOf\":{\"@id\":\"https:\/\/www.pressenza.com\/de\/#website\"},\"primaryImageOfPage\":{\"@id\":\"https:\/\/www.pressenza.com\/de\/2023\/09\/blackrock-die-dritte-weltmacht\/#primaryimage\"},\"image\":{\"@id\":\"https:\/\/www.pressenza.com\/de\/2023\/09\/blackrock-die-dritte-weltmacht\/#primaryimage\"},\"thumbnailUrl\":\"https:\/\/www.pressenza.com\/wp-content\/uploads\/2023\/07\/53039905512_d38468ca3e_k.jpg\",\"datePublished\":\"2023-09-05T05:31:57+00:00\",\"description\":\"Wenn wir \u00fcber die Ukraine sprechen, denken wir sofort an Krieg, von Bomben zerrissene Leben, von Menschen - von Teenagern bis zu Alten - die unter Gewalt\",\"breadcrumb\":{\"@id\":\"https:\/\/www.pressenza.com\/de\/2023\/09\/blackrock-die-dritte-weltmacht\/#breadcrumb\"},\"inLanguage\":\"de\",\"potentialAction\":[{\"@type\":\"ReadAction\",\"target\":[\"https:\/\/www.pressenza.com\/de\/2023\/09\/blackrock-die-dritte-weltmacht\/\"]}]},{\"@type\":\"ImageObject\",\"inLanguage\":\"de\",\"@id\":\"https:\/\/www.pressenza.com\/de\/2023\/09\/blackrock-die-dritte-weltmacht\/#primaryimage\",\"url\":\"https:\/\/www.pressenza.com\/wp-content\/uploads\/2023\/07\/53039905512_d38468ca3e_k.jpg\",\"contentUrl\":\"https:\/\/www.pressenza.com\/wp-content\/uploads\/2023\/07\/53039905512_d38468ca3e_k.jpg\",\"width\":1920,\"height\":1281},{\"@type\":\"BreadcrumbList\",\"@id\":\"https:\/\/www.pressenza.com\/de\/2023\/09\/blackrock-die-dritte-weltmacht\/#breadcrumb\",\"itemListElement\":[{\"@type\":\"ListItem\",\"position\":1,\"name\":\"Accueil\",\"item\":\"https:\/\/www.pressenza.com\/de\/\"},{\"@type\":\"ListItem\",\"position\":2,\"name\":\"BlackRock &#8211; die dritte Weltmacht\"}]},{\"@type\":\"WebSite\",\"@id\":\"https:\/\/www.pressenza.com\/de\/#website\",\"url\":\"https:\/\/www.pressenza.com\/de\/\",\"name\":\"Pressenza\",\"description\":\"International Press Agency\",\"publisher\":{\"@id\":\"https:\/\/www.pressenza.com\/de\/#organization\"},\"potentialAction\":[{\"@type\":\"SearchAction\",\"target\":{\"@type\":\"EntryPoint\",\"urlTemplate\":\"https:\/\/www.pressenza.com\/de\/?s={search_term_string}\"},\"query-input\":{\"@type\":\"PropertyValueSpecification\",\"valueRequired\":true,\"valueName\":\"search_term_string\"}}],\"inLanguage\":\"de\"},{\"@type\":\"Organization\",\"@id\":\"https:\/\/www.pressenza.com\/de\/#organization\",\"name\":\"Pressenza\",\"url\":\"https:\/\/www.pressenza.com\/de\/\",\"logo\":{\"@type\":\"ImageObject\",\"inLanguage\":\"de\",\"@id\":\"https:\/\/www.pressenza.com\/de\/#\/schema\/logo\/image\/\",\"url\":\"https:\/\/www.pressenza.com\/wp-content\/uploads\/2022\/10\/pressenza_logo_200x200.jpg\",\"contentUrl\":\"https:\/\/www.pressenza.com\/wp-content\/uploads\/2022\/10\/pressenza_logo_200x200.jpg\",\"width\":200,\"height\":200,\"caption\":\"Pressenza\"},\"image\":{\"@id\":\"https:\/\/www.pressenza.com\/de\/#\/schema\/logo\/image\/\"},\"sameAs\":[\"https:\/\/www.facebook.com\/PressenzaItalia\",\"https:\/\/x.com\/PressenzaIPA\"]},{\"@type\":\"Person\",\"@id\":\"https:\/\/www.pressenza.com\/de\/#\/schema\/person\/d5ec6967bd81144e354045096ec84b6b\",\"name\":\"IHPS\",\"description\":\"Ver en Humanipedia: https:\/\/es.humanipedia.org TELEGRAM: https:\/\/t.me\/IHPSnuevosparadigmas\",\"url\":\"https:\/\/www.pressenza.com\/de\/author\/ihps\/\"}]}<\/script>\n<!-- \/ Yoast SEO plugin. -->","yoast_head_json":{"title":"BlackRock - die dritte Weltmacht","description":"Wenn wir \u00fcber die Ukraine sprechen, denken wir sofort an Krieg, von Bomben zerrissene Leben, von Menschen - von Teenagern bis zu Alten - die unter Gewalt","robots":{"index":"index","follow":"follow","max-snippet":"max-snippet:-1","max-image-preview":"max-image-preview:large","max-video-preview":"max-video-preview:-1"},"canonical":"https:\/\/www.pressenza.com\/de\/2023\/09\/blackrock-die-dritte-weltmacht\/","og_locale":"de_DE","og_type":"article","og_title":"BlackRock - die dritte Weltmacht","og_description":"Wenn wir \u00fcber die Ukraine sprechen, denken wir sofort an Krieg, von Bomben zerrissene Leben, von Menschen - von Teenagern bis zu Alten - die unter Gewalt","og_url":"https:\/\/www.pressenza.com\/de\/2023\/09\/blackrock-die-dritte-weltmacht\/","og_site_name":"Pressenza","article_publisher":"https:\/\/www.facebook.com\/PressenzaItalia","article_published_time":"2023-09-05T05:31:57+00:00","og_image":[{"width":1920,"height":1281,"url":"https:\/\/www.pressenza.com\/wp-content\/uploads\/2023\/07\/53039905512_d38468ca3e_k.jpg","type":"image\/jpeg"}],"author":"IHPS","twitter_card":"summary_large_image","twitter_creator":"@PressenzaIPA","twitter_site":"@PressenzaIPA","twitter_misc":{"Verfasst von":"IHPS","Gesch\u00e4tzte Lesezeit":"6\u00a0Minuten"},"schema":{"@context":"https:\/\/schema.org","@graph":[{"@type":"Article","@id":"https:\/\/www.pressenza.com\/de\/2023\/09\/blackrock-die-dritte-weltmacht\/#article","isPartOf":{"@id":"https:\/\/www.pressenza.com\/de\/2023\/09\/blackrock-die-dritte-weltmacht\/"},"author":{"name":"IHPS","@id":"https:\/\/www.pressenza.com\/de\/#\/schema\/person\/d5ec6967bd81144e354045096ec84b6b"},"headline":"BlackRock &#8211; die dritte Weltmacht","datePublished":"2023-09-05T05:31:57+00:00","mainEntityOfPage":{"@id":"https:\/\/www.pressenza.com\/de\/2023\/09\/blackrock-die-dritte-weltmacht\/"},"wordCount":1075,"publisher":{"@id":"https:\/\/www.pressenza.com\/de\/#organization"},"image":{"@id":"https:\/\/www.pressenza.com\/de\/2023\/09\/blackrock-die-dritte-weltmacht\/#primaryimage"},"thumbnailUrl":"https:\/\/www.pressenza.com\/wp-content\/uploads\/2023\/07\/53039905512_d38468ca3e_k.jpg","keywords":["Black Rock","China","NATO","Ukraine"],"articleSection":["Humanismus und Spiritualit\u00e4t","Internationale Angelegenheiten","Politik","Pressemitteilungen"],"inLanguage":"de"},{"@type":"WebPage","@id":"https:\/\/www.pressenza.com\/de\/2023\/09\/blackrock-die-dritte-weltmacht\/","url":"https:\/\/www.pressenza.com\/de\/2023\/09\/blackrock-die-dritte-weltmacht\/","name":"BlackRock - die dritte Weltmacht","isPartOf":{"@id":"https:\/\/www.pressenza.com\/de\/#website"},"primaryImageOfPage":{"@id":"https:\/\/www.pressenza.com\/de\/2023\/09\/blackrock-die-dritte-weltmacht\/#primaryimage"},"image":{"@id":"https:\/\/www.pressenza.com\/de\/2023\/09\/blackrock-die-dritte-weltmacht\/#primaryimage"},"thumbnailUrl":"https:\/\/www.pressenza.com\/wp-content\/uploads\/2023\/07\/53039905512_d38468ca3e_k.jpg","datePublished":"2023-09-05T05:31:57+00:00","description":"Wenn wir \u00fcber die Ukraine sprechen, denken wir sofort an Krieg, von Bomben zerrissene Leben, von Menschen - von Teenagern bis zu Alten - die unter Gewalt","breadcrumb":{"@id":"https:\/\/www.pressenza.com\/de\/2023\/09\/blackrock-die-dritte-weltmacht\/#breadcrumb"},"inLanguage":"de","potentialAction":[{"@type":"ReadAction","target":["https:\/\/www.pressenza.com\/de\/2023\/09\/blackrock-die-dritte-weltmacht\/"]}]},{"@type":"ImageObject","inLanguage":"de","@id":"https:\/\/www.pressenza.com\/de\/2023\/09\/blackrock-die-dritte-weltmacht\/#primaryimage","url":"https:\/\/www.pressenza.com\/wp-content\/uploads\/2023\/07\/53039905512_d38468ca3e_k.jpg","contentUrl":"https:\/\/www.pressenza.com\/wp-content\/uploads\/2023\/07\/53039905512_d38468ca3e_k.jpg","width":1920,"height":1281},{"@type":"BreadcrumbList","@id":"https:\/\/www.pressenza.com\/de\/2023\/09\/blackrock-die-dritte-weltmacht\/#breadcrumb","itemListElement":[{"@type":"ListItem","position":1,"name":"Accueil","item":"https:\/\/www.pressenza.com\/de\/"},{"@type":"ListItem","position":2,"name":"BlackRock &#8211; die dritte Weltmacht"}]},{"@type":"WebSite","@id":"https:\/\/www.pressenza.com\/de\/#website","url":"https:\/\/www.pressenza.com\/de\/","name":"Pressenza","description":"International Press Agency","publisher":{"@id":"https:\/\/www.pressenza.com\/de\/#organization"},"potentialAction":[{"@type":"SearchAction","target":{"@type":"EntryPoint","urlTemplate":"https:\/\/www.pressenza.com\/de\/?s={search_term_string}"},"query-input":{"@type":"PropertyValueSpecification","valueRequired":true,"valueName":"search_term_string"}}],"inLanguage":"de"},{"@type":"Organization","@id":"https:\/\/www.pressenza.com\/de\/#organization","name":"Pressenza","url":"https:\/\/www.pressenza.com\/de\/","logo":{"@type":"ImageObject","inLanguage":"de","@id":"https:\/\/www.pressenza.com\/de\/#\/schema\/logo\/image\/","url":"https:\/\/www.pressenza.com\/wp-content\/uploads\/2022\/10\/pressenza_logo_200x200.jpg","contentUrl":"https:\/\/www.pressenza.com\/wp-content\/uploads\/2022\/10\/pressenza_logo_200x200.jpg","width":200,"height":200,"caption":"Pressenza"},"image":{"@id":"https:\/\/www.pressenza.com\/de\/#\/schema\/logo\/image\/"},"sameAs":["https:\/\/www.facebook.com\/PressenzaItalia","https:\/\/x.com\/PressenzaIPA"]},{"@type":"Person","@id":"https:\/\/www.pressenza.com\/de\/#\/schema\/person\/d5ec6967bd81144e354045096ec84b6b","name":"IHPS","description":"Ver en Humanipedia: https:\/\/es.humanipedia.org TELEGRAM: https:\/\/t.me\/IHPSnuevosparadigmas","url":"https:\/\/www.pressenza.com\/de\/author\/ihps\/"}]}},"place":"Ukraine","original_article_url":"","_links":{"self":[{"href":"https:\/\/www.pressenza.com\/de\/wp-json\/wp\/v2\/posts\/1763122","targetHints":{"allow":["GET"]}}],"collection":[{"href":"https:\/\/www.pressenza.com\/de\/wp-json\/wp\/v2\/posts"}],"about":[{"href":"https:\/\/www.pressenza.com\/de\/wp-json\/wp\/v2\/types\/post"}],"author":[{"embeddable":true,"href":"https:\/\/www.pressenza.com\/de\/wp-json\/wp\/v2\/users\/2099"}],"replies":[{"embeddable":true,"href":"https:\/\/www.pressenza.com\/de\/wp-json\/wp\/v2\/comments?post=1763122"}],"version-history":[{"count":0,"href":"https:\/\/www.pressenza.com\/de\/wp-json\/wp\/v2\/posts\/1763122\/revisions"}],"wp:featuredmedia":[{"embeddable":true,"href":"https:\/\/www.pressenza.com\/de\/wp-json\/wp\/v2\/media\/1763124"}],"wp:attachment":[{"href":"https:\/\/www.pressenza.com\/de\/wp-json\/wp\/v2\/media?parent=1763122"}],"wp:term":[{"taxonomy":"category","embeddable":true,"href":"https:\/\/www.pressenza.com\/de\/wp-json\/wp\/v2\/categories?post=1763122"},{"taxonomy":"post_tag","embeddable":true,"href":"https:\/\/www.pressenza.com\/de\/wp-json\/wp\/v2\/tags?post=1763122"}],"curies":[{"name":"wp","href":"https:\/\/api.w.org\/{rel}","templated":true}]}}