{"id":1761919,"date":"2023-08-28T08:01:34","date_gmt":"2023-08-28T07:01:34","guid":{"rendered":"https:\/\/www.pressenza.com\/?p=1761919"},"modified":"2023-08-28T08:01:34","modified_gmt":"2023-08-28T07:01:34","slug":"italien-und-die-europaeische-union-garantieren-belarussischen-und-ukrainischen-pazifisten-humanitaeren-schutz-und-rechte","status":"publish","type":"post","link":"https:\/\/www.pressenza.com\/de\/2023\/08\/italien-und-die-europaeische-union-garantieren-belarussischen-und-ukrainischen-pazifisten-humanitaeren-schutz-und-rechte\/","title":{"rendered":"Italien und die Europ\u00e4ische Union garantieren belarussischen und ukrainischen Pazifisten humanit\u00e4ren Schutz und Rechte"},"content":{"rendered":"<p>Olga Karatch, Journalistin und Menschen- und Frauenrechtsaktivistin, ist aus Belarus geflohen, um einer Verhaftung wegen Terrorismus zu entgehen, f\u00fcr die ihr die Todesstrafe droht. Litauen, wo sie Zuflucht suchte, hat ihren Antrag auf politisches Asyl und Schutz abgelehnt. Yurii Sheliazhenko, Rechtsberater und Sekret\u00e4r der ukrainischen pazifistischen Bewegung, steht unter Hausarrest, sein Pass wurde ihm entzogen, er wird der &#8222;Unterst\u00fctzung der russischen Invasion&#8220; beschuldigt und riskiert 5 Jahre Gef\u00e4ngnis.<\/p>\n<p>Olga und Yurii (deren Organisationen vom Internationalen Friedensb\u00fcro f\u00fcr den Friedensnobelpreis vorgeschlagen werden) werden wegen desselben Verbrechens verfolgt: Sie haben das Recht belarussischer und ukrainischer Jungen auf Kriegsdienstverweigerung unterst\u00fctzt und Deserteuren und Wehrdienstverweigerern geholfen, der Wehrpflicht und der Sondermobilmachung zu entgehen, die Armee zu verweigern und nicht zu den Waffen zu greifen, nicht zu t\u00f6ten.<\/p>\n<p>Olga und Juri nahmen im vergangenen Juni an der Weltfriedenskonferenz in Wien teil, um die Forderung nach einem Waffenstillstand zu bekr\u00e4ftigen und eine politische L\u00f6sung zu suchen. Sie verurteilen, wie wir alle, die russische Invasion in der Ukraine und gemeinsam fordern wir einen &#8222;Waffenstillstand&#8220;, und dass die internationale Gemeinschaft die Verantwortung f\u00fcr die Verhandlungen \u00fcbernimmt und alle Hilfsmittel der Diplomatie und Politik zum Einsatz bringt.<\/p>\n<p>Gedanken- und Gewissensfreiheit, einschlie\u00dflich des Rechts auf Kriegsdienstverweigerung aus Gewissensgr\u00fcnden, ist einer der Grundwerte Europas, der auch durch den <a href=\"https:\/\/de.wikipedia.org\/wiki\/Internationaler_Pakt_%C3%BCber_b%C3%BCrgerliche_und_politische_Rechte\">International Covenant on Civil and Political Rights<\/a> (ICCPR &#8211; Internationaler Pakt \u00fcber b\u00fcrgerliche und politische Rechte) anerkannt wird. Es ist kritisch zu sehen, dass in einem Land der Union oder in einem Land, das ihr beitreten m\u00f6chte, die Grundlagen der gemeinsamen Zugeh\u00f6rigkeit in Frage gestellt werden.<\/p>\n<p>Wir fordern unsere Regierung auf, unverz\u00fcglich mit den europ\u00e4ischen Institutionen Ma\u00dfnahmen zu ergreifen, um Olga Kharatch und allen belarussischen und russischen Kriegsdienstverweigerern politisches Asyl und Schutz zu garantieren, und fordern die ukrainische Regierung auf, das Recht auf Kriegsdienstverweigerung und Gedankenfreiheit von Juri Scheljaschenko und allen ukrainischen Verweigerern zu respektieren.<\/p>\n<p><em><strong>Die \u00dcbersetzung aus dem Englischen wurde von Ulrich Karthaus vom ehrenamtlichen Pressenza-\u00dcbersetzungsteam erstellt. <a href=\"https:\/\/www.pressenza.com\/de\/mitarbeiten\/\" target=\"_blank\" rel=\"noopener\">Wir suchen Freiwillige!<\/a><\/strong><\/em><\/p>\n","protected":false},"excerpt":{"rendered":"<p>Olga Karatch, Journalistin und Menschen- und Frauenrechtsaktivistin, ist aus Belarus geflohen, um einer Verhaftung wegen Terrorismus zu entgehen, f\u00fcr die ihr die Todesstrafe droht. Litauen, wo sie Zuflucht suchte, hat ihren Antrag auf politisches Asyl und Schutz abgelehnt. Yurii Sheliazhenko,&hellip;<\/p>\n","protected":false},"author":1931,"featured_media":1761920,"comment_status":"closed","ping_status":"closed","sticky":false,"template":"","format":"standard","meta":{"footnotes":""},"categories":[9167,9145],"tags":[102397,115617,115616,9293,101012],"class_list":["post-1761919","post","type-post","status-publish","format-standard","has-post-thumbnail","hentry","category-frieden-und-abruestung","category-pressemitteilungen","tag-kriegsdienstverweigerer","tag-olga-karatch-de","tag-ueberlaeufer","tag-ukraine-de","tag-yurii-sheliazhenko-de"],"yoast_head":"<!-- This site is optimized with the Yoast SEO plugin v27.1.1 - https:\/\/yoast.com\/product\/yoast-seo-wordpress\/ -->\n<title>Italien und die Europ\u00e4ische Union garantieren belarussischen und ukrainischen Pazifisten humanit\u00e4ren Schutz und Rechte<\/title>\n<meta name=\"description\" content=\"Olga Karatch, Journalistin und Menschen- und Frauenrechtsaktivistin, ist aus Belarus geflohen, um einer Verhaftung wegen Terrorismus zu entgehen, f\u00fcr die\" \/>\n<meta name=\"robots\" content=\"index, follow, max-snippet:-1, max-image-preview:large, max-video-preview:-1\" \/>\n<link rel=\"canonical\" href=\"https:\/\/www.pressenza.com\/de\/2023\/08\/italien-und-die-europaeische-union-garantieren-belarussischen-und-ukrainischen-pazifisten-humanitaeren-schutz-und-rechte\/\" \/>\n<meta property=\"og:locale\" content=\"de_DE\" \/>\n<meta property=\"og:type\" content=\"article\" \/>\n<meta property=\"og:title\" content=\"Italien und die Europ\u00e4ische Union garantieren belarussischen und ukrainischen Pazifisten humanit\u00e4ren Schutz und Rechte\" \/>\n<meta property=\"og:description\" content=\"Olga Karatch, Journalistin und Menschen- und Frauenrechtsaktivistin, ist aus Belarus geflohen, um einer Verhaftung wegen Terrorismus zu entgehen, f\u00fcr die\" \/>\n<meta property=\"og:url\" content=\"https:\/\/www.pressenza.com\/de\/2023\/08\/italien-und-die-europaeische-union-garantieren-belarussischen-und-ukrainischen-pazifisten-humanitaeren-schutz-und-rechte\/\" \/>\n<meta property=\"og:site_name\" content=\"Pressenza\" \/>\n<meta property=\"article:publisher\" content=\"https:\/\/www.facebook.com\/PressenzaItalia\" \/>\n<meta property=\"article:published_time\" content=\"2023-08-28T07:01:34+00:00\" \/>\n<meta property=\"og:image\" content=\"https:\/\/www.pressenza.com\/wp-content\/uploads\/2023\/08\/olga-obiettori-di-coscienza-RIPD.jpg\" \/>\n\t<meta property=\"og:image:width\" content=\"850\" \/>\n\t<meta property=\"og:image:height\" content=\"605\" \/>\n\t<meta property=\"og:image:type\" content=\"image\/jpeg\" \/>\n<meta name=\"author\" content=\"Rete Italiana Pace e Disarmo\" \/>\n<meta name=\"twitter:card\" content=\"summary_large_image\" \/>\n<meta name=\"twitter:creator\" content=\"@PressenzaIPA\" \/>\n<meta name=\"twitter:site\" content=\"@PressenzaIPA\" \/>\n<meta name=\"twitter:label1\" content=\"Verfasst von\" \/>\n\t<meta name=\"twitter:data1\" content=\"Rete Italiana Pace e Disarmo\" \/>\n\t<meta name=\"twitter:label2\" content=\"Gesch\u00e4tzte Lesezeit\" \/>\n\t<meta name=\"twitter:data2\" content=\"2\u00a0Minuten\" \/>\n<script type=\"application\/ld+json\" class=\"yoast-schema-graph\">{\"@context\":\"https:\/\/schema.org\",\"@graph\":[{\"@type\":\"Article\",\"@id\":\"https:\/\/www.pressenza.com\/de\/2023\/08\/italien-und-die-europaeische-union-garantieren-belarussischen-und-ukrainischen-pazifisten-humanitaeren-schutz-und-rechte\/#article\",\"isPartOf\":{\"@id\":\"https:\/\/www.pressenza.com\/de\/2023\/08\/italien-und-die-europaeische-union-garantieren-belarussischen-und-ukrainischen-pazifisten-humanitaeren-schutz-und-rechte\/\"},\"author\":{\"name\":\"Rete Italiana Pace e Disarmo\",\"@id\":\"https:\/\/www.pressenza.com\/de\/#\/schema\/person\/c697939f2f841af28d9c0be1521c28d1\"},\"headline\":\"Italien und die Europ\u00e4ische Union garantieren belarussischen und ukrainischen Pazifisten humanit\u00e4ren Schutz und Rechte\",\"datePublished\":\"2023-08-28T07:01:34+00:00\",\"mainEntityOfPage\":{\"@id\":\"https:\/\/www.pressenza.com\/de\/2023\/08\/italien-und-die-europaeische-union-garantieren-belarussischen-und-ukrainischen-pazifisten-humanitaeren-schutz-und-rechte\/\"},\"wordCount\":353,\"publisher\":{\"@id\":\"https:\/\/www.pressenza.com\/de\/#organization\"},\"image\":{\"@id\":\"https:\/\/www.pressenza.com\/de\/2023\/08\/italien-und-die-europaeische-union-garantieren-belarussischen-und-ukrainischen-pazifisten-humanitaeren-schutz-und-rechte\/#primaryimage\"},\"thumbnailUrl\":\"https:\/\/www.pressenza.com\/wp-content\/uploads\/2023\/08\/olga-obiettori-di-coscienza-RIPD.jpg\",\"keywords\":[\"Kriegsdienstverweigerer\",\"Olga Karatch\",\"\u00dcberl\u00e4ufer\",\"Ukraine\",\"Yurii Sheliazhenko\"],\"articleSection\":[\"Frieden und Abr\u00fcstung\",\"Pressemitteilungen\"],\"inLanguage\":\"de\"},{\"@type\":\"WebPage\",\"@id\":\"https:\/\/www.pressenza.com\/de\/2023\/08\/italien-und-die-europaeische-union-garantieren-belarussischen-und-ukrainischen-pazifisten-humanitaeren-schutz-und-rechte\/\",\"url\":\"https:\/\/www.pressenza.com\/de\/2023\/08\/italien-und-die-europaeische-union-garantieren-belarussischen-und-ukrainischen-pazifisten-humanitaeren-schutz-und-rechte\/\",\"name\":\"Italien und die Europ\u00e4ische Union garantieren belarussischen und ukrainischen Pazifisten humanit\u00e4ren Schutz und Rechte\",\"isPartOf\":{\"@id\":\"https:\/\/www.pressenza.com\/de\/#website\"},\"primaryImageOfPage\":{\"@id\":\"https:\/\/www.pressenza.com\/de\/2023\/08\/italien-und-die-europaeische-union-garantieren-belarussischen-und-ukrainischen-pazifisten-humanitaeren-schutz-und-rechte\/#primaryimage\"},\"image\":{\"@id\":\"https:\/\/www.pressenza.com\/de\/2023\/08\/italien-und-die-europaeische-union-garantieren-belarussischen-und-ukrainischen-pazifisten-humanitaeren-schutz-und-rechte\/#primaryimage\"},\"thumbnailUrl\":\"https:\/\/www.pressenza.com\/wp-content\/uploads\/2023\/08\/olga-obiettori-di-coscienza-RIPD.jpg\",\"datePublished\":\"2023-08-28T07:01:34+00:00\",\"description\":\"Olga Karatch, Journalistin und Menschen- und Frauenrechtsaktivistin, ist aus Belarus geflohen, um einer Verhaftung wegen Terrorismus zu entgehen, f\u00fcr die\",\"breadcrumb\":{\"@id\":\"https:\/\/www.pressenza.com\/de\/2023\/08\/italien-und-die-europaeische-union-garantieren-belarussischen-und-ukrainischen-pazifisten-humanitaeren-schutz-und-rechte\/#breadcrumb\"},\"inLanguage\":\"de\",\"potentialAction\":[{\"@type\":\"ReadAction\",\"target\":[\"https:\/\/www.pressenza.com\/de\/2023\/08\/italien-und-die-europaeische-union-garantieren-belarussischen-und-ukrainischen-pazifisten-humanitaeren-schutz-und-rechte\/\"]}]},{\"@type\":\"ImageObject\",\"inLanguage\":\"de\",\"@id\":\"https:\/\/www.pressenza.com\/de\/2023\/08\/italien-und-die-europaeische-union-garantieren-belarussischen-und-ukrainischen-pazifisten-humanitaeren-schutz-und-rechte\/#primaryimage\",\"url\":\"https:\/\/www.pressenza.com\/wp-content\/uploads\/2023\/08\/olga-obiettori-di-coscienza-RIPD.jpg\",\"contentUrl\":\"https:\/\/www.pressenza.com\/wp-content\/uploads\/2023\/08\/olga-obiettori-di-coscienza-RIPD.jpg\",\"width\":850,\"height\":605,\"caption\":\"Olga Karatch, rechts, in Mailand zusammen mit Katya (Ukraine) und Darya (Russland) w\u00e4hrend der Tour der Kampagne \\\"Obiezione alla guerra\\\" (Einspruch gegen den Krieg) in Italien (Bild von Rete Pace e Disarmo)\"},{\"@type\":\"BreadcrumbList\",\"@id\":\"https:\/\/www.pressenza.com\/de\/2023\/08\/italien-und-die-europaeische-union-garantieren-belarussischen-und-ukrainischen-pazifisten-humanitaeren-schutz-und-rechte\/#breadcrumb\",\"itemListElement\":[{\"@type\":\"ListItem\",\"position\":1,\"name\":\"Accueil\",\"item\":\"https:\/\/www.pressenza.com\/de\/\"},{\"@type\":\"ListItem\",\"position\":2,\"name\":\"Italien und die Europ\u00e4ische Union garantieren belarussischen und ukrainischen Pazifisten humanit\u00e4ren Schutz und Rechte\"}]},{\"@type\":\"WebSite\",\"@id\":\"https:\/\/www.pressenza.com\/de\/#website\",\"url\":\"https:\/\/www.pressenza.com\/de\/\",\"name\":\"Pressenza\",\"description\":\"International Press Agency\",\"publisher\":{\"@id\":\"https:\/\/www.pressenza.com\/de\/#organization\"},\"potentialAction\":[{\"@type\":\"SearchAction\",\"target\":{\"@type\":\"EntryPoint\",\"urlTemplate\":\"https:\/\/www.pressenza.com\/de\/?s={search_term_string}\"},\"query-input\":{\"@type\":\"PropertyValueSpecification\",\"valueRequired\":true,\"valueName\":\"search_term_string\"}}],\"inLanguage\":\"de\"},{\"@type\":\"Organization\",\"@id\":\"https:\/\/www.pressenza.com\/de\/#organization\",\"name\":\"Pressenza\",\"url\":\"https:\/\/www.pressenza.com\/de\/\",\"logo\":{\"@type\":\"ImageObject\",\"inLanguage\":\"de\",\"@id\":\"https:\/\/www.pressenza.com\/de\/#\/schema\/logo\/image\/\",\"url\":\"https:\/\/www.pressenza.com\/wp-content\/uploads\/2022\/10\/pressenza_logo_200x200.jpg\",\"contentUrl\":\"https:\/\/www.pressenza.com\/wp-content\/uploads\/2022\/10\/pressenza_logo_200x200.jpg\",\"width\":200,\"height\":200,\"caption\":\"Pressenza\"},\"image\":{\"@id\":\"https:\/\/www.pressenza.com\/de\/#\/schema\/logo\/image\/\"},\"sameAs\":[\"https:\/\/www.facebook.com\/PressenzaItalia\",\"https:\/\/x.com\/PressenzaIPA\"]},{\"@type\":\"Person\",\"@id\":\"https:\/\/www.pressenza.com\/de\/#\/schema\/person\/c697939f2f841af28d9c0be1521c28d1\",\"name\":\"Rete Italiana Pace e Disarmo\",\"description\":\"La Rete Italiana Pace e Disarmo nasce il 21 settembre 2020 dalla unificazione di due organismi storici del movimento pacifista e disarmista italiano: la Rete della Pace (fondata nel 2014) e la Rete Italiana Disarmo (fondata nel 2004). Entrambe le reti hanno potuto contare fin dalla loro fondazione sul sostegno di decine di associazioni, organizzazioni, sindacati, movimenti della societ\u00e0 civile italiana. Lo scopo \u00e8 quello di creare insieme la pace a partire dall\u2019unione delle nostre forze, degli obiettivi comuni, per rafforzare e far crescere il lavoro collettivo per la pace ed il disarmo.\",\"url\":\"https:\/\/www.pressenza.com\/de\/author\/rete-italiana-pace-e-disarmo\/\"}]}<\/script>\n<!-- \/ Yoast SEO plugin. -->","yoast_head_json":{"title":"Italien und die Europ\u00e4ische Union garantieren belarussischen und ukrainischen Pazifisten humanit\u00e4ren Schutz und Rechte","description":"Olga Karatch, Journalistin und Menschen- und Frauenrechtsaktivistin, ist aus Belarus geflohen, um einer Verhaftung wegen Terrorismus zu entgehen, f\u00fcr die","robots":{"index":"index","follow":"follow","max-snippet":"max-snippet:-1","max-image-preview":"max-image-preview:large","max-video-preview":"max-video-preview:-1"},"canonical":"https:\/\/www.pressenza.com\/de\/2023\/08\/italien-und-die-europaeische-union-garantieren-belarussischen-und-ukrainischen-pazifisten-humanitaeren-schutz-und-rechte\/","og_locale":"de_DE","og_type":"article","og_title":"Italien und die Europ\u00e4ische Union garantieren belarussischen und ukrainischen Pazifisten humanit\u00e4ren Schutz und Rechte","og_description":"Olga Karatch, Journalistin und Menschen- und Frauenrechtsaktivistin, ist aus Belarus geflohen, um einer Verhaftung wegen Terrorismus zu entgehen, f\u00fcr die","og_url":"https:\/\/www.pressenza.com\/de\/2023\/08\/italien-und-die-europaeische-union-garantieren-belarussischen-und-ukrainischen-pazifisten-humanitaeren-schutz-und-rechte\/","og_site_name":"Pressenza","article_publisher":"https:\/\/www.facebook.com\/PressenzaItalia","article_published_time":"2023-08-28T07:01:34+00:00","og_image":[{"width":850,"height":605,"url":"https:\/\/www.pressenza.com\/wp-content\/uploads\/2023\/08\/olga-obiettori-di-coscienza-RIPD.jpg","type":"image\/jpeg"}],"author":"Rete Italiana Pace e Disarmo","twitter_card":"summary_large_image","twitter_creator":"@PressenzaIPA","twitter_site":"@PressenzaIPA","twitter_misc":{"Verfasst von":"Rete Italiana Pace e Disarmo","Gesch\u00e4tzte Lesezeit":"2\u00a0Minuten"},"schema":{"@context":"https:\/\/schema.org","@graph":[{"@type":"Article","@id":"https:\/\/www.pressenza.com\/de\/2023\/08\/italien-und-die-europaeische-union-garantieren-belarussischen-und-ukrainischen-pazifisten-humanitaeren-schutz-und-rechte\/#article","isPartOf":{"@id":"https:\/\/www.pressenza.com\/de\/2023\/08\/italien-und-die-europaeische-union-garantieren-belarussischen-und-ukrainischen-pazifisten-humanitaeren-schutz-und-rechte\/"},"author":{"name":"Rete Italiana Pace e Disarmo","@id":"https:\/\/www.pressenza.com\/de\/#\/schema\/person\/c697939f2f841af28d9c0be1521c28d1"},"headline":"Italien und die Europ\u00e4ische Union garantieren belarussischen und ukrainischen Pazifisten humanit\u00e4ren Schutz und Rechte","datePublished":"2023-08-28T07:01:34+00:00","mainEntityOfPage":{"@id":"https:\/\/www.pressenza.com\/de\/2023\/08\/italien-und-die-europaeische-union-garantieren-belarussischen-und-ukrainischen-pazifisten-humanitaeren-schutz-und-rechte\/"},"wordCount":353,"publisher":{"@id":"https:\/\/www.pressenza.com\/de\/#organization"},"image":{"@id":"https:\/\/www.pressenza.com\/de\/2023\/08\/italien-und-die-europaeische-union-garantieren-belarussischen-und-ukrainischen-pazifisten-humanitaeren-schutz-und-rechte\/#primaryimage"},"thumbnailUrl":"https:\/\/www.pressenza.com\/wp-content\/uploads\/2023\/08\/olga-obiettori-di-coscienza-RIPD.jpg","keywords":["Kriegsdienstverweigerer","Olga Karatch","\u00dcberl\u00e4ufer","Ukraine","Yurii Sheliazhenko"],"articleSection":["Frieden und Abr\u00fcstung","Pressemitteilungen"],"inLanguage":"de"},{"@type":"WebPage","@id":"https:\/\/www.pressenza.com\/de\/2023\/08\/italien-und-die-europaeische-union-garantieren-belarussischen-und-ukrainischen-pazifisten-humanitaeren-schutz-und-rechte\/","url":"https:\/\/www.pressenza.com\/de\/2023\/08\/italien-und-die-europaeische-union-garantieren-belarussischen-und-ukrainischen-pazifisten-humanitaeren-schutz-und-rechte\/","name":"Italien und die Europ\u00e4ische Union garantieren belarussischen und ukrainischen Pazifisten humanit\u00e4ren Schutz und Rechte","isPartOf":{"@id":"https:\/\/www.pressenza.com\/de\/#website"},"primaryImageOfPage":{"@id":"https:\/\/www.pressenza.com\/de\/2023\/08\/italien-und-die-europaeische-union-garantieren-belarussischen-und-ukrainischen-pazifisten-humanitaeren-schutz-und-rechte\/#primaryimage"},"image":{"@id":"https:\/\/www.pressenza.com\/de\/2023\/08\/italien-und-die-europaeische-union-garantieren-belarussischen-und-ukrainischen-pazifisten-humanitaeren-schutz-und-rechte\/#primaryimage"},"thumbnailUrl":"https:\/\/www.pressenza.com\/wp-content\/uploads\/2023\/08\/olga-obiettori-di-coscienza-RIPD.jpg","datePublished":"2023-08-28T07:01:34+00:00","description":"Olga Karatch, Journalistin und Menschen- und Frauenrechtsaktivistin, ist aus Belarus geflohen, um einer Verhaftung wegen Terrorismus zu entgehen, f\u00fcr die","breadcrumb":{"@id":"https:\/\/www.pressenza.com\/de\/2023\/08\/italien-und-die-europaeische-union-garantieren-belarussischen-und-ukrainischen-pazifisten-humanitaeren-schutz-und-rechte\/#breadcrumb"},"inLanguage":"de","potentialAction":[{"@type":"ReadAction","target":["https:\/\/www.pressenza.com\/de\/2023\/08\/italien-und-die-europaeische-union-garantieren-belarussischen-und-ukrainischen-pazifisten-humanitaeren-schutz-und-rechte\/"]}]},{"@type":"ImageObject","inLanguage":"de","@id":"https:\/\/www.pressenza.com\/de\/2023\/08\/italien-und-die-europaeische-union-garantieren-belarussischen-und-ukrainischen-pazifisten-humanitaeren-schutz-und-rechte\/#primaryimage","url":"https:\/\/www.pressenza.com\/wp-content\/uploads\/2023\/08\/olga-obiettori-di-coscienza-RIPD.jpg","contentUrl":"https:\/\/www.pressenza.com\/wp-content\/uploads\/2023\/08\/olga-obiettori-di-coscienza-RIPD.jpg","width":850,"height":605,"caption":"Olga Karatch, rechts, in Mailand zusammen mit Katya (Ukraine) und Darya (Russland) w\u00e4hrend der Tour der Kampagne \"Obiezione alla guerra\" (Einspruch gegen den Krieg) in Italien (Bild von Rete Pace e Disarmo)"},{"@type":"BreadcrumbList","@id":"https:\/\/www.pressenza.com\/de\/2023\/08\/italien-und-die-europaeische-union-garantieren-belarussischen-und-ukrainischen-pazifisten-humanitaeren-schutz-und-rechte\/#breadcrumb","itemListElement":[{"@type":"ListItem","position":1,"name":"Accueil","item":"https:\/\/www.pressenza.com\/de\/"},{"@type":"ListItem","position":2,"name":"Italien und die Europ\u00e4ische Union garantieren belarussischen und ukrainischen Pazifisten humanit\u00e4ren Schutz und Rechte"}]},{"@type":"WebSite","@id":"https:\/\/www.pressenza.com\/de\/#website","url":"https:\/\/www.pressenza.com\/de\/","name":"Pressenza","description":"International Press Agency","publisher":{"@id":"https:\/\/www.pressenza.com\/de\/#organization"},"potentialAction":[{"@type":"SearchAction","target":{"@type":"EntryPoint","urlTemplate":"https:\/\/www.pressenza.com\/de\/?s={search_term_string}"},"query-input":{"@type":"PropertyValueSpecification","valueRequired":true,"valueName":"search_term_string"}}],"inLanguage":"de"},{"@type":"Organization","@id":"https:\/\/www.pressenza.com\/de\/#organization","name":"Pressenza","url":"https:\/\/www.pressenza.com\/de\/","logo":{"@type":"ImageObject","inLanguage":"de","@id":"https:\/\/www.pressenza.com\/de\/#\/schema\/logo\/image\/","url":"https:\/\/www.pressenza.com\/wp-content\/uploads\/2022\/10\/pressenza_logo_200x200.jpg","contentUrl":"https:\/\/www.pressenza.com\/wp-content\/uploads\/2022\/10\/pressenza_logo_200x200.jpg","width":200,"height":200,"caption":"Pressenza"},"image":{"@id":"https:\/\/www.pressenza.com\/de\/#\/schema\/logo\/image\/"},"sameAs":["https:\/\/www.facebook.com\/PressenzaItalia","https:\/\/x.com\/PressenzaIPA"]},{"@type":"Person","@id":"https:\/\/www.pressenza.com\/de\/#\/schema\/person\/c697939f2f841af28d9c0be1521c28d1","name":"Rete Italiana Pace e Disarmo","description":"La Rete Italiana Pace e Disarmo nasce il 21 settembre 2020 dalla unificazione di due organismi storici del movimento pacifista e disarmista italiano: la Rete della Pace (fondata nel 2014) e la Rete Italiana Disarmo (fondata nel 2004). Entrambe le reti hanno potuto contare fin dalla loro fondazione sul sostegno di decine di associazioni, organizzazioni, sindacati, movimenti della societ\u00e0 civile italiana. Lo scopo \u00e8 quello di creare insieme la pace a partire dall\u2019unione delle nostre forze, degli obiettivi comuni, per rafforzare e far crescere il lavoro collettivo per la pace ed il disarmo.","url":"https:\/\/www.pressenza.com\/de\/author\/rete-italiana-pace-e-disarmo\/"}]}},"place":"","original_article_url":"","_links":{"self":[{"href":"https:\/\/www.pressenza.com\/de\/wp-json\/wp\/v2\/posts\/1761919","targetHints":{"allow":["GET"]}}],"collection":[{"href":"https:\/\/www.pressenza.com\/de\/wp-json\/wp\/v2\/posts"}],"about":[{"href":"https:\/\/www.pressenza.com\/de\/wp-json\/wp\/v2\/types\/post"}],"author":[{"embeddable":true,"href":"https:\/\/www.pressenza.com\/de\/wp-json\/wp\/v2\/users\/1931"}],"replies":[{"embeddable":true,"href":"https:\/\/www.pressenza.com\/de\/wp-json\/wp\/v2\/comments?post=1761919"}],"version-history":[{"count":0,"href":"https:\/\/www.pressenza.com\/de\/wp-json\/wp\/v2\/posts\/1761919\/revisions"}],"wp:featuredmedia":[{"embeddable":true,"href":"https:\/\/www.pressenza.com\/de\/wp-json\/wp\/v2\/media\/1761920"}],"wp:attachment":[{"href":"https:\/\/www.pressenza.com\/de\/wp-json\/wp\/v2\/media?parent=1761919"}],"wp:term":[{"taxonomy":"category","embeddable":true,"href":"https:\/\/www.pressenza.com\/de\/wp-json\/wp\/v2\/categories?post=1761919"},{"taxonomy":"post_tag","embeddable":true,"href":"https:\/\/www.pressenza.com\/de\/wp-json\/wp\/v2\/tags?post=1761919"}],"curies":[{"name":"wp","href":"https:\/\/api.w.org\/{rel}","templated":true}]}}