{"id":1761092,"date":"2023-08-24T08:09:45","date_gmt":"2023-08-24T07:09:45","guid":{"rendered":"https:\/\/www.pressenza.com\/?p=1761092"},"modified":"2023-08-24T08:09:45","modified_gmt":"2023-08-24T07:09:45","slug":"ein-offener-brief-an-die-japanische-bevoelkerung-von-besorgten-friedens-und-zivilorganisationen-aus-den-vereinigten-staaten","status":"publish","type":"post","link":"https:\/\/www.pressenza.com\/de\/2023\/08\/ein-offener-brief-an-die-japanische-bevoelkerung-von-besorgten-friedens-und-zivilorganisationen-aus-den-vereinigten-staaten\/","title":{"rendered":"Ein offener Brief an die japanische Bev\u00f6lkerung: von besorgten Friedens- und Zivilorganisationen aus den Vereinigten Staaten"},"content":{"rendered":"<h3 style=\"text-align: center;\"><strong><span class=\"s5\">&#8211; <\/span><span class=\"s6\">Anl\u00e4sslich des 78. Jahrestages der Atombombenabw\u00fcrfe auf Japan \u2013<\/span><\/strong><\/h3>\n<p class=\"s3\"><em><span class=\"s6\">Wir, die Unterzeichnenden, die eine Koalition besorgter Friedens- und zivilgesellschaftlicher Organisation in den Vereinigten Staaten vertreten, setzen uns f\u00fcr die weltweite Abschaffung von Atomwaffen ein. <\/span><span class=\"s6\">Um unser aufrichtiges Bedauern zum Ausdruck zu bringen, <\/span><span class=\"s6\">m\u00f6chten wir uns bei euch f\u00fcr die <\/span><span class=\"s6\">Atombombenabw\u00fcrfe auf Hiroshima und Nagasaki<\/span><span class=\"s6\"> entschuldigen<\/span><span class=\"s6\">. Auch wenn sich unsere Regierung <\/span><span class=\"s6\">noch <\/span><span class=\"s6\">nicht offiziell f\u00fcr diese Gr\u00e4ueltaten entschuldigt hat, m\u00f6chten wir den \u00dcberlebenden<\/span><span class=\"s6\"> und Nachkommen der Atombombenabw\u00fcrfe auf Hiroshima und Nagasaki (<\/span><a href=\"https:\/\/www.atomwaffena-z.info\/glossar\/begriff\/hibakusha\"><span class=\"s8\">Hibakusha<\/span><\/a><span class=\"s6\">) sowie all jenen, die von den US-Atombombentests im Pazifik betroffen waren <\/span><span class=\"s6\">und jahrzehntelang gro\u00dfe seelische und k\u00f6rperliche Qualen ertragen mussten, unser tiefstes Beileid aussprechen. <\/span><span class=\"s6\">Hoffentlich werden sowohl die betroffene Generation als auch die nachfolgenden von dieser schrecklichen<\/span><span class=\"s6\"> Tat heilen<\/span><span class=\"s6\"> und m\u00f6gen die Nachfolger diese Gr\u00e4ueltat niemals verstummen und sich weiterhin f\u00fcr die Gerechtigkeit einsetzen. Wir werden immer auf eurer Seite sein. <\/span><\/em><\/p>\n<p class=\"s3\"><span class=\"s6\">Wir <\/span><span class=\"s6\">m\u00f6chten auch unsere <\/span><span class=\"s6\">Solidarit\u00e4t an die Menschen <\/span><span class=\"s6\">zeigen<\/span><span class=\"s6\">, die von der <\/span><span class=\"s6\">noch immer andauernden Nachwirkungen der Katastrophe in<\/span> <a href=\"https:\/\/www.base.bund.de\/DE\/themen\/kt\/unfaelle\/fukushima\/fukushima_node.html\"><span class=\"s8\">Fukushima Daiichi<\/span><span class=\"s8\">vom 11. M\u00e4rz 2011<\/span><\/a><span class=\"s6\"> betroffen sind. Wir <\/span><span class=\"s6\">stehen hinter den zahlreichen <\/span><span class=\"s6\">mutigen Fukushima-Kl\u00e4ger des <\/span><a href=\"https:\/\/cnic.jp\/english\/?p=5973\"><span class=\"s8\">311 Children&#8217;s Thyroid Cancer Trial<\/span><\/a><span class=\"s6\">, die die Tokyo Electric Power Company (TEPCO) verklagt haben, um sie f\u00fcr den Schilddr\u00fcsenkrebs <\/span><span class=\"s6\">von<\/span><span class=\"s6\"> Jugendlichen zur Verantwortung zu ziehen, <\/span><span class=\"s6\">welches<\/span><span class=\"s6\"> eine der bekannten sch\u00e4dlichen Auswirkungen der Strahlenbelastung ist. Die Nutzung der Nukleartechnologie &#8211; ob milit\u00e4risch oder zivil &#8211; ist mit enormen Risiken und unabsehbaren Folgen verbunden; sie untergr\u00e4bt die Demokratie, ist wirtschaftlich nicht tragf\u00e4hig oder nachhaltig und stellt keine L\u00f6sung f\u00fcr die Klimakrise dar. Eine wirksame weltweite nukleare Abr\u00fcstung wird nicht m\u00f6glich sein, solange wir die kommerzielle Nutzung von Plutonium und hochangereichertem Uran weiterhin zulassen.<\/span><\/p>\n<p class=\"s3\"><span class=\"s6\">Wir fordern Japan und die TEPCO auf, <\/span><span class=\"s6\">eine andere Probleml\u00f6sung f\u00fcr die mehr als 1,3 Millionen Tonnen <\/span><a href=\"https:\/\/mp-nuclear-free.com\/Fukushima\/20220803.html\"><span class=\"s8\">radioaktive Abw\u00e4sser<\/span><\/a><span class=\"s6\"> aus dem verseuchten Kernkraftwerk Fukushima Daiichi zu finden, als diese unkontrolliert f\u00fcr mehr als drei Jahrzehnte in den Pazifischen Ozean leiten zu lassen.<\/span> <span class=\"s6\">Wir fordern Japan au\u00dferdem auf, alternative und sichere Optionen zu finden, wie eine langfristige Lagerung am oder in der N\u00e4he des <\/span><span class=\"s6\">Fukushima Daiichi <\/span><span class=\"s6\">Standorts. Das <\/span><span class=\"s6\">s<\/span><span class=\"s6\">oll <\/span><span class=\"s6\">die Umwelt sch\u00fctzen und gesundheitliche Auswirkungen auf Menschen und andere Lebewesen <\/span><span class=\"s6\">verringern<\/span><span class=\"s6\">. <\/span><span class=\"s6\">Wir m\u00fcssen ber\u00fccksichtigen, dass die pazifischen Inselnationen mit den verheerenden Auswirkungen der Klimakrise <\/span><span class=\"s6\">und der Gefahr der Kontaminierungsbelastung ausgesetzt sind. Jene Inselnationen leben nach wie vor mit den Nachwirkungen der Atomtests, welche die Vereinigten Staaten zwischen 1946 und 1954 durchgef\u00fchrt hatten. <\/span><\/p>\n<p class=\"s3\"><span class=\"s6\">Wir bedauern, dass der Besuch von Pr\u00e4sident Joe Binden in Hiroshima w\u00e4hrend des G7-Gipfels \u00e4u\u00dferst respektlos gegen\u00fcber den Hibakusha und ihren Unterst\u00fctzern verlaufen ist.<\/span><span class=\"s6\"> Das inakzeptable Verhalten Joe Bidens den <\/span><a href=\"https:\/\/www.hiroshimapeacemedia.jp\/?p=132543\"><span class=\"s8\">Atomkoffer<\/span><\/a><span class=\"s6\"> (auch: Nuklear Football) <\/span><span class=\"s6\">f\u00fcr alle sichtbar <\/span><span class=\"s6\">in den Hiroshima Peace Memorial Park <\/span><span class=\"s6\">tragen zu lassen<\/span><span class=\"s6\">. Er nutzte <\/span><span class=\"s6\">die <\/span><span class=\"s6\">Hiroshima<\/span><span class=\"s6\">reise <\/span><span class=\"s6\">daf\u00fcr, das Milit\u00e4rb\u00fcndnis zusammen mit den US-Verb\u00fcndeten zu st\u00e4rken. <\/span><span class=\"s6\">Dass Pr\u00e4sident Biden den Atomkoffer in den Hiroshima Peace Memorial Park brachte<\/span><span class=\"s6\">, war inakzeptabel. Dass er Hiroshima nutzte, <\/span><span class=\"s6\">um das Milit\u00e4rb\u00fcndnis mit den US-Verb\u00fcndeten zu st\u00e4rken, <\/span><span class=\"s6\">war inakzeptabel. Dass er mit Premierminister Kishida zusammentraf, um die Ansicht zu teilen, dass eine erweiterte Abschreckung (einschlie\u00dflich des US-Nuklearschirms) und die St\u00e4rkung der japanischen Verteidigungskapazit\u00e4ten von wesentlicher Bedeutung sind, war i<\/span><span class=\"s6\">nakzeptabel. <\/span><span class=\"s6\">Und dass er Pr\u00e4sident <\/span><span class=\"s6\">Selenskyj<\/span><span class=\"s6\">zus\u00e4tzliche Milit\u00e4rhilfe versprach, w\u00e4hrend sie in Hiroshima waren, war ebenfalls inakzeptabel. <\/span><\/p>\n<p class=\"s3\"><span class=\"s6\">Stattdessen h\u00e4tte Biden den Gipfel nutzen k\u00f6nnen, um einen Plan aufzustellen, wie die derzeitigen Kriege beendet und wie die Atomwaffen weltweit abgeschafft werden k\u00f6nnen. <\/span><\/p>\n<p class=\"s3\"><span class=\"s6\">Um Frieden in der nordostasiatischen Region zu gew\u00e4hrleisten, fordern wir Japan auf, sich uns anzuschlie\u00dfen und den Friedensprozess auf der koreanischen Halbinsel zu unterst\u00fctzen. In den Vereinigten Staaten wurde das Gesetz zum Frieden auf der koranischen Halbinsel vom Kongressabgeordneten Brad Sherman (D-CA) <\/span><a href=\"https:\/\/sherman.house.gov\/media-center\/press-releases\/congressman-brad-sherman-leads-colleagues-in-re-introducing-the-peace-on\"><span class=\"s8\">erneut vorgestellt<\/span><\/a><span class=\"s6\">. Der Gesetzesentwurf unterst\u00fctzt die Verpflichtungen, die die F\u00fchrer der koreanischen Halbinsel im April 2018 in Panmunjom <\/span><span class=\"s6\">eingegangen sind und fordert den US-Au\u00dfenminister auf, dringend diplomatische Gespr\u00e4che mit der Republik Korea und der Demokratischen Volksrepublik Korea zu f\u00fchren. Damit soll ein verbindliches Friedensabkommen verfolgt werden, das den Koreakrieg offiziell beenden soll. <\/span><\/p>\n<p class=\"s3\"><span class=\"s6\">Im Jahr 2021 trat der Vertrag \u00fcber das Verbot von Kernwaffen (<\/span><a href=\"https:\/\/treaties.unoda.org\/t\/tpnw\"><span class=\"s8\">TPNW<\/span><\/a><span class=\"s6\">) in Kraft. Obwohl der Vertrag f\u00fcr die USA rechtlich nicht bindend ist, weil unsere Regierung ihn weder unterzeichnet <\/span><span class=\"s6\">noch ratifiziert hat, wurden alle Kernwaffen, einschlie\u00dflich der US-Best\u00e4nde, von der internationalen Gemeinschaft f\u00fcr rechtswidrig erkl\u00e4rt. <\/span><\/p>\n<p class=\"s3\"><span class=\"s6\">Wir fordern Japan auf, auf den \u201enuklearen Schutzschirm\u201c der Vereinigten <\/span><span class=\"s6\">Staaten zu verzichten, indem es den TPNW z\u00fcgig unterzeichnet und <\/span><span class=\"s6\">durchsetzt<\/span><span class=\"s6\">. <\/span><span class=\"s6\">Wir sind besorgt dar\u00fcber, dass gerade die Nichtkernwaffenstaaten wie Japan glauben, dass die regionale Sicherheit durch Kernwaffen der USA erh\u00f6ht wird, obwohl genau das (nukleare Schutzschirm) den Krieg in Europa nicht verhindert hat, wie andere Kernwaffenstaaten behauptet hatten. <\/span><span class=\"s6\">Tats\u00e4chlich hat der Krieg in der Ukraine die Risiken <\/span><span class=\"s6\">des gesamten nuklearen Vorhabens offengelegt. Wir bedauern Japans St\u00e4rkung der Milit\u00e4rb\u00fcndnisse mit den USA und deren Verb\u00fcndeten. Die Einrichtung eines <\/span><a href=\"https:\/\/edition.cnn.com\/2023\/05\/10\/asia\/japan-foreign-minister-hayashi-nato-intl-hnk\/index.html\"><span class=\"s8\">NATO-B\u00fcros in Tokio<\/span><\/a><span class=\"s6\"> wird die Region nicht sicherer machen, da die Welt durch eine solche Milit\u00e4rallianz und einer Politik der nuklearen Abschreckung, die die Spannungen versch\u00e4rft, gef\u00e4hrlicher geworden ist. Nach dem TPNW <\/span><span class=\"s6\">gleicht sich das Vertrauen auf den nuklearen Schutzschirm der nuklear bewaffneten Staaten einer Verschw\u00f6rung zu v\u00f6lkerrechtlichen Handlungen. Die TPNW verbietet nicht nur die Entwicklung, Herstellung, Lagerung und Androhung des Einsatzes von Kernwaffen, sondern auch die<\/span><span class=\"s6\">\u00a0Berufung auf den nuklearen Schutzschirm der nuklear bewaffneten Staaten eine Form der Verschw\u00f6rung zu v\u00f6lkerrechtswidrigen Handlungen, denn das TPNW verbietet nicht nur die Entwicklung, Herstellungen, Lagerung oder Androhung des Einsatzes von Kernwaffen, <\/span><span class=\"s6\">vielmehr<\/span><span class=\"s6\"> auch die <\/span><span class=\"s6\">Motivation oder Veranlassung zu solchen Handlungen. <\/span><span class=\"s6\">Ermutigung oder Veranlassung zu solchen Handlungen.<\/span><\/p>\n<p class=\"s3\"><span class=\"s6\">Wir werden die Regierung der USA weiterhin auffordern, das TPNW zu unterzeichnen und <\/span><span class=\"s6\">in Kraft treten zu lassen, sowie <\/span><span class=\"s6\">einen multilateralen Dialog mit allen atomar bewaffneten Staaten aufzunehmen, um alle Atomwaffen auf diesem Planeten<\/span><span class=\"s6\"> abzuschaffen<\/span><span class=\"s6\">. Wir freuen uns darauf, unsere Zusammenarbeit fortzusetzen, um eine atomwaffenfreie Welt zu erreichen, in der, wie es in der Pr\u00e4ambel Ihrer Verfassung hei\u00dft<\/span><span class=\"s9\">, <\/span><span class=\"s9\">\u201e<\/span><span class=\"s9\">alle V\u00f6lker der Welt das Recht haben, in Frieden zu leben, frei von Furcht und Not.&#8220;<\/span><\/p>\n<p class=\"s3\"><span class=\"s10\">NIE WIEDER HIROSHIMA<\/span><\/p>\n<p class=\"s3\"><span class=\"s10\">NIE WIEDER NAGASAKI<\/span><\/p>\n<p class=\"s3\"><span class=\"s10\">NIE WIEDER FUKUSHIMA<\/span><\/p>\n<p class=\"s3\"><span class=\"s10\">NIE WIEDER KRIEG<\/span><\/p>\n<p class=\"s3\"><span class=\"s10\">NIE WIEDER HIBAKUSHA<\/span><\/p>\n<p class=\"s3\"><span class=\"s6\">NIE WIEDER!<\/span><\/p>\n<p>&nbsp;<\/p>\n<p class=\"s3\" style=\"padding-left: 40px;\"><strong><span class=\"s6\">Unterst\u00fctz<\/span><span class=\"s6\">ende<\/span><span class=\"s6\"> Organisationen in den USA (mit insgesamt \u00fcber 391.600 Mitgliedern und Unterst\u00fctzern)<\/span><\/strong><\/p>\n<p class=\"s3\" style=\"padding-left: 40px;\"><span class=\"s6\">Veterans For Peace \u2013 NYC Chapter 34<\/span><\/p>\n<p class=\"s3\" style=\"padding-left: 40px;\"><span class=\"s6\">Manhattan Project for a Nuclear-Free World<\/span><\/p>\n<p class=\"s3\" style=\"padding-left: 40px;\"><span class=\"s6\">Action Corps<\/span><\/p>\n<p class=\"s3\" style=\"padding-left: 40px;\"><span class=\"s6\">Baltimore Nonviolence Center<\/span><\/p>\n<p class=\"s3\" style=\"padding-left: 40px;\"><span class=\"s6\">Ben Salmon for Sainthood<\/span><\/p>\n<p class=\"s3\" style=\"padding-left: 40px;\"><span class=\"s6\">Brooklyn For Peace<\/span><\/p>\n<p class=\"s3\" style=\"padding-left: 40px;\"><span class=\"s6\">Broome County Peace Action<\/span><\/p>\n<p class=\"s3\" style=\"padding-left: 40px;\"><span class=\"s6\">Campaign for Peace, Disarmament &amp; Common Security<\/span><\/p>\n<p class=\"s3\" style=\"padding-left: 40px;\"><span class=\"s6\">Coalition Against Nukes<\/span><\/p>\n<p class=\"s3\" style=\"padding-left: 40px;\"><span class=\"s6\">CODEPINK<\/span><\/p>\n<p class=\"s3\" style=\"padding-left: 40px;\"><span class=\"s6\">Environmentalists Against War<\/span><\/p>\n<p class=\"s3\" style=\"padding-left: 40px;\"><span class=\"s6\">Erwin Citizens Awareness Network (ECAN)<\/span><\/p>\n<p class=\"s3\" style=\"padding-left: 40px;\"><span class=\"s6\">Genesee Valley Citizens for Peace<\/span><\/p>\n<p class=\"s3\" style=\"padding-left: 40px;\"><span class=\"s6\">Granny Peace Brigade, NYC<\/span><\/p>\n<p class=\"s3\" style=\"padding-left: 40px;\"><span class=\"s6\">Heiwa Peace and Reconciliation Foundation of New York<\/span><\/p>\n<p class=\"s3\" style=\"padding-left: 40px;\"><span class=\"s6\">Judson Memorial Church<\/span><\/p>\n<p class=\"s3\" style=\"padding-left: 40px;\"><span class=\"s6\">Long Island Alliance For Peaceful Alternatives<\/span><\/p>\n<p class=\"s3\" style=\"padding-left: 40px;\"><span class=\"s6\">Memory Productions<\/span><\/p>\n<p class=\"s3\" style=\"padding-left: 40px;\"><span class=\"s6\">Monterey Peace and Justice Center<\/span><\/p>\n<p class=\"s3\" style=\"padding-left: 40px;\"><span class=\"s6\">New Hampshire Peace Action<\/span><\/p>\n<p class=\"s3\" style=\"padding-left: 40px;\"><span class=\"s6\">New York Campaign to Abolish Nuclear Weapons<\/span><\/p>\n<p class=\"s3\" style=\"padding-left: 40px;\"><span class=\"s6\">New York Catholic Worker<\/span><\/p>\n<p class=\"s3\" style=\"padding-left: 40px;\"><span class=\"s6\">No Nukes Action<\/span><\/p>\n<p class=\"s3\" style=\"padding-left: 40px;\"><span class=\"s6\">North Country Peace Group<\/span><\/p>\n<p class=\"s3\" style=\"padding-left: 40px;\"><span class=\"s6\">No War Westchester<\/span><\/p>\n<p class=\"s3\" style=\"padding-left: 40px;\"><span class=\"s6\">Nuclear Energy Information Service (NEIS)<\/span><\/p>\n<p class=\"s3\" style=\"padding-left: 40px;\"><span class=\"s6\">Nuclear Hotseat Podcast\/Broadcast<\/span><\/p>\n<p class=\"s3\" style=\"padding-left: 40px;\"><span class=\"s6\">Nuclear Watch South<\/span><\/p>\n<p class=\"s3\" style=\"padding-left: 40px;\"><span class=\"s6\">Nukewatch<\/span><\/p>\n<p class=\"s3\" style=\"padding-left: 40px;\"><span class=\"s6\">NYC Metro Raging Grannies<\/span><\/p>\n<p class=\"s3\" style=\"padding-left: 40px;\"><span class=\"s6\">NY Committees of Correspondence for Democracy &amp; Socialism<\/span><\/p>\n<p class=\"s3\" style=\"padding-left: 40px;\"><span class=\"s6\">NYC War Resisters League<\/span><\/p>\n<p class=\"s3\" style=\"padding-left: 40px;\"><span class=\"s6\">Office of Peace, Justice, and Ecological Integrity\/Sisters of Charity of Saint Elizabeth<\/span><\/p>\n<p class=\"s3\" style=\"padding-left: 40px;\"><span class=\"s6\">Pax Christi New York State<\/span><\/p>\n<p class=\"s3\" style=\"padding-left: 40px;\"><span class=\"s6\">Peace Action Manhattan<\/span><\/p>\n<p class=\"s3\" style=\"padding-left: 40px;\"><span class=\"s6\">Peace Action New York State<\/span><\/p>\n<p class=\"s3\" style=\"padding-left: 40px;\"><span class=\"s6\">Peace Action of Staten Island<\/span><\/p>\n<p class=\"s3\" style=\"padding-left: 40px;\"><span class=\"s6\">Peace Boat US<\/span><\/p>\n<p class=\"s3\" style=\"padding-left: 40px;\"><span class=\"s6\">Peace Resource Center at Wilmington College<\/span><\/p>\n<p class=\"s3\" style=\"padding-left: 40px;\"><span class=\"s6\">Physicians for Social Responsibility- NY<\/span><\/p>\n<p class=\"s3\" style=\"padding-left: 40px;\"><span class=\"s6\">Rachel Corrie Foundation for Peace and Justice<\/span><\/p>\n<p class=\"s3\" style=\"padding-left: 40px;\"><span class=\"s6\">Raging Grannies and their Daughters of New York Cities<\/span><\/p>\n<p class=\"s3\" style=\"padding-left: 40px;\"><span class=\"s6\">Rise and Resist<\/span><\/p>\n<p class=\"s3\" style=\"padding-left: 40px;\"><span class=\"s6\">Rising Together<\/span><\/p>\n<p class=\"s3\" style=\"padding-left: 40px;\"><span class=\"s6\">San Luis Obispo Mothers for Peace<\/span><\/p>\n<p class=\"s3\" style=\"padding-left: 40px;\"><span class=\"s6\">South Country Peace Group, Inc.<\/span><\/p>\n<p class=\"s3\" style=\"padding-left: 40px;\"><span class=\"s6\">Stand with Okinawa NY<\/span><\/p>\n<p class=\"s3\" style=\"padding-left: 40px;\"><span class=\"s6\">The Ribbon International<\/span><\/p>\n<p class=\"s3\" style=\"padding-left: 40px;\"><span class=\"s6\">United National Antiwar Coalition (UNAC)<\/span><\/p>\n<p class=\"s3\" style=\"padding-left: 40px;\"><span class=\"s6\">Uptown Progressive Action<\/span><\/p>\n<p class=\"s3\" style=\"padding-left: 40px;\"><span class=\"s6\">Veterans for Peace the Hector Black Chapter<\/span><\/p>\n<p class=\"s3\" style=\"padding-left: 40px;\"><span class=\"s6\">WESPAC Foundation, Inc.<\/span><\/p>\n<p class=\"s3\" style=\"padding-left: 40px;\"><span class=\"s6\">World BEYOND War, U.S. Chapters<\/span><\/p>\n<p class=\"s3\" style=\"padding-left: 40px;\"><span class=\"s6\">World Can\u2019t Wait<\/span><\/p>\n<p class=\"s3\" style=\"padding-left: 40px;\"><span class=\"s6\">Youth Arts New York\/Hibakusha Stories<\/span><\/p>\n<p>&nbsp;<\/p>\n<p><em><strong>Die \u00dcbersetzung aus dem Englischen wurde von Sabine Prizigoda vom ehrenamtlichen Pressenza-\u00dcbersetzungsteam erstellt. <a href=\"https:\/\/www.pressenza.com\/de\/mitarbeiten\/\" target=\"_blank\" rel=\"noopener\">Wir suchen Freiwillige!<\/a><\/strong><\/em><\/p>\n<p>&nbsp;<\/p>\n","protected":false},"excerpt":{"rendered":"<p>&#8211; Anl\u00e4sslich des 78. Jahrestages der Atombombenabw\u00fcrfe auf Japan \u2013 Wir, die Unterzeichnenden, die eine Koalition besorgter Friedens- und zivilgesellschaftlicher Organisation in den Vereinigten Staaten vertreten, setzen uns f\u00fcr die weltweite Abschaffung von Atomwaffen ein. Um unser aufrichtiges Bedauern zum&hellip;<\/p>\n","protected":false},"author":1126,"featured_media":1761094,"comment_status":"closed","ping_status":"closed","sticky":false,"template":"","format":"standard","meta":{"footnotes":""},"categories":[9167,7835,9164,9152],"tags":[115519,85150,61728,61729],"class_list":["post-1761092","post","type-post","status-publish","format-standard","has-post-thumbnail","hentry","category-frieden-und-abruestung","category-international-de","category-internationale-angelegenheiten","category-nordamerika","tag-atombombenverbot","tag-hibakusha-de","tag-hiroshima-de","tag-nagasaki-de"],"yoast_head":"<!-- This site is optimized with the Yoast SEO plugin v27.1.1 - https:\/\/yoast.com\/product\/yoast-seo-wordpress\/ -->\n<title>Ein offener Brief an die japanische Bev\u00f6lkerung: von besorgten Friedens- und Zivilorganisationen aus den Vereinigten Staaten<\/title>\n<meta name=\"description\" content=\"- Anl\u00e4sslich des 78. Jahrestages der Atombombenabw\u00fcrfe auf Japan \u2013 Wir, die Unterzeichnenden, die eine Koalition besorgter Friedens- und\" \/>\n<meta name=\"robots\" content=\"index, follow, max-snippet:-1, max-image-preview:large, max-video-preview:-1\" \/>\n<link rel=\"canonical\" href=\"https:\/\/www.pressenza.com\/de\/2023\/08\/ein-offener-brief-an-die-japanische-bevoelkerung-von-besorgten-friedens-und-zivilorganisationen-aus-den-vereinigten-staaten\/\" \/>\n<meta property=\"og:locale\" content=\"de_DE\" \/>\n<meta property=\"og:type\" content=\"article\" \/>\n<meta property=\"og:title\" content=\"Ein offener Brief an die japanische Bev\u00f6lkerung: von besorgten Friedens- und Zivilorganisationen aus den Vereinigten Staaten\" \/>\n<meta property=\"og:description\" content=\"- Anl\u00e4sslich des 78. Jahrestages der Atombombenabw\u00fcrfe auf Japan \u2013 Wir, die Unterzeichnenden, die eine Koalition besorgter Friedens- und\" \/>\n<meta property=\"og:url\" content=\"https:\/\/www.pressenza.com\/de\/2023\/08\/ein-offener-brief-an-die-japanische-bevoelkerung-von-besorgten-friedens-und-zivilorganisationen-aus-den-vereinigten-staaten\/\" \/>\n<meta property=\"og:site_name\" content=\"Pressenza\" \/>\n<meta property=\"article:publisher\" content=\"https:\/\/www.facebook.com\/PressenzaItalia\" \/>\n<meta property=\"article:author\" content=\"https:\/\/www.facebook.com\/PressenzaEnglish\/\" \/>\n<meta property=\"article:published_time\" content=\"2023-08-24T07:09:45+00:00\" \/>\n<meta property=\"og:image\" content=\"https:\/\/www.pressenza.com\/wp-content\/uploads\/2023\/08\/Japanese-Ambassy-1-1.jpeg\" \/>\n\t<meta property=\"og:image:width\" content=\"1600\" \/>\n\t<meta property=\"og:image:height\" content=\"914\" \/>\n\t<meta property=\"og:image:type\" content=\"image\/jpeg\" \/>\n<meta name=\"author\" content=\"Pressenza New York\" \/>\n<meta name=\"twitter:card\" content=\"summary_large_image\" \/>\n<meta name=\"twitter:creator\" content=\"@PressenzaIPA\" \/>\n<meta name=\"twitter:site\" content=\"@PressenzaIPA\" \/>\n<meta name=\"twitter:label1\" content=\"Verfasst von\" \/>\n\t<meta name=\"twitter:data1\" content=\"Pressenza New York\" \/>\n\t<meta name=\"twitter:label2\" content=\"Gesch\u00e4tzte Lesezeit\" \/>\n\t<meta name=\"twitter:data2\" content=\"7\u00a0Minuten\" \/>\n<script type=\"application\/ld+json\" class=\"yoast-schema-graph\">{\"@context\":\"https:\/\/schema.org\",\"@graph\":[{\"@type\":\"Article\",\"@id\":\"https:\/\/www.pressenza.com\/de\/2023\/08\/ein-offener-brief-an-die-japanische-bevoelkerung-von-besorgten-friedens-und-zivilorganisationen-aus-den-vereinigten-staaten\/#article\",\"isPartOf\":{\"@id\":\"https:\/\/www.pressenza.com\/de\/2023\/08\/ein-offener-brief-an-die-japanische-bevoelkerung-von-besorgten-friedens-und-zivilorganisationen-aus-den-vereinigten-staaten\/\"},\"author\":{\"name\":\"Pressenza New York\",\"@id\":\"https:\/\/www.pressenza.com\/de\/#\/schema\/person\/75ff8ec4b4b03f1d2da977bba83672b3\"},\"headline\":\"Ein offener Brief an die japanische Bev\u00f6lkerung: von besorgten Friedens- und Zivilorganisationen aus den Vereinigten Staaten\",\"datePublished\":\"2023-08-24T07:09:45+00:00\",\"mainEntityOfPage\":{\"@id\":\"https:\/\/www.pressenza.com\/de\/2023\/08\/ein-offener-brief-an-die-japanische-bevoelkerung-von-besorgten-friedens-und-zivilorganisationen-aus-den-vereinigten-staaten\/\"},\"wordCount\":1374,\"publisher\":{\"@id\":\"https:\/\/www.pressenza.com\/de\/#organization\"},\"image\":{\"@id\":\"https:\/\/www.pressenza.com\/de\/2023\/08\/ein-offener-brief-an-die-japanische-bevoelkerung-von-besorgten-friedens-und-zivilorganisationen-aus-den-vereinigten-staaten\/#primaryimage\"},\"thumbnailUrl\":\"https:\/\/www.pressenza.com\/wp-content\/uploads\/2023\/08\/Japanese-Ambassy-1-1.jpeg\",\"keywords\":[\"Atombombenverbot\",\"hibakusha\",\"Hiroshima\",\"Nagasaki\"],\"articleSection\":[\"Frieden und Abr\u00fcstung\",\"International\",\"Internationale Angelegenheiten\",\"Nordamerika\"],\"inLanguage\":\"de\"},{\"@type\":\"WebPage\",\"@id\":\"https:\/\/www.pressenza.com\/de\/2023\/08\/ein-offener-brief-an-die-japanische-bevoelkerung-von-besorgten-friedens-und-zivilorganisationen-aus-den-vereinigten-staaten\/\",\"url\":\"https:\/\/www.pressenza.com\/de\/2023\/08\/ein-offener-brief-an-die-japanische-bevoelkerung-von-besorgten-friedens-und-zivilorganisationen-aus-den-vereinigten-staaten\/\",\"name\":\"Ein offener Brief an die japanische Bev\u00f6lkerung: von besorgten Friedens- und Zivilorganisationen aus den Vereinigten Staaten\",\"isPartOf\":{\"@id\":\"https:\/\/www.pressenza.com\/de\/#website\"},\"primaryImageOfPage\":{\"@id\":\"https:\/\/www.pressenza.com\/de\/2023\/08\/ein-offener-brief-an-die-japanische-bevoelkerung-von-besorgten-friedens-und-zivilorganisationen-aus-den-vereinigten-staaten\/#primaryimage\"},\"image\":{\"@id\":\"https:\/\/www.pressenza.com\/de\/2023\/08\/ein-offener-brief-an-die-japanische-bevoelkerung-von-besorgten-friedens-und-zivilorganisationen-aus-den-vereinigten-staaten\/#primaryimage\"},\"thumbnailUrl\":\"https:\/\/www.pressenza.com\/wp-content\/uploads\/2023\/08\/Japanese-Ambassy-1-1.jpeg\",\"datePublished\":\"2023-08-24T07:09:45+00:00\",\"description\":\"- Anl\u00e4sslich des 78. Jahrestages der Atombombenabw\u00fcrfe auf Japan \u2013 Wir, die Unterzeichnenden, die eine Koalition besorgter Friedens- und\",\"breadcrumb\":{\"@id\":\"https:\/\/www.pressenza.com\/de\/2023\/08\/ein-offener-brief-an-die-japanische-bevoelkerung-von-besorgten-friedens-und-zivilorganisationen-aus-den-vereinigten-staaten\/#breadcrumb\"},\"inLanguage\":\"de\",\"potentialAction\":[{\"@type\":\"ReadAction\",\"target\":[\"https:\/\/www.pressenza.com\/de\/2023\/08\/ein-offener-brief-an-die-japanische-bevoelkerung-von-besorgten-friedens-und-zivilorganisationen-aus-den-vereinigten-staaten\/\"]}]},{\"@type\":\"ImageObject\",\"inLanguage\":\"de\",\"@id\":\"https:\/\/www.pressenza.com\/de\/2023\/08\/ein-offener-brief-an-die-japanische-bevoelkerung-von-besorgten-friedens-und-zivilorganisationen-aus-den-vereinigten-staaten\/#primaryimage\",\"url\":\"https:\/\/www.pressenza.com\/wp-content\/uploads\/2023\/08\/Japanese-Ambassy-1-1.jpeg\",\"contentUrl\":\"https:\/\/www.pressenza.com\/wp-content\/uploads\/2023\/08\/Japanese-Ambassy-1-1.jpeg\",\"width\":1600,\"height\":914},{\"@type\":\"BreadcrumbList\",\"@id\":\"https:\/\/www.pressenza.com\/de\/2023\/08\/ein-offener-brief-an-die-japanische-bevoelkerung-von-besorgten-friedens-und-zivilorganisationen-aus-den-vereinigten-staaten\/#breadcrumb\",\"itemListElement\":[{\"@type\":\"ListItem\",\"position\":1,\"name\":\"Accueil\",\"item\":\"https:\/\/www.pressenza.com\/de\/\"},{\"@type\":\"ListItem\",\"position\":2,\"name\":\"Ein offener Brief an die japanische Bev\u00f6lkerung: von besorgten Friedens- und Zivilorganisationen aus den Vereinigten Staaten\"}]},{\"@type\":\"WebSite\",\"@id\":\"https:\/\/www.pressenza.com\/de\/#website\",\"url\":\"https:\/\/www.pressenza.com\/de\/\",\"name\":\"Pressenza\",\"description\":\"International Press Agency\",\"publisher\":{\"@id\":\"https:\/\/www.pressenza.com\/de\/#organization\"},\"potentialAction\":[{\"@type\":\"SearchAction\",\"target\":{\"@type\":\"EntryPoint\",\"urlTemplate\":\"https:\/\/www.pressenza.com\/de\/?s={search_term_string}\"},\"query-input\":{\"@type\":\"PropertyValueSpecification\",\"valueRequired\":true,\"valueName\":\"search_term_string\"}}],\"inLanguage\":\"de\"},{\"@type\":\"Organization\",\"@id\":\"https:\/\/www.pressenza.com\/de\/#organization\",\"name\":\"Pressenza\",\"url\":\"https:\/\/www.pressenza.com\/de\/\",\"logo\":{\"@type\":\"ImageObject\",\"inLanguage\":\"de\",\"@id\":\"https:\/\/www.pressenza.com\/de\/#\/schema\/logo\/image\/\",\"url\":\"https:\/\/www.pressenza.com\/wp-content\/uploads\/2022\/10\/pressenza_logo_200x200.jpg\",\"contentUrl\":\"https:\/\/www.pressenza.com\/wp-content\/uploads\/2022\/10\/pressenza_logo_200x200.jpg\",\"width\":200,\"height\":200,\"caption\":\"Pressenza\"},\"image\":{\"@id\":\"https:\/\/www.pressenza.com\/de\/#\/schema\/logo\/image\/\"},\"sameAs\":[\"https:\/\/www.facebook.com\/PressenzaItalia\",\"https:\/\/x.com\/PressenzaIPA\"]},{\"@type\":\"Person\",\"@id\":\"https:\/\/www.pressenza.com\/de\/#\/schema\/person\/75ff8ec4b4b03f1d2da977bba83672b3\",\"name\":\"Pressenza New York\",\"description\":\"News from the Pressenza Bureau in New York, United States\",\"sameAs\":[\"https:\/\/www.facebook.com\/PressenzaEnglish\/\",\"https:\/\/x.com\/PressenzaIPA\"],\"url\":\"https:\/\/www.pressenza.com\/de\/author\/pressenza-new-york\/\"}]}<\/script>\n<!-- \/ Yoast SEO plugin. -->","yoast_head_json":{"title":"Ein offener Brief an die japanische Bev\u00f6lkerung: von besorgten Friedens- und Zivilorganisationen aus den Vereinigten Staaten","description":"- Anl\u00e4sslich des 78. Jahrestages der Atombombenabw\u00fcrfe auf Japan \u2013 Wir, die Unterzeichnenden, die eine Koalition besorgter Friedens- und","robots":{"index":"index","follow":"follow","max-snippet":"max-snippet:-1","max-image-preview":"max-image-preview:large","max-video-preview":"max-video-preview:-1"},"canonical":"https:\/\/www.pressenza.com\/de\/2023\/08\/ein-offener-brief-an-die-japanische-bevoelkerung-von-besorgten-friedens-und-zivilorganisationen-aus-den-vereinigten-staaten\/","og_locale":"de_DE","og_type":"article","og_title":"Ein offener Brief an die japanische Bev\u00f6lkerung: von besorgten Friedens- und Zivilorganisationen aus den Vereinigten Staaten","og_description":"- Anl\u00e4sslich des 78. Jahrestages der Atombombenabw\u00fcrfe auf Japan \u2013 Wir, die Unterzeichnenden, die eine Koalition besorgter Friedens- und","og_url":"https:\/\/www.pressenza.com\/de\/2023\/08\/ein-offener-brief-an-die-japanische-bevoelkerung-von-besorgten-friedens-und-zivilorganisationen-aus-den-vereinigten-staaten\/","og_site_name":"Pressenza","article_publisher":"https:\/\/www.facebook.com\/PressenzaItalia","article_author":"https:\/\/www.facebook.com\/PressenzaEnglish\/","article_published_time":"2023-08-24T07:09:45+00:00","og_image":[{"width":1600,"height":914,"url":"https:\/\/www.pressenza.com\/wp-content\/uploads\/2023\/08\/Japanese-Ambassy-1-1.jpeg","type":"image\/jpeg"}],"author":"Pressenza New York","twitter_card":"summary_large_image","twitter_creator":"@PressenzaIPA","twitter_site":"@PressenzaIPA","twitter_misc":{"Verfasst von":"Pressenza New York","Gesch\u00e4tzte Lesezeit":"7\u00a0Minuten"},"schema":{"@context":"https:\/\/schema.org","@graph":[{"@type":"Article","@id":"https:\/\/www.pressenza.com\/de\/2023\/08\/ein-offener-brief-an-die-japanische-bevoelkerung-von-besorgten-friedens-und-zivilorganisationen-aus-den-vereinigten-staaten\/#article","isPartOf":{"@id":"https:\/\/www.pressenza.com\/de\/2023\/08\/ein-offener-brief-an-die-japanische-bevoelkerung-von-besorgten-friedens-und-zivilorganisationen-aus-den-vereinigten-staaten\/"},"author":{"name":"Pressenza New York","@id":"https:\/\/www.pressenza.com\/de\/#\/schema\/person\/75ff8ec4b4b03f1d2da977bba83672b3"},"headline":"Ein offener Brief an die japanische Bev\u00f6lkerung: von besorgten Friedens- und Zivilorganisationen aus den Vereinigten Staaten","datePublished":"2023-08-24T07:09:45+00:00","mainEntityOfPage":{"@id":"https:\/\/www.pressenza.com\/de\/2023\/08\/ein-offener-brief-an-die-japanische-bevoelkerung-von-besorgten-friedens-und-zivilorganisationen-aus-den-vereinigten-staaten\/"},"wordCount":1374,"publisher":{"@id":"https:\/\/www.pressenza.com\/de\/#organization"},"image":{"@id":"https:\/\/www.pressenza.com\/de\/2023\/08\/ein-offener-brief-an-die-japanische-bevoelkerung-von-besorgten-friedens-und-zivilorganisationen-aus-den-vereinigten-staaten\/#primaryimage"},"thumbnailUrl":"https:\/\/www.pressenza.com\/wp-content\/uploads\/2023\/08\/Japanese-Ambassy-1-1.jpeg","keywords":["Atombombenverbot","hibakusha","Hiroshima","Nagasaki"],"articleSection":["Frieden und Abr\u00fcstung","International","Internationale Angelegenheiten","Nordamerika"],"inLanguage":"de"},{"@type":"WebPage","@id":"https:\/\/www.pressenza.com\/de\/2023\/08\/ein-offener-brief-an-die-japanische-bevoelkerung-von-besorgten-friedens-und-zivilorganisationen-aus-den-vereinigten-staaten\/","url":"https:\/\/www.pressenza.com\/de\/2023\/08\/ein-offener-brief-an-die-japanische-bevoelkerung-von-besorgten-friedens-und-zivilorganisationen-aus-den-vereinigten-staaten\/","name":"Ein offener Brief an die japanische Bev\u00f6lkerung: von besorgten Friedens- und Zivilorganisationen aus den Vereinigten Staaten","isPartOf":{"@id":"https:\/\/www.pressenza.com\/de\/#website"},"primaryImageOfPage":{"@id":"https:\/\/www.pressenza.com\/de\/2023\/08\/ein-offener-brief-an-die-japanische-bevoelkerung-von-besorgten-friedens-und-zivilorganisationen-aus-den-vereinigten-staaten\/#primaryimage"},"image":{"@id":"https:\/\/www.pressenza.com\/de\/2023\/08\/ein-offener-brief-an-die-japanische-bevoelkerung-von-besorgten-friedens-und-zivilorganisationen-aus-den-vereinigten-staaten\/#primaryimage"},"thumbnailUrl":"https:\/\/www.pressenza.com\/wp-content\/uploads\/2023\/08\/Japanese-Ambassy-1-1.jpeg","datePublished":"2023-08-24T07:09:45+00:00","description":"- Anl\u00e4sslich des 78. Jahrestages der Atombombenabw\u00fcrfe auf Japan \u2013 Wir, die Unterzeichnenden, die eine Koalition besorgter Friedens- und","breadcrumb":{"@id":"https:\/\/www.pressenza.com\/de\/2023\/08\/ein-offener-brief-an-die-japanische-bevoelkerung-von-besorgten-friedens-und-zivilorganisationen-aus-den-vereinigten-staaten\/#breadcrumb"},"inLanguage":"de","potentialAction":[{"@type":"ReadAction","target":["https:\/\/www.pressenza.com\/de\/2023\/08\/ein-offener-brief-an-die-japanische-bevoelkerung-von-besorgten-friedens-und-zivilorganisationen-aus-den-vereinigten-staaten\/"]}]},{"@type":"ImageObject","inLanguage":"de","@id":"https:\/\/www.pressenza.com\/de\/2023\/08\/ein-offener-brief-an-die-japanische-bevoelkerung-von-besorgten-friedens-und-zivilorganisationen-aus-den-vereinigten-staaten\/#primaryimage","url":"https:\/\/www.pressenza.com\/wp-content\/uploads\/2023\/08\/Japanese-Ambassy-1-1.jpeg","contentUrl":"https:\/\/www.pressenza.com\/wp-content\/uploads\/2023\/08\/Japanese-Ambassy-1-1.jpeg","width":1600,"height":914},{"@type":"BreadcrumbList","@id":"https:\/\/www.pressenza.com\/de\/2023\/08\/ein-offener-brief-an-die-japanische-bevoelkerung-von-besorgten-friedens-und-zivilorganisationen-aus-den-vereinigten-staaten\/#breadcrumb","itemListElement":[{"@type":"ListItem","position":1,"name":"Accueil","item":"https:\/\/www.pressenza.com\/de\/"},{"@type":"ListItem","position":2,"name":"Ein offener Brief an die japanische Bev\u00f6lkerung: von besorgten Friedens- und Zivilorganisationen aus den Vereinigten Staaten"}]},{"@type":"WebSite","@id":"https:\/\/www.pressenza.com\/de\/#website","url":"https:\/\/www.pressenza.com\/de\/","name":"Pressenza","description":"International Press Agency","publisher":{"@id":"https:\/\/www.pressenza.com\/de\/#organization"},"potentialAction":[{"@type":"SearchAction","target":{"@type":"EntryPoint","urlTemplate":"https:\/\/www.pressenza.com\/de\/?s={search_term_string}"},"query-input":{"@type":"PropertyValueSpecification","valueRequired":true,"valueName":"search_term_string"}}],"inLanguage":"de"},{"@type":"Organization","@id":"https:\/\/www.pressenza.com\/de\/#organization","name":"Pressenza","url":"https:\/\/www.pressenza.com\/de\/","logo":{"@type":"ImageObject","inLanguage":"de","@id":"https:\/\/www.pressenza.com\/de\/#\/schema\/logo\/image\/","url":"https:\/\/www.pressenza.com\/wp-content\/uploads\/2022\/10\/pressenza_logo_200x200.jpg","contentUrl":"https:\/\/www.pressenza.com\/wp-content\/uploads\/2022\/10\/pressenza_logo_200x200.jpg","width":200,"height":200,"caption":"Pressenza"},"image":{"@id":"https:\/\/www.pressenza.com\/de\/#\/schema\/logo\/image\/"},"sameAs":["https:\/\/www.facebook.com\/PressenzaItalia","https:\/\/x.com\/PressenzaIPA"]},{"@type":"Person","@id":"https:\/\/www.pressenza.com\/de\/#\/schema\/person\/75ff8ec4b4b03f1d2da977bba83672b3","name":"Pressenza New York","description":"News from the Pressenza Bureau in New York, United States","sameAs":["https:\/\/www.facebook.com\/PressenzaEnglish\/","https:\/\/x.com\/PressenzaIPA"],"url":"https:\/\/www.pressenza.com\/de\/author\/pressenza-new-york\/"}]}},"place":"New York City","original_article_url":"","_links":{"self":[{"href":"https:\/\/www.pressenza.com\/de\/wp-json\/wp\/v2\/posts\/1761092","targetHints":{"allow":["GET"]}}],"collection":[{"href":"https:\/\/www.pressenza.com\/de\/wp-json\/wp\/v2\/posts"}],"about":[{"href":"https:\/\/www.pressenza.com\/de\/wp-json\/wp\/v2\/types\/post"}],"author":[{"embeddable":true,"href":"https:\/\/www.pressenza.com\/de\/wp-json\/wp\/v2\/users\/1126"}],"replies":[{"embeddable":true,"href":"https:\/\/www.pressenza.com\/de\/wp-json\/wp\/v2\/comments?post=1761092"}],"version-history":[{"count":0,"href":"https:\/\/www.pressenza.com\/de\/wp-json\/wp\/v2\/posts\/1761092\/revisions"}],"wp:featuredmedia":[{"embeddable":true,"href":"https:\/\/www.pressenza.com\/de\/wp-json\/wp\/v2\/media\/1761094"}],"wp:attachment":[{"href":"https:\/\/www.pressenza.com\/de\/wp-json\/wp\/v2\/media?parent=1761092"}],"wp:term":[{"taxonomy":"category","embeddable":true,"href":"https:\/\/www.pressenza.com\/de\/wp-json\/wp\/v2\/categories?post=1761092"},{"taxonomy":"post_tag","embeddable":true,"href":"https:\/\/www.pressenza.com\/de\/wp-json\/wp\/v2\/tags?post=1761092"}],"curies":[{"name":"wp","href":"https:\/\/api.w.org\/{rel}","templated":true}]}}