{"id":1759221,"date":"2023-08-12T18:36:21","date_gmt":"2023-08-12T17:36:21","guid":{"rendered":"https:\/\/www.pressenza.com\/?p=1759221"},"modified":"2023-08-12T18:36:21","modified_gmt":"2023-08-12T17:36:21","slug":"alexander-kluge-kriegsfibel-2023","status":"publish","type":"post","link":"https:\/\/www.pressenza.com\/de\/2023\/08\/alexander-kluge-kriegsfibel-2023\/","title":{"rendered":"Alexander Kluge: Kriegsfibel 2023"},"content":{"rendered":"<p><strong>Mit der \u201cKriegsfibel 2023\u201d hat Alexander Kluge ein Werk \u00fcber die Unw\u00e4gbarkeiten des Krieges und seine Permanenz vorgelegt.<\/strong><\/p>\n<p>Ja, sie existieren noch. Noch! Menschen, die den gro\u00dfen Krieg im letzten Jahrhundert erlebt haben. Ein Kind dieser Zeit, in der der Krieg zu Ende ging, in der die Westanbindung eines Teils Deutschlands vollzogen wurde, in der der Kalte Krieg w\u00fctete und beendet wurde und die in einen neuen, zun\u00e4chst kalten und dann hei\u00dfen Krieg m\u00fcndete, ist Alexander Kluge.<\/p>\n<p><strong>Er hat sich fr\u00fch nach dem russischen Einmarsch in die Ukraine zu Wort gemeldet.<\/strong><\/p>\n<p>Mit der Publikation \u201c<a href=\"https:\/\/neue-debatte.com\/2020\/09\/22\/russland-kontainer-die-zerstorung-eines-feindbildes\/\">Russland Kontainer<\/a>\u201c erinnerte er daran, was zwischen Deutschen und Russen an Gemeinsamkeiten wie Grausamkeiten geschah und im Keller des kollektiven Bewusstseins liegt. Mit der \u201cKriegsfibel 2023\u201d schreibt Kluge ein weiteres Kapitel. Nicht \u00fcber die Ambivalenz von Nationen, sondern \u00fcber die Unw\u00e4gbarkeiten des Krieges und seine Permanenz.<\/p>\n<h2 class=\"wp-block-heading\"><span id=\"%E2%80%9CDer_Krieg_ist_wieder_da%E2%80%9D\" class=\"ez-toc-section\"><\/span>\u201cDer Krieg ist wieder da!\u201d<\/h2>\n<p>Es beginnt mit einem D\u00e9j\u00e0-vu. \u201cDer Krieg ist wieder da\u201d, erinnert sich der Autor als Zeitzeuge. Und vieles, was immer noch in seinen Sinnen pr\u00e4sent ist, hat eine eigent\u00fcmliche Aktualit\u00e4t, um in der Folge aufzur\u00e4umen mit den Mythen, die jeder Krieg produziert. Von der Illusion technischer Sicherheit, von den st\u00e4ndig wiederkehrenden Ressentiments und den ebenso oft vorkommenden Zuf\u00e4llen, die gravierende Wenden nach sich ziehen und den vor\u00fcbergehenden Ausgang des Krieges beeinflussen k\u00f6nnen.<\/p>\n<p>Und Kluge st\u00f6bert nicht nur in dem nun vor uns liegenden Konflikt zwischen Zentral- und Osteuropa, sondern auch im <a href=\"https:\/\/neue-debatte.com\/2020\/11\/01\/usa-von-jamestown-bis-zur-supermacht\/\">Amerikanischen B\u00fcrgerkrieg<\/a>, der eiternde Wunden bis ins Heute geschlagen hat und die US-amerikanische Gesellschaft immer wieder zu schmerzhaften Erlebnissen f\u00fchrt. (1) Nein, so Kluge, Kriege verlaufen nie so, wie die, die sie beginnen, sich das vorstellen.<\/p>\n<p><iframe loading=\"lazy\" title=\"Alexander Kluge. Kriegsfibel 2023\" width=\"500\" height=\"281\" src=\"https:\/\/www.youtube.com\/embed\/jrQIbPfWanI?feature=oembed\" frameborder=\"0\" allow=\"accelerometer; autoplay; clipboard-write; encrypted-media; gyroscope; picture-in-picture; web-share\" referrerpolicy=\"strict-origin-when-cross-origin\" allowfullscreen><\/iframe><\/p>\n<p>Wer glaubt, mit der \u201cKriegsfibel 2023\u201d ein Buch zu erwerben, das den jetzigen Krieg in der Ukraine erkl\u00e4rt und dokumentiert, wird entt\u00e4uscht werden. Alexander Kluge ist bekannt daf\u00fcr, dass er in die tiefen Schichten von Ph\u00e4nomenen eindringt und sehr viel von seiner Leserschaft verlangt. Und die Botschaften, mit denen er sich als guter Didakt sehr zur\u00fcckh\u00e4lt, haben es in sich. Sie zwingen zu einem gravierenden Perspektivenwechsel, egal auf welcher Seite man steht.<\/p>\n<p>Die eine Quintessenz, die Kluge preisgibt, ist die Gewissheit, dass die wahren Chronisten des Krieges die Kinder sind. Da ist es unerheblich, was ein Herr Putin, ein Herr Biden, die Schreih\u00e4lse subalterner M\u00e4chte oder die waffenstarrenden Milit\u00e4rb\u00fcndnisse zum Besten geben. Wie es weiter gehen wird, nach der gro\u00dfen Vernichtungsshow, das werden die bestimmen, die als Kinder Zeugen dieser Material- und Menschenschlacht werden. Auf beiden Seiten!<\/p>\n<h2 class=\"wp-block-heading\"><span id=\"Ein_fluechtiger_Blick\" class=\"ez-toc-section\"><\/span>Ein fl\u00fcchtiger Blick<\/h2>\n<p>Und, auch das so ein Aper\u00e7u, das nur von einem Menschen kommen kann, der \u00fcber das hohe Gut der Erfahrung verf\u00fcgt: \u201cIst der Krieg ausgebrochen, h\u00f6rt die Herrschaft \u00fcber ihn auf. Krieg duldet keine Vorgesetzten.\u201d F\u00fchren Sie sich das vor Augen. Und versuchen Sie eine Prognose.<\/p>\n<p>Kluge, ein Grandseigneur philanthropischen Denkens, h\u00e4lt sich auch da zur\u00fcck. Er will nicht belehren, vielleicht weil er wei\u00df, dass dieses Instrument in unseren Tagen durch h\u00e4ufigen Missbrauch allzu abgenutzt darniederliegt. Alexander Kluge reicht auch da ein Zitat: \u201cWer auch immer siegt, st\u00fcrzt ab.\u201d (Homer)<\/p>\n<div class=\"wp-block-spacer\" aria-hidden=\"true\"><\/div>\n<p><strong>Informationen zum Buch<\/strong><\/p>\n<h2 class=\"wp-block-heading\"><span id=\"Kriegsfibel_2023\" class=\"ez-toc-section\"><\/span>Kriegsfibel 2023<\/h2>\n<p>Autor: Alexander Kluge<\/p>\n<p>Genre: Sachbuch<\/p>\n<p>Sprache: Deutsch<\/p>\n<p>Seiten: 444 Seiten<\/p>\n<p>Ver\u00f6ffentlichung: 17. April 2023 (1. Edition)<\/p>\n<p>Herausgeber: Suhrkamp Verlag<\/p>\n<p>ISBN-13: 978-3-518-43153-5<\/p>\n<div class=\"wp-block-spacer\" aria-hidden=\"true\"><\/div>\n<h2 id=\"quellen-und-anmerkungen\" class=\"wp-block-heading\"><span id=\"Quellen_und_Anmerkungen\" class=\"ez-toc-section\"><\/span>Quellen und Anmerkungen<\/h2>\n<p>(1) Der <strong>Amerikanische B\u00fcrgerkrieg<\/strong> (auch Sezessionskrieg) dauerte von 1861 bis 1865. Es war ein milit\u00e4rischer Konflikt zwischen den aus den Vereinigten Staaten ausgetretenen S\u00fcdstaaten, die in der Konf\u00f6deration vereinigt gewesen sind, und den in der Union verbliebenen Nordstaaten (Unionsstaaten). Hauptursache f\u00fcr den Ausbruch des B\u00fcrgerkriegs war eine tiefe wirtschaftliche, soziale und politische Spaltung zwischen den Nord- und den S\u00fcdstaaten.<\/p>\n<p>Als Reaktion auf die Wahl von Abraham Lincoln, einem gem\u00e4\u00dfigten Gegner der Sklaverei, zum US-Pr\u00e4sidenten traten im Winter 1860\/61 die meisten S\u00fcdstaaten aus der Union aus. Der Krieg begann am 12. April 1861 mit der Beschie\u00dfung Fort Sumters durch die Konf\u00f6derierten und endete im Wesentlichen mit der Kapitulation der konf\u00f6derierten Nord-Virginia-Armee in Appomattox Court House am 9. April 1865. Im Indianerterritorium, das im heutigen Oklahoma liegt, kapitulierten am 23. Juni 1865 die letzten Einheiten der Konf\u00f6derierten.<\/p>\n<p>Nach dem Sieg des Nordens wurden die S\u00fcdstaaten im Rahmen der Reconstruction wieder in die Union aufgenommen. Die wichtigsten Folgen des Krieges waren die St\u00e4rkung der Zentralmacht, die verst\u00e4rkte Ausrichtung des Landes als Industriestaat und die Abschaffung der Sklaverei in den USA. Ein Blick auf die heutige <a href=\"https:\/\/neue-debatte.com\/2018\/08\/18\/prisonstrike-widerstand-gegen-die-sklaverei-in-den-us-gefaengnissen\/\">Gef\u00e4ngnisindustrie<\/a> zeigt allerdings, dass sich noch immer Aspekte der Sklaverei finden lassen.<\/p>\n<p>&nbsp;<\/p>\n","protected":false},"excerpt":{"rendered":"<p>Mit der \u201cKriegsfibel 2023\u201d hat Alexander Kluge ein Werk \u00fcber die Unw\u00e4gbarkeiten des Krieges und seine Permanenz vorgelegt. Ja, sie existieren noch. Noch! Menschen, die den gro\u00dfen Krieg im letzten Jahrhundert erlebt haben. Ein Kind dieser Zeit, in der der&hellip;<\/p>\n","protected":false},"author":1342,"featured_media":1759224,"comment_status":"closed","ping_status":"closed","sticky":false,"template":"","format":"standard","meta":{"footnotes":""},"categories":[9167,96215,9156],"tags":[18888,28792,115247,115246],"class_list":["post-1759221","post","type-post","status-publish","format-standard","has-post-thumbnail","hentry","category-frieden-und-abruestung","category-geschichte","category-kultur-und-medien","tag-buchrezension","tag-buergerkrieg","tag-gefaengnisindustrie","tag-kriegsfibel"],"yoast_head":"<!-- This site is optimized with the Yoast SEO plugin v27.1.1 - https:\/\/yoast.com\/product\/yoast-seo-wordpress\/ -->\n<title>Alexander Kluge: Kriegsfibel 2023<\/title>\n<meta name=\"description\" content=\"Mit der \u201cKriegsfibel 2023\u201d hat Alexander Kluge ein Werk \u00fcber die Unw\u00e4gbarkeiten des Krieges und seine Permanenz vorgelegt. Ja, sie existieren noch. Noch!\" \/>\n<meta name=\"robots\" content=\"index, follow, max-snippet:-1, max-image-preview:large, max-video-preview:-1\" \/>\n<link rel=\"canonical\" href=\"https:\/\/www.pressenza.com\/de\/2023\/08\/alexander-kluge-kriegsfibel-2023\/\" \/>\n<meta property=\"og:locale\" content=\"de_DE\" \/>\n<meta property=\"og:type\" content=\"article\" \/>\n<meta property=\"og:title\" content=\"Alexander Kluge: Kriegsfibel 2023\" \/>\n<meta property=\"og:description\" content=\"Mit der \u201cKriegsfibel 2023\u201d hat Alexander Kluge ein Werk \u00fcber die Unw\u00e4gbarkeiten des Krieges und seine Permanenz vorgelegt. Ja, sie existieren noch. Noch!\" \/>\n<meta property=\"og:url\" content=\"https:\/\/www.pressenza.com\/de\/2023\/08\/alexander-kluge-kriegsfibel-2023\/\" \/>\n<meta property=\"og:site_name\" content=\"Pressenza\" \/>\n<meta property=\"article:publisher\" content=\"https:\/\/www.facebook.com\/PressenzaItalia\" \/>\n<meta property=\"article:published_time\" content=\"2023-08-12T17:36:21+00:00\" \/>\n<meta property=\"og:image\" content=\"https:\/\/www.pressenza.com\/wp-content\/uploads\/2023\/08\/IMG_2712.webp\" \/>\n\t<meta property=\"og:image:width\" content=\"1650\" \/>\n\t<meta property=\"og:image:height\" content=\"1080\" \/>\n\t<meta property=\"og:image:type\" content=\"image\/webp\" \/>\n<meta name=\"author\" content=\"Neue Debatte\" \/>\n<meta name=\"twitter:card\" content=\"summary_large_image\" \/>\n<meta name=\"twitter:creator\" content=\"@PressenzaIPA\" \/>\n<meta name=\"twitter:site\" content=\"@PressenzaIPA\" \/>\n<meta name=\"twitter:label1\" content=\"Verfasst von\" \/>\n\t<meta name=\"twitter:data1\" content=\"Neue Debatte\" \/>\n\t<meta name=\"twitter:label2\" content=\"Gesch\u00e4tzte Lesezeit\" \/>\n\t<meta name=\"twitter:data2\" content=\"5\u00a0Minuten\" \/>\n<script type=\"application\/ld+json\" class=\"yoast-schema-graph\">{\"@context\":\"https:\/\/schema.org\",\"@graph\":[{\"@type\":\"Article\",\"@id\":\"https:\/\/www.pressenza.com\/de\/2023\/08\/alexander-kluge-kriegsfibel-2023\/#article\",\"isPartOf\":{\"@id\":\"https:\/\/www.pressenza.com\/de\/2023\/08\/alexander-kluge-kriegsfibel-2023\/\"},\"author\":{\"name\":\"Neue Debatte\",\"@id\":\"https:\/\/www.pressenza.com\/de\/#\/schema\/person\/b816344ee166a2736c48a20c4b9ad2a9\"},\"headline\":\"Alexander Kluge: Kriegsfibel 2023\",\"datePublished\":\"2023-08-12T17:36:21+00:00\",\"mainEntityOfPage\":{\"@id\":\"https:\/\/www.pressenza.com\/de\/2023\/08\/alexander-kluge-kriegsfibel-2023\/\"},\"wordCount\":777,\"publisher\":{\"@id\":\"https:\/\/www.pressenza.com\/de\/#organization\"},\"image\":{\"@id\":\"https:\/\/www.pressenza.com\/de\/2023\/08\/alexander-kluge-kriegsfibel-2023\/#primaryimage\"},\"thumbnailUrl\":\"https:\/\/www.pressenza.com\/wp-content\/uploads\/2023\/08\/IMG_2712.webp\",\"keywords\":[\"Buchrezension\",\"B\u00fcrgerkrieg\",\"Gef\u00e4ngnisindustrie\",\"Kriegsfibel\"],\"articleSection\":[\"Frieden und Abr\u00fcstung\",\"Geschichte\",\"Kultur und Medien\"],\"inLanguage\":\"de\"},{\"@type\":\"WebPage\",\"@id\":\"https:\/\/www.pressenza.com\/de\/2023\/08\/alexander-kluge-kriegsfibel-2023\/\",\"url\":\"https:\/\/www.pressenza.com\/de\/2023\/08\/alexander-kluge-kriegsfibel-2023\/\",\"name\":\"Alexander Kluge: Kriegsfibel 2023\",\"isPartOf\":{\"@id\":\"https:\/\/www.pressenza.com\/de\/#website\"},\"primaryImageOfPage\":{\"@id\":\"https:\/\/www.pressenza.com\/de\/2023\/08\/alexander-kluge-kriegsfibel-2023\/#primaryimage\"},\"image\":{\"@id\":\"https:\/\/www.pressenza.com\/de\/2023\/08\/alexander-kluge-kriegsfibel-2023\/#primaryimage\"},\"thumbnailUrl\":\"https:\/\/www.pressenza.com\/wp-content\/uploads\/2023\/08\/IMG_2712.webp\",\"datePublished\":\"2023-08-12T17:36:21+00:00\",\"description\":\"Mit der \u201cKriegsfibel 2023\u201d hat Alexander Kluge ein Werk \u00fcber die Unw\u00e4gbarkeiten des Krieges und seine Permanenz vorgelegt. Ja, sie existieren noch. Noch!\",\"breadcrumb\":{\"@id\":\"https:\/\/www.pressenza.com\/de\/2023\/08\/alexander-kluge-kriegsfibel-2023\/#breadcrumb\"},\"inLanguage\":\"de\",\"potentialAction\":[{\"@type\":\"ReadAction\",\"target\":[\"https:\/\/www.pressenza.com\/de\/2023\/08\/alexander-kluge-kriegsfibel-2023\/\"]}]},{\"@type\":\"ImageObject\",\"inLanguage\":\"de\",\"@id\":\"https:\/\/www.pressenza.com\/de\/2023\/08\/alexander-kluge-kriegsfibel-2023\/#primaryimage\",\"url\":\"https:\/\/www.pressenza.com\/wp-content\/uploads\/2023\/08\/IMG_2712.webp\",\"contentUrl\":\"https:\/\/www.pressenza.com\/wp-content\/uploads\/2023\/08\/IMG_2712.webp\",\"width\":1650,\"height\":1080},{\"@type\":\"BreadcrumbList\",\"@id\":\"https:\/\/www.pressenza.com\/de\/2023\/08\/alexander-kluge-kriegsfibel-2023\/#breadcrumb\",\"itemListElement\":[{\"@type\":\"ListItem\",\"position\":1,\"name\":\"Accueil\",\"item\":\"https:\/\/www.pressenza.com\/de\/\"},{\"@type\":\"ListItem\",\"position\":2,\"name\":\"Alexander Kluge: Kriegsfibel 2023\"}]},{\"@type\":\"WebSite\",\"@id\":\"https:\/\/www.pressenza.com\/de\/#website\",\"url\":\"https:\/\/www.pressenza.com\/de\/\",\"name\":\"Pressenza\",\"description\":\"International Press Agency\",\"publisher\":{\"@id\":\"https:\/\/www.pressenza.com\/de\/#organization\"},\"potentialAction\":[{\"@type\":\"SearchAction\",\"target\":{\"@type\":\"EntryPoint\",\"urlTemplate\":\"https:\/\/www.pressenza.com\/de\/?s={search_term_string}\"},\"query-input\":{\"@type\":\"PropertyValueSpecification\",\"valueRequired\":true,\"valueName\":\"search_term_string\"}}],\"inLanguage\":\"de\"},{\"@type\":\"Organization\",\"@id\":\"https:\/\/www.pressenza.com\/de\/#organization\",\"name\":\"Pressenza\",\"url\":\"https:\/\/www.pressenza.com\/de\/\",\"logo\":{\"@type\":\"ImageObject\",\"inLanguage\":\"de\",\"@id\":\"https:\/\/www.pressenza.com\/de\/#\/schema\/logo\/image\/\",\"url\":\"https:\/\/www.pressenza.com\/wp-content\/uploads\/2022\/10\/pressenza_logo_200x200.jpg\",\"contentUrl\":\"https:\/\/www.pressenza.com\/wp-content\/uploads\/2022\/10\/pressenza_logo_200x200.jpg\",\"width\":200,\"height\":200,\"caption\":\"Pressenza\"},\"image\":{\"@id\":\"https:\/\/www.pressenza.com\/de\/#\/schema\/logo\/image\/\"},\"sameAs\":[\"https:\/\/www.facebook.com\/PressenzaItalia\",\"https:\/\/x.com\/PressenzaIPA\"]},{\"@type\":\"Person\",\"@id\":\"https:\/\/www.pressenza.com\/de\/#\/schema\/person\/b816344ee166a2736c48a20c4b9ad2a9\",\"name\":\"Neue Debatte\",\"description\":\"Magazin f\u00fcr Menschen, Kultur und Gesellschaft www.neue-debatte.de\",\"url\":\"https:\/\/www.pressenza.com\/de\/author\/neue-debatte\/\"}]}<\/script>\n<!-- \/ Yoast SEO plugin. -->","yoast_head_json":{"title":"Alexander Kluge: Kriegsfibel 2023","description":"Mit der \u201cKriegsfibel 2023\u201d hat Alexander Kluge ein Werk \u00fcber die Unw\u00e4gbarkeiten des Krieges und seine Permanenz vorgelegt. Ja, sie existieren noch. Noch!","robots":{"index":"index","follow":"follow","max-snippet":"max-snippet:-1","max-image-preview":"max-image-preview:large","max-video-preview":"max-video-preview:-1"},"canonical":"https:\/\/www.pressenza.com\/de\/2023\/08\/alexander-kluge-kriegsfibel-2023\/","og_locale":"de_DE","og_type":"article","og_title":"Alexander Kluge: Kriegsfibel 2023","og_description":"Mit der \u201cKriegsfibel 2023\u201d hat Alexander Kluge ein Werk \u00fcber die Unw\u00e4gbarkeiten des Krieges und seine Permanenz vorgelegt. Ja, sie existieren noch. Noch!","og_url":"https:\/\/www.pressenza.com\/de\/2023\/08\/alexander-kluge-kriegsfibel-2023\/","og_site_name":"Pressenza","article_publisher":"https:\/\/www.facebook.com\/PressenzaItalia","article_published_time":"2023-08-12T17:36:21+00:00","og_image":[{"width":1650,"height":1080,"url":"https:\/\/www.pressenza.com\/wp-content\/uploads\/2023\/08\/IMG_2712.webp","type":"image\/webp"}],"author":"Neue Debatte","twitter_card":"summary_large_image","twitter_creator":"@PressenzaIPA","twitter_site":"@PressenzaIPA","twitter_misc":{"Verfasst von":"Neue Debatte","Gesch\u00e4tzte Lesezeit":"5\u00a0Minuten"},"schema":{"@context":"https:\/\/schema.org","@graph":[{"@type":"Article","@id":"https:\/\/www.pressenza.com\/de\/2023\/08\/alexander-kluge-kriegsfibel-2023\/#article","isPartOf":{"@id":"https:\/\/www.pressenza.com\/de\/2023\/08\/alexander-kluge-kriegsfibel-2023\/"},"author":{"name":"Neue Debatte","@id":"https:\/\/www.pressenza.com\/de\/#\/schema\/person\/b816344ee166a2736c48a20c4b9ad2a9"},"headline":"Alexander Kluge: Kriegsfibel 2023","datePublished":"2023-08-12T17:36:21+00:00","mainEntityOfPage":{"@id":"https:\/\/www.pressenza.com\/de\/2023\/08\/alexander-kluge-kriegsfibel-2023\/"},"wordCount":777,"publisher":{"@id":"https:\/\/www.pressenza.com\/de\/#organization"},"image":{"@id":"https:\/\/www.pressenza.com\/de\/2023\/08\/alexander-kluge-kriegsfibel-2023\/#primaryimage"},"thumbnailUrl":"https:\/\/www.pressenza.com\/wp-content\/uploads\/2023\/08\/IMG_2712.webp","keywords":["Buchrezension","B\u00fcrgerkrieg","Gef\u00e4ngnisindustrie","Kriegsfibel"],"articleSection":["Frieden und Abr\u00fcstung","Geschichte","Kultur und Medien"],"inLanguage":"de"},{"@type":"WebPage","@id":"https:\/\/www.pressenza.com\/de\/2023\/08\/alexander-kluge-kriegsfibel-2023\/","url":"https:\/\/www.pressenza.com\/de\/2023\/08\/alexander-kluge-kriegsfibel-2023\/","name":"Alexander Kluge: Kriegsfibel 2023","isPartOf":{"@id":"https:\/\/www.pressenza.com\/de\/#website"},"primaryImageOfPage":{"@id":"https:\/\/www.pressenza.com\/de\/2023\/08\/alexander-kluge-kriegsfibel-2023\/#primaryimage"},"image":{"@id":"https:\/\/www.pressenza.com\/de\/2023\/08\/alexander-kluge-kriegsfibel-2023\/#primaryimage"},"thumbnailUrl":"https:\/\/www.pressenza.com\/wp-content\/uploads\/2023\/08\/IMG_2712.webp","datePublished":"2023-08-12T17:36:21+00:00","description":"Mit der \u201cKriegsfibel 2023\u201d hat Alexander Kluge ein Werk \u00fcber die Unw\u00e4gbarkeiten des Krieges und seine Permanenz vorgelegt. Ja, sie existieren noch. Noch!","breadcrumb":{"@id":"https:\/\/www.pressenza.com\/de\/2023\/08\/alexander-kluge-kriegsfibel-2023\/#breadcrumb"},"inLanguage":"de","potentialAction":[{"@type":"ReadAction","target":["https:\/\/www.pressenza.com\/de\/2023\/08\/alexander-kluge-kriegsfibel-2023\/"]}]},{"@type":"ImageObject","inLanguage":"de","@id":"https:\/\/www.pressenza.com\/de\/2023\/08\/alexander-kluge-kriegsfibel-2023\/#primaryimage","url":"https:\/\/www.pressenza.com\/wp-content\/uploads\/2023\/08\/IMG_2712.webp","contentUrl":"https:\/\/www.pressenza.com\/wp-content\/uploads\/2023\/08\/IMG_2712.webp","width":1650,"height":1080},{"@type":"BreadcrumbList","@id":"https:\/\/www.pressenza.com\/de\/2023\/08\/alexander-kluge-kriegsfibel-2023\/#breadcrumb","itemListElement":[{"@type":"ListItem","position":1,"name":"Accueil","item":"https:\/\/www.pressenza.com\/de\/"},{"@type":"ListItem","position":2,"name":"Alexander Kluge: Kriegsfibel 2023"}]},{"@type":"WebSite","@id":"https:\/\/www.pressenza.com\/de\/#website","url":"https:\/\/www.pressenza.com\/de\/","name":"Pressenza","description":"International Press Agency","publisher":{"@id":"https:\/\/www.pressenza.com\/de\/#organization"},"potentialAction":[{"@type":"SearchAction","target":{"@type":"EntryPoint","urlTemplate":"https:\/\/www.pressenza.com\/de\/?s={search_term_string}"},"query-input":{"@type":"PropertyValueSpecification","valueRequired":true,"valueName":"search_term_string"}}],"inLanguage":"de"},{"@type":"Organization","@id":"https:\/\/www.pressenza.com\/de\/#organization","name":"Pressenza","url":"https:\/\/www.pressenza.com\/de\/","logo":{"@type":"ImageObject","inLanguage":"de","@id":"https:\/\/www.pressenza.com\/de\/#\/schema\/logo\/image\/","url":"https:\/\/www.pressenza.com\/wp-content\/uploads\/2022\/10\/pressenza_logo_200x200.jpg","contentUrl":"https:\/\/www.pressenza.com\/wp-content\/uploads\/2022\/10\/pressenza_logo_200x200.jpg","width":200,"height":200,"caption":"Pressenza"},"image":{"@id":"https:\/\/www.pressenza.com\/de\/#\/schema\/logo\/image\/"},"sameAs":["https:\/\/www.facebook.com\/PressenzaItalia","https:\/\/x.com\/PressenzaIPA"]},{"@type":"Person","@id":"https:\/\/www.pressenza.com\/de\/#\/schema\/person\/b816344ee166a2736c48a20c4b9ad2a9","name":"Neue Debatte","description":"Magazin f\u00fcr Menschen, Kultur und Gesellschaft www.neue-debatte.de","url":"https:\/\/www.pressenza.com\/de\/author\/neue-debatte\/"}]}},"place":"Gerhard Mersmann","original_article_url":"https:\/\/neue-debatte.com\/2023\/08\/05\/alexander-kluge-kriegsfibel-2023\/","_links":{"self":[{"href":"https:\/\/www.pressenza.com\/de\/wp-json\/wp\/v2\/posts\/1759221","targetHints":{"allow":["GET"]}}],"collection":[{"href":"https:\/\/www.pressenza.com\/de\/wp-json\/wp\/v2\/posts"}],"about":[{"href":"https:\/\/www.pressenza.com\/de\/wp-json\/wp\/v2\/types\/post"}],"author":[{"embeddable":true,"href":"https:\/\/www.pressenza.com\/de\/wp-json\/wp\/v2\/users\/1342"}],"replies":[{"embeddable":true,"href":"https:\/\/www.pressenza.com\/de\/wp-json\/wp\/v2\/comments?post=1759221"}],"version-history":[{"count":0,"href":"https:\/\/www.pressenza.com\/de\/wp-json\/wp\/v2\/posts\/1759221\/revisions"}],"wp:featuredmedia":[{"embeddable":true,"href":"https:\/\/www.pressenza.com\/de\/wp-json\/wp\/v2\/media\/1759224"}],"wp:attachment":[{"href":"https:\/\/www.pressenza.com\/de\/wp-json\/wp\/v2\/media?parent=1759221"}],"wp:term":[{"taxonomy":"category","embeddable":true,"href":"https:\/\/www.pressenza.com\/de\/wp-json\/wp\/v2\/categories?post=1759221"},{"taxonomy":"post_tag","embeddable":true,"href":"https:\/\/www.pressenza.com\/de\/wp-json\/wp\/v2\/tags?post=1759221"}],"curies":[{"name":"wp","href":"https:\/\/api.w.org\/{rel}","templated":true}]}}