{"id":1754774,"date":"2023-08-01T08:14:59","date_gmt":"2023-08-01T07:14:59","guid":{"rendered":"https:\/\/www.pressenza.com\/?p=1754774"},"modified":"2023-08-02T16:29:08","modified_gmt":"2023-08-02T15:29:08","slug":"iran-zunehmende-unterdrueckung-von-frauen-und-maedchen-durch-sittenpolizeit-undmassenueberwachung","status":"publish","type":"post","link":"https:\/\/www.pressenza.com\/de\/2023\/08\/iran-zunehmende-unterdrueckung-von-frauen-und-maedchen-durch-sittenpolizeit-undmassenueberwachung\/","title":{"rendered":"Iran: Zunehmende Unterdr\u00fcckung von Frauen und M\u00e4dchen durch Sittenpolizeit und Massen\u00fcberwachung"},"content":{"rendered":"<h3 class=\"number bottom-border\">ZUSAMMENFASSUNG<\/h3>\n<ul>\n<li>Zunehmende Unterdr\u00fcckung von Frauen im Iran, die sich gegen den Kopftuchzwang stellen.<\/li>\n<li>Seit April 2023 haben mehr als eine Million Frauen SMS-Warnungen erhalten und wurden mit Strafen belegt<\/li>\n<li>Iranische Beh\u00f6rden planen Gesetzentwurf zur Versch\u00e4rfung der Repression, der drastische Strafen f\u00fcr Frauen und M\u00e4dchen vorsieht, die sich gegen die Zwangsverschleierung stellen.<\/li>\n<li>Staatliche Medien verbreiten hasserf\u00fcllte Kommentare, um das Ablegen des Kopftuchs zu stigmatisieren.<\/li>\n<li>Amnesty International fordert Abschaffung des Kopftuchzwangs, die Freilassung der Inhaftierten und eine st\u00e4rkere Reaktion der internationalen Gemeinschaft auf die Menschenrechtsverletzungen im Iran. Zudem betont die Organisation die Bedeutung, Frauen und M\u00e4dchen, die fliehen, vor geschlechtsspezifischer Verfolgung zu sch\u00fctzen und ihnen Asyl zu gew\u00e4hren.<\/li>\n<\/ul>\n<p>Die iranischen Beh\u00f6rden verst\u00e4rken erneut ihre Unterdr\u00fcckung von Frauen und M\u00e4dchen, die sich dem Kopftuchzwang widersetzen. In einer heute ver\u00f6ffentlichten Analyse dokumentiert Amnesty International das verst\u00e4rkte landesweite Vorgehen der Beh\u00f6rden gegen Frauen und M\u00e4dchen, die in der \u00d6ffentlichkeit kein Kopftuch tragen wollen. Der Sprecher der iranischen Polizei, Saeed Montazer-Almahdi, k\u00fcndigte am 16. Juli zur Durchsetzung der Zwangsverschleierung verst\u00e4rkte Kontrollen und strafrechtliche Konsequenzen an. Gleichzeitig wurden\u00a0<a href=\"https:\/\/twitter.com\/BabakTaghvaee1\/status\/1680201807878840320\" target=\"_blank\" rel=\"noopener\">in den Sozialen Medien Videos ver\u00f6ffentlicht<\/a>, auf denen zu sehen war, wie in Teheran und Rasht Frauen von Beamten angegriffen wurden und wie Sicherheitskr\u00e4fte Tr\u00e4nengas auf diejenigen schossen, die den Frauen in Rasht bei der Flucht vor Festnahmen halfen.<\/p>\n<p>Offiziellen Angaben zufolge haben seit dem 15. April 2023 mehr als eine Million Frauen Textnachrichten erhalten, in denen sie gewarnt wurden, dass ihre Fahrzeuge beschlagnahmt werden k\u00f6nnten, nachdem sie ohne Kopftuch am Steuer gefilmt worden waren. Au\u00dferdem wurden zahlreiche Frauen von Universit\u00e4ten\u00a0<a href=\"https:\/\/www.hra-news.org\/2023\/hranews\/a-41097\/\" target=\"_blank\" rel=\"noopener\">suspendiert<\/a>\u00a0oder verwiesen oder\u00a0<a href=\"https:\/\/www.hra-news.org\/2023\/hranews\/a-41722\/\" target=\"_blank\" rel=\"noopener\">von Abschlusspr\u00fcfungen ausgeschlossen.<\/a>\u00a0Ihnen wurde der Zugang zu\u00a0<a href=\"https:\/\/www.iranintl.com\/202306048423\" target=\"_blank\" rel=\"noopener\">Bankdienstleistungen<\/a>\u00a0oder\u00a0<a href=\"https:\/\/www.rouydad24.ir\/fa\/news\/336223\/%D8%A7%D8%AC%D8%B1%D8%A7%DB%8C-%D8%B7%D8%B1%D8%AD-%D8%B9%D9%81%D8%A7%D9%81-%D9%88-%D8%AD%D8%AC%D8%A7%D8%A8-%D8%AF%D8%B1-%D9%85%D8%AA%D8%B1%D9%88%DB%8C-%D8%AA%D9%87%D8%B1%D8%A7%D9%86-%D9%81%DB%8C%D9%84%D9%85\" target=\"_blank\" rel=\"noopener\">\u00f6ffentlichen Verkehrsmitteln<\/a>\u00a0verwehrt. Hunderte von Gesch\u00e4ften wurden geschlossen, weil sich die Besitzer*innen nicht an die Gesetze zur Zwangsverschleierung hielten. Das versch\u00e4rfte Vorgehen entlarvt den zweifelhaften Charakter der\u00a0<a href=\"https:\/\/www.amnesty.org\/en\/latest\/news\/2022\/12\/iran-international-community-must-not-be-deceived-by-dubious-claims-of-disbanding-morality-police\/\" target=\"_blank\" rel=\"noopener\">Behauptungen der iranischen Beh\u00f6rden<\/a>, die \u201eSittenpolizei\u201c aufgel\u00f6st zu haben. Diese kehrt begleitet von widerspr\u00fcchlichen offiziellen Erkl\u00e4rungen auf die iranischen Stra\u00dfen zur\u00fcck.<\/p>\n<blockquote>\n<p class=\"quote\"><strong>&#8222;Die Sittenpolizei im Iran ist zur\u00fcck. Die Beh\u00f6rden machen niemandem etwas vor, wenn sie die Abzeichen der \u201aSittenpolizei\u2018 von den Uniformen und Streifenwagen entfernen, w\u00e4hrend Unterdr\u00fcckung und Unterwerfung von Frauen und M\u00e4dchen durch die Islamische Republik durch Straflosigkeit ermutigen, dieselbe Gewalt auszu\u00fcben, der Jina Mahsa Amini das Leben gekostet hat.&#8220;<\/strong><\/p>\n<p><strong><cite>Agn\u00e8s Callamard, internationale Generalsekret\u00e4rin von Amnesty International<\/cite><\/strong><\/p><\/blockquote>\n<p>\u201eDie aktuelle Unterdr\u00fcckung wird durch Massen\u00fcberwachungstechnologien versch\u00e4rft, mit denen unverschleierte Frauen in ihren Autos und Fu\u00dfg\u00e4ngerzonen identifiziert werden k\u00f6nnen\u201c, so Agn\u00e8s Callamard weiter.<\/p>\n<p>\u201eDas versch\u00e4rfte Vorgehen gegen Frauen, die sich der Zwangsverschleierung widersetzen, zeigt, dass die iranischen Beh\u00f6rden die Menschenw\u00fcrde und die Rechte von Frauen und M\u00e4dchen auf Selbstbestimmung, Privatsph\u00e4re und freie Meinungs\u00e4u\u00dferung sowie Religions- und Weltanschauungsfreiheit missachten. Es macht auch den verzweifelten Versuch der Beh\u00f6rden deutlich, ihre Vorherrschaft und Macht \u00fcber diejenigen zu behaupten, die es wagten, sich w\u00e4hrend des \u201aFrau. Leben. Freiheit.\u2018-Aufstands gegen die jahrzehntelange Unterdr\u00fcckung und Ungleichheit zu wehren.\u201c<\/p>\n<h4>SMS-WARNUNGEN SOLLEN EMOTIONALEN DRUCK AUFBAUEN<\/h4>\n<p>Eine Frau aus der Provinz Isfahan, die in einer SMS aufgefordert worden war, ihr Auto f\u00fcr 15 Tage nicht zu benutzen, weil sie beim Autofahren ihr Kopftuch abgelegt hatte, berichtete Amnesty International: \u201eEmotional und psychologisch haben all diese Drohungen, die sie [die Beh\u00f6rden] ausgesprochen haben, einen sehr negativen Einfluss auf uns&#8230; Die Islamische Republik will zeigen, dass sie bis zum \u00c4u\u00dfersten gehen kann, wenn es um die Durchsetzung der Zwangsverschleierung geht&#8230; Sie wollen gegen\u00fcber der internationalen Gemeinschaft den Eindruck erwecken, dass sie sich von der Gewalt abwenden, aber in Wirklichkeit f\u00fchren sie solche Aktionen einfach diskreter durch. Sie verbreiten wirklich Existenzangst unter uns.\u201c<\/p>\n<p>Am 14. Juni 2023 gab der Sprecher der iranischen Polizei bekannt, dass diese seit dem 15. April 2023 fast eine Million SMS-Warnungen an Frauen verschickt hat, die unverschleiert in ihren Autos erwischt wurden. Sie forderte in 133.174 SMS-Nachrichten die Stilllegung von Fahrzeugen f\u00fcr eine bestimmte Dauer, beschlagnahmte 2.000 Autos und \u00fcberstellte landesweit mehr als 4.000 \u201eWiederholungst\u00e4terinnen\u201c an die Justiz. Er f\u00fcgte hinzu, dass 108.211 Berichte \u00fcber die Durchsetzung der Schleierpflicht in Unternehmen gesammelt worden seien, wobei 300 \u201eStraft\u00e4terinnen\u201c identifiziert und an die Justiz \u00fcberstellt worden seien.<\/p>\n<h4>NEUER GESETZESENTWURF VERSPRICHT AUSBAU DER REPRESSION<\/h4>\n<p>In dem Bestreben, dieses Vorgehen weiter zu festigen und zu versch\u00e4rfen, legten die Justiz- und Exekutivbeh\u00f6rden dem Parlament am 21. Mai 2023 den \u201eGesetzentwurf zur Unterst\u00fctzung der Kultur der Keuschheit und des Hijab\u201c vor. Dieser sieht vor, dass Frauen und M\u00e4dchen, die sich ohne Kopftuch im \u00f6ffentlichen Raum und in den Sozialen Medien zeigen oder die \u201eNacktheit eines K\u00f6rperteils zeigen oder d\u00fcnne oder enge Kleidung tragen\u201c, mit einem Katalog von Strafen belegt werden k\u00f6nnen, die ihre Menschenrechte, einschlie\u00dflich ihrer sozialen und wirtschaftlichen Rechte, stark beeintr\u00e4chtigen. Dazu geh\u00f6ren Geldstrafen, die Beschlagnahmung von Autos und Kommunikationsger\u00e4ten, Fahrverbote, Abz\u00fcge vom Gehalt, Einschr\u00e4nkung der Arbeitnehmer*innenrechte, Entlassungen und die Verwehrung von Bankdienstleistungen.<\/p>\n<p>Der Gesetzentwurf sieht au\u00dferdem vor, dass Frauen und M\u00e4dchen, die sich \u201esystematisch oder in Absprache mit ausl\u00e4ndischen Geheim- und Sicherheitsdiensten\u201c \u00fcber die Gesetze zur Zwangsverschleierung hinwegsetzen, mit Haftstrafen von zwei bis f\u00fcnf Jahren sowie mit Reiseverboten und Zwangsumsiedlungen an einen bestimmten Ort belegt werden k\u00f6nnen.<\/p>\n<p>F\u00fchrungskr\u00e4ften in \u00f6ffentlichen Einrichtungen und privaten Unternehmen, die unverschleierte Mitarbeiterinnnen und Kundinnen auf ihrem Gel\u00e4nde zulassen, drohen Strafen, die von Gesch\u00e4ftsschlie\u00dfungen bis zu langen Haftstrafen und Reiseverboten reichen.<\/p>\n<p>Der Gesetzentwurf sieht auch eine Reihe von Sanktionen gegen Sportler*innen, K\u00fcnstler*innen und andere Pers\u00f6nlichkeiten des \u00f6ffentlichen Lebens vor, die sich den Verschleierungsgesetzen widersetzen, darunter Berufsverbote, Haft- und Geldstrafen sowie Auspeitschungen.<\/p>\n<p>Gleichzeitig st\u00fctzen sich die Beh\u00f6rden auf das islamische Strafgesetzbuch, um Frauen, die sich ohne Kopftuch in der \u00d6ffentlichkeit zeigen, strafrechtlich zu verfolgen und mit erniedrigenden Strafen zu belegen. Amnesty International hat Urteile gegen sechs Frauen \u00fcberpr\u00fcft, die im Juni und Juli 2023 ergangen sind und die sie dazu verpflichten, wegen einer \u201eantisozialen Pers\u00f6nlichkeitsst\u00f6rung\u201c an einer Zwangsberatung teilzunehmen, Leichen in einem Leichenschauhaus zu waschen oder Regierungsgeb\u00e4ude zu reinigen.<\/p>\n<h4>FLUT HASSERF\u00dcLLTER KOMMENTARE IN STAATLICHEN MEDIEN<\/h4>\n<p>Dieser Angriff auf die Rechte von Frauen und M\u00e4dchen findet inmitten einer Flut von hasserf\u00fcllten \u00c4u\u00dferungen von Beamten und staatlichen Medien statt, die das Ablegen des Kopftuchs als\u00a0<a href=\"https:\/\/www.khabaronline.ir\/news\/1706189\/%D8%B1%D9%88%D8%B2%D9%86%D8%A7%D9%85%D9%87-%D8%AC%D9%88%D8%A7%D9%86-%D8%A8%D8%A7-%DA%AF%D8%B1%D9%85-%D8%B4%D8%AF%D9%86-%D9%87%D9%88%D8%A7-%D9%88%DB%8C%D8%B1%D9%88%D8%B3-%D8%A8%DB%8C-%D8%AD%D8%AC%D8%A7%D8%A8%DB%8C-%D8%AF%D8%B1-%D8%AC%D8%A7%D9%85%D8%B9%D9%87-%D8%AC%D9%88%D9%84%D8%A7%D9%86-%D8%AE%D9%88%D8%A7%D9%87%D8%AF\" target=\"_blank\" rel=\"noopener\">\u201eVirus\u201c<\/a>,\u00a0<a href=\"https:\/\/www.espadanakhabar.ir\/news\/%D8%A8%DB%8C-%D8%AD%D8%AC%D8%A7%D8%A8%DB%8C-%DB%8C%DA%A9-%D8%A8%DB%8C%D9%85%D8%A7%D8%B1%DB%8C-%D8%A7%D8%AC%D8%AA%D9%85%D8%A7%D8%B9%DB%8C-%D8%A7%D8%B3%D8%AA\" target=\"_blank\" rel=\"noopener\">\u201esoziale Krankheit\u201c<\/a>\u00a0oder\u00a0<a href=\"https:\/\/www.eghtesadnews.com\/%D8%A8%D8%AE%D8%B4-%D8%A7%D8%AE%D8%A8%D8%A7%D8%B1-%D8%B3%D8%A7%DB%8C%D8%B1-%D8%B1%D8%B3%D8%A7%D9%86%D9%87-%D9%87%D8%A7-61\/586339-%D8%A7%D8%AF%D8%B9%D8%A7%DB%8C-%D8%B9%D8%AC%DB%8C%D8%A8-%D8%B1%D8%B3%D8%A7%D9%86%D9%87-%D8%B4%D9%87%D8%B1%D8%AF%D8%A7%D8%B1%DB%8C-%D8%AF%D8%B1%D8%A8%D8%A7%D8%B1%D9%87-%D9%87%D9%86%D8%B1%D9%85%D9%86%D8%AF%D8%A7%D9%86-%D9%87%D9%85%D8%B4%D9%87%D8%B1%DB%8C-%D8%AF%D9%88%D9%82%D8%B7%D8%A8%DB%8C-%D8%A8%DB%8C%D9%85%D8%A7%D8%B1%DB%8C-%D9%BE%D9%86%D9%87%D8%A7%D9%86-%D8%B3%D9%84%D8%A8%D8%B1%DB%8C%D8%AA%DB%8C-%D9%87%D8%A7%D8%B3%D8%AA\" target=\"_blank\" rel=\"noopener\">\u201eSt\u00f6rung\u201c<\/a>\u00a0bezeichnen und die Entscheidung, sich ohne Kopftuch zu zeigen, mit\u00a0<a href=\"https:\/\/www.entekhab.ir\/fa\/news\/697830\/%D8%B9%D9%84%D9%85-%D8%A7%D9%84%D9%87%D8%AF%DB%8C-%D8%A7%DA%AF%D8%B1-%D8%A8%DB%8C-%D8%AD%D8%AC%D8%A7%D8%A8%DB%8C-%D8%B1%D8%A7%DB%8C%D8%AC-%D8%B4%D8%AF-%D8%AF%D8%B1-%D9%86%D8%AA%DB%8C%D8%AC%D9%87-%D9%81%D8%B3%D8%A7%D8%AF-%D8%A7%D8%AE%D9%84%D8%A7%D9%82%DB%8C-%D9%88-%DA%AF%D8%B1%D8%A7%DB%8C%D8%B4%E2%80%8C%D9%87%D8%A7%DB%8C-%D8%AC%D9%86%D8%B3%DB%8C-%D8%A8%D8%A7%D8%B9%D8%AB-%D9%85%DB%8C%E2%80%8C%D8%B4%D9%88%D8%AF-%D8%AC%D9%88%D8%A7%D9%86%DB%8C-%DA%A9%D9%87-%D8%A8%D8%A7%DB%8C%D8%AF-%D9%85%D8%AC%D8%A7%D9%87%D8%AF-%D8%B4%D9%88%D8%AF-%D8%A8%DB%8C%E2%80%8C%D8%A8%D9%86%D8%AF-%D9%88-%D8%A8%D8%A7%D8%B1-%D9%85%DB%8C%E2%80%8C%D8%B4%D9%88%D8%AF\" target=\"_blank\" rel=\"noopener\">\u201esexueller Verdorbenheit\u201c<\/a>\u00a0gleichsetzen.<\/p>\n<h4>FORDERUNGEN AN DIE IRANISCHEN BEH\u00d6RDEN<\/h4>\n<p>Die iranischen Beh\u00f6rden m\u00fcssen die Zwangsverschleierung abschaffen, alle Urteile im Zusammenhang mit der Verweigerung der Zwangsverschleierung aufheben, alle Anklagen gegen die Verfolgten fallen lassen und alle deswegen inhaftierten Personen bedingungslos freilassen. Die Beh\u00f6rden m\u00fcssen die geplante Gesetzesversch\u00e4rfung aufgeben, mit der Frauen und M\u00e4dchen wegen der Wahrnehmung ihrer Rechte auf Gleichberechtigung, Privatsph\u00e4re sowie Meinungs-, Religions- und Glaubensfreiheit zuk\u00fcnftig noch h\u00e4rter bestraft werden sollen.<br \/>\n\u201eDie internationale Gemeinschaft darf nicht tatenlos dabei zusehen, wie die iranischen Beh\u00f6rden ihre Unterdr\u00fcckung von Frauen und M\u00e4dchen weiter verst\u00e4rken. Die Reaktion der Staaten sollte sich nicht auf eindringliche \u00f6ffentliche Appelle und diplomatische Interventionen beschr\u00e4nken. Die Staaten sollten au\u00dferdem iranische Beamte f\u00fcr die massiven und systematischen Menschenrechtsverletzungen gegen Frauen und M\u00e4dchen juristisch zur Rechenschaft ziehen, die diese in ihrem Versuch, den Kopftuchzwang durchzusetzen, anordnen, planen und begehen\u201c, sagte Agn\u00e8s Callamard.<\/p>\n<blockquote>\n<p class=\"quote\"><strong>&#8222;Die internationale Gemeinschaft muss alles in ihrer Macht Stehende tun, um Frauen und M\u00e4dchen zu unterst\u00fctzen, die vor geschlechtsspezifischer Verfolgung und schwerwiegenden Menschenrechtsverletzungen aus dem Iran fliehen. Sie m\u00fcssen sicherstellen, dass sie Zugang zu schnellen und sicheren Asylverfahren haben und unter keinen Umst\u00e4nden in den Iran zur\u00fcckgeschickt werden.&#8220;<\/strong><\/p>\n<p><strong><cite>Agn\u00e8s Callamard, internationale Generalsekret\u00e4rin von Amnesty International<\/cite><\/strong><\/p><\/blockquote>\n<p><strong>Hinweis:<\/strong>\u00a0Die \u201eSittenpolizei\u201c wird im Persischen als Gasht-e Ershad bezeichnet und ist eine Spezialeinheit des Strafverfolgungskommandos der Islamischen Republik Iran (bekannt unter dem persischen Akronym FARAJA).<\/p>\n","protected":false},"excerpt":{"rendered":"<p>ZUSAMMENFASSUNG Zunehmende Unterdr\u00fcckung von Frauen im Iran, die sich gegen den Kopftuchzwang stellen. Seit April 2023 haben mehr als eine Million Frauen SMS-Warnungen erhalten und wurden mit Strafen belegt Iranische Beh\u00f6rden planen Gesetzentwurf zur Versch\u00e4rfung der Repression, der drastische Strafen&hellip;<\/p>\n","protected":false},"author":432,"featured_media":1754778,"comment_status":"closed","ping_status":"closed","sticky":false,"template":"","format":"standard","meta":{"footnotes":""},"categories":[54510,9161,9145],"tags":[10412,9934,31927,10228,114945,22228],"class_list":["post-1754774","post","type-post","status-publish","format-standard","has-post-thumbnail","hentry","category-gender-und-feminismen","category-menschenrechte","category-pressemitteilungen","tag-asyl","tag-frauenrechte","tag-hijab","tag-iran-de","tag-kopftuchzwang","tag-menschenrechte"],"yoast_head":"<!-- This site is optimized with the Yoast SEO plugin v27.1.1 - https:\/\/yoast.com\/product\/yoast-seo-wordpress\/ -->\n<title>Iran: Zunehmende Unterdr\u00fcckung von Frauen und M\u00e4dchen durch Sittenpolizeit und Massen\u00fcberwachung<\/title>\n<meta name=\"description\" content=\"ZUSAMMENFASSUNG Zunehmende Unterdr\u00fcckung von Frauen im Iran, die sich gegen den Kopftuchzwang stellen. Seit April 2023 haben mehr als eine Million Frauen\" \/>\n<meta name=\"robots\" content=\"index, follow, max-snippet:-1, max-image-preview:large, max-video-preview:-1\" \/>\n<link rel=\"canonical\" href=\"https:\/\/www.pressenza.com\/de\/2023\/08\/iran-zunehmende-unterdrueckung-von-frauen-und-maedchen-durch-sittenpolizeit-undmassenueberwachung\/\" \/>\n<meta property=\"og:locale\" content=\"de_DE\" \/>\n<meta property=\"og:type\" content=\"article\" \/>\n<meta property=\"og:title\" content=\"Iran: Zunehmende Unterdr\u00fcckung von Frauen und M\u00e4dchen durch Sittenpolizeit und Massen\u00fcberwachung\" \/>\n<meta property=\"og:description\" content=\"ZUSAMMENFASSUNG Zunehmende Unterdr\u00fcckung von Frauen im Iran, die sich gegen den Kopftuchzwang stellen. Seit April 2023 haben mehr als eine Million Frauen\" \/>\n<meta property=\"og:url\" content=\"https:\/\/www.pressenza.com\/de\/2023\/08\/iran-zunehmende-unterdrueckung-von-frauen-und-maedchen-durch-sittenpolizeit-undmassenueberwachung\/\" \/>\n<meta property=\"og:site_name\" content=\"Pressenza\" \/>\n<meta property=\"article:publisher\" content=\"https:\/\/www.facebook.com\/PressenzaItalia\" \/>\n<meta property=\"article:author\" content=\"https:\/\/www.facebook.com\/amnestyglobal\" \/>\n<meta property=\"article:published_time\" content=\"2023-08-01T07:14:59+00:00\" \/>\n<meta property=\"article:modified_time\" content=\"2023-08-02T15:29:08+00:00\" \/>\n<meta property=\"og:image\" content=\"https:\/\/www.pressenza.com\/wp-content\/uploads\/2023\/07\/7b4e953f8ead0487bfaf5a1b827ea5.v1.jpg\" \/>\n\t<meta property=\"og:image:width\" content=\"1897\" \/>\n\t<meta property=\"og:image:height\" content=\"994\" \/>\n\t<meta property=\"og:image:type\" content=\"image\/jpeg\" \/>\n<meta name=\"author\" content=\"Amnesty International\" \/>\n<meta name=\"twitter:card\" content=\"summary_large_image\" \/>\n<meta name=\"twitter:creator\" content=\"@amnesty\" \/>\n<meta name=\"twitter:site\" content=\"@PressenzaIPA\" \/>\n<meta name=\"twitter:label1\" content=\"Verfasst von\" \/>\n\t<meta name=\"twitter:data1\" content=\"Amnesty International\" \/>\n\t<meta name=\"twitter:label2\" content=\"Gesch\u00e4tzte Lesezeit\" \/>\n\t<meta name=\"twitter:data2\" content=\"7\u00a0Minuten\" \/>\n<script type=\"application\/ld+json\" class=\"yoast-schema-graph\">{\"@context\":\"https:\/\/schema.org\",\"@graph\":[{\"@type\":\"Article\",\"@id\":\"https:\/\/www.pressenza.com\/de\/2023\/08\/iran-zunehmende-unterdrueckung-von-frauen-und-maedchen-durch-sittenpolizeit-undmassenueberwachung\/#article\",\"isPartOf\":{\"@id\":\"https:\/\/www.pressenza.com\/de\/2023\/08\/iran-zunehmende-unterdrueckung-von-frauen-und-maedchen-durch-sittenpolizeit-undmassenueberwachung\/\"},\"author\":{\"name\":\"Amnesty International\",\"@id\":\"https:\/\/www.pressenza.com\/de\/#\/schema\/person\/9b981b05c7ecf09292e6acb3223b2d9d\"},\"headline\":\"Iran: Zunehmende Unterdr\u00fcckung von Frauen und M\u00e4dchen durch Sittenpolizeit und Massen\u00fcberwachung\",\"datePublished\":\"2023-08-01T07:14:59+00:00\",\"dateModified\":\"2023-08-02T15:29:08+00:00\",\"mainEntityOfPage\":{\"@id\":\"https:\/\/www.pressenza.com\/de\/2023\/08\/iran-zunehmende-unterdrueckung-von-frauen-und-maedchen-durch-sittenpolizeit-undmassenueberwachung\/\"},\"wordCount\":1343,\"publisher\":{\"@id\":\"https:\/\/www.pressenza.com\/de\/#organization\"},\"image\":{\"@id\":\"https:\/\/www.pressenza.com\/de\/2023\/08\/iran-zunehmende-unterdrueckung-von-frauen-und-maedchen-durch-sittenpolizeit-undmassenueberwachung\/#primaryimage\"},\"thumbnailUrl\":\"https:\/\/www.pressenza.com\/wp-content\/uploads\/2023\/07\/7b4e953f8ead0487bfaf5a1b827ea5.v1.jpg\",\"keywords\":[\"Asyl\",\"Frauenrechte\",\"hijab\",\"Iran\",\"Kopftuchzwang\",\"Menschenrechte\"],\"articleSection\":[\"Gender und Feminismen\",\"Menschenrechte\",\"Pressemitteilungen\"],\"inLanguage\":\"de\"},{\"@type\":\"WebPage\",\"@id\":\"https:\/\/www.pressenza.com\/de\/2023\/08\/iran-zunehmende-unterdrueckung-von-frauen-und-maedchen-durch-sittenpolizeit-undmassenueberwachung\/\",\"url\":\"https:\/\/www.pressenza.com\/de\/2023\/08\/iran-zunehmende-unterdrueckung-von-frauen-und-maedchen-durch-sittenpolizeit-undmassenueberwachung\/\",\"name\":\"Iran: Zunehmende Unterdr\u00fcckung von Frauen und M\u00e4dchen durch Sittenpolizeit und Massen\u00fcberwachung\",\"isPartOf\":{\"@id\":\"https:\/\/www.pressenza.com\/de\/#website\"},\"primaryImageOfPage\":{\"@id\":\"https:\/\/www.pressenza.com\/de\/2023\/08\/iran-zunehmende-unterdrueckung-von-frauen-und-maedchen-durch-sittenpolizeit-undmassenueberwachung\/#primaryimage\"},\"image\":{\"@id\":\"https:\/\/www.pressenza.com\/de\/2023\/08\/iran-zunehmende-unterdrueckung-von-frauen-und-maedchen-durch-sittenpolizeit-undmassenueberwachung\/#primaryimage\"},\"thumbnailUrl\":\"https:\/\/www.pressenza.com\/wp-content\/uploads\/2023\/07\/7b4e953f8ead0487bfaf5a1b827ea5.v1.jpg\",\"datePublished\":\"2023-08-01T07:14:59+00:00\",\"dateModified\":\"2023-08-02T15:29:08+00:00\",\"description\":\"ZUSAMMENFASSUNG Zunehmende Unterdr\u00fcckung von Frauen im Iran, die sich gegen den Kopftuchzwang stellen. Seit April 2023 haben mehr als eine Million Frauen\",\"breadcrumb\":{\"@id\":\"https:\/\/www.pressenza.com\/de\/2023\/08\/iran-zunehmende-unterdrueckung-von-frauen-und-maedchen-durch-sittenpolizeit-undmassenueberwachung\/#breadcrumb\"},\"inLanguage\":\"de\",\"potentialAction\":[{\"@type\":\"ReadAction\",\"target\":[\"https:\/\/www.pressenza.com\/de\/2023\/08\/iran-zunehmende-unterdrueckung-von-frauen-und-maedchen-durch-sittenpolizeit-undmassenueberwachung\/\"]}]},{\"@type\":\"ImageObject\",\"inLanguage\":\"de\",\"@id\":\"https:\/\/www.pressenza.com\/de\/2023\/08\/iran-zunehmende-unterdrueckung-von-frauen-und-maedchen-durch-sittenpolizeit-undmassenueberwachung\/#primaryimage\",\"url\":\"https:\/\/www.pressenza.com\/wp-content\/uploads\/2023\/07\/7b4e953f8ead0487bfaf5a1b827ea5.v1.jpg\",\"contentUrl\":\"https:\/\/www.pressenza.com\/wp-content\/uploads\/2023\/07\/7b4e953f8ead0487bfaf5a1b827ea5.v1.jpg\",\"width\":1897,\"height\":994},{\"@type\":\"BreadcrumbList\",\"@id\":\"https:\/\/www.pressenza.com\/de\/2023\/08\/iran-zunehmende-unterdrueckung-von-frauen-und-maedchen-durch-sittenpolizeit-undmassenueberwachung\/#breadcrumb\",\"itemListElement\":[{\"@type\":\"ListItem\",\"position\":1,\"name\":\"Accueil\",\"item\":\"https:\/\/www.pressenza.com\/de\/\"},{\"@type\":\"ListItem\",\"position\":2,\"name\":\"Iran: Zunehmende Unterdr\u00fcckung von Frauen und M\u00e4dchen durch Sittenpolizeit und Massen\u00fcberwachung\"}]},{\"@type\":\"WebSite\",\"@id\":\"https:\/\/www.pressenza.com\/de\/#website\",\"url\":\"https:\/\/www.pressenza.com\/de\/\",\"name\":\"Pressenza\",\"description\":\"International Press Agency\",\"publisher\":{\"@id\":\"https:\/\/www.pressenza.com\/de\/#organization\"},\"potentialAction\":[{\"@type\":\"SearchAction\",\"target\":{\"@type\":\"EntryPoint\",\"urlTemplate\":\"https:\/\/www.pressenza.com\/de\/?s={search_term_string}\"},\"query-input\":{\"@type\":\"PropertyValueSpecification\",\"valueRequired\":true,\"valueName\":\"search_term_string\"}}],\"inLanguage\":\"de\"},{\"@type\":\"Organization\",\"@id\":\"https:\/\/www.pressenza.com\/de\/#organization\",\"name\":\"Pressenza\",\"url\":\"https:\/\/www.pressenza.com\/de\/\",\"logo\":{\"@type\":\"ImageObject\",\"inLanguage\":\"de\",\"@id\":\"https:\/\/www.pressenza.com\/de\/#\/schema\/logo\/image\/\",\"url\":\"https:\/\/www.pressenza.com\/wp-content\/uploads\/2022\/10\/pressenza_logo_200x200.jpg\",\"contentUrl\":\"https:\/\/www.pressenza.com\/wp-content\/uploads\/2022\/10\/pressenza_logo_200x200.jpg\",\"width\":200,\"height\":200,\"caption\":\"Pressenza\"},\"image\":{\"@id\":\"https:\/\/www.pressenza.com\/de\/#\/schema\/logo\/image\/\"},\"sameAs\":[\"https:\/\/www.facebook.com\/PressenzaItalia\",\"https:\/\/x.com\/PressenzaIPA\"]},{\"@type\":\"Person\",\"@id\":\"https:\/\/www.pressenza.com\/de\/#\/schema\/person\/9b981b05c7ecf09292e6acb3223b2d9d\",\"name\":\"Amnesty International\",\"description\":\"Amnesty International is a global movement of more than 3 million supporters, members and activists in over 150 countries and territories who campaign to end grave abuses of human rights. Our vision is for every person to enjoy all the rights enshrined in the Universal Declaration of Human Rights and other international human rights standards. www.amnesty.org\",\"sameAs\":[\"http:\/\/www.amnesty.it\",\"https:\/\/www.facebook.com\/amnestyglobal\",\"https:\/\/x.com\/amnesty\"],\"url\":\"https:\/\/www.pressenza.com\/de\/author\/amnesty-international\/\"}]}<\/script>\n<!-- \/ Yoast SEO plugin. -->","yoast_head_json":{"title":"Iran: Zunehmende Unterdr\u00fcckung von Frauen und M\u00e4dchen durch Sittenpolizeit und Massen\u00fcberwachung","description":"ZUSAMMENFASSUNG Zunehmende Unterdr\u00fcckung von Frauen im Iran, die sich gegen den Kopftuchzwang stellen. Seit April 2023 haben mehr als eine Million Frauen","robots":{"index":"index","follow":"follow","max-snippet":"max-snippet:-1","max-image-preview":"max-image-preview:large","max-video-preview":"max-video-preview:-1"},"canonical":"https:\/\/www.pressenza.com\/de\/2023\/08\/iran-zunehmende-unterdrueckung-von-frauen-und-maedchen-durch-sittenpolizeit-undmassenueberwachung\/","og_locale":"de_DE","og_type":"article","og_title":"Iran: Zunehmende Unterdr\u00fcckung von Frauen und M\u00e4dchen durch Sittenpolizeit und Massen\u00fcberwachung","og_description":"ZUSAMMENFASSUNG Zunehmende Unterdr\u00fcckung von Frauen im Iran, die sich gegen den Kopftuchzwang stellen. Seit April 2023 haben mehr als eine Million Frauen","og_url":"https:\/\/www.pressenza.com\/de\/2023\/08\/iran-zunehmende-unterdrueckung-von-frauen-und-maedchen-durch-sittenpolizeit-undmassenueberwachung\/","og_site_name":"Pressenza","article_publisher":"https:\/\/www.facebook.com\/PressenzaItalia","article_author":"https:\/\/www.facebook.com\/amnestyglobal","article_published_time":"2023-08-01T07:14:59+00:00","article_modified_time":"2023-08-02T15:29:08+00:00","og_image":[{"width":1897,"height":994,"url":"https:\/\/www.pressenza.com\/wp-content\/uploads\/2023\/07\/7b4e953f8ead0487bfaf5a1b827ea5.v1.jpg","type":"image\/jpeg"}],"author":"Amnesty International","twitter_card":"summary_large_image","twitter_creator":"@amnesty","twitter_site":"@PressenzaIPA","twitter_misc":{"Verfasst von":"Amnesty International","Gesch\u00e4tzte Lesezeit":"7\u00a0Minuten"},"schema":{"@context":"https:\/\/schema.org","@graph":[{"@type":"Article","@id":"https:\/\/www.pressenza.com\/de\/2023\/08\/iran-zunehmende-unterdrueckung-von-frauen-und-maedchen-durch-sittenpolizeit-undmassenueberwachung\/#article","isPartOf":{"@id":"https:\/\/www.pressenza.com\/de\/2023\/08\/iran-zunehmende-unterdrueckung-von-frauen-und-maedchen-durch-sittenpolizeit-undmassenueberwachung\/"},"author":{"name":"Amnesty International","@id":"https:\/\/www.pressenza.com\/de\/#\/schema\/person\/9b981b05c7ecf09292e6acb3223b2d9d"},"headline":"Iran: Zunehmende Unterdr\u00fcckung von Frauen und M\u00e4dchen durch Sittenpolizeit und Massen\u00fcberwachung","datePublished":"2023-08-01T07:14:59+00:00","dateModified":"2023-08-02T15:29:08+00:00","mainEntityOfPage":{"@id":"https:\/\/www.pressenza.com\/de\/2023\/08\/iran-zunehmende-unterdrueckung-von-frauen-und-maedchen-durch-sittenpolizeit-undmassenueberwachung\/"},"wordCount":1343,"publisher":{"@id":"https:\/\/www.pressenza.com\/de\/#organization"},"image":{"@id":"https:\/\/www.pressenza.com\/de\/2023\/08\/iran-zunehmende-unterdrueckung-von-frauen-und-maedchen-durch-sittenpolizeit-undmassenueberwachung\/#primaryimage"},"thumbnailUrl":"https:\/\/www.pressenza.com\/wp-content\/uploads\/2023\/07\/7b4e953f8ead0487bfaf5a1b827ea5.v1.jpg","keywords":["Asyl","Frauenrechte","hijab","Iran","Kopftuchzwang","Menschenrechte"],"articleSection":["Gender und Feminismen","Menschenrechte","Pressemitteilungen"],"inLanguage":"de"},{"@type":"WebPage","@id":"https:\/\/www.pressenza.com\/de\/2023\/08\/iran-zunehmende-unterdrueckung-von-frauen-und-maedchen-durch-sittenpolizeit-undmassenueberwachung\/","url":"https:\/\/www.pressenza.com\/de\/2023\/08\/iran-zunehmende-unterdrueckung-von-frauen-und-maedchen-durch-sittenpolizeit-undmassenueberwachung\/","name":"Iran: Zunehmende Unterdr\u00fcckung von Frauen und M\u00e4dchen durch Sittenpolizeit und Massen\u00fcberwachung","isPartOf":{"@id":"https:\/\/www.pressenza.com\/de\/#website"},"primaryImageOfPage":{"@id":"https:\/\/www.pressenza.com\/de\/2023\/08\/iran-zunehmende-unterdrueckung-von-frauen-und-maedchen-durch-sittenpolizeit-undmassenueberwachung\/#primaryimage"},"image":{"@id":"https:\/\/www.pressenza.com\/de\/2023\/08\/iran-zunehmende-unterdrueckung-von-frauen-und-maedchen-durch-sittenpolizeit-undmassenueberwachung\/#primaryimage"},"thumbnailUrl":"https:\/\/www.pressenza.com\/wp-content\/uploads\/2023\/07\/7b4e953f8ead0487bfaf5a1b827ea5.v1.jpg","datePublished":"2023-08-01T07:14:59+00:00","dateModified":"2023-08-02T15:29:08+00:00","description":"ZUSAMMENFASSUNG Zunehmende Unterdr\u00fcckung von Frauen im Iran, die sich gegen den Kopftuchzwang stellen. Seit April 2023 haben mehr als eine Million Frauen","breadcrumb":{"@id":"https:\/\/www.pressenza.com\/de\/2023\/08\/iran-zunehmende-unterdrueckung-von-frauen-und-maedchen-durch-sittenpolizeit-undmassenueberwachung\/#breadcrumb"},"inLanguage":"de","potentialAction":[{"@type":"ReadAction","target":["https:\/\/www.pressenza.com\/de\/2023\/08\/iran-zunehmende-unterdrueckung-von-frauen-und-maedchen-durch-sittenpolizeit-undmassenueberwachung\/"]}]},{"@type":"ImageObject","inLanguage":"de","@id":"https:\/\/www.pressenza.com\/de\/2023\/08\/iran-zunehmende-unterdrueckung-von-frauen-und-maedchen-durch-sittenpolizeit-undmassenueberwachung\/#primaryimage","url":"https:\/\/www.pressenza.com\/wp-content\/uploads\/2023\/07\/7b4e953f8ead0487bfaf5a1b827ea5.v1.jpg","contentUrl":"https:\/\/www.pressenza.com\/wp-content\/uploads\/2023\/07\/7b4e953f8ead0487bfaf5a1b827ea5.v1.jpg","width":1897,"height":994},{"@type":"BreadcrumbList","@id":"https:\/\/www.pressenza.com\/de\/2023\/08\/iran-zunehmende-unterdrueckung-von-frauen-und-maedchen-durch-sittenpolizeit-undmassenueberwachung\/#breadcrumb","itemListElement":[{"@type":"ListItem","position":1,"name":"Accueil","item":"https:\/\/www.pressenza.com\/de\/"},{"@type":"ListItem","position":2,"name":"Iran: Zunehmende Unterdr\u00fcckung von Frauen und M\u00e4dchen durch Sittenpolizeit und Massen\u00fcberwachung"}]},{"@type":"WebSite","@id":"https:\/\/www.pressenza.com\/de\/#website","url":"https:\/\/www.pressenza.com\/de\/","name":"Pressenza","description":"International Press Agency","publisher":{"@id":"https:\/\/www.pressenza.com\/de\/#organization"},"potentialAction":[{"@type":"SearchAction","target":{"@type":"EntryPoint","urlTemplate":"https:\/\/www.pressenza.com\/de\/?s={search_term_string}"},"query-input":{"@type":"PropertyValueSpecification","valueRequired":true,"valueName":"search_term_string"}}],"inLanguage":"de"},{"@type":"Organization","@id":"https:\/\/www.pressenza.com\/de\/#organization","name":"Pressenza","url":"https:\/\/www.pressenza.com\/de\/","logo":{"@type":"ImageObject","inLanguage":"de","@id":"https:\/\/www.pressenza.com\/de\/#\/schema\/logo\/image\/","url":"https:\/\/www.pressenza.com\/wp-content\/uploads\/2022\/10\/pressenza_logo_200x200.jpg","contentUrl":"https:\/\/www.pressenza.com\/wp-content\/uploads\/2022\/10\/pressenza_logo_200x200.jpg","width":200,"height":200,"caption":"Pressenza"},"image":{"@id":"https:\/\/www.pressenza.com\/de\/#\/schema\/logo\/image\/"},"sameAs":["https:\/\/www.facebook.com\/PressenzaItalia","https:\/\/x.com\/PressenzaIPA"]},{"@type":"Person","@id":"https:\/\/www.pressenza.com\/de\/#\/schema\/person\/9b981b05c7ecf09292e6acb3223b2d9d","name":"Amnesty International","description":"Amnesty International is a global movement of more than 3 million supporters, members and activists in over 150 countries and territories who campaign to end grave abuses of human rights. Our vision is for every person to enjoy all the rights enshrined in the Universal Declaration of Human Rights and other international human rights standards. www.amnesty.org","sameAs":["http:\/\/www.amnesty.it","https:\/\/www.facebook.com\/amnestyglobal","https:\/\/x.com\/amnesty"],"url":"https:\/\/www.pressenza.com\/de\/author\/amnesty-international\/"}]}},"place":"","original_article_url":"https:\/\/www.amnesty.at\/news-events\/iran-zunehmende-unterdrueckung-von-frauen-und-maedchen-durch-sittenpolizei-und-massenueberwachung\/","_links":{"self":[{"href":"https:\/\/www.pressenza.com\/de\/wp-json\/wp\/v2\/posts\/1754774","targetHints":{"allow":["GET"]}}],"collection":[{"href":"https:\/\/www.pressenza.com\/de\/wp-json\/wp\/v2\/posts"}],"about":[{"href":"https:\/\/www.pressenza.com\/de\/wp-json\/wp\/v2\/types\/post"}],"author":[{"embeddable":true,"href":"https:\/\/www.pressenza.com\/de\/wp-json\/wp\/v2\/users\/432"}],"replies":[{"embeddable":true,"href":"https:\/\/www.pressenza.com\/de\/wp-json\/wp\/v2\/comments?post=1754774"}],"version-history":[{"count":0,"href":"https:\/\/www.pressenza.com\/de\/wp-json\/wp\/v2\/posts\/1754774\/revisions"}],"wp:featuredmedia":[{"embeddable":true,"href":"https:\/\/www.pressenza.com\/de\/wp-json\/wp\/v2\/media\/1754778"}],"wp:attachment":[{"href":"https:\/\/www.pressenza.com\/de\/wp-json\/wp\/v2\/media?parent=1754774"}],"wp:term":[{"taxonomy":"category","embeddable":true,"href":"https:\/\/www.pressenza.com\/de\/wp-json\/wp\/v2\/categories?post=1754774"},{"taxonomy":"post_tag","embeddable":true,"href":"https:\/\/www.pressenza.com\/de\/wp-json\/wp\/v2\/tags?post=1754774"}],"curies":[{"name":"wp","href":"https:\/\/api.w.org\/{rel}","templated":true}]}}