{"id":1752923,"date":"2023-07-20T16:17:09","date_gmt":"2023-07-20T15:17:09","guid":{"rendered":"https:\/\/www.pressenza.com\/?p=1752923"},"modified":"2023-07-20T16:17:09","modified_gmt":"2023-07-20T15:17:09","slug":"medizin-vs-digitalisierung-welche-gefahren-birgt-die-elektronische-patientenakte","status":"publish","type":"post","link":"https:\/\/www.pressenza.com\/de\/2023\/07\/medizin-vs-digitalisierung-welche-gefahren-birgt-die-elektronische-patientenakte\/","title":{"rendered":"Medizin vs. Digitalisierung: Welche Gefahren birgt die elektronische Patientenakte?"},"content":{"rendered":"<h2><strong>Ab 2025 sollen Krankenkassen f\u00fcr jeden Patienten eine elektronische Akte anlegen. Unser Autor kritisiert das und f\u00fcrchtet Datenmissbrauch.<\/strong><\/h2>\n<p>Andreas Heyer |<a href=\"https:\/\/www.berliner-zeitung.de\/open-source\/datenmissbrauch-medizin-vs-digitalisierung-welche-gefahren-birgt-die-elektronische-patientenakte-li.368234\" target=\"_blank\" rel=\"noopener\"> Berliner Zeitung<\/a><\/p>\n<p>Bislang sehen offenbar nur wenige Patienten einen Nutzen darin, ihre Gesundheits- und Behandlungsdaten zentral auf einem Server in einer elektronischen Patientenakte speichern zu lassen. Zwei Jahre nach Einf\u00fchrung der elektronischen Patientenakten haben sich bis Ende Januar 2023 nur <a href=\"https:\/\/www.aerzteblatt.de\/nachrichten\/141004\/Nutzung-der-elektronischen-Patientenakte-eingebrochen\" target=\"_blank\" rel=\"nofollow noopener\">595.000 Versicherte<\/a> daf\u00fcr entschieden \u2013 das entspricht unter einem Prozent aller Versicherten.<\/p>\n<p>Aus Sicht der <a href=\"https:\/\/www.berliner-zeitung.de\/topics\/bundesregierung\" target=\"_blank\" rel=\"noopener\">Bundesregierung<\/a> reicht das nicht aus, um einen m\u00f6glichst vollst\u00e4ndigen Datensatz mit Gesundheitsdaten der Versicherten zu erstellen und diesen Institutionen aus \u00f6ffentlicher und kommerzieller Forschung zur Auswertung zur Verf\u00fcgung stellen zu k\u00f6nnen.<\/p>\n<p>Deshalb plant die Bundesregierung, das Prinzip umzukehren, sodass f\u00fcr alle Versicherten, die nicht ausdr\u00fccklich widersprechen, eine elektronischen Patientenakte angelegt wird.<\/p>\n<p>Das Portal <a href=\"https:\/\/netzpolitik.org\/2023\/gesundheitsdaten-opt-out-digitalisierung-ohne-ruecksicht-auf-versicherte\/\" target=\"_blank\" rel=\"nofollow noopener\">Netzpolitik<\/a> ver\u00f6ffentlichte Ende Juni die Referentenentw\u00fcrfe des Bundesgesundheitsministeriums zum Digitalgesetz und zum Gesundheitsdatennutzungsgesetz. Gem\u00e4\u00df Entwurf des Digitalgesetzes w\u00e4ren ab Januar 2025 die gesetzlichen Krankenversicherungen dazu verpflichtet, elektronische Patientenakten (ePA) f\u00fcr alle Versicherten anzulegen, die dem nicht ausdr\u00fccklich widersprochen haben (eine sogenannte Opt-Out-Regelung).<\/p>\n<p>Gleichzeitig sollen gem\u00e4\u00df dem Gesetzentwurf \u00c4rzte, Psychotherapeuten und andere Leistungserbringer des Gesundheitssystems dazu verpflichtet werden, ihre Behandlungsdaten auf die Server der Anbieter von elektronischen Patientenakten zu \u00fcbertragen.<\/p>\n<h2 class=\"article_subtitle__wx1Lu\">Keine Kontrolle \u00fcber den Verbleib der Daten<\/h2>\n<p>Der Entwurf verpflichtet \u00c4rzte und Psychotherapeuten ausdr\u00fccklich, Daten zu HIV-Infektionen, psychischen Erkrankungen und Schwangerschaftsabbr\u00fcchen in die ePA zu \u00fcbermitteln. Bei diesen besonders sensiblen Daten soll es jedoch (im Gegensatz zur \u00dcbermittlung anderer Behandlungsdaten) eine Hinweispflicht des Behandlers auf die Widerspruchsrechte des Patienten geben.<\/p>\n<p>Das Grundkonzept einer Speicherm\u00f6glichkeit digitalisierter Dokumente f\u00fcr Patienten, um ihren unterschiedlichen Fach\u00e4rzten einen einfachen und zeitnahen Zugriff auf Vorbefunde von Kollegen zu erm\u00f6glichen, wenn dies der Patient bef\u00fcrwortet, kann durchaus sinnvoll sein.<\/p>\n<p>Entgegen fr\u00fcheren Vorschl\u00e4gen werden die elektronischen Patientenakten jedoch nicht auf den Versichertenkarten der Patienten gespeichert, bei denen diese physisch die Kontrolle \u00fcber den Verbleib ihrer Gesundheitsdaten behalten w\u00fcrden.<\/p>\n<p>Stattdessen wurde ein System eingef\u00fchrt, in dem die ePA auf den Servern privater IT-Anbieter (in einer \u201eCloud\u201c) gespeichert wird, mit denen die jeweilige Krankenkasse einen Vertrag abgeschlossen hat. Im Falle der\u00a0<a href=\"https:\/\/www.barmer.de\/gesundheit-verstehen\/mensch\/gesundheit-2030\/elektronische-patientenakte\/elektronische-patientenakte-vorteile-1004420\" target=\"_blank\" rel=\"nofollow noopener\">Techniker Krankenkasse und der Barmer<\/a>\u00a0werden die elektronischen Patientenakten auf Servern des Unternehmens IBM gespeichert.<\/p>\n<p>Die Telematikinfrastruktur genannte digitale Infrastruktur des Gesundheitssystems wird \u00fcber die Server der\u00a0<a href=\"https:\/\/www.arvato-systems.de\/mehr\/presse\/arvato-systems-bleibt-it-partner-der-gematik\" target=\"_blank\" rel=\"nofollow noopener\">Bertelsmann-Tochter Arvato<\/a>\u00a0betrieben.<\/p>\n<h2 class=\"article_subtitle__wx1Lu\">Anf\u00e4llig f\u00fcr Datenpannen<\/h2>\n<p>Entgegen der Beteuerungen des Gesundheitsministeriums und der IT-Partner, dass die digitale Infrastruktur sicher sei, sind bereits zahlreiche Datenpannen aufgetreten.<\/p>\n<p>So wurde bekannt, dass seit der vor kurzem erfolgten Einf\u00fchrung der elektronischen Arbeitsunf\u00e4higkeitsbescheinigung ca. 116.000 Datens\u00e4tze durch einen\u00a0<a href=\"https:\/\/www.aerzteblatt.de\/nachrichten\/144383\/TI-Panne-116-000-Arbeitsunfaehigkeitsbescheinigungen-an-Arztpraxis-geschickt\" target=\"_blank\" rel=\"nofollow noopener\">Software-Fehler<\/a>\u00a0statt an die Krankenkassen an eine einzelne Arztpraxis versendet worden seien.<\/p>\n<p>In Finnland wurden Psychotherapie-Daten\u00a0<a href=\"https:\/\/www.aerzteblatt.de\/nachrichten\/117742\/Vertrauliche-Psychotherapiedaten-in-Finnland-gehackt\" target=\"_blank\" rel=\"nofollow noopener\">bei einem Cyberangriff gehackt<\/a>\u00a0und Patienten teilweise von den Cyber-Kriminellen zu Bitcoin-Zahlungen erpresst.<\/p>\n<p>In Australien seien die <a href=\"https:\/\/taz.de\/Cyberangriff-auf-Krankenversicherung\/!5894511\/\" target=\"_blank\" rel=\"nofollow noopener\">Gesundheitsdaten von 9,7 Millionen Versicherten<\/a>\u00a0einer Krankenversicherung von Hackern im Darknet ver\u00f6ffentlicht worden.<br \/>\nBereits dieses Jahr sind gesetzliche Krankenversicherungen dazu verpflichtet, ihre Abrechnungsdaten inklusive der Diagnosen, Medikation und Dauer der Behandlung ihrer Versicherten pseudonymisiert an das\u00a0<a href=\"https:\/\/www.forschungsdatenzentrum-gesundheit.de\/gesundheitsdaten\" target=\"_blank\" rel=\"nofollow noopener\">Forschungsdatenzentrum Gesundheit<\/a>\u00a0zu \u00fcbertragen. Dabei ist kein Widerspruchsrecht von Versicherten vorgesehen.<\/p>\n<h2>Behandlungsdaten zu Forschungszwecken<\/h2>\n<p>Gem\u00e4\u00df dem Gesetzentwurf zum Gesundheitsdatennutzungsgesetz sollen demn\u00e4chst auch die Behandlungsdaten in den elektronischen Patientenakten \u00fcber eine noch zu schaffende \u201e<a href=\"https:\/\/www.bundesgesundheitsministerium.de\/presse\/pressemitteilungen\/digitalisierungsstrategie-vorgelegt-09-03-2023.html\" target=\"_blank\" rel=\"nofollow noopener\">Datenzugangs- und Koordinierungsstelle f\u00fcr Gesundheitsdaten<\/a>\u201c Universit\u00e4ten und Unternehmen zur Auswertung f\u00fcr Forschungszwecke zug\u00e4nglich gemacht werden k\u00f6nnen.<\/p>\n<p>Auch hierf\u00fcr wird eine Regelung diskutiert, die die pseudonymisierte Datenweitergabe grunds\u00e4tzlich erlauben w\u00fcrde, solange der Versicherte dem nicht aktiv widerspricht.<\/p>\n<p>Im Gegensatz zur Anonymisierung von Daten gilt die Pseudonymisierung jedoch unter Datenschutzaspekten als unsicherer, da durch enthaltene Angaben wie Geburtsjahr, Geschlecht und Postleitzahl des Patienten die Person aus den Pseudonymen in vielen F\u00e4llen rekonstruiert werden k\u00f6nnte.<\/p>\n<h2>Weitergabe sensibler Daten erst nach ausdr\u00fccklicher Zustimmung?<\/h2>\n<p>Man kann argumentieren, dass das Bundesgesundheitsministerium f\u00fcr das Ziel, m\u00f6glichst gro\u00dfe Gesundheitsdatenbanken zur Auswertung durch \u00f6ffentliche und kommerzielle Forschung aufzubauen, durch die geplanten Opt-Out-Regelungen auf unm\u00fcndige B\u00fcrger setzt, die sich nicht \u00fcber Risiken der digitalen \u00dcbermittlung ihrer Gesundheits- und Behandlungsdaten informieren oder aus Bequemlichkeit der zentralisierten Datenspeicherung in der Cloud nicht aktiv widersprechen werden.<\/p>\n<p>Gleichzeitig betont die Politik, dass durch die geplante Opt-Out-Regelung jeder Versicherte die M\u00f6glichkeit behalte, der \u00dcbermittlung seiner Daten durch \u00c4rzte und Psychotherapeuten in eine elektronische Patientenakte zu widersprechen.<\/p>\n<p class=\"article_paragraph__hXYKJ\">Um die bisherigen Prinzipien der \u00e4rztlichen Schweigepflicht zu bewahren, w\u00e4re es wichtig, dass die Weitergabe sensibler Behandlungsdaten durch \u00c4rzte und Psychotherapeuten wie bisher nur nach ausdr\u00fccklicher Zustimmung durch Patienten erlaubt bleibt.<\/p>\n<p>Wenn jedoch die Opt-Out-Regelungen politisch durchgesetzt werden sollten, bleibt Patienten die M\u00f6glichkeit, sich als m\u00fcndige B\u00fcrger \u00fcber Chancen und Risiken der geplanten \u00dcbermittlung ihrer Gesundheitsdaten in zentrale Datenbanken zu informieren und zu entscheiden, ob sie der Verwendung ihrer Daten widersprechen m\u00f6chten oder nicht.<\/p>\n<p><em>Der Autor arbeitet als Psychologischer Psychotherapeut mit tiefenpsychologisch-fundierter Fachrichtung in eigener Praxis.<\/em><br \/>\n<em>Das ist ein Beitrag, der im Rahmen unserer Open-Source-Initiative eingereicht wurde. Mit\u00a0<a href=\"https:\/\/www.berliner-zeitung.de\/open-source\/intro.357116\" target=\"_blank\" rel=\"noopener\">Open Source<\/a>\u00a0gibt der Berliner Verlag freien Autorinnen und Autoren sowie jedem Interessierten die M\u00f6glichkeit, Texte mit inhaltlicher Relevanz und professionellen Qualit\u00e4tsstandards anzubieten.\u00a0<a href=\"https:\/\/www.berliner-zeitung.de\/topics\/open-source\" target=\"_blank\" rel=\"noopener\">Ausgew\u00e4hlte Beitr\u00e4ge werden ver\u00f6ffentlicht und honoriert.<\/a><\/em><\/p>\n<p><em>Dieser Beitrag unterliegt der Creative Commons Lizenz (CC BY-NC-ND 4.0). Er darf f\u00fcr nicht kommerzielle Zwecke unter Nennung des Autors und der Berliner Zeitung und unter Ausschluss jeglicher Bearbeitung von der Allgemeinheit frei weiterverwendet werden.<\/em><\/p>\n","protected":false},"excerpt":{"rendered":"<p>Ab 2025 sollen Krankenkassen f\u00fcr jeden Patienten eine elektronische Akte anlegen. Unser Autor kritisiert das und f\u00fcrchtet Datenmissbrauch. Andreas Heyer | Berliner Zeitung Bislang sehen offenbar nur wenige Patienten einen Nutzen darin, ihre Gesundheits- und Behandlungsdaten zentral auf einem Server&hellip;<\/p>\n","protected":false},"author":1095,"featured_media":1752925,"comment_status":"closed","ping_status":"closed","sticky":false,"template":"","format":"standard","meta":{"footnotes":""},"categories":[9160,9169],"tags":[16633,65906,87182],"class_list":["post-1752923","post","type-post","status-publish","format-standard","has-post-thumbnail","hentry","category-gesundheit","category-wissenschaft-und-technologie","tag-datenschutz","tag-digitalisierung","tag-medizin"],"yoast_head":"<!-- This site is optimized with the Yoast SEO plugin v27.1.1 - https:\/\/yoast.com\/product\/yoast-seo-wordpress\/ -->\n<title>Medizin vs. Digitalisierung: Welche Gefahren birgt die elektronische Patientenakte?<\/title>\n<meta name=\"description\" content=\"Ab 2025 sollen Krankenkassen f\u00fcr jeden Patienten eine elektronische Akte anlegen. Unser Autor kritisiert das und f\u00fcrchtet Datenmissbrauch. Andreas Heyer |\" \/>\n<meta name=\"robots\" content=\"index, follow, max-snippet:-1, max-image-preview:large, max-video-preview:-1\" \/>\n<link rel=\"canonical\" href=\"https:\/\/www.pressenza.com\/de\/2023\/07\/medizin-vs-digitalisierung-welche-gefahren-birgt-die-elektronische-patientenakte\/\" \/>\n<meta property=\"og:locale\" content=\"de_DE\" \/>\n<meta property=\"og:type\" content=\"article\" \/>\n<meta property=\"og:title\" content=\"Medizin vs. Digitalisierung: Welche Gefahren birgt die elektronische Patientenakte?\" \/>\n<meta property=\"og:description\" content=\"Ab 2025 sollen Krankenkassen f\u00fcr jeden Patienten eine elektronische Akte anlegen. Unser Autor kritisiert das und f\u00fcrchtet Datenmissbrauch. Andreas Heyer |\" \/>\n<meta property=\"og:url\" content=\"https:\/\/www.pressenza.com\/de\/2023\/07\/medizin-vs-digitalisierung-welche-gefahren-birgt-die-elektronische-patientenakte\/\" \/>\n<meta property=\"og:site_name\" content=\"Pressenza\" \/>\n<meta property=\"article:publisher\" content=\"https:\/\/www.facebook.com\/PressenzaItalia\" \/>\n<meta property=\"article:author\" content=\"https:\/\/www.facebook.com\/Pressenza-Deutschland-sterreich-Schweiz-281675388658060\/timeline\/\" \/>\n<meta property=\"article:published_time\" content=\"2023-07-20T15:17:09+00:00\" \/>\n<meta property=\"og:image\" content=\"https:\/\/www.pressenza.com\/wp-content\/uploads\/2023\/07\/national-cancer-institute-NFvdKIhxYlU-unsplash.jpg\" \/>\n\t<meta property=\"og:image:width\" content=\"1920\" \/>\n\t<meta property=\"og:image:height\" content=\"1280\" \/>\n\t<meta property=\"og:image:type\" content=\"image\/jpeg\" \/>\n<meta name=\"author\" content=\"Pressenza Berlin\" \/>\n<meta name=\"twitter:card\" content=\"summary_large_image\" \/>\n<meta name=\"twitter:creator\" content=\"@pressenza_ger\" \/>\n<meta name=\"twitter:site\" content=\"@PressenzaIPA\" \/>\n<meta name=\"twitter:label1\" content=\"Verfasst von\" \/>\n\t<meta name=\"twitter:data1\" content=\"Pressenza Berlin\" \/>\n\t<meta name=\"twitter:label2\" content=\"Gesch\u00e4tzte Lesezeit\" \/>\n\t<meta name=\"twitter:data2\" content=\"5\u00a0Minuten\" \/>\n<script type=\"application\/ld+json\" class=\"yoast-schema-graph\">{\"@context\":\"https:\/\/schema.org\",\"@graph\":[{\"@type\":\"Article\",\"@id\":\"https:\/\/www.pressenza.com\/de\/2023\/07\/medizin-vs-digitalisierung-welche-gefahren-birgt-die-elektronische-patientenakte\/#article\",\"isPartOf\":{\"@id\":\"https:\/\/www.pressenza.com\/de\/2023\/07\/medizin-vs-digitalisierung-welche-gefahren-birgt-die-elektronische-patientenakte\/\"},\"author\":{\"name\":\"Pressenza Berlin\",\"@id\":\"https:\/\/www.pressenza.com\/de\/#\/schema\/person\/57bb5480943a496a7722b0248e4b658a\"},\"headline\":\"Medizin vs. Digitalisierung: Welche Gefahren birgt die elektronische Patientenakte?\",\"datePublished\":\"2023-07-20T15:17:09+00:00\",\"mainEntityOfPage\":{\"@id\":\"https:\/\/www.pressenza.com\/de\/2023\/07\/medizin-vs-digitalisierung-welche-gefahren-birgt-die-elektronische-patientenakte\/\"},\"wordCount\":896,\"publisher\":{\"@id\":\"https:\/\/www.pressenza.com\/de\/#organization\"},\"image\":{\"@id\":\"https:\/\/www.pressenza.com\/de\/2023\/07\/medizin-vs-digitalisierung-welche-gefahren-birgt-die-elektronische-patientenakte\/#primaryimage\"},\"thumbnailUrl\":\"https:\/\/www.pressenza.com\/wp-content\/uploads\/2023\/07\/national-cancer-institute-NFvdKIhxYlU-unsplash.jpg\",\"keywords\":[\"Datenschutz\",\"Digitalisierung\",\"Medizin\"],\"articleSection\":[\"Gesundheit\",\"Wissenschaft und Technologie\"],\"inLanguage\":\"de\"},{\"@type\":\"WebPage\",\"@id\":\"https:\/\/www.pressenza.com\/de\/2023\/07\/medizin-vs-digitalisierung-welche-gefahren-birgt-die-elektronische-patientenakte\/\",\"url\":\"https:\/\/www.pressenza.com\/de\/2023\/07\/medizin-vs-digitalisierung-welche-gefahren-birgt-die-elektronische-patientenakte\/\",\"name\":\"Medizin vs. Digitalisierung: Welche Gefahren birgt die elektronische Patientenakte?\",\"isPartOf\":{\"@id\":\"https:\/\/www.pressenza.com\/de\/#website\"},\"primaryImageOfPage\":{\"@id\":\"https:\/\/www.pressenza.com\/de\/2023\/07\/medizin-vs-digitalisierung-welche-gefahren-birgt-die-elektronische-patientenakte\/#primaryimage\"},\"image\":{\"@id\":\"https:\/\/www.pressenza.com\/de\/2023\/07\/medizin-vs-digitalisierung-welche-gefahren-birgt-die-elektronische-patientenakte\/#primaryimage\"},\"thumbnailUrl\":\"https:\/\/www.pressenza.com\/wp-content\/uploads\/2023\/07\/national-cancer-institute-NFvdKIhxYlU-unsplash.jpg\",\"datePublished\":\"2023-07-20T15:17:09+00:00\",\"description\":\"Ab 2025 sollen Krankenkassen f\u00fcr jeden Patienten eine elektronische Akte anlegen. Unser Autor kritisiert das und f\u00fcrchtet Datenmissbrauch. Andreas Heyer |\",\"breadcrumb\":{\"@id\":\"https:\/\/www.pressenza.com\/de\/2023\/07\/medizin-vs-digitalisierung-welche-gefahren-birgt-die-elektronische-patientenakte\/#breadcrumb\"},\"inLanguage\":\"de\",\"potentialAction\":[{\"@type\":\"ReadAction\",\"target\":[\"https:\/\/www.pressenza.com\/de\/2023\/07\/medizin-vs-digitalisierung-welche-gefahren-birgt-die-elektronische-patientenakte\/\"]}]},{\"@type\":\"ImageObject\",\"inLanguage\":\"de\",\"@id\":\"https:\/\/www.pressenza.com\/de\/2023\/07\/medizin-vs-digitalisierung-welche-gefahren-birgt-die-elektronische-patientenakte\/#primaryimage\",\"url\":\"https:\/\/www.pressenza.com\/wp-content\/uploads\/2023\/07\/national-cancer-institute-NFvdKIhxYlU-unsplash.jpg\",\"contentUrl\":\"https:\/\/www.pressenza.com\/wp-content\/uploads\/2023\/07\/national-cancer-institute-NFvdKIhxYlU-unsplash.jpg\",\"width\":1920,\"height\":1280,\"caption\":\"H\u00e4nde einer \u00c4rztin am Laptop\"},{\"@type\":\"BreadcrumbList\",\"@id\":\"https:\/\/www.pressenza.com\/de\/2023\/07\/medizin-vs-digitalisierung-welche-gefahren-birgt-die-elektronische-patientenakte\/#breadcrumb\",\"itemListElement\":[{\"@type\":\"ListItem\",\"position\":1,\"name\":\"Accueil\",\"item\":\"https:\/\/www.pressenza.com\/de\/\"},{\"@type\":\"ListItem\",\"position\":2,\"name\":\"Medizin vs. Digitalisierung: Welche Gefahren birgt die elektronische Patientenakte?\"}]},{\"@type\":\"WebSite\",\"@id\":\"https:\/\/www.pressenza.com\/de\/#website\",\"url\":\"https:\/\/www.pressenza.com\/de\/\",\"name\":\"Pressenza\",\"description\":\"International Press Agency\",\"publisher\":{\"@id\":\"https:\/\/www.pressenza.com\/de\/#organization\"},\"potentialAction\":[{\"@type\":\"SearchAction\",\"target\":{\"@type\":\"EntryPoint\",\"urlTemplate\":\"https:\/\/www.pressenza.com\/de\/?s={search_term_string}\"},\"query-input\":{\"@type\":\"PropertyValueSpecification\",\"valueRequired\":true,\"valueName\":\"search_term_string\"}}],\"inLanguage\":\"de\"},{\"@type\":\"Organization\",\"@id\":\"https:\/\/www.pressenza.com\/de\/#organization\",\"name\":\"Pressenza\",\"url\":\"https:\/\/www.pressenza.com\/de\/\",\"logo\":{\"@type\":\"ImageObject\",\"inLanguage\":\"de\",\"@id\":\"https:\/\/www.pressenza.com\/de\/#\/schema\/logo\/image\/\",\"url\":\"https:\/\/www.pressenza.com\/wp-content\/uploads\/2022\/10\/pressenza_logo_200x200.jpg\",\"contentUrl\":\"https:\/\/www.pressenza.com\/wp-content\/uploads\/2022\/10\/pressenza_logo_200x200.jpg\",\"width\":200,\"height\":200,\"caption\":\"Pressenza\"},\"image\":{\"@id\":\"https:\/\/www.pressenza.com\/de\/#\/schema\/logo\/image\/\"},\"sameAs\":[\"https:\/\/www.facebook.com\/PressenzaItalia\",\"https:\/\/x.com\/PressenzaIPA\"]},{\"@type\":\"Person\",\"@id\":\"https:\/\/www.pressenza.com\/de\/#\/schema\/person\/57bb5480943a496a7722b0248e4b658a\",\"name\":\"Pressenza Berlin\",\"description\":\"News from the Pressenza Bureau in Berlin, Germany\",\"sameAs\":[\"https:\/\/www.facebook.com\/Pressenza-Deutschland-sterreich-Schweiz-281675388658060\/timeline\/\",\"https:\/\/x.com\/pressenza_ger\"],\"url\":\"https:\/\/www.pressenza.com\/de\/author\/pressenza-berlin\/\"}]}<\/script>\n<!-- \/ Yoast SEO plugin. -->","yoast_head_json":{"title":"Medizin vs. Digitalisierung: Welche Gefahren birgt die elektronische Patientenakte?","description":"Ab 2025 sollen Krankenkassen f\u00fcr jeden Patienten eine elektronische Akte anlegen. Unser Autor kritisiert das und f\u00fcrchtet Datenmissbrauch. Andreas Heyer |","robots":{"index":"index","follow":"follow","max-snippet":"max-snippet:-1","max-image-preview":"max-image-preview:large","max-video-preview":"max-video-preview:-1"},"canonical":"https:\/\/www.pressenza.com\/de\/2023\/07\/medizin-vs-digitalisierung-welche-gefahren-birgt-die-elektronische-patientenakte\/","og_locale":"de_DE","og_type":"article","og_title":"Medizin vs. Digitalisierung: Welche Gefahren birgt die elektronische Patientenakte?","og_description":"Ab 2025 sollen Krankenkassen f\u00fcr jeden Patienten eine elektronische Akte anlegen. Unser Autor kritisiert das und f\u00fcrchtet Datenmissbrauch. Andreas Heyer |","og_url":"https:\/\/www.pressenza.com\/de\/2023\/07\/medizin-vs-digitalisierung-welche-gefahren-birgt-die-elektronische-patientenakte\/","og_site_name":"Pressenza","article_publisher":"https:\/\/www.facebook.com\/PressenzaItalia","article_author":"https:\/\/www.facebook.com\/Pressenza-Deutschland-sterreich-Schweiz-281675388658060\/timeline\/","article_published_time":"2023-07-20T15:17:09+00:00","og_image":[{"width":1920,"height":1280,"url":"https:\/\/www.pressenza.com\/wp-content\/uploads\/2023\/07\/national-cancer-institute-NFvdKIhxYlU-unsplash.jpg","type":"image\/jpeg"}],"author":"Pressenza Berlin","twitter_card":"summary_large_image","twitter_creator":"@pressenza_ger","twitter_site":"@PressenzaIPA","twitter_misc":{"Verfasst von":"Pressenza Berlin","Gesch\u00e4tzte Lesezeit":"5\u00a0Minuten"},"schema":{"@context":"https:\/\/schema.org","@graph":[{"@type":"Article","@id":"https:\/\/www.pressenza.com\/de\/2023\/07\/medizin-vs-digitalisierung-welche-gefahren-birgt-die-elektronische-patientenakte\/#article","isPartOf":{"@id":"https:\/\/www.pressenza.com\/de\/2023\/07\/medizin-vs-digitalisierung-welche-gefahren-birgt-die-elektronische-patientenakte\/"},"author":{"name":"Pressenza Berlin","@id":"https:\/\/www.pressenza.com\/de\/#\/schema\/person\/57bb5480943a496a7722b0248e4b658a"},"headline":"Medizin vs. Digitalisierung: Welche Gefahren birgt die elektronische Patientenakte?","datePublished":"2023-07-20T15:17:09+00:00","mainEntityOfPage":{"@id":"https:\/\/www.pressenza.com\/de\/2023\/07\/medizin-vs-digitalisierung-welche-gefahren-birgt-die-elektronische-patientenakte\/"},"wordCount":896,"publisher":{"@id":"https:\/\/www.pressenza.com\/de\/#organization"},"image":{"@id":"https:\/\/www.pressenza.com\/de\/2023\/07\/medizin-vs-digitalisierung-welche-gefahren-birgt-die-elektronische-patientenakte\/#primaryimage"},"thumbnailUrl":"https:\/\/www.pressenza.com\/wp-content\/uploads\/2023\/07\/national-cancer-institute-NFvdKIhxYlU-unsplash.jpg","keywords":["Datenschutz","Digitalisierung","Medizin"],"articleSection":["Gesundheit","Wissenschaft und Technologie"],"inLanguage":"de"},{"@type":"WebPage","@id":"https:\/\/www.pressenza.com\/de\/2023\/07\/medizin-vs-digitalisierung-welche-gefahren-birgt-die-elektronische-patientenakte\/","url":"https:\/\/www.pressenza.com\/de\/2023\/07\/medizin-vs-digitalisierung-welche-gefahren-birgt-die-elektronische-patientenakte\/","name":"Medizin vs. Digitalisierung: Welche Gefahren birgt die elektronische Patientenakte?","isPartOf":{"@id":"https:\/\/www.pressenza.com\/de\/#website"},"primaryImageOfPage":{"@id":"https:\/\/www.pressenza.com\/de\/2023\/07\/medizin-vs-digitalisierung-welche-gefahren-birgt-die-elektronische-patientenakte\/#primaryimage"},"image":{"@id":"https:\/\/www.pressenza.com\/de\/2023\/07\/medizin-vs-digitalisierung-welche-gefahren-birgt-die-elektronische-patientenakte\/#primaryimage"},"thumbnailUrl":"https:\/\/www.pressenza.com\/wp-content\/uploads\/2023\/07\/national-cancer-institute-NFvdKIhxYlU-unsplash.jpg","datePublished":"2023-07-20T15:17:09+00:00","description":"Ab 2025 sollen Krankenkassen f\u00fcr jeden Patienten eine elektronische Akte anlegen. Unser Autor kritisiert das und f\u00fcrchtet Datenmissbrauch. Andreas Heyer |","breadcrumb":{"@id":"https:\/\/www.pressenza.com\/de\/2023\/07\/medizin-vs-digitalisierung-welche-gefahren-birgt-die-elektronische-patientenakte\/#breadcrumb"},"inLanguage":"de","potentialAction":[{"@type":"ReadAction","target":["https:\/\/www.pressenza.com\/de\/2023\/07\/medizin-vs-digitalisierung-welche-gefahren-birgt-die-elektronische-patientenakte\/"]}]},{"@type":"ImageObject","inLanguage":"de","@id":"https:\/\/www.pressenza.com\/de\/2023\/07\/medizin-vs-digitalisierung-welche-gefahren-birgt-die-elektronische-patientenakte\/#primaryimage","url":"https:\/\/www.pressenza.com\/wp-content\/uploads\/2023\/07\/national-cancer-institute-NFvdKIhxYlU-unsplash.jpg","contentUrl":"https:\/\/www.pressenza.com\/wp-content\/uploads\/2023\/07\/national-cancer-institute-NFvdKIhxYlU-unsplash.jpg","width":1920,"height":1280,"caption":"H\u00e4nde einer \u00c4rztin am Laptop"},{"@type":"BreadcrumbList","@id":"https:\/\/www.pressenza.com\/de\/2023\/07\/medizin-vs-digitalisierung-welche-gefahren-birgt-die-elektronische-patientenakte\/#breadcrumb","itemListElement":[{"@type":"ListItem","position":1,"name":"Accueil","item":"https:\/\/www.pressenza.com\/de\/"},{"@type":"ListItem","position":2,"name":"Medizin vs. Digitalisierung: Welche Gefahren birgt die elektronische Patientenakte?"}]},{"@type":"WebSite","@id":"https:\/\/www.pressenza.com\/de\/#website","url":"https:\/\/www.pressenza.com\/de\/","name":"Pressenza","description":"International Press Agency","publisher":{"@id":"https:\/\/www.pressenza.com\/de\/#organization"},"potentialAction":[{"@type":"SearchAction","target":{"@type":"EntryPoint","urlTemplate":"https:\/\/www.pressenza.com\/de\/?s={search_term_string}"},"query-input":{"@type":"PropertyValueSpecification","valueRequired":true,"valueName":"search_term_string"}}],"inLanguage":"de"},{"@type":"Organization","@id":"https:\/\/www.pressenza.com\/de\/#organization","name":"Pressenza","url":"https:\/\/www.pressenza.com\/de\/","logo":{"@type":"ImageObject","inLanguage":"de","@id":"https:\/\/www.pressenza.com\/de\/#\/schema\/logo\/image\/","url":"https:\/\/www.pressenza.com\/wp-content\/uploads\/2022\/10\/pressenza_logo_200x200.jpg","contentUrl":"https:\/\/www.pressenza.com\/wp-content\/uploads\/2022\/10\/pressenza_logo_200x200.jpg","width":200,"height":200,"caption":"Pressenza"},"image":{"@id":"https:\/\/www.pressenza.com\/de\/#\/schema\/logo\/image\/"},"sameAs":["https:\/\/www.facebook.com\/PressenzaItalia","https:\/\/x.com\/PressenzaIPA"]},{"@type":"Person","@id":"https:\/\/www.pressenza.com\/de\/#\/schema\/person\/57bb5480943a496a7722b0248e4b658a","name":"Pressenza Berlin","description":"News from the Pressenza Bureau in Berlin, Germany","sameAs":["https:\/\/www.facebook.com\/Pressenza-Deutschland-sterreich-Schweiz-281675388658060\/timeline\/","https:\/\/x.com\/pressenza_ger"],"url":"https:\/\/www.pressenza.com\/de\/author\/pressenza-berlin\/"}]}},"place":"","original_article_url":"https:\/\/www.berliner-zeitung.de\/open-source\/datenmissbrauch-medizin-vs-digitalisierung-welche-gefahren-birgt-die-elektronische-patientenakte-li.368234","_links":{"self":[{"href":"https:\/\/www.pressenza.com\/de\/wp-json\/wp\/v2\/posts\/1752923","targetHints":{"allow":["GET"]}}],"collection":[{"href":"https:\/\/www.pressenza.com\/de\/wp-json\/wp\/v2\/posts"}],"about":[{"href":"https:\/\/www.pressenza.com\/de\/wp-json\/wp\/v2\/types\/post"}],"author":[{"embeddable":true,"href":"https:\/\/www.pressenza.com\/de\/wp-json\/wp\/v2\/users\/1095"}],"replies":[{"embeddable":true,"href":"https:\/\/www.pressenza.com\/de\/wp-json\/wp\/v2\/comments?post=1752923"}],"version-history":[{"count":0,"href":"https:\/\/www.pressenza.com\/de\/wp-json\/wp\/v2\/posts\/1752923\/revisions"}],"wp:featuredmedia":[{"embeddable":true,"href":"https:\/\/www.pressenza.com\/de\/wp-json\/wp\/v2\/media\/1752925"}],"wp:attachment":[{"href":"https:\/\/www.pressenza.com\/de\/wp-json\/wp\/v2\/media?parent=1752923"}],"wp:term":[{"taxonomy":"category","embeddable":true,"href":"https:\/\/www.pressenza.com\/de\/wp-json\/wp\/v2\/categories?post=1752923"},{"taxonomy":"post_tag","embeddable":true,"href":"https:\/\/www.pressenza.com\/de\/wp-json\/wp\/v2\/tags?post=1752923"}],"curies":[{"name":"wp","href":"https:\/\/api.w.org\/{rel}","templated":true}]}}