{"id":1751986,"date":"2023-07-16T18:26:34","date_gmt":"2023-07-16T17:26:34","guid":{"rendered":"https:\/\/www.pressenza.com\/?p=1751986"},"modified":"2023-07-17T14:30:36","modified_gmt":"2023-07-17T13:30:36","slug":"fuer-eine-regenerative-revolution-durch-die-erneuerung-unserer-beziehungen","status":"publish","type":"post","link":"https:\/\/www.pressenza.com\/de\/2023\/07\/fuer-eine-regenerative-revolution-durch-die-erneuerung-unserer-beziehungen\/","title":{"rendered":"F\u00fcr eine regenerative Revolution! \u2013 durch die Erneuerung unserer Beziehungen"},"content":{"rendered":"<p><strong>Das Buch \u00abKlimaheilung\u00bb des Coaches, Therapeuten und Aktivisten Jack Adam Weber liefert eine F\u00fclle ermutigender Vorschl\u00e4ge f\u00fcr \u00abinneren Aktivismus\u00bb zur Heilung von Mensch und Erde. Und das, obwohl es dem Mainstream-Klima-Narrativ folgt.<\/strong><\/p>\n<p><em>(Am Ende folgt die Meditation \u00abAllein-Sein\u00bb vom Blog des Autors.)<\/em><\/p>\n<p>In der letzten Ausgabe des\u00a0<a href=\"https:\/\/zeitpunkt.ch\/archiv\/klima-null-debatte-keine-loesung\">Zeitpunkts \u00abNull Debatte, keine L\u00f6sung\u00bb<\/a>\u00a0haben wir versucht, die Klimadebatte anzuregen, indem wir Argumente anf\u00fchrten, die man sonst selten liest und h\u00f6rt.<\/p>\n<p><strong>Das vorliegende Buch verfolgt einen ganz anderen Ansatz<\/strong>: Es regt dazu an, die Situation der Erde bewusst zu f\u00fchlen. Indem wir das tun, k\u00f6nnen wir unsere drei Kern-Beziehungen heilen: Die Beziehung zu uns selbst, die Beziehung zu anderen Menschen und die Beziehung zur Natur. Denn die tiefste Ursache f\u00fcr die Umweltzerst\u00f6rung liegt in diesen zerr\u00fctteten Beziehungen.<\/p>\n<p><strong>\u00abDie \u00e4ussere Bedrohung ist aus dem gewachsen,\u00a0<\/strong>was wir in unserem Inneren abget\u00f6tet haben. Die \u00e4ussere Dynamik des \u00d6kozids ist menschengemacht. Die Klimakrise ist nur eines von vielen Symptomen f\u00fcr die zahlreichen Erscheinungsformen unserer Selbstverleugnung.\u00bb<\/p>\n<p>&#8222;Die \u00dcberzeugung, dass wir andere Menschen nicht brauchen, ist eine verkappte Entmachtung unserer selbst.&#8220;<\/p>\n<p><strong>Erde und Mensch sind eine Einheit, das<\/strong>\u00a0ist auch meine tiefste \u00dcberzeugung. Die Bedrohungen in der \u00e4usseren Umwelt \u2013 das drastische Artensterben, die weltweite Naturzerst\u00f6rung, ein komplett gest\u00f6rter Wasserhaushalt, der Verlust an Humus und die W\u00fcstenbildung \u2013 sind ein Spiegel f\u00fcr unsere Inweltkrise: f\u00fcr unsere Isolation, unser kollektives Trauma, die Verdr\u00e4ngung tiefer Gef\u00fchle und unsere durch Angst und Kontrollsucht gesteuerte Gesellschaft.<\/p>\n<p><strong>Ja, die Gesundheit von Erde und Natur und damit uns Menschen ist bedroht.\u00a0<\/strong>Ja,\u00a0<strong>w<\/strong>ir m\u00fcssen handeln, aber nicht durch blinden Aktionismus. Wir m\u00fcssen uns tief ver\u00e4ndern \u2013 als Gesellschaft und als Individuen. Dieses Buch zeigt wie.<\/p>\n<p><strong>Die St\u00e4rke des Extinction-Rebellion-Activisten und Therapeuten f\u00fcr Chinesische Medizin, Jack Adam Weber aus Kalifornien,\u00a0<\/strong>ist dabei nicht so sehr die wissenschaftliche Analyse. Sein Buch \u00abKlimaheilung\u00bb folgt leider fraglos dem offiziellen Klima-Narrativ und setzt das quasi auch f\u00fcr alle Aktivisten voraus.<\/p>\n<p><strong>Ich bin gespannt, ob Menschen, die das inzwischen differenzierter sehen,\u00a0<\/strong>sich \u00fcberhaupt von\u00a0seinen Vorschl\u00e4gen, Gedanken und Erfahrungen zum inneren Aktivismus anregen lassen. Es w\u00e4re zu hoffen, denn sie sind tief und hilfreich und erinnern an den Ansatz von Joana Macy zur Tiefen\u00f6kologie.<\/p>\n<p><img loading=\"lazy\" decoding=\"async\" class=\"alignnone wp-image-1751987\" src=\"https:\/\/www.pressenza.com\/wp-content\/uploads\/2023\/07\/Miteinander-300x213.jpg\" alt=\"\" width=\"415\" height=\"295\" srcset=\"https:\/\/www.pressenza.com\/wp-content\/uploads\/2023\/07\/Miteinander-300x213.jpg 300w, https:\/\/www.pressenza.com\/wp-content\/uploads\/2023\/07\/Miteinander-820x582.jpg 820w, https:\/\/www.pressenza.com\/wp-content\/uploads\/2023\/07\/Miteinander.jpg 874w\" sizes=\"auto, (max-width: 415px) 100vw, 415px\" \/><\/p>\n<p><strong>Die Regeneration unserer Beziehungen zu Natur, zum Miteinander und zum Selbst erfordert von uns, Gef\u00fchle bewusst zu machen,<\/strong> denen wir sonst ausweichen \u2013 z.B. Schmerz, Angst, Wut und Bedauern angesichts der \u00f6kologischen Zerst\u00f6rung. Doch Weber geht es nicht nur ums F\u00fchlen, sondern um eine Ausgewogenheit im Bewu\u00dftmachen und Kl\u00e4ren von Gef\u00fchlen, in kritischem Denken und praktischen Konsequenzen unseres Mitgef\u00fchls.<\/p>\n<p>&#8222;Interessant, dass die deutsche \u00dcbersetzung konsequent das Wort \u00abKlimazerr\u00fcttung\u00bb w\u00e4hlt.&#8220;<\/p>\n<p><b>Das Buch widmet er<\/b>\u00a0\u00abden unsichtbaren Ursachen der Klimazerr\u00fcttung, die tief in unserem Innern wurzeln und von unserer linearen, von \u00c4usserlichkeiten besessenen und emotional unzureichenden Kultur gr\u00f6sstenteils vergessen sind.\u00bb<\/p>\n<p><strong>Interessant, dass die deutsche \u00dcbersetzung\u00a0<\/strong>konsequent das Wort \u00abKlimazerr\u00fcttung\u00bb w\u00e4hlt: Die Assoziation einer zerr\u00fctteten Liebesbeziehung liegt nahe. F\u00fcr Weber ist diese Zerr\u00fcttung ein \u00abKatalysator des inneren Heilungsweges\u00bb der Menschen.<\/p>\n<p><strong>\u00abWenn wir uns mit den verborgenen Kr\u00e4ften auseinandersetzen wollen,<\/strong> die uns zu dieser Zerst\u00f6rung und diesem Leiden getrieben haben, reicht es nicht, einfach irgendeine Art innerer Arbeit zu leisten. Wir brauchen die Art Arbeit, durch die uns das Mitgef\u00fchl sozusagen in Fleisch und Blut \u00fcbergeht, damit wir uns nicht anstrengen m\u00fcssen, die Herzensw\u00e4rme aufzubringen.\u00bb<\/p>\n<p><strong>Um mir das Buch zu erschliessen,<\/strong>\u00a0habe ich einige hundert mal im Geiste das viel zu vereinfachende Wort Klima durch Natur oder Erde ersetzt. Ich finde, es lohnt sich, weil Weber einen sehr intimen Weg zeigt, Licht in das unbewusste Dunkel unsere Gef\u00fchle zu bringen.<\/p>\n<p><strong>\u00abWenn wir lernen, mehr Angst auszuhalten<\/strong>\u00a0\u2013 ebenso wie Furcht, Trauer, Wut, Verzweifeln und sogar Bedauern \u2013 k\u00f6nnen wir uns der Klimawirklichkeit offen und in mutiger Aufrichtigkeit stellen.\u00bb<\/p>\n<p><strong>Wir k\u00f6nnten sogar, wie Weber schreibt,\u00a0<\/strong>uns die \u00f6kologische Bedrohung \u00abals spirituellen Lehrer oder ganzheitlichen Heiler vorstellen, der uns in Gestalt des Klimachaos begegnet.\u00bb<\/p>\n<p><strong>Sein eigener strenger Heiler begegnete ihm<\/strong>\u00a0in Form eines herben Verlustes: Nachdem er 18 Jahre lang mit harter Arbeit eine Permakulturfarm auf Hawaii aufgebaut hatte, wurde sie 2018 beim Ausbruch des Kilauea unter einem Lavastrom begraben.\u00a0Er liess den Schmerz dar\u00fcber zu \u2013 und half auch Nachbarn in der Gemeinde, ihn zu f\u00fchlen. Diese \u00d6ffnung f\u00fchrte ihn zu dem ganzheitlichen Ansatz, den er heute verfolgt.<\/p>\n<p>&#8222;Es ist die \u00abUnf\u00e4higkeit, die Spannung von Gegens\u00e4tzen auszuhalten\u00bb, die uns daran hindert, Ungewissheit zu ertragen.&#8220;<\/p>\n<p><strong>Der lediglich \u00e4ussere Aktivismus werde<\/strong>\u00a0\u2013 sowie die \u00e4usseren Massnahmen im Klimaschutz \u2013 nichts erreichen, solange wir innerlich weitermachen wie bisher \u2013 und etwa Gef\u00fchle, die wir nicht haben wollen, unbewusst auf unsere Umgebung projizieren. Wenn wir uns etwa unsere \u00c4ngste nicht bewusstmachen, werden wir immer versuchen, eine Situation zu kontrollieren \u2013 zum Beispiel durch zu schnelle Schlussfolgerungen, durch aggressive Debatten, durch Abwertung von politisch Andersdenkenden. Kommt Ihnen das bekannt vor?<\/p>\n<p><strong>Das ist f\u00fcr mich eine wichtige Erkenntnis:\u00a0<\/strong>Es ist die \u00abUnf\u00e4higkeit, die Spannung von Gegens\u00e4tzen auszuhalten\u00bb, die uns daran hindert, Ungewissheit zu ertragen. \u00abKognitive Dissonanz\u00bb auszuhalten, ist aber wichtig. \u00abIch habe festgestellt, dass man durch \u00dcbung besser darin wird,\u00bb schreibt Weber.<\/p>\n<p><strong>Wichtig ist f\u00fcr ihn, die verlorene Gemeinschaft unter Menschen wieder aufzubauen.<\/strong>\u00a0\u00abWir brauchen einander\u00bb, so sein Credo: Das Selbst sieht er als Plural, als ein Wir, das auch die Natur mit einbezieht. Wer nur sich selbst als Ich wahrnimmt, wird automatisch so viele Ressourcen f\u00fcr sich selbst verbrauchen, wie es geht, besonders wenn sie knapp werden. Nur wer das Ich als ein Wir \u00a0erf\u00e4hrt, f\u00fcr den wird das \u00f6kologische Gleichgewicht wichtiger als der eigene Vorteil.<\/p>\n<p><strong>Diese Erfahrung der Verbundenheit\u00a0<\/strong>machen wir im Zusammensein mit anderen Menschen, durch Verbindung, Austausch und gegenseitige Unterst\u00fctzung. Daraus k\u00f6nnen gemeinsame angemessene Aktionen hervorgehen.<\/p>\n<p><strong>Stark auch der Satz: \u00abKrasser Individualismus\u00a0<\/strong>und die \u00dcberzeugung, dass wir andere Menschen nicht brauchen, sind eine verkappte Entmachtung unserer selbst.\u00bb<\/p>\n<p><strong>Ganz konkret leitet Weber die Leser an,\u00a0<\/strong>die Beziehung mit sich, mit der Natur und zu anderen Menschen wieder mit Leben und Bewusstsein zu f\u00fcllen. Er beschreibt seine Erfahrungen im Ausrichten regelm\u00e4ssiger Treffen, in denen Menschen ihre \u00c4ngste, ihr Wissen, ihr Mitgef\u00fchl und ihre Konsequenzen \u00fcber den \u00d6kozid austauschen und sich gegenseitig st\u00e4rken \u2013 und gibt konkrete Ratschl\u00e4ge f\u00fcr das Halten einer solchen Gruppe.<\/p>\n<p><strong>Das inspiriert mich.\u00a0<\/strong>Auch in meiner Umgebung gab es eine Weile B\u00fcrgerforen, in denen sich Menschen verschiedener Meinung m\u00f6glichst tief austauschen. In der Corona-Zeit erstarben sie, jetzt ist ein guter Moment, sie wieder zu beleben. Wenn sie weise gef\u00fchrt werden, k\u00f6nnen solche Kreise nicht nur die Debatte wieder anregen: Sie k\u00f6nnen uns in den dringend notwendigen Prozess der inneren und \u00e4usseren Transformation f\u00fchren.<\/p>\n<p><strong>Weber: \u00abIch schlage vor, wir \u00fcben aus ganzem Herzen,\u00a0<\/strong>die Spannung von Gegens\u00e4tzen auszuhalten, anstatt extreme Standpunkte einzunehmen. (\u2026) Bewerten Sie die Beweiskraft wissenschaftlicher Erkenntnisse, schalten Sie dabei Ihr kritisches Denken ein, \u00fcberpr\u00fcfen Sie gewissenhaft pers\u00f6nliche emotionale Tendenzen und kognitive annahmen und akzeptieren Sie eine Dosis Ungewissheit.\u00bb<\/p>\n<p><strong>Dass kritisches Denken nicht gerade die St\u00e4rke des Buches ist,<\/strong>\u00a0habe ich schon erw\u00e4hnt. Trotzdem\u00a0glaube ich, dass seine Anregungen eine Hilfe dabei sind, wenn wir eine gemeinsame Ebene finden wollen, eine, die uns tief gemeinsam ist: die Liebe zur Erde und der Wunsch nach Heilung.<\/p>\n<figure class=\"align-right\" role=\"group\"><figcaption><a href=\"https:\/\/shop.neueerde.de\/index.php?lang=0&amp;cl=search&amp;searchparam=Klimaheilung\">Mehr \u00fcber das Buch<\/a><\/figcaption><\/figure>\n<p>&nbsp;<\/p>\n<p><b>All-Ein-Sein \u2013 eine Meditation<\/b><\/p>\n<p><em>von Jack Adam Weber<\/em><\/p>\n<p>Es gibt Zeiten im Leben, in denen wir allein sein m\u00fcssen.<\/p>\n<p><strong>Wenn wir nicht allein sein k\u00f6nnen,<\/strong><em>\u00a0<\/em>k\u00f6nnen wir nicht die Tiefen unserer Seele ausloten und die dunklen Stellen aufarbeiten, die unsere Souver\u00e4nit\u00e4t, unsere tiefe Zugeh\u00f6rigkeit zum Leben einschr\u00e4nken.<\/p>\n<p><strong>Doch wenn wir nicht auch Partner sind,\u00a0<\/strong>k\u00f6nnen wir nicht in unsere tiefsten Wunden hineinleuchten.<\/p>\n<p><strong>Viele gehen sogar ununterbrochen Partnerschaften ein,<\/strong>\u00a0um nicht allein zu sein. Im Liebeskummer entdecken sie vielleicht all das, was sie vermieden haben.<\/p>\n<p><strong>Die Angst vor den eigenen Tiefen,<\/strong>\u00a0insbesondere vor den verwundeten Teilen (die ironischerweise eine Angst vor gr\u00f6sserer Lebendigkeit, Liebe, Ganzheit, Kreativit\u00e4t, Zugeh\u00f6rigkeit, Mitgef\u00fchl und Mut ist), veranlasst uns, diese wertvollen Teile unseres Selbst vor allem in anderen zu suchen.<\/p>\n<p><strong>Ob der \u00abAndere\u00bb zu einem Spiegel unserer eigenen Zerrissenheit<\/strong>\u00a0oder zu einer Kr\u00fccke wird, mit der wir weiterhin unser volles Selbst vermeiden, h\u00e4ngt davon ab, ob wir \u00fcberhaupt an unseren Tiefen interessiert sind.<\/p>\n<p><strong>Der Schmerz der Beziehungsliebe\u00a0<\/strong>kann der einzige Zugang f\u00fcr die Liebe sein, um die Verleugnung zu durchdringen. Das kann uns f\u00fcr das \u00f6ffnen, f\u00fcr das wir sonst wahrscheinlich nicht offen gewesen w\u00e4ren \u2013 was ich als \u00abdas, was wir an einem sonnigen Tag nicht w\u00e4hlen w\u00fcrden\u00bb beschreibe.<\/p>\n<p><strong>Herzschmerz ist die Mutter der Heilung\u00a0<\/strong>und Integration. Er l\u00f6st sich auf, je l\u00e4nger wir bei ihm bleiben. Auf diese Weise verwandelt uns der Schmerz. Wir verwandeln den Schmerz nicht, sondern wir erlauben ihm, uns zu ver\u00e4ndern. Wenn er damit fertig ist, uns zu ver\u00e4ndern, l\u00f6st er sich auf. Wenn wir dagegen unserem Herzschmerz ausweichen, verfestigen wir unser Leiden als Fortdauer des Schmerzes, mit dem wir uns nicht angefreundet haben und den wir dadurch abschw\u00e4chen, dass wir ihm erlauben, seinen Weg mit uns zu gehen.<\/p>\n<p><strong>So k\u00f6nnen wir zulassen, dass die Wunde zu einem Tor wird.<\/strong>\u00a0Und der Schmerz der Liebe kann das sein, was heimlich kommt, um uns zu retten. Deshalb ist das aufgebrochene, offene Herz eine spirituelle Chance der tiefsten und reichsten Form. Man muss sich nur mit seinem Schmerz anfreunden, dann wird einem der Weg gezeigt.<\/p>\n<p><strong>Aber die Ignoranz gegen\u00fcber der Dunkelheit und die Weigerung,<\/strong>\u00a0sich im Namen der Heilung und der Ganzheit auf den Kernschmerz einzulassen, verbergen sich oft hinter dem Slogan \u00abDie Ganzheit ist in dir\u00bb oder \u00abAlles, was du brauchst, ist in dir\u00bb.<\/p>\n<p><strong>Aber man kann diese Ganzheit oder Erleuchtung<\/strong>\u00a0oder wie immer man es nennen will, nicht allein auf dem Weg der Gl\u00fcckseligkeit erreichen. Wir erhalten unser K\u00f6rper-Psyche-Herz zur\u00fcck, indem wir die schwere und herzf\u00fcllende Arbeit in unseren Tiefen tun.<\/p>\n<p><strong>Doch wir leben in einer Welt,<\/strong> die uns von diesem Weg abh\u00e4lt: Mit der Mentalit\u00e4t des amerikanischen Traums, dem Vergn\u00fcgungs- und Gl\u00fcckswahn bis hin zur New-Age-Besessenheit mit ihrer Suche nach dem \u00e4usseren Licht haben wir unsere eigene Unterwelt, die mit unserer geliebten Erde korrespondiert (von den religi\u00f6sen Fanatikern \u00abH\u00f6lle\u00bb genannt, da sie Angst vor ihrer eigenen Dunkelheit haben und nicht wollen, dass du deine entdeckst), in ernste Gefahr gebracht.<\/p>\n<p><strong>Dies ist unsere Welt.\u00a0<\/strong>Schauen Sie sich um. Es ist der Abgrund der Klimakrise, an dem wir uns befinden.<\/p>\n<p><strong>Die Welt braucht jetzt besonders unsere dunkle Liebe<\/strong>\u00a0\u2013 unsere gesunde Reue, Scham, Schuld, Tr\u00e4nen, unsere Trauer, unser tiefes Innehalten und Nachdenken &#8230; die Weisheit, Mitgef\u00fchl, Leidenschaft, Empathie, Einfachheit, die Kraft zum Verzicht und tiefe, best\u00e4ndige Liebe f\u00f6rdern \u2013 die jeder von uns als seine eigene innere Arbeit einsetzen kann.<\/p>\n<p><strong>All dies kommt zu der G\u00fcte hinzu,\u00a0<\/strong>zu der wir bereits Zugang haben, die ich \u00abdie Liebe, die wir bereits in der Hand haben\u00bb nenne. Die dunkle Arbeit ist \u00abdie Liebe, die wir nicht in der Hand haben\u00bb, die, wenn wir die tiefe Arbeit tun, die Liebe, die wir in der Hand haben, vergr\u00f6ssert.<br \/>\nYin und Yang.<\/p>\n<p><strong>All dies f\u00fchrt nicht zum Leben des Einsiedlers, des<\/strong>\u00a0Zur\u00fcckgezogenen oder des Beziehungsscheuen. Es f\u00fchrt zu demjenigen, der sich leidenschaftlich f\u00fcr die Welt im Allgemeinen engagiert. Jemand, der seine Ganzheit einbringt, damit er in der Beziehung zu anderen ganz werden kann.<br \/>\nYin und Yang.<\/p>\n<p><strong>Aber einfaches Licht ist nicht genug.\u00a0<\/strong>Auch kein halbwegs schwieriges Licht. Wir m\u00fcssen das tiefe, schwierige Licht im Dunkeln finden. Es besteht darin, unsere verborgenen und versteckten Kernwunden anzunehmen und von ihnen verwandelt zu werden. Dies bedeutet, die Kraft des heiligen Weiblichen, der Grossen Mutter, zu verk\u00f6rpern. Dann werden wir zu Erde werden, w\u00e4hrend wir noch leben.<\/p>\n","protected":false},"excerpt":{"rendered":"<p>Das Buch \u00abKlimaheilung\u00bb des Coaches, Therapeuten und Aktivisten Jack Adam Weber liefert eine F\u00fclle ermutigender Vorschl\u00e4ge f\u00fcr \u00abinneren Aktivismus\u00bb zur Heilung von Mensch und Erde. Und das, obwohl es dem Mainstream-Klima-Narrativ folgt. (Am Ende folgt die Meditation \u00abAllein-Sein\u00bb vom Blog&hellip;<\/p>\n","protected":false},"author":2248,"featured_media":1751993,"comment_status":"closed","ping_status":"closed","sticky":false,"template":"","format":"standard","meta":{"footnotes":""},"categories":[9157],"tags":[68761,114577,114578,9426],"class_list":["post-1751986","post","type-post","status-publish","format-standard","has-post-thumbnail","hentry","category-oekologie-und-umwelt","tag-bewusstsein","tag-chinesischemedizin","tag-kritisches-denken","tag-revolution-de"],"yoast_head":"<!-- This site is optimized with the Yoast SEO plugin v27.1.1 - https:\/\/yoast.com\/product\/yoast-seo-wordpress\/ -->\n<title>F\u00fcr eine regenerative Revolution! \u2013 durch die Erneuerung unserer Beziehungen<\/title>\n<meta name=\"description\" content=\"Das Buch \u00abKlimaheilung\u00bb des Coaches, Therapeuten und Aktivisten Jack Adam Weber liefert eine F\u00fclle ermutigender Vorschl\u00e4ge f\u00fcr \u00abinneren Aktivismus\u00bb zur\" \/>\n<meta name=\"robots\" content=\"index, follow, max-snippet:-1, max-image-preview:large, max-video-preview:-1\" \/>\n<link rel=\"canonical\" href=\"https:\/\/www.pressenza.com\/de\/2023\/07\/fuer-eine-regenerative-revolution-durch-die-erneuerung-unserer-beziehungen\/\" \/>\n<meta property=\"og:locale\" content=\"de_DE\" \/>\n<meta property=\"og:type\" content=\"article\" \/>\n<meta property=\"og:title\" content=\"F\u00fcr eine regenerative Revolution! \u2013 durch die Erneuerung unserer Beziehungen\" \/>\n<meta property=\"og:description\" content=\"Das Buch \u00abKlimaheilung\u00bb des Coaches, Therapeuten und Aktivisten Jack Adam Weber liefert eine F\u00fclle ermutigender Vorschl\u00e4ge f\u00fcr \u00abinneren Aktivismus\u00bb zur\" \/>\n<meta property=\"og:url\" content=\"https:\/\/www.pressenza.com\/de\/2023\/07\/fuer-eine-regenerative-revolution-durch-die-erneuerung-unserer-beziehungen\/\" \/>\n<meta property=\"og:site_name\" content=\"Pressenza\" \/>\n<meta property=\"article:publisher\" content=\"https:\/\/www.facebook.com\/PressenzaItalia\" \/>\n<meta property=\"article:published_time\" content=\"2023-07-16T17:26:34+00:00\" \/>\n<meta property=\"article:modified_time\" content=\"2023-07-17T13:30:36+00:00\" \/>\n<meta property=\"og:image\" content=\"https:\/\/www.pressenza.com\/wp-content\/uploads\/2023\/07\/Untitled-design-3.jpg\" \/>\n\t<meta property=\"og:image:width\" content=\"1093\" \/>\n\t<meta property=\"og:image:height\" content=\"775\" \/>\n\t<meta property=\"og:image:type\" content=\"image\/jpeg\" \/>\n<meta name=\"author\" content=\"ZEITPUNKT\" \/>\n<meta name=\"twitter:card\" content=\"summary_large_image\" \/>\n<meta name=\"twitter:creator\" content=\"@PressenzaIPA\" \/>\n<meta name=\"twitter:site\" content=\"@PressenzaIPA\" \/>\n<meta name=\"twitter:label1\" content=\"Verfasst von\" \/>\n\t<meta name=\"twitter:data1\" content=\"ZEITPUNKT\" \/>\n\t<meta name=\"twitter:label2\" content=\"Gesch\u00e4tzte Lesezeit\" \/>\n\t<meta name=\"twitter:data2\" content=\"11\u00a0Minuten\" \/>\n<script type=\"application\/ld+json\" class=\"yoast-schema-graph\">{\"@context\":\"https:\/\/schema.org\",\"@graph\":[{\"@type\":\"Article\",\"@id\":\"https:\/\/www.pressenza.com\/de\/2023\/07\/fuer-eine-regenerative-revolution-durch-die-erneuerung-unserer-beziehungen\/#article\",\"isPartOf\":{\"@id\":\"https:\/\/www.pressenza.com\/de\/2023\/07\/fuer-eine-regenerative-revolution-durch-die-erneuerung-unserer-beziehungen\/\"},\"author\":{\"name\":\"ZEITPUNKT\",\"@id\":\"https:\/\/www.pressenza.com\/de\/#\/schema\/person\/d0d3a98887409dbb1950d82e24b42010\"},\"headline\":\"F\u00fcr eine regenerative Revolution! \u2013 durch die Erneuerung unserer Beziehungen\",\"datePublished\":\"2023-07-16T17:26:34+00:00\",\"dateModified\":\"2023-07-17T13:30:36+00:00\",\"mainEntityOfPage\":{\"@id\":\"https:\/\/www.pressenza.com\/de\/2023\/07\/fuer-eine-regenerative-revolution-durch-die-erneuerung-unserer-beziehungen\/\"},\"wordCount\":2013,\"publisher\":{\"@id\":\"https:\/\/www.pressenza.com\/de\/#organization\"},\"image\":{\"@id\":\"https:\/\/www.pressenza.com\/de\/2023\/07\/fuer-eine-regenerative-revolution-durch-die-erneuerung-unserer-beziehungen\/#primaryimage\"},\"thumbnailUrl\":\"https:\/\/www.pressenza.com\/wp-content\/uploads\/2023\/07\/Untitled-design-3.jpg\",\"keywords\":[\"Bewusstsein\",\"ChinesischeMedizin\",\"kritisches-Denken\",\"revolution\"],\"articleSection\":[\"\u00d6kologie und Umwelt\"],\"inLanguage\":\"de\"},{\"@type\":\"WebPage\",\"@id\":\"https:\/\/www.pressenza.com\/de\/2023\/07\/fuer-eine-regenerative-revolution-durch-die-erneuerung-unserer-beziehungen\/\",\"url\":\"https:\/\/www.pressenza.com\/de\/2023\/07\/fuer-eine-regenerative-revolution-durch-die-erneuerung-unserer-beziehungen\/\",\"name\":\"F\u00fcr eine regenerative Revolution! \u2013 durch die Erneuerung unserer Beziehungen\",\"isPartOf\":{\"@id\":\"https:\/\/www.pressenza.com\/de\/#website\"},\"primaryImageOfPage\":{\"@id\":\"https:\/\/www.pressenza.com\/de\/2023\/07\/fuer-eine-regenerative-revolution-durch-die-erneuerung-unserer-beziehungen\/#primaryimage\"},\"image\":{\"@id\":\"https:\/\/www.pressenza.com\/de\/2023\/07\/fuer-eine-regenerative-revolution-durch-die-erneuerung-unserer-beziehungen\/#primaryimage\"},\"thumbnailUrl\":\"https:\/\/www.pressenza.com\/wp-content\/uploads\/2023\/07\/Untitled-design-3.jpg\",\"datePublished\":\"2023-07-16T17:26:34+00:00\",\"dateModified\":\"2023-07-17T13:30:36+00:00\",\"description\":\"Das Buch \u00abKlimaheilung\u00bb des Coaches, Therapeuten und Aktivisten Jack Adam Weber liefert eine F\u00fclle ermutigender Vorschl\u00e4ge f\u00fcr \u00abinneren Aktivismus\u00bb zur\",\"breadcrumb\":{\"@id\":\"https:\/\/www.pressenza.com\/de\/2023\/07\/fuer-eine-regenerative-revolution-durch-die-erneuerung-unserer-beziehungen\/#breadcrumb\"},\"inLanguage\":\"de\",\"potentialAction\":[{\"@type\":\"ReadAction\",\"target\":[\"https:\/\/www.pressenza.com\/de\/2023\/07\/fuer-eine-regenerative-revolution-durch-die-erneuerung-unserer-beziehungen\/\"]}]},{\"@type\":\"ImageObject\",\"inLanguage\":\"de\",\"@id\":\"https:\/\/www.pressenza.com\/de\/2023\/07\/fuer-eine-regenerative-revolution-durch-die-erneuerung-unserer-beziehungen\/#primaryimage\",\"url\":\"https:\/\/www.pressenza.com\/wp-content\/uploads\/2023\/07\/Untitled-design-3.jpg\",\"contentUrl\":\"https:\/\/www.pressenza.com\/wp-content\/uploads\/2023\/07\/Untitled-design-3.jpg\",\"width\":1093,\"height\":775},{\"@type\":\"BreadcrumbList\",\"@id\":\"https:\/\/www.pressenza.com\/de\/2023\/07\/fuer-eine-regenerative-revolution-durch-die-erneuerung-unserer-beziehungen\/#breadcrumb\",\"itemListElement\":[{\"@type\":\"ListItem\",\"position\":1,\"name\":\"Accueil\",\"item\":\"https:\/\/www.pressenza.com\/de\/\"},{\"@type\":\"ListItem\",\"position\":2,\"name\":\"F\u00fcr eine regenerative Revolution! \u2013 durch die Erneuerung unserer Beziehungen\"}]},{\"@type\":\"WebSite\",\"@id\":\"https:\/\/www.pressenza.com\/de\/#website\",\"url\":\"https:\/\/www.pressenza.com\/de\/\",\"name\":\"Pressenza\",\"description\":\"International Press Agency\",\"publisher\":{\"@id\":\"https:\/\/www.pressenza.com\/de\/#organization\"},\"potentialAction\":[{\"@type\":\"SearchAction\",\"target\":{\"@type\":\"EntryPoint\",\"urlTemplate\":\"https:\/\/www.pressenza.com\/de\/?s={search_term_string}\"},\"query-input\":{\"@type\":\"PropertyValueSpecification\",\"valueRequired\":true,\"valueName\":\"search_term_string\"}}],\"inLanguage\":\"de\"},{\"@type\":\"Organization\",\"@id\":\"https:\/\/www.pressenza.com\/de\/#organization\",\"name\":\"Pressenza\",\"url\":\"https:\/\/www.pressenza.com\/de\/\",\"logo\":{\"@type\":\"ImageObject\",\"inLanguage\":\"de\",\"@id\":\"https:\/\/www.pressenza.com\/de\/#\/schema\/logo\/image\/\",\"url\":\"https:\/\/www.pressenza.com\/wp-content\/uploads\/2022\/10\/pressenza_logo_200x200.jpg\",\"contentUrl\":\"https:\/\/www.pressenza.com\/wp-content\/uploads\/2022\/10\/pressenza_logo_200x200.jpg\",\"width\":200,\"height\":200,\"caption\":\"Pressenza\"},\"image\":{\"@id\":\"https:\/\/www.pressenza.com\/de\/#\/schema\/logo\/image\/\"},\"sameAs\":[\"https:\/\/www.facebook.com\/PressenzaItalia\",\"https:\/\/x.com\/PressenzaIPA\"]},{\"@type\":\"Person\",\"@id\":\"https:\/\/www.pressenza.com\/de\/#\/schema\/person\/d0d3a98887409dbb1950d82e24b42010\",\"name\":\"ZEITPUNKT\",\"description\":\"Der ZEITPUNKT ist unabh\u00e4ngig von Organisationen, Parteien und Gruppierungen und wird von freien Beitr\u00e4gen der Leserinnen und Leser getragen. Das Copyright dieser Seite und ihrer Inhalte liegt beim Zeitpunkt bzw. den jeweiligen AutorInnen und ihren Verlagen. Weiterverwendung in jeder Form nur mit schriftlicher Genehmigung der Copyright-Inhaber.\",\"sameAs\":[\"https:\/\/zeitpunkt.ch\/\"],\"url\":\"https:\/\/www.pressenza.com\/de\/author\/zeitpunkt\/\"}]}<\/script>\n<!-- \/ Yoast SEO plugin. -->","yoast_head_json":{"title":"F\u00fcr eine regenerative Revolution! \u2013 durch die Erneuerung unserer Beziehungen","description":"Das Buch \u00abKlimaheilung\u00bb des Coaches, Therapeuten und Aktivisten Jack Adam Weber liefert eine F\u00fclle ermutigender Vorschl\u00e4ge f\u00fcr \u00abinneren Aktivismus\u00bb zur","robots":{"index":"index","follow":"follow","max-snippet":"max-snippet:-1","max-image-preview":"max-image-preview:large","max-video-preview":"max-video-preview:-1"},"canonical":"https:\/\/www.pressenza.com\/de\/2023\/07\/fuer-eine-regenerative-revolution-durch-die-erneuerung-unserer-beziehungen\/","og_locale":"de_DE","og_type":"article","og_title":"F\u00fcr eine regenerative Revolution! \u2013 durch die Erneuerung unserer Beziehungen","og_description":"Das Buch \u00abKlimaheilung\u00bb des Coaches, Therapeuten und Aktivisten Jack Adam Weber liefert eine F\u00fclle ermutigender Vorschl\u00e4ge f\u00fcr \u00abinneren Aktivismus\u00bb zur","og_url":"https:\/\/www.pressenza.com\/de\/2023\/07\/fuer-eine-regenerative-revolution-durch-die-erneuerung-unserer-beziehungen\/","og_site_name":"Pressenza","article_publisher":"https:\/\/www.facebook.com\/PressenzaItalia","article_published_time":"2023-07-16T17:26:34+00:00","article_modified_time":"2023-07-17T13:30:36+00:00","og_image":[{"width":1093,"height":775,"url":"https:\/\/www.pressenza.com\/wp-content\/uploads\/2023\/07\/Untitled-design-3.jpg","type":"image\/jpeg"}],"author":"ZEITPUNKT","twitter_card":"summary_large_image","twitter_creator":"@PressenzaIPA","twitter_site":"@PressenzaIPA","twitter_misc":{"Verfasst von":"ZEITPUNKT","Gesch\u00e4tzte Lesezeit":"11\u00a0Minuten"},"schema":{"@context":"https:\/\/schema.org","@graph":[{"@type":"Article","@id":"https:\/\/www.pressenza.com\/de\/2023\/07\/fuer-eine-regenerative-revolution-durch-die-erneuerung-unserer-beziehungen\/#article","isPartOf":{"@id":"https:\/\/www.pressenza.com\/de\/2023\/07\/fuer-eine-regenerative-revolution-durch-die-erneuerung-unserer-beziehungen\/"},"author":{"name":"ZEITPUNKT","@id":"https:\/\/www.pressenza.com\/de\/#\/schema\/person\/d0d3a98887409dbb1950d82e24b42010"},"headline":"F\u00fcr eine regenerative Revolution! \u2013 durch die Erneuerung unserer Beziehungen","datePublished":"2023-07-16T17:26:34+00:00","dateModified":"2023-07-17T13:30:36+00:00","mainEntityOfPage":{"@id":"https:\/\/www.pressenza.com\/de\/2023\/07\/fuer-eine-regenerative-revolution-durch-die-erneuerung-unserer-beziehungen\/"},"wordCount":2013,"publisher":{"@id":"https:\/\/www.pressenza.com\/de\/#organization"},"image":{"@id":"https:\/\/www.pressenza.com\/de\/2023\/07\/fuer-eine-regenerative-revolution-durch-die-erneuerung-unserer-beziehungen\/#primaryimage"},"thumbnailUrl":"https:\/\/www.pressenza.com\/wp-content\/uploads\/2023\/07\/Untitled-design-3.jpg","keywords":["Bewusstsein","ChinesischeMedizin","kritisches-Denken","revolution"],"articleSection":["\u00d6kologie und Umwelt"],"inLanguage":"de"},{"@type":"WebPage","@id":"https:\/\/www.pressenza.com\/de\/2023\/07\/fuer-eine-regenerative-revolution-durch-die-erneuerung-unserer-beziehungen\/","url":"https:\/\/www.pressenza.com\/de\/2023\/07\/fuer-eine-regenerative-revolution-durch-die-erneuerung-unserer-beziehungen\/","name":"F\u00fcr eine regenerative Revolution! \u2013 durch die Erneuerung unserer Beziehungen","isPartOf":{"@id":"https:\/\/www.pressenza.com\/de\/#website"},"primaryImageOfPage":{"@id":"https:\/\/www.pressenza.com\/de\/2023\/07\/fuer-eine-regenerative-revolution-durch-die-erneuerung-unserer-beziehungen\/#primaryimage"},"image":{"@id":"https:\/\/www.pressenza.com\/de\/2023\/07\/fuer-eine-regenerative-revolution-durch-die-erneuerung-unserer-beziehungen\/#primaryimage"},"thumbnailUrl":"https:\/\/www.pressenza.com\/wp-content\/uploads\/2023\/07\/Untitled-design-3.jpg","datePublished":"2023-07-16T17:26:34+00:00","dateModified":"2023-07-17T13:30:36+00:00","description":"Das Buch \u00abKlimaheilung\u00bb des Coaches, Therapeuten und Aktivisten Jack Adam Weber liefert eine F\u00fclle ermutigender Vorschl\u00e4ge f\u00fcr \u00abinneren Aktivismus\u00bb zur","breadcrumb":{"@id":"https:\/\/www.pressenza.com\/de\/2023\/07\/fuer-eine-regenerative-revolution-durch-die-erneuerung-unserer-beziehungen\/#breadcrumb"},"inLanguage":"de","potentialAction":[{"@type":"ReadAction","target":["https:\/\/www.pressenza.com\/de\/2023\/07\/fuer-eine-regenerative-revolution-durch-die-erneuerung-unserer-beziehungen\/"]}]},{"@type":"ImageObject","inLanguage":"de","@id":"https:\/\/www.pressenza.com\/de\/2023\/07\/fuer-eine-regenerative-revolution-durch-die-erneuerung-unserer-beziehungen\/#primaryimage","url":"https:\/\/www.pressenza.com\/wp-content\/uploads\/2023\/07\/Untitled-design-3.jpg","contentUrl":"https:\/\/www.pressenza.com\/wp-content\/uploads\/2023\/07\/Untitled-design-3.jpg","width":1093,"height":775},{"@type":"BreadcrumbList","@id":"https:\/\/www.pressenza.com\/de\/2023\/07\/fuer-eine-regenerative-revolution-durch-die-erneuerung-unserer-beziehungen\/#breadcrumb","itemListElement":[{"@type":"ListItem","position":1,"name":"Accueil","item":"https:\/\/www.pressenza.com\/de\/"},{"@type":"ListItem","position":2,"name":"F\u00fcr eine regenerative Revolution! \u2013 durch die Erneuerung unserer Beziehungen"}]},{"@type":"WebSite","@id":"https:\/\/www.pressenza.com\/de\/#website","url":"https:\/\/www.pressenza.com\/de\/","name":"Pressenza","description":"International Press Agency","publisher":{"@id":"https:\/\/www.pressenza.com\/de\/#organization"},"potentialAction":[{"@type":"SearchAction","target":{"@type":"EntryPoint","urlTemplate":"https:\/\/www.pressenza.com\/de\/?s={search_term_string}"},"query-input":{"@type":"PropertyValueSpecification","valueRequired":true,"valueName":"search_term_string"}}],"inLanguage":"de"},{"@type":"Organization","@id":"https:\/\/www.pressenza.com\/de\/#organization","name":"Pressenza","url":"https:\/\/www.pressenza.com\/de\/","logo":{"@type":"ImageObject","inLanguage":"de","@id":"https:\/\/www.pressenza.com\/de\/#\/schema\/logo\/image\/","url":"https:\/\/www.pressenza.com\/wp-content\/uploads\/2022\/10\/pressenza_logo_200x200.jpg","contentUrl":"https:\/\/www.pressenza.com\/wp-content\/uploads\/2022\/10\/pressenza_logo_200x200.jpg","width":200,"height":200,"caption":"Pressenza"},"image":{"@id":"https:\/\/www.pressenza.com\/de\/#\/schema\/logo\/image\/"},"sameAs":["https:\/\/www.facebook.com\/PressenzaItalia","https:\/\/x.com\/PressenzaIPA"]},{"@type":"Person","@id":"https:\/\/www.pressenza.com\/de\/#\/schema\/person\/d0d3a98887409dbb1950d82e24b42010","name":"ZEITPUNKT","description":"Der ZEITPUNKT ist unabh\u00e4ngig von Organisationen, Parteien und Gruppierungen und wird von freien Beitr\u00e4gen der Leserinnen und Leser getragen. Das Copyright dieser Seite und ihrer Inhalte liegt beim Zeitpunkt bzw. den jeweiligen AutorInnen und ihren Verlagen. Weiterverwendung in jeder Form nur mit schriftlicher Genehmigung der Copyright-Inhaber.","sameAs":["https:\/\/zeitpunkt.ch\/"],"url":"https:\/\/www.pressenza.com\/de\/author\/zeitpunkt\/"}]}},"place":"Christa Dregger","original_article_url":"https:\/\/zeitpunkt.ch\/fuer-eine-regenerative-revolution-durch-die-erneuerung-unserer-beziehungen","_links":{"self":[{"href":"https:\/\/www.pressenza.com\/de\/wp-json\/wp\/v2\/posts\/1751986","targetHints":{"allow":["GET"]}}],"collection":[{"href":"https:\/\/www.pressenza.com\/de\/wp-json\/wp\/v2\/posts"}],"about":[{"href":"https:\/\/www.pressenza.com\/de\/wp-json\/wp\/v2\/types\/post"}],"author":[{"embeddable":true,"href":"https:\/\/www.pressenza.com\/de\/wp-json\/wp\/v2\/users\/2248"}],"replies":[{"embeddable":true,"href":"https:\/\/www.pressenza.com\/de\/wp-json\/wp\/v2\/comments?post=1751986"}],"version-history":[{"count":0,"href":"https:\/\/www.pressenza.com\/de\/wp-json\/wp\/v2\/posts\/1751986\/revisions"}],"wp:featuredmedia":[{"embeddable":true,"href":"https:\/\/www.pressenza.com\/de\/wp-json\/wp\/v2\/media\/1751993"}],"wp:attachment":[{"href":"https:\/\/www.pressenza.com\/de\/wp-json\/wp\/v2\/media?parent=1751986"}],"wp:term":[{"taxonomy":"category","embeddable":true,"href":"https:\/\/www.pressenza.com\/de\/wp-json\/wp\/v2\/categories?post=1751986"},{"taxonomy":"post_tag","embeddable":true,"href":"https:\/\/www.pressenza.com\/de\/wp-json\/wp\/v2\/tags?post=1751986"}],"curies":[{"name":"wp","href":"https:\/\/api.w.org\/{rel}","templated":true}]}}