{"id":1751102,"date":"2023-07-11T15:02:46","date_gmt":"2023-07-11T14:02:46","guid":{"rendered":"https:\/\/www.pressenza.com\/?p=1751102"},"modified":"2023-07-11T15:03:23","modified_gmt":"2023-07-11T14:03:23","slug":"ich-bin-ein-blinder-mensch-der-viel-liebe-und-kraft-empfindet-ein-zeugnis-des-lebens","status":"publish","type":"post","link":"https:\/\/www.pressenza.com\/de\/2023\/07\/ich-bin-ein-blinder-mensch-der-viel-liebe-und-kraft-empfindet-ein-zeugnis-des-lebens\/","title":{"rendered":"Ich bin ein blinder Mensch, der viel Liebe und Kraft empfindet: ein Zeugnis des Lebens"},"content":{"rendered":"<p><strong>\u201eDeine Wahrnehmung der Welt ist ein Spiegelbild deines Bewusstseinszustands\u201c.<\/strong><\/p>\n<p>Mein Name ist Antonia. Ich war 26 Jahre alt, ich las zu der Zeit, als ich meine Augen rieb und pl\u00f6tzlich sah ich einen dunklen Fleck in der Mitte meines Auges. Ich deckte mein Auge ab und erkannte, dass der Fleck noch da war. Am n\u00e4chsten Tag ging ich zum Augenarzt und er sagte: &#8222;Sie haben Retinitis pigmentosa und in einem Jahr werden Sie erblinden&#8220; und f\u00fcgte hinzu: &#8222;Nehmen Sie also die Einschr\u00e4nkung bei der Arbeit in Kauf und gew\u00f6hnen Sie sich an die Idee, dass Sie in einem Jahr erblinden werden&#8220;. Die Frist war im Februar und ich verbrachte das ganze Jahr damit, auf das Datum zu warten, das mich beunruhigte und vor dem ich mich f\u00fcrchtete.<\/p>\n<p>Es hatte einen enormen Einfluss auf mich, den ich mir nie h\u00e4tte vorstellen k\u00f6nnen. Dann dachte ich, dass ich in einem Jahr erblinden w\u00fcrde und nicht mehr herauskommen w\u00fcrde. Ich blieb zwei Tage allein zu Hause, ich weinte in diesen zwei Tagen viel -denn Weinen ist sehr gut &#8211; Ich habe viel dar\u00fcber nachgedacht, was ich in Zukunft tun w\u00fcrde, ich wei\u00df nicht, ob ich gegessen, Wasser getrunken habe oder nicht, aber am dritten Tag, als ich aufgestanden bin, nahm ich eine Orange, schnitt sie in zwei H\u00e4lften und goss den Saft in meinen Mund. Ich atmete, duschte und f\u00fchlte mich wieder wie ich selbst. Und als ich an die Diagnose dachte, sagte ich mir: &#8222;Wenn ich mein Augenlicht verliere, m\u00f6chte ich nicht geholfen werden; ich m\u00f6chte jemand sein, der anderen hilft&#8220;.<\/p>\n<p>Von da an wartete ich immer auf den Februar des folgenden Jahres. Ich fing an, ein normales Leben zu f\u00fchren, ich erz\u00e4hlte nur ein paar engen Freunden von dem, was mit mir geschah, und in der Zwischenzeit arbeitete ich weiter mit meinem Bewusstsein, meinem K\u00f6rper und meinem Studium, und ich schuf einen Lebensstil f\u00fcr mich selbst. Ich f\u00fchlte mich jeden Tag besser und besser und ich f\u00fcrchtete den Monat Februar des folgenden Jahres. Als der fragliche Monat eintraf, wurde mir klar, dass das, was der Augenarzt mir gesagt hatte, nicht wahr war. Ich best\u00e4tigte meine Diagnose einer Retinitis mit den besten \u00c4rzten in Spanien, und sie sagten mir, dass der Arzt mir nicht h\u00e4tte sagen sollen, dass ich in einem Jahr blind sein w\u00fcrde. Ich habe die Augen\u00e4rzte vergessen und dass ich erblinden w\u00fcrde. Innerlich st\u00e4rkte es mich, mir selbst zu wiederholen: &#8222;Ich werde nicht blind werden; ich werde eine Person sein, die sich um andere blinde Menschen k\u00fcmmern wird, aber ich werde es tun, ohne blind zu sein&#8220;. Ein paar Jahre vergingen, dann begann ich, blinden Menschen n\u00e4her zu kommen, und mir wurde klar, dass es in Madrid viele Blinde gab, die auf der Stra\u00dfe Coupons verkauften, aber ich hatte es nie bemerkt.<\/p>\n<p>Als ich versuchte, mich mit meiner Behinderung zu arrangieren, erz\u00e4hlten sie mir von ONCE und ich wandte mich an sie. Sp\u00e4ter lernte ich eine Frau kennen, deren Mann blind war, und sie sagte zu mir: &#8222;Warum gehst du nicht zu ONCE und trittst bei?&#8220;. ONCE ist die Nationale Blindenorganisation in Spanien, die durch spezialisierte soziale Dienste die pers\u00f6nliche Autonomie und die vollst\u00e4ndige soziale und Arbeitsintegration von Menschen mit Blindheit und Sehbehinderung erleichtert und unterst\u00fctzt und durch den Verkauf von Coupons in einer nationalen Lotterie finanziert wird. Zu meiner \u00dcberraschung, als ich blinde Menschen n\u00e4her kennenlernte, bekr\u00e4ftigte ich noch einmal, dass ich nicht blind bleiben w\u00fcrde, sondern dass ich sehen musste, um auf jede erdenkliche Weise zu helfen. Ich habe mehr und mehr Kraft und mehr Sinn in diese Mission gesteckt. Ich habe es immer als meine eigene \u00dcberzeugung zu mir gesagt und nicht zu anderen.<\/p>\n<p>Als ich anfing, bei ONCE zu arbeiten, wie jede andere Person aus einem gro\u00dfen Prozentsatz von Menschen, ging ich, um Coupons zu verkaufen. An dem ersten Tag, an dem ich zur Arbeit ging, wollten sie mich begleiten, aber da ich einen sehr hohen Prozentsatz der Sehkraft besa\u00df, brauchte ich sie nicht, um Mitleid mit mir zu haben oder mich zu begleiten. Das st\u00e4rkte mich sehr und zusammen mit dem Humanismus und seinen Menschen, die ich ein Jahr vor der Nachricht von meiner Blindheit getroffen hatte, begann ich, Psychologie und Philosophie durch meinen Lehrer Silo und andere Referenzen wie Buddha, Sokrates, Pythagoras und viele andere Freidenker zu studieren.<\/p>\n<p>Die Zeit verging vom \u00f6ffentlichen Verkauf von Coupons und ich ging zu anderen Arbeiten innerhalb derselben Organisation \u00fcber. Ich verbrachte die ganze Zeit mit der Arbeit und als es mich st\u00e4rkte, erz\u00e4hlte ich dem Psychologen der Organisation davon, und als sie Gruppentherapie f\u00fcr die neuen Blinden machten, die zum ersten Mal zur Arbeit kamen, riefen sie mich an, um meine Erfahrungen zu erz\u00e4hlen, weil die neuen Blinden immer mit sehr schlechten Gef\u00fchlen kommen. Und weil ich meine Erfahrung mit viel Liebe und Kraft erz\u00e4hlte, gingen sie mit einer anderen Einstellung als der, die sie bei ihrer Ankunft mitgebracht hatten. Ich f\u00fchlte mich so gut, so n\u00fctzlich, so erf\u00fcllt, dass ich es genoss, mit und f\u00fcr blinde Menschen zu arbeiten. Ich hatte sehr gute Freunde, weil ich mich immer gut mit all den Leuten und Kollegen, Coupongverk\u00e4ufern und dem Management verstanden habe.<\/p>\n<p>Bei ONCE lernte ich Braille zu schreiben und zu lesen, zu dieser Zeit brauchte ich keine Eingliederung, da ich eine Sehbehinderung hatte, die es mir erm\u00f6glichte, weiterhin unabh\u00e4ngig zu sein.<\/p>\n<p>Nach einer Weile wurde mir gesagt, dass ich in einer F\u00fchrungsposition n\u00fctzlicher sein w\u00fcrde, aber da diese Position mich den ganzen Tag in Anspruch nehmen w\u00fcrde, akzeptierte ich sie nicht und verkaufte weiterhin Coupons. Der Unterschied zwischen vier Stunden Arbeit mit dem Verkauf von Coupons und acht bis zehn Stunden im Management lohnte sich f\u00fcr mich nicht, weil ich dasselbe verdient h\u00e4tte.<\/p>\n<p>Einmal half ein sehr f\u00e4higer blinder Anwalt, ein Mitglied des Parlaments w\u00e4hrend zwei Amtszeiten, der immer darum besorgt war, der blinden Gemeinschaft das Leben zu erleichtern, ein Gesetz zu schaffen, das es blinden Menschen erlaubte, fr\u00fcher in Rente zu gehen als der Rest der Bev\u00f6lkerung.<\/p>\n<p>All diese Jahre waren gl\u00fccklich und bereichernd f\u00fcr mich und meine Lieben. Es war nichts im Vergleich zu dem ersten Jahr, das ich erlebte, als man mir sagte, dass ich in einem Jahr mein Augenlicht verlieren w\u00fcrde. Ich konnte weiterhin mit vermindertem Verm\u00f6gen sehen. Zweifellos verlor ich mit der Zeit immer mehr Sehkraft und erkannte, dass die Verwendung eines Stocks eine Garantie f\u00fcr Sicherheit ist und es den Menschen erleichtert, hilfsbereit zu sein, zu helfen, wie es in offiziellen Zentren oder Flugh\u00e4fen der Fall ist. Ich habe auch den Stock in Geb\u00e4uden verwendet, denn f\u00fcr eine Person mit Retinitis pigmentosa wird alles dunkel, wenn man vom Licht in den Schatten wechselt, wie es beim Betreten eines Geb\u00e4udes der Fall ist. Aufgrund der Verlassenheit, in der wir blinden Menschen gelebt haben, als Verteidigung gegen die T\u00e4uschungen, die wir erlitten haben, haben blinde Menschen viel Misstrauen und Argwohn entwickelt, was sich nachteilig auf unsere Selbstorganisation auswirkt, und diese Schwierigkeit m\u00fcssen wir jetzt \u00fcberwinden.<\/p>\n<p>Die ganze Zeit nach dem ersten Jahr widmete ich mich, um herauszufinden, wie blinde Menschen in verschiedenen Teilen der Welt lebten. Ich reiste nach Chile, wo ich ein Projekt startete, das sp\u00e4ter scheiterte, und ich ging nach Nordafrika. Zu dieser Zeit wurde mir klar, dass Afrika nur eine Stunde mit dem Flugzeug entfernt war, und ich widmete mich ganz der Zusammenarbeit dort. Das Hauptprojekt bestand darin, in den Saharaui-Lagern in Tindouf, Algerien, Schulen f\u00fcr blinde Kinder zu schaffen, denn dort wurden alle Kinder mit gewissen Schwierigkeiten gemeinsam unterrichtet, ohne die Bed\u00fcrfnisse und die p\u00e4dagogischen Vorbereitungen jeder Gruppe zu differenzieren. Auf diese Weise und mit M\u00fche hatten sie ihre eigene Schule ausschlie\u00dflich f\u00fcr blinde M\u00e4nner und Frauen.<\/p>\n<p>Ich wurde daf\u00fcr verantwortlich, Material f\u00fcr blinde Menschen in mehrere L\u00e4nder in S\u00fcd- und Mittelamerika und Nordafrika zu senden.<\/p>\n<p>Derzeit und in den letzten sechs Jahren habe ich begonnen, Tag und Nacht viele Lichter zu sehen. Laut ophthalmologischen Studien passiert dies normalerweise Menschen, die erblinden. Also bin ich jetzt eine blinde Person, weil die Lichter mich daran hindern zu sehen. Ich habe die ganze Zeit damit verbracht, mich zu st\u00e4rken und sicherzustellen, dass die Lichter nicht bleiben und verschwinden, wie es bei der Blindheit passiert ist.<\/p>\n<p>Ich habe mit vielen blinden Menschen zusammengearbeitet, die eine andere Ursache f\u00fcr ihre Blindheit haben, und dabei geholfen, sie auf freiwilliger Basis zu informieren. Auf der anderen Seite war ich daran beteiligt, Eltern von Kindern mit unterschiedlichen Behinderungen, einschlie\u00dflich blinder Kinder, dar\u00fcber zu informieren, dass sie einige Leistungen erhalten k\u00f6nnen, wie das Recht, das Gehalt ihrer Eltern zu erben, wenn sie sterben, was nur wenige Menschen wissen und dass aufgrund von Fehlinformationen und mangelndem Wissen dieser Anspruch verloren geht. Dar\u00fcber hinaus erhalten diese Kinder mit unterschiedlichen F\u00e4higkeiten eine staatliche Rente, die sie weiterhin erhalten k\u00f6nnen.<\/p>\n<p>Ich k\u00f6nnte euch noch viel mehr erz\u00e4hlen, aber ich stehe um 8 Uhr morgens auf und verbringe die meiste Zeit des Tages damit, die Probleme vieler Menschen zu l\u00f6sen oder einen kostenlosen Ratschlag zu geben, wie man sie l\u00f6sen kann. Jetzt bin ich blind und leide unter dem Licht, aber nichts h\u00e4lt mich auf.<\/p>\n<p>Auf meiner Reise gab es kleine Misserfolge, aber es gab auch neue Erkenntnisse. Ich hoffe, dass in diesem Projekt voller Vertrauen und Zuneigung in Chile alles gut l\u00e4uft, denn ich bin selten bei allem, was ich mir vorgenommen habe, gescheitert, und diese Genugtuung wird in diesem Fall allen blinden M\u00e4nnern und Frauen in Chile zuteil werden, denn die gr\u00f6\u00dfte Arbeit wird die ihre sein. Jetzt lebe ich einen der besten Momente meines Lebens und hoffe, dass die blinden Menschen in Chile ihr Ziel mit dem Modell von ONCE in Spanien und mit der Hilfe von euch allen erreichen werden.<\/p>\n<p>All dies, was ich \u00fcber meine Bem\u00fchungen und das Lernen, anderen zu helfen, erz\u00e4hlt habe, verdanke ich der Tatsache, dass ich ein Jahr vor der Nachricht, dass ich blind werde, die Humanisten traf, eines der wichtigen Ereignisse in meinem Leben. Ich verdanke es auch der Geburt meiner Tochter im Monat Februar, die mein Leiden im Zusammenhang mit der Tatsache brach, dass ich wegen der Frist f\u00fcr die Erblindung immer auf den folgenden Monat Februar gewartet habe. Von da an ist der Februar immer ein Moment des Gl\u00fccks, weil es bedeutet, ein Meilenstein in meinem Leben. Es war auch wichtig, ONCE kennenzulernen. Aber wie ihr verstehen werdet, kommt meine Tochter vor allem anderen. Ich war gl\u00fccklich in meinem Leben trotz der Schwierigkeiten, die uns immer begleiten. Ich war gl\u00fccklich mit meiner Tochter.<\/p>\n<p>Wie ihr seht, bezieht sich mein Lebenszeugnis ausschlie\u00dflich auf Blindheit. Nur meine Tochter habe ich getrennt von meiner Blindheit erw\u00e4hnt, nichts anderes, weil ich denke, dass der Rest kein interessantes Thema f\u00fcr euch ist.<\/p>\n<p>Schlie\u00dflich habe ich in fast allen Tagen meines Lebens nie etwas f\u00fcr einen materiellen Nutzen getan; ich habe alles f\u00fcr meinen inneren Nutzen getan, um mein Bewusstsein zu erh\u00f6hen und etwas Sinnvolles in der Welt zu tun.<\/p>\n<p>Ohne weitere Worte verabschiede ich mich von ganzem Herzen von euch, Antonia.<\/p>\n<p><strong><em>Von: Antonia Rodr\u00edguez Matus, Mitglied der Convergencia de las Culturas-Chile<\/em><\/strong><\/p>\n<p><strong><em>\u00dcbersetzung aus dem Englischen von Sezen Erdogan vom ehrenamtlichen Pressenza-\u00dcbersetzungsteam erstellt.\u00a0<\/em><\/strong><a href=\"https:\/\/www.pressenza.com\/de\/mitarbeiten\/\" target=\"_blank\" rel=\"noopener\"><strong><em>Wir suchen Freiwillige!<\/em><\/strong><\/a><\/p>\n","protected":false},"excerpt":{"rendered":"<p>\u201eDeine Wahrnehmung der Welt ist ein Spiegelbild deines Bewusstseinszustands\u201c. Mein Name ist Antonia. Ich war 26 Jahre alt, ich las zu der Zeit, als ich meine Augen rieb und pl\u00f6tzlich sah ich einen dunklen Fleck in der Mitte meines Auges.&hellip;<\/p>\n","protected":false},"author":389,"featured_media":1751107,"comment_status":"closed","ping_status":"closed","sticky":false,"template":"","format":"standard","meta":{"footnotes":""},"categories":[9160,9162,9143,11387,9154,9165],"tags":[26040,114419,10608,114420,114418,114421,9663],"class_list":["post-1751102","post","type-post","status-publish","format-standard","has-post-thumbnail","hentry","category-gesundheit","category-humanismus-und-spiritualitaet","category-meinungen","category-originalinhalt","category-suedamerika","category-vielfalt","tag-behinderung","tag-blindheit","tag-chile-de","tag-lebenszeugnis","tag-once","tag-sehbehinderung","tag-spanien"],"yoast_head":"<!-- This site is optimized with the Yoast SEO plugin v27.1.1 - https:\/\/yoast.com\/product\/yoast-seo-wordpress\/ -->\n<title>Ich bin ein blinder Mensch, der viel Liebe und Kraft empfindet: ein Zeugnis des Lebens<\/title>\n<meta name=\"description\" content=\"\u201eDeine Wahrnehmung der Welt ist ein Spiegelbild deines Bewusstseinszustands\u201c. Mein Name ist Antonia. Ich war 26 Jahre alt, ich las zu der Zeit, als ich\" \/>\n<meta name=\"robots\" content=\"index, follow, max-snippet:-1, max-image-preview:large, max-video-preview:-1\" \/>\n<link rel=\"canonical\" href=\"https:\/\/www.pressenza.com\/de\/2023\/07\/ich-bin-ein-blinder-mensch-der-viel-liebe-und-kraft-empfindet-ein-zeugnis-des-lebens\/\" \/>\n<meta property=\"og:locale\" content=\"de_DE\" \/>\n<meta property=\"og:type\" content=\"article\" \/>\n<meta property=\"og:title\" content=\"Ich bin ein blinder Mensch, der viel Liebe und Kraft empfindet: ein Zeugnis des Lebens\" \/>\n<meta property=\"og:description\" content=\"\u201eDeine Wahrnehmung der Welt ist ein Spiegelbild deines Bewusstseinszustands\u201c. Mein Name ist Antonia. Ich war 26 Jahre alt, ich las zu der Zeit, als ich\" \/>\n<meta property=\"og:url\" content=\"https:\/\/www.pressenza.com\/de\/2023\/07\/ich-bin-ein-blinder-mensch-der-viel-liebe-und-kraft-empfindet-ein-zeugnis-des-lebens\/\" \/>\n<meta property=\"og:site_name\" content=\"Pressenza\" \/>\n<meta property=\"article:publisher\" content=\"https:\/\/www.facebook.com\/PressenzaItalia\" \/>\n<meta property=\"article:author\" content=\"https:\/\/www.facebook.com\/ConvergenceOfCultures?fref=ts\" \/>\n<meta property=\"article:published_time\" content=\"2023-07-11T14:02:46+00:00\" \/>\n<meta property=\"article:modified_time\" content=\"2023-07-11T14:03:23+00:00\" \/>\n<meta property=\"og:image\" content=\"https:\/\/www.pressenza.com\/wp-content\/uploads\/2023\/07\/Brail.jpg\" \/>\n\t<meta property=\"og:image:width\" content=\"820\" \/>\n\t<meta property=\"og:image:height\" content=\"545\" \/>\n\t<meta property=\"og:image:type\" content=\"image\/jpeg\" \/>\n<meta name=\"author\" content=\"Convergencia de las Culturas\" \/>\n<meta name=\"twitter:card\" content=\"summary_large_image\" \/>\n<meta name=\"twitter:creator\" content=\"@PressenzaIPA\" \/>\n<meta name=\"twitter:site\" content=\"@PressenzaIPA\" \/>\n<meta name=\"twitter:label1\" content=\"Verfasst von\" \/>\n\t<meta name=\"twitter:data1\" content=\"Convergencia de las Culturas\" \/>\n\t<meta name=\"twitter:label2\" content=\"Gesch\u00e4tzte Lesezeit\" \/>\n\t<meta name=\"twitter:data2\" content=\"11\u00a0Minuten\" \/>\n<script type=\"application\/ld+json\" class=\"yoast-schema-graph\">{\"@context\":\"https:\/\/schema.org\",\"@graph\":[{\"@type\":\"Article\",\"@id\":\"https:\/\/www.pressenza.com\/de\/2023\/07\/ich-bin-ein-blinder-mensch-der-viel-liebe-und-kraft-empfindet-ein-zeugnis-des-lebens\/#article\",\"isPartOf\":{\"@id\":\"https:\/\/www.pressenza.com\/de\/2023\/07\/ich-bin-ein-blinder-mensch-der-viel-liebe-und-kraft-empfindet-ein-zeugnis-des-lebens\/\"},\"author\":{\"name\":\"Convergencia de las Culturas\",\"@id\":\"https:\/\/www.pressenza.com\/de\/#\/schema\/person\/38598fb70b9162100457e7983ae8b548\"},\"headline\":\"Ich bin ein blinder Mensch, der viel Liebe und Kraft empfindet: ein Zeugnis des Lebens\",\"datePublished\":\"2023-07-11T14:02:46+00:00\",\"dateModified\":\"2023-07-11T14:03:23+00:00\",\"mainEntityOfPage\":{\"@id\":\"https:\/\/www.pressenza.com\/de\/2023\/07\/ich-bin-ein-blinder-mensch-der-viel-liebe-und-kraft-empfindet-ein-zeugnis-des-lebens\/\"},\"wordCount\":1973,\"publisher\":{\"@id\":\"https:\/\/www.pressenza.com\/de\/#organization\"},\"image\":{\"@id\":\"https:\/\/www.pressenza.com\/de\/2023\/07\/ich-bin-ein-blinder-mensch-der-viel-liebe-und-kraft-empfindet-ein-zeugnis-des-lebens\/#primaryimage\"},\"thumbnailUrl\":\"https:\/\/www.pressenza.com\/wp-content\/uploads\/2023\/07\/Brail.jpg\",\"keywords\":[\"Behinderung\",\"Blindheit\",\"Chile\",\"Lebenszeugnis\",\"ONCE\",\"Sehbehinderung\",\"Spanien\"],\"articleSection\":[\"Gesundheit\",\"Humanismus und Spiritualit\u00e4t\",\"Meinungen\",\"Originalinhalt\",\"S\u00fcdamerika\",\"Vielfalt\"],\"inLanguage\":\"de\"},{\"@type\":\"WebPage\",\"@id\":\"https:\/\/www.pressenza.com\/de\/2023\/07\/ich-bin-ein-blinder-mensch-der-viel-liebe-und-kraft-empfindet-ein-zeugnis-des-lebens\/\",\"url\":\"https:\/\/www.pressenza.com\/de\/2023\/07\/ich-bin-ein-blinder-mensch-der-viel-liebe-und-kraft-empfindet-ein-zeugnis-des-lebens\/\",\"name\":\"Ich bin ein blinder Mensch, der viel Liebe und Kraft empfindet: ein Zeugnis des Lebens\",\"isPartOf\":{\"@id\":\"https:\/\/www.pressenza.com\/de\/#website\"},\"primaryImageOfPage\":{\"@id\":\"https:\/\/www.pressenza.com\/de\/2023\/07\/ich-bin-ein-blinder-mensch-der-viel-liebe-und-kraft-empfindet-ein-zeugnis-des-lebens\/#primaryimage\"},\"image\":{\"@id\":\"https:\/\/www.pressenza.com\/de\/2023\/07\/ich-bin-ein-blinder-mensch-der-viel-liebe-und-kraft-empfindet-ein-zeugnis-des-lebens\/#primaryimage\"},\"thumbnailUrl\":\"https:\/\/www.pressenza.com\/wp-content\/uploads\/2023\/07\/Brail.jpg\",\"datePublished\":\"2023-07-11T14:02:46+00:00\",\"dateModified\":\"2023-07-11T14:03:23+00:00\",\"description\":\"\u201eDeine Wahrnehmung der Welt ist ein Spiegelbild deines Bewusstseinszustands\u201c. Mein Name ist Antonia. Ich war 26 Jahre alt, ich las zu der Zeit, als ich\",\"breadcrumb\":{\"@id\":\"https:\/\/www.pressenza.com\/de\/2023\/07\/ich-bin-ein-blinder-mensch-der-viel-liebe-und-kraft-empfindet-ein-zeugnis-des-lebens\/#breadcrumb\"},\"inLanguage\":\"de\",\"potentialAction\":[{\"@type\":\"ReadAction\",\"target\":[\"https:\/\/www.pressenza.com\/de\/2023\/07\/ich-bin-ein-blinder-mensch-der-viel-liebe-und-kraft-empfindet-ein-zeugnis-des-lebens\/\"]}]},{\"@type\":\"ImageObject\",\"inLanguage\":\"de\",\"@id\":\"https:\/\/www.pressenza.com\/de\/2023\/07\/ich-bin-ein-blinder-mensch-der-viel-liebe-und-kraft-empfindet-ein-zeugnis-des-lebens\/#primaryimage\",\"url\":\"https:\/\/www.pressenza.com\/wp-content\/uploads\/2023\/07\/Brail.jpg\",\"contentUrl\":\"https:\/\/www.pressenza.com\/wp-content\/uploads\/2023\/07\/Brail.jpg\",\"width\":820,\"height\":545,\"caption\":\"Ich bin ein blinder Mensch, der viel Liebe und Kraft empfindet: ein Zeugnis des Lebens\"},{\"@type\":\"BreadcrumbList\",\"@id\":\"https:\/\/www.pressenza.com\/de\/2023\/07\/ich-bin-ein-blinder-mensch-der-viel-liebe-und-kraft-empfindet-ein-zeugnis-des-lebens\/#breadcrumb\",\"itemListElement\":[{\"@type\":\"ListItem\",\"position\":1,\"name\":\"Accueil\",\"item\":\"https:\/\/www.pressenza.com\/de\/\"},{\"@type\":\"ListItem\",\"position\":2,\"name\":\"Ich bin ein blinder Mensch, der viel Liebe und Kraft empfindet: ein Zeugnis des Lebens\"}]},{\"@type\":\"WebSite\",\"@id\":\"https:\/\/www.pressenza.com\/de\/#website\",\"url\":\"https:\/\/www.pressenza.com\/de\/\",\"name\":\"Pressenza\",\"description\":\"International Press Agency\",\"publisher\":{\"@id\":\"https:\/\/www.pressenza.com\/de\/#organization\"},\"potentialAction\":[{\"@type\":\"SearchAction\",\"target\":{\"@type\":\"EntryPoint\",\"urlTemplate\":\"https:\/\/www.pressenza.com\/de\/?s={search_term_string}\"},\"query-input\":{\"@type\":\"PropertyValueSpecification\",\"valueRequired\":true,\"valueName\":\"search_term_string\"}}],\"inLanguage\":\"de\"},{\"@type\":\"Organization\",\"@id\":\"https:\/\/www.pressenza.com\/de\/#organization\",\"name\":\"Pressenza\",\"url\":\"https:\/\/www.pressenza.com\/de\/\",\"logo\":{\"@type\":\"ImageObject\",\"inLanguage\":\"de\",\"@id\":\"https:\/\/www.pressenza.com\/de\/#\/schema\/logo\/image\/\",\"url\":\"https:\/\/www.pressenza.com\/wp-content\/uploads\/2022\/10\/pressenza_logo_200x200.jpg\",\"contentUrl\":\"https:\/\/www.pressenza.com\/wp-content\/uploads\/2022\/10\/pressenza_logo_200x200.jpg\",\"width\":200,\"height\":200,\"caption\":\"Pressenza\"},\"image\":{\"@id\":\"https:\/\/www.pressenza.com\/de\/#\/schema\/logo\/image\/\"},\"sameAs\":[\"https:\/\/www.facebook.com\/PressenzaItalia\",\"https:\/\/x.com\/PressenzaIPA\"]},{\"@type\":\"Person\",\"@id\":\"https:\/\/www.pressenza.com\/de\/#\/schema\/person\/38598fb70b9162100457e7983ae8b548\",\"name\":\"Convergencia de las Culturas\",\"description\":\"Convergence of Cultures is an organism that is part of the Humanist Movement. Its mission is: 1. To facilitate and stimulate dialogue between cultures. 2. To fight discrimination and violence. 3. To take its proposal to all latitudes. www.convergenceofcultures.org\",\"sameAs\":[\"https:\/\/www.facebook.com\/ConvergenceOfCultures?fref=ts\"],\"url\":\"https:\/\/www.pressenza.com\/de\/author\/convergencia-de-las-culturas\/\"}]}<\/script>\n<!-- \/ Yoast SEO plugin. -->","yoast_head_json":{"title":"Ich bin ein blinder Mensch, der viel Liebe und Kraft empfindet: ein Zeugnis des Lebens","description":"\u201eDeine Wahrnehmung der Welt ist ein Spiegelbild deines Bewusstseinszustands\u201c. Mein Name ist Antonia. Ich war 26 Jahre alt, ich las zu der Zeit, als ich","robots":{"index":"index","follow":"follow","max-snippet":"max-snippet:-1","max-image-preview":"max-image-preview:large","max-video-preview":"max-video-preview:-1"},"canonical":"https:\/\/www.pressenza.com\/de\/2023\/07\/ich-bin-ein-blinder-mensch-der-viel-liebe-und-kraft-empfindet-ein-zeugnis-des-lebens\/","og_locale":"de_DE","og_type":"article","og_title":"Ich bin ein blinder Mensch, der viel Liebe und Kraft empfindet: ein Zeugnis des Lebens","og_description":"\u201eDeine Wahrnehmung der Welt ist ein Spiegelbild deines Bewusstseinszustands\u201c. Mein Name ist Antonia. Ich war 26 Jahre alt, ich las zu der Zeit, als ich","og_url":"https:\/\/www.pressenza.com\/de\/2023\/07\/ich-bin-ein-blinder-mensch-der-viel-liebe-und-kraft-empfindet-ein-zeugnis-des-lebens\/","og_site_name":"Pressenza","article_publisher":"https:\/\/www.facebook.com\/PressenzaItalia","article_author":"https:\/\/www.facebook.com\/ConvergenceOfCultures?fref=ts","article_published_time":"2023-07-11T14:02:46+00:00","article_modified_time":"2023-07-11T14:03:23+00:00","og_image":[{"width":820,"height":545,"url":"https:\/\/www.pressenza.com\/wp-content\/uploads\/2023\/07\/Brail.jpg","type":"image\/jpeg"}],"author":"Convergencia de las Culturas","twitter_card":"summary_large_image","twitter_creator":"@PressenzaIPA","twitter_site":"@PressenzaIPA","twitter_misc":{"Verfasst von":"Convergencia de las Culturas","Gesch\u00e4tzte Lesezeit":"11\u00a0Minuten"},"schema":{"@context":"https:\/\/schema.org","@graph":[{"@type":"Article","@id":"https:\/\/www.pressenza.com\/de\/2023\/07\/ich-bin-ein-blinder-mensch-der-viel-liebe-und-kraft-empfindet-ein-zeugnis-des-lebens\/#article","isPartOf":{"@id":"https:\/\/www.pressenza.com\/de\/2023\/07\/ich-bin-ein-blinder-mensch-der-viel-liebe-und-kraft-empfindet-ein-zeugnis-des-lebens\/"},"author":{"name":"Convergencia de las Culturas","@id":"https:\/\/www.pressenza.com\/de\/#\/schema\/person\/38598fb70b9162100457e7983ae8b548"},"headline":"Ich bin ein blinder Mensch, der viel Liebe und Kraft empfindet: ein Zeugnis des Lebens","datePublished":"2023-07-11T14:02:46+00:00","dateModified":"2023-07-11T14:03:23+00:00","mainEntityOfPage":{"@id":"https:\/\/www.pressenza.com\/de\/2023\/07\/ich-bin-ein-blinder-mensch-der-viel-liebe-und-kraft-empfindet-ein-zeugnis-des-lebens\/"},"wordCount":1973,"publisher":{"@id":"https:\/\/www.pressenza.com\/de\/#organization"},"image":{"@id":"https:\/\/www.pressenza.com\/de\/2023\/07\/ich-bin-ein-blinder-mensch-der-viel-liebe-und-kraft-empfindet-ein-zeugnis-des-lebens\/#primaryimage"},"thumbnailUrl":"https:\/\/www.pressenza.com\/wp-content\/uploads\/2023\/07\/Brail.jpg","keywords":["Behinderung","Blindheit","Chile","Lebenszeugnis","ONCE","Sehbehinderung","Spanien"],"articleSection":["Gesundheit","Humanismus und Spiritualit\u00e4t","Meinungen","Originalinhalt","S\u00fcdamerika","Vielfalt"],"inLanguage":"de"},{"@type":"WebPage","@id":"https:\/\/www.pressenza.com\/de\/2023\/07\/ich-bin-ein-blinder-mensch-der-viel-liebe-und-kraft-empfindet-ein-zeugnis-des-lebens\/","url":"https:\/\/www.pressenza.com\/de\/2023\/07\/ich-bin-ein-blinder-mensch-der-viel-liebe-und-kraft-empfindet-ein-zeugnis-des-lebens\/","name":"Ich bin ein blinder Mensch, der viel Liebe und Kraft empfindet: ein Zeugnis des Lebens","isPartOf":{"@id":"https:\/\/www.pressenza.com\/de\/#website"},"primaryImageOfPage":{"@id":"https:\/\/www.pressenza.com\/de\/2023\/07\/ich-bin-ein-blinder-mensch-der-viel-liebe-und-kraft-empfindet-ein-zeugnis-des-lebens\/#primaryimage"},"image":{"@id":"https:\/\/www.pressenza.com\/de\/2023\/07\/ich-bin-ein-blinder-mensch-der-viel-liebe-und-kraft-empfindet-ein-zeugnis-des-lebens\/#primaryimage"},"thumbnailUrl":"https:\/\/www.pressenza.com\/wp-content\/uploads\/2023\/07\/Brail.jpg","datePublished":"2023-07-11T14:02:46+00:00","dateModified":"2023-07-11T14:03:23+00:00","description":"\u201eDeine Wahrnehmung der Welt ist ein Spiegelbild deines Bewusstseinszustands\u201c. Mein Name ist Antonia. Ich war 26 Jahre alt, ich las zu der Zeit, als ich","breadcrumb":{"@id":"https:\/\/www.pressenza.com\/de\/2023\/07\/ich-bin-ein-blinder-mensch-der-viel-liebe-und-kraft-empfindet-ein-zeugnis-des-lebens\/#breadcrumb"},"inLanguage":"de","potentialAction":[{"@type":"ReadAction","target":["https:\/\/www.pressenza.com\/de\/2023\/07\/ich-bin-ein-blinder-mensch-der-viel-liebe-und-kraft-empfindet-ein-zeugnis-des-lebens\/"]}]},{"@type":"ImageObject","inLanguage":"de","@id":"https:\/\/www.pressenza.com\/de\/2023\/07\/ich-bin-ein-blinder-mensch-der-viel-liebe-und-kraft-empfindet-ein-zeugnis-des-lebens\/#primaryimage","url":"https:\/\/www.pressenza.com\/wp-content\/uploads\/2023\/07\/Brail.jpg","contentUrl":"https:\/\/www.pressenza.com\/wp-content\/uploads\/2023\/07\/Brail.jpg","width":820,"height":545,"caption":"Ich bin ein blinder Mensch, der viel Liebe und Kraft empfindet: ein Zeugnis des Lebens"},{"@type":"BreadcrumbList","@id":"https:\/\/www.pressenza.com\/de\/2023\/07\/ich-bin-ein-blinder-mensch-der-viel-liebe-und-kraft-empfindet-ein-zeugnis-des-lebens\/#breadcrumb","itemListElement":[{"@type":"ListItem","position":1,"name":"Accueil","item":"https:\/\/www.pressenza.com\/de\/"},{"@type":"ListItem","position":2,"name":"Ich bin ein blinder Mensch, der viel Liebe und Kraft empfindet: ein Zeugnis des Lebens"}]},{"@type":"WebSite","@id":"https:\/\/www.pressenza.com\/de\/#website","url":"https:\/\/www.pressenza.com\/de\/","name":"Pressenza","description":"International Press Agency","publisher":{"@id":"https:\/\/www.pressenza.com\/de\/#organization"},"potentialAction":[{"@type":"SearchAction","target":{"@type":"EntryPoint","urlTemplate":"https:\/\/www.pressenza.com\/de\/?s={search_term_string}"},"query-input":{"@type":"PropertyValueSpecification","valueRequired":true,"valueName":"search_term_string"}}],"inLanguage":"de"},{"@type":"Organization","@id":"https:\/\/www.pressenza.com\/de\/#organization","name":"Pressenza","url":"https:\/\/www.pressenza.com\/de\/","logo":{"@type":"ImageObject","inLanguage":"de","@id":"https:\/\/www.pressenza.com\/de\/#\/schema\/logo\/image\/","url":"https:\/\/www.pressenza.com\/wp-content\/uploads\/2022\/10\/pressenza_logo_200x200.jpg","contentUrl":"https:\/\/www.pressenza.com\/wp-content\/uploads\/2022\/10\/pressenza_logo_200x200.jpg","width":200,"height":200,"caption":"Pressenza"},"image":{"@id":"https:\/\/www.pressenza.com\/de\/#\/schema\/logo\/image\/"},"sameAs":["https:\/\/www.facebook.com\/PressenzaItalia","https:\/\/x.com\/PressenzaIPA"]},{"@type":"Person","@id":"https:\/\/www.pressenza.com\/de\/#\/schema\/person\/38598fb70b9162100457e7983ae8b548","name":"Convergencia de las Culturas","description":"Convergence of Cultures is an organism that is part of the Humanist Movement. Its mission is: 1. To facilitate and stimulate dialogue between cultures. 2. To fight discrimination and violence. 3. To take its proposal to all latitudes. www.convergenceofcultures.org","sameAs":["https:\/\/www.facebook.com\/ConvergenceOfCultures?fref=ts"],"url":"https:\/\/www.pressenza.com\/de\/author\/convergencia-de-las-culturas\/"}]}},"place":"Chile","original_article_url":"","_links":{"self":[{"href":"https:\/\/www.pressenza.com\/de\/wp-json\/wp\/v2\/posts\/1751102","targetHints":{"allow":["GET"]}}],"collection":[{"href":"https:\/\/www.pressenza.com\/de\/wp-json\/wp\/v2\/posts"}],"about":[{"href":"https:\/\/www.pressenza.com\/de\/wp-json\/wp\/v2\/types\/post"}],"author":[{"embeddable":true,"href":"https:\/\/www.pressenza.com\/de\/wp-json\/wp\/v2\/users\/389"}],"replies":[{"embeddable":true,"href":"https:\/\/www.pressenza.com\/de\/wp-json\/wp\/v2\/comments?post=1751102"}],"version-history":[{"count":0,"href":"https:\/\/www.pressenza.com\/de\/wp-json\/wp\/v2\/posts\/1751102\/revisions"}],"wp:featuredmedia":[{"embeddable":true,"href":"https:\/\/www.pressenza.com\/de\/wp-json\/wp\/v2\/media\/1751107"}],"wp:attachment":[{"href":"https:\/\/www.pressenza.com\/de\/wp-json\/wp\/v2\/media?parent=1751102"}],"wp:term":[{"taxonomy":"category","embeddable":true,"href":"https:\/\/www.pressenza.com\/de\/wp-json\/wp\/v2\/categories?post=1751102"},{"taxonomy":"post_tag","embeddable":true,"href":"https:\/\/www.pressenza.com\/de\/wp-json\/wp\/v2\/tags?post=1751102"}],"curies":[{"name":"wp","href":"https:\/\/api.w.org\/{rel}","templated":true}]}}