{"id":1746399,"date":"2023-06-19T09:28:19","date_gmt":"2023-06-19T08:28:19","guid":{"rendered":"https:\/\/www.pressenza.com\/?p=1746399"},"modified":"2023-06-17T15:33:20","modified_gmt":"2023-06-17T14:33:20","slug":"zukunftscamp-fuer-atomare-abruestung-und-klima-aktion","status":"publish","type":"post","link":"https:\/\/www.pressenza.com\/de\/2023\/06\/zukunftscamp-fuer-atomare-abruestung-und-klima-aktion\/","title":{"rendered":"Zukunftscamp f\u00fcr atomare Abr\u00fcstung und Klima-Aktion"},"content":{"rendered":"<p><strong>Die Internationale Kampagne zur Abschaffung von Atomwaffen Deutschland (ICAN Deutschland) und die \u00e4rztliche Friedensorganisation IPPNW laden zum gemeinsamen Protestcamp gegen die Stationierung von Atomwaffen in Deutschland ein. Das B\u00fcndnis mahnt internationale nukleare Abr\u00fcstung und gr\u00f6\u00dfere Entschiedenheit im Kampf gegen den Klimawandel an. Die Aktionstage finden vom 4. bis 9. Juli 2023 in D\u00fcren bei K\u00f6ln statt.<\/strong><\/p>\n<p>Zentrale Forderungen des B\u00fcndnisses sind der Beitritt Deutschlands zum Atomwaffenverbotsvertrag, die Anerkennung des Leids der \u00dcberlebenden und der Umweltzerst\u00f6rung durch Atomwaffeneins\u00e4tze und -tests sowie eine verpflichtende Einbeziehung der CO2-Emissionen von Milit\u00e4r und R\u00fcstungsindustrie in die UN-Klimaberichte.<\/p>\n<p>Der Atomwaffenst\u00fctzpunkt B\u00fcchel befindet sich derzeit im Umbau. Das Zukunftscamp 2023 findet daher in D\u00fcren bei K\u00f6ln statt, in dessen unmittelbarer N\u00e4he, auf dem Fliegerhorst N\u00f6rvenich, die Bundeswehr aktuell den Einsatz von Atomwaffen mit dem Tr\u00e4gerflugzeug &#8222;Tornado&#8220; trainiert. Errichtet wird das Camp auf dem Gel\u00e4nde des evangelischen Gemeindezentrums D\u00fcren-Birkesdorf in der Matthias-Claudius-Stra\u00dfe 8, 52353 D\u00fcren.<\/p>\n<p>Das mehrt\u00e4gige Camp bietet ein umfassendes Begleitprogramm, bei dem jeder Tag einem Themenschwerpunkt zugeordnet ist. Geplant sind \u00f6ffentliche Protestaktionen, Mahnwachen, Workshops und Konzerte.<\/p>\n<p><strong>Programm-Highlights:<\/strong><\/p>\n<ul>\n<li aria-level=\"1\">Freitag, 7. Juli, 07:00 &#8211; 12:30 Uhr: Bunte und vielf\u00e4ltige Protestaktionen und Pressegespr\u00e4che<\/li>\n<li aria-level=\"1\">Freitag, 7. Juli, 14:00-15:30 Uhr: Panel Nukleare Teilhabe: Aktivist*innen aus drei L\u00e4ndern berichten<\/li>\n<li aria-level=\"1\">\u00a0Samstag, 8. Juli 14:00 &#8211; 15:30 Uhr: Gro\u00dfe Geburtstagsfeier zum sechsten Jubil\u00e4um des Atomwaffenverbotsvertrags<\/li>\n<\/ul>\n<p><em>Das vorl\u00e4ufige Programm finden Sie auf unserer<a href=\"https:\/\/buechel.nuclearban.de\/\"> Website<\/a>.<\/em><\/p>\n<p>Das Zukunftscamp f\u00fcr atomare Abr\u00fcstung und Klima-Aktion bietet den Teilnehmenden die M\u00f6glichkeit, sich gemeinsam f\u00fcr eine sicherere und nachhaltigere Zukunft einzusetzen und zu vernetzen. Das einw\u00f6chige Camp wird von einem breiten zivilgesellschaftlichen B\u00fcndnis getragen. Mit dabei sind BUND NRW und\u00a0 Friedenskooperative, Greenpeace, attac und das Hambicamp 2.0, die das Camp unterst\u00fctzen und mitgestalten. .<\/p>\n<p><em>Weitere Informationen: <\/em><em><a href=\"https:\/\/buechel.nuclearban.de\/\">https:\/\/buechel.nuclearban.de\/<\/a>\u00a0<\/em><\/p>\n","protected":false},"excerpt":{"rendered":"<p>Die Internationale Kampagne zur Abschaffung von Atomwaffen Deutschland (ICAN Deutschland) und die \u00e4rztliche Friedensorganisation IPPNW laden zum gemeinsamen Protestcamp gegen die Stationierung von Atomwaffen in Deutschland ein. Das B\u00fcndnis mahnt internationale nukleare Abr\u00fcstung und gr\u00f6\u00dfere Entschiedenheit im Kampf gegen den&hellip;<\/p>\n","protected":false},"author":1000,"featured_media":1746400,"comment_status":"closed","ping_status":"closed","sticky":false,"template":"","format":"standard","meta":{"footnotes":""},"categories":[9150,9167,7835],"tags":[11734,22375,14669,60945,113704],"class_list":["post-1746399","post","type-post","status-publish","format-standard","has-post-thumbnail","hentry","category-europa-de","category-frieden-und-abruestung","category-international-de","tag-atomwaffenfrei","tag-atomwaffenverbot","tag-ican-de","tag-ippnw-de","tag-zukunftscamp"],"yoast_head":"<!-- This site is optimized with the Yoast SEO plugin v27.1.1 - https:\/\/yoast.com\/product\/yoast-seo-wordpress\/ -->\n<title>Zukunftscamp f\u00fcr atomare Abr\u00fcstung und Klima-Aktion<\/title>\n<meta name=\"description\" content=\"Die Internationale Kampagne zur Abschaffung von Atomwaffen Deutschland (ICAN Deutschland) und die \u00e4rztliche Friedensorganisation IPPNW laden zum\" \/>\n<meta name=\"robots\" content=\"index, follow, max-snippet:-1, max-image-preview:large, max-video-preview:-1\" \/>\n<link rel=\"canonical\" href=\"https:\/\/www.pressenza.com\/de\/2023\/06\/zukunftscamp-fuer-atomare-abruestung-und-klima-aktion\/\" \/>\n<meta property=\"og:locale\" content=\"de_DE\" \/>\n<meta property=\"og:type\" content=\"article\" \/>\n<meta property=\"og:title\" content=\"Zukunftscamp f\u00fcr atomare Abr\u00fcstung und Klima-Aktion\" \/>\n<meta property=\"og:description\" content=\"Die Internationale Kampagne zur Abschaffung von Atomwaffen Deutschland (ICAN Deutschland) und die \u00e4rztliche Friedensorganisation IPPNW laden zum\" \/>\n<meta property=\"og:url\" content=\"https:\/\/www.pressenza.com\/de\/2023\/06\/zukunftscamp-fuer-atomare-abruestung-und-klima-aktion\/\" \/>\n<meta property=\"og:site_name\" content=\"Pressenza\" \/>\n<meta property=\"article:publisher\" content=\"https:\/\/www.facebook.com\/PressenzaItalia\" \/>\n<meta property=\"article:author\" content=\"https:\/\/www.facebook.com\/icanw.org\" \/>\n<meta property=\"article:published_time\" content=\"2023-06-19T08:28:19+00:00\" \/>\n<meta property=\"og:image\" content=\"https:\/\/www.pressenza.com\/wp-content\/uploads\/2023\/06\/Design-ohne-Titel-740x416-1.jpg\" \/>\n\t<meta property=\"og:image:width\" content=\"820\" \/>\n\t<meta property=\"og:image:height\" content=\"461\" \/>\n\t<meta property=\"og:image:type\" content=\"image\/jpeg\" \/>\n<meta name=\"author\" content=\"International Campaign to Abolish Nuclear Weapons\" \/>\n<meta name=\"twitter:card\" content=\"summary_large_image\" \/>\n<meta name=\"twitter:creator\" content=\"@nuclearban\" \/>\n<meta name=\"twitter:site\" content=\"@PressenzaIPA\" \/>\n<meta name=\"twitter:label1\" content=\"Verfasst von\" \/>\n\t<meta name=\"twitter:data1\" content=\"International Campaign to Abolish Nuclear Weapons\" \/>\n\t<meta name=\"twitter:label2\" content=\"Gesch\u00e4tzte Lesezeit\" \/>\n\t<meta name=\"twitter:data2\" content=\"2\u00a0Minuten\" \/>\n<script type=\"application\/ld+json\" class=\"yoast-schema-graph\">{\"@context\":\"https:\/\/schema.org\",\"@graph\":[{\"@type\":\"Article\",\"@id\":\"https:\/\/www.pressenza.com\/de\/2023\/06\/zukunftscamp-fuer-atomare-abruestung-und-klima-aktion\/#article\",\"isPartOf\":{\"@id\":\"https:\/\/www.pressenza.com\/de\/2023\/06\/zukunftscamp-fuer-atomare-abruestung-und-klima-aktion\/\"},\"author\":{\"name\":\"International Campaign to Abolish Nuclear Weapons\",\"@id\":\"https:\/\/www.pressenza.com\/de\/#\/schema\/person\/aa7c55b36390ee5908d729832f09fc22\"},\"headline\":\"Zukunftscamp f\u00fcr atomare Abr\u00fcstung und Klima-Aktion\",\"datePublished\":\"2023-06-19T08:28:19+00:00\",\"mainEntityOfPage\":{\"@id\":\"https:\/\/www.pressenza.com\/de\/2023\/06\/zukunftscamp-fuer-atomare-abruestung-und-klima-aktion\/\"},\"wordCount\":309,\"publisher\":{\"@id\":\"https:\/\/www.pressenza.com\/de\/#organization\"},\"image\":{\"@id\":\"https:\/\/www.pressenza.com\/de\/2023\/06\/zukunftscamp-fuer-atomare-abruestung-und-klima-aktion\/#primaryimage\"},\"thumbnailUrl\":\"https:\/\/www.pressenza.com\/wp-content\/uploads\/2023\/06\/Design-ohne-Titel-740x416-1.jpg\",\"keywords\":[\"atomwaffenfrei\",\"Atomwaffenverbot\",\"ICAN\",\"IPPNW\",\"Zukunftscamp\"],\"articleSection\":[\"Europa\",\"Frieden und Abr\u00fcstung\",\"International\"],\"inLanguage\":\"de\"},{\"@type\":\"WebPage\",\"@id\":\"https:\/\/www.pressenza.com\/de\/2023\/06\/zukunftscamp-fuer-atomare-abruestung-und-klima-aktion\/\",\"url\":\"https:\/\/www.pressenza.com\/de\/2023\/06\/zukunftscamp-fuer-atomare-abruestung-und-klima-aktion\/\",\"name\":\"Zukunftscamp f\u00fcr atomare Abr\u00fcstung und Klima-Aktion\",\"isPartOf\":{\"@id\":\"https:\/\/www.pressenza.com\/de\/#website\"},\"primaryImageOfPage\":{\"@id\":\"https:\/\/www.pressenza.com\/de\/2023\/06\/zukunftscamp-fuer-atomare-abruestung-und-klima-aktion\/#primaryimage\"},\"image\":{\"@id\":\"https:\/\/www.pressenza.com\/de\/2023\/06\/zukunftscamp-fuer-atomare-abruestung-und-klima-aktion\/#primaryimage\"},\"thumbnailUrl\":\"https:\/\/www.pressenza.com\/wp-content\/uploads\/2023\/06\/Design-ohne-Titel-740x416-1.jpg\",\"datePublished\":\"2023-06-19T08:28:19+00:00\",\"description\":\"Die Internationale Kampagne zur Abschaffung von Atomwaffen Deutschland (ICAN Deutschland) und die \u00e4rztliche Friedensorganisation IPPNW laden zum\",\"breadcrumb\":{\"@id\":\"https:\/\/www.pressenza.com\/de\/2023\/06\/zukunftscamp-fuer-atomare-abruestung-und-klima-aktion\/#breadcrumb\"},\"inLanguage\":\"de\",\"potentialAction\":[{\"@type\":\"ReadAction\",\"target\":[\"https:\/\/www.pressenza.com\/de\/2023\/06\/zukunftscamp-fuer-atomare-abruestung-und-klima-aktion\/\"]}]},{\"@type\":\"ImageObject\",\"inLanguage\":\"de\",\"@id\":\"https:\/\/www.pressenza.com\/de\/2023\/06\/zukunftscamp-fuer-atomare-abruestung-und-klima-aktion\/#primaryimage\",\"url\":\"https:\/\/www.pressenza.com\/wp-content\/uploads\/2023\/06\/Design-ohne-Titel-740x416-1.jpg\",\"contentUrl\":\"https:\/\/www.pressenza.com\/wp-content\/uploads\/2023\/06\/Design-ohne-Titel-740x416-1.jpg\",\"width\":820,\"height\":461,\"caption\":\"Zukunftscamp f\u00fcr atomare Abr\u00fcstung und Klima-Aktion\"},{\"@type\":\"BreadcrumbList\",\"@id\":\"https:\/\/www.pressenza.com\/de\/2023\/06\/zukunftscamp-fuer-atomare-abruestung-und-klima-aktion\/#breadcrumb\",\"itemListElement\":[{\"@type\":\"ListItem\",\"position\":1,\"name\":\"Accueil\",\"item\":\"https:\/\/www.pressenza.com\/de\/\"},{\"@type\":\"ListItem\",\"position\":2,\"name\":\"Zukunftscamp f\u00fcr atomare Abr\u00fcstung und Klima-Aktion\"}]},{\"@type\":\"WebSite\",\"@id\":\"https:\/\/www.pressenza.com\/de\/#website\",\"url\":\"https:\/\/www.pressenza.com\/de\/\",\"name\":\"Pressenza\",\"description\":\"International Press Agency\",\"publisher\":{\"@id\":\"https:\/\/www.pressenza.com\/de\/#organization\"},\"potentialAction\":[{\"@type\":\"SearchAction\",\"target\":{\"@type\":\"EntryPoint\",\"urlTemplate\":\"https:\/\/www.pressenza.com\/de\/?s={search_term_string}\"},\"query-input\":{\"@type\":\"PropertyValueSpecification\",\"valueRequired\":true,\"valueName\":\"search_term_string\"}}],\"inLanguage\":\"de\"},{\"@type\":\"Organization\",\"@id\":\"https:\/\/www.pressenza.com\/de\/#organization\",\"name\":\"Pressenza\",\"url\":\"https:\/\/www.pressenza.com\/de\/\",\"logo\":{\"@type\":\"ImageObject\",\"inLanguage\":\"de\",\"@id\":\"https:\/\/www.pressenza.com\/de\/#\/schema\/logo\/image\/\",\"url\":\"https:\/\/www.pressenza.com\/wp-content\/uploads\/2022\/10\/pressenza_logo_200x200.jpg\",\"contentUrl\":\"https:\/\/www.pressenza.com\/wp-content\/uploads\/2022\/10\/pressenza_logo_200x200.jpg\",\"width\":200,\"height\":200,\"caption\":\"Pressenza\"},\"image\":{\"@id\":\"https:\/\/www.pressenza.com\/de\/#\/schema\/logo\/image\/\"},\"sameAs\":[\"https:\/\/www.facebook.com\/PressenzaItalia\",\"https:\/\/x.com\/PressenzaIPA\"]},{\"@type\":\"Person\",\"@id\":\"https:\/\/www.pressenza.com\/de\/#\/schema\/person\/aa7c55b36390ee5908d729832f09fc22\",\"name\":\"International Campaign to Abolish Nuclear Weapons\",\"description\":\"The International Campaign to Abolish Nuclear Weapons (ICAN) is a global campaign coalition working to mobilize people in all countries to inspire, persuade and pressure their governments to initiate negotiations for a treaty banning nuclear weapons. It has 500 partner organizations in 103 countries, and was launched in 2007. www.icanw.org\",\"sameAs\":[\"http:\/\/www.icanw.org\",\"https:\/\/www.facebook.com\/icanw.org\",\"https:\/\/x.com\/nuclearban\"],\"url\":\"https:\/\/www.pressenza.com\/de\/author\/international-campaign-to-abolish-nuclear-weapons\/\"}]}<\/script>\n<!-- \/ Yoast SEO plugin. -->","yoast_head_json":{"title":"Zukunftscamp f\u00fcr atomare Abr\u00fcstung und Klima-Aktion","description":"Die Internationale Kampagne zur Abschaffung von Atomwaffen Deutschland (ICAN Deutschland) und die \u00e4rztliche Friedensorganisation IPPNW laden zum","robots":{"index":"index","follow":"follow","max-snippet":"max-snippet:-1","max-image-preview":"max-image-preview:large","max-video-preview":"max-video-preview:-1"},"canonical":"https:\/\/www.pressenza.com\/de\/2023\/06\/zukunftscamp-fuer-atomare-abruestung-und-klima-aktion\/","og_locale":"de_DE","og_type":"article","og_title":"Zukunftscamp f\u00fcr atomare Abr\u00fcstung und Klima-Aktion","og_description":"Die Internationale Kampagne zur Abschaffung von Atomwaffen Deutschland (ICAN Deutschland) und die \u00e4rztliche Friedensorganisation IPPNW laden zum","og_url":"https:\/\/www.pressenza.com\/de\/2023\/06\/zukunftscamp-fuer-atomare-abruestung-und-klima-aktion\/","og_site_name":"Pressenza","article_publisher":"https:\/\/www.facebook.com\/PressenzaItalia","article_author":"https:\/\/www.facebook.com\/icanw.org","article_published_time":"2023-06-19T08:28:19+00:00","og_image":[{"width":820,"height":461,"url":"https:\/\/www.pressenza.com\/wp-content\/uploads\/2023\/06\/Design-ohne-Titel-740x416-1.jpg","type":"image\/jpeg"}],"author":"International Campaign to Abolish Nuclear Weapons","twitter_card":"summary_large_image","twitter_creator":"@nuclearban","twitter_site":"@PressenzaIPA","twitter_misc":{"Verfasst von":"International Campaign to Abolish Nuclear Weapons","Gesch\u00e4tzte Lesezeit":"2\u00a0Minuten"},"schema":{"@context":"https:\/\/schema.org","@graph":[{"@type":"Article","@id":"https:\/\/www.pressenza.com\/de\/2023\/06\/zukunftscamp-fuer-atomare-abruestung-und-klima-aktion\/#article","isPartOf":{"@id":"https:\/\/www.pressenza.com\/de\/2023\/06\/zukunftscamp-fuer-atomare-abruestung-und-klima-aktion\/"},"author":{"name":"International Campaign to Abolish Nuclear Weapons","@id":"https:\/\/www.pressenza.com\/de\/#\/schema\/person\/aa7c55b36390ee5908d729832f09fc22"},"headline":"Zukunftscamp f\u00fcr atomare Abr\u00fcstung und Klima-Aktion","datePublished":"2023-06-19T08:28:19+00:00","mainEntityOfPage":{"@id":"https:\/\/www.pressenza.com\/de\/2023\/06\/zukunftscamp-fuer-atomare-abruestung-und-klima-aktion\/"},"wordCount":309,"publisher":{"@id":"https:\/\/www.pressenza.com\/de\/#organization"},"image":{"@id":"https:\/\/www.pressenza.com\/de\/2023\/06\/zukunftscamp-fuer-atomare-abruestung-und-klima-aktion\/#primaryimage"},"thumbnailUrl":"https:\/\/www.pressenza.com\/wp-content\/uploads\/2023\/06\/Design-ohne-Titel-740x416-1.jpg","keywords":["atomwaffenfrei","Atomwaffenverbot","ICAN","IPPNW","Zukunftscamp"],"articleSection":["Europa","Frieden und Abr\u00fcstung","International"],"inLanguage":"de"},{"@type":"WebPage","@id":"https:\/\/www.pressenza.com\/de\/2023\/06\/zukunftscamp-fuer-atomare-abruestung-und-klima-aktion\/","url":"https:\/\/www.pressenza.com\/de\/2023\/06\/zukunftscamp-fuer-atomare-abruestung-und-klima-aktion\/","name":"Zukunftscamp f\u00fcr atomare Abr\u00fcstung und Klima-Aktion","isPartOf":{"@id":"https:\/\/www.pressenza.com\/de\/#website"},"primaryImageOfPage":{"@id":"https:\/\/www.pressenza.com\/de\/2023\/06\/zukunftscamp-fuer-atomare-abruestung-und-klima-aktion\/#primaryimage"},"image":{"@id":"https:\/\/www.pressenza.com\/de\/2023\/06\/zukunftscamp-fuer-atomare-abruestung-und-klima-aktion\/#primaryimage"},"thumbnailUrl":"https:\/\/www.pressenza.com\/wp-content\/uploads\/2023\/06\/Design-ohne-Titel-740x416-1.jpg","datePublished":"2023-06-19T08:28:19+00:00","description":"Die Internationale Kampagne zur Abschaffung von Atomwaffen Deutschland (ICAN Deutschland) und die \u00e4rztliche Friedensorganisation IPPNW laden zum","breadcrumb":{"@id":"https:\/\/www.pressenza.com\/de\/2023\/06\/zukunftscamp-fuer-atomare-abruestung-und-klima-aktion\/#breadcrumb"},"inLanguage":"de","potentialAction":[{"@type":"ReadAction","target":["https:\/\/www.pressenza.com\/de\/2023\/06\/zukunftscamp-fuer-atomare-abruestung-und-klima-aktion\/"]}]},{"@type":"ImageObject","inLanguage":"de","@id":"https:\/\/www.pressenza.com\/de\/2023\/06\/zukunftscamp-fuer-atomare-abruestung-und-klima-aktion\/#primaryimage","url":"https:\/\/www.pressenza.com\/wp-content\/uploads\/2023\/06\/Design-ohne-Titel-740x416-1.jpg","contentUrl":"https:\/\/www.pressenza.com\/wp-content\/uploads\/2023\/06\/Design-ohne-Titel-740x416-1.jpg","width":820,"height":461,"caption":"Zukunftscamp f\u00fcr atomare Abr\u00fcstung und Klima-Aktion"},{"@type":"BreadcrumbList","@id":"https:\/\/www.pressenza.com\/de\/2023\/06\/zukunftscamp-fuer-atomare-abruestung-und-klima-aktion\/#breadcrumb","itemListElement":[{"@type":"ListItem","position":1,"name":"Accueil","item":"https:\/\/www.pressenza.com\/de\/"},{"@type":"ListItem","position":2,"name":"Zukunftscamp f\u00fcr atomare Abr\u00fcstung und Klima-Aktion"}]},{"@type":"WebSite","@id":"https:\/\/www.pressenza.com\/de\/#website","url":"https:\/\/www.pressenza.com\/de\/","name":"Pressenza","description":"International Press Agency","publisher":{"@id":"https:\/\/www.pressenza.com\/de\/#organization"},"potentialAction":[{"@type":"SearchAction","target":{"@type":"EntryPoint","urlTemplate":"https:\/\/www.pressenza.com\/de\/?s={search_term_string}"},"query-input":{"@type":"PropertyValueSpecification","valueRequired":true,"valueName":"search_term_string"}}],"inLanguage":"de"},{"@type":"Organization","@id":"https:\/\/www.pressenza.com\/de\/#organization","name":"Pressenza","url":"https:\/\/www.pressenza.com\/de\/","logo":{"@type":"ImageObject","inLanguage":"de","@id":"https:\/\/www.pressenza.com\/de\/#\/schema\/logo\/image\/","url":"https:\/\/www.pressenza.com\/wp-content\/uploads\/2022\/10\/pressenza_logo_200x200.jpg","contentUrl":"https:\/\/www.pressenza.com\/wp-content\/uploads\/2022\/10\/pressenza_logo_200x200.jpg","width":200,"height":200,"caption":"Pressenza"},"image":{"@id":"https:\/\/www.pressenza.com\/de\/#\/schema\/logo\/image\/"},"sameAs":["https:\/\/www.facebook.com\/PressenzaItalia","https:\/\/x.com\/PressenzaIPA"]},{"@type":"Person","@id":"https:\/\/www.pressenza.com\/de\/#\/schema\/person\/aa7c55b36390ee5908d729832f09fc22","name":"International Campaign to Abolish Nuclear Weapons","description":"The International Campaign to Abolish Nuclear Weapons (ICAN) is a global campaign coalition working to mobilize people in all countries to inspire, persuade and pressure their governments to initiate negotiations for a treaty banning nuclear weapons. It has 500 partner organizations in 103 countries, and was launched in 2007. www.icanw.org","sameAs":["http:\/\/www.icanw.org","https:\/\/www.facebook.com\/icanw.org","https:\/\/x.com\/nuclearban"],"url":"https:\/\/www.pressenza.com\/de\/author\/international-campaign-to-abolish-nuclear-weapons\/"}]}},"place":"","original_article_url":"","_links":{"self":[{"href":"https:\/\/www.pressenza.com\/de\/wp-json\/wp\/v2\/posts\/1746399","targetHints":{"allow":["GET"]}}],"collection":[{"href":"https:\/\/www.pressenza.com\/de\/wp-json\/wp\/v2\/posts"}],"about":[{"href":"https:\/\/www.pressenza.com\/de\/wp-json\/wp\/v2\/types\/post"}],"author":[{"embeddable":true,"href":"https:\/\/www.pressenza.com\/de\/wp-json\/wp\/v2\/users\/1000"}],"replies":[{"embeddable":true,"href":"https:\/\/www.pressenza.com\/de\/wp-json\/wp\/v2\/comments?post=1746399"}],"version-history":[{"count":0,"href":"https:\/\/www.pressenza.com\/de\/wp-json\/wp\/v2\/posts\/1746399\/revisions"}],"wp:featuredmedia":[{"embeddable":true,"href":"https:\/\/www.pressenza.com\/de\/wp-json\/wp\/v2\/media\/1746400"}],"wp:attachment":[{"href":"https:\/\/www.pressenza.com\/de\/wp-json\/wp\/v2\/media?parent=1746399"}],"wp:term":[{"taxonomy":"category","embeddable":true,"href":"https:\/\/www.pressenza.com\/de\/wp-json\/wp\/v2\/categories?post=1746399"},{"taxonomy":"post_tag","embeddable":true,"href":"https:\/\/www.pressenza.com\/de\/wp-json\/wp\/v2\/tags?post=1746399"}],"curies":[{"name":"wp","href":"https:\/\/api.w.org\/{rel}","templated":true}]}}