{"id":1745503,"date":"2023-06-13T14:37:57","date_gmt":"2023-06-13T13:37:57","guid":{"rendered":"https:\/\/www.pressenza.com\/?p=1745503"},"modified":"2023-06-14T12:17:03","modified_gmt":"2023-06-14T11:17:03","slug":"baerbocks-lektionen-ii","status":"publish","type":"post","link":"https:\/\/www.pressenza.com\/de\/2023\/06\/baerbocks-lektionen-ii\/","title":{"rendered":"Baerbocks Lektionen (II)"},"content":{"rendered":"<p><strong>Erste Lateinamerikareise von Au\u00dfenministerin Baerbock erzielt keine Erfolge: Fortschritte im Einflussstreben bleiben aus; Brasilien erteilt Baerbock eine offene diplomatische Abfuhr.<\/strong><\/p>\n<p>Mit einer kr\u00e4ftigen Abfuhr in Brasilien und ohne erkennbaren Erfolg in Kolumbien und Panama ist in der vergangenen Woche die erste Lateinamerikareise von Au\u00dfenministerin Annalena Baerbock zu Ende gegangen. Offiziell standen bei Baerbocks Reise die Klima- und die Energiepolitik im Mittelpunkt der Gespr\u00e4che: Brasilien soll zum Schutz seiner W\u00e4lder im Amazonasgebiet veranlasst werden; Kolumbien wird in Deutschland als k\u00fcnftiger Lieferant von gr\u00fcnem Wasserstoff eingeplant, w\u00e4hrend Panama mit seinem Kanal als Drehscheibe f\u00fcr Wasserstoffexporte aus S\u00fcdamerika vorgesehen ist. Konkrete Ergebnisse der Reise der Au\u00dfenministerin wurden nicht bekannt. Unklar ist auch, was Baerbock mit ihrem Bestreben erreichen konnte, im Machtkampf der USA gegen Chinas wachsenden Einfluss in Panama, der seit geraumer Zeit tobt, die Stellung des Westens zu st\u00e4rken. Ihr Versuch, Brasiliens Pr\u00e4sidenten Luiz In\u00e1cio Lula da Silva und seine Regierung unter Druck zu setzen, sich im Ukraine-Krieg gegen Russland zu positionieren, ist krachend gescheitert: Lula und sein Au\u00dfenminister gew\u00e4hrten Baerbock weder ein Treffen noch eine gemeinsame Pressekonferenz mit einem anderen Regierungsmitglied.<\/p>\n<h3><strong>Gr\u00fcner Wasserstoff<\/strong><\/h3>\n<p>Offiziell standen bei der sechst\u00e4gigen Lateinamerika-Reise von Au\u00dfenministerin Annalena Baerbock in der vergangenen Woche die Klima- und die Energiepolitik im Zentrum der Gespr\u00e4che. Ging es w\u00e4hrend ihres dreit\u00e4gigen Aufenthalts in Brasilien insbesondere darum, die Abholzung der W\u00e4lder im riesigen brasilianischen Teil des Amazonasgebiets zu beenden, so verhandelte Baerbock in der kolumbianischen Hauptstadt Bogot\u00e1 \u00fcber einen k\u00fcnftigen Bezug von gr\u00fcnem Wasserstoff aus Kolumbien. Das Land verf\u00fcge \u00fcber \u201eein enormes Potenzial, ein Schwergewicht bei den Erneuerbaren und bei gr\u00fcnem Wasserstoff zu werden\u201c, erkl\u00e4rte Baerbock.[1] \u00c4hnlich hatte sich bereits Wirtschaftsminister Robert Habeck Mitte M\u00e4rz bei einem Besuch in Bogot\u00e1 ge\u00e4u\u00dfert. Habeck hatte versichert, in Deutschland gebe es Unternehmen, die \u201ein Zukunft einen klimaneutralen Energietr\u00e4ger kaufen m\u00f6chten\u201c.[2] Weil gr\u00fcner Wasserstoff aus S\u00fcdamerika per Schiff in die Bundesrepublik transportiert werden muss, kommt in den Berliner Pl\u00e4nen Panama eine erhebliche Bedeutung zu. Das Land wird vom Panama-Kanal gekreuzt, der zentralen Seeverbindung von der lateinamerikanischen Westk\u00fcste nach Europa. Panama k\u00f6nne zur \u201eDrehscheibe\u201c f\u00fcr gr\u00fcnen Wasserstoff werden, lockte Baerbock in der Hauptstadt Ciudad de Panam\u00e1.[3]<\/p>\n<h3><strong>Klimawandel statt Klimawende<\/strong><\/h3>\n<p>Unerw\u00e4hnt gelassen hatte die Au\u00dfenministerin zuvor in Bogot\u00e1, dass die Bundesrepublik in Kolumbien derzeit nicht die Klimawende, sondern den Klimawandel vorantreibt. Ursache ist, dass Deutschland seit dem im vergangenen Jahr beschlossenen Ausstieg aus dem Erwerb russischer Kohle seine Einfuhr von Kohle aus Kolumbien massiv gesteigert hat. Bereits 2022 verdreifachte es den Import kolumbianischer Steinkohle von unter zwei auf gut 5,8 Millionen Tonnen. Als Abnehmer werden konkret EnBW, RWE, STEAG und Uniper genannt.[4] Der Lieferantenwechsel hat erhebliche Bedeutung, weil die kolumbianische Steinkohle oft unter desastr\u00f6sen Umst\u00e4nden abgebaut wird. Ber\u00fcchtigt ist etwa die Mine El Cerrej\u00f3n, eine der gr\u00f6\u00dften Steinkohleminen der Welt, die vom Schweizer Konzern Glencore betrieben wird und schon seit vielen Jahren wegen desolater Arbeitsbedingungen und einer f\u00fcr die Bev\u00f6lkerung schwer gesundheitssch\u00e4dlichen Verschmutzung der Umwelt Schlagzeilen macht (german-foreign-policy.com berichtete [5]). Vor Ort regt sich bereits seit langer Zeit massiver Protest. Die Aufforderung der indigenen Umweltaktivistin Jakeline Romero von der Frauenorganisation Fuerza de Mujeres Way\u00fau, sich vor Ort \u00fcber die Folgen der deutschen Steinkohleimporte aus El Cerrej\u00f3n zu informieren, ignorierte Baerbock k\u00fchl.[6]<\/p>\n<h3><strong>Westen gegen China<\/strong><\/h3>\n<p>Jenseits der Klima- und Energiepolitik stand Baerbocks Lateinamerikareise vor allem im Zeichen des eskalierenden Machtkampfs zwischen den westlichen Staaten auf der einen und Russland bzw. China auf der anderen Seite. In Panama etwa, Baerbocks dritter Reisestation, findet seit Jahren ein erbittertes Ringen um Einfluss zwischen den Vereinigten Staaten und China statt. Die Volksrepublik konnte ihre Position zun\u00e4chst rasch ausbauen, nachdem Panama im Jahr 2017 seine diplomatischen Beziehungen zu Taiwan gekappt und entgegen massivem Druck aus Washington offizielle Beziehungen zu Beijing aufgenommen hatte; sie startete umgehend mehrere gro\u00dfe Infrastrukturprojekte, darunter ein Hafenterminal sowie eine Hochgeschwindigkeitsstrecke aus der Hauptstadt Ciudad de Panam\u00e1 nach Costa Rica. Die meisten Projekte wurden, wie Insider berichten, nach dem Amtsantritt des derzeitigen Pr\u00e4sidenten Laurentino Cortizo am 1. Juli 2019 unter massivem Druck aus den USA abgesagt.[7] Ob es dabei bleibt, ist allerdings nicht gewiss: Selbst Cortizo, klar auf die USA orientiert, weist darauf hin, dass den Versprechungen der Biden-Administration, mit einem eigenen gro\u00dfdimensionierten Infrastrukturprogram (\u201eBuild Back Better World\u201c) China in Panama zu ersetzen, keine Taten gefolgt sind.[8] Baerbock habe in Panama gleichfalls Beijings Einfluss kritisiert, hei\u00dft es in Berlin.<\/p>\n<h3><strong>Westen gegen Russland<\/strong><\/h3>\n<p>In Brasilien wiederum bem\u00fcht sich Berlin mit aller Macht, Pr\u00e4sident Luiz In\u00e1cio Lula da Silva und seine Regierung zu einem Kurswechsel gegen\u00fcber Russland zu n\u00f6tigen. Lula hat mehrfach \u00f6ffentlich klargestellt, dass er nicht bereit ist, sich im Ukraine-Krieg auf eine Seite zu schlagen, und dass er sich sich stattdessen f\u00fcr rasche Verhandlungen zwischen den zwei Kriegsparteien stark macht (german-foreign-policy.com berichtete [9]). Im Bem\u00fchen, Lula auf seine Seite zu ziehen und Brasilien enger an sich zu binden, hat die Bundesregierung seit Lulas Amtsantritt am 1. Januar 2023 so viele Regierungspolitiker nach Bras\u00edlia entsandt wie in kaum eine andere Hauptstadt weltweit. Anfang Januar hielt sich Umweltministerin Steffi Lemke, den Bundespr\u00e4sidenten Frank-Walter Steinmeier begleitend, in Brasilien auf; Steinmeier hatte gro\u00dfen Wert darauf gelegt, in Bras\u00edlia pers\u00f6nlich an Lulas Amtseinf\u00fchrung teilzunehmen.[10] Kanzler Olaf Scholz versuchte in Bras\u00edlia, Brasiliens Pr\u00e4sidenten zu veranlassen, Kiew den Flugabwehrpanzer Gepard bzw. Munition f\u00fcr ihn aus brasilianischen Best\u00e4nden zu liefern; Lula wies dies \u00f6ffentlich zur\u00fcck.[11] Dar\u00fcber hinaus bereisten die Minister f\u00fcr Wirtschaft, Robert Habeck, sowie f\u00fcr Umwelt, Cem \u00d6zdemir, Brasilien, bevor Anfang vergangener Woche Baerbock und Arbeitsminister Hubertus Heil dort eintrafen.<\/p>\n<h3><strong>Kein Treffen, keine Pressekonferenz<\/strong><\/h3>\n<p>Baerbock hat sich nun in Bras\u00edlia eine offene Abfuhr geholt. Die Au\u00dfenministerin hatte zuletzt f\u00fcr Aufsehen gesorgt, als sie ihren chinesischen Amtskollegen Qin Gang, der sie in Beijing empfing, auf einer Pressekonferenz vor den Augen der Welt\u00f6ffentlichkeit unter anderem in Sachen Menschenrechte belehren zu m\u00fcssen meinte \u2013 in einer Form, die Qin zu der Entgegnung trieb: \u201eWas China am wenigsten braucht, ist eine Lehrmeisterin aus dem Westen.\u201c[12] Die brasilianische Regierung gew\u00e4hrte Baerbock w\u00e4hrend ihres dreit\u00e4gigen Aufenthalts keine einzige gemeinsame Pressekonferenz; die deutsche Ministerin sah sich gen\u00f6tigt, ihre \u00f6ffentliche Kritik an Brasiliens Position im Ukraine-Krieg alleine, vor dem brasilianischen Au\u00dfenministerium stehend, vorzunehmen.[13] Dort traf sie nicht ihren Amtskollegen Mauro Vieira, sondern nur dessen Stellvertreterin Maria Laura da Rocha; Vieira hatte es, obwohl Baerbocks Besuch langfristig anberaumt war, vorgezogen, in Afrika Gespr\u00e4che zu f\u00fchren und dort am Montag etwa bei \u00c4thiopiens Ministerpr\u00e4sidenten Abiy Ahmed vorzusprechen.[14] Lula nahm sich f\u00fcr ein Treffen mit Baerbock gleichfalls keine Zeit. Er setzt zur Zeit auf eine enge Kooperation im Rahmen der BRICS [15] und sucht Brasiliens Zusammenarbeit mit Afrika zu intensivieren [16]. Die Bundesrepublik ist m\u00f6glicherweise dabei, ihren einst starken Einfluss in Brasilien zu verlieren.<\/p>\n<hr \/>\n<p>[1] \u201eEnormes Potenzial\u201c: Baerbock will Kolumbien f\u00fcr Energiekooperation gewinnen. rnd.de 09.06.2023.<br \/>\n[2] Habeck sagt Kolumbien Unterst\u00fctzung bei Kohle-Ausstieg zu. dw.com 15.03.2023.<br \/>\n[3] Baerbock: Mit st\u00e4rkerer Zusammenarbeit mit Panama Welthandel sichern. handelsblatt.com 09.06.2023.<br \/>\n[4] Tobias Lambert: F\u00fcr Menschen und Umwelt zu sp\u00e4t. oxiblog.de 16.05.2023.<br \/>\n[5] S. dazu <a href=\"https:\/\/www.german-foreign-policy.com\/news\/detail\/9027\" target=\"_blank\" rel=\"noopener\">Nach uns die Sintflut (III)<\/a>.<br \/>\n[6] Indigene Aktivistin fordert Baerbock zum Kohleminen-Besuch auf. deutschlandfunk.de 07.06.2023.<br \/>\n[7], [8] Nahal Toosi: \u2018Frustrated and powerless\u2018: In fight with China for global influence, diplomacy is America\u2019s biggest weakness. politico.com 23.10.2022.<br \/>\n[9] S. dazu <a href=\"https:\/\/www.german-foreign-policy.com\/news\/detail\/9213\" target=\"_blank\" rel=\"noopener\">\u201eDie globale Geopolitik ausbalancieren\u201c<\/a>.<br \/>\n[10] S. dazu <a href=\"https:\/\/www.german-foreign-policy.com\/news\/detail\/9130\" target=\"_blank\" rel=\"noopener\">Auf br\u00f6ckelndem Boden<\/a>.<br \/>\n[11] S. dazu <a href=\"https:\/\/www.german-foreign-policy.com\/news\/detail\/9150\" target=\"_blank\" rel=\"noopener\">\u201eAuf der Seite der Diplomatie\u201c<\/a>.<br \/>\n[12] Baerbock mahnt Verantwortung Chinas im Ukrainekrieg an. Frankfurter Allgemeine Zeitung 15.04.2023. S. dazu <a href=\"https:\/\/www.german-foreign-policy.com\/news\/detail\/9212\" target=\"_blank\" rel=\"noopener\">Baerbocks Lektionen<\/a>.<br \/>\n[13] Tjerk Br\u00fchwiller, Matthias Wyssuwa: Der komplizierte Freund hat anderes zu tun. Frankfurter Allgemeine Zeitung 07.06.2023.<br \/>\n[14] Priorizando rela\u00e7\u00f5es entre Brasil e \u00c1frica, Mauro Vieira visita Eti\u00f3pia. operamundi.uol.com.br 05.06.2023.<br \/>\n[15] Brics ministers call for rebalancing of global order away from West. bbc.co.uk 02.06.2023.<br \/>\n[16] Lula quer ir a oito pa\u00edses africanos para reverter &#8218;apag\u00e3o&#8216; do Brasil com a regi\u00e3o. oglobo.globo.com 11.06.2023.<\/p>\n","protected":false},"excerpt":{"rendered":"<p>Erste Lateinamerikareise von Au\u00dfenministerin Baerbock erzielt keine Erfolge: Fortschritte im Einflussstreben bleiben aus; Brasilien erteilt Baerbock eine offene diplomatische Abfuhr. Mit einer kr\u00e4ftigen Abfuhr in Brasilien und ohne erkennbaren Erfolg in Kolumbien und Panama ist in der vergangenen Woche die&hellip;<\/p>\n","protected":false},"author":1516,"featured_media":1745505,"comment_status":"closed","ping_status":"closed","sticky":false,"template":"","format":"standard","meta":{"footnotes":""},"categories":[9150,9168,9154],"tags":[84630,10395,9255,103861,31785,15347,15357],"class_list":["post-1745503","post","type-post","status-publish","format-standard","has-post-thumbnail","hentry","category-europa-de","category-politik","category-suedamerika","tag-annalena-baerbock","tag-brasilien","tag-china-de","tag-globaler-sueden","tag-luiz-inacio-lula-da-silva","tag-multipolare-welt","tag-russland"],"yoast_head":"<!-- This site is optimized with the Yoast SEO plugin v27.1.1 - https:\/\/yoast.com\/product\/yoast-seo-wordpress\/ -->\n<title>Baerbocks Lektionen (II)<\/title>\n<meta name=\"description\" content=\"Erste Lateinamerikareise von Au\u00dfenministerin Baerbock erzielt keine Erfolge: Fortschritte im Einflussstreben bleiben aus; Brasilien erteilt Baerbock eine\" \/>\n<meta name=\"robots\" content=\"index, follow, max-snippet:-1, max-image-preview:large, max-video-preview:-1\" \/>\n<link rel=\"canonical\" href=\"https:\/\/www.pressenza.com\/de\/2023\/06\/baerbocks-lektionen-ii\/\" \/>\n<meta property=\"og:locale\" content=\"de_DE\" \/>\n<meta property=\"og:type\" content=\"article\" \/>\n<meta property=\"og:title\" content=\"Baerbocks Lektionen (II)\" \/>\n<meta property=\"og:description\" content=\"Erste Lateinamerikareise von Au\u00dfenministerin Baerbock erzielt keine Erfolge: Fortschritte im Einflussstreben bleiben aus; Brasilien erteilt Baerbock eine\" \/>\n<meta property=\"og:url\" content=\"https:\/\/www.pressenza.com\/de\/2023\/06\/baerbocks-lektionen-ii\/\" \/>\n<meta property=\"og:site_name\" content=\"Pressenza\" \/>\n<meta property=\"article:publisher\" content=\"https:\/\/www.facebook.com\/PressenzaItalia\" \/>\n<meta property=\"article:published_time\" content=\"2023-06-13T13:37:57+00:00\" \/>\n<meta property=\"article:modified_time\" content=\"2023-06-14T11:17:03+00:00\" \/>\n<meta property=\"og:image\" content=\"https:\/\/www.pressenza.com\/wp-content\/uploads\/2023\/06\/national-congress-5991196_1280.jpg\" \/>\n\t<meta property=\"og:image:width\" content=\"1280\" \/>\n\t<meta property=\"og:image:height\" content=\"719\" \/>\n\t<meta property=\"og:image:type\" content=\"image\/jpeg\" \/>\n<meta name=\"author\" content=\"GERMAN-FOREIGN-POLICY.com\" \/>\n<meta name=\"twitter:card\" content=\"summary_large_image\" \/>\n<meta name=\"twitter:creator\" content=\"@PressenzaIPA\" \/>\n<meta name=\"twitter:site\" content=\"@PressenzaIPA\" \/>\n<meta name=\"twitter:label1\" content=\"Verfasst von\" \/>\n\t<meta name=\"twitter:data1\" content=\"GERMAN-FOREIGN-POLICY.com\" \/>\n\t<meta name=\"twitter:label2\" content=\"Gesch\u00e4tzte Lesezeit\" \/>\n\t<meta name=\"twitter:data2\" content=\"8\u00a0Minuten\" \/>\n<script type=\"application\/ld+json\" class=\"yoast-schema-graph\">{\"@context\":\"https:\/\/schema.org\",\"@graph\":[{\"@type\":\"Article\",\"@id\":\"https:\/\/www.pressenza.com\/de\/2023\/06\/baerbocks-lektionen-ii\/#article\",\"isPartOf\":{\"@id\":\"https:\/\/www.pressenza.com\/de\/2023\/06\/baerbocks-lektionen-ii\/\"},\"author\":{\"name\":\"GERMAN-FOREIGN-POLICY.com\",\"@id\":\"https:\/\/www.pressenza.com\/de\/#\/schema\/person\/65976e5880ee37f0ffc0cea7b0d6f456\"},\"headline\":\"Baerbocks Lektionen (II)\",\"datePublished\":\"2023-06-13T13:37:57+00:00\",\"dateModified\":\"2023-06-14T11:17:03+00:00\",\"mainEntityOfPage\":{\"@id\":\"https:\/\/www.pressenza.com\/de\/2023\/06\/baerbocks-lektionen-ii\/\"},\"wordCount\":1351,\"publisher\":{\"@id\":\"https:\/\/www.pressenza.com\/de\/#organization\"},\"image\":{\"@id\":\"https:\/\/www.pressenza.com\/de\/2023\/06\/baerbocks-lektionen-ii\/#primaryimage\"},\"thumbnailUrl\":\"https:\/\/www.pressenza.com\/wp-content\/uploads\/2023\/06\/national-congress-5991196_1280.jpg\",\"keywords\":[\"Annalena Baerbock\",\"Brasilien\",\"China\",\"globaler S\u00fcden\",\"Luiz Inacio Lula da Silva\",\"Multipolare Welt\",\"Russland\"],\"articleSection\":[\"Europa\",\"Politik\",\"S\u00fcdamerika\"],\"inLanguage\":\"de\"},{\"@type\":\"WebPage\",\"@id\":\"https:\/\/www.pressenza.com\/de\/2023\/06\/baerbocks-lektionen-ii\/\",\"url\":\"https:\/\/www.pressenza.com\/de\/2023\/06\/baerbocks-lektionen-ii\/\",\"name\":\"Baerbocks Lektionen (II)\",\"isPartOf\":{\"@id\":\"https:\/\/www.pressenza.com\/de\/#website\"},\"primaryImageOfPage\":{\"@id\":\"https:\/\/www.pressenza.com\/de\/2023\/06\/baerbocks-lektionen-ii\/#primaryimage\"},\"image\":{\"@id\":\"https:\/\/www.pressenza.com\/de\/2023\/06\/baerbocks-lektionen-ii\/#primaryimage\"},\"thumbnailUrl\":\"https:\/\/www.pressenza.com\/wp-content\/uploads\/2023\/06\/national-congress-5991196_1280.jpg\",\"datePublished\":\"2023-06-13T13:37:57+00:00\",\"dateModified\":\"2023-06-14T11:17:03+00:00\",\"description\":\"Erste Lateinamerikareise von Au\u00dfenministerin Baerbock erzielt keine Erfolge: Fortschritte im Einflussstreben bleiben aus; Brasilien erteilt Baerbock eine\",\"breadcrumb\":{\"@id\":\"https:\/\/www.pressenza.com\/de\/2023\/06\/baerbocks-lektionen-ii\/#breadcrumb\"},\"inLanguage\":\"de\",\"potentialAction\":[{\"@type\":\"ReadAction\",\"target\":[\"https:\/\/www.pressenza.com\/de\/2023\/06\/baerbocks-lektionen-ii\/\"]}]},{\"@type\":\"ImageObject\",\"inLanguage\":\"de\",\"@id\":\"https:\/\/www.pressenza.com\/de\/2023\/06\/baerbocks-lektionen-ii\/#primaryimage\",\"url\":\"https:\/\/www.pressenza.com\/wp-content\/uploads\/2023\/06\/national-congress-5991196_1280.jpg\",\"contentUrl\":\"https:\/\/www.pressenza.com\/wp-content\/uploads\/2023\/06\/national-congress-5991196_1280.jpg\",\"width\":1280,\"height\":719,\"caption\":\"Nationalkongress in Bras\u00edlia (Bild von Renato Laky auf Pixabay | CC0)\"},{\"@type\":\"BreadcrumbList\",\"@id\":\"https:\/\/www.pressenza.com\/de\/2023\/06\/baerbocks-lektionen-ii\/#breadcrumb\",\"itemListElement\":[{\"@type\":\"ListItem\",\"position\":1,\"name\":\"Accueil\",\"item\":\"https:\/\/www.pressenza.com\/de\/\"},{\"@type\":\"ListItem\",\"position\":2,\"name\":\"Baerbocks Lektionen (II)\"}]},{\"@type\":\"WebSite\",\"@id\":\"https:\/\/www.pressenza.com\/de\/#website\",\"url\":\"https:\/\/www.pressenza.com\/de\/\",\"name\":\"Pressenza\",\"description\":\"International Press Agency\",\"publisher\":{\"@id\":\"https:\/\/www.pressenza.com\/de\/#organization\"},\"potentialAction\":[{\"@type\":\"SearchAction\",\"target\":{\"@type\":\"EntryPoint\",\"urlTemplate\":\"https:\/\/www.pressenza.com\/de\/?s={search_term_string}\"},\"query-input\":{\"@type\":\"PropertyValueSpecification\",\"valueRequired\":true,\"valueName\":\"search_term_string\"}}],\"inLanguage\":\"de\"},{\"@type\":\"Organization\",\"@id\":\"https:\/\/www.pressenza.com\/de\/#organization\",\"name\":\"Pressenza\",\"url\":\"https:\/\/www.pressenza.com\/de\/\",\"logo\":{\"@type\":\"ImageObject\",\"inLanguage\":\"de\",\"@id\":\"https:\/\/www.pressenza.com\/de\/#\/schema\/logo\/image\/\",\"url\":\"https:\/\/www.pressenza.com\/wp-content\/uploads\/2022\/10\/pressenza_logo_200x200.jpg\",\"contentUrl\":\"https:\/\/www.pressenza.com\/wp-content\/uploads\/2022\/10\/pressenza_logo_200x200.jpg\",\"width\":200,\"height\":200,\"caption\":\"Pressenza\"},\"image\":{\"@id\":\"https:\/\/www.pressenza.com\/de\/#\/schema\/logo\/image\/\"},\"sameAs\":[\"https:\/\/www.facebook.com\/PressenzaItalia\",\"https:\/\/x.com\/PressenzaIPA\"]},{\"@type\":\"Person\",\"@id\":\"https:\/\/www.pressenza.com\/de\/#\/schema\/person\/65976e5880ee37f0ffc0cea7b0d6f456\",\"name\":\"GERMAN-FOREIGN-POLICY.com\",\"description\":\"Information on German Foreign Policy Articles and photographs by german-foreign-policy.com on Pressenza do not fall under the Creative Commons license and are not reproducible in any way. \\\"Information on German Foreign Policy\\\" (german-foreign-policy.com) is compiled by a group of independent journalists and social scientists who observe, on an ongoing basis, Germany's renewed attempts to regain great power status in the economic, military and political arena.\",\"url\":\"https:\/\/www.pressenza.com\/de\/author\/german-foreign-policy-com\/\"}]}<\/script>\n<!-- \/ Yoast SEO plugin. -->","yoast_head_json":{"title":"Baerbocks Lektionen (II)","description":"Erste Lateinamerikareise von Au\u00dfenministerin Baerbock erzielt keine Erfolge: Fortschritte im Einflussstreben bleiben aus; Brasilien erteilt Baerbock eine","robots":{"index":"index","follow":"follow","max-snippet":"max-snippet:-1","max-image-preview":"max-image-preview:large","max-video-preview":"max-video-preview:-1"},"canonical":"https:\/\/www.pressenza.com\/de\/2023\/06\/baerbocks-lektionen-ii\/","og_locale":"de_DE","og_type":"article","og_title":"Baerbocks Lektionen (II)","og_description":"Erste Lateinamerikareise von Au\u00dfenministerin Baerbock erzielt keine Erfolge: Fortschritte im Einflussstreben bleiben aus; Brasilien erteilt Baerbock eine","og_url":"https:\/\/www.pressenza.com\/de\/2023\/06\/baerbocks-lektionen-ii\/","og_site_name":"Pressenza","article_publisher":"https:\/\/www.facebook.com\/PressenzaItalia","article_published_time":"2023-06-13T13:37:57+00:00","article_modified_time":"2023-06-14T11:17:03+00:00","og_image":[{"width":1280,"height":719,"url":"https:\/\/www.pressenza.com\/wp-content\/uploads\/2023\/06\/national-congress-5991196_1280.jpg","type":"image\/jpeg"}],"author":"GERMAN-FOREIGN-POLICY.com","twitter_card":"summary_large_image","twitter_creator":"@PressenzaIPA","twitter_site":"@PressenzaIPA","twitter_misc":{"Verfasst von":"GERMAN-FOREIGN-POLICY.com","Gesch\u00e4tzte Lesezeit":"8\u00a0Minuten"},"schema":{"@context":"https:\/\/schema.org","@graph":[{"@type":"Article","@id":"https:\/\/www.pressenza.com\/de\/2023\/06\/baerbocks-lektionen-ii\/#article","isPartOf":{"@id":"https:\/\/www.pressenza.com\/de\/2023\/06\/baerbocks-lektionen-ii\/"},"author":{"name":"GERMAN-FOREIGN-POLICY.com","@id":"https:\/\/www.pressenza.com\/de\/#\/schema\/person\/65976e5880ee37f0ffc0cea7b0d6f456"},"headline":"Baerbocks Lektionen (II)","datePublished":"2023-06-13T13:37:57+00:00","dateModified":"2023-06-14T11:17:03+00:00","mainEntityOfPage":{"@id":"https:\/\/www.pressenza.com\/de\/2023\/06\/baerbocks-lektionen-ii\/"},"wordCount":1351,"publisher":{"@id":"https:\/\/www.pressenza.com\/de\/#organization"},"image":{"@id":"https:\/\/www.pressenza.com\/de\/2023\/06\/baerbocks-lektionen-ii\/#primaryimage"},"thumbnailUrl":"https:\/\/www.pressenza.com\/wp-content\/uploads\/2023\/06\/national-congress-5991196_1280.jpg","keywords":["Annalena Baerbock","Brasilien","China","globaler S\u00fcden","Luiz Inacio Lula da Silva","Multipolare Welt","Russland"],"articleSection":["Europa","Politik","S\u00fcdamerika"],"inLanguage":"de"},{"@type":"WebPage","@id":"https:\/\/www.pressenza.com\/de\/2023\/06\/baerbocks-lektionen-ii\/","url":"https:\/\/www.pressenza.com\/de\/2023\/06\/baerbocks-lektionen-ii\/","name":"Baerbocks Lektionen (II)","isPartOf":{"@id":"https:\/\/www.pressenza.com\/de\/#website"},"primaryImageOfPage":{"@id":"https:\/\/www.pressenza.com\/de\/2023\/06\/baerbocks-lektionen-ii\/#primaryimage"},"image":{"@id":"https:\/\/www.pressenza.com\/de\/2023\/06\/baerbocks-lektionen-ii\/#primaryimage"},"thumbnailUrl":"https:\/\/www.pressenza.com\/wp-content\/uploads\/2023\/06\/national-congress-5991196_1280.jpg","datePublished":"2023-06-13T13:37:57+00:00","dateModified":"2023-06-14T11:17:03+00:00","description":"Erste Lateinamerikareise von Au\u00dfenministerin Baerbock erzielt keine Erfolge: Fortschritte im Einflussstreben bleiben aus; Brasilien erteilt Baerbock eine","breadcrumb":{"@id":"https:\/\/www.pressenza.com\/de\/2023\/06\/baerbocks-lektionen-ii\/#breadcrumb"},"inLanguage":"de","potentialAction":[{"@type":"ReadAction","target":["https:\/\/www.pressenza.com\/de\/2023\/06\/baerbocks-lektionen-ii\/"]}]},{"@type":"ImageObject","inLanguage":"de","@id":"https:\/\/www.pressenza.com\/de\/2023\/06\/baerbocks-lektionen-ii\/#primaryimage","url":"https:\/\/www.pressenza.com\/wp-content\/uploads\/2023\/06\/national-congress-5991196_1280.jpg","contentUrl":"https:\/\/www.pressenza.com\/wp-content\/uploads\/2023\/06\/national-congress-5991196_1280.jpg","width":1280,"height":719,"caption":"Nationalkongress in Bras\u00edlia (Bild von Renato Laky auf Pixabay | CC0)"},{"@type":"BreadcrumbList","@id":"https:\/\/www.pressenza.com\/de\/2023\/06\/baerbocks-lektionen-ii\/#breadcrumb","itemListElement":[{"@type":"ListItem","position":1,"name":"Accueil","item":"https:\/\/www.pressenza.com\/de\/"},{"@type":"ListItem","position":2,"name":"Baerbocks Lektionen (II)"}]},{"@type":"WebSite","@id":"https:\/\/www.pressenza.com\/de\/#website","url":"https:\/\/www.pressenza.com\/de\/","name":"Pressenza","description":"International Press Agency","publisher":{"@id":"https:\/\/www.pressenza.com\/de\/#organization"},"potentialAction":[{"@type":"SearchAction","target":{"@type":"EntryPoint","urlTemplate":"https:\/\/www.pressenza.com\/de\/?s={search_term_string}"},"query-input":{"@type":"PropertyValueSpecification","valueRequired":true,"valueName":"search_term_string"}}],"inLanguage":"de"},{"@type":"Organization","@id":"https:\/\/www.pressenza.com\/de\/#organization","name":"Pressenza","url":"https:\/\/www.pressenza.com\/de\/","logo":{"@type":"ImageObject","inLanguage":"de","@id":"https:\/\/www.pressenza.com\/de\/#\/schema\/logo\/image\/","url":"https:\/\/www.pressenza.com\/wp-content\/uploads\/2022\/10\/pressenza_logo_200x200.jpg","contentUrl":"https:\/\/www.pressenza.com\/wp-content\/uploads\/2022\/10\/pressenza_logo_200x200.jpg","width":200,"height":200,"caption":"Pressenza"},"image":{"@id":"https:\/\/www.pressenza.com\/de\/#\/schema\/logo\/image\/"},"sameAs":["https:\/\/www.facebook.com\/PressenzaItalia","https:\/\/x.com\/PressenzaIPA"]},{"@type":"Person","@id":"https:\/\/www.pressenza.com\/de\/#\/schema\/person\/65976e5880ee37f0ffc0cea7b0d6f456","name":"GERMAN-FOREIGN-POLICY.com","description":"Information on German Foreign Policy Articles and photographs by german-foreign-policy.com on Pressenza do not fall under the Creative Commons license and are not reproducible in any way. \"Information on German Foreign Policy\" (german-foreign-policy.com) is compiled by a group of independent journalists and social scientists who observe, on an ongoing basis, Germany's renewed attempts to regain great power status in the economic, military and political arena.","url":"https:\/\/www.pressenza.com\/de\/author\/german-foreign-policy-com\/"}]}},"place":"","original_article_url":"https:\/\/www.german-foreign-policy.com\/news\/detail\/9264","_links":{"self":[{"href":"https:\/\/www.pressenza.com\/de\/wp-json\/wp\/v2\/posts\/1745503","targetHints":{"allow":["GET"]}}],"collection":[{"href":"https:\/\/www.pressenza.com\/de\/wp-json\/wp\/v2\/posts"}],"about":[{"href":"https:\/\/www.pressenza.com\/de\/wp-json\/wp\/v2\/types\/post"}],"author":[{"embeddable":true,"href":"https:\/\/www.pressenza.com\/de\/wp-json\/wp\/v2\/users\/1516"}],"replies":[{"embeddable":true,"href":"https:\/\/www.pressenza.com\/de\/wp-json\/wp\/v2\/comments?post=1745503"}],"version-history":[{"count":0,"href":"https:\/\/www.pressenza.com\/de\/wp-json\/wp\/v2\/posts\/1745503\/revisions"}],"wp:featuredmedia":[{"embeddable":true,"href":"https:\/\/www.pressenza.com\/de\/wp-json\/wp\/v2\/media\/1745505"}],"wp:attachment":[{"href":"https:\/\/www.pressenza.com\/de\/wp-json\/wp\/v2\/media?parent=1745503"}],"wp:term":[{"taxonomy":"category","embeddable":true,"href":"https:\/\/www.pressenza.com\/de\/wp-json\/wp\/v2\/categories?post=1745503"},{"taxonomy":"post_tag","embeddable":true,"href":"https:\/\/www.pressenza.com\/de\/wp-json\/wp\/v2\/tags?post=1745503"}],"curies":[{"name":"wp","href":"https:\/\/api.w.org\/{rel}","templated":true}]}}