{"id":1742941,"date":"2023-05-31T13:58:13","date_gmt":"2023-05-31T12:58:13","guid":{"rendered":"https:\/\/www.pressenza.com\/?p=1742941"},"modified":"2023-05-31T13:58:13","modified_gmt":"2023-05-31T12:58:13","slug":"ukraine-oberster-gerichtshof-diskutiert-kriegsdienstverweigerung","status":"publish","type":"post","link":"https:\/\/www.pressenza.com\/de\/2023\/05\/ukraine-oberster-gerichtshof-diskutiert-kriegsdienstverweigerung\/","title":{"rendered":"Ukraine: Oberster Gerichtshof diskutiert Kriegsdienstverweigerung"},"content":{"rendered":"<p><strong>Aus Italien, der Schweiz und Griechenland, Unterst\u00fctzung f\u00fcr die Friedensbewegung der Ukraine.<\/strong><\/p>\n<p>Die Friedensbewegung beauftragte den Anwalt und internationalen Menschenrechtsexperte Nicola Canestrini vor dem obersten Gerichtshof der Ukraine in Kiew zu intervenieren, der zur Berufung der beiden Kriegsdienstverweigerern Andrii Vyshnevetsky und Vitaly Alekseenko einberufen wurde. Canestrini reichte einen \u201camicus curiae\u201d-Brief, welcher zusammen mit dem Schweizer Derek Brett (EBCO \u2013 Europ\u00e4isches B\u00fcro f\u00fcr Kriegsverweigerung) und dem Griechen Foivos Latrellis (Amnesty International) unterzeichnet wurde.<\/p>\n<blockquote><p><em>\u201eWir bitten den Obersten Gerichtshof \u201c, hei\u00dft es in dem Brief, \u201eunsere Auffassung aufgrund des internationalen \u00f6ffentlichen Interesses im Bereich der Menschenrechte, der Rechtsstaatlichkeit und der Demokratie zu ber\u00fccksichtigen, um ein faires Verfahren gem\u00e4\u00df der Verfassung der Ukraine, dem Internationalen Pakt \u00fcber b\u00fcrgerliche und politische Rechte, der Konvention zum Schutz der Menschenrechte und Grundfreiheiten und der Europ\u00e4ischen Menschenrechtskonvention zu gew\u00e4hrleisten.\u201d<\/em><\/p><\/blockquote>\n<p>Des Weiteren argumentiert der Appell, dass:<\/p>\n<ul>\n<li>Die Ukraine ist rechtlich verpflichtet, das Menschenrecht auf Kriegsdienstverweigerung aus Gewissensgr\u00fcnden (auch unter dem geltenden Kriegsrecht) zu garantieren;<\/li>\n<li>Kriegsdienstverweigerung aus Gewissensgr\u00fcnden als individuelles Recht unabh\u00e4ngig von der Mitgliedschaft in religi\u00f6sen Organisationen gesch\u00fctzt werden muss;<\/li>\n<li>Verweigerer aus Gewissensgr\u00fcnden, die zwangsverpflichtet werden, m\u00fcssen die M\u00f6glichkeit haben, die Streitkr\u00e4fte zu verlassen.<\/li>\n<\/ul>\n<p>Zum Schluss schreiben Canestrini, Brett und Latrellis: \u201eWir raten dem Obersten Gerichtshof den Pr\u00e4sidenten der Ukraine Wolodymyr Selenskyi anzuweisen, das Recht auf Kriegsverweigerung anzuerkennen und das Verfahren f\u00fcr die Entlassung aus dem Milit\u00e4rdienst f\u00fcr alle zu erm\u00f6glichen, die es w\u00fcnschen, ihr Recht auf Kriegsverweigerung aus Gewissensgr\u00fcnden auszu\u00fcben, was grundlegende Fragen zu Menschenrechten und dem Verfassungsrecht aufwirft. Aus diesem Grund fordern wir den Gerichtshof im \u00f6ffentlichen Interesse und zur Wahrung der Rechtsstaatlichkeit auf, diese \u201camicus curiae\u201d von uns zu ber\u00fccksichtigen.\u201d<\/p>\n<p>Anwalt Canestrini erkl\u00e4rte gemeinsam mit EBCO und Amnesty im Namen der Gewaltfreien Bewegung, dass \u201edie Unterschriebenen ausschlie\u00dflich das \u00f6ffentliche Interesse der internationalen Zivilgesellschaft und der Menschengemeinschaft bei der Aufrechterhaltung der Menschenrechte auf ein ordnungsgem\u00e4\u00dfes Verfahren, die Freiheit des Denkens, des Gewissens und der Religion und des vollen Umfangs der damit verbunden voneinander abh\u00e4ngigen Rechte verfolgen; einschlie\u00dflich des Rechts auf Kriegsverweigerung. Wir glauben, dass die Demokratie untrennbar mit der Rechtsstaatlichkeit verbunden ist, was die volle Achtung der Menschenrechte erfordert.\u201d<\/p>\n<p><strong><em>Die \u00dcbersetzung aus dem Englischen wurde von Jasmin Klara <\/em><em>vom ehrenamtlichen Pressenza-\u00dcbersetzungsteam erstellt. <a href=\"https:\/\/www.pressenza.com\/de\/mitarbeiten\/\" target=\"_blank\" rel=\"noopener\">Wir suchen Freiwillige!<\/a><\/em><\/strong><\/p>\n","protected":false},"excerpt":{"rendered":"<p>Aus Italien, der Schweiz und Griechenland, Unterst\u00fctzung f\u00fcr die Friedensbewegung der Ukraine. Die Friedensbewegung beauftragte den Anwalt und internationalen Menschenrechtsexperte Nicola Canestrini vor dem obersten Gerichtshof der Ukraine in Kiew zu intervenieren, der zur Berufung der beiden Kriegsdienstverweigerern Andrii Vyshnevetsky&hellip;<\/p>\n","protected":false},"author":600,"featured_media":1742942,"comment_status":"closed","ping_status":"closed","sticky":false,"template":"","format":"standard","meta":{"footnotes":""},"categories":[9150,9167,9166,9145],"tags":[22229,9227,113268,23764,20028,9293,100972],"class_list":["post-1742941","post","type-post","status-publish","format-standard","has-post-thumbnail","hentry","category-europa-de","category-frieden-und-abruestung","category-gewaltfreiheit","category-pressemitteilungen","tag-gewaltfreiheit","tag-gewaltlosigkeit","tag-gewissensgruende","tag-kriegsdienstverweigerung","tag-pazifismus","tag-ukraine-de","tag-ukrainekrieg"],"yoast_head":"<!-- This site is optimized with the Yoast SEO plugin v27.1.1 - https:\/\/yoast.com\/product\/yoast-seo-wordpress\/ -->\n<title>Ukraine: Oberster Gerichtshof diskutiert Kriegsdienstverweigerung<\/title>\n<meta name=\"description\" content=\"Aus Italien, der Schweiz und Griechenland, Unterst\u00fctzung f\u00fcr die Friedensbewegung der Ukraine. Die Friedensbewegung beauftragte den Anwalt und\" \/>\n<meta name=\"robots\" content=\"index, follow, max-snippet:-1, max-image-preview:large, max-video-preview:-1\" \/>\n<link rel=\"canonical\" href=\"https:\/\/www.pressenza.com\/de\/2023\/05\/ukraine-oberster-gerichtshof-diskutiert-kriegsdienstverweigerung\/\" \/>\n<meta property=\"og:locale\" content=\"de_DE\" \/>\n<meta property=\"og:type\" content=\"article\" \/>\n<meta property=\"og:title\" content=\"Ukraine: Oberster Gerichtshof diskutiert Kriegsdienstverweigerung\" \/>\n<meta property=\"og:description\" content=\"Aus Italien, der Schweiz und Griechenland, Unterst\u00fctzung f\u00fcr die Friedensbewegung der Ukraine. Die Friedensbewegung beauftragte den Anwalt und\" \/>\n<meta property=\"og:url\" content=\"https:\/\/www.pressenza.com\/de\/2023\/05\/ukraine-oberster-gerichtshof-diskutiert-kriegsdienstverweigerung\/\" \/>\n<meta property=\"og:site_name\" content=\"Pressenza\" \/>\n<meta property=\"article:publisher\" content=\"https:\/\/www.facebook.com\/PressenzaItalia\" \/>\n<meta property=\"article:published_time\" content=\"2023-05-31T12:58:13+00:00\" \/>\n<meta property=\"og:image\" content=\"https:\/\/www.pressenza.com\/wp-content\/uploads\/2023\/05\/Canestrini-in-Ucraina.jpg\" \/>\n\t<meta property=\"og:image:width\" content=\"820\" \/>\n\t<meta property=\"og:image:height\" content=\"504\" \/>\n\t<meta property=\"og:image:type\" content=\"image\/jpeg\" \/>\n<meta name=\"author\" content=\"Movimento Nonviolento\" \/>\n<meta name=\"twitter:card\" content=\"summary_large_image\" \/>\n<meta name=\"twitter:creator\" content=\"@PressenzaIPA\" \/>\n<meta name=\"twitter:site\" content=\"@PressenzaIPA\" \/>\n<meta name=\"twitter:label1\" content=\"Verfasst von\" \/>\n\t<meta name=\"twitter:data1\" content=\"Movimento Nonviolento\" \/>\n\t<meta name=\"twitter:label2\" content=\"Gesch\u00e4tzte Lesezeit\" \/>\n\t<meta name=\"twitter:data2\" content=\"2\u00a0Minuten\" \/>\n<script type=\"application\/ld+json\" class=\"yoast-schema-graph\">{\"@context\":\"https:\/\/schema.org\",\"@graph\":[{\"@type\":\"Article\",\"@id\":\"https:\/\/www.pressenza.com\/de\/2023\/05\/ukraine-oberster-gerichtshof-diskutiert-kriegsdienstverweigerung\/#article\",\"isPartOf\":{\"@id\":\"https:\/\/www.pressenza.com\/de\/2023\/05\/ukraine-oberster-gerichtshof-diskutiert-kriegsdienstverweigerung\/\"},\"author\":{\"name\":\"Movimento Nonviolento\",\"@id\":\"https:\/\/www.pressenza.com\/de\/#\/schema\/person\/5c22aa4afc24f8cbe52d85a1f7e4df91\"},\"headline\":\"Ukraine: Oberster Gerichtshof diskutiert Kriegsdienstverweigerung\",\"datePublished\":\"2023-05-31T12:58:13+00:00\",\"mainEntityOfPage\":{\"@id\":\"https:\/\/www.pressenza.com\/de\/2023\/05\/ukraine-oberster-gerichtshof-diskutiert-kriegsdienstverweigerung\/\"},\"wordCount\":397,\"publisher\":{\"@id\":\"https:\/\/www.pressenza.com\/de\/#organization\"},\"image\":{\"@id\":\"https:\/\/www.pressenza.com\/de\/2023\/05\/ukraine-oberster-gerichtshof-diskutiert-kriegsdienstverweigerung\/#primaryimage\"},\"thumbnailUrl\":\"https:\/\/www.pressenza.com\/wp-content\/uploads\/2023\/05\/Canestrini-in-Ucraina.jpg\",\"keywords\":[\"Gewaltfreiheit\",\"Gewaltlosigkeit\",\"Gewissensgr\u00fcnde\",\"Kriegsdienstverweigerung\",\"Pazifismus\",\"Ukraine\",\"Ukrainekrieg\"],\"articleSection\":[\"Europa\",\"Frieden und Abr\u00fcstung\",\"Gewaltfreiheit\",\"Pressemitteilungen\"],\"inLanguage\":\"de\"},{\"@type\":\"WebPage\",\"@id\":\"https:\/\/www.pressenza.com\/de\/2023\/05\/ukraine-oberster-gerichtshof-diskutiert-kriegsdienstverweigerung\/\",\"url\":\"https:\/\/www.pressenza.com\/de\/2023\/05\/ukraine-oberster-gerichtshof-diskutiert-kriegsdienstverweigerung\/\",\"name\":\"Ukraine: Oberster Gerichtshof diskutiert Kriegsdienstverweigerung\",\"isPartOf\":{\"@id\":\"https:\/\/www.pressenza.com\/de\/#website\"},\"primaryImageOfPage\":{\"@id\":\"https:\/\/www.pressenza.com\/de\/2023\/05\/ukraine-oberster-gerichtshof-diskutiert-kriegsdienstverweigerung\/#primaryimage\"},\"image\":{\"@id\":\"https:\/\/www.pressenza.com\/de\/2023\/05\/ukraine-oberster-gerichtshof-diskutiert-kriegsdienstverweigerung\/#primaryimage\"},\"thumbnailUrl\":\"https:\/\/www.pressenza.com\/wp-content\/uploads\/2023\/05\/Canestrini-in-Ucraina.jpg\",\"datePublished\":\"2023-05-31T12:58:13+00:00\",\"description\":\"Aus Italien, der Schweiz und Griechenland, Unterst\u00fctzung f\u00fcr die Friedensbewegung der Ukraine. Die Friedensbewegung beauftragte den Anwalt und\",\"breadcrumb\":{\"@id\":\"https:\/\/www.pressenza.com\/de\/2023\/05\/ukraine-oberster-gerichtshof-diskutiert-kriegsdienstverweigerung\/#breadcrumb\"},\"inLanguage\":\"de\",\"potentialAction\":[{\"@type\":\"ReadAction\",\"target\":[\"https:\/\/www.pressenza.com\/de\/2023\/05\/ukraine-oberster-gerichtshof-diskutiert-kriegsdienstverweigerung\/\"]}]},{\"@type\":\"ImageObject\",\"inLanguage\":\"de\",\"@id\":\"https:\/\/www.pressenza.com\/de\/2023\/05\/ukraine-oberster-gerichtshof-diskutiert-kriegsdienstverweigerung\/#primaryimage\",\"url\":\"https:\/\/www.pressenza.com\/wp-content\/uploads\/2023\/05\/Canestrini-in-Ucraina.jpg\",\"contentUrl\":\"https:\/\/www.pressenza.com\/wp-content\/uploads\/2023\/05\/Canestrini-in-Ucraina.jpg\",\"width\":820,\"height\":504,\"caption\":\"Lawyer Canestrini in Ukraine\"},{\"@type\":\"BreadcrumbList\",\"@id\":\"https:\/\/www.pressenza.com\/de\/2023\/05\/ukraine-oberster-gerichtshof-diskutiert-kriegsdienstverweigerung\/#breadcrumb\",\"itemListElement\":[{\"@type\":\"ListItem\",\"position\":1,\"name\":\"Accueil\",\"item\":\"https:\/\/www.pressenza.com\/de\/\"},{\"@type\":\"ListItem\",\"position\":2,\"name\":\"Ukraine: Oberster Gerichtshof diskutiert Kriegsdienstverweigerung\"}]},{\"@type\":\"WebSite\",\"@id\":\"https:\/\/www.pressenza.com\/de\/#website\",\"url\":\"https:\/\/www.pressenza.com\/de\/\",\"name\":\"Pressenza\",\"description\":\"International Press Agency\",\"publisher\":{\"@id\":\"https:\/\/www.pressenza.com\/de\/#organization\"},\"potentialAction\":[{\"@type\":\"SearchAction\",\"target\":{\"@type\":\"EntryPoint\",\"urlTemplate\":\"https:\/\/www.pressenza.com\/de\/?s={search_term_string}\"},\"query-input\":{\"@type\":\"PropertyValueSpecification\",\"valueRequired\":true,\"valueName\":\"search_term_string\"}}],\"inLanguage\":\"de\"},{\"@type\":\"Organization\",\"@id\":\"https:\/\/www.pressenza.com\/de\/#organization\",\"name\":\"Pressenza\",\"url\":\"https:\/\/www.pressenza.com\/de\/\",\"logo\":{\"@type\":\"ImageObject\",\"inLanguage\":\"de\",\"@id\":\"https:\/\/www.pressenza.com\/de\/#\/schema\/logo\/image\/\",\"url\":\"https:\/\/www.pressenza.com\/wp-content\/uploads\/2022\/10\/pressenza_logo_200x200.jpg\",\"contentUrl\":\"https:\/\/www.pressenza.com\/wp-content\/uploads\/2022\/10\/pressenza_logo_200x200.jpg\",\"width\":200,\"height\":200,\"caption\":\"Pressenza\"},\"image\":{\"@id\":\"https:\/\/www.pressenza.com\/de\/#\/schema\/logo\/image\/\"},\"sameAs\":[\"https:\/\/www.facebook.com\/PressenzaItalia\",\"https:\/\/x.com\/PressenzaIPA\"]},{\"@type\":\"Person\",\"@id\":\"https:\/\/www.pressenza.com\/de\/#\/schema\/person\/5c22aa4afc24f8cbe52d85a1f7e4df91\",\"name\":\"Movimento Nonviolento\",\"description\":\"www.nonviolenti.org\",\"url\":\"https:\/\/www.pressenza.com\/de\/author\/movimento-nonviolento\/\"}]}<\/script>\n<!-- \/ Yoast SEO plugin. -->","yoast_head_json":{"title":"Ukraine: Oberster Gerichtshof diskutiert Kriegsdienstverweigerung","description":"Aus Italien, der Schweiz und Griechenland, Unterst\u00fctzung f\u00fcr die Friedensbewegung der Ukraine. Die Friedensbewegung beauftragte den Anwalt und","robots":{"index":"index","follow":"follow","max-snippet":"max-snippet:-1","max-image-preview":"max-image-preview:large","max-video-preview":"max-video-preview:-1"},"canonical":"https:\/\/www.pressenza.com\/de\/2023\/05\/ukraine-oberster-gerichtshof-diskutiert-kriegsdienstverweigerung\/","og_locale":"de_DE","og_type":"article","og_title":"Ukraine: Oberster Gerichtshof diskutiert Kriegsdienstverweigerung","og_description":"Aus Italien, der Schweiz und Griechenland, Unterst\u00fctzung f\u00fcr die Friedensbewegung der Ukraine. Die Friedensbewegung beauftragte den Anwalt und","og_url":"https:\/\/www.pressenza.com\/de\/2023\/05\/ukraine-oberster-gerichtshof-diskutiert-kriegsdienstverweigerung\/","og_site_name":"Pressenza","article_publisher":"https:\/\/www.facebook.com\/PressenzaItalia","article_published_time":"2023-05-31T12:58:13+00:00","og_image":[{"width":820,"height":504,"url":"https:\/\/www.pressenza.com\/wp-content\/uploads\/2023\/05\/Canestrini-in-Ucraina.jpg","type":"image\/jpeg"}],"author":"Movimento Nonviolento","twitter_card":"summary_large_image","twitter_creator":"@PressenzaIPA","twitter_site":"@PressenzaIPA","twitter_misc":{"Verfasst von":"Movimento Nonviolento","Gesch\u00e4tzte Lesezeit":"2\u00a0Minuten"},"schema":{"@context":"https:\/\/schema.org","@graph":[{"@type":"Article","@id":"https:\/\/www.pressenza.com\/de\/2023\/05\/ukraine-oberster-gerichtshof-diskutiert-kriegsdienstverweigerung\/#article","isPartOf":{"@id":"https:\/\/www.pressenza.com\/de\/2023\/05\/ukraine-oberster-gerichtshof-diskutiert-kriegsdienstverweigerung\/"},"author":{"name":"Movimento Nonviolento","@id":"https:\/\/www.pressenza.com\/de\/#\/schema\/person\/5c22aa4afc24f8cbe52d85a1f7e4df91"},"headline":"Ukraine: Oberster Gerichtshof diskutiert Kriegsdienstverweigerung","datePublished":"2023-05-31T12:58:13+00:00","mainEntityOfPage":{"@id":"https:\/\/www.pressenza.com\/de\/2023\/05\/ukraine-oberster-gerichtshof-diskutiert-kriegsdienstverweigerung\/"},"wordCount":397,"publisher":{"@id":"https:\/\/www.pressenza.com\/de\/#organization"},"image":{"@id":"https:\/\/www.pressenza.com\/de\/2023\/05\/ukraine-oberster-gerichtshof-diskutiert-kriegsdienstverweigerung\/#primaryimage"},"thumbnailUrl":"https:\/\/www.pressenza.com\/wp-content\/uploads\/2023\/05\/Canestrini-in-Ucraina.jpg","keywords":["Gewaltfreiheit","Gewaltlosigkeit","Gewissensgr\u00fcnde","Kriegsdienstverweigerung","Pazifismus","Ukraine","Ukrainekrieg"],"articleSection":["Europa","Frieden und Abr\u00fcstung","Gewaltfreiheit","Pressemitteilungen"],"inLanguage":"de"},{"@type":"WebPage","@id":"https:\/\/www.pressenza.com\/de\/2023\/05\/ukraine-oberster-gerichtshof-diskutiert-kriegsdienstverweigerung\/","url":"https:\/\/www.pressenza.com\/de\/2023\/05\/ukraine-oberster-gerichtshof-diskutiert-kriegsdienstverweigerung\/","name":"Ukraine: Oberster Gerichtshof diskutiert Kriegsdienstverweigerung","isPartOf":{"@id":"https:\/\/www.pressenza.com\/de\/#website"},"primaryImageOfPage":{"@id":"https:\/\/www.pressenza.com\/de\/2023\/05\/ukraine-oberster-gerichtshof-diskutiert-kriegsdienstverweigerung\/#primaryimage"},"image":{"@id":"https:\/\/www.pressenza.com\/de\/2023\/05\/ukraine-oberster-gerichtshof-diskutiert-kriegsdienstverweigerung\/#primaryimage"},"thumbnailUrl":"https:\/\/www.pressenza.com\/wp-content\/uploads\/2023\/05\/Canestrini-in-Ucraina.jpg","datePublished":"2023-05-31T12:58:13+00:00","description":"Aus Italien, der Schweiz und Griechenland, Unterst\u00fctzung f\u00fcr die Friedensbewegung der Ukraine. Die Friedensbewegung beauftragte den Anwalt und","breadcrumb":{"@id":"https:\/\/www.pressenza.com\/de\/2023\/05\/ukraine-oberster-gerichtshof-diskutiert-kriegsdienstverweigerung\/#breadcrumb"},"inLanguage":"de","potentialAction":[{"@type":"ReadAction","target":["https:\/\/www.pressenza.com\/de\/2023\/05\/ukraine-oberster-gerichtshof-diskutiert-kriegsdienstverweigerung\/"]}]},{"@type":"ImageObject","inLanguage":"de","@id":"https:\/\/www.pressenza.com\/de\/2023\/05\/ukraine-oberster-gerichtshof-diskutiert-kriegsdienstverweigerung\/#primaryimage","url":"https:\/\/www.pressenza.com\/wp-content\/uploads\/2023\/05\/Canestrini-in-Ucraina.jpg","contentUrl":"https:\/\/www.pressenza.com\/wp-content\/uploads\/2023\/05\/Canestrini-in-Ucraina.jpg","width":820,"height":504,"caption":"Lawyer Canestrini in Ukraine"},{"@type":"BreadcrumbList","@id":"https:\/\/www.pressenza.com\/de\/2023\/05\/ukraine-oberster-gerichtshof-diskutiert-kriegsdienstverweigerung\/#breadcrumb","itemListElement":[{"@type":"ListItem","position":1,"name":"Accueil","item":"https:\/\/www.pressenza.com\/de\/"},{"@type":"ListItem","position":2,"name":"Ukraine: Oberster Gerichtshof diskutiert Kriegsdienstverweigerung"}]},{"@type":"WebSite","@id":"https:\/\/www.pressenza.com\/de\/#website","url":"https:\/\/www.pressenza.com\/de\/","name":"Pressenza","description":"International Press Agency","publisher":{"@id":"https:\/\/www.pressenza.com\/de\/#organization"},"potentialAction":[{"@type":"SearchAction","target":{"@type":"EntryPoint","urlTemplate":"https:\/\/www.pressenza.com\/de\/?s={search_term_string}"},"query-input":{"@type":"PropertyValueSpecification","valueRequired":true,"valueName":"search_term_string"}}],"inLanguage":"de"},{"@type":"Organization","@id":"https:\/\/www.pressenza.com\/de\/#organization","name":"Pressenza","url":"https:\/\/www.pressenza.com\/de\/","logo":{"@type":"ImageObject","inLanguage":"de","@id":"https:\/\/www.pressenza.com\/de\/#\/schema\/logo\/image\/","url":"https:\/\/www.pressenza.com\/wp-content\/uploads\/2022\/10\/pressenza_logo_200x200.jpg","contentUrl":"https:\/\/www.pressenza.com\/wp-content\/uploads\/2022\/10\/pressenza_logo_200x200.jpg","width":200,"height":200,"caption":"Pressenza"},"image":{"@id":"https:\/\/www.pressenza.com\/de\/#\/schema\/logo\/image\/"},"sameAs":["https:\/\/www.facebook.com\/PressenzaItalia","https:\/\/x.com\/PressenzaIPA"]},{"@type":"Person","@id":"https:\/\/www.pressenza.com\/de\/#\/schema\/person\/5c22aa4afc24f8cbe52d85a1f7e4df91","name":"Movimento Nonviolento","description":"www.nonviolenti.org","url":"https:\/\/www.pressenza.com\/de\/author\/movimento-nonviolento\/"}]}},"place":"","original_article_url":"","_links":{"self":[{"href":"https:\/\/www.pressenza.com\/de\/wp-json\/wp\/v2\/posts\/1742941","targetHints":{"allow":["GET"]}}],"collection":[{"href":"https:\/\/www.pressenza.com\/de\/wp-json\/wp\/v2\/posts"}],"about":[{"href":"https:\/\/www.pressenza.com\/de\/wp-json\/wp\/v2\/types\/post"}],"author":[{"embeddable":true,"href":"https:\/\/www.pressenza.com\/de\/wp-json\/wp\/v2\/users\/600"}],"replies":[{"embeddable":true,"href":"https:\/\/www.pressenza.com\/de\/wp-json\/wp\/v2\/comments?post=1742941"}],"version-history":[{"count":0,"href":"https:\/\/www.pressenza.com\/de\/wp-json\/wp\/v2\/posts\/1742941\/revisions"}],"wp:featuredmedia":[{"embeddable":true,"href":"https:\/\/www.pressenza.com\/de\/wp-json\/wp\/v2\/media\/1742942"}],"wp:attachment":[{"href":"https:\/\/www.pressenza.com\/de\/wp-json\/wp\/v2\/media?parent=1742941"}],"wp:term":[{"taxonomy":"category","embeddable":true,"href":"https:\/\/www.pressenza.com\/de\/wp-json\/wp\/v2\/categories?post=1742941"},{"taxonomy":"post_tag","embeddable":true,"href":"https:\/\/www.pressenza.com\/de\/wp-json\/wp\/v2\/tags?post=1742941"}],"curies":[{"name":"wp","href":"https:\/\/api.w.org\/{rel}","templated":true}]}}