{"id":1741331,"date":"2023-05-24T13:14:48","date_gmt":"2023-05-24T12:14:48","guid":{"rendered":"https:\/\/www.pressenza.com\/?p=1741331"},"modified":"2023-05-24T13:16:00","modified_gmt":"2023-05-24T12:16:00","slug":"hundert-klimaaktivistinnen-in-genf-nach-friedlichem-protest-gegen-privatjet-industrie-festgenommen","status":"publish","type":"post","link":"https:\/\/www.pressenza.com\/de\/2023\/05\/hundert-klimaaktivistinnen-in-genf-nach-friedlichem-protest-gegen-privatjet-industrie-festgenommen\/","title":{"rendered":"Hundert Klimaaktivist:innen in Genf nach friedlichem Protest gegen Privatjet-Industrie festgenommen"},"content":{"rendered":"<p><strong>Hundert Klimaaktivist:innen aus 17 L\u00e4ndern, die Greenpeace, Stay Grounded, Extinction Rebellion, Scientist Rebellion und andere Klimagerechtigkeits-Gruppen unterst\u00fctzen, wurden nach einem friedlichen Protest gegen Europas gr\u00f6\u00dfte Verkaufsmesse f\u00fcr Privatjets, die j\u00e4hrliche European Business Aviation Convention &amp; Exhibition (EBACE) in Genf, vorl\u00e4ufig festgenommen. Sie befinden sich nach wie vor in Polizeigewahrsam.<\/strong><\/p>\n<p>Aktivist:innen berichten vom Einsatz von Pfefferspray und von Verletzungen nach dem Polizeieinsatz. Greenpeace, Stay Grounded, Extinction Rebellion, Scientist Rebellion, die von Aktivist:innen unterst\u00fctzt werden, zeigen sich h\u00f6chst besorgt \u00fcber die Berichte von exzessivem Gewalteinsatz gegen\u00fcber den friedvollen Aktivist:innen. Sie fordern eine sofortige Freilassung aller Betroffenen.<\/p>\n<blockquote><p><em>Klara Maria Schenk, Verkehrsexpertin bei Greenpeace sagt: \u201cEine einzigartige, europ\u00e4ische Koalition von 100 mutigen Aktivist:innen aus 17 L\u00e4ndern hat heute die exzessive Champagnerparty einer superreichen Elite \u2013 Europas gr\u00f6\u00dfte Verkaufsveranstaltung f\u00fcr Privatjets \u2013 empfindlich gest\u00f6rt. Ihre Forderung ist unmissverst\u00e4ndlich, Privatfliegerei geh\u00f6rt in die Geschichtsb\u00fccher verbannt. Wir unterst\u00fctzen die Aktivist:innen und fordern ihre sofortige Freilassung.\u201d<\/em><\/p>\n<p><em>Mira Kapfinger vom Netzwerk Stay Grounded sagt: &#8222;EBACE ist eine der gr\u00f6\u00dften Privatjet-Messen der Welt \u2013 einer Welt, die auf den Klimakollaps zusteuert. Es war v\u00f6llig legitim, diese Gesch\u00e4ftsleute zu st\u00f6ren. W\u00e4hrend sie immer gr\u00f6\u00dfere und umweltsch\u00e4dlichere Jets kaufen, leiden andere unter den schweren Folgen von Hitzewellen und \u00dcberschwemmungen.&#8220;<\/em><\/p>\n<p><em>Cordula Markert von Scientist Rebellion sagt: \u201cIn Anbetracht der aktuellen Klimakatastrophe ist es absolut unverantwortlich weiterhin friedliche und gewaltfreie Klima-Protestierende zu kriminalisieren statt diejenigen, die unverh\u00e4ltnism\u00e4\u00dfig zur Zerst\u00f6rung unserer Lebensgrundlagen beitragen. Wir als Gesellschaft m\u00fcssen uns veralteter, unnachhaltiger und ungerechter Lebensweisen entledigen. Es ist h\u00f6chste Zeit f\u00fcr die Politik, aktiv zu werden, ihre Versprechungen in Taten umzusetzen und Privatjets zu verbieten.\u201d<\/em><\/p><\/blockquote>\n<p>Die Aktivist:innen hatten kurz nach Er\u00f6ffnung der EBACE das Ausstellungsgel\u00e4nde der Messe am Flughafen Genf betreten, auf dem rund 50 Luxus-Privatflugzeuge ausgestellt sind. Sie haben sich an die Eing\u00e4nge der ausgestellten Privatjets gekettet und mit Handbannern im Stil von Gesundheitswarnungen auf Zigarettenschachteln ein Verbot von Privatflugzeugen gefordert.<\/p>\n<p>Dabei haben die Aktivist:innen, entgegen missverst\u00e4ndlicher Medienberichterstattung, zu keinem Zeitpunkt Rollbahnen oder Start- und Landebahnen des Flughafens betreten. Die Aktivist:innen stellen klar, dass zu keinem Zeitpunkt beabsichtigt war, den kommerziellen Flugverkehr am Flughafen Genf zu st\u00f6ren. Die Aktivist:innen haben sich dazu entschieden, zu keiner Zeit die Rollbahnen oder Start- und Landebahnen zu betreten oder zu \u00fcberqueren und lediglich die Zufahrtswege zu benutzen. Dies h\u00e4tte in keiner Weise eine Beeintr\u00e4chtigung der Sicherheit des Flugbetriebes zur Folge haben sollen.<\/p>\n<p>Die Flughafenbeh\u00f6rden (Flugsicherung und Polizei) wurden von den Aktivist:innen sofort zu Beginn der friedlichen Aktion informiert, und die Aktivist:innen standen in st\u00e4ndigem Kontakt, um jede gef\u00e4hrliche Situation oder Fehlinterpretation des Ausma\u00dfes und des Zwecks der laufenden Aktion durch die Flughafenbeh\u00f6rden zu vermeiden.<\/p>\n","protected":false},"excerpt":{"rendered":"<p>Hundert Klimaaktivist:innen aus 17 L\u00e4ndern, die Greenpeace, Stay Grounded, Extinction Rebellion, Scientist Rebellion und andere Klimagerechtigkeits-Gruppen unterst\u00fctzen, wurden nach einem friedlichen Protest gegen Europas gr\u00f6\u00dfte Verkaufsmesse f\u00fcr Privatjets, die j\u00e4hrliche European Business Aviation Convention &amp; Exhibition (EBACE) in Genf, vorl\u00e4ufig&hellip;<\/p>\n","protected":false},"author":1186,"featured_media":1741332,"comment_status":"closed","ping_status":"closed","sticky":false,"template":"","format":"standard","meta":{"footnotes":""},"categories":[9150,9157,9145],"tags":[113083,58240,113081,62353,65034,56309,52548,113082,106576,113084],"class_list":["post-1741331","post","type-post","status-publish","format-standard","has-post-thumbnail","hentry","category-europa-de","category-oekologie-und-umwelt","category-pressemitteilungen","tag-european-business-aviation-convention-exhibition","tag-extinction-rebellion-de","tag-flughafen-genf","tag-greenpeace-de","tag-klimabewegung","tag-klimakrise","tag-klimaveraenderung","tag-privatjet","tag-scientist-rebellion-de","tag-stay-grounded-de"],"yoast_head":"<!-- This site is optimized with the Yoast SEO plugin v27.1.1 - https:\/\/yoast.com\/product\/yoast-seo-wordpress\/ -->\n<title>Hundert Klimaaktivist:innen in Genf nach friedlichem Protest gegen Privatjet-Industrie festgenommen<\/title>\n<meta name=\"description\" content=\"Hundert Klimaaktivist:innen aus 17 L\u00e4ndern, die Greenpeace, Stay Grounded, Extinction Rebellion, Scientist Rebellion und andere\" \/>\n<meta name=\"robots\" content=\"index, follow, max-snippet:-1, max-image-preview:large, max-video-preview:-1\" \/>\n<link rel=\"canonical\" href=\"https:\/\/www.pressenza.com\/de\/2023\/05\/hundert-klimaaktivistinnen-in-genf-nach-friedlichem-protest-gegen-privatjet-industrie-festgenommen\/\" \/>\n<meta property=\"og:locale\" content=\"de_DE\" \/>\n<meta property=\"og:type\" content=\"article\" \/>\n<meta property=\"og:title\" content=\"Hundert Klimaaktivist:innen in Genf nach friedlichem Protest gegen Privatjet-Industrie festgenommen\" \/>\n<meta property=\"og:description\" content=\"Hundert Klimaaktivist:innen aus 17 L\u00e4ndern, die Greenpeace, Stay Grounded, Extinction Rebellion, Scientist Rebellion und andere\" \/>\n<meta property=\"og:url\" content=\"https:\/\/www.pressenza.com\/de\/2023\/05\/hundert-klimaaktivistinnen-in-genf-nach-friedlichem-protest-gegen-privatjet-industrie-festgenommen\/\" \/>\n<meta property=\"og:site_name\" content=\"Pressenza\" \/>\n<meta property=\"article:publisher\" content=\"https:\/\/www.facebook.com\/PressenzaItalia\" \/>\n<meta property=\"article:published_time\" content=\"2023-05-24T12:14:48+00:00\" \/>\n<meta property=\"article:modified_time\" content=\"2023-05-24T12:16:00+00:00\" \/>\n<meta property=\"og:image\" content=\"https:\/\/www.pressenza.com\/wp-content\/uploads\/2023\/05\/Protest_Flughafen_Genf.jpg\" \/>\n\t<meta property=\"og:image:width\" content=\"820\" \/>\n\t<meta property=\"og:image:height\" content=\"551\" \/>\n\t<meta property=\"og:image:type\" content=\"image\/jpeg\" \/>\n<meta name=\"author\" content=\"Pressenza Z\u00fcrich\" \/>\n<meta name=\"twitter:card\" content=\"summary_large_image\" \/>\n<meta name=\"twitter:creator\" content=\"@PressenzaIPA\" \/>\n<meta name=\"twitter:site\" content=\"@PressenzaIPA\" \/>\n<meta name=\"twitter:label1\" content=\"Verfasst von\" \/>\n\t<meta name=\"twitter:data1\" content=\"Pressenza Z\u00fcrich\" \/>\n\t<meta name=\"twitter:label2\" content=\"Gesch\u00e4tzte Lesezeit\" \/>\n\t<meta name=\"twitter:data2\" content=\"3\u00a0Minuten\" \/>\n<script type=\"application\/ld+json\" class=\"yoast-schema-graph\">{\"@context\":\"https:\/\/schema.org\",\"@graph\":[{\"@type\":\"Article\",\"@id\":\"https:\/\/www.pressenza.com\/de\/2023\/05\/hundert-klimaaktivistinnen-in-genf-nach-friedlichem-protest-gegen-privatjet-industrie-festgenommen\/#article\",\"isPartOf\":{\"@id\":\"https:\/\/www.pressenza.com\/de\/2023\/05\/hundert-klimaaktivistinnen-in-genf-nach-friedlichem-protest-gegen-privatjet-industrie-festgenommen\/\"},\"author\":{\"name\":\"Pressenza Z\u00fcrich\",\"@id\":\"https:\/\/www.pressenza.com\/de\/#\/schema\/person\/5e260a378c3da9898c80758f86d4e027\"},\"headline\":\"Hundert Klimaaktivist:innen in Genf nach friedlichem Protest gegen Privatjet-Industrie festgenommen\",\"datePublished\":\"2023-05-24T12:14:48+00:00\",\"dateModified\":\"2023-05-24T12:16:00+00:00\",\"mainEntityOfPage\":{\"@id\":\"https:\/\/www.pressenza.com\/de\/2023\/05\/hundert-klimaaktivistinnen-in-genf-nach-friedlichem-protest-gegen-privatjet-industrie-festgenommen\/\"},\"wordCount\":483,\"publisher\":{\"@id\":\"https:\/\/www.pressenza.com\/de\/#organization\"},\"image\":{\"@id\":\"https:\/\/www.pressenza.com\/de\/2023\/05\/hundert-klimaaktivistinnen-in-genf-nach-friedlichem-protest-gegen-privatjet-industrie-festgenommen\/#primaryimage\"},\"thumbnailUrl\":\"https:\/\/www.pressenza.com\/wp-content\/uploads\/2023\/05\/Protest_Flughafen_Genf.jpg\",\"keywords\":[\"European Business Aviation Convention &amp; Exhibition\",\"Extinction Rebellion\",\"Flughafen Genf\",\"Greenpeace\",\"Klimabewegung\",\"Klimakrise\",\"Klimaver\u00e4nderung\",\"Privatjet\",\"Scientist Rebellion\",\"Stay Grounded\"],\"articleSection\":[\"Europa\",\"\u00d6kologie und Umwelt\",\"Pressemitteilungen\"],\"inLanguage\":\"de\"},{\"@type\":\"WebPage\",\"@id\":\"https:\/\/www.pressenza.com\/de\/2023\/05\/hundert-klimaaktivistinnen-in-genf-nach-friedlichem-protest-gegen-privatjet-industrie-festgenommen\/\",\"url\":\"https:\/\/www.pressenza.com\/de\/2023\/05\/hundert-klimaaktivistinnen-in-genf-nach-friedlichem-protest-gegen-privatjet-industrie-festgenommen\/\",\"name\":\"Hundert Klimaaktivist:innen in Genf nach friedlichem Protest gegen Privatjet-Industrie festgenommen\",\"isPartOf\":{\"@id\":\"https:\/\/www.pressenza.com\/de\/#website\"},\"primaryImageOfPage\":{\"@id\":\"https:\/\/www.pressenza.com\/de\/2023\/05\/hundert-klimaaktivistinnen-in-genf-nach-friedlichem-protest-gegen-privatjet-industrie-festgenommen\/#primaryimage\"},\"image\":{\"@id\":\"https:\/\/www.pressenza.com\/de\/2023\/05\/hundert-klimaaktivistinnen-in-genf-nach-friedlichem-protest-gegen-privatjet-industrie-festgenommen\/#primaryimage\"},\"thumbnailUrl\":\"https:\/\/www.pressenza.com\/wp-content\/uploads\/2023\/05\/Protest_Flughafen_Genf.jpg\",\"datePublished\":\"2023-05-24T12:14:48+00:00\",\"dateModified\":\"2023-05-24T12:16:00+00:00\",\"description\":\"Hundert Klimaaktivist:innen aus 17 L\u00e4ndern, die Greenpeace, Stay Grounded, Extinction Rebellion, Scientist Rebellion und andere\",\"breadcrumb\":{\"@id\":\"https:\/\/www.pressenza.com\/de\/2023\/05\/hundert-klimaaktivistinnen-in-genf-nach-friedlichem-protest-gegen-privatjet-industrie-festgenommen\/#breadcrumb\"},\"inLanguage\":\"de\",\"potentialAction\":[{\"@type\":\"ReadAction\",\"target\":[\"https:\/\/www.pressenza.com\/de\/2023\/05\/hundert-klimaaktivistinnen-in-genf-nach-friedlichem-protest-gegen-privatjet-industrie-festgenommen\/\"]}]},{\"@type\":\"ImageObject\",\"inLanguage\":\"de\",\"@id\":\"https:\/\/www.pressenza.com\/de\/2023\/05\/hundert-klimaaktivistinnen-in-genf-nach-friedlichem-protest-gegen-privatjet-industrie-festgenommen\/#primaryimage\",\"url\":\"https:\/\/www.pressenza.com\/wp-content\/uploads\/2023\/05\/Protest_Flughafen_Genf.jpg\",\"contentUrl\":\"https:\/\/www.pressenza.com\/wp-content\/uploads\/2023\/05\/Protest_Flughafen_Genf.jpg\",\"width\":820,\"height\":551,\"caption\":\"Hundert Klimaaktivist:innen in Genf nach friedlichem Protest gegen die gr\u00f6\u00dfte Verkaufsveranstaltung der Privatjet-Industrie in Europa vorl\u00e4ufig festgenommen\"},{\"@type\":\"BreadcrumbList\",\"@id\":\"https:\/\/www.pressenza.com\/de\/2023\/05\/hundert-klimaaktivistinnen-in-genf-nach-friedlichem-protest-gegen-privatjet-industrie-festgenommen\/#breadcrumb\",\"itemListElement\":[{\"@type\":\"ListItem\",\"position\":1,\"name\":\"Accueil\",\"item\":\"https:\/\/www.pressenza.com\/de\/\"},{\"@type\":\"ListItem\",\"position\":2,\"name\":\"Hundert Klimaaktivist:innen in Genf nach friedlichem Protest gegen Privatjet-Industrie festgenommen\"}]},{\"@type\":\"WebSite\",\"@id\":\"https:\/\/www.pressenza.com\/de\/#website\",\"url\":\"https:\/\/www.pressenza.com\/de\/\",\"name\":\"Pressenza\",\"description\":\"International Press Agency\",\"publisher\":{\"@id\":\"https:\/\/www.pressenza.com\/de\/#organization\"},\"potentialAction\":[{\"@type\":\"SearchAction\",\"target\":{\"@type\":\"EntryPoint\",\"urlTemplate\":\"https:\/\/www.pressenza.com\/de\/?s={search_term_string}\"},\"query-input\":{\"@type\":\"PropertyValueSpecification\",\"valueRequired\":true,\"valueName\":\"search_term_string\"}}],\"inLanguage\":\"de\"},{\"@type\":\"Organization\",\"@id\":\"https:\/\/www.pressenza.com\/de\/#organization\",\"name\":\"Pressenza\",\"url\":\"https:\/\/www.pressenza.com\/de\/\",\"logo\":{\"@type\":\"ImageObject\",\"inLanguage\":\"de\",\"@id\":\"https:\/\/www.pressenza.com\/de\/#\/schema\/logo\/image\/\",\"url\":\"https:\/\/www.pressenza.com\/wp-content\/uploads\/2022\/10\/pressenza_logo_200x200.jpg\",\"contentUrl\":\"https:\/\/www.pressenza.com\/wp-content\/uploads\/2022\/10\/pressenza_logo_200x200.jpg\",\"width\":200,\"height\":200,\"caption\":\"Pressenza\"},\"image\":{\"@id\":\"https:\/\/www.pressenza.com\/de\/#\/schema\/logo\/image\/\"},\"sameAs\":[\"https:\/\/www.facebook.com\/PressenzaItalia\",\"https:\/\/x.com\/PressenzaIPA\"]},{\"@type\":\"Person\",\"@id\":\"https:\/\/www.pressenza.com\/de\/#\/schema\/person\/5e260a378c3da9898c80758f86d4e027\",\"name\":\"Pressenza Z\u00fcrich\",\"description\":\"News from the Pressenza Bureau in Zurich, Switzerland\",\"url\":\"https:\/\/www.pressenza.com\/de\/author\/pressenza-zurich\/\"}]}<\/script>\n<!-- \/ Yoast SEO plugin. -->","yoast_head_json":{"title":"Hundert Klimaaktivist:innen in Genf nach friedlichem Protest gegen Privatjet-Industrie festgenommen","description":"Hundert Klimaaktivist:innen aus 17 L\u00e4ndern, die Greenpeace, Stay Grounded, Extinction Rebellion, Scientist Rebellion und andere","robots":{"index":"index","follow":"follow","max-snippet":"max-snippet:-1","max-image-preview":"max-image-preview:large","max-video-preview":"max-video-preview:-1"},"canonical":"https:\/\/www.pressenza.com\/de\/2023\/05\/hundert-klimaaktivistinnen-in-genf-nach-friedlichem-protest-gegen-privatjet-industrie-festgenommen\/","og_locale":"de_DE","og_type":"article","og_title":"Hundert Klimaaktivist:innen in Genf nach friedlichem Protest gegen Privatjet-Industrie festgenommen","og_description":"Hundert Klimaaktivist:innen aus 17 L\u00e4ndern, die Greenpeace, Stay Grounded, Extinction Rebellion, Scientist Rebellion und andere","og_url":"https:\/\/www.pressenza.com\/de\/2023\/05\/hundert-klimaaktivistinnen-in-genf-nach-friedlichem-protest-gegen-privatjet-industrie-festgenommen\/","og_site_name":"Pressenza","article_publisher":"https:\/\/www.facebook.com\/PressenzaItalia","article_published_time":"2023-05-24T12:14:48+00:00","article_modified_time":"2023-05-24T12:16:00+00:00","og_image":[{"width":820,"height":551,"url":"https:\/\/www.pressenza.com\/wp-content\/uploads\/2023\/05\/Protest_Flughafen_Genf.jpg","type":"image\/jpeg"}],"author":"Pressenza Z\u00fcrich","twitter_card":"summary_large_image","twitter_creator":"@PressenzaIPA","twitter_site":"@PressenzaIPA","twitter_misc":{"Verfasst von":"Pressenza Z\u00fcrich","Gesch\u00e4tzte Lesezeit":"3\u00a0Minuten"},"schema":{"@context":"https:\/\/schema.org","@graph":[{"@type":"Article","@id":"https:\/\/www.pressenza.com\/de\/2023\/05\/hundert-klimaaktivistinnen-in-genf-nach-friedlichem-protest-gegen-privatjet-industrie-festgenommen\/#article","isPartOf":{"@id":"https:\/\/www.pressenza.com\/de\/2023\/05\/hundert-klimaaktivistinnen-in-genf-nach-friedlichem-protest-gegen-privatjet-industrie-festgenommen\/"},"author":{"name":"Pressenza Z\u00fcrich","@id":"https:\/\/www.pressenza.com\/de\/#\/schema\/person\/5e260a378c3da9898c80758f86d4e027"},"headline":"Hundert Klimaaktivist:innen in Genf nach friedlichem Protest gegen Privatjet-Industrie festgenommen","datePublished":"2023-05-24T12:14:48+00:00","dateModified":"2023-05-24T12:16:00+00:00","mainEntityOfPage":{"@id":"https:\/\/www.pressenza.com\/de\/2023\/05\/hundert-klimaaktivistinnen-in-genf-nach-friedlichem-protest-gegen-privatjet-industrie-festgenommen\/"},"wordCount":483,"publisher":{"@id":"https:\/\/www.pressenza.com\/de\/#organization"},"image":{"@id":"https:\/\/www.pressenza.com\/de\/2023\/05\/hundert-klimaaktivistinnen-in-genf-nach-friedlichem-protest-gegen-privatjet-industrie-festgenommen\/#primaryimage"},"thumbnailUrl":"https:\/\/www.pressenza.com\/wp-content\/uploads\/2023\/05\/Protest_Flughafen_Genf.jpg","keywords":["European Business Aviation Convention &amp; Exhibition","Extinction Rebellion","Flughafen Genf","Greenpeace","Klimabewegung","Klimakrise","Klimaver\u00e4nderung","Privatjet","Scientist Rebellion","Stay Grounded"],"articleSection":["Europa","\u00d6kologie und Umwelt","Pressemitteilungen"],"inLanguage":"de"},{"@type":"WebPage","@id":"https:\/\/www.pressenza.com\/de\/2023\/05\/hundert-klimaaktivistinnen-in-genf-nach-friedlichem-protest-gegen-privatjet-industrie-festgenommen\/","url":"https:\/\/www.pressenza.com\/de\/2023\/05\/hundert-klimaaktivistinnen-in-genf-nach-friedlichem-protest-gegen-privatjet-industrie-festgenommen\/","name":"Hundert Klimaaktivist:innen in Genf nach friedlichem Protest gegen Privatjet-Industrie festgenommen","isPartOf":{"@id":"https:\/\/www.pressenza.com\/de\/#website"},"primaryImageOfPage":{"@id":"https:\/\/www.pressenza.com\/de\/2023\/05\/hundert-klimaaktivistinnen-in-genf-nach-friedlichem-protest-gegen-privatjet-industrie-festgenommen\/#primaryimage"},"image":{"@id":"https:\/\/www.pressenza.com\/de\/2023\/05\/hundert-klimaaktivistinnen-in-genf-nach-friedlichem-protest-gegen-privatjet-industrie-festgenommen\/#primaryimage"},"thumbnailUrl":"https:\/\/www.pressenza.com\/wp-content\/uploads\/2023\/05\/Protest_Flughafen_Genf.jpg","datePublished":"2023-05-24T12:14:48+00:00","dateModified":"2023-05-24T12:16:00+00:00","description":"Hundert Klimaaktivist:innen aus 17 L\u00e4ndern, die Greenpeace, Stay Grounded, Extinction Rebellion, Scientist Rebellion und andere","breadcrumb":{"@id":"https:\/\/www.pressenza.com\/de\/2023\/05\/hundert-klimaaktivistinnen-in-genf-nach-friedlichem-protest-gegen-privatjet-industrie-festgenommen\/#breadcrumb"},"inLanguage":"de","potentialAction":[{"@type":"ReadAction","target":["https:\/\/www.pressenza.com\/de\/2023\/05\/hundert-klimaaktivistinnen-in-genf-nach-friedlichem-protest-gegen-privatjet-industrie-festgenommen\/"]}]},{"@type":"ImageObject","inLanguage":"de","@id":"https:\/\/www.pressenza.com\/de\/2023\/05\/hundert-klimaaktivistinnen-in-genf-nach-friedlichem-protest-gegen-privatjet-industrie-festgenommen\/#primaryimage","url":"https:\/\/www.pressenza.com\/wp-content\/uploads\/2023\/05\/Protest_Flughafen_Genf.jpg","contentUrl":"https:\/\/www.pressenza.com\/wp-content\/uploads\/2023\/05\/Protest_Flughafen_Genf.jpg","width":820,"height":551,"caption":"Hundert Klimaaktivist:innen in Genf nach friedlichem Protest gegen die gr\u00f6\u00dfte Verkaufsveranstaltung der Privatjet-Industrie in Europa vorl\u00e4ufig festgenommen"},{"@type":"BreadcrumbList","@id":"https:\/\/www.pressenza.com\/de\/2023\/05\/hundert-klimaaktivistinnen-in-genf-nach-friedlichem-protest-gegen-privatjet-industrie-festgenommen\/#breadcrumb","itemListElement":[{"@type":"ListItem","position":1,"name":"Accueil","item":"https:\/\/www.pressenza.com\/de\/"},{"@type":"ListItem","position":2,"name":"Hundert Klimaaktivist:innen in Genf nach friedlichem Protest gegen Privatjet-Industrie festgenommen"}]},{"@type":"WebSite","@id":"https:\/\/www.pressenza.com\/de\/#website","url":"https:\/\/www.pressenza.com\/de\/","name":"Pressenza","description":"International Press Agency","publisher":{"@id":"https:\/\/www.pressenza.com\/de\/#organization"},"potentialAction":[{"@type":"SearchAction","target":{"@type":"EntryPoint","urlTemplate":"https:\/\/www.pressenza.com\/de\/?s={search_term_string}"},"query-input":{"@type":"PropertyValueSpecification","valueRequired":true,"valueName":"search_term_string"}}],"inLanguage":"de"},{"@type":"Organization","@id":"https:\/\/www.pressenza.com\/de\/#organization","name":"Pressenza","url":"https:\/\/www.pressenza.com\/de\/","logo":{"@type":"ImageObject","inLanguage":"de","@id":"https:\/\/www.pressenza.com\/de\/#\/schema\/logo\/image\/","url":"https:\/\/www.pressenza.com\/wp-content\/uploads\/2022\/10\/pressenza_logo_200x200.jpg","contentUrl":"https:\/\/www.pressenza.com\/wp-content\/uploads\/2022\/10\/pressenza_logo_200x200.jpg","width":200,"height":200,"caption":"Pressenza"},"image":{"@id":"https:\/\/www.pressenza.com\/de\/#\/schema\/logo\/image\/"},"sameAs":["https:\/\/www.facebook.com\/PressenzaItalia","https:\/\/x.com\/PressenzaIPA"]},{"@type":"Person","@id":"https:\/\/www.pressenza.com\/de\/#\/schema\/person\/5e260a378c3da9898c80758f86d4e027","name":"Pressenza Z\u00fcrich","description":"News from the Pressenza Bureau in Zurich, Switzerland","url":"https:\/\/www.pressenza.com\/de\/author\/pressenza-zurich\/"}]}},"place":"Genf","original_article_url":"","_links":{"self":[{"href":"https:\/\/www.pressenza.com\/de\/wp-json\/wp\/v2\/posts\/1741331","targetHints":{"allow":["GET"]}}],"collection":[{"href":"https:\/\/www.pressenza.com\/de\/wp-json\/wp\/v2\/posts"}],"about":[{"href":"https:\/\/www.pressenza.com\/de\/wp-json\/wp\/v2\/types\/post"}],"author":[{"embeddable":true,"href":"https:\/\/www.pressenza.com\/de\/wp-json\/wp\/v2\/users\/1186"}],"replies":[{"embeddable":true,"href":"https:\/\/www.pressenza.com\/de\/wp-json\/wp\/v2\/comments?post=1741331"}],"version-history":[{"count":0,"href":"https:\/\/www.pressenza.com\/de\/wp-json\/wp\/v2\/posts\/1741331\/revisions"}],"wp:featuredmedia":[{"embeddable":true,"href":"https:\/\/www.pressenza.com\/de\/wp-json\/wp\/v2\/media\/1741332"}],"wp:attachment":[{"href":"https:\/\/www.pressenza.com\/de\/wp-json\/wp\/v2\/media?parent=1741331"}],"wp:term":[{"taxonomy":"category","embeddable":true,"href":"https:\/\/www.pressenza.com\/de\/wp-json\/wp\/v2\/categories?post=1741331"},{"taxonomy":"post_tag","embeddable":true,"href":"https:\/\/www.pressenza.com\/de\/wp-json\/wp\/v2\/tags?post=1741331"}],"curies":[{"name":"wp","href":"https:\/\/api.w.org\/{rel}","templated":true}]}}