{"id":1739680,"date":"2023-05-20T10:03:07","date_gmt":"2023-05-20T09:03:07","guid":{"rendered":"https:\/\/www.pressenza.com\/?p=1739680"},"modified":"2023-05-20T10:03:07","modified_gmt":"2023-05-20T09:03:07","slug":"zum-krieg-es-ist-zeit","status":"publish","type":"post","link":"https:\/\/www.pressenza.com\/de\/2023\/05\/zum-krieg-es-ist-zeit\/","title":{"rendered":"Zum Krieg: Es ist Zeit!"},"content":{"rendered":"<p>Neben den milit\u00e4rischen und politischen Abh\u00e4ngigkeiten, die das gesamte politische Personal hierzulande zu Besatzungsverwaltern hat degenerieren lassen, verdirbt die psychologische und nachrichtendienstliche Kriegsf\u00fchrung die M\u00f6glichkeiten eines vern\u00fcnftigen Diskurses im Ukraine-Krieg. Der mentale Blutrausch hat die Vernunft ersetzt.<\/p>\n<p>Es ist Zeit! Gestern las ich einen sehr klugen Artikel, der sich damit befasste, welche Staaten tats\u00e4chlich ein Interesse an einer Beendigung des Krieges in der Ukraine h\u00e4tten. Wohlgemerkt, welche Staaten mit den gegenw\u00e4rtigen Regierungen. Dass die V\u00f6lker, ob in der Ukraine oder in Russland und ansonsten egal wo auch, kein Interesse an dieser systematischen Zerst\u00f6rung von Natur, Mensch und Zivilisation haben, sei vorausgesetzt.<\/p>\n<p>Der Autor kam zu dem Schluss, dass weder das momentane Russland, noch die Ukraine, noch die von den USA gef\u00fchrten Staaten der NATO zum gegenw\u00e4rtigen Zeitpunkt den Krieg beenden wollten.<\/p>\n<p>Und einmal abgesehen von vielen Staaten in Afrika, die davon betroffen sind und L\u00e4ndern in Asien, die einen Fl\u00e4chenbrand bef\u00fcrchten sowie L\u00e4ndern in S\u00fcdamerika, die gerade dabei sind, sich tats\u00e4chlich einer Unabh\u00e4ngigkeit zu n\u00e4hern, sei nur China zu identifizieren, das in der Lage w\u00e4re, sich als Vermittler anzubieten.<\/p>\n<p><strong>Lieferketten des organisierten Mordens<\/strong><\/p>\n<p>China hat den Krieg nicht bef\u00fcrwortet, China vertritt sehr konsequent die territoriale Souver\u00e4nit\u00e4t, China hat ein gro\u00dfes wirtschaftliches Interesse an einem friedlichen Asien wie Europa, hat es doch sehr viel in die Neue Seidenstra\u00dfe investiert. Und China begreift\u00a0 die unterschiedlichen Motive, die zu diesem Krieg gef\u00fchrt haben.<\/p>\n<p>Die \u00dcberlegung hat etwas f\u00fcr sich. Sie verr\u00e4t andererseits, in welche irreversible Sackgasse Europa geraten ist. Von Souver\u00e4nit\u00e4t keine Spur. Wer vor allem in Deutschland das Wort in den Mund nimmt, ist von einer realistischen Einsch\u00e4tzung der eigenen Lage am weitestm\u00f6glichen Punkt entfernt.<\/p>\n<p>Neben den milit\u00e4rischen und politischen Abh\u00e4ngigkeiten, die das gesamte politische Personal hierzulande zu Besatzungsverwaltern hat degenerieren lassen, verdirbt die psychologische und nachrichtendienstliche Kriegsf\u00fchrung die M\u00f6glichkeiten eines vern\u00fcnftigen Diskurses. Der mentale Blutrausch hat die Vernunft ersetzt. Noch irgendetwas zu erhoffen, das durch politisches Handeln zu einer Verbesserung der Perspektiven f\u00fchren w\u00fcrde, ist nackte Illusion. Das politische Personal beweist jeden Tag aufs Neue, dass es nicht die Potenziale birgt, das Ruder noch einmal herumzurei\u00dfen.<\/p>\n<p>Die einzige Hoffnung, so k\u00fcrzlich eine kluge Analytikerin, dass n\u00e4mlich bei den Kontrahenten in Ost wie West systemische Dysfunktionalit\u00e4ten den ganzen Unsinn stoppen k\u00f6nnten, erscheint zwar nicht unm\u00f6glich, ist als einzige Orientierung aber etwas zu vage. Denn verlassen kann man sich eben nicht darauf, dass das Kriegsger\u00e4t nichts taugt, der Treibstoff oder die Munition ausgeht. Das alles scheint immer einmal wieder auf beiden Seiten vorzukommen, aber noch funktionieren die Lieferketten des organisierten Mordens.<\/p>\n<p>Und wenn es nicht zum Aufschrei f\u00fchrt, dass die EU, wie soeben beschlossen, eine weitere Milliarde locker macht, um die Munitionsversorgung zu sichern und dieses aus dem Friedensfond finanziert, dann wird ersichtlich, in welch erb\u00e4rmlicher Lage sich das Projekt Europa befindet.<\/p>\n<p><strong>Es ist Zeit zu handeln.<\/strong><\/p>\n<p>Es ist Zeit! Es ist Zeit, sich nicht nur Gedanken dar\u00fcber zu machen, wie dieser Krieg zu beenden ist. Es ist Zeit, selber aktiv zu werden und ein B\u00fcndnis zu schaffen, das praktische Hinweise gibt, was zu tun ist, um die zivilisatorische Kloake, in die wir geraten sind, trockenzulegen. Keine Stimme mehr den Parteien und Politikern, die diesen Krieg rechtfertigen und keine Vorstellung davon haben, wie er beendet werden kann!<\/p>\n<p>Boykottierung aller Lieferwege von kriegerischem Ger\u00e4t.<br \/>\nKeinen Cent mehr f\u00fcr Waffen. Boykott der Firmen, die am Krieg verdienen. Kein Zug und kein Flug mehr, der Material in den Krieg transportiert. Kein Kauf mehr von Produkten aus Verlagen, die sich durch Zeitungen oder B\u00fccher f\u00fcr den Krieg aussprechen.<\/p>\n<p>Kein Auftritt mehr von K\u00fcnstlern, die den Krieg verherrlichen, keine Preise mehr f\u00fcr Hetzer und Rassisten, keine Plattform f\u00fcr Propagandisten des Krieges, keine Geb\u00fchr mehr f\u00fcr die Kriegshetzer. Es ist Zeit. Und: Solidarit\u00e4t mit den Opfern, auf allen Seiten! Drehen wir den Spie\u00df um.<\/p>\n<p>Gerhard Mersmann<\/p>\n<p>Dr. Gerhard Mersmann ist studierter Politologe und Literaturwissenschaftler. Er arbeitete in leitender Funktion \u00fcber Jahrzehnte in der Personal- und Organisationsentwicklung. In Indonesien beriet er die Regierung nach dem Sturz Soehartos bei ihrem Projekt der Dezentralisierung. In Deutschland versuchte er nach dem PISA-Schock die Schulen autonomer und administrativ selbst\u00e4ndiger zu machen. Er leitete ein umfangreiches Change-Projekt in einer gro\u00dfst\u00e4dtischen Kommunalverwaltung und lernte dabei das gesamte Spektrum politischer Widerst\u00e4nde bei Ver\u00e4nderungsprozessen kennen. Die jahrzehntelange Wahrnehmung von Direktionsrechten hielt ihn nicht davon ab, die ge\u00fcbte Perspektive von unten beizubehalten. Seine Erkenntnisse gibt er in Form von universit\u00e4ren Lehrauftr\u00e4gen weiter. Sein Blick auf aktuelle gesellschaftliche, kulturelle wie politische Ereignisse ist auf seinem Blog M7 sowie bei Neue Debatte regelm\u00e4\u00dfig nachzulesen.<\/p>\n","protected":false},"excerpt":{"rendered":"<p>Neben den milit\u00e4rischen und politischen Abh\u00e4ngigkeiten, die das gesamte politische Personal hierzulande zu Besatzungsverwaltern hat degenerieren lassen, verdirbt die psychologische und nachrichtendienstliche Kriegsf\u00fchrung die M\u00f6glichkeiten eines vern\u00fcnftigen Diskurses im Ukraine-Krieg. Der mentale Blutrausch hat die Vernunft ersetzt. Es ist Zeit!&hellip;<\/p>\n","protected":false},"author":1342,"featured_media":1739681,"comment_status":"closed","ping_status":"closed","sticky":false,"template":"","format":"standard","meta":{"footnotes":""},"categories":[9150,9167,9143],"tags":[61961,9255,10604,11826,40788,102474],"class_list":["post-1739680","post","type-post","status-publish","format-standard","has-post-thumbnail","hentry","category-europa-de","category-frieden-und-abruestung","category-meinungen","tag-boykott","tag-china-de","tag-militaer","tag-nato-de","tag-politik","tag-ukraine-krieg"],"yoast_head":"<!-- This site is optimized with the Yoast SEO plugin v27.1.1 - https:\/\/yoast.com\/product\/yoast-seo-wordpress\/ -->\n<title>Zum Krieg: Es ist Zeit!<\/title>\n<meta name=\"description\" content=\"Neben den milit\u00e4rischen und politischen Abh\u00e4ngigkeiten, die das gesamte politische Personal hierzulande zu Besatzungsverwaltern hat degenerieren lassen,\" \/>\n<meta name=\"robots\" content=\"index, follow, max-snippet:-1, max-image-preview:large, max-video-preview:-1\" \/>\n<link rel=\"canonical\" href=\"https:\/\/www.pressenza.com\/de\/2023\/05\/zum-krieg-es-ist-zeit\/\" \/>\n<meta property=\"og:locale\" content=\"de_DE\" \/>\n<meta property=\"og:type\" content=\"article\" \/>\n<meta property=\"og:title\" content=\"Zum Krieg: Es ist Zeit!\" \/>\n<meta property=\"og:description\" content=\"Neben den milit\u00e4rischen und politischen Abh\u00e4ngigkeiten, die das gesamte politische Personal hierzulande zu Besatzungsverwaltern hat degenerieren lassen,\" \/>\n<meta property=\"og:url\" content=\"https:\/\/www.pressenza.com\/de\/2023\/05\/zum-krieg-es-ist-zeit\/\" \/>\n<meta property=\"og:site_name\" content=\"Pressenza\" \/>\n<meta property=\"article:publisher\" content=\"https:\/\/www.facebook.com\/PressenzaItalia\" \/>\n<meta property=\"article:published_time\" content=\"2023-05-20T09:03:07+00:00\" \/>\n<meta property=\"og:image\" content=\"https:\/\/www.pressenza.com\/wp-content\/uploads\/2023\/05\/Zerbrochenes-Kristallglas.-Foto-Steven-Thompson-Unsplash.com_.webp\" \/>\n\t<meta property=\"og:image:width\" content=\"1650\" \/>\n\t<meta property=\"og:image:height\" content=\"1080\" \/>\n\t<meta property=\"og:image:type\" content=\"image\/webp\" \/>\n<meta name=\"author\" content=\"Neue Debatte\" \/>\n<meta name=\"twitter:card\" content=\"summary_large_image\" \/>\n<meta name=\"twitter:creator\" content=\"@PressenzaIPA\" \/>\n<meta name=\"twitter:site\" content=\"@PressenzaIPA\" \/>\n<meta name=\"twitter:label1\" content=\"Verfasst von\" \/>\n\t<meta name=\"twitter:data1\" content=\"Neue Debatte\" \/>\n\t<meta name=\"twitter:label2\" content=\"Gesch\u00e4tzte Lesezeit\" \/>\n\t<meta name=\"twitter:data2\" content=\"5\u00a0Minuten\" \/>\n<script type=\"application\/ld+json\" class=\"yoast-schema-graph\">{\"@context\":\"https:\/\/schema.org\",\"@graph\":[{\"@type\":\"Article\",\"@id\":\"https:\/\/www.pressenza.com\/de\/2023\/05\/zum-krieg-es-ist-zeit\/#article\",\"isPartOf\":{\"@id\":\"https:\/\/www.pressenza.com\/de\/2023\/05\/zum-krieg-es-ist-zeit\/\"},\"author\":{\"name\":\"Neue Debatte\",\"@id\":\"https:\/\/www.pressenza.com\/de\/#\/schema\/person\/b816344ee166a2736c48a20c4b9ad2a9\"},\"headline\":\"Zum Krieg: Es ist Zeit!\",\"datePublished\":\"2023-05-20T09:03:07+00:00\",\"mainEntityOfPage\":{\"@id\":\"https:\/\/www.pressenza.com\/de\/2023\/05\/zum-krieg-es-ist-zeit\/\"},\"wordCount\":818,\"publisher\":{\"@id\":\"https:\/\/www.pressenza.com\/de\/#organization\"},\"image\":{\"@id\":\"https:\/\/www.pressenza.com\/de\/2023\/05\/zum-krieg-es-ist-zeit\/#primaryimage\"},\"thumbnailUrl\":\"https:\/\/www.pressenza.com\/wp-content\/uploads\/2023\/05\/Zerbrochenes-Kristallglas.-Foto-Steven-Thompson-Unsplash.com_.webp\",\"keywords\":[\"Boykott\",\"China\",\"Milit\u00e4r\",\"NATO\",\"pol\u00edtik\",\"Ukraine-Krieg\"],\"articleSection\":[\"Europa\",\"Frieden und Abr\u00fcstung\",\"Meinungen\"],\"inLanguage\":\"de\"},{\"@type\":\"WebPage\",\"@id\":\"https:\/\/www.pressenza.com\/de\/2023\/05\/zum-krieg-es-ist-zeit\/\",\"url\":\"https:\/\/www.pressenza.com\/de\/2023\/05\/zum-krieg-es-ist-zeit\/\",\"name\":\"Zum Krieg: Es ist Zeit!\",\"isPartOf\":{\"@id\":\"https:\/\/www.pressenza.com\/de\/#website\"},\"primaryImageOfPage\":{\"@id\":\"https:\/\/www.pressenza.com\/de\/2023\/05\/zum-krieg-es-ist-zeit\/#primaryimage\"},\"image\":{\"@id\":\"https:\/\/www.pressenza.com\/de\/2023\/05\/zum-krieg-es-ist-zeit\/#primaryimage\"},\"thumbnailUrl\":\"https:\/\/www.pressenza.com\/wp-content\/uploads\/2023\/05\/Zerbrochenes-Kristallglas.-Foto-Steven-Thompson-Unsplash.com_.webp\",\"datePublished\":\"2023-05-20T09:03:07+00:00\",\"description\":\"Neben den milit\u00e4rischen und politischen Abh\u00e4ngigkeiten, die das gesamte politische Personal hierzulande zu Besatzungsverwaltern hat degenerieren lassen,\",\"breadcrumb\":{\"@id\":\"https:\/\/www.pressenza.com\/de\/2023\/05\/zum-krieg-es-ist-zeit\/#breadcrumb\"},\"inLanguage\":\"de\",\"potentialAction\":[{\"@type\":\"ReadAction\",\"target\":[\"https:\/\/www.pressenza.com\/de\/2023\/05\/zum-krieg-es-ist-zeit\/\"]}]},{\"@type\":\"ImageObject\",\"inLanguage\":\"de\",\"@id\":\"https:\/\/www.pressenza.com\/de\/2023\/05\/zum-krieg-es-ist-zeit\/#primaryimage\",\"url\":\"https:\/\/www.pressenza.com\/wp-content\/uploads\/2023\/05\/Zerbrochenes-Kristallglas.-Foto-Steven-Thompson-Unsplash.com_.webp\",\"contentUrl\":\"https:\/\/www.pressenza.com\/wp-content\/uploads\/2023\/05\/Zerbrochenes-Kristallglas.-Foto-Steven-Thompson-Unsplash.com_.webp\",\"width\":1650,\"height\":1080,\"caption\":\"Steven Thompson (Unsplash.com)\"},{\"@type\":\"BreadcrumbList\",\"@id\":\"https:\/\/www.pressenza.com\/de\/2023\/05\/zum-krieg-es-ist-zeit\/#breadcrumb\",\"itemListElement\":[{\"@type\":\"ListItem\",\"position\":1,\"name\":\"Accueil\",\"item\":\"https:\/\/www.pressenza.com\/de\/\"},{\"@type\":\"ListItem\",\"position\":2,\"name\":\"Zum Krieg: Es ist Zeit!\"}]},{\"@type\":\"WebSite\",\"@id\":\"https:\/\/www.pressenza.com\/de\/#website\",\"url\":\"https:\/\/www.pressenza.com\/de\/\",\"name\":\"Pressenza\",\"description\":\"International Press Agency\",\"publisher\":{\"@id\":\"https:\/\/www.pressenza.com\/de\/#organization\"},\"potentialAction\":[{\"@type\":\"SearchAction\",\"target\":{\"@type\":\"EntryPoint\",\"urlTemplate\":\"https:\/\/www.pressenza.com\/de\/?s={search_term_string}\"},\"query-input\":{\"@type\":\"PropertyValueSpecification\",\"valueRequired\":true,\"valueName\":\"search_term_string\"}}],\"inLanguage\":\"de\"},{\"@type\":\"Organization\",\"@id\":\"https:\/\/www.pressenza.com\/de\/#organization\",\"name\":\"Pressenza\",\"url\":\"https:\/\/www.pressenza.com\/de\/\",\"logo\":{\"@type\":\"ImageObject\",\"inLanguage\":\"de\",\"@id\":\"https:\/\/www.pressenza.com\/de\/#\/schema\/logo\/image\/\",\"url\":\"https:\/\/www.pressenza.com\/wp-content\/uploads\/2022\/10\/pressenza_logo_200x200.jpg\",\"contentUrl\":\"https:\/\/www.pressenza.com\/wp-content\/uploads\/2022\/10\/pressenza_logo_200x200.jpg\",\"width\":200,\"height\":200,\"caption\":\"Pressenza\"},\"image\":{\"@id\":\"https:\/\/www.pressenza.com\/de\/#\/schema\/logo\/image\/\"},\"sameAs\":[\"https:\/\/www.facebook.com\/PressenzaItalia\",\"https:\/\/x.com\/PressenzaIPA\"]},{\"@type\":\"Person\",\"@id\":\"https:\/\/www.pressenza.com\/de\/#\/schema\/person\/b816344ee166a2736c48a20c4b9ad2a9\",\"name\":\"Neue Debatte\",\"description\":\"Magazin f\u00fcr Menschen, Kultur und Gesellschaft www.neue-debatte.de\",\"url\":\"https:\/\/www.pressenza.com\/de\/author\/neue-debatte\/\"}]}<\/script>\n<!-- \/ Yoast SEO plugin. -->","yoast_head_json":{"title":"Zum Krieg: Es ist Zeit!","description":"Neben den milit\u00e4rischen und politischen Abh\u00e4ngigkeiten, die das gesamte politische Personal hierzulande zu Besatzungsverwaltern hat degenerieren lassen,","robots":{"index":"index","follow":"follow","max-snippet":"max-snippet:-1","max-image-preview":"max-image-preview:large","max-video-preview":"max-video-preview:-1"},"canonical":"https:\/\/www.pressenza.com\/de\/2023\/05\/zum-krieg-es-ist-zeit\/","og_locale":"de_DE","og_type":"article","og_title":"Zum Krieg: Es ist Zeit!","og_description":"Neben den milit\u00e4rischen und politischen Abh\u00e4ngigkeiten, die das gesamte politische Personal hierzulande zu Besatzungsverwaltern hat degenerieren lassen,","og_url":"https:\/\/www.pressenza.com\/de\/2023\/05\/zum-krieg-es-ist-zeit\/","og_site_name":"Pressenza","article_publisher":"https:\/\/www.facebook.com\/PressenzaItalia","article_published_time":"2023-05-20T09:03:07+00:00","og_image":[{"width":1650,"height":1080,"url":"https:\/\/www.pressenza.com\/wp-content\/uploads\/2023\/05\/Zerbrochenes-Kristallglas.-Foto-Steven-Thompson-Unsplash.com_.webp","type":"image\/webp"}],"author":"Neue Debatte","twitter_card":"summary_large_image","twitter_creator":"@PressenzaIPA","twitter_site":"@PressenzaIPA","twitter_misc":{"Verfasst von":"Neue Debatte","Gesch\u00e4tzte Lesezeit":"5\u00a0Minuten"},"schema":{"@context":"https:\/\/schema.org","@graph":[{"@type":"Article","@id":"https:\/\/www.pressenza.com\/de\/2023\/05\/zum-krieg-es-ist-zeit\/#article","isPartOf":{"@id":"https:\/\/www.pressenza.com\/de\/2023\/05\/zum-krieg-es-ist-zeit\/"},"author":{"name":"Neue Debatte","@id":"https:\/\/www.pressenza.com\/de\/#\/schema\/person\/b816344ee166a2736c48a20c4b9ad2a9"},"headline":"Zum Krieg: Es ist Zeit!","datePublished":"2023-05-20T09:03:07+00:00","mainEntityOfPage":{"@id":"https:\/\/www.pressenza.com\/de\/2023\/05\/zum-krieg-es-ist-zeit\/"},"wordCount":818,"publisher":{"@id":"https:\/\/www.pressenza.com\/de\/#organization"},"image":{"@id":"https:\/\/www.pressenza.com\/de\/2023\/05\/zum-krieg-es-ist-zeit\/#primaryimage"},"thumbnailUrl":"https:\/\/www.pressenza.com\/wp-content\/uploads\/2023\/05\/Zerbrochenes-Kristallglas.-Foto-Steven-Thompson-Unsplash.com_.webp","keywords":["Boykott","China","Milit\u00e4r","NATO","pol\u00edtik","Ukraine-Krieg"],"articleSection":["Europa","Frieden und Abr\u00fcstung","Meinungen"],"inLanguage":"de"},{"@type":"WebPage","@id":"https:\/\/www.pressenza.com\/de\/2023\/05\/zum-krieg-es-ist-zeit\/","url":"https:\/\/www.pressenza.com\/de\/2023\/05\/zum-krieg-es-ist-zeit\/","name":"Zum Krieg: Es ist Zeit!","isPartOf":{"@id":"https:\/\/www.pressenza.com\/de\/#website"},"primaryImageOfPage":{"@id":"https:\/\/www.pressenza.com\/de\/2023\/05\/zum-krieg-es-ist-zeit\/#primaryimage"},"image":{"@id":"https:\/\/www.pressenza.com\/de\/2023\/05\/zum-krieg-es-ist-zeit\/#primaryimage"},"thumbnailUrl":"https:\/\/www.pressenza.com\/wp-content\/uploads\/2023\/05\/Zerbrochenes-Kristallglas.-Foto-Steven-Thompson-Unsplash.com_.webp","datePublished":"2023-05-20T09:03:07+00:00","description":"Neben den milit\u00e4rischen und politischen Abh\u00e4ngigkeiten, die das gesamte politische Personal hierzulande zu Besatzungsverwaltern hat degenerieren lassen,","breadcrumb":{"@id":"https:\/\/www.pressenza.com\/de\/2023\/05\/zum-krieg-es-ist-zeit\/#breadcrumb"},"inLanguage":"de","potentialAction":[{"@type":"ReadAction","target":["https:\/\/www.pressenza.com\/de\/2023\/05\/zum-krieg-es-ist-zeit\/"]}]},{"@type":"ImageObject","inLanguage":"de","@id":"https:\/\/www.pressenza.com\/de\/2023\/05\/zum-krieg-es-ist-zeit\/#primaryimage","url":"https:\/\/www.pressenza.com\/wp-content\/uploads\/2023\/05\/Zerbrochenes-Kristallglas.-Foto-Steven-Thompson-Unsplash.com_.webp","contentUrl":"https:\/\/www.pressenza.com\/wp-content\/uploads\/2023\/05\/Zerbrochenes-Kristallglas.-Foto-Steven-Thompson-Unsplash.com_.webp","width":1650,"height":1080,"caption":"Steven Thompson (Unsplash.com)"},{"@type":"BreadcrumbList","@id":"https:\/\/www.pressenza.com\/de\/2023\/05\/zum-krieg-es-ist-zeit\/#breadcrumb","itemListElement":[{"@type":"ListItem","position":1,"name":"Accueil","item":"https:\/\/www.pressenza.com\/de\/"},{"@type":"ListItem","position":2,"name":"Zum Krieg: Es ist Zeit!"}]},{"@type":"WebSite","@id":"https:\/\/www.pressenza.com\/de\/#website","url":"https:\/\/www.pressenza.com\/de\/","name":"Pressenza","description":"International Press Agency","publisher":{"@id":"https:\/\/www.pressenza.com\/de\/#organization"},"potentialAction":[{"@type":"SearchAction","target":{"@type":"EntryPoint","urlTemplate":"https:\/\/www.pressenza.com\/de\/?s={search_term_string}"},"query-input":{"@type":"PropertyValueSpecification","valueRequired":true,"valueName":"search_term_string"}}],"inLanguage":"de"},{"@type":"Organization","@id":"https:\/\/www.pressenza.com\/de\/#organization","name":"Pressenza","url":"https:\/\/www.pressenza.com\/de\/","logo":{"@type":"ImageObject","inLanguage":"de","@id":"https:\/\/www.pressenza.com\/de\/#\/schema\/logo\/image\/","url":"https:\/\/www.pressenza.com\/wp-content\/uploads\/2022\/10\/pressenza_logo_200x200.jpg","contentUrl":"https:\/\/www.pressenza.com\/wp-content\/uploads\/2022\/10\/pressenza_logo_200x200.jpg","width":200,"height":200,"caption":"Pressenza"},"image":{"@id":"https:\/\/www.pressenza.com\/de\/#\/schema\/logo\/image\/"},"sameAs":["https:\/\/www.facebook.com\/PressenzaItalia","https:\/\/x.com\/PressenzaIPA"]},{"@type":"Person","@id":"https:\/\/www.pressenza.com\/de\/#\/schema\/person\/b816344ee166a2736c48a20c4b9ad2a9","name":"Neue Debatte","description":"Magazin f\u00fcr Menschen, Kultur und Gesellschaft www.neue-debatte.de","url":"https:\/\/www.pressenza.com\/de\/author\/neue-debatte\/"}]}},"place":"Gerhard Mersmann","original_article_url":"https:\/\/neue-debatte.com\/2023\/05\/07\/zum-krieg-es-ist-zeit\/","_links":{"self":[{"href":"https:\/\/www.pressenza.com\/de\/wp-json\/wp\/v2\/posts\/1739680","targetHints":{"allow":["GET"]}}],"collection":[{"href":"https:\/\/www.pressenza.com\/de\/wp-json\/wp\/v2\/posts"}],"about":[{"href":"https:\/\/www.pressenza.com\/de\/wp-json\/wp\/v2\/types\/post"}],"author":[{"embeddable":true,"href":"https:\/\/www.pressenza.com\/de\/wp-json\/wp\/v2\/users\/1342"}],"replies":[{"embeddable":true,"href":"https:\/\/www.pressenza.com\/de\/wp-json\/wp\/v2\/comments?post=1739680"}],"version-history":[{"count":0,"href":"https:\/\/www.pressenza.com\/de\/wp-json\/wp\/v2\/posts\/1739680\/revisions"}],"wp:featuredmedia":[{"embeddable":true,"href":"https:\/\/www.pressenza.com\/de\/wp-json\/wp\/v2\/media\/1739681"}],"wp:attachment":[{"href":"https:\/\/www.pressenza.com\/de\/wp-json\/wp\/v2\/media?parent=1739680"}],"wp:term":[{"taxonomy":"category","embeddable":true,"href":"https:\/\/www.pressenza.com\/de\/wp-json\/wp\/v2\/categories?post=1739680"},{"taxonomy":"post_tag","embeddable":true,"href":"https:\/\/www.pressenza.com\/de\/wp-json\/wp\/v2\/tags?post=1739680"}],"curies":[{"name":"wp","href":"https:\/\/api.w.org\/{rel}","templated":true}]}}