{"id":1735488,"date":"2023-04-26T15:53:18","date_gmt":"2023-04-26T14:53:18","guid":{"rendered":"https:\/\/www.pressenza.com\/?p=1735488"},"modified":"2023-04-26T15:53:18","modified_gmt":"2023-04-26T14:53:18","slug":"yurii-sheliazhenko-von-der-ukrainischen-bewegung-fuer-gewaltfreiheit-ueber-die-militarisierung-der-gesellschaft","status":"publish","type":"post","link":"https:\/\/www.pressenza.com\/de\/2023\/04\/yurii-sheliazhenko-von-der-ukrainischen-bewegung-fuer-gewaltfreiheit-ueber-die-militarisierung-der-gesellschaft\/","title":{"rendered":"Yurii Sheliazhenko von der ukrainischen Bewegung f\u00fcr Gewaltfreiheit \u00fcber die Militarisierung der Gesellschaft"},"content":{"rendered":"<p><strong>Als k\u00fcrzlich in der Ukraine Oksen Lisovyi zum Minister f\u00fcr Bildung und Wissenschaft ernannt wurde, hat das eine emp\u00f6rte Reaktion der ukrainischen Friedensbewegung ausgel\u00f6st, die der UNESCO einen ausf\u00fchrlichen Bericht sandte, aus dem sich ein besorgniserregender Blick auf die Militarisierung der ukrainischen Kultur er\u00f6ffnet.<\/strong><\/p>\n<p>Tats\u00e4chlich sagt der neue Minister in einem Video vom 14. Oktober 2022, die Ukrainer m\u00fcssten f\u00fcr immer mit dem Krieg zu leben lernen:<\/p>\n<blockquote><p><em>&#8222;Dieser Krieg ist kein Eintagskrieg, wir werden ihn f\u00fcr lange Zeit haben&#8230; Mein ganzes Leben lang habe ich diesen Krieg erwartet. Ich wusste, dass er kommen w\u00fcrde, und ich bef\u00fcrchtete, dass eine Minderheit in den Krieg ziehen w\u00fcrde, wie es in der Vergangenheit der Fall war. Deshalb, trotz der gewaltigen Zahl der Opfer, dem Schmerz zehntausender Familien, der Zerst\u00f6rung und den Verlusten, bin ich gl\u00fccklich.&#8220;<\/em><\/p>\n<p><em>\u201cOksen Lisovyi ist das Gegenteil von allem, was ein Minister f\u00fcr Bildung und Wissenschaft sein sollte&#8220;, sagt Yurii Sheliazhenko, Gesch\u00e4ftsf\u00fchrer der Ukrainischen Pazifistischen Bewegung, Kriegsdienstverweigerer aus Gewissensgr\u00fcnden und Universit\u00e4tsprofessor. &#8222;Lisovyi ist kein Zivilist, kein unbescholtener Fachmann mit einem Plan, einem Vorsatz zur Gestaltung einer auf dem Gewissen gr\u00fcndenden friedlichen Zukunft, oder wenigstens mit dem Willen, Studierenden, Lehrenden und Wissenschafter*innen einen Raum geben zu hoffen, zu vertrauen, und zu einer besseren Zukunft beizutragen&#8230; Er ist kein Akademiker, sondern eher ein Soldat&#8230; Er macht kein Geheimnis aus seiner Absicht, Bildung zu einer Waffe zu machen, allen Ukrainern beizubringen, gemeinsam an einem endlosen Krieg teilzunehmen, die Gefechtsf\u00e4higkeit zum Bestandteil des Pflichtlehrplans zu machen, ohne Ausnahmen f\u00fcr aus Gewissengr\u00fcnden Kriegsdienstverweigernde, und die Jugend in die Entwicklung von Kriegstechnologie einzubeziehen&#8220;.<\/em><\/p><\/blockquote>\n<p>Die Beschwerde der ukrainischen Friedensbewegung verlangt nicht nur den R\u00fccktritt Lisovyis vom Ministeramt, sondern auch von der Leitung der ukrainischen Junior Academy of Sciences, die er selbst w\u00e4hrend seines freiwilligen Kriegsdienstes beibehalten hat. &#8222;Das militaristische Bild Lisovys in der \u00d6ffentlichkeit, sein erkl\u00e4rter Wunsch, junge Studierende in die Armee zu bringen und eine &#8222;Gesellschaft von K\u00e4mpfern&#8220; aufzubauen, ist auf keinen Fall vereinbar mit der Tatsache, dass die Junior Academy of Sciences of Ukraine eine Einrichtung zur wissenschaftlichen Bildung unter der Schirmherrschaft der UNESCO ist \u2013 eine kulturelle Einrichtung gegen den Krieg, deren Aufgabe es ist, Kriege abzuwenden und im Bewusstsein der Menschen Friedenskr\u00e4fte zu schaffen.<\/p>\n<p>Sheliazhenko bem\u00e4ngelt ferner, dass unter Lisovyis Leitung die Akademie stattdessen &#8222;f\u00fcr den milit\u00e4risch-industrieller Komplex arbeitet, das ukrainische Milit\u00e4r unterst\u00fctzt und alle als &#8222;Feinde&#8220; erscheinen zu lassen, die es wagen, die ukrainische Armee oder die NATO zu kritisieren.<\/p>\n<p>Lisovyi geh\u00f6rt entfernt, weil &#8222;nur zivile Fachleute unbezweifelbarer Integrit\u00e4t das moralische Recht haben, wissenschaftliche Bildungseinrichtungen so zu leiten, dass die k\u00fcnftigen Generationen ohne Krieg zu leben lernen.<\/p>\n<blockquote><p><em>&#8222;Die Werte der Friedenskultur und der Gewaltlosigkeit \u2013 f\u00e4hrt der Bericht fort \u2013 und die akademische Integrit\u00e4t sind f\u00fcr Bildung und Wissenschaft von grundlegender Bedeutung&#8230; Friedenskultur ist ein Zusammenwirken von Werten, Einstellungen, Traditionen, Verhaltens- und Lebensweisen, die sich auf Achtung vor dem Leben, auf Ablehnung von Gewalt und auf F\u00f6rderung von Gewaltlosigkeit durch Erziehung, Gespr\u00e4ch und Zusammenarbeit gr\u00fcndet, es der Artikel 1 der <a href=\"http:\/\/www.un-documents.net\/a53r243a.htm\">Erkl\u00e4rung zur Friedenskultur<\/a> besagt (UN, 1999).&#8220;<\/em><\/p><\/blockquote>\n<p>Man muss sich daher fragen, welche Interesse heute hinter den milit\u00e4rischen Hilfen f\u00fcr die Ukraine stehen, und bei wem solche Hilfen schlie\u00dflich landen. Was sind die wahren Motive? Den Krieg so schnell wie m\u00f6glich beenden, oder ihn ad Infinitum fortsetzen?<\/p>\n<p>In dieser Hinsicht ist die militaristische Kultur besorgniserregend, die sich auch hierzulande ausbreitet, wo schon seit einigen Jahren zunehmend <a href=\"https:\/\/www.tecnicadellascuola.it\/i-cobas-denunciano-la-propaganda-militarista-nella-scuola\" target=\"_blank\" rel=\"noopener\">Besuche des Heeres in den ersten und zweiten Klassen der Schulen<\/a> und Praktika von Sch\u00fclern in den Kasernen zunehmen. Mit was f\u00fcr Absichten geschieht das, wenn nicht um eine militaristische und kriegerische Kultur zu f\u00f6rdern und die Rekrutierung von Freiwilligen schmackhaft zu machen?<\/p>\n<blockquote><p><strong>Krieg ist ein Verbrechen gegen die Menschlichkeit.<\/strong><\/p>\n<p><strong><a href=\"https:\/\/www.pressenza.com\/de\/2023\/04\/nehmen-wir-den-frieden-in-unsere-haende\/\" target=\"_blank\" rel=\"noopener\">Nehmen wir den Frieden in unsere H\u00e4nde<\/a>, denn unsere Zukunft h\u00e4ngt dem ab, wof\u00fcr wir uns heute entscheiden.<\/strong><\/p><\/blockquote>\n<p><em><strong>Die \u00dcbersetzung aus dem Italienischen wurde von Bruno Sandk\u00fchler vom ehrenamtlichen Pressenza-\u00dcbersetzungsteam erstellt. <a href=\"https:\/\/www.pressenza.com\/de\/mitarbeiten\/\" target=\"_blank\" rel=\"noopener\">Wir suchen Freiwillige!<\/a><\/strong><\/em><\/p>\n","protected":false},"excerpt":{"rendered":"<p>Als k\u00fcrzlich in der Ukraine Oksen Lisovyi zum Minister f\u00fcr Bildung und Wissenschaft ernannt wurde, hat das eine emp\u00f6rte Reaktion der ukrainischen Friedensbewegung ausgel\u00f6st, die der UNESCO einen ausf\u00fchrlichen Bericht sandte, aus dem sich ein besorgniserregender Blick auf die Militarisierung&hellip;<\/p>\n","protected":false},"author":2102,"featured_media":1735489,"comment_status":"closed","ping_status":"closed","sticky":false,"template":"","format":"standard","meta":{"footnotes":""},"categories":[9167,9166,11387],"tags":[99607,99816,9262,22229,9227,90617,19976,112355,42221,101012],"class_list":["post-1735488","post","type-post","status-publish","format-standard","has-post-thumbnail","hentry","category-frieden-und-abruestung","category-gewaltfreiheit","category-originalinhalt","tag-europa-fuer-den-frieden","tag-europeforpeace-de","tag-frieden","tag-gewaltfreiheit","tag-gewaltlosigkeit","tag-kriegsverweigerung","tag-militarisierung","tag-oksen-lisovyi","tag-wehrdienstverweigerung","tag-yurii-sheliazhenko-de"],"yoast_head":"<!-- This site is optimized with the Yoast SEO plugin v27.1.1 - https:\/\/yoast.com\/product\/yoast-seo-wordpress\/ -->\n<title>Yurii Sheliazhenko von der ukrainischen Bewegung f\u00fcr Gewaltfreiheit \u00fcber die Militarisierung der Gesellschaft<\/title>\n<meta name=\"description\" content=\"Als k\u00fcrzlich in der Ukraine Oksen Lisovyi zum Minister f\u00fcr Bildung und Wissenschaft ernannt wurde, hat das eine emp\u00f6rte Reaktion der ukrainischen\" \/>\n<meta name=\"robots\" content=\"index, follow, max-snippet:-1, max-image-preview:large, max-video-preview:-1\" \/>\n<link rel=\"canonical\" href=\"https:\/\/www.pressenza.com\/de\/2023\/04\/yurii-sheliazhenko-von-der-ukrainischen-bewegung-fuer-gewaltfreiheit-ueber-die-militarisierung-der-gesellschaft\/\" \/>\n<meta property=\"og:locale\" content=\"de_DE\" \/>\n<meta property=\"og:type\" content=\"article\" \/>\n<meta property=\"og:title\" content=\"Yurii Sheliazhenko von der ukrainischen Bewegung f\u00fcr Gewaltfreiheit \u00fcber die Militarisierung der Gesellschaft\" \/>\n<meta property=\"og:description\" content=\"Als k\u00fcrzlich in der Ukraine Oksen Lisovyi zum Minister f\u00fcr Bildung und Wissenschaft ernannt wurde, hat das eine emp\u00f6rte Reaktion der ukrainischen\" \/>\n<meta property=\"og:url\" content=\"https:\/\/www.pressenza.com\/de\/2023\/04\/yurii-sheliazhenko-von-der-ukrainischen-bewegung-fuer-gewaltfreiheit-ueber-die-militarisierung-der-gesellschaft\/\" \/>\n<meta property=\"og:site_name\" content=\"Pressenza\" \/>\n<meta property=\"article:publisher\" content=\"https:\/\/www.facebook.com\/PressenzaItalia\" \/>\n<meta property=\"article:published_time\" content=\"2023-04-26T14:53:18+00:00\" \/>\n<meta property=\"og:image\" content=\"https:\/\/www.pressenza.com\/wp-content\/uploads\/2023\/02\/Yurii_Sheliazhenko-pace.jpg\" \/>\n\t<meta property=\"og:image:width\" content=\"1000\" \/>\n\t<meta property=\"og:image:height\" content=\"750\" \/>\n\t<meta property=\"og:image:type\" content=\"image\/jpeg\" \/>\n<meta name=\"author\" content=\"Europe for Peace\" \/>\n<meta name=\"twitter:card\" content=\"summary_large_image\" \/>\n<meta name=\"twitter:creator\" content=\"@PressenzaIPA\" \/>\n<meta name=\"twitter:site\" content=\"@PressenzaIPA\" \/>\n<meta name=\"twitter:label1\" content=\"Verfasst von\" \/>\n\t<meta name=\"twitter:data1\" content=\"Europe for Peace\" \/>\n\t<meta name=\"twitter:label2\" content=\"Gesch\u00e4tzte Lesezeit\" \/>\n\t<meta name=\"twitter:data2\" content=\"4\u00a0Minuten\" \/>\n<script type=\"application\/ld+json\" class=\"yoast-schema-graph\">{\"@context\":\"https:\/\/schema.org\",\"@graph\":[{\"@type\":\"Article\",\"@id\":\"https:\/\/www.pressenza.com\/de\/2023\/04\/yurii-sheliazhenko-von-der-ukrainischen-bewegung-fuer-gewaltfreiheit-ueber-die-militarisierung-der-gesellschaft\/#article\",\"isPartOf\":{\"@id\":\"https:\/\/www.pressenza.com\/de\/2023\/04\/yurii-sheliazhenko-von-der-ukrainischen-bewegung-fuer-gewaltfreiheit-ueber-die-militarisierung-der-gesellschaft\/\"},\"author\":{\"name\":\"Europe for Peace\",\"@id\":\"https:\/\/www.pressenza.com\/de\/#\/schema\/person\/69b9bf000cb278ca2d4ea401137ed0ce\"},\"headline\":\"Yurii Sheliazhenko von der ukrainischen Bewegung f\u00fcr Gewaltfreiheit \u00fcber die Militarisierung der Gesellschaft\",\"datePublished\":\"2023-04-26T14:53:18+00:00\",\"mainEntityOfPage\":{\"@id\":\"https:\/\/www.pressenza.com\/de\/2023\/04\/yurii-sheliazhenko-von-der-ukrainischen-bewegung-fuer-gewaltfreiheit-ueber-die-militarisierung-der-gesellschaft\/\"},\"wordCount\":701,\"publisher\":{\"@id\":\"https:\/\/www.pressenza.com\/de\/#organization\"},\"image\":{\"@id\":\"https:\/\/www.pressenza.com\/de\/2023\/04\/yurii-sheliazhenko-von-der-ukrainischen-bewegung-fuer-gewaltfreiheit-ueber-die-militarisierung-der-gesellschaft\/#primaryimage\"},\"thumbnailUrl\":\"https:\/\/www.pressenza.com\/wp-content\/uploads\/2023\/02\/Yurii_Sheliazhenko-pace-e1774092998949.jpg\",\"keywords\":[\"Europa f\u00fcr den Frieden\",\"EuropeForPeace\",\"Frieden\",\"Gewaltfreiheit\",\"Gewaltlosigkeit\",\"Kriegsverweigerung\",\"Militarisierung\",\"Oksen Lisovyi\",\"Wehrdienstverweigerung\",\"Yurii Sheliazhenko\"],\"articleSection\":[\"Frieden und Abr\u00fcstung\",\"Gewaltfreiheit\",\"Originalinhalt\"],\"inLanguage\":\"de\"},{\"@type\":\"WebPage\",\"@id\":\"https:\/\/www.pressenza.com\/de\/2023\/04\/yurii-sheliazhenko-von-der-ukrainischen-bewegung-fuer-gewaltfreiheit-ueber-die-militarisierung-der-gesellschaft\/\",\"url\":\"https:\/\/www.pressenza.com\/de\/2023\/04\/yurii-sheliazhenko-von-der-ukrainischen-bewegung-fuer-gewaltfreiheit-ueber-die-militarisierung-der-gesellschaft\/\",\"name\":\"Yurii Sheliazhenko von der ukrainischen Bewegung f\u00fcr Gewaltfreiheit \u00fcber die Militarisierung der Gesellschaft\",\"isPartOf\":{\"@id\":\"https:\/\/www.pressenza.com\/de\/#website\"},\"primaryImageOfPage\":{\"@id\":\"https:\/\/www.pressenza.com\/de\/2023\/04\/yurii-sheliazhenko-von-der-ukrainischen-bewegung-fuer-gewaltfreiheit-ueber-die-militarisierung-der-gesellschaft\/#primaryimage\"},\"image\":{\"@id\":\"https:\/\/www.pressenza.com\/de\/2023\/04\/yurii-sheliazhenko-von-der-ukrainischen-bewegung-fuer-gewaltfreiheit-ueber-die-militarisierung-der-gesellschaft\/#primaryimage\"},\"thumbnailUrl\":\"https:\/\/www.pressenza.com\/wp-content\/uploads\/2023\/02\/Yurii_Sheliazhenko-pace-e1774092998949.jpg\",\"datePublished\":\"2023-04-26T14:53:18+00:00\",\"description\":\"Als k\u00fcrzlich in der Ukraine Oksen Lisovyi zum Minister f\u00fcr Bildung und Wissenschaft ernannt wurde, hat das eine emp\u00f6rte Reaktion der ukrainischen\",\"breadcrumb\":{\"@id\":\"https:\/\/www.pressenza.com\/de\/2023\/04\/yurii-sheliazhenko-von-der-ukrainischen-bewegung-fuer-gewaltfreiheit-ueber-die-militarisierung-der-gesellschaft\/#breadcrumb\"},\"inLanguage\":\"de\",\"potentialAction\":[{\"@type\":\"ReadAction\",\"target\":[\"https:\/\/www.pressenza.com\/de\/2023\/04\/yurii-sheliazhenko-von-der-ukrainischen-bewegung-fuer-gewaltfreiheit-ueber-die-militarisierung-der-gesellschaft\/\"]}]},{\"@type\":\"ImageObject\",\"inLanguage\":\"de\",\"@id\":\"https:\/\/www.pressenza.com\/de\/2023\/04\/yurii-sheliazhenko-von-der-ukrainischen-bewegung-fuer-gewaltfreiheit-ueber-die-militarisierung-der-gesellschaft\/#primaryimage\",\"url\":\"https:\/\/www.pressenza.com\/wp-content\/uploads\/2023\/02\/Yurii_Sheliazhenko-pace-e1774092998949.jpg\",\"contentUrl\":\"https:\/\/www.pressenza.com\/wp-content\/uploads\/2023\/02\/Yurii_Sheliazhenko-pace-e1774092998949.jpg\",\"width\":1000,\"height\":750},{\"@type\":\"BreadcrumbList\",\"@id\":\"https:\/\/www.pressenza.com\/de\/2023\/04\/yurii-sheliazhenko-von-der-ukrainischen-bewegung-fuer-gewaltfreiheit-ueber-die-militarisierung-der-gesellschaft\/#breadcrumb\",\"itemListElement\":[{\"@type\":\"ListItem\",\"position\":1,\"name\":\"Accueil\",\"item\":\"https:\/\/www.pressenza.com\/de\/\"},{\"@type\":\"ListItem\",\"position\":2,\"name\":\"Yurii Sheliazhenko von der ukrainischen Bewegung f\u00fcr Gewaltfreiheit \u00fcber die Militarisierung der Gesellschaft\"}]},{\"@type\":\"WebSite\",\"@id\":\"https:\/\/www.pressenza.com\/de\/#website\",\"url\":\"https:\/\/www.pressenza.com\/de\/\",\"name\":\"Pressenza\",\"description\":\"International Press Agency\",\"publisher\":{\"@id\":\"https:\/\/www.pressenza.com\/de\/#organization\"},\"potentialAction\":[{\"@type\":\"SearchAction\",\"target\":{\"@type\":\"EntryPoint\",\"urlTemplate\":\"https:\/\/www.pressenza.com\/de\/?s={search_term_string}\"},\"query-input\":{\"@type\":\"PropertyValueSpecification\",\"valueRequired\":true,\"valueName\":\"search_term_string\"}}],\"inLanguage\":\"de\"},{\"@type\":\"Organization\",\"@id\":\"https:\/\/www.pressenza.com\/de\/#organization\",\"name\":\"Pressenza\",\"url\":\"https:\/\/www.pressenza.com\/de\/\",\"logo\":{\"@type\":\"ImageObject\",\"inLanguage\":\"de\",\"@id\":\"https:\/\/www.pressenza.com\/de\/#\/schema\/logo\/image\/\",\"url\":\"https:\/\/www.pressenza.com\/wp-content\/uploads\/2022\/10\/pressenza_logo_200x200.jpg\",\"contentUrl\":\"https:\/\/www.pressenza.com\/wp-content\/uploads\/2022\/10\/pressenza_logo_200x200.jpg\",\"width\":200,\"height\":200,\"caption\":\"Pressenza\"},\"image\":{\"@id\":\"https:\/\/www.pressenza.com\/de\/#\/schema\/logo\/image\/\"},\"sameAs\":[\"https:\/\/www.facebook.com\/PressenzaItalia\",\"https:\/\/x.com\/PressenzaIPA\"]},{\"@type\":\"Person\",\"@id\":\"https:\/\/www.pressenza.com\/de\/#\/schema\/person\/69b9bf000cb278ca2d4ea401137ed0ce\",\"name\":\"Europe for Peace\",\"description\":\"The idea of carrying out this campaign arose in Lisbon, in the European Humanist Forum of November 2006 in the working group of Peace and Nonviolence. Different organizations participated and different opinions converged very clearly on one issue: violence in the world, the return of the nuclear arms race, the danger of a nuclear catastrophe and the need to urgently change the course of events. The words of Gandhi, M. L. King and Silo resounded in our minds on the importance of having faith in life and on the great force that nonviolence is. We were inspired by these examples. The declaration was officially presented in Prague on February 22, 2007 during a conference organized by Humanist movement. The declaration is the fruit of the labor of several people and organizations and tries to synthesize common opinions and concentrate on the issue of nuclear weapons. This campaign is open to all, and everyone can give their contribution to develop it. www.europeforpeace.eu\",\"url\":\"https:\/\/www.pressenza.com\/de\/author\/europa-per-la-pace\/\"}]}<\/script>\n<!-- \/ Yoast SEO plugin. -->","yoast_head_json":{"title":"Yurii Sheliazhenko von der ukrainischen Bewegung f\u00fcr Gewaltfreiheit \u00fcber die Militarisierung der Gesellschaft","description":"Als k\u00fcrzlich in der Ukraine Oksen Lisovyi zum Minister f\u00fcr Bildung und Wissenschaft ernannt wurde, hat das eine emp\u00f6rte Reaktion der ukrainischen","robots":{"index":"index","follow":"follow","max-snippet":"max-snippet:-1","max-image-preview":"max-image-preview:large","max-video-preview":"max-video-preview:-1"},"canonical":"https:\/\/www.pressenza.com\/de\/2023\/04\/yurii-sheliazhenko-von-der-ukrainischen-bewegung-fuer-gewaltfreiheit-ueber-die-militarisierung-der-gesellschaft\/","og_locale":"de_DE","og_type":"article","og_title":"Yurii Sheliazhenko von der ukrainischen Bewegung f\u00fcr Gewaltfreiheit \u00fcber die Militarisierung der Gesellschaft","og_description":"Als k\u00fcrzlich in der Ukraine Oksen Lisovyi zum Minister f\u00fcr Bildung und Wissenschaft ernannt wurde, hat das eine emp\u00f6rte Reaktion der ukrainischen","og_url":"https:\/\/www.pressenza.com\/de\/2023\/04\/yurii-sheliazhenko-von-der-ukrainischen-bewegung-fuer-gewaltfreiheit-ueber-die-militarisierung-der-gesellschaft\/","og_site_name":"Pressenza","article_publisher":"https:\/\/www.facebook.com\/PressenzaItalia","article_published_time":"2023-04-26T14:53:18+00:00","og_image":[{"width":1000,"height":750,"url":"https:\/\/www.pressenza.com\/wp-content\/uploads\/2023\/02\/Yurii_Sheliazhenko-pace.jpg","type":"image\/jpeg"}],"author":"Europe for Peace","twitter_card":"summary_large_image","twitter_creator":"@PressenzaIPA","twitter_site":"@PressenzaIPA","twitter_misc":{"Verfasst von":"Europe for Peace","Gesch\u00e4tzte Lesezeit":"4\u00a0Minuten"},"schema":{"@context":"https:\/\/schema.org","@graph":[{"@type":"Article","@id":"https:\/\/www.pressenza.com\/de\/2023\/04\/yurii-sheliazhenko-von-der-ukrainischen-bewegung-fuer-gewaltfreiheit-ueber-die-militarisierung-der-gesellschaft\/#article","isPartOf":{"@id":"https:\/\/www.pressenza.com\/de\/2023\/04\/yurii-sheliazhenko-von-der-ukrainischen-bewegung-fuer-gewaltfreiheit-ueber-die-militarisierung-der-gesellschaft\/"},"author":{"name":"Europe for Peace","@id":"https:\/\/www.pressenza.com\/de\/#\/schema\/person\/69b9bf000cb278ca2d4ea401137ed0ce"},"headline":"Yurii Sheliazhenko von der ukrainischen Bewegung f\u00fcr Gewaltfreiheit \u00fcber die Militarisierung der Gesellschaft","datePublished":"2023-04-26T14:53:18+00:00","mainEntityOfPage":{"@id":"https:\/\/www.pressenza.com\/de\/2023\/04\/yurii-sheliazhenko-von-der-ukrainischen-bewegung-fuer-gewaltfreiheit-ueber-die-militarisierung-der-gesellschaft\/"},"wordCount":701,"publisher":{"@id":"https:\/\/www.pressenza.com\/de\/#organization"},"image":{"@id":"https:\/\/www.pressenza.com\/de\/2023\/04\/yurii-sheliazhenko-von-der-ukrainischen-bewegung-fuer-gewaltfreiheit-ueber-die-militarisierung-der-gesellschaft\/#primaryimage"},"thumbnailUrl":"https:\/\/www.pressenza.com\/wp-content\/uploads\/2023\/02\/Yurii_Sheliazhenko-pace-e1774092998949.jpg","keywords":["Europa f\u00fcr den Frieden","EuropeForPeace","Frieden","Gewaltfreiheit","Gewaltlosigkeit","Kriegsverweigerung","Militarisierung","Oksen Lisovyi","Wehrdienstverweigerung","Yurii Sheliazhenko"],"articleSection":["Frieden und Abr\u00fcstung","Gewaltfreiheit","Originalinhalt"],"inLanguage":"de"},{"@type":"WebPage","@id":"https:\/\/www.pressenza.com\/de\/2023\/04\/yurii-sheliazhenko-von-der-ukrainischen-bewegung-fuer-gewaltfreiheit-ueber-die-militarisierung-der-gesellschaft\/","url":"https:\/\/www.pressenza.com\/de\/2023\/04\/yurii-sheliazhenko-von-der-ukrainischen-bewegung-fuer-gewaltfreiheit-ueber-die-militarisierung-der-gesellschaft\/","name":"Yurii Sheliazhenko von der ukrainischen Bewegung f\u00fcr Gewaltfreiheit \u00fcber die Militarisierung der Gesellschaft","isPartOf":{"@id":"https:\/\/www.pressenza.com\/de\/#website"},"primaryImageOfPage":{"@id":"https:\/\/www.pressenza.com\/de\/2023\/04\/yurii-sheliazhenko-von-der-ukrainischen-bewegung-fuer-gewaltfreiheit-ueber-die-militarisierung-der-gesellschaft\/#primaryimage"},"image":{"@id":"https:\/\/www.pressenza.com\/de\/2023\/04\/yurii-sheliazhenko-von-der-ukrainischen-bewegung-fuer-gewaltfreiheit-ueber-die-militarisierung-der-gesellschaft\/#primaryimage"},"thumbnailUrl":"https:\/\/www.pressenza.com\/wp-content\/uploads\/2023\/02\/Yurii_Sheliazhenko-pace-e1774092998949.jpg","datePublished":"2023-04-26T14:53:18+00:00","description":"Als k\u00fcrzlich in der Ukraine Oksen Lisovyi zum Minister f\u00fcr Bildung und Wissenschaft ernannt wurde, hat das eine emp\u00f6rte Reaktion der ukrainischen","breadcrumb":{"@id":"https:\/\/www.pressenza.com\/de\/2023\/04\/yurii-sheliazhenko-von-der-ukrainischen-bewegung-fuer-gewaltfreiheit-ueber-die-militarisierung-der-gesellschaft\/#breadcrumb"},"inLanguage":"de","potentialAction":[{"@type":"ReadAction","target":["https:\/\/www.pressenza.com\/de\/2023\/04\/yurii-sheliazhenko-von-der-ukrainischen-bewegung-fuer-gewaltfreiheit-ueber-die-militarisierung-der-gesellschaft\/"]}]},{"@type":"ImageObject","inLanguage":"de","@id":"https:\/\/www.pressenza.com\/de\/2023\/04\/yurii-sheliazhenko-von-der-ukrainischen-bewegung-fuer-gewaltfreiheit-ueber-die-militarisierung-der-gesellschaft\/#primaryimage","url":"https:\/\/www.pressenza.com\/wp-content\/uploads\/2023\/02\/Yurii_Sheliazhenko-pace-e1774092998949.jpg","contentUrl":"https:\/\/www.pressenza.com\/wp-content\/uploads\/2023\/02\/Yurii_Sheliazhenko-pace-e1774092998949.jpg","width":1000,"height":750},{"@type":"BreadcrumbList","@id":"https:\/\/www.pressenza.com\/de\/2023\/04\/yurii-sheliazhenko-von-der-ukrainischen-bewegung-fuer-gewaltfreiheit-ueber-die-militarisierung-der-gesellschaft\/#breadcrumb","itemListElement":[{"@type":"ListItem","position":1,"name":"Accueil","item":"https:\/\/www.pressenza.com\/de\/"},{"@type":"ListItem","position":2,"name":"Yurii Sheliazhenko von der ukrainischen Bewegung f\u00fcr Gewaltfreiheit \u00fcber die Militarisierung der Gesellschaft"}]},{"@type":"WebSite","@id":"https:\/\/www.pressenza.com\/de\/#website","url":"https:\/\/www.pressenza.com\/de\/","name":"Pressenza","description":"International Press Agency","publisher":{"@id":"https:\/\/www.pressenza.com\/de\/#organization"},"potentialAction":[{"@type":"SearchAction","target":{"@type":"EntryPoint","urlTemplate":"https:\/\/www.pressenza.com\/de\/?s={search_term_string}"},"query-input":{"@type":"PropertyValueSpecification","valueRequired":true,"valueName":"search_term_string"}}],"inLanguage":"de"},{"@type":"Organization","@id":"https:\/\/www.pressenza.com\/de\/#organization","name":"Pressenza","url":"https:\/\/www.pressenza.com\/de\/","logo":{"@type":"ImageObject","inLanguage":"de","@id":"https:\/\/www.pressenza.com\/de\/#\/schema\/logo\/image\/","url":"https:\/\/www.pressenza.com\/wp-content\/uploads\/2022\/10\/pressenza_logo_200x200.jpg","contentUrl":"https:\/\/www.pressenza.com\/wp-content\/uploads\/2022\/10\/pressenza_logo_200x200.jpg","width":200,"height":200,"caption":"Pressenza"},"image":{"@id":"https:\/\/www.pressenza.com\/de\/#\/schema\/logo\/image\/"},"sameAs":["https:\/\/www.facebook.com\/PressenzaItalia","https:\/\/x.com\/PressenzaIPA"]},{"@type":"Person","@id":"https:\/\/www.pressenza.com\/de\/#\/schema\/person\/69b9bf000cb278ca2d4ea401137ed0ce","name":"Europe for Peace","description":"The idea of carrying out this campaign arose in Lisbon, in the European Humanist Forum of November 2006 in the working group of Peace and Nonviolence. Different organizations participated and different opinions converged very clearly on one issue: violence in the world, the return of the nuclear arms race, the danger of a nuclear catastrophe and the need to urgently change the course of events. The words of Gandhi, M. L. King and Silo resounded in our minds on the importance of having faith in life and on the great force that nonviolence is. We were inspired by these examples. The declaration was officially presented in Prague on February 22, 2007 during a conference organized by Humanist movement. The declaration is the fruit of the labor of several people and organizations and tries to synthesize common opinions and concentrate on the issue of nuclear weapons. This campaign is open to all, and everyone can give their contribution to develop it. www.europeforpeace.eu","url":"https:\/\/www.pressenza.com\/de\/author\/europa-per-la-pace\/"}]}},"place":"","original_article_url":"","_links":{"self":[{"href":"https:\/\/www.pressenza.com\/de\/wp-json\/wp\/v2\/posts\/1735488","targetHints":{"allow":["GET"]}}],"collection":[{"href":"https:\/\/www.pressenza.com\/de\/wp-json\/wp\/v2\/posts"}],"about":[{"href":"https:\/\/www.pressenza.com\/de\/wp-json\/wp\/v2\/types\/post"}],"author":[{"embeddable":true,"href":"https:\/\/www.pressenza.com\/de\/wp-json\/wp\/v2\/users\/2102"}],"replies":[{"embeddable":true,"href":"https:\/\/www.pressenza.com\/de\/wp-json\/wp\/v2\/comments?post=1735488"}],"version-history":[{"count":0,"href":"https:\/\/www.pressenza.com\/de\/wp-json\/wp\/v2\/posts\/1735488\/revisions"}],"wp:featuredmedia":[{"embeddable":true,"href":"https:\/\/www.pressenza.com\/de\/wp-json\/wp\/v2\/media\/1735489"}],"wp:attachment":[{"href":"https:\/\/www.pressenza.com\/de\/wp-json\/wp\/v2\/media?parent=1735488"}],"wp:term":[{"taxonomy":"category","embeddable":true,"href":"https:\/\/www.pressenza.com\/de\/wp-json\/wp\/v2\/categories?post=1735488"},{"taxonomy":"post_tag","embeddable":true,"href":"https:\/\/www.pressenza.com\/de\/wp-json\/wp\/v2\/tags?post=1735488"}],"curies":[{"name":"wp","href":"https:\/\/api.w.org\/{rel}","templated":true}]}}