{"id":1727929,"date":"2023-03-25T14:52:00","date_gmt":"2023-03-25T14:52:00","guid":{"rendered":"https:\/\/www.pressenza.com\/?p=1727929"},"modified":"2023-03-25T14:52:00","modified_gmt":"2023-03-25T14:52:00","slug":"frankreich-rentenreform-ein-praesident-gegen-das-volk","status":"publish","type":"post","link":"https:\/\/www.pressenza.com\/de\/2023\/03\/frankreich-rentenreform-ein-praesident-gegen-das-volk\/","title":{"rendered":"Frankreich, Rentenreform: Ein Pr\u00e4sident gegen das Volk"},"content":{"rendered":"<p><strong>Eine Woche in drei Akten: Abstimmung \u00fcber den Misstrauensantrag in der Nationalversammlung, Interview mit Pr\u00e4sident Macron, 9. gewerkschafts\u00fcbergreifende Demonstration am 23. M\u00e4rz.<\/strong><\/p>\n<p>In weniger als einem Jahr (Beginn von Macrons zweiter Amtszeit) wurde zum elften Mal der Artikel 49-3 ausgel\u00f6st, diesmal f\u00fcr die Verabschiedung der Rentenreform, wohl wissend, dass diese bei der Abstimmung in der Abgeordnetenkammer abgelehnt worden w\u00e4re. Zwischen Oktober und Dezember 2022 setzte Premierministerin Elisabeth Borne den Artikel zehnmal ein, um den Staatshaushalt und den Haushalt der Sozialversicherung zu verabschieden. Im Anschluss waren Misstrauensantr\u00e4ge eingebracht worden, von denen jedoch keiner angenommen wurde. Dieser <strong><a href=\"https:\/\/fr.wikipedia.org\/wiki\/Article_49_de_la_Constitution_de_la_Cinqui%C3%A8me_R%C3%A9publique_fran%C3%A7aise#:~:text=L'article%2049%20alin%C3%A9a%203,sa%20responsabilit%C3%A9%20sur%20ce%20texte.\" target=\"_blank\" rel=\"noopener\">Artikel aus dem Jahr 1958, dem Beginn der F\u00fcnften Republik<sup>[1]<\/sup><\/a><\/strong>, erm\u00f6glicht Pr\u00e4sidenten ohne Mehrheit in der Nationalversammlung &#8211; was bei Pr\u00e4sident Macron der Fall ist &#8211; die absolute Macht und gleichzeitig Verantwortung f\u00fcr seine Regierung zu \u00fcbernehmen, wenn ein Misstrauensantrag angenommen wird: d. h. der R\u00fccktritt der Regierung, nicht der R\u00fccktritt des amtierenden Pr\u00e4sidenten. Seit 1958 wurde nur ein <strong><a href=\"https:\/\/www.liberation.fr\/politique\/ca-sest-passe-le-5-octobre-1962-la-seule-et-unique-motion-de-censure-votee-sous-la-ve-republique-20230317_XSEH6J3G4ZDETIYWCDM6M7BSAE\/\" target=\"_blank\" rel=\"noopener\">Misstrauensantrag, n\u00e4mlich der von 1962<\/a><\/strong>, angenommen. Der damalige Pr\u00e4sident wollte, dass die Pr\u00e4sidentschaftswahlen in allgemeiner Wahl stattfinden und nicht &#8211; wie damals \u00fcblich &#8211; von einem Kollegium aus Abgeordneten und Senatoren gew\u00e4hlt werden. Die Abgeordneten stimmten daher nicht f\u00fcr den Misstrauensantrag. Pers\u00f6nliche, parteipolitische Interessen hatten schon immer Vorrang vor dem Interesse des Volkes, sodass Misstrauensantr\u00e4ge kaum eine Chance hatten. Der 49-3 ist das &#8222;Herzst\u00fcck\u201c der pr\u00e4sidialen Hypermacht.<\/p>\n<blockquote><p>\u00dcber diese politische und soziale Krise hinaus gibt es in der Tat eine institutionelle Krise. Dieser Artikel 49-3, der aus der F\u00fcnften Republik (1958) stammt, ist nicht mehr akzeptabel, weder f\u00fcr die Abgeordneten der Nationalversammlung, die de facto zu nichts mehr n\u00fctze sind, da sie von der pr\u00e4sidialen \u00dcbermacht geknebelt werden, noch f\u00fcr das Volk, das sich weigert, ruhig zu Hause zu bleiben, w\u00e4hrend ein gr\u00f6\u00dfenwahnsinniger, autorit\u00e4rer und sich verweigernder Pr\u00e4sident ihm seine Gegenwart, seine Zukunft und seine Vergangenheit stiehlt, indem er verleugnet und demoliert, was Teil unserer gemeinsamen Geschichte ist: Die sozialen Errungenschaften der ersten Stunde n\u00e4mlich, den \u00f6ffentlichen Dienst und unser Recht zu w\u00e4hlen, unter welchen Bedingungen wir leben wollen, sei es am Arbeitsplatz oder im Ruhestand.<\/p><\/blockquote>\n<p>Der 1. Akt Am Montag, den 20. M\u00e4rz, stimmte die Nationalversammlung \u00fcber zwei Misstrauensantr\u00e4ge ab. Einer wurde von der Fraktion LIOT (Libert\u00e9s, Ind\u00e9pendants, Outre-mer et Territoires) eingebracht, die sich aus 20 Abgeordneten unterschiedlicher politischer Str\u00f6mungen, darunter auch Ex-Macronisten, zusammensetzt und sich im politischen Spektrum als &#8222;Mitte-Rechts-Mitte-Links&#8220; definieren l\u00e4sst, der zweite vom RN (Rassemblement National, extreme Rechte), die sich aus 87 Abgeordneten zusammensetzt und deren Fraktionsvorsitzende Marine Le Pen ist.<\/p>\n<p>Die NUPES (Neue \u00d6kologische und Soziale Volksunion, bestehend aus La France Insoumise, der Sozialistischen Partei, der Kommunistischen Partei Frankreichs und Europe \u00c9cologie Les Verts) reichte keinen Misstrauensantrag ein, da sie wusste, dass die anderen Fraktionen der Nationalversammlung sich geweigert h\u00e4tten, f\u00fcr diesen Antrag zu stimmen. Sie entschied sich daf\u00fcr, den von der LIOT-Fraktion initiierten Misstrauensantrag mitzuunterzeichnen und er\u00f6ffnete damit verschiedenen Fraktionen die M\u00f6glichkeit, f\u00fcr ihn zu stimmen. Insgesamt haben 96 Abgeordnete, darunter 16 der LIOT, diesen partei\u00fcbergreifenden Antrag unterzeichnet.<\/p>\n<p>Nur die LR (Les R\u00e9publicains, historische Rechtspartei) h\u00e4tten das Z\u00fcnglein an der Waage sein k\u00f6nnen, da sie wussten, dass die Groupe Renaissance (Abgeordnete der Macronisten), Horizons (politische Partei des ehemaligen Premierministers Edouard Philippe) und D\u00e9mocrates (Modem und Unabh\u00e4ngige, rechte Str\u00f6mung), die alle Pr\u00e4sident Macron unterst\u00fctzen, nicht f\u00fcr den Antrag stimmen w\u00fcrden. Die LR, die seit der <strong><a href=\"https:\/\/www.pressenza.com\/de\/2022\/04\/frankreich-erste-runde-der-praesidentschaftswahlen-enthaltung-wiederholung-und-melenchon\/\" target=\"_blank\" rel=\"noopener\">ersten Runde der Pr\u00e4sidentschaftswahlen 2022<\/a><\/strong> mit 4,79 % der Stimmen (nicht einmal genug, um ihre Wahlkampfkosten zu erstatten) in Aufl\u00f6sung begriffen ist, versucht zu \u00fcberleben. Bei den Pr\u00e4sidentschaftswahlen 2017 und 2022 wurden ihre Stimmen von Macron abgesch\u00f6pft. Heute sind sie nur noch 61 Abgeordnete in der Nationalversammlung, gegen\u00fcber 314 im Jahr 2007 und 95 im Jahr 2017 (ein R\u00fcckgang, der in Macrons erster Amtszeit best\u00e4tigt wurde).<\/p>\n<p>Innerhalb der Partei haben einige Abgeordnete sehr wohl verstanden, dass sie, um den Macronismus zu \u00fcberleben, in der &#8222;Opposition&#8220; wahrgenommen werden m\u00fcssen. Was die alte Garde der LR betrifft, so wurde ihr beim Fraktionsvorsitz in der Versammlung die Weisung erteilt, nicht zu w\u00e4hlen. All die Versprechungen und Verhandlungen des Macron-Lagers haben 19 LR-Abgeordnete nicht davon abgehalten, f\u00fcr diesen Antrag zu stimmen, nicht nur, weil sie mit dieser Rentenreform nicht einverstanden sind, sondern zum gro\u00dfen Teil deshalb, weil sie ihr eigenes politisches \u00dcberleben sichern wollen. Ihre wahlpolitische Zukunft h\u00e4ngt davon ab, da die meisten ihrer W\u00e4hler diese Reform nicht wollen. Eine Partei also am Rande der Implosion und des Untergangs.<\/p>\n<p>F\u00fcr die Annahme des Misstrauensantrags war die Stimme von 287 Abgeordneten erforderlich, die die H\u00e4lfte der gew\u00e4hlten Mitglieder der Nationalversammlung repr\u00e4sentieren. Der von der LIOT und der NUPES mitunterzeichnete Misstrauensantrag erhielt <strong><a href=\"https:\/\/www2.assemblee-nationale.fr\/scrutins\/detail\/(legislature)\/16\/(num)\/1240\" target=\"_blank\" rel=\"noopener\">278 Stimmen<\/a><\/strong>, darunter die 19 Stimmen der LR und die 88 Stimmen der Abgeordneten der RN. Der zweite Misstrauensantrag, der von der RN eingereicht wurde, erhielt 94 Stimmen. Keiner von beiden wurde angenommen, dem ersten fehlten 9 Stimmen. Die Rentenreform gilt als von der Nationalversammlung verabschiedet, obwohl es keine Abstimmung der Abgeordneten \u00fcber den Text der Reform gab. Die Premierministerin legte die Reform dem Verfassungsrat vor, der acht Tage Zeit hat, um in einem Eilverfahren \u00fcber die Legitimit\u00e4t der Reform zu entscheiden, oder einen Monat, wenn es sich um ein normales Verfahren handelt. Au\u00dferdem haben die NUPES und die RN ebenfalls zwei Klagen eingereicht, sodass die Befassung des Verfassungsrats die Verk\u00fcndung des Gesetzes de facto aussetzt. Was das m\u00f6gliche RIP (R\u00e9f\u00e9rendum d&#8217;Initiative Partag\u00e9) betrifft, so haben mehrheitlich linksgerichtete Abgeordnete und Senatoren den Antrag beim Verfassungsrat eingereicht, der innerhalb eines Monats die Zul\u00e4ssigkeit des Antrags pr\u00fcfen muss. Das gesamte Verfahren w\u00fcrde mindestens neun Monate in Anspruch nehmen.<\/p>\n<p>Unmittelbar nach Bekanntgabe der Ablehnung des Misstrauensantrags kam es in ganz Frankreich in mehreren St\u00e4dten zu Demonstrationen und spontanen Versammlungen, bei denen Polizeieins\u00e4tze, Tr\u00e4nengas, vorl\u00e4ufige Festnahmen und Polizeigewahrsam vorkamen. Seit 2020 m\u00fcssen Demonstrationen &#8222;angemeldet&#8220; werden, eine sprachliche Feinheit, um nicht von &#8222;genehmigt oder kontrolliert&#8220; zu sprechen; sie k\u00f6nnen verweigert werden, mit einer m\u00f6glichen Haftstrafe von sechs Monaten und einer Geldstrafe von 7.500 Euro, wenn man gegen das Gesetz verst\u00f6\u00dft. Frankreich hat vergessen, dass <strong><a href=\"https:\/\/www.amnesty.fr\/focus\/tout-savoir-sur-le-droit-de-manifester-en-france\" target=\"_blank\" rel=\"noopener\">demonstrieren ein Grundrecht ist, ein fundamentales, internationales Recht<\/a><\/strong>. An den ersten drei Tagen der spontanen Demonstrationen wurden 425 Personen vorl\u00e4ufig festgenommen (Bilanz der Pariser Staatsanwaltschaft) und nur gegen 52 Personen wurde Anklage erhoben. Laut Innenminister G\u00e9rard Darmanin \u201emuss man wissen, dass die Teilnahme an einer nicht angemeldeten Demonstration ein Vergehen ist und eine Festnahme verdient\u201c, was allerdings eine L\u00dcGE ist: Der \u201aCour de cassation\u2018<sup>[2]<\/sup> hat daran erinnert, dass die Teilnahme an einer nicht angemeldeten Versammlung kein Grund f\u00fcr eine Festnahme sein darf.<\/p>\n<p>Seit den Gelbwesten, wird Frankreich immer wieder mit seiner <strong><a href=\"https:\/\/www.bfmtv.com\/politique\/arretez-le-massacre-des-violences-policieres-signalees-lors-des-manifestations-contre-la-reforme-des-retraites-ce-lundi_AN-202303210031.html\" target=\"_blank\" rel=\"noopener\">Polizeigewalt<\/a><\/strong> in Verbindung gebracht. Dieses Wochenende war leider ein Beweis daf\u00fcr. Ein Pr\u00e4sident mit ungez\u00fcgeltem Autoritarismus hat eine Polizei, die ihm \u00e4hnelt.<\/p>\n<p>Die Mobilisierung gegen diese Reform mit der Hinaufsetzung des Renteneintrittsalters l\u00e4sst nicht nach, sondern verfestigt sich. Die Anwendung des 49-3 hat die Bewegung verh\u00e4rtet. Unter Missachtung der Blockaden, der Arbeitsniederlegungen (kurzfristige Streiks, bei denen der Arbeitnehmer seinen Arbeitsplatz verl\u00e4sst), des verl\u00e4ngerbaren Streiks, des Streiks der M\u00fcllabfuhr in Paris und anderen St\u00e4dten, des Streiks im Energiesektor, der Blockade der Raffinerien, des Streiks der SNCF, der Blockaden der Bahnh\u00f6fe, des Streiks im Bildungswesen und der Sch\u00fcler, Studenten etc. und den Demonstrationen, die seit zwei Monaten das Land ins Zittern versetzen, bleibt die Regierung stur. 74 % der Franzosen waren f\u00fcr den Misstrauensantrag und fast 70 % sind gegen die Rentenreform.<\/p>\n<p>Der 2. Akt Emmanuel Macron setzt auf Verschlimmerung, auf Zuspitzung und wartet darauf, dass der Bewegung die Luft ausgeht. In seinem wenig \u00fcberraschenden Interview am Mittwoch wurde au\u00dfer seinem \u00fcblichen Blabla &#8222;Ich bin es nicht, es sind die anderen&#8220; nichts gesagt. Er m\u00f6chte, dass die Reform ab Ende des Jahres umgesetzt wird. Ein Misstrauensantrag mit nur neun Stimmen ist kein Misserfolg. Das Volk hat nichts verstanden, Macron ist unser Retter. Er rettet Frankreich vor dem Chaos des Haushaltsdefizits (es best\u00e4tigt sich, dass diese Reform nicht mit einem Defizit des Rentensystems zusammenh\u00e4ngt, sondern einfach ins Leben gerufen wurde, um das Defizit des Staatshaushalts auf Kosten der Arbeitnehmer auszugleichen), stellt sich als \u201aHeld\u2018 dar, der seine Unbeliebtheit akzeptiert, so wie Jesus die Kreuzigung akzeptierte, um uns von unseren S\u00fcnden rein zu waschen, der sich gro\u00dfm\u00fctig zeigt, indem er den Gewerkschaften die Hand reicht, damit sie kommen und \u00fcber die anstehenden neuen Reformen diskutieren, aber vor allem nicht \u00fcber die Rentenreform, wobei er die Legitimit\u00e4t der &#8222;Menge&#8220;, d. h. des Volkes, der Demonstranten, ablehnt. Er bedient sich des Wortes Gewalt, und versucht damit, Blockaden und Demonstranten zu stigmatisieren.<\/p>\n<p>In seiner gro\u00dfen G\u00fcte gesteht er uns das Recht zu, zu demonstrieren, um unsere Ablehnung auszudr\u00fccken &#8211; aber in aller Stille! Als Paternalist schickt er uns nach Hause und &#8211; vor allem &#8211; an die Arbeit. Kurz gesagt, ein Pr\u00e4sident, der sich selbst verleugnet, ver\u00e4chtlich, arrogant, l\u00e4cherlich, eine Karikatur seiner selbst, ohne jegliches Interesse. Er versucht, die Proteste zu kaufen, indem er erkl\u00e4rt, dass er von den gro\u00dfen Unternehmen verlangen wird, ihre au\u00dferordentlichen Gewinne an ihre Mitarbeiter zu verteilen, anstatt ihre eigenen Aktien aufzukaufen; er vergisst zu sagen, dass die Unternehmen dazu rechtlich nicht verpflichtet sind.<\/p>\n<p>Der 3. Akt Die gewerkschafts\u00fcbergreifende Demonstration am gestrigen Mittwoch, dem 23., brach in verschiedenen franz\u00f6sischen St\u00e4dten und insbesondere in Paris alle Rekorde an Teilnehmerzahlen. Macrons Interview war weit davon entfernt, die Spannungen abzubauen, sondern bewirkte das Gegenteil. Das allgemeine Gef\u00fchl war &#8222;Er h\u00e4lt uns f\u00fcr dumm&#8220;. Eine starke Mobilisierung von Jugendlichen, Studenten und Sch\u00fclern verst\u00e4rkte die Demonstrationsz\u00fcge. \u00dcberall in Frankreich wurden Gymnasien und Hochschulen blockiert. Die Jugendlichen machen sich Sorgen um ihre Zukunft, aber auch um ihre Eltern, denn sie sehen, wie die sich \u201aabrackern\u2019, w\u00e4hrend sie arbeiten, und um ihre Gro\u00dfeltern, die mit denselben Schwierigkeiten zu k\u00e4mpfen haben, aber in Rente sind.<\/p>\n<p>In einigen St\u00e4dten, insbesondere in Paris, kam es zu Zusammenst\u00f6\u00dfen. Ausschreitungen werden sich nicht vermeiden lassen, wenn die Regierung in ihrer Blindheit verharrt. Simon Duteil von der Intersyndicale, Co-Generaldelegierter von Solidaires: &#8222;Die kleine Musik ist \u201aihr seid dabei, euch zu radikalisieren\u2018 &#8211; Nein Nein Nein &#8211; diese Regierung radikalisiert sich, wir sind massiv und entschlossen&#8220;, ist er \u00fcberzeugt. Catherine Perret von der Intersyndicale und Gewerkschaftssekret\u00e4rin der CGT verurteilte die Absicht der Regierung, &#8222;eine soziale Bewegung verkommen zu lassen und den Menschen durch die Anwendung von Gewalt Angst zu machen&#8220;. Sie prangerte an, dass &#8222;die Polizei Granaten in die Gewerkschaftsz\u00fcge wirft\u201c und f\u00fcgt hinzu: &#8222;Ich wage es, von Polizeigewalt zu sprechen&#8220;. Eine weitere Demonstration am Dienstag, den 28. M\u00e4rz, wurde beschlossen.<\/p>\n<p>Mit der Rentenreform greift der Pr\u00e4sident nicht nur die sozialen Errungenschaften an, sondern unser Leben, unsere Existenz. Der M\u00fcllmann, der Rettungssanit\u00e4ter, die Pflegekraft, die Kellnerin, die K\u00f6chin, die Arbeiterin, der Maurer, der Teleworker, die Kassiererin, die B\u00e4ckerin, der Konditor, der Metzger, die Verk\u00e4uferin, der Lagerist, die Haushaltshilfe usw. machen am eigenen Leib die Erfahrung, dass es nicht m\u00f6glich ist, bis 64 zu arbeiten. F\u00fcr manche Berufe ist bis 60 zu arbeiten schon zu viel. Mit 50 Jahren sp\u00fcren die Arbeitnehmer\/innen \u00fcberall Schmerzen, weil sie von der Arbeit ersch\u00f6pft sind. Au\u00dferdem: Wer stellt heute &#8222;\u00c4ltere&#8220; ein? Kein Unternehmen, das alles ergibt keinen Sinn.<\/p>\n<p>Wir alle, vom J\u00fcngsten bis zum \u00c4ltesten, wissen, dass unsere berufliche Laufbahn von Phasen der Arbeitslosigkeit unterbrochen sein wird. Wir befinden uns an einem Punkt, an dem sich die Arbeitswelt ver\u00e4ndert, Berufe werden verschwinden und durch Maschinen ersetzt werden, und das ist auch gut so &#8211; die alten Reden und Theorien haben keinen Platz mehr. Das Rentenalter hinaufzusetzen bedeutet, dass wir zum Zeitpunkt des Renteneintritts und bis zu unserem Tod, in noch gr\u00f6\u00dfere Unsicherheiten geraten. Durch die l\u00e4ngere Dauer der Arbeitslosigkeit und des Bezugs des RSA (Revenu de Solidarit\u00e9 Active, um denen, die kein Einkommen mehr haben, zu helfen), wird die H\u00f6he der Renten beeinflusst, sie wird sinken. Indem er die Renten angreift, greift er in das Leben der Menschen ein: Das ist vielleicht die Grenze dessen, was akzeptabel ist. Die Demonstranten sind entschlossener denn je. Die Wut w\u00e4chst weiter und weiter. Diese Rentenreform muss zur\u00fcckgenommen, aufgegeben werden, es gibt keine andere Option.<\/p>\n<p><em><strong>Die \u00dcbersetzung aus dem Franz\u00f6sischen wurde von Walter L. Buder vom ehrenamtlichen Pressenza-\u00dcbersetzungsteam erstellt. <a href=\"https:\/\/www.pressenza.com\/de\/mitarbeiten\/\" target=\"_blank\" rel=\"noopener\">Wir suchen Freiwillige!<\/a><\/strong><\/em><\/p>\n<hr \/>\n<p>[1] Wie im franz\u00f6sischen Original, wird hier auch auf den nur in Franz\u00f6sisch, Englisch, Baskisch und Italienisch verf\u00fcgbaren Wikipedia-Beitrag zum \u201eArtikel 49 der Verfassung der V. Republik\u201c verwiesen.<br \/>\n[2] Der franz\u00f6sische \u201eKassationsgerichtshof\u201c ist ein Revisionsgericht. Er entspricht im weitesten Sinne dem deutschen Bundesgerichtshof.<\/p>\n","protected":false},"excerpt":{"rendered":"<p>Eine Woche in drei Akten: Abstimmung \u00fcber den Misstrauensantrag in der Nationalversammlung, Interview mit Pr\u00e4sident Macron, 9. gewerkschafts\u00fcbergreifende Demonstration am 23. M\u00e4rz. In weniger als einem Jahr (Beginn von Macrons zweiter Amtszeit) wurde zum elften Mal der Artikel 49-3 ausgel\u00f6st,&hellip;<\/p>\n","protected":false},"author":1208,"featured_media":1727930,"comment_status":"closed","ping_status":"closed","sticky":false,"template":"","format":"standard","meta":{"footnotes":""},"categories":[9150,11387,9168],"tags":[70043,15291,111259,68430],"class_list":["post-1727929","post","type-post","status-publish","format-standard","has-post-thumbnail","hentry","category-europa-de","category-originalinhalt","category-politik","tag-emmanuel-macron-de","tag-frankreich","tag-pensionsalter","tag-rentenreform"],"yoast_head":"<!-- This site is optimized with the Yoast SEO plugin v27.1.1 - https:\/\/yoast.com\/product\/yoast-seo-wordpress\/ -->\n<title>Frankreich, Rentenreform: Ein Pr\u00e4sident gegen das Volk<\/title>\n<meta name=\"description\" content=\"Eine Woche in drei Akten: Abstimmung \u00fcber den Misstrauensantrag in der Nationalversammlung, Interview mit Pr\u00e4sident Macron, 9. gewerkschafts\u00fcbergreifende\" \/>\n<meta name=\"robots\" content=\"index, follow, max-snippet:-1, max-image-preview:large, max-video-preview:-1\" \/>\n<link rel=\"canonical\" href=\"https:\/\/www.pressenza.com\/de\/2023\/03\/frankreich-rentenreform-ein-praesident-gegen-das-volk\/\" \/>\n<meta property=\"og:locale\" content=\"de_DE\" \/>\n<meta property=\"og:type\" content=\"article\" \/>\n<meta property=\"og:title\" content=\"Frankreich, Rentenreform: Ein Pr\u00e4sident gegen das Volk\" \/>\n<meta property=\"og:description\" content=\"Eine Woche in drei Akten: Abstimmung \u00fcber den Misstrauensantrag in der Nationalversammlung, Interview mit Pr\u00e4sident Macron, 9. gewerkschafts\u00fcbergreifende\" \/>\n<meta property=\"og:url\" content=\"https:\/\/www.pressenza.com\/de\/2023\/03\/frankreich-rentenreform-ein-praesident-gegen-das-volk\/\" \/>\n<meta property=\"og:site_name\" content=\"Pressenza\" \/>\n<meta property=\"article:publisher\" content=\"https:\/\/www.facebook.com\/PressenzaItalia\" \/>\n<meta property=\"article:published_time\" content=\"2023-03-25T14:52:00+00:00\" \/>\n<meta property=\"og:image\" content=\"https:\/\/www.pressenza.com\/wp-content\/uploads\/2023\/03\/A7403262.jpg\" \/>\n\t<meta property=\"og:image:width\" content=\"800\" \/>\n\t<meta property=\"og:image:height\" content=\"533\" \/>\n\t<meta property=\"og:image:type\" content=\"image\/jpeg\" \/>\n<meta name=\"author\" content=\"Gabrielle Negrel\" \/>\n<meta name=\"twitter:card\" content=\"summary_large_image\" \/>\n<meta name=\"twitter:creator\" content=\"@PressenzaIPA\" \/>\n<meta name=\"twitter:site\" content=\"@PressenzaIPA\" \/>\n<meta name=\"twitter:label1\" content=\"Verfasst von\" \/>\n\t<meta name=\"twitter:data1\" content=\"Gabrielle Negrel\" \/>\n\t<meta name=\"twitter:label2\" content=\"Gesch\u00e4tzte Lesezeit\" \/>\n\t<meta name=\"twitter:data2\" content=\"9\u00a0Minuten\" \/>\n<script type=\"application\/ld+json\" class=\"yoast-schema-graph\">{\"@context\":\"https:\/\/schema.org\",\"@graph\":[{\"@type\":\"Article\",\"@id\":\"https:\/\/www.pressenza.com\/de\/2023\/03\/frankreich-rentenreform-ein-praesident-gegen-das-volk\/#article\",\"isPartOf\":{\"@id\":\"https:\/\/www.pressenza.com\/de\/2023\/03\/frankreich-rentenreform-ein-praesident-gegen-das-volk\/\"},\"author\":{\"name\":\"Gabrielle Negrel\",\"@id\":\"https:\/\/www.pressenza.com\/de\/#\/schema\/person\/42a4129444c0e03559f6c139cf72f8cf\"},\"headline\":\"Frankreich, Rentenreform: Ein Pr\u00e4sident gegen das Volk\",\"datePublished\":\"2023-03-25T14:52:00+00:00\",\"mainEntityOfPage\":{\"@id\":\"https:\/\/www.pressenza.com\/de\/2023\/03\/frankreich-rentenreform-ein-praesident-gegen-das-volk\/\"},\"wordCount\":2149,\"publisher\":{\"@id\":\"https:\/\/www.pressenza.com\/de\/#organization\"},\"image\":{\"@id\":\"https:\/\/www.pressenza.com\/de\/2023\/03\/frankreich-rentenreform-ein-praesident-gegen-das-volk\/#primaryimage\"},\"thumbnailUrl\":\"https:\/\/www.pressenza.com\/wp-content\/uploads\/2023\/03\/A7403262.jpg\",\"keywords\":[\"Emmanuel Macron\",\"Frankreich\",\"Pensionsalter\",\"Rentenreform\"],\"articleSection\":[\"Europa\",\"Originalinhalt\",\"Politik\"],\"inLanguage\":\"de\"},{\"@type\":\"WebPage\",\"@id\":\"https:\/\/www.pressenza.com\/de\/2023\/03\/frankreich-rentenreform-ein-praesident-gegen-das-volk\/\",\"url\":\"https:\/\/www.pressenza.com\/de\/2023\/03\/frankreich-rentenreform-ein-praesident-gegen-das-volk\/\",\"name\":\"Frankreich, Rentenreform: Ein Pr\u00e4sident gegen das Volk\",\"isPartOf\":{\"@id\":\"https:\/\/www.pressenza.com\/de\/#website\"},\"primaryImageOfPage\":{\"@id\":\"https:\/\/www.pressenza.com\/de\/2023\/03\/frankreich-rentenreform-ein-praesident-gegen-das-volk\/#primaryimage\"},\"image\":{\"@id\":\"https:\/\/www.pressenza.com\/de\/2023\/03\/frankreich-rentenreform-ein-praesident-gegen-das-volk\/#primaryimage\"},\"thumbnailUrl\":\"https:\/\/www.pressenza.com\/wp-content\/uploads\/2023\/03\/A7403262.jpg\",\"datePublished\":\"2023-03-25T14:52:00+00:00\",\"description\":\"Eine Woche in drei Akten: Abstimmung \u00fcber den Misstrauensantrag in der Nationalversammlung, Interview mit Pr\u00e4sident Macron, 9. gewerkschafts\u00fcbergreifende\",\"breadcrumb\":{\"@id\":\"https:\/\/www.pressenza.com\/de\/2023\/03\/frankreich-rentenreform-ein-praesident-gegen-das-volk\/#breadcrumb\"},\"inLanguage\":\"de\",\"potentialAction\":[{\"@type\":\"ReadAction\",\"target\":[\"https:\/\/www.pressenza.com\/de\/2023\/03\/frankreich-rentenreform-ein-praesident-gegen-das-volk\/\"]}]},{\"@type\":\"ImageObject\",\"inLanguage\":\"de\",\"@id\":\"https:\/\/www.pressenza.com\/de\/2023\/03\/frankreich-rentenreform-ein-praesident-gegen-das-volk\/#primaryimage\",\"url\":\"https:\/\/www.pressenza.com\/wp-content\/uploads\/2023\/03\/A7403262.jpg\",\"contentUrl\":\"https:\/\/www.pressenza.com\/wp-content\/uploads\/2023\/03\/A7403262.jpg\",\"width\":800,\"height\":533,\"caption\":\"Frankreich, Rentenreform: Ein Pr\u00e4sident gegen das Volk\"},{\"@type\":\"BreadcrumbList\",\"@id\":\"https:\/\/www.pressenza.com\/de\/2023\/03\/frankreich-rentenreform-ein-praesident-gegen-das-volk\/#breadcrumb\",\"itemListElement\":[{\"@type\":\"ListItem\",\"position\":1,\"name\":\"Accueil\",\"item\":\"https:\/\/www.pressenza.com\/de\/\"},{\"@type\":\"ListItem\",\"position\":2,\"name\":\"Frankreich, Rentenreform: Ein Pr\u00e4sident gegen das Volk\"}]},{\"@type\":\"WebSite\",\"@id\":\"https:\/\/www.pressenza.com\/de\/#website\",\"url\":\"https:\/\/www.pressenza.com\/de\/\",\"name\":\"Pressenza\",\"description\":\"International Press Agency\",\"publisher\":{\"@id\":\"https:\/\/www.pressenza.com\/de\/#organization\"},\"potentialAction\":[{\"@type\":\"SearchAction\",\"target\":{\"@type\":\"EntryPoint\",\"urlTemplate\":\"https:\/\/www.pressenza.com\/de\/?s={search_term_string}\"},\"query-input\":{\"@type\":\"PropertyValueSpecification\",\"valueRequired\":true,\"valueName\":\"search_term_string\"}}],\"inLanguage\":\"de\"},{\"@type\":\"Organization\",\"@id\":\"https:\/\/www.pressenza.com\/de\/#organization\",\"name\":\"Pressenza\",\"url\":\"https:\/\/www.pressenza.com\/de\/\",\"logo\":{\"@type\":\"ImageObject\",\"inLanguage\":\"de\",\"@id\":\"https:\/\/www.pressenza.com\/de\/#\/schema\/logo\/image\/\",\"url\":\"https:\/\/www.pressenza.com\/wp-content\/uploads\/2022\/10\/pressenza_logo_200x200.jpg\",\"contentUrl\":\"https:\/\/www.pressenza.com\/wp-content\/uploads\/2022\/10\/pressenza_logo_200x200.jpg\",\"width\":200,\"height\":200,\"caption\":\"Pressenza\"},\"image\":{\"@id\":\"https:\/\/www.pressenza.com\/de\/#\/schema\/logo\/image\/\"},\"sameAs\":[\"https:\/\/www.facebook.com\/PressenzaItalia\",\"https:\/\/x.com\/PressenzaIPA\"]},{\"@type\":\"Person\",\"@id\":\"https:\/\/www.pressenza.com\/de\/#\/schema\/person\/42a4129444c0e03559f6c139cf72f8cf\",\"name\":\"Gabrielle Negrel\",\"description\":\"Activist for nonviolence and human rights, Gabrielle Negrel is a trained assistant nurse and was trade union activist before writing for Pressenza.\",\"url\":\"https:\/\/www.pressenza.com\/de\/author\/gabrielle-negrel\/\"}]}<\/script>\n<!-- \/ Yoast SEO plugin. -->","yoast_head_json":{"title":"Frankreich, Rentenreform: Ein Pr\u00e4sident gegen das Volk","description":"Eine Woche in drei Akten: Abstimmung \u00fcber den Misstrauensantrag in der Nationalversammlung, Interview mit Pr\u00e4sident Macron, 9. gewerkschafts\u00fcbergreifende","robots":{"index":"index","follow":"follow","max-snippet":"max-snippet:-1","max-image-preview":"max-image-preview:large","max-video-preview":"max-video-preview:-1"},"canonical":"https:\/\/www.pressenza.com\/de\/2023\/03\/frankreich-rentenreform-ein-praesident-gegen-das-volk\/","og_locale":"de_DE","og_type":"article","og_title":"Frankreich, Rentenreform: Ein Pr\u00e4sident gegen das Volk","og_description":"Eine Woche in drei Akten: Abstimmung \u00fcber den Misstrauensantrag in der Nationalversammlung, Interview mit Pr\u00e4sident Macron, 9. gewerkschafts\u00fcbergreifende","og_url":"https:\/\/www.pressenza.com\/de\/2023\/03\/frankreich-rentenreform-ein-praesident-gegen-das-volk\/","og_site_name":"Pressenza","article_publisher":"https:\/\/www.facebook.com\/PressenzaItalia","article_published_time":"2023-03-25T14:52:00+00:00","og_image":[{"width":800,"height":533,"url":"https:\/\/www.pressenza.com\/wp-content\/uploads\/2023\/03\/A7403262.jpg","type":"image\/jpeg"}],"author":"Gabrielle Negrel","twitter_card":"summary_large_image","twitter_creator":"@PressenzaIPA","twitter_site":"@PressenzaIPA","twitter_misc":{"Verfasst von":"Gabrielle Negrel","Gesch\u00e4tzte Lesezeit":"9\u00a0Minuten"},"schema":{"@context":"https:\/\/schema.org","@graph":[{"@type":"Article","@id":"https:\/\/www.pressenza.com\/de\/2023\/03\/frankreich-rentenreform-ein-praesident-gegen-das-volk\/#article","isPartOf":{"@id":"https:\/\/www.pressenza.com\/de\/2023\/03\/frankreich-rentenreform-ein-praesident-gegen-das-volk\/"},"author":{"name":"Gabrielle Negrel","@id":"https:\/\/www.pressenza.com\/de\/#\/schema\/person\/42a4129444c0e03559f6c139cf72f8cf"},"headline":"Frankreich, Rentenreform: Ein Pr\u00e4sident gegen das Volk","datePublished":"2023-03-25T14:52:00+00:00","mainEntityOfPage":{"@id":"https:\/\/www.pressenza.com\/de\/2023\/03\/frankreich-rentenreform-ein-praesident-gegen-das-volk\/"},"wordCount":2149,"publisher":{"@id":"https:\/\/www.pressenza.com\/de\/#organization"},"image":{"@id":"https:\/\/www.pressenza.com\/de\/2023\/03\/frankreich-rentenreform-ein-praesident-gegen-das-volk\/#primaryimage"},"thumbnailUrl":"https:\/\/www.pressenza.com\/wp-content\/uploads\/2023\/03\/A7403262.jpg","keywords":["Emmanuel Macron","Frankreich","Pensionsalter","Rentenreform"],"articleSection":["Europa","Originalinhalt","Politik"],"inLanguage":"de"},{"@type":"WebPage","@id":"https:\/\/www.pressenza.com\/de\/2023\/03\/frankreich-rentenreform-ein-praesident-gegen-das-volk\/","url":"https:\/\/www.pressenza.com\/de\/2023\/03\/frankreich-rentenreform-ein-praesident-gegen-das-volk\/","name":"Frankreich, Rentenreform: Ein Pr\u00e4sident gegen das Volk","isPartOf":{"@id":"https:\/\/www.pressenza.com\/de\/#website"},"primaryImageOfPage":{"@id":"https:\/\/www.pressenza.com\/de\/2023\/03\/frankreich-rentenreform-ein-praesident-gegen-das-volk\/#primaryimage"},"image":{"@id":"https:\/\/www.pressenza.com\/de\/2023\/03\/frankreich-rentenreform-ein-praesident-gegen-das-volk\/#primaryimage"},"thumbnailUrl":"https:\/\/www.pressenza.com\/wp-content\/uploads\/2023\/03\/A7403262.jpg","datePublished":"2023-03-25T14:52:00+00:00","description":"Eine Woche in drei Akten: Abstimmung \u00fcber den Misstrauensantrag in der Nationalversammlung, Interview mit Pr\u00e4sident Macron, 9. gewerkschafts\u00fcbergreifende","breadcrumb":{"@id":"https:\/\/www.pressenza.com\/de\/2023\/03\/frankreich-rentenreform-ein-praesident-gegen-das-volk\/#breadcrumb"},"inLanguage":"de","potentialAction":[{"@type":"ReadAction","target":["https:\/\/www.pressenza.com\/de\/2023\/03\/frankreich-rentenreform-ein-praesident-gegen-das-volk\/"]}]},{"@type":"ImageObject","inLanguage":"de","@id":"https:\/\/www.pressenza.com\/de\/2023\/03\/frankreich-rentenreform-ein-praesident-gegen-das-volk\/#primaryimage","url":"https:\/\/www.pressenza.com\/wp-content\/uploads\/2023\/03\/A7403262.jpg","contentUrl":"https:\/\/www.pressenza.com\/wp-content\/uploads\/2023\/03\/A7403262.jpg","width":800,"height":533,"caption":"Frankreich, Rentenreform: Ein Pr\u00e4sident gegen das Volk"},{"@type":"BreadcrumbList","@id":"https:\/\/www.pressenza.com\/de\/2023\/03\/frankreich-rentenreform-ein-praesident-gegen-das-volk\/#breadcrumb","itemListElement":[{"@type":"ListItem","position":1,"name":"Accueil","item":"https:\/\/www.pressenza.com\/de\/"},{"@type":"ListItem","position":2,"name":"Frankreich, Rentenreform: Ein Pr\u00e4sident gegen das Volk"}]},{"@type":"WebSite","@id":"https:\/\/www.pressenza.com\/de\/#website","url":"https:\/\/www.pressenza.com\/de\/","name":"Pressenza","description":"International Press Agency","publisher":{"@id":"https:\/\/www.pressenza.com\/de\/#organization"},"potentialAction":[{"@type":"SearchAction","target":{"@type":"EntryPoint","urlTemplate":"https:\/\/www.pressenza.com\/de\/?s={search_term_string}"},"query-input":{"@type":"PropertyValueSpecification","valueRequired":true,"valueName":"search_term_string"}}],"inLanguage":"de"},{"@type":"Organization","@id":"https:\/\/www.pressenza.com\/de\/#organization","name":"Pressenza","url":"https:\/\/www.pressenza.com\/de\/","logo":{"@type":"ImageObject","inLanguage":"de","@id":"https:\/\/www.pressenza.com\/de\/#\/schema\/logo\/image\/","url":"https:\/\/www.pressenza.com\/wp-content\/uploads\/2022\/10\/pressenza_logo_200x200.jpg","contentUrl":"https:\/\/www.pressenza.com\/wp-content\/uploads\/2022\/10\/pressenza_logo_200x200.jpg","width":200,"height":200,"caption":"Pressenza"},"image":{"@id":"https:\/\/www.pressenza.com\/de\/#\/schema\/logo\/image\/"},"sameAs":["https:\/\/www.facebook.com\/PressenzaItalia","https:\/\/x.com\/PressenzaIPA"]},{"@type":"Person","@id":"https:\/\/www.pressenza.com\/de\/#\/schema\/person\/42a4129444c0e03559f6c139cf72f8cf","name":"Gabrielle Negrel","description":"Activist for nonviolence and human rights, Gabrielle Negrel is a trained assistant nurse and was trade union activist before writing for Pressenza.","url":"https:\/\/www.pressenza.com\/de\/author\/gabrielle-negrel\/"}]}},"place":"","original_article_url":"","_links":{"self":[{"href":"https:\/\/www.pressenza.com\/de\/wp-json\/wp\/v2\/posts\/1727929","targetHints":{"allow":["GET"]}}],"collection":[{"href":"https:\/\/www.pressenza.com\/de\/wp-json\/wp\/v2\/posts"}],"about":[{"href":"https:\/\/www.pressenza.com\/de\/wp-json\/wp\/v2\/types\/post"}],"author":[{"embeddable":true,"href":"https:\/\/www.pressenza.com\/de\/wp-json\/wp\/v2\/users\/1208"}],"replies":[{"embeddable":true,"href":"https:\/\/www.pressenza.com\/de\/wp-json\/wp\/v2\/comments?post=1727929"}],"version-history":[{"count":0,"href":"https:\/\/www.pressenza.com\/de\/wp-json\/wp\/v2\/posts\/1727929\/revisions"}],"wp:featuredmedia":[{"embeddable":true,"href":"https:\/\/www.pressenza.com\/de\/wp-json\/wp\/v2\/media\/1727930"}],"wp:attachment":[{"href":"https:\/\/www.pressenza.com\/de\/wp-json\/wp\/v2\/media?parent=1727929"}],"wp:term":[{"taxonomy":"category","embeddable":true,"href":"https:\/\/www.pressenza.com\/de\/wp-json\/wp\/v2\/categories?post=1727929"},{"taxonomy":"post_tag","embeddable":true,"href":"https:\/\/www.pressenza.com\/de\/wp-json\/wp\/v2\/tags?post=1727929"}],"curies":[{"name":"wp","href":"https:\/\/api.w.org\/{rel}","templated":true}]}}