{"id":1726534,"date":"2023-03-21T06:21:34","date_gmt":"2023-03-21T06:21:34","guid":{"rendered":"https:\/\/www.pressenza.com\/?p=1726534"},"modified":"2023-03-21T06:21:34","modified_gmt":"2023-03-21T06:21:34","slug":"oesterreichs-bundesregierung-muss-auftrag-fuer-klimagerechtigkeit-ernstnehmen","status":"publish","type":"post","link":"https:\/\/www.pressenza.com\/de\/2023\/03\/oesterreichs-bundesregierung-muss-auftrag-fuer-klimagerechtigkeit-ernstnehmen\/","title":{"rendered":"\u00d6sterreichs Bundesregierung muss Auftrag f\u00fcr Klimagerechtigkeit ernstnehmen"},"content":{"rendered":"<p><strong>S\u00fcdwind zum IPCC-Bericht: Mutige L\u00f6sungen f\u00fcr die Klimakrise sind auch in der Entwicklungs- und Wirtschaftspolitik gefragt &#8211; S\u00fcdwind: Politik muss Rahmen f\u00fcr umfassenden Wirtschaftswandel schaffen<\/strong><\/p>\n<p>Der Bericht des Weltklimarats (IPCC) warnt erneut vor wachsender globaler Ungleichheit durch die Klimakrise. Wie etwa aktuell der Zyklon Freddy in Malawi, Mozambique und Madagaskar auf dramatische Weise zeigt, sind oft jene L\u00e4nder am st\u00e4rksten von der Klimakrise betroffen, die am wenigsten dazu beigetragen haben. Die Menschenrechtsorganisation S\u00fcdwind fordert daher einen umfassenden politischen Wandel auch von Bundeskanzler Karl Nehammer. \u201eDass \u00d6sterreichs Bundeskanzler, wie in seiner Grundsatzrede deutlich wurde, weiter am Status Quo festhalten m\u00f6chte, ist inakzeptabel. Die klimapolitische Unt\u00e4tigkeit befeuert die Klimakrise und gef\u00e4hrdet Menschenleben, insbesondere im Globalen S\u00fcden\u201c, <strong>sagt Konrad S\u00fcdwind-Gesch\u00e4ftsf\u00fchrer Rehling.<\/strong> \u201eDie Frage der Klimagerechtigkeit muss endlich auch in der \u00f6sterreichischen und europ\u00e4ischen Entwicklungs- und Wirtschaftspolitik im Mittelpunkt stehen.\u201c<\/p>\n<p>Zus\u00e4tzlich zu mehr Tempo in der nationalen Klimaschutzpolitik und der Reduktion der Treibhausgasemissionen fordert S\u00fcdwind einen umfassenden Wandel hin zu einer sozial und \u00f6kologisch gerechten Wirtschaft. Dazu z\u00e4hlen konkrete Reduktionsziele beim Energie- und Rohstoffverbrauch, eine konsequente \u00f6ko-soziale F\u00f6rder- und Steuerpolitik sowie eine strenge Haftung f\u00fcr Unternehmen f\u00fcr die Einhaltung von Menschenrechten und Umweltstandards entlang ihrer Lieferketten. Gleichzeitig muss auch die Entwicklungszusammenarbeit mit den Pariser Klimaschutzzielen im Einklang gebracht werden.<\/p>\n<p>Zus\u00e4tzlich zu klimatischen Entwicklungen beschr\u00e4nken auch wirtschaftspolitische Faktoren die Anpassungsf\u00e4higkeit von Menschen im Globalen S\u00fcden \u2013 von Ocean Grabbing durch die industrielle Fischerei \u00fcber Wasserentnahme f\u00fcr Monokulturen bis hin zu ausbeuterischer Arbeit. \u201eDie Klimakrise ist ein Brennglas f\u00fcr bestehende Ungleichheiten. Ausbeuterische Wirtschaftspraktiken auf Kosten der Menschen im Globalen S\u00fcden m\u00fcssen endlich ein Ende haben\u201c, so Konrad Rehling \u201eUnternehmen sind dringend gefordert, ihre Verantwortung zu \u00fcbernehmen und ihren Beitrag zur Verringerung von Treibhausgasemissionen zu leisten.\u00a0Die Politik muss daf\u00fcr den geeigneten Rahmen schaffen.\u201c<\/p>\n","protected":false},"excerpt":{"rendered":"<p>S\u00fcdwind zum IPCC-Bericht: Mutige L\u00f6sungen f\u00fcr die Klimakrise sind auch in der Entwicklungs- und Wirtschaftspolitik gefragt &#8211; S\u00fcdwind: Politik muss Rahmen f\u00fcr umfassenden Wirtschaftswandel schaffen Der Bericht des Weltklimarats (IPCC) warnt erneut vor wachsender globaler Ungleichheit durch die Klimakrise. Wie&hellip;<\/p>\n","protected":false},"author":1096,"featured_media":1726724,"comment_status":"closed","ping_status":"closed","sticky":false,"template":"","format":"standard","meta":{"footnotes":""},"categories":[9157,9168,9145],"tags":[55635,35587,30246,12395,52705],"class_list":["post-1726534","post","type-post","status-publish","format-standard","has-post-thumbnail","hentry","category-oekologie-und-umwelt","category-politik","category-pressemitteilungen","tag-ipcc-de","tag-klimagerechtigkeit","tag-klimaschutz","tag-klimawandel","tag-treibhausgase"],"yoast_head":"<!-- This site is optimized with the Yoast SEO plugin v27.1.1 - https:\/\/yoast.com\/product\/yoast-seo-wordpress\/ -->\n<title>\u00d6sterreichs Bundesregierung muss Auftrag f\u00fcr Klimagerechtigkeit ernstnehmen<\/title>\n<meta name=\"description\" content=\"S\u00fcdwind zum IPCC-Bericht: Mutige L\u00f6sungen f\u00fcr die Klimakrise sind auch in der Entwicklungs- und Wirtschaftspolitik gefragt - S\u00fcdwind: Politik muss Rahmen\" \/>\n<meta name=\"robots\" content=\"index, follow, max-snippet:-1, max-image-preview:large, max-video-preview:-1\" \/>\n<link rel=\"canonical\" href=\"https:\/\/www.pressenza.com\/de\/2023\/03\/oesterreichs-bundesregierung-muss-auftrag-fuer-klimagerechtigkeit-ernstnehmen\/\" \/>\n<meta property=\"og:locale\" content=\"de_DE\" \/>\n<meta property=\"og:type\" content=\"article\" \/>\n<meta property=\"og:title\" content=\"\u00d6sterreichs Bundesregierung muss Auftrag f\u00fcr Klimagerechtigkeit ernstnehmen\" \/>\n<meta property=\"og:description\" content=\"S\u00fcdwind zum IPCC-Bericht: Mutige L\u00f6sungen f\u00fcr die Klimakrise sind auch in der Entwicklungs- und Wirtschaftspolitik gefragt - S\u00fcdwind: Politik muss Rahmen\" \/>\n<meta property=\"og:url\" content=\"https:\/\/www.pressenza.com\/de\/2023\/03\/oesterreichs-bundesregierung-muss-auftrag-fuer-klimagerechtigkeit-ernstnehmen\/\" \/>\n<meta property=\"og:site_name\" content=\"Pressenza\" \/>\n<meta property=\"article:publisher\" content=\"https:\/\/www.facebook.com\/PressenzaItalia\" \/>\n<meta property=\"article:published_time\" content=\"2023-03-21T06:21:34+00:00\" \/>\n<meta property=\"og:image\" content=\"https:\/\/www.pressenza.com\/wp-content\/uploads\/2023\/03\/burning-g9b418e553_1920.jpg\" \/>\n\t<meta property=\"og:image:width\" content=\"1920\" \/>\n\t<meta property=\"og:image:height\" content=\"1014\" \/>\n\t<meta property=\"og:image:type\" content=\"image\/jpeg\" \/>\n<meta name=\"author\" content=\"Pressenza Wien\" \/>\n<meta name=\"twitter:card\" content=\"summary_large_image\" \/>\n<meta name=\"twitter:creator\" content=\"@pressenza_ger\" \/>\n<meta name=\"twitter:site\" content=\"@PressenzaIPA\" \/>\n<meta name=\"twitter:label1\" content=\"Verfasst von\" \/>\n\t<meta name=\"twitter:data1\" content=\"Pressenza Wien\" \/>\n\t<meta name=\"twitter:label2\" content=\"Gesch\u00e4tzte Lesezeit\" \/>\n\t<meta name=\"twitter:data2\" content=\"2\u00a0Minuten\" \/>\n<script type=\"application\/ld+json\" class=\"yoast-schema-graph\">{\"@context\":\"https:\/\/schema.org\",\"@graph\":[{\"@type\":\"Article\",\"@id\":\"https:\/\/www.pressenza.com\/de\/2023\/03\/oesterreichs-bundesregierung-muss-auftrag-fuer-klimagerechtigkeit-ernstnehmen\/#article\",\"isPartOf\":{\"@id\":\"https:\/\/www.pressenza.com\/de\/2023\/03\/oesterreichs-bundesregierung-muss-auftrag-fuer-klimagerechtigkeit-ernstnehmen\/\"},\"author\":{\"name\":\"Pressenza Wien\",\"@id\":\"https:\/\/www.pressenza.com\/de\/#\/schema\/person\/3df859e5bf9b19ab936f666e0177e38b\"},\"headline\":\"\u00d6sterreichs Bundesregierung muss Auftrag f\u00fcr Klimagerechtigkeit ernstnehmen\",\"datePublished\":\"2023-03-21T06:21:34+00:00\",\"mainEntityOfPage\":{\"@id\":\"https:\/\/www.pressenza.com\/de\/2023\/03\/oesterreichs-bundesregierung-muss-auftrag-fuer-klimagerechtigkeit-ernstnehmen\/\"},\"wordCount\":325,\"publisher\":{\"@id\":\"https:\/\/www.pressenza.com\/de\/#organization\"},\"image\":{\"@id\":\"https:\/\/www.pressenza.com\/de\/2023\/03\/oesterreichs-bundesregierung-muss-auftrag-fuer-klimagerechtigkeit-ernstnehmen\/#primaryimage\"},\"thumbnailUrl\":\"https:\/\/www.pressenza.com\/wp-content\/uploads\/2023\/03\/burning-g9b418e553_1920.jpg\",\"keywords\":[\"IPCC\",\"Klimagerechtigkeit\",\"Klimaschutz\",\"Klimawandel\",\"Treibhausgase\"],\"articleSection\":[\"\u00d6kologie und Umwelt\",\"Politik\",\"Pressemitteilungen\"],\"inLanguage\":\"de\"},{\"@type\":\"WebPage\",\"@id\":\"https:\/\/www.pressenza.com\/de\/2023\/03\/oesterreichs-bundesregierung-muss-auftrag-fuer-klimagerechtigkeit-ernstnehmen\/\",\"url\":\"https:\/\/www.pressenza.com\/de\/2023\/03\/oesterreichs-bundesregierung-muss-auftrag-fuer-klimagerechtigkeit-ernstnehmen\/\",\"name\":\"\u00d6sterreichs Bundesregierung muss Auftrag f\u00fcr Klimagerechtigkeit ernstnehmen\",\"isPartOf\":{\"@id\":\"https:\/\/www.pressenza.com\/de\/#website\"},\"primaryImageOfPage\":{\"@id\":\"https:\/\/www.pressenza.com\/de\/2023\/03\/oesterreichs-bundesregierung-muss-auftrag-fuer-klimagerechtigkeit-ernstnehmen\/#primaryimage\"},\"image\":{\"@id\":\"https:\/\/www.pressenza.com\/de\/2023\/03\/oesterreichs-bundesregierung-muss-auftrag-fuer-klimagerechtigkeit-ernstnehmen\/#primaryimage\"},\"thumbnailUrl\":\"https:\/\/www.pressenza.com\/wp-content\/uploads\/2023\/03\/burning-g9b418e553_1920.jpg\",\"datePublished\":\"2023-03-21T06:21:34+00:00\",\"description\":\"S\u00fcdwind zum IPCC-Bericht: Mutige L\u00f6sungen f\u00fcr die Klimakrise sind auch in der Entwicklungs- und Wirtschaftspolitik gefragt - S\u00fcdwind: Politik muss Rahmen\",\"breadcrumb\":{\"@id\":\"https:\/\/www.pressenza.com\/de\/2023\/03\/oesterreichs-bundesregierung-muss-auftrag-fuer-klimagerechtigkeit-ernstnehmen\/#breadcrumb\"},\"inLanguage\":\"de\",\"potentialAction\":[{\"@type\":\"ReadAction\",\"target\":[\"https:\/\/www.pressenza.com\/de\/2023\/03\/oesterreichs-bundesregierung-muss-auftrag-fuer-klimagerechtigkeit-ernstnehmen\/\"]}]},{\"@type\":\"ImageObject\",\"inLanguage\":\"de\",\"@id\":\"https:\/\/www.pressenza.com\/de\/2023\/03\/oesterreichs-bundesregierung-muss-auftrag-fuer-klimagerechtigkeit-ernstnehmen\/#primaryimage\",\"url\":\"https:\/\/www.pressenza.com\/wp-content\/uploads\/2023\/03\/burning-g9b418e553_1920.jpg\",\"contentUrl\":\"https:\/\/www.pressenza.com\/wp-content\/uploads\/2023\/03\/burning-g9b418e553_1920.jpg\",\"width\":1920,\"height\":1014},{\"@type\":\"BreadcrumbList\",\"@id\":\"https:\/\/www.pressenza.com\/de\/2023\/03\/oesterreichs-bundesregierung-muss-auftrag-fuer-klimagerechtigkeit-ernstnehmen\/#breadcrumb\",\"itemListElement\":[{\"@type\":\"ListItem\",\"position\":1,\"name\":\"Accueil\",\"item\":\"https:\/\/www.pressenza.com\/de\/\"},{\"@type\":\"ListItem\",\"position\":2,\"name\":\"\u00d6sterreichs Bundesregierung muss Auftrag f\u00fcr Klimagerechtigkeit ernstnehmen\"}]},{\"@type\":\"WebSite\",\"@id\":\"https:\/\/www.pressenza.com\/de\/#website\",\"url\":\"https:\/\/www.pressenza.com\/de\/\",\"name\":\"Pressenza\",\"description\":\"International Press Agency\",\"publisher\":{\"@id\":\"https:\/\/www.pressenza.com\/de\/#organization\"},\"potentialAction\":[{\"@type\":\"SearchAction\",\"target\":{\"@type\":\"EntryPoint\",\"urlTemplate\":\"https:\/\/www.pressenza.com\/de\/?s={search_term_string}\"},\"query-input\":{\"@type\":\"PropertyValueSpecification\",\"valueRequired\":true,\"valueName\":\"search_term_string\"}}],\"inLanguage\":\"de\"},{\"@type\":\"Organization\",\"@id\":\"https:\/\/www.pressenza.com\/de\/#organization\",\"name\":\"Pressenza\",\"url\":\"https:\/\/www.pressenza.com\/de\/\",\"logo\":{\"@type\":\"ImageObject\",\"inLanguage\":\"de\",\"@id\":\"https:\/\/www.pressenza.com\/de\/#\/schema\/logo\/image\/\",\"url\":\"https:\/\/www.pressenza.com\/wp-content\/uploads\/2022\/10\/pressenza_logo_200x200.jpg\",\"contentUrl\":\"https:\/\/www.pressenza.com\/wp-content\/uploads\/2022\/10\/pressenza_logo_200x200.jpg\",\"width\":200,\"height\":200,\"caption\":\"Pressenza\"},\"image\":{\"@id\":\"https:\/\/www.pressenza.com\/de\/#\/schema\/logo\/image\/\"},\"sameAs\":[\"https:\/\/www.facebook.com\/PressenzaItalia\",\"https:\/\/x.com\/PressenzaIPA\"]},{\"@type\":\"Person\",\"@id\":\"https:\/\/www.pressenza.com\/de\/#\/schema\/person\/3df859e5bf9b19ab936f666e0177e38b\",\"name\":\"Pressenza Wien\",\"description\":\"News from the Pressenza Bureau in Vienna, Austria\",\"sameAs\":[\"https:\/\/x.com\/pressenza_ger\"],\"url\":\"https:\/\/www.pressenza.com\/de\/author\/pressenza-wien\/\"}]}<\/script>\n<!-- \/ Yoast SEO plugin. -->","yoast_head_json":{"title":"\u00d6sterreichs Bundesregierung muss Auftrag f\u00fcr Klimagerechtigkeit ernstnehmen","description":"S\u00fcdwind zum IPCC-Bericht: Mutige L\u00f6sungen f\u00fcr die Klimakrise sind auch in der Entwicklungs- und Wirtschaftspolitik gefragt - S\u00fcdwind: Politik muss Rahmen","robots":{"index":"index","follow":"follow","max-snippet":"max-snippet:-1","max-image-preview":"max-image-preview:large","max-video-preview":"max-video-preview:-1"},"canonical":"https:\/\/www.pressenza.com\/de\/2023\/03\/oesterreichs-bundesregierung-muss-auftrag-fuer-klimagerechtigkeit-ernstnehmen\/","og_locale":"de_DE","og_type":"article","og_title":"\u00d6sterreichs Bundesregierung muss Auftrag f\u00fcr Klimagerechtigkeit ernstnehmen","og_description":"S\u00fcdwind zum IPCC-Bericht: Mutige L\u00f6sungen f\u00fcr die Klimakrise sind auch in der Entwicklungs- und Wirtschaftspolitik gefragt - S\u00fcdwind: Politik muss Rahmen","og_url":"https:\/\/www.pressenza.com\/de\/2023\/03\/oesterreichs-bundesregierung-muss-auftrag-fuer-klimagerechtigkeit-ernstnehmen\/","og_site_name":"Pressenza","article_publisher":"https:\/\/www.facebook.com\/PressenzaItalia","article_published_time":"2023-03-21T06:21:34+00:00","og_image":[{"width":1920,"height":1014,"url":"https:\/\/www.pressenza.com\/wp-content\/uploads\/2023\/03\/burning-g9b418e553_1920.jpg","type":"image\/jpeg"}],"author":"Pressenza Wien","twitter_card":"summary_large_image","twitter_creator":"@pressenza_ger","twitter_site":"@PressenzaIPA","twitter_misc":{"Verfasst von":"Pressenza Wien","Gesch\u00e4tzte Lesezeit":"2\u00a0Minuten"},"schema":{"@context":"https:\/\/schema.org","@graph":[{"@type":"Article","@id":"https:\/\/www.pressenza.com\/de\/2023\/03\/oesterreichs-bundesregierung-muss-auftrag-fuer-klimagerechtigkeit-ernstnehmen\/#article","isPartOf":{"@id":"https:\/\/www.pressenza.com\/de\/2023\/03\/oesterreichs-bundesregierung-muss-auftrag-fuer-klimagerechtigkeit-ernstnehmen\/"},"author":{"name":"Pressenza Wien","@id":"https:\/\/www.pressenza.com\/de\/#\/schema\/person\/3df859e5bf9b19ab936f666e0177e38b"},"headline":"\u00d6sterreichs Bundesregierung muss Auftrag f\u00fcr Klimagerechtigkeit ernstnehmen","datePublished":"2023-03-21T06:21:34+00:00","mainEntityOfPage":{"@id":"https:\/\/www.pressenza.com\/de\/2023\/03\/oesterreichs-bundesregierung-muss-auftrag-fuer-klimagerechtigkeit-ernstnehmen\/"},"wordCount":325,"publisher":{"@id":"https:\/\/www.pressenza.com\/de\/#organization"},"image":{"@id":"https:\/\/www.pressenza.com\/de\/2023\/03\/oesterreichs-bundesregierung-muss-auftrag-fuer-klimagerechtigkeit-ernstnehmen\/#primaryimage"},"thumbnailUrl":"https:\/\/www.pressenza.com\/wp-content\/uploads\/2023\/03\/burning-g9b418e553_1920.jpg","keywords":["IPCC","Klimagerechtigkeit","Klimaschutz","Klimawandel","Treibhausgase"],"articleSection":["\u00d6kologie und Umwelt","Politik","Pressemitteilungen"],"inLanguage":"de"},{"@type":"WebPage","@id":"https:\/\/www.pressenza.com\/de\/2023\/03\/oesterreichs-bundesregierung-muss-auftrag-fuer-klimagerechtigkeit-ernstnehmen\/","url":"https:\/\/www.pressenza.com\/de\/2023\/03\/oesterreichs-bundesregierung-muss-auftrag-fuer-klimagerechtigkeit-ernstnehmen\/","name":"\u00d6sterreichs Bundesregierung muss Auftrag f\u00fcr Klimagerechtigkeit ernstnehmen","isPartOf":{"@id":"https:\/\/www.pressenza.com\/de\/#website"},"primaryImageOfPage":{"@id":"https:\/\/www.pressenza.com\/de\/2023\/03\/oesterreichs-bundesregierung-muss-auftrag-fuer-klimagerechtigkeit-ernstnehmen\/#primaryimage"},"image":{"@id":"https:\/\/www.pressenza.com\/de\/2023\/03\/oesterreichs-bundesregierung-muss-auftrag-fuer-klimagerechtigkeit-ernstnehmen\/#primaryimage"},"thumbnailUrl":"https:\/\/www.pressenza.com\/wp-content\/uploads\/2023\/03\/burning-g9b418e553_1920.jpg","datePublished":"2023-03-21T06:21:34+00:00","description":"S\u00fcdwind zum IPCC-Bericht: Mutige L\u00f6sungen f\u00fcr die Klimakrise sind auch in der Entwicklungs- und Wirtschaftspolitik gefragt - S\u00fcdwind: Politik muss Rahmen","breadcrumb":{"@id":"https:\/\/www.pressenza.com\/de\/2023\/03\/oesterreichs-bundesregierung-muss-auftrag-fuer-klimagerechtigkeit-ernstnehmen\/#breadcrumb"},"inLanguage":"de","potentialAction":[{"@type":"ReadAction","target":["https:\/\/www.pressenza.com\/de\/2023\/03\/oesterreichs-bundesregierung-muss-auftrag-fuer-klimagerechtigkeit-ernstnehmen\/"]}]},{"@type":"ImageObject","inLanguage":"de","@id":"https:\/\/www.pressenza.com\/de\/2023\/03\/oesterreichs-bundesregierung-muss-auftrag-fuer-klimagerechtigkeit-ernstnehmen\/#primaryimage","url":"https:\/\/www.pressenza.com\/wp-content\/uploads\/2023\/03\/burning-g9b418e553_1920.jpg","contentUrl":"https:\/\/www.pressenza.com\/wp-content\/uploads\/2023\/03\/burning-g9b418e553_1920.jpg","width":1920,"height":1014},{"@type":"BreadcrumbList","@id":"https:\/\/www.pressenza.com\/de\/2023\/03\/oesterreichs-bundesregierung-muss-auftrag-fuer-klimagerechtigkeit-ernstnehmen\/#breadcrumb","itemListElement":[{"@type":"ListItem","position":1,"name":"Accueil","item":"https:\/\/www.pressenza.com\/de\/"},{"@type":"ListItem","position":2,"name":"\u00d6sterreichs Bundesregierung muss Auftrag f\u00fcr Klimagerechtigkeit ernstnehmen"}]},{"@type":"WebSite","@id":"https:\/\/www.pressenza.com\/de\/#website","url":"https:\/\/www.pressenza.com\/de\/","name":"Pressenza","description":"International Press Agency","publisher":{"@id":"https:\/\/www.pressenza.com\/de\/#organization"},"potentialAction":[{"@type":"SearchAction","target":{"@type":"EntryPoint","urlTemplate":"https:\/\/www.pressenza.com\/de\/?s={search_term_string}"},"query-input":{"@type":"PropertyValueSpecification","valueRequired":true,"valueName":"search_term_string"}}],"inLanguage":"de"},{"@type":"Organization","@id":"https:\/\/www.pressenza.com\/de\/#organization","name":"Pressenza","url":"https:\/\/www.pressenza.com\/de\/","logo":{"@type":"ImageObject","inLanguage":"de","@id":"https:\/\/www.pressenza.com\/de\/#\/schema\/logo\/image\/","url":"https:\/\/www.pressenza.com\/wp-content\/uploads\/2022\/10\/pressenza_logo_200x200.jpg","contentUrl":"https:\/\/www.pressenza.com\/wp-content\/uploads\/2022\/10\/pressenza_logo_200x200.jpg","width":200,"height":200,"caption":"Pressenza"},"image":{"@id":"https:\/\/www.pressenza.com\/de\/#\/schema\/logo\/image\/"},"sameAs":["https:\/\/www.facebook.com\/PressenzaItalia","https:\/\/x.com\/PressenzaIPA"]},{"@type":"Person","@id":"https:\/\/www.pressenza.com\/de\/#\/schema\/person\/3df859e5bf9b19ab936f666e0177e38b","name":"Pressenza Wien","description":"News from the Pressenza Bureau in Vienna, Austria","sameAs":["https:\/\/x.com\/pressenza_ger"],"url":"https:\/\/www.pressenza.com\/de\/author\/pressenza-wien\/"}]}},"place":"S\u00fcdwind","original_article_url":"","_links":{"self":[{"href":"https:\/\/www.pressenza.com\/de\/wp-json\/wp\/v2\/posts\/1726534","targetHints":{"allow":["GET"]}}],"collection":[{"href":"https:\/\/www.pressenza.com\/de\/wp-json\/wp\/v2\/posts"}],"about":[{"href":"https:\/\/www.pressenza.com\/de\/wp-json\/wp\/v2\/types\/post"}],"author":[{"embeddable":true,"href":"https:\/\/www.pressenza.com\/de\/wp-json\/wp\/v2\/users\/1096"}],"replies":[{"embeddable":true,"href":"https:\/\/www.pressenza.com\/de\/wp-json\/wp\/v2\/comments?post=1726534"}],"version-history":[{"count":0,"href":"https:\/\/www.pressenza.com\/de\/wp-json\/wp\/v2\/posts\/1726534\/revisions"}],"wp:featuredmedia":[{"embeddable":true,"href":"https:\/\/www.pressenza.com\/de\/wp-json\/wp\/v2\/media\/1726724"}],"wp:attachment":[{"href":"https:\/\/www.pressenza.com\/de\/wp-json\/wp\/v2\/media?parent=1726534"}],"wp:term":[{"taxonomy":"category","embeddable":true,"href":"https:\/\/www.pressenza.com\/de\/wp-json\/wp\/v2\/categories?post=1726534"},{"taxonomy":"post_tag","embeddable":true,"href":"https:\/\/www.pressenza.com\/de\/wp-json\/wp\/v2\/tags?post=1726534"}],"curies":[{"name":"wp","href":"https:\/\/api.w.org\/{rel}","templated":true}]}}