{"id":1721536,"date":"2023-03-03T09:29:04","date_gmt":"2023-03-03T09:29:04","guid":{"rendered":"https:\/\/www.pressenza.com\/?p=1721536"},"modified":"2024-05-20T08:33:55","modified_gmt":"2024-05-20T07:33:55","slug":"die-tragoedie-in-der-tuerkei-ist-auch-das-produkt-einer-autoritaeren-politik","status":"publish","type":"post","link":"https:\/\/www.pressenza.com\/de\/2023\/03\/die-tragoedie-in-der-tuerkei-ist-auch-das-produkt-einer-autoritaeren-politik\/","title":{"rendered":"Die Trag\u00f6die in der T\u00fcrkei ist auch das Produkt einer autorit\u00e4ren Politik"},"content":{"rendered":"<p><strong>Das dramatische Erdbeben, das die T\u00fcrkei gerade erlebt hat, macht erneut den repressiven Aspekt des Regimes und die Knebelung der Grundfreiheiten deutlich. Die Kollektive f\u00fcr Solidarit\u00e4t mit Pinar Selek bringen ihre volle Solidarit\u00e4t mit allen von der Katastrophe betroffenen Bev\u00f6lkerungsgruppen zum Ausdruck. Sie verurteilen nachdr\u00fccklich den t\u00fcrkischen Staat, der vor keiner L\u00fcge und keiner sch\u00e4ndlichen Geste zur\u00fcckschreckt, um seine autorit\u00e4re Macht vor den n\u00e4chsten Wahlen zu festigen. Sie begr\u00fc\u00dfen, dass der Duygu-Asena-Preis des t\u00fcrkischen Pen-Clubs soeben gemeinsam an G\u00fclseren Onan, eine gro\u00dfe Stimme des feministischen Widerstands, an Haluk Levent, der zu einem Helden der Opferhilfe des Erdbebens wurde, und an Pinar Selek selbst verliehen wurde.<\/strong><\/p>\n<p>Nein, es war nicht nur &#8222;die Hand des Schicksals&#8220;, die die T\u00fcrkei heimgesucht hat, entgegen dem, was Pr\u00e4sident Erdogan wiederholt, um sich von den Zehntausenden Menschen zu entlasten, die bei dem Doppelbeben am 6. Februar 2023 im S\u00fcdosten der T\u00fcrkei und im Nachbarland Syrien unter den Tr\u00fcmmern begraben wurden. Diese schreckliche Trag\u00f6die, die ganze St\u00e4dte in Trauer st\u00fcrzt, ist das Produkt der Politik eines autorit\u00e4ren Staates. In einem ersch\u00fctternden Text bringt Pinar Selek ihre Wut und ihre Forderung nach Gerechtigkeit f\u00fcr alle Opfer zum Ausdruck:<\/p>\n<blockquote><p><em>&#8222;Unser Land ist zum Tod verurteilt. Zu schrecklichen, l\u00e4hmenden Schmerzen. Doch wir sind nicht gel\u00e4hmt. Die Energie der Solidarit\u00e4t mobilisiert uns. Unsere Wut ist gro\u00df. So gro\u00df, dass sie weder eingesperrt noch ins Exil geschickt werden kann. Die letzten Blicke unserer Toten bleiben aufrichtig angesichts der Herrschaft der L\u00fcge, der Korruption und der Heuchelei. Sie wollen Gerechtigkeit. Unsere Toten werden immer Teil unseres Lebens sein. Wir werden sie nicht vergessen. Damit ihre Augen nicht offen bleiben, werden wir die Gerechtigkeit zum Leben erwecken.&#8220;<\/em><\/p><\/blockquote>\n<p>Tats\u00e4chlich hat sich die Unterdr\u00fcckung in diesen Zeiten der Katastrophe weiter versch\u00e4rft. Ein schreckliches Beispiel von vielen: Am Tag nach dem Erdbeben schloss die Regierung f\u00fcr 12 Stunden Twitter und andere Kommunikationsmittel, um die Kritik an ihrem Krisenmanagement zum Schweigen zu bringen. Damit beraubte sie die Opfer und die Rettungskr\u00e4fte ihrer Kommunikationsmittel. Das Ausma\u00df der Sch\u00e4den und die Zahl der Opfer h\u00e4ngen mit der Anf\u00e4lligkeit der Neubauten zusammen, die durch ein ganzes System von mafi\u00f6sen Absprachen zwischen Beh\u00f6rden, Politik, Justiz und Bauunternehmern verursacht wurde. Alle verschlie\u00dfen die Augen.<\/p>\n<p>Die unaufh\u00f6rlichen juristischen Schikanen, die Pinar Selek seit 25 Jahren zu brechen versuchen, sind das Ergebnis derselben repressiven, ungerechten und antidemokratischen Politik. Die Kampagne, die wir weiterhin in Solidarit\u00e4t mit ihr f\u00fchren, ist Teil der notwendigen und kollektiven Bem\u00fchungen, die Fesseln zu l\u00f6sen, die die Bev\u00f6lkerung der T\u00fcrkei erdr\u00fccken. Es steht viel auf dem Spiel. Es geht um die Freiheit zu denken, zu schreiben, seinen kritischen Geist zu entfalten und in einem Land zu leben, das sich um jede:n k\u00fcmmert.<\/p>\n<p><em>Pressemitteilung vom 02.03.2023 von der Koordination der Solidarit\u00e4tskollektive mit Pinar Selek<\/em><\/p>\n","protected":false},"excerpt":{"rendered":"<p>Das dramatische Erdbeben, das die T\u00fcrkei gerade erlebt hat, macht erneut den repressiven Aspekt des Regimes und die Knebelung der Grundfreiheiten deutlich. Die Kollektive f\u00fcr Solidarit\u00e4t mit Pinar Selek bringen ihre volle Solidarit\u00e4t mit allen von der Katastrophe betroffenen Bev\u00f6lkerungsgruppen&hellip;<\/p>\n","protected":false},"author":1095,"featured_media":1721537,"comment_status":"closed","ping_status":"closed","sticky":false,"template":"","format":"standard","meta":{"footnotes":""},"categories":[9150,9161,9168,9145],"tags":[26804,110634,107817,9837,9720],"class_list":["post-1721536","post","type-post","status-publish","format-standard","has-post-thumbnail","hentry","category-europa-de","category-menschenrechte","category-politik","category-pressemitteilungen","tag-erdbeben","tag-pinar-selek-de","tag-recep-tayyip-erdoganin","tag-syrien","tag-turkei"],"yoast_head":"<!-- This site is optimized with the Yoast SEO plugin v27.1.1 - https:\/\/yoast.com\/product\/yoast-seo-wordpress\/ -->\n<title>Die Trag\u00f6die in der T\u00fcrkei ist auch das Produkt einer autorit\u00e4ren Politik<\/title>\n<meta name=\"description\" content=\"Das dramatische Erdbeben, das die T\u00fcrkei gerade erlebt hat, macht erneut den repressiven Aspekt des Regimes und die Knebelung der Grundfreiheiten\" \/>\n<meta name=\"robots\" content=\"index, follow, max-snippet:-1, max-image-preview:large, max-video-preview:-1\" \/>\n<link rel=\"canonical\" href=\"https:\/\/www.pressenza.com\/de\/2023\/03\/die-tragoedie-in-der-tuerkei-ist-auch-das-produkt-einer-autoritaeren-politik\/\" \/>\n<meta property=\"og:locale\" content=\"de_DE\" \/>\n<meta property=\"og:type\" content=\"article\" \/>\n<meta property=\"og:title\" content=\"Die Trag\u00f6die in der T\u00fcrkei ist auch das Produkt einer autorit\u00e4ren Politik\" \/>\n<meta property=\"og:description\" content=\"Das dramatische Erdbeben, das die T\u00fcrkei gerade erlebt hat, macht erneut den repressiven Aspekt des Regimes und die Knebelung der Grundfreiheiten\" \/>\n<meta property=\"og:url\" content=\"https:\/\/www.pressenza.com\/de\/2023\/03\/die-tragoedie-in-der-tuerkei-ist-auch-das-produkt-einer-autoritaeren-politik\/\" \/>\n<meta property=\"og:site_name\" content=\"Pressenza\" \/>\n<meta property=\"article:publisher\" content=\"https:\/\/www.facebook.com\/PressenzaItalia\" \/>\n<meta property=\"article:author\" content=\"https:\/\/www.facebook.com\/Pressenza-Deutschland-sterreich-Schweiz-281675388658060\/timeline\/\" \/>\n<meta property=\"article:published_time\" content=\"2023-03-03T09:29:04+00:00\" \/>\n<meta property=\"article:modified_time\" content=\"2024-05-20T07:33:55+00:00\" \/>\n<meta property=\"og:image\" content=\"https:\/\/www.pressenza.com\/wp-content\/uploads\/2023\/03\/Pinar-Selek.jpg\" \/>\n\t<meta property=\"og:image:width\" content=\"820\" \/>\n\t<meta property=\"og:image:height\" content=\"603\" \/>\n\t<meta property=\"og:image:type\" content=\"image\/jpeg\" \/>\n<meta name=\"author\" content=\"Pressenza Berlin\" \/>\n<meta name=\"twitter:card\" content=\"summary_large_image\" \/>\n<meta name=\"twitter:creator\" content=\"@pressenza_ger\" \/>\n<meta name=\"twitter:site\" content=\"@PressenzaIPA\" \/>\n<meta name=\"twitter:label1\" content=\"Verfasst von\" \/>\n\t<meta name=\"twitter:data1\" content=\"Pressenza Berlin\" \/>\n\t<meta name=\"twitter:label2\" content=\"Gesch\u00e4tzte Lesezeit\" \/>\n\t<meta name=\"twitter:data2\" content=\"3\u00a0Minuten\" \/>\n<script type=\"application\/ld+json\" class=\"yoast-schema-graph\">{\"@context\":\"https:\/\/schema.org\",\"@graph\":[{\"@type\":\"Article\",\"@id\":\"https:\/\/www.pressenza.com\/de\/2023\/03\/die-tragoedie-in-der-tuerkei-ist-auch-das-produkt-einer-autoritaeren-politik\/#article\",\"isPartOf\":{\"@id\":\"https:\/\/www.pressenza.com\/de\/2023\/03\/die-tragoedie-in-der-tuerkei-ist-auch-das-produkt-einer-autoritaeren-politik\/\"},\"author\":{\"name\":\"Pressenza Berlin\",\"@id\":\"https:\/\/www.pressenza.com\/de\/#\/schema\/person\/57bb5480943a496a7722b0248e4b658a\"},\"headline\":\"Die Trag\u00f6die in der T\u00fcrkei ist auch das Produkt einer autorit\u00e4ren Politik\",\"datePublished\":\"2023-03-03T09:29:04+00:00\",\"dateModified\":\"2024-05-20T07:33:55+00:00\",\"mainEntityOfPage\":{\"@id\":\"https:\/\/www.pressenza.com\/de\/2023\/03\/die-tragoedie-in-der-tuerkei-ist-auch-das-produkt-einer-autoritaeren-politik\/\"},\"wordCount\":515,\"publisher\":{\"@id\":\"https:\/\/www.pressenza.com\/de\/#organization\"},\"image\":{\"@id\":\"https:\/\/www.pressenza.com\/de\/2023\/03\/die-tragoedie-in-der-tuerkei-ist-auch-das-produkt-einer-autoritaeren-politik\/#primaryimage\"},\"thumbnailUrl\":\"https:\/\/www.pressenza.com\/wp-content\/uploads\/2023\/03\/Pinar-Selek.jpg\",\"keywords\":[\"Erdbeben\",\"Pinar Selek\",\"Recep Tayyip Erdoganin\",\"Syrien\",\"T\u00fcrkei\"],\"articleSection\":[\"Europa\",\"Menschenrechte\",\"Politik\",\"Pressemitteilungen\"],\"inLanguage\":\"de\"},{\"@type\":\"WebPage\",\"@id\":\"https:\/\/www.pressenza.com\/de\/2023\/03\/die-tragoedie-in-der-tuerkei-ist-auch-das-produkt-einer-autoritaeren-politik\/\",\"url\":\"https:\/\/www.pressenza.com\/de\/2023\/03\/die-tragoedie-in-der-tuerkei-ist-auch-das-produkt-einer-autoritaeren-politik\/\",\"name\":\"Die Trag\u00f6die in der T\u00fcrkei ist auch das Produkt einer autorit\u00e4ren Politik\",\"isPartOf\":{\"@id\":\"https:\/\/www.pressenza.com\/de\/#website\"},\"primaryImageOfPage\":{\"@id\":\"https:\/\/www.pressenza.com\/de\/2023\/03\/die-tragoedie-in-der-tuerkei-ist-auch-das-produkt-einer-autoritaeren-politik\/#primaryimage\"},\"image\":{\"@id\":\"https:\/\/www.pressenza.com\/de\/2023\/03\/die-tragoedie-in-der-tuerkei-ist-auch-das-produkt-einer-autoritaeren-politik\/#primaryimage\"},\"thumbnailUrl\":\"https:\/\/www.pressenza.com\/wp-content\/uploads\/2023\/03\/Pinar-Selek.jpg\",\"datePublished\":\"2023-03-03T09:29:04+00:00\",\"dateModified\":\"2024-05-20T07:33:55+00:00\",\"description\":\"Das dramatische Erdbeben, das die T\u00fcrkei gerade erlebt hat, macht erneut den repressiven Aspekt des Regimes und die Knebelung der Grundfreiheiten\",\"breadcrumb\":{\"@id\":\"https:\/\/www.pressenza.com\/de\/2023\/03\/die-tragoedie-in-der-tuerkei-ist-auch-das-produkt-einer-autoritaeren-politik\/#breadcrumb\"},\"inLanguage\":\"de\",\"potentialAction\":[{\"@type\":\"ReadAction\",\"target\":[\"https:\/\/www.pressenza.com\/de\/2023\/03\/die-tragoedie-in-der-tuerkei-ist-auch-das-produkt-einer-autoritaeren-politik\/\"]}]},{\"@type\":\"ImageObject\",\"inLanguage\":\"de\",\"@id\":\"https:\/\/www.pressenza.com\/de\/2023\/03\/die-tragoedie-in-der-tuerkei-ist-auch-das-produkt-einer-autoritaeren-politik\/#primaryimage\",\"url\":\"https:\/\/www.pressenza.com\/wp-content\/uploads\/2023\/03\/Pinar-Selek.jpg\",\"contentUrl\":\"https:\/\/www.pressenza.com\/wp-content\/uploads\/2023\/03\/Pinar-Selek.jpg\",\"width\":820,\"height\":603,\"caption\":\"Die Trag\u00f6die in der T\u00fcrkei ist auch das Produkt einer autorit\u00e4ren Politik\"},{\"@type\":\"BreadcrumbList\",\"@id\":\"https:\/\/www.pressenza.com\/de\/2023\/03\/die-tragoedie-in-der-tuerkei-ist-auch-das-produkt-einer-autoritaeren-politik\/#breadcrumb\",\"itemListElement\":[{\"@type\":\"ListItem\",\"position\":1,\"name\":\"Accueil\",\"item\":\"https:\/\/www.pressenza.com\/de\/\"},{\"@type\":\"ListItem\",\"position\":2,\"name\":\"Die Trag\u00f6die in der T\u00fcrkei ist auch das Produkt einer autorit\u00e4ren Politik\"}]},{\"@type\":\"WebSite\",\"@id\":\"https:\/\/www.pressenza.com\/de\/#website\",\"url\":\"https:\/\/www.pressenza.com\/de\/\",\"name\":\"Pressenza\",\"description\":\"International Press Agency\",\"publisher\":{\"@id\":\"https:\/\/www.pressenza.com\/de\/#organization\"},\"potentialAction\":[{\"@type\":\"SearchAction\",\"target\":{\"@type\":\"EntryPoint\",\"urlTemplate\":\"https:\/\/www.pressenza.com\/de\/?s={search_term_string}\"},\"query-input\":{\"@type\":\"PropertyValueSpecification\",\"valueRequired\":true,\"valueName\":\"search_term_string\"}}],\"inLanguage\":\"de\"},{\"@type\":\"Organization\",\"@id\":\"https:\/\/www.pressenza.com\/de\/#organization\",\"name\":\"Pressenza\",\"url\":\"https:\/\/www.pressenza.com\/de\/\",\"logo\":{\"@type\":\"ImageObject\",\"inLanguage\":\"de\",\"@id\":\"https:\/\/www.pressenza.com\/de\/#\/schema\/logo\/image\/\",\"url\":\"https:\/\/www.pressenza.com\/wp-content\/uploads\/2022\/10\/pressenza_logo_200x200.jpg\",\"contentUrl\":\"https:\/\/www.pressenza.com\/wp-content\/uploads\/2022\/10\/pressenza_logo_200x200.jpg\",\"width\":200,\"height\":200,\"caption\":\"Pressenza\"},\"image\":{\"@id\":\"https:\/\/www.pressenza.com\/de\/#\/schema\/logo\/image\/\"},\"sameAs\":[\"https:\/\/www.facebook.com\/PressenzaItalia\",\"https:\/\/x.com\/PressenzaIPA\"]},{\"@type\":\"Person\",\"@id\":\"https:\/\/www.pressenza.com\/de\/#\/schema\/person\/57bb5480943a496a7722b0248e4b658a\",\"name\":\"Pressenza Berlin\",\"description\":\"News from the Pressenza Bureau in Berlin, Germany\",\"sameAs\":[\"https:\/\/www.facebook.com\/Pressenza-Deutschland-sterreich-Schweiz-281675388658060\/timeline\/\",\"https:\/\/x.com\/pressenza_ger\"],\"url\":\"https:\/\/www.pressenza.com\/de\/author\/pressenza-berlin\/\"}]}<\/script>\n<!-- \/ Yoast SEO plugin. -->","yoast_head_json":{"title":"Die Trag\u00f6die in der T\u00fcrkei ist auch das Produkt einer autorit\u00e4ren Politik","description":"Das dramatische Erdbeben, das die T\u00fcrkei gerade erlebt hat, macht erneut den repressiven Aspekt des Regimes und die Knebelung der Grundfreiheiten","robots":{"index":"index","follow":"follow","max-snippet":"max-snippet:-1","max-image-preview":"max-image-preview:large","max-video-preview":"max-video-preview:-1"},"canonical":"https:\/\/www.pressenza.com\/de\/2023\/03\/die-tragoedie-in-der-tuerkei-ist-auch-das-produkt-einer-autoritaeren-politik\/","og_locale":"de_DE","og_type":"article","og_title":"Die Trag\u00f6die in der T\u00fcrkei ist auch das Produkt einer autorit\u00e4ren Politik","og_description":"Das dramatische Erdbeben, das die T\u00fcrkei gerade erlebt hat, macht erneut den repressiven Aspekt des Regimes und die Knebelung der Grundfreiheiten","og_url":"https:\/\/www.pressenza.com\/de\/2023\/03\/die-tragoedie-in-der-tuerkei-ist-auch-das-produkt-einer-autoritaeren-politik\/","og_site_name":"Pressenza","article_publisher":"https:\/\/www.facebook.com\/PressenzaItalia","article_author":"https:\/\/www.facebook.com\/Pressenza-Deutschland-sterreich-Schweiz-281675388658060\/timeline\/","article_published_time":"2023-03-03T09:29:04+00:00","article_modified_time":"2024-05-20T07:33:55+00:00","og_image":[{"width":820,"height":603,"url":"https:\/\/www.pressenza.com\/wp-content\/uploads\/2023\/03\/Pinar-Selek.jpg","type":"image\/jpeg"}],"author":"Pressenza Berlin","twitter_card":"summary_large_image","twitter_creator":"@pressenza_ger","twitter_site":"@PressenzaIPA","twitter_misc":{"Verfasst von":"Pressenza Berlin","Gesch\u00e4tzte Lesezeit":"3\u00a0Minuten"},"schema":{"@context":"https:\/\/schema.org","@graph":[{"@type":"Article","@id":"https:\/\/www.pressenza.com\/de\/2023\/03\/die-tragoedie-in-der-tuerkei-ist-auch-das-produkt-einer-autoritaeren-politik\/#article","isPartOf":{"@id":"https:\/\/www.pressenza.com\/de\/2023\/03\/die-tragoedie-in-der-tuerkei-ist-auch-das-produkt-einer-autoritaeren-politik\/"},"author":{"name":"Pressenza Berlin","@id":"https:\/\/www.pressenza.com\/de\/#\/schema\/person\/57bb5480943a496a7722b0248e4b658a"},"headline":"Die Trag\u00f6die in der T\u00fcrkei ist auch das Produkt einer autorit\u00e4ren Politik","datePublished":"2023-03-03T09:29:04+00:00","dateModified":"2024-05-20T07:33:55+00:00","mainEntityOfPage":{"@id":"https:\/\/www.pressenza.com\/de\/2023\/03\/die-tragoedie-in-der-tuerkei-ist-auch-das-produkt-einer-autoritaeren-politik\/"},"wordCount":515,"publisher":{"@id":"https:\/\/www.pressenza.com\/de\/#organization"},"image":{"@id":"https:\/\/www.pressenza.com\/de\/2023\/03\/die-tragoedie-in-der-tuerkei-ist-auch-das-produkt-einer-autoritaeren-politik\/#primaryimage"},"thumbnailUrl":"https:\/\/www.pressenza.com\/wp-content\/uploads\/2023\/03\/Pinar-Selek.jpg","keywords":["Erdbeben","Pinar Selek","Recep Tayyip Erdoganin","Syrien","T\u00fcrkei"],"articleSection":["Europa","Menschenrechte","Politik","Pressemitteilungen"],"inLanguage":"de"},{"@type":"WebPage","@id":"https:\/\/www.pressenza.com\/de\/2023\/03\/die-tragoedie-in-der-tuerkei-ist-auch-das-produkt-einer-autoritaeren-politik\/","url":"https:\/\/www.pressenza.com\/de\/2023\/03\/die-tragoedie-in-der-tuerkei-ist-auch-das-produkt-einer-autoritaeren-politik\/","name":"Die Trag\u00f6die in der T\u00fcrkei ist auch das Produkt einer autorit\u00e4ren Politik","isPartOf":{"@id":"https:\/\/www.pressenza.com\/de\/#website"},"primaryImageOfPage":{"@id":"https:\/\/www.pressenza.com\/de\/2023\/03\/die-tragoedie-in-der-tuerkei-ist-auch-das-produkt-einer-autoritaeren-politik\/#primaryimage"},"image":{"@id":"https:\/\/www.pressenza.com\/de\/2023\/03\/die-tragoedie-in-der-tuerkei-ist-auch-das-produkt-einer-autoritaeren-politik\/#primaryimage"},"thumbnailUrl":"https:\/\/www.pressenza.com\/wp-content\/uploads\/2023\/03\/Pinar-Selek.jpg","datePublished":"2023-03-03T09:29:04+00:00","dateModified":"2024-05-20T07:33:55+00:00","description":"Das dramatische Erdbeben, das die T\u00fcrkei gerade erlebt hat, macht erneut den repressiven Aspekt des Regimes und die Knebelung der Grundfreiheiten","breadcrumb":{"@id":"https:\/\/www.pressenza.com\/de\/2023\/03\/die-tragoedie-in-der-tuerkei-ist-auch-das-produkt-einer-autoritaeren-politik\/#breadcrumb"},"inLanguage":"de","potentialAction":[{"@type":"ReadAction","target":["https:\/\/www.pressenza.com\/de\/2023\/03\/die-tragoedie-in-der-tuerkei-ist-auch-das-produkt-einer-autoritaeren-politik\/"]}]},{"@type":"ImageObject","inLanguage":"de","@id":"https:\/\/www.pressenza.com\/de\/2023\/03\/die-tragoedie-in-der-tuerkei-ist-auch-das-produkt-einer-autoritaeren-politik\/#primaryimage","url":"https:\/\/www.pressenza.com\/wp-content\/uploads\/2023\/03\/Pinar-Selek.jpg","contentUrl":"https:\/\/www.pressenza.com\/wp-content\/uploads\/2023\/03\/Pinar-Selek.jpg","width":820,"height":603,"caption":"Die Trag\u00f6die in der T\u00fcrkei ist auch das Produkt einer autorit\u00e4ren Politik"},{"@type":"BreadcrumbList","@id":"https:\/\/www.pressenza.com\/de\/2023\/03\/die-tragoedie-in-der-tuerkei-ist-auch-das-produkt-einer-autoritaeren-politik\/#breadcrumb","itemListElement":[{"@type":"ListItem","position":1,"name":"Accueil","item":"https:\/\/www.pressenza.com\/de\/"},{"@type":"ListItem","position":2,"name":"Die Trag\u00f6die in der T\u00fcrkei ist auch das Produkt einer autorit\u00e4ren Politik"}]},{"@type":"WebSite","@id":"https:\/\/www.pressenza.com\/de\/#website","url":"https:\/\/www.pressenza.com\/de\/","name":"Pressenza","description":"International Press Agency","publisher":{"@id":"https:\/\/www.pressenza.com\/de\/#organization"},"potentialAction":[{"@type":"SearchAction","target":{"@type":"EntryPoint","urlTemplate":"https:\/\/www.pressenza.com\/de\/?s={search_term_string}"},"query-input":{"@type":"PropertyValueSpecification","valueRequired":true,"valueName":"search_term_string"}}],"inLanguage":"de"},{"@type":"Organization","@id":"https:\/\/www.pressenza.com\/de\/#organization","name":"Pressenza","url":"https:\/\/www.pressenza.com\/de\/","logo":{"@type":"ImageObject","inLanguage":"de","@id":"https:\/\/www.pressenza.com\/de\/#\/schema\/logo\/image\/","url":"https:\/\/www.pressenza.com\/wp-content\/uploads\/2022\/10\/pressenza_logo_200x200.jpg","contentUrl":"https:\/\/www.pressenza.com\/wp-content\/uploads\/2022\/10\/pressenza_logo_200x200.jpg","width":200,"height":200,"caption":"Pressenza"},"image":{"@id":"https:\/\/www.pressenza.com\/de\/#\/schema\/logo\/image\/"},"sameAs":["https:\/\/www.facebook.com\/PressenzaItalia","https:\/\/x.com\/PressenzaIPA"]},{"@type":"Person","@id":"https:\/\/www.pressenza.com\/de\/#\/schema\/person\/57bb5480943a496a7722b0248e4b658a","name":"Pressenza Berlin","description":"News from the Pressenza Bureau in Berlin, Germany","sameAs":["https:\/\/www.facebook.com\/Pressenza-Deutschland-sterreich-Schweiz-281675388658060\/timeline\/","https:\/\/x.com\/pressenza_ger"],"url":"https:\/\/www.pressenza.com\/de\/author\/pressenza-berlin\/"}]}},"place":"","original_article_url":"","_links":{"self":[{"href":"https:\/\/www.pressenza.com\/de\/wp-json\/wp\/v2\/posts\/1721536","targetHints":{"allow":["GET"]}}],"collection":[{"href":"https:\/\/www.pressenza.com\/de\/wp-json\/wp\/v2\/posts"}],"about":[{"href":"https:\/\/www.pressenza.com\/de\/wp-json\/wp\/v2\/types\/post"}],"author":[{"embeddable":true,"href":"https:\/\/www.pressenza.com\/de\/wp-json\/wp\/v2\/users\/1095"}],"replies":[{"embeddable":true,"href":"https:\/\/www.pressenza.com\/de\/wp-json\/wp\/v2\/comments?post=1721536"}],"version-history":[{"count":0,"href":"https:\/\/www.pressenza.com\/de\/wp-json\/wp\/v2\/posts\/1721536\/revisions"}],"wp:featuredmedia":[{"embeddable":true,"href":"https:\/\/www.pressenza.com\/de\/wp-json\/wp\/v2\/media\/1721537"}],"wp:attachment":[{"href":"https:\/\/www.pressenza.com\/de\/wp-json\/wp\/v2\/media?parent=1721536"}],"wp:term":[{"taxonomy":"category","embeddable":true,"href":"https:\/\/www.pressenza.com\/de\/wp-json\/wp\/v2\/categories?post=1721536"},{"taxonomy":"post_tag","embeddable":true,"href":"https:\/\/www.pressenza.com\/de\/wp-json\/wp\/v2\/tags?post=1721536"}],"curies":[{"name":"wp","href":"https:\/\/api.w.org\/{rel}","templated":true}]}}