{"id":1714644,"date":"2023-02-07T07:02:56","date_gmt":"2023-02-07T07:02:56","guid":{"rendered":"https:\/\/www.pressenza.com\/?p=1714644"},"modified":"2023-02-08T14:23:23","modified_gmt":"2023-02-08T14:23:23","slug":"welten-die-auseinanderdriften","status":"publish","type":"post","link":"https:\/\/www.pressenza.com\/de\/2023\/02\/welten-die-auseinanderdriften\/","title":{"rendered":"Welten, die auseinanderdriften"},"content":{"rendered":"<p><strong>Ukrainekrise, Fl\u00fcchtlingskrise, Brexit, Covid, Kriege \u2026 So aus dem Nichts kamen diese Ereignisse nicht. Sie waren das Ergebnis einer bewusst gew\u00e4hlten Politik<\/strong><\/p>\n<p>Es gab Zeiten, und die sind noch gar nicht solange her, da wurde von Parallelgesellschaften gesprochen. Gemeint waren damit Gemeinschaften von Immigranten, die so funktionierten, als lebten sie weiter in dem Land, aus dem sie gekommen waren. Quasi wie Inseln im hiesigen gesellschaftlichen Strom.<\/p>\n<p><strong>Und Parallelgesellschaften, die es tats\u00e4chlich gab und gibt, wurden als ein Indiz f\u00fcr eine gescheiterte Integrationspolitik gewertet<\/strong><\/p>\n<p>Warum sowohl der Begriff als auch das damit beschriebene Problem in den Hintergrund getreten ist, l\u00e4sst sich nur zum Teil beantworten. Die wohl verbreitetste Antwort, die man erhielte, wenn man in die Runde fragt, w\u00e4re die, dass die gro\u00dfen Krisen, die sich seit dem Jahr 2008 die sprichw\u00f6rtliche Klinke in die Hand gaben, vieles einfach \u00fcberstrahlt und in den Hintergrund gedr\u00e4ngt haben.<\/p>\n<p class=\"wp-block-heading\"><strong>Krise und Krieg<\/strong><\/p>\n<p>Ganz sauber ist die Antwort nat\u00fcrlich nicht. Richtig ist, dass mit der Weltfinanzkrise aus dem Jahr 2008 die eigentliche Zeitenwende eingeleitet wurde. Die weltweite Dominanz des US-Dollars steht seitdem zur Disposition, und solange das der Fall ist, wird sich noch einiges ereignen, was nicht ohne die Substantive\u00a0<a href=\"https:\/\/neuedebatte.wpcomstaging.com\/2019\/07\/07\/wie-der-kapitalismus-krisen-erzeugt-und-kriege-vorbereitet-teil-1\/\" data-type=\"post\" data-id=\"91549\">Krise und Krieg<\/a>\u00a0auskommen wird.<\/p>\n<p>Aber da wir uns im immer wieder kosmopolitisch gef\u00fchlten, aber im tiefsten Innern provinziellen Deutschland befinden, sollte eine Aufreihung der Krisen, wie sie sich hier offenbarten, reichen: Weltfinanzkrise, erste Ukrainekrise, Fl\u00fcchtlingskrise, Brexit, Covid, zweite Ukrainekrise.<\/p>\n<p>Das ist, um auch diese in der wundervollen deutschen Sprache m\u00f6glichen Weise zu beschreiben, nicht von schlechten Eltern. Denn so aus dem Nichts kamen diese Ereignisse nicht. Sie waren das Ergebnis einer bewusst gew\u00e4hlten Politik.<\/p>\n<p class=\"wp-block-heading\"><strong>Resultat politischer Gestaltung<\/strong><\/p>\n<p>Die Weltfinanzkrise resultierte aus dem zugelassenen Hazardspiel an den B\u00f6rsen, die erste wie die zweite Ukrainekrise ist das Ergebnis eines Junktims von EU- und NATO-Mitgliedschaft, die sogenannte Fl\u00fcchtlingskrise folgte den Kriegen in Syrien und\u00a0<a href=\"https:\/\/neuedebatte.wpcomstaging.com\/2021\/08\/20\/afghanistan-der-super-gau\/\" data-type=\"post\" data-id=\"116286\">Afghanistan<\/a>, der Brexit war eine Folge der deutschen Reaktion auf die Fl\u00fcchtlingskrise und bei Covid offenbarten sich die Auswirkungen der \u00d6konomisierung des Gesundheitswesens. Selbstverst\u00e4ndlich reichen die angef\u00fchrten Gr\u00fcnde nicht exklusiv aus, um alles zu erkl\u00e4ren. Nur eines steht fest: Die Krisen brachen nicht herein wie von h\u00f6heren Gewalten ausgel\u00f6st, sondern sie waren das Resultat eigener Politikgestaltung.<\/p>\n<p>Dieser Sachverhalt ist, und das ist das Erstaunliche, von einem Gro\u00dfteil der Bev\u00f6lkerung erkannt worden. Erstaunlich deshalb, weil die gesamte mediale Verarbeitung dieser Krisen einem gro\u00dfen R\u00fchren im Topf der Mystifikation gleicht.<\/p>\n<p>Da werden alle m\u00f6glichen Narrative angeboten, die alle eine Zutat beinhalten, n\u00e4mlich eine gro\u00dfe Variation von Feindbildern. Mal sind es die faulen und korrupten Griechen, mal die b\u00f6sen Russen und ihr Pr\u00e4sident, dann die bescheuerten Engl\u00e4nder oder die Verschw\u00f6rungstheoretiker jeglicher Couleur. Dass Politik f\u00fcr die Resultate politischen Handelns verantwortlich gemacht w\u00fcrde, diese banale Erkenntnis geh\u00f6rt zu den Tods\u00fcnden, die begangen werden k\u00f6nnen.<\/p>\n<p class=\"wp-block-heading\"><strong>Die Parallelwelt der politischen Klasse<\/strong><\/p>\n<p>Im Vergleich zu dem anfangs angef\u00fchrten Begriff der Parallelgesellschaft ist das beschriebene Ph\u00e4nomen eine ganz andere, bedeutend gef\u00e4hrlichere Kategorie. Es handelt sich n\u00e4mlich um Parallelwelten, die sich herausgebildet haben. Diejenige, in der die politische Klasse und die Medien leben, und die Welt, wie sie vom Rest der Gesellschaft erlebt wird.<\/p>\n<p><strong>Dort sieht man den Konnex von Politik und gesellschaftlicher Lebenswelt<\/strong><\/p>\n<p>Nur, und das ist das Explosive, dass das Problem der Parallelgesellschaft als Petitesse erscheinen l\u00e4sst, existiert keine Sprache mehr, mit der dieses Missverh\u00e4ltnis kommuniziert werden kann. Obwohl das Vokabular das gleiche ist. Und es sind Welten, die immer weiter auseinanderdriften.<\/p>\n","protected":false},"excerpt":{"rendered":"<p>Ukrainekrise, Fl\u00fcchtlingskrise, Brexit, Covid, Kriege \u2026 So aus dem Nichts kamen diese Ereignisse nicht. Sie waren das Ergebnis einer bewusst gew\u00e4hlten Politik Es gab Zeiten, und die sind noch gar nicht solange her, da wurde von Parallelgesellschaften gesprochen. Gemeint waren&hellip;<\/p>\n","protected":false},"author":1342,"featured_media":1714645,"comment_status":"closed","ping_status":"closed","sticky":false,"template":"","format":"standard","meta":{"footnotes":""},"categories":[9143,54569,9168],"tags":[9895,9218,109890],"class_list":["post-1714644","post","type-post","status-publish","format-standard","has-post-thumbnail","hentry","category-meinungen","category-migration","category-politik","tag-integration-de","tag-migration-de","tag-parallelgesellschaft"],"yoast_head":"<!-- This site is optimized with the Yoast SEO plugin v27.1.1 - https:\/\/yoast.com\/product\/yoast-seo-wordpress\/ -->\n<title>Welten, die auseinanderdriften<\/title>\n<meta name=\"description\" content=\"Ukrainekrise, Fl\u00fcchtlingskrise, Brexit, Covid, Kriege \u2026 So aus dem Nichts kamen diese Ereignisse nicht. Sie waren das Ergebnis einer bewusst gew\u00e4hlten\" \/>\n<meta name=\"robots\" content=\"index, follow, max-snippet:-1, max-image-preview:large, max-video-preview:-1\" \/>\n<link rel=\"canonical\" href=\"https:\/\/www.pressenza.com\/de\/2023\/02\/welten-die-auseinanderdriften\/\" \/>\n<meta property=\"og:locale\" content=\"de_DE\" \/>\n<meta property=\"og:type\" content=\"article\" \/>\n<meta property=\"og:title\" content=\"Welten, die auseinanderdriften\" \/>\n<meta property=\"og:description\" content=\"Ukrainekrise, Fl\u00fcchtlingskrise, Brexit, Covid, Kriege \u2026 So aus dem Nichts kamen diese Ereignisse nicht. Sie waren das Ergebnis einer bewusst gew\u00e4hlten\" \/>\n<meta property=\"og:url\" content=\"https:\/\/www.pressenza.com\/de\/2023\/02\/welten-die-auseinanderdriften\/\" \/>\n<meta property=\"og:site_name\" content=\"Pressenza\" \/>\n<meta property=\"article:publisher\" content=\"https:\/\/www.facebook.com\/PressenzaItalia\" \/>\n<meta property=\"article:published_time\" content=\"2023-02-07T07:02:56+00:00\" \/>\n<meta property=\"article:modified_time\" content=\"2023-02-08T14:23:23+00:00\" \/>\n<meta property=\"og:image\" content=\"https:\/\/www.pressenza.com\/wp-content\/uploads\/2023\/02\/hirsch.jpg\" \/>\n\t<meta property=\"og:image:width\" content=\"1199\" \/>\n\t<meta property=\"og:image:height\" content=\"785\" \/>\n\t<meta property=\"og:image:type\" content=\"image\/jpeg\" \/>\n<meta name=\"author\" content=\"Neue Debatte\" \/>\n<meta name=\"twitter:card\" content=\"summary_large_image\" \/>\n<meta name=\"twitter:creator\" content=\"@PressenzaIPA\" \/>\n<meta name=\"twitter:site\" content=\"@PressenzaIPA\" \/>\n<meta name=\"twitter:label1\" content=\"Verfasst von\" \/>\n\t<meta name=\"twitter:data1\" content=\"Neue Debatte\" \/>\n\t<meta name=\"twitter:label2\" content=\"Gesch\u00e4tzte Lesezeit\" \/>\n\t<meta name=\"twitter:data2\" content=\"3\u00a0Minuten\" \/>\n<script type=\"application\/ld+json\" class=\"yoast-schema-graph\">{\"@context\":\"https:\/\/schema.org\",\"@graph\":[{\"@type\":\"Article\",\"@id\":\"https:\/\/www.pressenza.com\/de\/2023\/02\/welten-die-auseinanderdriften\/#article\",\"isPartOf\":{\"@id\":\"https:\/\/www.pressenza.com\/de\/2023\/02\/welten-die-auseinanderdriften\/\"},\"author\":{\"name\":\"Neue Debatte\",\"@id\":\"https:\/\/www.pressenza.com\/de\/#\/schema\/person\/b816344ee166a2736c48a20c4b9ad2a9\"},\"headline\":\"Welten, die auseinanderdriften\",\"datePublished\":\"2023-02-07T07:02:56+00:00\",\"dateModified\":\"2023-02-08T14:23:23+00:00\",\"mainEntityOfPage\":{\"@id\":\"https:\/\/www.pressenza.com\/de\/2023\/02\/welten-die-auseinanderdriften\/\"},\"wordCount\":607,\"publisher\":{\"@id\":\"https:\/\/www.pressenza.com\/de\/#organization\"},\"image\":{\"@id\":\"https:\/\/www.pressenza.com\/de\/2023\/02\/welten-die-auseinanderdriften\/#primaryimage\"},\"thumbnailUrl\":\"https:\/\/www.pressenza.com\/wp-content\/uploads\/2023\/02\/hirsch.jpg\",\"keywords\":[\"integration\",\"Migration\",\"Parallelgesellschaft\"],\"articleSection\":[\"Meinungen\",\"Migration\",\"Politik\"],\"inLanguage\":\"de\"},{\"@type\":\"WebPage\",\"@id\":\"https:\/\/www.pressenza.com\/de\/2023\/02\/welten-die-auseinanderdriften\/\",\"url\":\"https:\/\/www.pressenza.com\/de\/2023\/02\/welten-die-auseinanderdriften\/\",\"name\":\"Welten, die auseinanderdriften\",\"isPartOf\":{\"@id\":\"https:\/\/www.pressenza.com\/de\/#website\"},\"primaryImageOfPage\":{\"@id\":\"https:\/\/www.pressenza.com\/de\/2023\/02\/welten-die-auseinanderdriften\/#primaryimage\"},\"image\":{\"@id\":\"https:\/\/www.pressenza.com\/de\/2023\/02\/welten-die-auseinanderdriften\/#primaryimage\"},\"thumbnailUrl\":\"https:\/\/www.pressenza.com\/wp-content\/uploads\/2023\/02\/hirsch.jpg\",\"datePublished\":\"2023-02-07T07:02:56+00:00\",\"dateModified\":\"2023-02-08T14:23:23+00:00\",\"description\":\"Ukrainekrise, Fl\u00fcchtlingskrise, Brexit, Covid, Kriege \u2026 So aus dem Nichts kamen diese Ereignisse nicht. Sie waren das Ergebnis einer bewusst gew\u00e4hlten\",\"breadcrumb\":{\"@id\":\"https:\/\/www.pressenza.com\/de\/2023\/02\/welten-die-auseinanderdriften\/#breadcrumb\"},\"inLanguage\":\"de\",\"potentialAction\":[{\"@type\":\"ReadAction\",\"target\":[\"https:\/\/www.pressenza.com\/de\/2023\/02\/welten-die-auseinanderdriften\/\"]}]},{\"@type\":\"ImageObject\",\"inLanguage\":\"de\",\"@id\":\"https:\/\/www.pressenza.com\/de\/2023\/02\/welten-die-auseinanderdriften\/#primaryimage\",\"url\":\"https:\/\/www.pressenza.com\/wp-content\/uploads\/2023\/02\/hirsch.jpg\",\"contentUrl\":\"https:\/\/www.pressenza.com\/wp-content\/uploads\/2023\/02\/hirsch.jpg\",\"width\":1199,\"height\":785},{\"@type\":\"BreadcrumbList\",\"@id\":\"https:\/\/www.pressenza.com\/de\/2023\/02\/welten-die-auseinanderdriften\/#breadcrumb\",\"itemListElement\":[{\"@type\":\"ListItem\",\"position\":1,\"name\":\"Accueil\",\"item\":\"https:\/\/www.pressenza.com\/de\/\"},{\"@type\":\"ListItem\",\"position\":2,\"name\":\"Welten, die auseinanderdriften\"}]},{\"@type\":\"WebSite\",\"@id\":\"https:\/\/www.pressenza.com\/de\/#website\",\"url\":\"https:\/\/www.pressenza.com\/de\/\",\"name\":\"Pressenza\",\"description\":\"International Press Agency\",\"publisher\":{\"@id\":\"https:\/\/www.pressenza.com\/de\/#organization\"},\"potentialAction\":[{\"@type\":\"SearchAction\",\"target\":{\"@type\":\"EntryPoint\",\"urlTemplate\":\"https:\/\/www.pressenza.com\/de\/?s={search_term_string}\"},\"query-input\":{\"@type\":\"PropertyValueSpecification\",\"valueRequired\":true,\"valueName\":\"search_term_string\"}}],\"inLanguage\":\"de\"},{\"@type\":\"Organization\",\"@id\":\"https:\/\/www.pressenza.com\/de\/#organization\",\"name\":\"Pressenza\",\"url\":\"https:\/\/www.pressenza.com\/de\/\",\"logo\":{\"@type\":\"ImageObject\",\"inLanguage\":\"de\",\"@id\":\"https:\/\/www.pressenza.com\/de\/#\/schema\/logo\/image\/\",\"url\":\"https:\/\/www.pressenza.com\/wp-content\/uploads\/2022\/10\/pressenza_logo_200x200.jpg\",\"contentUrl\":\"https:\/\/www.pressenza.com\/wp-content\/uploads\/2022\/10\/pressenza_logo_200x200.jpg\",\"width\":200,\"height\":200,\"caption\":\"Pressenza\"},\"image\":{\"@id\":\"https:\/\/www.pressenza.com\/de\/#\/schema\/logo\/image\/\"},\"sameAs\":[\"https:\/\/www.facebook.com\/PressenzaItalia\",\"https:\/\/x.com\/PressenzaIPA\"]},{\"@type\":\"Person\",\"@id\":\"https:\/\/www.pressenza.com\/de\/#\/schema\/person\/b816344ee166a2736c48a20c4b9ad2a9\",\"name\":\"Neue Debatte\",\"description\":\"Magazin f\u00fcr Menschen, Kultur und Gesellschaft www.neue-debatte.de\",\"url\":\"https:\/\/www.pressenza.com\/de\/author\/neue-debatte\/\"}]}<\/script>\n<!-- \/ Yoast SEO plugin. -->","yoast_head_json":{"title":"Welten, die auseinanderdriften","description":"Ukrainekrise, Fl\u00fcchtlingskrise, Brexit, Covid, Kriege \u2026 So aus dem Nichts kamen diese Ereignisse nicht. Sie waren das Ergebnis einer bewusst gew\u00e4hlten","robots":{"index":"index","follow":"follow","max-snippet":"max-snippet:-1","max-image-preview":"max-image-preview:large","max-video-preview":"max-video-preview:-1"},"canonical":"https:\/\/www.pressenza.com\/de\/2023\/02\/welten-die-auseinanderdriften\/","og_locale":"de_DE","og_type":"article","og_title":"Welten, die auseinanderdriften","og_description":"Ukrainekrise, Fl\u00fcchtlingskrise, Brexit, Covid, Kriege \u2026 So aus dem Nichts kamen diese Ereignisse nicht. Sie waren das Ergebnis einer bewusst gew\u00e4hlten","og_url":"https:\/\/www.pressenza.com\/de\/2023\/02\/welten-die-auseinanderdriften\/","og_site_name":"Pressenza","article_publisher":"https:\/\/www.facebook.com\/PressenzaItalia","article_published_time":"2023-02-07T07:02:56+00:00","article_modified_time":"2023-02-08T14:23:23+00:00","og_image":[{"width":1199,"height":785,"url":"https:\/\/www.pressenza.com\/wp-content\/uploads\/2023\/02\/hirsch.jpg","type":"image\/jpeg"}],"author":"Neue Debatte","twitter_card":"summary_large_image","twitter_creator":"@PressenzaIPA","twitter_site":"@PressenzaIPA","twitter_misc":{"Verfasst von":"Neue Debatte","Gesch\u00e4tzte Lesezeit":"3\u00a0Minuten"},"schema":{"@context":"https:\/\/schema.org","@graph":[{"@type":"Article","@id":"https:\/\/www.pressenza.com\/de\/2023\/02\/welten-die-auseinanderdriften\/#article","isPartOf":{"@id":"https:\/\/www.pressenza.com\/de\/2023\/02\/welten-die-auseinanderdriften\/"},"author":{"name":"Neue Debatte","@id":"https:\/\/www.pressenza.com\/de\/#\/schema\/person\/b816344ee166a2736c48a20c4b9ad2a9"},"headline":"Welten, die auseinanderdriften","datePublished":"2023-02-07T07:02:56+00:00","dateModified":"2023-02-08T14:23:23+00:00","mainEntityOfPage":{"@id":"https:\/\/www.pressenza.com\/de\/2023\/02\/welten-die-auseinanderdriften\/"},"wordCount":607,"publisher":{"@id":"https:\/\/www.pressenza.com\/de\/#organization"},"image":{"@id":"https:\/\/www.pressenza.com\/de\/2023\/02\/welten-die-auseinanderdriften\/#primaryimage"},"thumbnailUrl":"https:\/\/www.pressenza.com\/wp-content\/uploads\/2023\/02\/hirsch.jpg","keywords":["integration","Migration","Parallelgesellschaft"],"articleSection":["Meinungen","Migration","Politik"],"inLanguage":"de"},{"@type":"WebPage","@id":"https:\/\/www.pressenza.com\/de\/2023\/02\/welten-die-auseinanderdriften\/","url":"https:\/\/www.pressenza.com\/de\/2023\/02\/welten-die-auseinanderdriften\/","name":"Welten, die auseinanderdriften","isPartOf":{"@id":"https:\/\/www.pressenza.com\/de\/#website"},"primaryImageOfPage":{"@id":"https:\/\/www.pressenza.com\/de\/2023\/02\/welten-die-auseinanderdriften\/#primaryimage"},"image":{"@id":"https:\/\/www.pressenza.com\/de\/2023\/02\/welten-die-auseinanderdriften\/#primaryimage"},"thumbnailUrl":"https:\/\/www.pressenza.com\/wp-content\/uploads\/2023\/02\/hirsch.jpg","datePublished":"2023-02-07T07:02:56+00:00","dateModified":"2023-02-08T14:23:23+00:00","description":"Ukrainekrise, Fl\u00fcchtlingskrise, Brexit, Covid, Kriege \u2026 So aus dem Nichts kamen diese Ereignisse nicht. Sie waren das Ergebnis einer bewusst gew\u00e4hlten","breadcrumb":{"@id":"https:\/\/www.pressenza.com\/de\/2023\/02\/welten-die-auseinanderdriften\/#breadcrumb"},"inLanguage":"de","potentialAction":[{"@type":"ReadAction","target":["https:\/\/www.pressenza.com\/de\/2023\/02\/welten-die-auseinanderdriften\/"]}]},{"@type":"ImageObject","inLanguage":"de","@id":"https:\/\/www.pressenza.com\/de\/2023\/02\/welten-die-auseinanderdriften\/#primaryimage","url":"https:\/\/www.pressenza.com\/wp-content\/uploads\/2023\/02\/hirsch.jpg","contentUrl":"https:\/\/www.pressenza.com\/wp-content\/uploads\/2023\/02\/hirsch.jpg","width":1199,"height":785},{"@type":"BreadcrumbList","@id":"https:\/\/www.pressenza.com\/de\/2023\/02\/welten-die-auseinanderdriften\/#breadcrumb","itemListElement":[{"@type":"ListItem","position":1,"name":"Accueil","item":"https:\/\/www.pressenza.com\/de\/"},{"@type":"ListItem","position":2,"name":"Welten, die auseinanderdriften"}]},{"@type":"WebSite","@id":"https:\/\/www.pressenza.com\/de\/#website","url":"https:\/\/www.pressenza.com\/de\/","name":"Pressenza","description":"International Press Agency","publisher":{"@id":"https:\/\/www.pressenza.com\/de\/#organization"},"potentialAction":[{"@type":"SearchAction","target":{"@type":"EntryPoint","urlTemplate":"https:\/\/www.pressenza.com\/de\/?s={search_term_string}"},"query-input":{"@type":"PropertyValueSpecification","valueRequired":true,"valueName":"search_term_string"}}],"inLanguage":"de"},{"@type":"Organization","@id":"https:\/\/www.pressenza.com\/de\/#organization","name":"Pressenza","url":"https:\/\/www.pressenza.com\/de\/","logo":{"@type":"ImageObject","inLanguage":"de","@id":"https:\/\/www.pressenza.com\/de\/#\/schema\/logo\/image\/","url":"https:\/\/www.pressenza.com\/wp-content\/uploads\/2022\/10\/pressenza_logo_200x200.jpg","contentUrl":"https:\/\/www.pressenza.com\/wp-content\/uploads\/2022\/10\/pressenza_logo_200x200.jpg","width":200,"height":200,"caption":"Pressenza"},"image":{"@id":"https:\/\/www.pressenza.com\/de\/#\/schema\/logo\/image\/"},"sameAs":["https:\/\/www.facebook.com\/PressenzaItalia","https:\/\/x.com\/PressenzaIPA"]},{"@type":"Person","@id":"https:\/\/www.pressenza.com\/de\/#\/schema\/person\/b816344ee166a2736c48a20c4b9ad2a9","name":"Neue Debatte","description":"Magazin f\u00fcr Menschen, Kultur und Gesellschaft www.neue-debatte.de","url":"https:\/\/www.pressenza.com\/de\/author\/neue-debatte\/"}]}},"place":"Gerhard Mersmann","original_article_url":"https:\/\/neuedebatte.wpcomstaging.com\/2023\/01\/30\/welten-die-auseinanderdriften\/","_links":{"self":[{"href":"https:\/\/www.pressenza.com\/de\/wp-json\/wp\/v2\/posts\/1714644","targetHints":{"allow":["GET"]}}],"collection":[{"href":"https:\/\/www.pressenza.com\/de\/wp-json\/wp\/v2\/posts"}],"about":[{"href":"https:\/\/www.pressenza.com\/de\/wp-json\/wp\/v2\/types\/post"}],"author":[{"embeddable":true,"href":"https:\/\/www.pressenza.com\/de\/wp-json\/wp\/v2\/users\/1342"}],"replies":[{"embeddable":true,"href":"https:\/\/www.pressenza.com\/de\/wp-json\/wp\/v2\/comments?post=1714644"}],"version-history":[{"count":0,"href":"https:\/\/www.pressenza.com\/de\/wp-json\/wp\/v2\/posts\/1714644\/revisions"}],"wp:featuredmedia":[{"embeddable":true,"href":"https:\/\/www.pressenza.com\/de\/wp-json\/wp\/v2\/media\/1714645"}],"wp:attachment":[{"href":"https:\/\/www.pressenza.com\/de\/wp-json\/wp\/v2\/media?parent=1714644"}],"wp:term":[{"taxonomy":"category","embeddable":true,"href":"https:\/\/www.pressenza.com\/de\/wp-json\/wp\/v2\/categories?post=1714644"},{"taxonomy":"post_tag","embeddable":true,"href":"https:\/\/www.pressenza.com\/de\/wp-json\/wp\/v2\/tags?post=1714644"}],"curies":[{"name":"wp","href":"https:\/\/api.w.org\/{rel}","templated":true}]}}