{"id":1713605,"date":"2023-02-01T18:20:41","date_gmt":"2023-02-01T18:20:41","guid":{"rendered":"https:\/\/www.pressenza.com\/?p=1713605"},"modified":"2023-02-01T18:20:41","modified_gmt":"2023-02-01T18:20:41","slug":"jetzt-kampfjets","status":"publish","type":"post","link":"https:\/\/www.pressenza.com\/de\/2023\/02\/jetzt-kampfjets\/","title":{"rendered":"Jetzt Kampfjets!"},"content":{"rendered":"<p><strong>Kampfjets jetzt, sofort. Obwohl ich noch bissel unsicher bin! Fregatten ja, Drohnen gern, Haubitzen allemal, Mauser immer, wenn&#8217;s sein muss, U-Boote, taktische Atomwaffen aus B\u00fcchel oder so, Bodentruppen, S\u00f6ldner, Verbandsk\u00e4sten &#8211; alles drin, aber ansonsten sag&#8216; ich mir: Lieber verhandeln. <\/strong><\/p>\n<p><iframe loading=\"lazy\" title=\"Kampfjets jetzt! \u2013 Grohmanns &quot;Wettern der Woche&quot;\" width=\"500\" height=\"281\" src=\"https:\/\/www.youtube.com\/embed\/GLj-cNmZNuw?feature=oembed\" frameborder=\"0\" allow=\"accelerometer; autoplay; clipboard-write; encrypted-media; gyroscope; picture-in-picture; web-share\" referrerpolicy=\"strict-origin-when-cross-origin\" allowfullscreen><\/iframe><\/p>\n<p>Leute, die Welt hat mit Hitler verhandelt, mit Stalin, Franco, Gaddafi, mit Mugabe, Idi Amin, Xi Jinping, mit Ortega, Friedrich Flick, Max Schmeling, H.G. Maa\u00dfen, sogar mit dem Friedensnobelpreistr\u00e4ger Yassir Arafat, mit Erdogan, Vladimir Lisin, sogar mit Leuten, die vorher von uns m\u00fchsam und teuer genug hochgep\u00e4ppelt, finanziert, strategisch-milit\u00e4risch und rein menschlich unterst\u00fctzt, aber dann frech wurden. Also: Warum nicht auch mit Putin? OK, es hat was f\u00fcr sich, erst mal abzuwarten und zu schauen, wie lange es noch dauert, bis dieser Schurkenstaat am Boden liegt. Aber ich bin vehement gegen einen Einmarsch, das muss klar sein.<\/p>\n<p>Die Demokratie ist auch heute in vielen L\u00e4ndern in Gefahr, ja, in vielen L\u00e4ndern kennt man sie sogar nur aus der Ferne wie Merz und Maa\u00dfen, gr\u00fc\u00dft sie wie einen guten Onkel aus Amerika, der 1933 in die USA auswandern durfte. Deshalb schauen wir ja in diesen tristen Tagen auch so genau hin, wie es um Populismus und Ausl\u00e4nderhass steht, wie es dem Antisemitismus und der Gewalt geht, was die Gerechtigkeit tags\u00fcber so treibt. Hin und wieder wandert der Blick dann ins Ausland, zum Nato-Partner T\u00fcrkei, in die Niederungen von \u00d6sterreich, wo eben erst die Demokratie zu humpeln beginnt &#8211; nein, noch nichts Ernstes &#8211; dorthin, wo die rechten Populisten bei den j\u00fcngsten Wahlen gut und gern mehr als 50 % der W\u00e4hlerschaft binden konnten, freiwillig. Und weil Jahrestag ist, werfen den Blick zur\u00fcck ins Deutsche Reich der 30er Jahre, zu Krupp und Thyssen und Flick und Abs, zu Daimler und Porsche, zu Kirchen und Junkern, zum Adel und dem Medien-Mogul und Hitler-Freund Hugenberg. Nein, Leute: Die W\u00e4hler seinerzeit haben <strong>trotz<\/strong> Deutscher Bank und Industrie, trotz alledem und alledem Adolf Hitler, die NSDAP, die Sippenhaft, die Judenvernichtung und den Krieg gew\u00e4hlt. Aber ganz demokratisch soll es 1933 nicht zugegangen sein, sagen die Forschungen, und: Die Industrie war jedenfalls nicht schuld.<\/p>\n<p>In den Niederlanden, las ich dieser Tage, halten 2<strong>3 Prozent der letzten Generation (Leute zwischen 20 und 40 Jahren) die Berichte \u00fcber den Holocaust f\u00fcr einen Mythos oder \u00fcbertrieben. Und auch \u00fcber die NS-Zeit wei\u00df man wenig bei unseren Nachbarn. Gott sei Dank leben wir hier.<\/strong><\/p>\n<p><em><a href=\"https:\/\/www.youtube.com\/channel\/UCIUhugD7UAKv8008QIch1Rw\" target=\"_blank\" rel=\"noopener\">Peter Grohmann\u2019s \u201eWettern der Woche\u201c<\/a><\/em><\/p>\n<p><em>Peter Grohmann ist Kabarettist und Koordinator des B\u00fcrgerprojekts <a href=\"https:\/\/www.die-anstifter.de\/\" target=\"_blank\" rel=\"noopener\">Die AnStifter.<\/a><\/em><\/p>\n","protected":false},"excerpt":{"rendered":"<p>Kampfjets jetzt, sofort. Obwohl ich noch bissel unsicher bin! Fregatten ja, Drohnen gern, Haubitzen allemal, Mauser immer, wenn&#8217;s sein muss, U-Boote, taktische Atomwaffen aus B\u00fcchel oder so, Bodentruppen, S\u00f6ldner, Verbandsk\u00e4sten &#8211; alles drin, aber ansonsten sag&#8216; ich mir: Lieber verhandeln.&hellip;<\/p>\n","protected":false},"author":2138,"featured_media":1713606,"comment_status":"closed","ping_status":"closed","sticky":false,"template":"","format":"standard","meta":{"footnotes":""},"categories":[9150,9167,9143,11387,27991],"tags":[16239,100972,104047,102468],"class_list":["post-1713605","post","type-post","status-publish","format-standard","has-post-thumbnail","hentry","category-europa-de","category-frieden-und-abruestung","category-meinungen","category-originalinhalt","category-video-de","tag-satire-de","tag-ukrainekrieg","tag-verhandlungsdiplomatie","tag-wettern-der-woche"],"yoast_head":"<!-- This site is optimized with the Yoast SEO plugin v27.1.1 - https:\/\/yoast.com\/product\/yoast-seo-wordpress\/ -->\n<title>Jetzt Kampfjets!<\/title>\n<meta name=\"description\" content=\"Kampfjets jetzt, sofort. Obwohl ich noch bissel unsicher bin! Fregatten ja, Drohnen gern, Haubitzen allemal, Mauser immer, wenn&#039;s sein muss, U-Boote,\" \/>\n<meta name=\"robots\" content=\"index, follow, max-snippet:-1, max-image-preview:large, max-video-preview:-1\" \/>\n<link rel=\"canonical\" href=\"https:\/\/www.pressenza.com\/de\/2023\/02\/jetzt-kampfjets\/\" \/>\n<meta property=\"og:locale\" content=\"de_DE\" \/>\n<meta property=\"og:type\" content=\"article\" \/>\n<meta property=\"og:title\" content=\"Jetzt Kampfjets!\" \/>\n<meta property=\"og:description\" content=\"Kampfjets jetzt, sofort. Obwohl ich noch bissel unsicher bin! Fregatten ja, Drohnen gern, Haubitzen allemal, Mauser immer, wenn&#039;s sein muss, U-Boote,\" \/>\n<meta property=\"og:url\" content=\"https:\/\/www.pressenza.com\/de\/2023\/02\/jetzt-kampfjets\/\" \/>\n<meta property=\"og:site_name\" content=\"Pressenza\" \/>\n<meta property=\"article:publisher\" content=\"https:\/\/www.facebook.com\/PressenzaItalia\" \/>\n<meta property=\"article:published_time\" content=\"2023-02-01T18:20:41+00:00\" \/>\n<meta property=\"og:image\" content=\"https:\/\/www.pressenza.com\/wp-content\/uploads\/2023\/02\/Kampfjets_jetzt.jpg\" \/>\n\t<meta property=\"og:image:width\" content=\"820\" \/>\n\t<meta property=\"og:image:height\" content=\"457\" \/>\n\t<meta property=\"og:image:type\" content=\"image\/jpeg\" \/>\n<meta name=\"author\" content=\"Peter Grohmann\" \/>\n<meta name=\"twitter:card\" content=\"summary_large_image\" \/>\n<meta name=\"twitter:creator\" content=\"@PressenzaIPA\" \/>\n<meta name=\"twitter:site\" content=\"@PressenzaIPA\" \/>\n<meta name=\"twitter:label1\" content=\"Verfasst von\" \/>\n\t<meta name=\"twitter:data1\" content=\"Peter Grohmann\" \/>\n\t<meta name=\"twitter:label2\" content=\"Gesch\u00e4tzte Lesezeit\" \/>\n\t<meta name=\"twitter:data2\" content=\"2\u00a0Minuten\" \/>\n<script type=\"application\/ld+json\" class=\"yoast-schema-graph\">{\"@context\":\"https:\/\/schema.org\",\"@graph\":[{\"@type\":\"Article\",\"@id\":\"https:\/\/www.pressenza.com\/de\/2023\/02\/jetzt-kampfjets\/#article\",\"isPartOf\":{\"@id\":\"https:\/\/www.pressenza.com\/de\/2023\/02\/jetzt-kampfjets\/\"},\"author\":{\"name\":\"Peter Grohmann\",\"@id\":\"https:\/\/www.pressenza.com\/de\/#\/schema\/person\/13fbb69602a371248f3199c744d1187e\"},\"headline\":\"Jetzt Kampfjets!\",\"datePublished\":\"2023-02-01T18:20:41+00:00\",\"mainEntityOfPage\":{\"@id\":\"https:\/\/www.pressenza.com\/de\/2023\/02\/jetzt-kampfjets\/\"},\"wordCount\":434,\"publisher\":{\"@id\":\"https:\/\/www.pressenza.com\/de\/#organization\"},\"image\":{\"@id\":\"https:\/\/www.pressenza.com\/de\/2023\/02\/jetzt-kampfjets\/#primaryimage\"},\"thumbnailUrl\":\"https:\/\/www.pressenza.com\/wp-content\/uploads\/2023\/02\/Kampfjets_jetzt.jpg\",\"keywords\":[\"satire\",\"Ukrainekrieg\",\"Verhandlungsdiplomatie\",\"Wettern der Woche\"],\"articleSection\":[\"Europa\",\"Frieden und Abr\u00fcstung\",\"Meinungen\",\"Originalinhalt\",\"Video\"],\"inLanguage\":\"de\"},{\"@type\":\"WebPage\",\"@id\":\"https:\/\/www.pressenza.com\/de\/2023\/02\/jetzt-kampfjets\/\",\"url\":\"https:\/\/www.pressenza.com\/de\/2023\/02\/jetzt-kampfjets\/\",\"name\":\"Jetzt Kampfjets!\",\"isPartOf\":{\"@id\":\"https:\/\/www.pressenza.com\/de\/#website\"},\"primaryImageOfPage\":{\"@id\":\"https:\/\/www.pressenza.com\/de\/2023\/02\/jetzt-kampfjets\/#primaryimage\"},\"image\":{\"@id\":\"https:\/\/www.pressenza.com\/de\/2023\/02\/jetzt-kampfjets\/#primaryimage\"},\"thumbnailUrl\":\"https:\/\/www.pressenza.com\/wp-content\/uploads\/2023\/02\/Kampfjets_jetzt.jpg\",\"datePublished\":\"2023-02-01T18:20:41+00:00\",\"description\":\"Kampfjets jetzt, sofort. Obwohl ich noch bissel unsicher bin! Fregatten ja, Drohnen gern, Haubitzen allemal, Mauser immer, wenn's sein muss, U-Boote,\",\"breadcrumb\":{\"@id\":\"https:\/\/www.pressenza.com\/de\/2023\/02\/jetzt-kampfjets\/#breadcrumb\"},\"inLanguage\":\"de\",\"potentialAction\":[{\"@type\":\"ReadAction\",\"target\":[\"https:\/\/www.pressenza.com\/de\/2023\/02\/jetzt-kampfjets\/\"]}]},{\"@type\":\"ImageObject\",\"inLanguage\":\"de\",\"@id\":\"https:\/\/www.pressenza.com\/de\/2023\/02\/jetzt-kampfjets\/#primaryimage\",\"url\":\"https:\/\/www.pressenza.com\/wp-content\/uploads\/2023\/02\/Kampfjets_jetzt.jpg\",\"contentUrl\":\"https:\/\/www.pressenza.com\/wp-content\/uploads\/2023\/02\/Kampfjets_jetzt.jpg\",\"width\":820,\"height\":457},{\"@type\":\"BreadcrumbList\",\"@id\":\"https:\/\/www.pressenza.com\/de\/2023\/02\/jetzt-kampfjets\/#breadcrumb\",\"itemListElement\":[{\"@type\":\"ListItem\",\"position\":1,\"name\":\"Accueil\",\"item\":\"https:\/\/www.pressenza.com\/de\/\"},{\"@type\":\"ListItem\",\"position\":2,\"name\":\"Jetzt Kampfjets!\"}]},{\"@type\":\"WebSite\",\"@id\":\"https:\/\/www.pressenza.com\/de\/#website\",\"url\":\"https:\/\/www.pressenza.com\/de\/\",\"name\":\"Pressenza\",\"description\":\"International Press Agency\",\"publisher\":{\"@id\":\"https:\/\/www.pressenza.com\/de\/#organization\"},\"potentialAction\":[{\"@type\":\"SearchAction\",\"target\":{\"@type\":\"EntryPoint\",\"urlTemplate\":\"https:\/\/www.pressenza.com\/de\/?s={search_term_string}\"},\"query-input\":{\"@type\":\"PropertyValueSpecification\",\"valueRequired\":true,\"valueName\":\"search_term_string\"}}],\"inLanguage\":\"de\"},{\"@type\":\"Organization\",\"@id\":\"https:\/\/www.pressenza.com\/de\/#organization\",\"name\":\"Pressenza\",\"url\":\"https:\/\/www.pressenza.com\/de\/\",\"logo\":{\"@type\":\"ImageObject\",\"inLanguage\":\"de\",\"@id\":\"https:\/\/www.pressenza.com\/de\/#\/schema\/logo\/image\/\",\"url\":\"https:\/\/www.pressenza.com\/wp-content\/uploads\/2022\/10\/pressenza_logo_200x200.jpg\",\"contentUrl\":\"https:\/\/www.pressenza.com\/wp-content\/uploads\/2022\/10\/pressenza_logo_200x200.jpg\",\"width\":200,\"height\":200,\"caption\":\"Pressenza\"},\"image\":{\"@id\":\"https:\/\/www.pressenza.com\/de\/#\/schema\/logo\/image\/\"},\"sameAs\":[\"https:\/\/www.facebook.com\/PressenzaItalia\",\"https:\/\/x.com\/PressenzaIPA\"]},{\"@type\":\"Person\",\"@id\":\"https:\/\/www.pressenza.com\/de\/#\/schema\/person\/13fbb69602a371248f3199c744d1187e\",\"name\":\"Peter Grohmann\",\"description\":\"(Jahrgang 1937) lebt in Stuttgart, ist Schriftsteller und Kabarettist und arbeitet u.a. f\u00fcr die Wochenzeitung Kontext, de TAZ und diverse andere Medien. Grohmann hat das B\u00fcrgerprojekt Die AnStifter gegr\u00fcndet, heute eine der gro\u00dfen zivilgeellschaftlichen Gruppen mit dem Schwerpunkt \u201egegen Gewalt und Vergessen\u201d. https:\/\/dewiki.de\/Lexikon\/Peter_Grohmann\",\"url\":\"https:\/\/www.pressenza.com\/de\/author\/peter-grohmann\/\"}]}<\/script>\n<!-- \/ Yoast SEO plugin. -->","yoast_head_json":{"title":"Jetzt Kampfjets!","description":"Kampfjets jetzt, sofort. Obwohl ich noch bissel unsicher bin! Fregatten ja, Drohnen gern, Haubitzen allemal, Mauser immer, wenn's sein muss, U-Boote,","robots":{"index":"index","follow":"follow","max-snippet":"max-snippet:-1","max-image-preview":"max-image-preview:large","max-video-preview":"max-video-preview:-1"},"canonical":"https:\/\/www.pressenza.com\/de\/2023\/02\/jetzt-kampfjets\/","og_locale":"de_DE","og_type":"article","og_title":"Jetzt Kampfjets!","og_description":"Kampfjets jetzt, sofort. Obwohl ich noch bissel unsicher bin! Fregatten ja, Drohnen gern, Haubitzen allemal, Mauser immer, wenn's sein muss, U-Boote,","og_url":"https:\/\/www.pressenza.com\/de\/2023\/02\/jetzt-kampfjets\/","og_site_name":"Pressenza","article_publisher":"https:\/\/www.facebook.com\/PressenzaItalia","article_published_time":"2023-02-01T18:20:41+00:00","og_image":[{"width":820,"height":457,"url":"https:\/\/www.pressenza.com\/wp-content\/uploads\/2023\/02\/Kampfjets_jetzt.jpg","type":"image\/jpeg"}],"author":"Peter Grohmann","twitter_card":"summary_large_image","twitter_creator":"@PressenzaIPA","twitter_site":"@PressenzaIPA","twitter_misc":{"Verfasst von":"Peter Grohmann","Gesch\u00e4tzte Lesezeit":"2\u00a0Minuten"},"schema":{"@context":"https:\/\/schema.org","@graph":[{"@type":"Article","@id":"https:\/\/www.pressenza.com\/de\/2023\/02\/jetzt-kampfjets\/#article","isPartOf":{"@id":"https:\/\/www.pressenza.com\/de\/2023\/02\/jetzt-kampfjets\/"},"author":{"name":"Peter Grohmann","@id":"https:\/\/www.pressenza.com\/de\/#\/schema\/person\/13fbb69602a371248f3199c744d1187e"},"headline":"Jetzt Kampfjets!","datePublished":"2023-02-01T18:20:41+00:00","mainEntityOfPage":{"@id":"https:\/\/www.pressenza.com\/de\/2023\/02\/jetzt-kampfjets\/"},"wordCount":434,"publisher":{"@id":"https:\/\/www.pressenza.com\/de\/#organization"},"image":{"@id":"https:\/\/www.pressenza.com\/de\/2023\/02\/jetzt-kampfjets\/#primaryimage"},"thumbnailUrl":"https:\/\/www.pressenza.com\/wp-content\/uploads\/2023\/02\/Kampfjets_jetzt.jpg","keywords":["satire","Ukrainekrieg","Verhandlungsdiplomatie","Wettern der Woche"],"articleSection":["Europa","Frieden und Abr\u00fcstung","Meinungen","Originalinhalt","Video"],"inLanguage":"de"},{"@type":"WebPage","@id":"https:\/\/www.pressenza.com\/de\/2023\/02\/jetzt-kampfjets\/","url":"https:\/\/www.pressenza.com\/de\/2023\/02\/jetzt-kampfjets\/","name":"Jetzt Kampfjets!","isPartOf":{"@id":"https:\/\/www.pressenza.com\/de\/#website"},"primaryImageOfPage":{"@id":"https:\/\/www.pressenza.com\/de\/2023\/02\/jetzt-kampfjets\/#primaryimage"},"image":{"@id":"https:\/\/www.pressenza.com\/de\/2023\/02\/jetzt-kampfjets\/#primaryimage"},"thumbnailUrl":"https:\/\/www.pressenza.com\/wp-content\/uploads\/2023\/02\/Kampfjets_jetzt.jpg","datePublished":"2023-02-01T18:20:41+00:00","description":"Kampfjets jetzt, sofort. Obwohl ich noch bissel unsicher bin! Fregatten ja, Drohnen gern, Haubitzen allemal, Mauser immer, wenn's sein muss, U-Boote,","breadcrumb":{"@id":"https:\/\/www.pressenza.com\/de\/2023\/02\/jetzt-kampfjets\/#breadcrumb"},"inLanguage":"de","potentialAction":[{"@type":"ReadAction","target":["https:\/\/www.pressenza.com\/de\/2023\/02\/jetzt-kampfjets\/"]}]},{"@type":"ImageObject","inLanguage":"de","@id":"https:\/\/www.pressenza.com\/de\/2023\/02\/jetzt-kampfjets\/#primaryimage","url":"https:\/\/www.pressenza.com\/wp-content\/uploads\/2023\/02\/Kampfjets_jetzt.jpg","contentUrl":"https:\/\/www.pressenza.com\/wp-content\/uploads\/2023\/02\/Kampfjets_jetzt.jpg","width":820,"height":457},{"@type":"BreadcrumbList","@id":"https:\/\/www.pressenza.com\/de\/2023\/02\/jetzt-kampfjets\/#breadcrumb","itemListElement":[{"@type":"ListItem","position":1,"name":"Accueil","item":"https:\/\/www.pressenza.com\/de\/"},{"@type":"ListItem","position":2,"name":"Jetzt Kampfjets!"}]},{"@type":"WebSite","@id":"https:\/\/www.pressenza.com\/de\/#website","url":"https:\/\/www.pressenza.com\/de\/","name":"Pressenza","description":"International Press Agency","publisher":{"@id":"https:\/\/www.pressenza.com\/de\/#organization"},"potentialAction":[{"@type":"SearchAction","target":{"@type":"EntryPoint","urlTemplate":"https:\/\/www.pressenza.com\/de\/?s={search_term_string}"},"query-input":{"@type":"PropertyValueSpecification","valueRequired":true,"valueName":"search_term_string"}}],"inLanguage":"de"},{"@type":"Organization","@id":"https:\/\/www.pressenza.com\/de\/#organization","name":"Pressenza","url":"https:\/\/www.pressenza.com\/de\/","logo":{"@type":"ImageObject","inLanguage":"de","@id":"https:\/\/www.pressenza.com\/de\/#\/schema\/logo\/image\/","url":"https:\/\/www.pressenza.com\/wp-content\/uploads\/2022\/10\/pressenza_logo_200x200.jpg","contentUrl":"https:\/\/www.pressenza.com\/wp-content\/uploads\/2022\/10\/pressenza_logo_200x200.jpg","width":200,"height":200,"caption":"Pressenza"},"image":{"@id":"https:\/\/www.pressenza.com\/de\/#\/schema\/logo\/image\/"},"sameAs":["https:\/\/www.facebook.com\/PressenzaItalia","https:\/\/x.com\/PressenzaIPA"]},{"@type":"Person","@id":"https:\/\/www.pressenza.com\/de\/#\/schema\/person\/13fbb69602a371248f3199c744d1187e","name":"Peter Grohmann","description":"(Jahrgang 1937) lebt in Stuttgart, ist Schriftsteller und Kabarettist und arbeitet u.a. f\u00fcr die Wochenzeitung Kontext, de TAZ und diverse andere Medien. Grohmann hat das B\u00fcrgerprojekt Die AnStifter gegr\u00fcndet, heute eine der gro\u00dfen zivilgeellschaftlichen Gruppen mit dem Schwerpunkt \u201egegen Gewalt und Vergessen\u201d. https:\/\/dewiki.de\/Lexikon\/Peter_Grohmann","url":"https:\/\/www.pressenza.com\/de\/author\/peter-grohmann\/"}]}},"place":"","original_article_url":"","_links":{"self":[{"href":"https:\/\/www.pressenza.com\/de\/wp-json\/wp\/v2\/posts\/1713605","targetHints":{"allow":["GET"]}}],"collection":[{"href":"https:\/\/www.pressenza.com\/de\/wp-json\/wp\/v2\/posts"}],"about":[{"href":"https:\/\/www.pressenza.com\/de\/wp-json\/wp\/v2\/types\/post"}],"author":[{"embeddable":true,"href":"https:\/\/www.pressenza.com\/de\/wp-json\/wp\/v2\/users\/2138"}],"replies":[{"embeddable":true,"href":"https:\/\/www.pressenza.com\/de\/wp-json\/wp\/v2\/comments?post=1713605"}],"version-history":[{"count":0,"href":"https:\/\/www.pressenza.com\/de\/wp-json\/wp\/v2\/posts\/1713605\/revisions"}],"wp:featuredmedia":[{"embeddable":true,"href":"https:\/\/www.pressenza.com\/de\/wp-json\/wp\/v2\/media\/1713606"}],"wp:attachment":[{"href":"https:\/\/www.pressenza.com\/de\/wp-json\/wp\/v2\/media?parent=1713605"}],"wp:term":[{"taxonomy":"category","embeddable":true,"href":"https:\/\/www.pressenza.com\/de\/wp-json\/wp\/v2\/categories?post=1713605"},{"taxonomy":"post_tag","embeddable":true,"href":"https:\/\/www.pressenza.com\/de\/wp-json\/wp\/v2\/tags?post=1713605"}],"curies":[{"name":"wp","href":"https:\/\/api.w.org\/{rel}","templated":true}]}}