{"id":1713278,"date":"2023-02-02T06:36:19","date_gmt":"2023-02-02T06:36:19","guid":{"rendered":"https:\/\/www.pressenza.com\/?p=1713278"},"modified":"2023-02-02T06:36:19","modified_gmt":"2023-02-02T06:36:19","slug":"luegen-in-zeiten-des-krieges","status":"publish","type":"post","link":"https:\/\/www.pressenza.com\/de\/2023\/02\/luegen-in-zeiten-des-krieges\/","title":{"rendered":"L\u00fcgen in Zeiten des Krieges"},"content":{"rendered":"<p><strong>Im Krieg verlieren alle Seiten, bis auf jene, die gut daran verdienen und m\u00f6glichst weit vom Geschehen entfernt sind.<\/strong><\/p>\n<p>Nein, das ist keine Buchbesprechung. Es geht nicht um den lesenswerten Roman des Louis Begley, der seine Kindheit als Jude im kriegsverwickelten Polen reflektierte (1). Obwohl Polen bei dem aktuellen Anlass ebenfalls eine gewichtige Rolle spielt.<\/p>\n<p><strong>Nebenan, in Frankreich, da existieren noch Menschen, die trotz oder gerade wegen der allgemein im westlichen Europa euphorischen Kriegsstimmung ihre Stimme erheben und sich nicht scheuen, ihre Sichtweise kundzutun.<\/strong><\/p>\n<p>Erst k\u00fcrzlich hatte ein Enkel von Charles de Gaulle (2), seinerseits ein erfolgreicher Banker, die geostrategischen Verschiebungen beschrieben, die sich durch die Stellvertreterrolle der EU im Konflikt der USA mit Russland vollziehen. Kurz gesagt, die zumindest vehemente \u00f6konomische Schw\u00e4chung Europas und Russlands.<\/p>\n<p>Das Kalk\u00fcl der USA beschrieb er so, dass die Lahmlegung Europas als Ganzem, und dazu geh\u00f6rt eben auch Russland, den USA den R\u00fccken freimache, um den aus ihrer Sicht\u00a0<a href=\"https:\/\/neuedebatte.wpcomstaging.com\/2021\/10\/15\/der-rote-planet-003-die-neue-weltordnung-hauptfeind-china\/\" data-type=\"post\" data-id=\"117547\">Hauptfeind China<\/a>\u00a0ins Visier nehmen zu k\u00f6nnen. Und dass bei der Achse der Willigen eine Machtlinie von Washington \u00fcber London nach Warschau entstanden sei, bei der weder Paris noch Berlin eine gr\u00f6\u00dfere Rolle spielen, sei mittlerweile mehr als deutlich geworden.<\/p>\n<p>Nicht allen, k\u00f6nnte man schlussfolgern, bevor man noch den franz\u00f6sischen Historiker Emmanuel Todd zitierte, der ebenfalls k\u00fcrzlich in einem langen Interview an prominenter Stelle seine Sichtweise zu Protokoll gab, ohne auf die zunehmend schw\u00e4chere Disposition nicht nur Europas, sondern auch der USA zu verzichten.<\/p>\n<p>Die weltweit zu beobachtenden neuen Allianzen, die in gewisser Weise an die Bewegung der Blockfreien aus dem letzten Jahrhundert erinnern, sind insofern f\u00fcr die Hegemonie der USA gef\u00e4hrlicher, als dass sie \u00fcber nicht zu untersch\u00e4tzende Mittel verf\u00fcgen, um den US-Dollar als Weltw\u00e4hrung zu st\u00fcrzen und damit der\u00a0<a href=\"https:\/\/neuedebatte.wpcomstaging.com\/2020\/07\/28\/ernst-wolff-finanzsystem\/\" data-type=\"post\" data-id=\"103691\">grenzenlosen Kreditw\u00fcrdigkeit der USA<\/a>\u00a0ein Ende setzen k\u00f6nnten.<\/p>\n<p>Was aus der Bewegung der Blockfreien geworden ist, steht in den Geschichtsb\u00fcchern. Jenseits des unmittelbaren Interesses seitens Europas wurde ein Staat nach dem anderen destabilisiert, durch Putsch, Mord oder direkte milit\u00e4rische Intervention. In\u00a0<a href=\"https:\/\/neuedebatte.wpcomstaging.com\/2022\/11\/15\/g20-gipfel-avancen-im-sarong\/\" data-type=\"post\" data-id=\"130500\">Indonesien<\/a>, Mitbegr\u00fcnderstaat der Bewegung, 1965 durch einen Putsch mit mehr als 1,5 Millionen Toten bis hin zur endg\u00fcltigen Zerschlagung Jugoslawiens im letzten Jahrzehnt des 20. Jahrhunderts. Vielleicht auch noch einmal so viel zu dem Argument, man k\u00f6nne den V\u00f6lkern nicht vorschreiben, welchen Weg sie w\u00e4hlen.<\/p>\n<p>In der \u00f6ffentlichen Wahrnehmung Deutschlands bleiben diese Stimmen ungeh\u00f6rt. Genauso wenig wird dar\u00fcber berichtet, was nicht in die Serie der Erfolgsmeldungen passt. Jedes Revirement im russischen Milit\u00e4rapparat wird als Indiz der dortigen Probleme gewertet. Dass nun gleiches in der Ukraine geschieht und oberste Milit\u00e4rs gar wegen Korruption entfernt werden m\u00fcssen, ist den Propagandaabteilungen hierzulande keine Meldung wert.<\/p>\n<p>Ebenso wenig die Tatsache, dass die T\u00fcrkei trotz williger Auslieferung von Kurden seitens des NATO-Anw\u00e4rterlandes Schweden nach wie vor ihr Veto zur Aufnahme Schwedens einlegt. Wohl weil der Menschenpreis bis dato zu niedrig ist. Und deshalb wird in Finnland dar\u00fcber nachgedacht, alleine und nicht zusammen mit Schweden der NATO beitreten zu wollen.<\/p>\n<p>L\u00fcgen in Zeiten des Krieges haben den Zweck, auf Biegen und Brechen die Illusion des eigenen Sieges so lange wie nur m\u00f6glich aufrecht zu erhalten. Ist diese Illusion in Gefahr, dann erh\u00e4lt die einzige Wahrheit, die Kriege hervorbringt, die M\u00f6glichkeit, ans Licht zu kommen: Im Krieg verlieren alle Seiten, bis auf jene, die gut daran verdienen und m\u00f6glichst weit vom Geschehen entfernt sind.<\/p>\n<div class=\"wp-block-spacer\" aria-hidden=\"true\"><\/div>\n<p id=\"quellen-und-anmerkungen\" class=\"wp-block-heading\"><strong>Quellen und Anmerkungen<\/strong><\/p>\n<p>(1)\u00a0<strong>Louis Begley<\/strong>\u00a0(Jahrgang 1933) ist Schriftsteller und Anwalt polnisch-j\u00fcdischer Herkunft. Nach dem Zweiten Weltkrieg emigrierte seine Familie in die USA. Begley trat mit dem Roman \u201eL\u00fcgen in Zeiten des Krieges\u201c Anfang der 1990er-Jahre erstmals literarisch in Erscheinung.<\/p>\n<p>(2)\u00a0<strong>Charles de Gaulle<\/strong>\u00a0(1890 bis 1970) war Soldat, General im Zweiten Weltkrieg und Staatsmann. Als Chef der \u201eFreien Franz\u00f6sischen Streitkr\u00e4fte\u201c f\u00fchrte aus dem Exil in London den Widerstand des Freien Frankreichs gegen die Nazi-Besatzung an. Von 1944 bis 1946 war Charles de Gaulle Pr\u00e4sident der Provisorischen Regierung. Ende der 1950er-Jahre setzte er eine Verfassungsreform durch, mit der die F\u00fcnfte Republik begr\u00fcndet wurde, deren Pr\u00e4sident er von 1959 bis 1969 war. Die auf ihn zur\u00fcckgehende politische Ideologie des Gaullismus, eine Weltanschauung, die einen kulturell konservativen, wirtschaftlich aufgeschlossenen, aber zentralistischen Staat anstrebt, hat bis in die Gegenwart Einfluss auf die franz\u00f6sische Politik.<\/p>\n<p>(3)\u00a0<strong>Emmanuel Todd<\/strong>\u00a0(Jahrgang 1951) ist ein franz\u00f6sischer Anthropologe, Demograf und Historiker. Als Autor hat Todd insbesondere zu Fragen der Bev\u00f6lkerungsentwicklung und der Familienstrukturen in international vergleichender und historischer Perspektive publiziert.<\/p>\n","protected":false},"excerpt":{"rendered":"<p>Im Krieg verlieren alle Seiten, bis auf jene, die gut daran verdienen und m\u00f6glichst weit vom Geschehen entfernt sind. Nein, das ist keine Buchbesprechung. Es geht nicht um den lesenswerten Roman des Louis Begley, der seine Kindheit als Jude im&hellip;<\/p>\n","protected":false},"author":1342,"featured_media":1713279,"comment_status":"closed","ping_status":"closed","sticky":false,"template":"","format":"standard","meta":{"footnotes":""},"categories":[9167,9143,9168],"tags":[15511,11826,11932],"class_list":["post-1713278","post","type-post","status-publish","format-standard","has-post-thumbnail","hentry","category-frieden-und-abruestung","category-meinungen","category-politik","tag-manipulation-de","tag-nato-de","tag-propaganda-de"],"yoast_head":"<!-- This site is optimized with the Yoast SEO plugin v27.1.1 - https:\/\/yoast.com\/product\/yoast-seo-wordpress\/ -->\n<title>L\u00fcgen in Zeiten des Krieges<\/title>\n<meta name=\"description\" content=\"Im Krieg verlieren alle Seiten, bis auf jene, die gut daran verdienen und m\u00f6glichst weit vom Geschehen entfernt sind. Nein, das ist keine Buchbesprechung.\" \/>\n<meta name=\"robots\" content=\"index, follow, max-snippet:-1, max-image-preview:large, max-video-preview:-1\" \/>\n<link rel=\"canonical\" href=\"https:\/\/www.pressenza.com\/de\/2023\/02\/luegen-in-zeiten-des-krieges\/\" \/>\n<meta property=\"og:locale\" content=\"de_DE\" \/>\n<meta property=\"og:type\" content=\"article\" \/>\n<meta property=\"og:title\" content=\"L\u00fcgen in Zeiten des Krieges\" \/>\n<meta property=\"og:description\" content=\"Im Krieg verlieren alle Seiten, bis auf jene, die gut daran verdienen und m\u00f6glichst weit vom Geschehen entfernt sind. Nein, das ist keine Buchbesprechung.\" \/>\n<meta property=\"og:url\" content=\"https:\/\/www.pressenza.com\/de\/2023\/02\/luegen-in-zeiten-des-krieges\/\" \/>\n<meta property=\"og:site_name\" content=\"Pressenza\" \/>\n<meta property=\"article:publisher\" content=\"https:\/\/www.facebook.com\/PressenzaItalia\" \/>\n<meta property=\"article:published_time\" content=\"2023-02-02T06:36:19+00:00\" \/>\n<meta property=\"og:image\" content=\"https:\/\/www.pressenza.com\/wp-content\/uploads\/2023\/01\/neue-deb.jpg\" \/>\n\t<meta property=\"og:image:width\" content=\"1199\" \/>\n\t<meta property=\"og:image:height\" content=\"785\" \/>\n\t<meta property=\"og:image:type\" content=\"image\/jpeg\" \/>\n<meta name=\"author\" content=\"Neue Debatte\" \/>\n<meta name=\"twitter:card\" content=\"summary_large_image\" \/>\n<meta name=\"twitter:creator\" content=\"@PressenzaIPA\" \/>\n<meta name=\"twitter:site\" content=\"@PressenzaIPA\" \/>\n<meta name=\"twitter:label1\" content=\"Verfasst von\" \/>\n\t<meta name=\"twitter:data1\" content=\"Neue Debatte\" \/>\n\t<meta name=\"twitter:label2\" content=\"Gesch\u00e4tzte Lesezeit\" \/>\n\t<meta name=\"twitter:data2\" content=\"5\u00a0Minuten\" \/>\n<script type=\"application\/ld+json\" class=\"yoast-schema-graph\">{\"@context\":\"https:\/\/schema.org\",\"@graph\":[{\"@type\":\"Article\",\"@id\":\"https:\/\/www.pressenza.com\/de\/2023\/02\/luegen-in-zeiten-des-krieges\/#article\",\"isPartOf\":{\"@id\":\"https:\/\/www.pressenza.com\/de\/2023\/02\/luegen-in-zeiten-des-krieges\/\"},\"author\":{\"name\":\"Neue Debatte\",\"@id\":\"https:\/\/www.pressenza.com\/de\/#\/schema\/person\/b816344ee166a2736c48a20c4b9ad2a9\"},\"headline\":\"L\u00fcgen in Zeiten des Krieges\",\"datePublished\":\"2023-02-02T06:36:19+00:00\",\"mainEntityOfPage\":{\"@id\":\"https:\/\/www.pressenza.com\/de\/2023\/02\/luegen-in-zeiten-des-krieges\/\"},\"wordCount\":760,\"publisher\":{\"@id\":\"https:\/\/www.pressenza.com\/de\/#organization\"},\"image\":{\"@id\":\"https:\/\/www.pressenza.com\/de\/2023\/02\/luegen-in-zeiten-des-krieges\/#primaryimage\"},\"thumbnailUrl\":\"https:\/\/www.pressenza.com\/wp-content\/uploads\/2023\/01\/neue-deb.jpg\",\"keywords\":[\"manipulation\",\"NATO\",\"Propaganda\"],\"articleSection\":[\"Frieden und Abr\u00fcstung\",\"Meinungen\",\"Politik\"],\"inLanguage\":\"de\"},{\"@type\":\"WebPage\",\"@id\":\"https:\/\/www.pressenza.com\/de\/2023\/02\/luegen-in-zeiten-des-krieges\/\",\"url\":\"https:\/\/www.pressenza.com\/de\/2023\/02\/luegen-in-zeiten-des-krieges\/\",\"name\":\"L\u00fcgen in Zeiten des Krieges\",\"isPartOf\":{\"@id\":\"https:\/\/www.pressenza.com\/de\/#website\"},\"primaryImageOfPage\":{\"@id\":\"https:\/\/www.pressenza.com\/de\/2023\/02\/luegen-in-zeiten-des-krieges\/#primaryimage\"},\"image\":{\"@id\":\"https:\/\/www.pressenza.com\/de\/2023\/02\/luegen-in-zeiten-des-krieges\/#primaryimage\"},\"thumbnailUrl\":\"https:\/\/www.pressenza.com\/wp-content\/uploads\/2023\/01\/neue-deb.jpg\",\"datePublished\":\"2023-02-02T06:36:19+00:00\",\"description\":\"Im Krieg verlieren alle Seiten, bis auf jene, die gut daran verdienen und m\u00f6glichst weit vom Geschehen entfernt sind. Nein, das ist keine Buchbesprechung.\",\"breadcrumb\":{\"@id\":\"https:\/\/www.pressenza.com\/de\/2023\/02\/luegen-in-zeiten-des-krieges\/#breadcrumb\"},\"inLanguage\":\"de\",\"potentialAction\":[{\"@type\":\"ReadAction\",\"target\":[\"https:\/\/www.pressenza.com\/de\/2023\/02\/luegen-in-zeiten-des-krieges\/\"]}]},{\"@type\":\"ImageObject\",\"inLanguage\":\"de\",\"@id\":\"https:\/\/www.pressenza.com\/de\/2023\/02\/luegen-in-zeiten-des-krieges\/#primaryimage\",\"url\":\"https:\/\/www.pressenza.com\/wp-content\/uploads\/2023\/01\/neue-deb.jpg\",\"contentUrl\":\"https:\/\/www.pressenza.com\/wp-content\/uploads\/2023\/01\/neue-deb.jpg\",\"width\":1199,\"height\":785},{\"@type\":\"BreadcrumbList\",\"@id\":\"https:\/\/www.pressenza.com\/de\/2023\/02\/luegen-in-zeiten-des-krieges\/#breadcrumb\",\"itemListElement\":[{\"@type\":\"ListItem\",\"position\":1,\"name\":\"Accueil\",\"item\":\"https:\/\/www.pressenza.com\/de\/\"},{\"@type\":\"ListItem\",\"position\":2,\"name\":\"L\u00fcgen in Zeiten des Krieges\"}]},{\"@type\":\"WebSite\",\"@id\":\"https:\/\/www.pressenza.com\/de\/#website\",\"url\":\"https:\/\/www.pressenza.com\/de\/\",\"name\":\"Pressenza\",\"description\":\"International Press Agency\",\"publisher\":{\"@id\":\"https:\/\/www.pressenza.com\/de\/#organization\"},\"potentialAction\":[{\"@type\":\"SearchAction\",\"target\":{\"@type\":\"EntryPoint\",\"urlTemplate\":\"https:\/\/www.pressenza.com\/de\/?s={search_term_string}\"},\"query-input\":{\"@type\":\"PropertyValueSpecification\",\"valueRequired\":true,\"valueName\":\"search_term_string\"}}],\"inLanguage\":\"de\"},{\"@type\":\"Organization\",\"@id\":\"https:\/\/www.pressenza.com\/de\/#organization\",\"name\":\"Pressenza\",\"url\":\"https:\/\/www.pressenza.com\/de\/\",\"logo\":{\"@type\":\"ImageObject\",\"inLanguage\":\"de\",\"@id\":\"https:\/\/www.pressenza.com\/de\/#\/schema\/logo\/image\/\",\"url\":\"https:\/\/www.pressenza.com\/wp-content\/uploads\/2022\/10\/pressenza_logo_200x200.jpg\",\"contentUrl\":\"https:\/\/www.pressenza.com\/wp-content\/uploads\/2022\/10\/pressenza_logo_200x200.jpg\",\"width\":200,\"height\":200,\"caption\":\"Pressenza\"},\"image\":{\"@id\":\"https:\/\/www.pressenza.com\/de\/#\/schema\/logo\/image\/\"},\"sameAs\":[\"https:\/\/www.facebook.com\/PressenzaItalia\",\"https:\/\/x.com\/PressenzaIPA\"]},{\"@type\":\"Person\",\"@id\":\"https:\/\/www.pressenza.com\/de\/#\/schema\/person\/b816344ee166a2736c48a20c4b9ad2a9\",\"name\":\"Neue Debatte\",\"description\":\"Magazin f\u00fcr Menschen, Kultur und Gesellschaft www.neue-debatte.de\",\"url\":\"https:\/\/www.pressenza.com\/de\/author\/neue-debatte\/\"}]}<\/script>\n<!-- \/ Yoast SEO plugin. -->","yoast_head_json":{"title":"L\u00fcgen in Zeiten des Krieges","description":"Im Krieg verlieren alle Seiten, bis auf jene, die gut daran verdienen und m\u00f6glichst weit vom Geschehen entfernt sind. Nein, das ist keine Buchbesprechung.","robots":{"index":"index","follow":"follow","max-snippet":"max-snippet:-1","max-image-preview":"max-image-preview:large","max-video-preview":"max-video-preview:-1"},"canonical":"https:\/\/www.pressenza.com\/de\/2023\/02\/luegen-in-zeiten-des-krieges\/","og_locale":"de_DE","og_type":"article","og_title":"L\u00fcgen in Zeiten des Krieges","og_description":"Im Krieg verlieren alle Seiten, bis auf jene, die gut daran verdienen und m\u00f6glichst weit vom Geschehen entfernt sind. Nein, das ist keine Buchbesprechung.","og_url":"https:\/\/www.pressenza.com\/de\/2023\/02\/luegen-in-zeiten-des-krieges\/","og_site_name":"Pressenza","article_publisher":"https:\/\/www.facebook.com\/PressenzaItalia","article_published_time":"2023-02-02T06:36:19+00:00","og_image":[{"width":1199,"height":785,"url":"https:\/\/www.pressenza.com\/wp-content\/uploads\/2023\/01\/neue-deb.jpg","type":"image\/jpeg"}],"author":"Neue Debatte","twitter_card":"summary_large_image","twitter_creator":"@PressenzaIPA","twitter_site":"@PressenzaIPA","twitter_misc":{"Verfasst von":"Neue Debatte","Gesch\u00e4tzte Lesezeit":"5\u00a0Minuten"},"schema":{"@context":"https:\/\/schema.org","@graph":[{"@type":"Article","@id":"https:\/\/www.pressenza.com\/de\/2023\/02\/luegen-in-zeiten-des-krieges\/#article","isPartOf":{"@id":"https:\/\/www.pressenza.com\/de\/2023\/02\/luegen-in-zeiten-des-krieges\/"},"author":{"name":"Neue Debatte","@id":"https:\/\/www.pressenza.com\/de\/#\/schema\/person\/b816344ee166a2736c48a20c4b9ad2a9"},"headline":"L\u00fcgen in Zeiten des Krieges","datePublished":"2023-02-02T06:36:19+00:00","mainEntityOfPage":{"@id":"https:\/\/www.pressenza.com\/de\/2023\/02\/luegen-in-zeiten-des-krieges\/"},"wordCount":760,"publisher":{"@id":"https:\/\/www.pressenza.com\/de\/#organization"},"image":{"@id":"https:\/\/www.pressenza.com\/de\/2023\/02\/luegen-in-zeiten-des-krieges\/#primaryimage"},"thumbnailUrl":"https:\/\/www.pressenza.com\/wp-content\/uploads\/2023\/01\/neue-deb.jpg","keywords":["manipulation","NATO","Propaganda"],"articleSection":["Frieden und Abr\u00fcstung","Meinungen","Politik"],"inLanguage":"de"},{"@type":"WebPage","@id":"https:\/\/www.pressenza.com\/de\/2023\/02\/luegen-in-zeiten-des-krieges\/","url":"https:\/\/www.pressenza.com\/de\/2023\/02\/luegen-in-zeiten-des-krieges\/","name":"L\u00fcgen in Zeiten des Krieges","isPartOf":{"@id":"https:\/\/www.pressenza.com\/de\/#website"},"primaryImageOfPage":{"@id":"https:\/\/www.pressenza.com\/de\/2023\/02\/luegen-in-zeiten-des-krieges\/#primaryimage"},"image":{"@id":"https:\/\/www.pressenza.com\/de\/2023\/02\/luegen-in-zeiten-des-krieges\/#primaryimage"},"thumbnailUrl":"https:\/\/www.pressenza.com\/wp-content\/uploads\/2023\/01\/neue-deb.jpg","datePublished":"2023-02-02T06:36:19+00:00","description":"Im Krieg verlieren alle Seiten, bis auf jene, die gut daran verdienen und m\u00f6glichst weit vom Geschehen entfernt sind. Nein, das ist keine Buchbesprechung.","breadcrumb":{"@id":"https:\/\/www.pressenza.com\/de\/2023\/02\/luegen-in-zeiten-des-krieges\/#breadcrumb"},"inLanguage":"de","potentialAction":[{"@type":"ReadAction","target":["https:\/\/www.pressenza.com\/de\/2023\/02\/luegen-in-zeiten-des-krieges\/"]}]},{"@type":"ImageObject","inLanguage":"de","@id":"https:\/\/www.pressenza.com\/de\/2023\/02\/luegen-in-zeiten-des-krieges\/#primaryimage","url":"https:\/\/www.pressenza.com\/wp-content\/uploads\/2023\/01\/neue-deb.jpg","contentUrl":"https:\/\/www.pressenza.com\/wp-content\/uploads\/2023\/01\/neue-deb.jpg","width":1199,"height":785},{"@type":"BreadcrumbList","@id":"https:\/\/www.pressenza.com\/de\/2023\/02\/luegen-in-zeiten-des-krieges\/#breadcrumb","itemListElement":[{"@type":"ListItem","position":1,"name":"Accueil","item":"https:\/\/www.pressenza.com\/de\/"},{"@type":"ListItem","position":2,"name":"L\u00fcgen in Zeiten des Krieges"}]},{"@type":"WebSite","@id":"https:\/\/www.pressenza.com\/de\/#website","url":"https:\/\/www.pressenza.com\/de\/","name":"Pressenza","description":"International Press Agency","publisher":{"@id":"https:\/\/www.pressenza.com\/de\/#organization"},"potentialAction":[{"@type":"SearchAction","target":{"@type":"EntryPoint","urlTemplate":"https:\/\/www.pressenza.com\/de\/?s={search_term_string}"},"query-input":{"@type":"PropertyValueSpecification","valueRequired":true,"valueName":"search_term_string"}}],"inLanguage":"de"},{"@type":"Organization","@id":"https:\/\/www.pressenza.com\/de\/#organization","name":"Pressenza","url":"https:\/\/www.pressenza.com\/de\/","logo":{"@type":"ImageObject","inLanguage":"de","@id":"https:\/\/www.pressenza.com\/de\/#\/schema\/logo\/image\/","url":"https:\/\/www.pressenza.com\/wp-content\/uploads\/2022\/10\/pressenza_logo_200x200.jpg","contentUrl":"https:\/\/www.pressenza.com\/wp-content\/uploads\/2022\/10\/pressenza_logo_200x200.jpg","width":200,"height":200,"caption":"Pressenza"},"image":{"@id":"https:\/\/www.pressenza.com\/de\/#\/schema\/logo\/image\/"},"sameAs":["https:\/\/www.facebook.com\/PressenzaItalia","https:\/\/x.com\/PressenzaIPA"]},{"@type":"Person","@id":"https:\/\/www.pressenza.com\/de\/#\/schema\/person\/b816344ee166a2736c48a20c4b9ad2a9","name":"Neue Debatte","description":"Magazin f\u00fcr Menschen, Kultur und Gesellschaft www.neue-debatte.de","url":"https:\/\/www.pressenza.com\/de\/author\/neue-debatte\/"}]}},"place":"Gerhard Mersmann","original_article_url":"https:\/\/neuedebatte.wpcomstaging.com\/2023\/01\/25\/luegen-in-zeiten-des-krieges\/","_links":{"self":[{"href":"https:\/\/www.pressenza.com\/de\/wp-json\/wp\/v2\/posts\/1713278","targetHints":{"allow":["GET"]}}],"collection":[{"href":"https:\/\/www.pressenza.com\/de\/wp-json\/wp\/v2\/posts"}],"about":[{"href":"https:\/\/www.pressenza.com\/de\/wp-json\/wp\/v2\/types\/post"}],"author":[{"embeddable":true,"href":"https:\/\/www.pressenza.com\/de\/wp-json\/wp\/v2\/users\/1342"}],"replies":[{"embeddable":true,"href":"https:\/\/www.pressenza.com\/de\/wp-json\/wp\/v2\/comments?post=1713278"}],"version-history":[{"count":0,"href":"https:\/\/www.pressenza.com\/de\/wp-json\/wp\/v2\/posts\/1713278\/revisions"}],"wp:featuredmedia":[{"embeddable":true,"href":"https:\/\/www.pressenza.com\/de\/wp-json\/wp\/v2\/media\/1713279"}],"wp:attachment":[{"href":"https:\/\/www.pressenza.com\/de\/wp-json\/wp\/v2\/media?parent=1713278"}],"wp:term":[{"taxonomy":"category","embeddable":true,"href":"https:\/\/www.pressenza.com\/de\/wp-json\/wp\/v2\/categories?post=1713278"},{"taxonomy":"post_tag","embeddable":true,"href":"https:\/\/www.pressenza.com\/de\/wp-json\/wp\/v2\/tags?post=1713278"}],"curies":[{"name":"wp","href":"https:\/\/api.w.org\/{rel}","templated":true}]}}