{"id":1710526,"date":"2023-01-19T12:05:07","date_gmt":"2023-01-19T12:05:07","guid":{"rendered":"https:\/\/www.pressenza.com\/?p=1710526"},"modified":"2023-01-19T12:05:07","modified_gmt":"2023-01-19T12:05:07","slug":"wir-haben-es-satt-grossdemo-in-berlin-fuer-die-sozial-gerechte-agrarwende-und-gutes-essen-fuer-alle","status":"publish","type":"post","link":"https:\/\/www.pressenza.com\/de\/2023\/01\/wir-haben-es-satt-grossdemo-in-berlin-fuer-die-sozial-gerechte-agrarwende-und-gutes-essen-fuer-alle\/","title":{"rendered":"\u201eWir haben es satt!\u201c-Gro\u00dfdemo in Berlin: F\u00fcr die sozial gerechte Agrarwende und gutes Essen f\u00fcr alle!"},"content":{"rendered":"<p><span id=\"page3R_mcid8\" class=\"markedContent\">Gutes Essen f\u00fcr alle \u2013 das fordern am 21. Januar erneut viele Tausend B\u00e4uer*innen und Verbraucher*innen bei der \u201eWir haben es satt!\u201c-Demonstration. Angef\u00fchrt vom Traktor-Konvoi ziehen die Demonstrant*innen dann mit starken Botschaften, Tierkost\u00fcmen und Kocht\u00f6pfen in der Hand durch das Berliner Regierungsviertel. Dort treten sie ein f\u00fcr die Agrar- und Ern\u00e4hrungswende \u2013 und zwar sozial gerecht.<br \/>\n<\/span><\/p>\n<p><span id=\"page3R_mcid8\" class=\"markedContent\">Das \u201eWir haben es satt!\u201c-B\u00fcndnis, dem rund 60 Organisationen aus Landwirtschaft und Gesellschaft angeh\u00f6ren, fordert faire Erzeuger*innenpreise und den Erhalt der Bauernh\u00f6fe sowie mehr Unterst\u00fctzung f\u00fcr Menschen mit wenig Geld, damit diese sich umweltgerechte und gesunde Lebensmittel leisten k\u00f6nnen. Nach einem Jahr im Amt muss Agrarminister \u00d6zdemir dringend an Tempo beim klima-, tier- und sozial gerechten Umbau der Landwirtschaft zulegen.<br \/>\n<\/span><\/p>\n<p><span id=\"page3R_mcid8\" class=\"markedContent\">Zentrale Themen der Demonstration sind die konsequente Bek\u00e4mpfung der Klimakrise, die Sicherung der Artenvielfalt, die artgerechte Haltung von Tieren, der Stopp von Agro-Gentechnik und die Beendigung des globalen Hungers. Im Vorfeld der Demonstration, die unter dem Motto \u201eGutes Essen f\u00fcr alle \u2013 statt Profite f\u00fcr wenige\u201c seht, ver\u00f6ffentlichten \u00fcber 100 Organisationen den \u201e<a href=\"https:\/\/www.wir-haben-es-satt.de\/informieren\/6-punkte-plan\/\" target=\"_blank\" rel=\"noopener\"><strong>6 Punkte-Plan f\u00fcr gutes Essen f\u00fcr alle<\/strong><\/a>\u201c. <\/span><\/p>\n<p><span id=\"page3R_mcid8\" class=\"markedContent\">Darin fordert die Agrarwende-Bewegung im Schulterschluss mit Sozialverb\u00e4nden, Gewerkschaften und Erwerbslosen-Initiativen die Bunderegierung auf, die \u00dcbergewinnsteuer auch bei Lebensmittelkonzernen anzuwenden, die Sozialleistungen zu erh\u00f6hen und gute L\u00f6hne zu erm\u00f6glichen:<br role=\"presentation\" \/><\/span><\/p>\n<p><strong>1. Zugang zu gesunder und umweltgerechter Ern\u00e4hrung f\u00fcr alle Menschen!<\/strong><br \/>\nRegelsatzl\u00fccke von \u00fcber 250 Euro im B\u00fcrgergeld schlie\u00dfen, Sanktionen und Leistungsk\u00fcrzungen \u00fcberwinden, Versorgung mit fair produzierten, umweltgerechten Lebensmitteln f\u00fcr alle Menschen umsetzen! Sozialleistungen m\u00fcssen \u00f6kologischen Konsum erm\u00f6glichen.<\/p>\n<p><strong>2. Faire Erzeuger*innenpreise dauerhaft sicherstellen!<\/strong><br \/>\nPreisdiktat der Supermarktketten stoppen, Einkauf unter Produktionskosten verbieten und regionale, b\u00e4uerliche und \u00f6kologische Strukturen (z.B. durch \u00f6ffentliche Kantinen) st\u00e4rken!<\/p>\n<p><strong>3. Gute L\u00f6hne f\u00fcr gute Arbeit!<\/strong><br \/>\nEinen ausreichenden Mindestlohn und armutssichere Renten garantieren, Inflationsausgleich schaffen und eine st\u00e4rkere Tarifbindung in Landwirtschaft, Nahrungsmittelverarbeitung und im Einzelhandel unterst\u00fctzen!<\/p>\n<p><strong>4. Gesellschaftlichen Reichtum fair verteilen!<\/strong><br \/>\n\u00dcbergewinnsteuer auch bei Agrar-, Lebensmittel-, Handels- und D\u00fcngemittelkonzernen erheben, Verm\u00f6genssteuer einf\u00fchren und Kapitalertr\u00e4ge konsequent besteuern, niedrige und mittlere Arbeitseinkommen entlasten, Mehrwertsteuer auf klimagerechte Lebensmittel senken und umweltsch\u00e4dliche Subventionen stoppen!<\/p>\n<p><strong>5. Teller statt Trog, Tank oder Tonne!<\/strong><br \/>\nAckerfl\u00e4chen, wo m\u00f6glich, f\u00fcr menschliche Nahrung statt f\u00fcr Futter- und Biosprit-Anbau nutzen und Lebensmittelverschwendung beenden!<\/p>\n<p><strong>6. Hungerkrise beenden!<\/strong><br \/>\nLebensmittelspekulation verbieten, Recht auf Nahrung durch freies Saatgut und gerechte Landverteilung unterst\u00fctzen, gentechnikfreie Landwirtschaft sichern, mehr Entwicklungsgelder f\u00fcr die sozial-\u00f6kologische Transformation der Ern\u00e4hrungssysteme bereitstellen und unfaire Handelsabkommen stoppen!<\/p>\n<p>&nbsp;<\/p>\n<p><strong>Alle Infos zur Demo:<\/strong><\/p>\n<p>Datum \/ Zeit: Samstag, 21. Januar 2023, 12 Uhr<br \/>\nOrt: Brandenburger Tor, Platz des 18. M\u00e4rz, 10117 Berlin<\/p>\n<p>Ablauf: 12 Uhr: Auftaktkundgebung. Ca. 12.30 Uhr: Start der Demonstration.<br \/>\nAb ca. 14.30 Uhr: Abschluss mit Reden, Musik und Essen am Brandenburger Tor<\/p>\n<p>Vormittags: 10:15 Uhr: Traktorprotest mit \u00dcbergabe der b\u00e4uerlichen Protestnote an Minister \u00d6zdemir beim Agrarministergipfel. Ort: Ausw\u00e4rtiges Amt, Werderscher Markt 1, 10117 Berlin<\/p>\n<p><a href=\"http:\/\/www.wir-haben-es-satt.de\" target=\"_blank\" rel=\"noopener\"><strong>www.wir-haben-es-satt.de<\/strong><\/a><\/p>\n","protected":false},"excerpt":{"rendered":"<p>Gutes Essen f\u00fcr alle \u2013 das fordern am 21. Januar erneut viele Tausend B\u00e4uer*innen und Verbraucher*innen bei der \u201eWir haben es satt!\u201c-Demonstration. Angef\u00fchrt vom Traktor-Konvoi ziehen die Demonstrant*innen dann mit starken Botschaften, Tierkost\u00fcmen und Kocht\u00f6pfen in der Hand durch das&hellip;<\/p>\n","protected":false},"author":1097,"featured_media":1710530,"comment_status":"closed","ping_status":"closed","sticky":false,"template":"","format":"standard","meta":{"footnotes":""},"categories":[9150,9161,9157,9168,9145],"tags":[103438,42999,30460,10574,101804,69171,31593,53330,102134,35871,17514,34510,18287,34236],"class_list":["post-1710526","post","type-post","status-publish","format-standard","has-post-thumbnail","hentry","category-europa-de","category-menschenrechte","category-oekologie-und-umwelt","category-politik","category-pressemitteilungen","tag-agraroekologie","tag-agrarwende","tag-artenvielfalt","tag-berlin-de","tag-biologischer-anbau","tag-demo","tag-ernaehrungssouveraenitaet","tag-gesundes-essen","tag-hungerkrise","tag-kleinbaeuerliche-landwirtschaft","tag-soziale-gerechtigkeit","tag-tierschutz","tag-umweltschutz","tag-wir-haben-es-satt"],"yoast_head":"<!-- This site is optimized with the Yoast SEO plugin v27.1.1 - https:\/\/yoast.com\/product\/yoast-seo-wordpress\/ -->\n<title>\u201eWir haben es satt!\u201c-Gro\u00dfdemo in Berlin: F\u00fcr die sozial gerechte Agrarwende und gutes Essen f\u00fcr alle!<\/title>\n<meta name=\"description\" content=\"Gutes Essen f\u00fcr alle \u2013 das fordern am 21. Januar erneut viele Tausend B\u00e4uer*innen und Verbraucher*innen bei der \u201eWir haben es satt!\u201c-Demonstration.\" \/>\n<meta name=\"robots\" content=\"index, follow, max-snippet:-1, max-image-preview:large, max-video-preview:-1\" \/>\n<link rel=\"canonical\" href=\"https:\/\/www.pressenza.com\/de\/2023\/01\/wir-haben-es-satt-grossdemo-in-berlin-fuer-die-sozial-gerechte-agrarwende-und-gutes-essen-fuer-alle\/\" \/>\n<meta property=\"og:locale\" content=\"de_DE\" \/>\n<meta property=\"og:type\" content=\"article\" \/>\n<meta property=\"og:title\" content=\"\u201eWir haben es satt!\u201c-Gro\u00dfdemo in Berlin: F\u00fcr die sozial gerechte Agrarwende und gutes Essen f\u00fcr alle!\" \/>\n<meta property=\"og:description\" content=\"Gutes Essen f\u00fcr alle \u2013 das fordern am 21. Januar erneut viele Tausend B\u00e4uer*innen und Verbraucher*innen bei der \u201eWir haben es satt!\u201c-Demonstration.\" \/>\n<meta property=\"og:url\" content=\"https:\/\/www.pressenza.com\/de\/2023\/01\/wir-haben-es-satt-grossdemo-in-berlin-fuer-die-sozial-gerechte-agrarwende-und-gutes-essen-fuer-alle\/\" \/>\n<meta property=\"og:site_name\" content=\"Pressenza\" \/>\n<meta property=\"article:publisher\" content=\"https:\/\/www.facebook.com\/PressenzaItalia\" \/>\n<meta property=\"article:author\" content=\"https:\/\/www.facebook.com\/Pressenza-Deutschland-sterreich-Schweiz-281675388658060\/timeline\/\" \/>\n<meta property=\"article:published_time\" content=\"2023-01-19T12:05:07+00:00\" \/>\n<meta property=\"og:image\" content=\"https:\/\/www.pressenza.com\/wp-content\/uploads\/2023\/01\/Wir-haben-es-satt-Gutes-Essen-fur-Alle-2023.jpg\" \/>\n\t<meta property=\"og:image:width\" content=\"680\" \/>\n\t<meta property=\"og:image:height\" content=\"453\" \/>\n\t<meta property=\"og:image:type\" content=\"image\/jpeg\" \/>\n<meta name=\"author\" content=\"Pressenza Muenchen\" \/>\n<meta name=\"twitter:card\" content=\"summary_large_image\" \/>\n<meta name=\"twitter:creator\" content=\"@pressenza_ger\" \/>\n<meta name=\"twitter:site\" content=\"@PressenzaIPA\" \/>\n<meta name=\"twitter:label1\" content=\"Verfasst von\" \/>\n\t<meta name=\"twitter:data1\" content=\"Pressenza Muenchen\" \/>\n\t<meta name=\"twitter:label2\" content=\"Gesch\u00e4tzte Lesezeit\" \/>\n\t<meta name=\"twitter:data2\" content=\"2\u00a0Minuten\" \/>\n<script type=\"application\/ld+json\" class=\"yoast-schema-graph\">{\"@context\":\"https:\/\/schema.org\",\"@graph\":[{\"@type\":\"Article\",\"@id\":\"https:\/\/www.pressenza.com\/de\/2023\/01\/wir-haben-es-satt-grossdemo-in-berlin-fuer-die-sozial-gerechte-agrarwende-und-gutes-essen-fuer-alle\/#article\",\"isPartOf\":{\"@id\":\"https:\/\/www.pressenza.com\/de\/2023\/01\/wir-haben-es-satt-grossdemo-in-berlin-fuer-die-sozial-gerechte-agrarwende-und-gutes-essen-fuer-alle\/\"},\"author\":{\"name\":\"Pressenza Muenchen\",\"@id\":\"https:\/\/www.pressenza.com\/de\/#\/schema\/person\/0069724cfb2cb9785368a167d0d900b7\"},\"headline\":\"\u201eWir haben es satt!\u201c-Gro\u00dfdemo in Berlin: F\u00fcr die sozial gerechte Agrarwende und gutes Essen f\u00fcr alle!\",\"datePublished\":\"2023-01-19T12:05:07+00:00\",\"mainEntityOfPage\":{\"@id\":\"https:\/\/www.pressenza.com\/de\/2023\/01\/wir-haben-es-satt-grossdemo-in-berlin-fuer-die-sozial-gerechte-agrarwende-und-gutes-essen-fuer-alle\/\"},\"wordCount\":505,\"publisher\":{\"@id\":\"https:\/\/www.pressenza.com\/de\/#organization\"},\"image\":{\"@id\":\"https:\/\/www.pressenza.com\/de\/2023\/01\/wir-haben-es-satt-grossdemo-in-berlin-fuer-die-sozial-gerechte-agrarwende-und-gutes-essen-fuer-alle\/#primaryimage\"},\"thumbnailUrl\":\"https:\/\/www.pressenza.com\/wp-content\/uploads\/2023\/01\/Wir-haben-es-satt-Gutes-Essen-fur-Alle-2023.jpg\",\"keywords\":[\"Agrar\u00f6kologie\",\"Agrarwende\",\"Artenvielfalt\",\"Berlin\",\"Biologischer Anbau\",\"Demo\",\"Ern\u00e4hrungssouver\u00e4nit\u00e4t\",\"Gesundes Essen\",\"Hungerkrise\",\"kleinb\u00e4uerliche Landwirtschaft\",\"soziale Gerechtigkeit\",\"Tierschutz\",\"Umweltschutz\",\"Wir haben es satt!\"],\"articleSection\":[\"Europa\",\"Menschenrechte\",\"\u00d6kologie und Umwelt\",\"Politik\",\"Pressemitteilungen\"],\"inLanguage\":\"de\"},{\"@type\":\"WebPage\",\"@id\":\"https:\/\/www.pressenza.com\/de\/2023\/01\/wir-haben-es-satt-grossdemo-in-berlin-fuer-die-sozial-gerechte-agrarwende-und-gutes-essen-fuer-alle\/\",\"url\":\"https:\/\/www.pressenza.com\/de\/2023\/01\/wir-haben-es-satt-grossdemo-in-berlin-fuer-die-sozial-gerechte-agrarwende-und-gutes-essen-fuer-alle\/\",\"name\":\"\u201eWir haben es satt!\u201c-Gro\u00dfdemo in Berlin: F\u00fcr die sozial gerechte Agrarwende und gutes Essen f\u00fcr alle!\",\"isPartOf\":{\"@id\":\"https:\/\/www.pressenza.com\/de\/#website\"},\"primaryImageOfPage\":{\"@id\":\"https:\/\/www.pressenza.com\/de\/2023\/01\/wir-haben-es-satt-grossdemo-in-berlin-fuer-die-sozial-gerechte-agrarwende-und-gutes-essen-fuer-alle\/#primaryimage\"},\"image\":{\"@id\":\"https:\/\/www.pressenza.com\/de\/2023\/01\/wir-haben-es-satt-grossdemo-in-berlin-fuer-die-sozial-gerechte-agrarwende-und-gutes-essen-fuer-alle\/#primaryimage\"},\"thumbnailUrl\":\"https:\/\/www.pressenza.com\/wp-content\/uploads\/2023\/01\/Wir-haben-es-satt-Gutes-Essen-fur-Alle-2023.jpg\",\"datePublished\":\"2023-01-19T12:05:07+00:00\",\"description\":\"Gutes Essen f\u00fcr alle \u2013 das fordern am 21. Januar erneut viele Tausend B\u00e4uer*innen und Verbraucher*innen bei der \u201eWir haben es satt!\u201c-Demonstration.\",\"breadcrumb\":{\"@id\":\"https:\/\/www.pressenza.com\/de\/2023\/01\/wir-haben-es-satt-grossdemo-in-berlin-fuer-die-sozial-gerechte-agrarwende-und-gutes-essen-fuer-alle\/#breadcrumb\"},\"inLanguage\":\"de\",\"potentialAction\":[{\"@type\":\"ReadAction\",\"target\":[\"https:\/\/www.pressenza.com\/de\/2023\/01\/wir-haben-es-satt-grossdemo-in-berlin-fuer-die-sozial-gerechte-agrarwende-und-gutes-essen-fuer-alle\/\"]}]},{\"@type\":\"ImageObject\",\"inLanguage\":\"de\",\"@id\":\"https:\/\/www.pressenza.com\/de\/2023\/01\/wir-haben-es-satt-grossdemo-in-berlin-fuer-die-sozial-gerechte-agrarwende-und-gutes-essen-fuer-alle\/#primaryimage\",\"url\":\"https:\/\/www.pressenza.com\/wp-content\/uploads\/2023\/01\/Wir-haben-es-satt-Gutes-Essen-fur-Alle-2023.jpg\",\"contentUrl\":\"https:\/\/www.pressenza.com\/wp-content\/uploads\/2023\/01\/Wir-haben-es-satt-Gutes-Essen-fur-Alle-2023.jpg\",\"width\":680,\"height\":453,\"caption\":\"\u201eWir haben es satt!\u201c-Gro\u00dfdemo in Berlin: F\u00fcr die sozial gerechte Agrarwende und gutes Essen f\u00fcr alle\"},{\"@type\":\"BreadcrumbList\",\"@id\":\"https:\/\/www.pressenza.com\/de\/2023\/01\/wir-haben-es-satt-grossdemo-in-berlin-fuer-die-sozial-gerechte-agrarwende-und-gutes-essen-fuer-alle\/#breadcrumb\",\"itemListElement\":[{\"@type\":\"ListItem\",\"position\":1,\"name\":\"Accueil\",\"item\":\"https:\/\/www.pressenza.com\/de\/\"},{\"@type\":\"ListItem\",\"position\":2,\"name\":\"\u201eWir haben es satt!\u201c-Gro\u00dfdemo in Berlin: F\u00fcr die sozial gerechte Agrarwende und gutes Essen f\u00fcr alle!\"}]},{\"@type\":\"WebSite\",\"@id\":\"https:\/\/www.pressenza.com\/de\/#website\",\"url\":\"https:\/\/www.pressenza.com\/de\/\",\"name\":\"Pressenza\",\"description\":\"International Press Agency\",\"publisher\":{\"@id\":\"https:\/\/www.pressenza.com\/de\/#organization\"},\"potentialAction\":[{\"@type\":\"SearchAction\",\"target\":{\"@type\":\"EntryPoint\",\"urlTemplate\":\"https:\/\/www.pressenza.com\/de\/?s={search_term_string}\"},\"query-input\":{\"@type\":\"PropertyValueSpecification\",\"valueRequired\":true,\"valueName\":\"search_term_string\"}}],\"inLanguage\":\"de\"},{\"@type\":\"Organization\",\"@id\":\"https:\/\/www.pressenza.com\/de\/#organization\",\"name\":\"Pressenza\",\"url\":\"https:\/\/www.pressenza.com\/de\/\",\"logo\":{\"@type\":\"ImageObject\",\"inLanguage\":\"de\",\"@id\":\"https:\/\/www.pressenza.com\/de\/#\/schema\/logo\/image\/\",\"url\":\"https:\/\/www.pressenza.com\/wp-content\/uploads\/2022\/10\/pressenza_logo_200x200.jpg\",\"contentUrl\":\"https:\/\/www.pressenza.com\/wp-content\/uploads\/2022\/10\/pressenza_logo_200x200.jpg\",\"width\":200,\"height\":200,\"caption\":\"Pressenza\"},\"image\":{\"@id\":\"https:\/\/www.pressenza.com\/de\/#\/schema\/logo\/image\/\"},\"sameAs\":[\"https:\/\/www.facebook.com\/PressenzaItalia\",\"https:\/\/x.com\/PressenzaIPA\"]},{\"@type\":\"Person\",\"@id\":\"https:\/\/www.pressenza.com\/de\/#\/schema\/person\/0069724cfb2cb9785368a167d0d900b7\",\"name\":\"Pressenza Muenchen\",\"description\":\"News from the Pressenza bureau in Munich, Germany\",\"sameAs\":[\"https:\/\/www.facebook.com\/Pressenza-Deutschland-sterreich-Schweiz-281675388658060\/timeline\/\",\"https:\/\/x.com\/pressenza_ger\"],\"url\":\"https:\/\/www.pressenza.com\/de\/author\/pressenza-muenchen\/\"}]}<\/script>\n<!-- \/ Yoast SEO plugin. -->","yoast_head_json":{"title":"\u201eWir haben es satt!\u201c-Gro\u00dfdemo in Berlin: F\u00fcr die sozial gerechte Agrarwende und gutes Essen f\u00fcr alle!","description":"Gutes Essen f\u00fcr alle \u2013 das fordern am 21. Januar erneut viele Tausend B\u00e4uer*innen und Verbraucher*innen bei der \u201eWir haben es satt!\u201c-Demonstration.","robots":{"index":"index","follow":"follow","max-snippet":"max-snippet:-1","max-image-preview":"max-image-preview:large","max-video-preview":"max-video-preview:-1"},"canonical":"https:\/\/www.pressenza.com\/de\/2023\/01\/wir-haben-es-satt-grossdemo-in-berlin-fuer-die-sozial-gerechte-agrarwende-und-gutes-essen-fuer-alle\/","og_locale":"de_DE","og_type":"article","og_title":"\u201eWir haben es satt!\u201c-Gro\u00dfdemo in Berlin: F\u00fcr die sozial gerechte Agrarwende und gutes Essen f\u00fcr alle!","og_description":"Gutes Essen f\u00fcr alle \u2013 das fordern am 21. Januar erneut viele Tausend B\u00e4uer*innen und Verbraucher*innen bei der \u201eWir haben es satt!\u201c-Demonstration.","og_url":"https:\/\/www.pressenza.com\/de\/2023\/01\/wir-haben-es-satt-grossdemo-in-berlin-fuer-die-sozial-gerechte-agrarwende-und-gutes-essen-fuer-alle\/","og_site_name":"Pressenza","article_publisher":"https:\/\/www.facebook.com\/PressenzaItalia","article_author":"https:\/\/www.facebook.com\/Pressenza-Deutschland-sterreich-Schweiz-281675388658060\/timeline\/","article_published_time":"2023-01-19T12:05:07+00:00","og_image":[{"width":680,"height":453,"url":"https:\/\/www.pressenza.com\/wp-content\/uploads\/2023\/01\/Wir-haben-es-satt-Gutes-Essen-fur-Alle-2023.jpg","type":"image\/jpeg"}],"author":"Pressenza Muenchen","twitter_card":"summary_large_image","twitter_creator":"@pressenza_ger","twitter_site":"@PressenzaIPA","twitter_misc":{"Verfasst von":"Pressenza Muenchen","Gesch\u00e4tzte Lesezeit":"2\u00a0Minuten"},"schema":{"@context":"https:\/\/schema.org","@graph":[{"@type":"Article","@id":"https:\/\/www.pressenza.com\/de\/2023\/01\/wir-haben-es-satt-grossdemo-in-berlin-fuer-die-sozial-gerechte-agrarwende-und-gutes-essen-fuer-alle\/#article","isPartOf":{"@id":"https:\/\/www.pressenza.com\/de\/2023\/01\/wir-haben-es-satt-grossdemo-in-berlin-fuer-die-sozial-gerechte-agrarwende-und-gutes-essen-fuer-alle\/"},"author":{"name":"Pressenza Muenchen","@id":"https:\/\/www.pressenza.com\/de\/#\/schema\/person\/0069724cfb2cb9785368a167d0d900b7"},"headline":"\u201eWir haben es satt!\u201c-Gro\u00dfdemo in Berlin: F\u00fcr die sozial gerechte Agrarwende und gutes Essen f\u00fcr alle!","datePublished":"2023-01-19T12:05:07+00:00","mainEntityOfPage":{"@id":"https:\/\/www.pressenza.com\/de\/2023\/01\/wir-haben-es-satt-grossdemo-in-berlin-fuer-die-sozial-gerechte-agrarwende-und-gutes-essen-fuer-alle\/"},"wordCount":505,"publisher":{"@id":"https:\/\/www.pressenza.com\/de\/#organization"},"image":{"@id":"https:\/\/www.pressenza.com\/de\/2023\/01\/wir-haben-es-satt-grossdemo-in-berlin-fuer-die-sozial-gerechte-agrarwende-und-gutes-essen-fuer-alle\/#primaryimage"},"thumbnailUrl":"https:\/\/www.pressenza.com\/wp-content\/uploads\/2023\/01\/Wir-haben-es-satt-Gutes-Essen-fur-Alle-2023.jpg","keywords":["Agrar\u00f6kologie","Agrarwende","Artenvielfalt","Berlin","Biologischer Anbau","Demo","Ern\u00e4hrungssouver\u00e4nit\u00e4t","Gesundes Essen","Hungerkrise","kleinb\u00e4uerliche Landwirtschaft","soziale Gerechtigkeit","Tierschutz","Umweltschutz","Wir haben es satt!"],"articleSection":["Europa","Menschenrechte","\u00d6kologie und Umwelt","Politik","Pressemitteilungen"],"inLanguage":"de"},{"@type":"WebPage","@id":"https:\/\/www.pressenza.com\/de\/2023\/01\/wir-haben-es-satt-grossdemo-in-berlin-fuer-die-sozial-gerechte-agrarwende-und-gutes-essen-fuer-alle\/","url":"https:\/\/www.pressenza.com\/de\/2023\/01\/wir-haben-es-satt-grossdemo-in-berlin-fuer-die-sozial-gerechte-agrarwende-und-gutes-essen-fuer-alle\/","name":"\u201eWir haben es satt!\u201c-Gro\u00dfdemo in Berlin: F\u00fcr die sozial gerechte Agrarwende und gutes Essen f\u00fcr alle!","isPartOf":{"@id":"https:\/\/www.pressenza.com\/de\/#website"},"primaryImageOfPage":{"@id":"https:\/\/www.pressenza.com\/de\/2023\/01\/wir-haben-es-satt-grossdemo-in-berlin-fuer-die-sozial-gerechte-agrarwende-und-gutes-essen-fuer-alle\/#primaryimage"},"image":{"@id":"https:\/\/www.pressenza.com\/de\/2023\/01\/wir-haben-es-satt-grossdemo-in-berlin-fuer-die-sozial-gerechte-agrarwende-und-gutes-essen-fuer-alle\/#primaryimage"},"thumbnailUrl":"https:\/\/www.pressenza.com\/wp-content\/uploads\/2023\/01\/Wir-haben-es-satt-Gutes-Essen-fur-Alle-2023.jpg","datePublished":"2023-01-19T12:05:07+00:00","description":"Gutes Essen f\u00fcr alle \u2013 das fordern am 21. Januar erneut viele Tausend B\u00e4uer*innen und Verbraucher*innen bei der \u201eWir haben es satt!\u201c-Demonstration.","breadcrumb":{"@id":"https:\/\/www.pressenza.com\/de\/2023\/01\/wir-haben-es-satt-grossdemo-in-berlin-fuer-die-sozial-gerechte-agrarwende-und-gutes-essen-fuer-alle\/#breadcrumb"},"inLanguage":"de","potentialAction":[{"@type":"ReadAction","target":["https:\/\/www.pressenza.com\/de\/2023\/01\/wir-haben-es-satt-grossdemo-in-berlin-fuer-die-sozial-gerechte-agrarwende-und-gutes-essen-fuer-alle\/"]}]},{"@type":"ImageObject","inLanguage":"de","@id":"https:\/\/www.pressenza.com\/de\/2023\/01\/wir-haben-es-satt-grossdemo-in-berlin-fuer-die-sozial-gerechte-agrarwende-und-gutes-essen-fuer-alle\/#primaryimage","url":"https:\/\/www.pressenza.com\/wp-content\/uploads\/2023\/01\/Wir-haben-es-satt-Gutes-Essen-fur-Alle-2023.jpg","contentUrl":"https:\/\/www.pressenza.com\/wp-content\/uploads\/2023\/01\/Wir-haben-es-satt-Gutes-Essen-fur-Alle-2023.jpg","width":680,"height":453,"caption":"\u201eWir haben es satt!\u201c-Gro\u00dfdemo in Berlin: F\u00fcr die sozial gerechte Agrarwende und gutes Essen f\u00fcr alle"},{"@type":"BreadcrumbList","@id":"https:\/\/www.pressenza.com\/de\/2023\/01\/wir-haben-es-satt-grossdemo-in-berlin-fuer-die-sozial-gerechte-agrarwende-und-gutes-essen-fuer-alle\/#breadcrumb","itemListElement":[{"@type":"ListItem","position":1,"name":"Accueil","item":"https:\/\/www.pressenza.com\/de\/"},{"@type":"ListItem","position":2,"name":"\u201eWir haben es satt!\u201c-Gro\u00dfdemo in Berlin: F\u00fcr die sozial gerechte Agrarwende und gutes Essen f\u00fcr alle!"}]},{"@type":"WebSite","@id":"https:\/\/www.pressenza.com\/de\/#website","url":"https:\/\/www.pressenza.com\/de\/","name":"Pressenza","description":"International Press Agency","publisher":{"@id":"https:\/\/www.pressenza.com\/de\/#organization"},"potentialAction":[{"@type":"SearchAction","target":{"@type":"EntryPoint","urlTemplate":"https:\/\/www.pressenza.com\/de\/?s={search_term_string}"},"query-input":{"@type":"PropertyValueSpecification","valueRequired":true,"valueName":"search_term_string"}}],"inLanguage":"de"},{"@type":"Organization","@id":"https:\/\/www.pressenza.com\/de\/#organization","name":"Pressenza","url":"https:\/\/www.pressenza.com\/de\/","logo":{"@type":"ImageObject","inLanguage":"de","@id":"https:\/\/www.pressenza.com\/de\/#\/schema\/logo\/image\/","url":"https:\/\/www.pressenza.com\/wp-content\/uploads\/2022\/10\/pressenza_logo_200x200.jpg","contentUrl":"https:\/\/www.pressenza.com\/wp-content\/uploads\/2022\/10\/pressenza_logo_200x200.jpg","width":200,"height":200,"caption":"Pressenza"},"image":{"@id":"https:\/\/www.pressenza.com\/de\/#\/schema\/logo\/image\/"},"sameAs":["https:\/\/www.facebook.com\/PressenzaItalia","https:\/\/x.com\/PressenzaIPA"]},{"@type":"Person","@id":"https:\/\/www.pressenza.com\/de\/#\/schema\/person\/0069724cfb2cb9785368a167d0d900b7","name":"Pressenza Muenchen","description":"News from the Pressenza bureau in Munich, Germany","sameAs":["https:\/\/www.facebook.com\/Pressenza-Deutschland-sterreich-Schweiz-281675388658060\/timeline\/","https:\/\/x.com\/pressenza_ger"],"url":"https:\/\/www.pressenza.com\/de\/author\/pressenza-muenchen\/"}]}},"place":"","original_article_url":"","_links":{"self":[{"href":"https:\/\/www.pressenza.com\/de\/wp-json\/wp\/v2\/posts\/1710526","targetHints":{"allow":["GET"]}}],"collection":[{"href":"https:\/\/www.pressenza.com\/de\/wp-json\/wp\/v2\/posts"}],"about":[{"href":"https:\/\/www.pressenza.com\/de\/wp-json\/wp\/v2\/types\/post"}],"author":[{"embeddable":true,"href":"https:\/\/www.pressenza.com\/de\/wp-json\/wp\/v2\/users\/1097"}],"replies":[{"embeddable":true,"href":"https:\/\/www.pressenza.com\/de\/wp-json\/wp\/v2\/comments?post=1710526"}],"version-history":[{"count":0,"href":"https:\/\/www.pressenza.com\/de\/wp-json\/wp\/v2\/posts\/1710526\/revisions"}],"wp:featuredmedia":[{"embeddable":true,"href":"https:\/\/www.pressenza.com\/de\/wp-json\/wp\/v2\/media\/1710530"}],"wp:attachment":[{"href":"https:\/\/www.pressenza.com\/de\/wp-json\/wp\/v2\/media?parent=1710526"}],"wp:term":[{"taxonomy":"category","embeddable":true,"href":"https:\/\/www.pressenza.com\/de\/wp-json\/wp\/v2\/categories?post=1710526"},{"taxonomy":"post_tag","embeddable":true,"href":"https:\/\/www.pressenza.com\/de\/wp-json\/wp\/v2\/tags?post=1710526"}],"curies":[{"name":"wp","href":"https:\/\/api.w.org\/{rel}","templated":true}]}}