{"id":1709423,"date":"2023-01-15T11:04:17","date_gmt":"2023-01-15T11:04:17","guid":{"rendered":"https:\/\/www.pressenza.com\/?p=1709423"},"modified":"2023-01-15T11:04:17","modified_gmt":"2023-01-15T11:04:17","slug":"wie-der-kapitalismus-krisen-erzeugt-und-kriege-vorbereitet-teil-1","status":"publish","type":"post","link":"https:\/\/www.pressenza.com\/de\/2023\/01\/wie-der-kapitalismus-krisen-erzeugt-und-kriege-vorbereitet-teil-1\/","title":{"rendered":"Wie der Kapitalismus Krisen erzeugt und Kriege vorbereitet (Teil 1)"},"content":{"rendered":"<p>Die Friedenshoffnung nach dem Zerfall der Sowjetunion und der Aufl\u00f6sung des Warschauer Pakts ist im Kampfgeschrei der NATO zerstoben. Auf die Wirtschaftskrise des Jahres 2008 folgte keine Richtungskorrektur, sondern ein noch offensiveres Expansionsstreben. Das Diktum von der \u201ewestlichen Wertegemeinschaft\u201c ist zum Synonym f\u00fcr eine aggressive Weltherrschaft geworden.<\/p>\n<h2><span id=\"Die_Macht_im_Staat\" class=\"ez-toc-section\"><\/span>Die Macht im Staat<\/h2>\n<p>Die Beitragsserie \u201eWie der Kapitalismus Krisen erzeugt und Kriege vorbereitet\u201c soll einen Einblick geben, wie sich die autorit\u00e4ren Strukturen hinter parteienbasierten, parlamentarisch-demokratischen Kulissen verfestigen und sich die tats\u00e4chliche Macht im Staat manifestiert. Denn nur Teile des Tiefen Staates sind f\u00fcr die \u00d6ffentlichkeit sichtbar. Dazu geh\u00f6ren Regierungsmitglieder, kriegsaffine Parlamentarier und Kriegspropagandisten in den Medien.<\/p>\n<p>Die weitestgehend im Verborgenen agierenden Kr\u00e4fte setzen sich unter anderem zusammen aus Finanzkapital, R\u00fcstungskonzernmacht, Ideologiefraktionen in Au\u00dfen-, Kriegs- und Finanzministerien, <a href=\"https:\/\/neue-debatte.com\/2018\/03\/18\/mont-pelerin-society-teil-1-der-neoliberale-staatsstreich\/\">neokonservativen Think Tanks<\/a>, den konzern- oder parteipolitisch gesteuerten Mainstream-Medien, gekaufter Wissenschaft, NATO- und EU-Entscheidungsgremien und Geheimdiensten.<\/p>\n<p>Der Kapitalismus ist ein gesellschaftlich-wirtschaftliches und technologisch-kulturelles Ensemble, das als Klassengesellschaft Krisen und Kriege im Dauermodus produziert. Der Kapitalismus ist kurz auf den Punkt gebracht: Krise und Krieg in einem. In meinem Beitrag gehe ich nicht auf die gut 500-j\u00e4hrige Entwicklungsgeschichte des Kapitalismus ein, sondern befasse mich ausschlie\u00dflich \u2013 und auch das notwendigerweise nur bruchst\u00fcckhaft \u2013 mit seiner j\u00fcngsten Phase, dem Neoliberalismus und Marktradikalismus als Projekt von Herrschafts-Cliquen.<\/p>\n<p><strong>In meinen Ausf\u00fchrungen gehe ich auf die folgenden Themenbereiche ein:<\/strong><\/p>\n<div class=\"su-note\">\n<div class=\"su-note-inner su-u-clearfix su-u-trim\">\n<ul>\n<li>Der Neoliberalismus als Entfesselung des Kapitalismus,<\/li>\n<li>die Ideologie des Neoliberalismus und seine Kampfbegriffe,<\/li>\n<li>der Neoliberalismus als Herrenmenschenideologie,<\/li>\n<li>der Mensch als Markt-Homunculus,<\/li>\n<li>Demokratie, Staat und Staatsstreich im Neoliberalismus,<\/li>\n<li>Gewaltenvereinigung, Lobbykratur und Rechtsnihilismus,<\/li>\n<li>Fassadendemokratie und Tiefer Staat,<\/li>\n<li>die internationale politische Lage und die brandgef\u00e4hrliche Politik der Eskalation,<\/li>\n<li>\u201eWas k\u00f6nnen wir tun?\u201c<\/li>\n<\/ul>\n<\/div>\n<\/div>\n<h2><span id=\"Neoliberalismus_als_Entfesselung_des_Kapitalismus\" class=\"ez-toc-section\"><\/span>Neoliberalismus als Entfesselung des Kapitalismus<\/h2>\n<p>Ziel der Neoliberalen war seit den Anf\u00e4ngen des Neoliberalismus in den 1930er Jahren die \u201eEntfesselung des Kapitalismus\u201c aus seinen regulativen Beschr\u00e4nkungen. Das hei\u00dft, der Kapitalismus sollte sich je nach neoliberaler Schule weitgehend oder ohne Staatseingriffe als freie Marktgesellschaft entfalten k\u00f6nnen.<\/p>\n<p>Eine erste Bl\u00fcte erlebte der Neoliberalismus nach dem 2. Weltkrieg in den 1950er Jahren in Westdeutschland im Rahmen des westdeutschen Wirtschaftswunders. Dennoch mussten die Neoliberalen erhebliche Zugest\u00e4ndnissen an den antikapitalistischen Zeitgeist machen und pr\u00e4sentierten ihr Wirtschaftsmodell als Dritten Weg zwischen Sozialismus und Kapitalismus.<\/p>\n<p>Geringere Verteilungsspielr\u00e4ume und sinkende Profitraten in den westlichen Industriestaaten zur Mitte der 1970er Jahre f\u00fchrten zu <a href=\"https:\/\/neue-debatte.com\/2018\/02\/18\/die-automatisierung-und-ihre-auswirkungen-auf-die-gesellschaft-teil-1\/\">v\u00f6llig ver\u00e4nderten Produktionsregimen<\/a>. Wichtige Treiber dieser Entwicklung waren neue Schl\u00fcsseltechnologien und technologische Revolutionen in der Mikroelektronik, auf den Gebieten der Informations- und Kommunikationstechnologie und der Container-Seeschifffahrt. Die Flexibilisierung und Individualisierung der Arbeitswelt sowie die Intensivierung der internationalen Arbeitsteilung f\u00fchrten zu massiver Arbeitslosigkeit einem scharfen Standortwettbewerb mit erheblichem Druck auf die Arbeitnehmerorganisationen.<\/p>\n<h2><span id=\"Systemkonkurrenz_und_Finanzmarktkapitalismus\" class=\"ez-toc-section\"><\/span>Systemkonkurrenz und Finanzmarktkapitalismus<\/h2>\n<p>Der keynsianische Klassenkompromiss, in Deutschland der sogenannte \u201eRheinische Kapitalismus\u201c \u2013 das \u00dcbereinkommen zwischen Kapital, Arbeit und der Gesamtgesellschaft \u2013 geriet zunehmend unter Druck. Das <a href=\"https:\/\/neue-debatte.com\/2019\/06\/27\/meine-gedanken-zu-kapitalismus-politik-und-system\/\">Nachkriegsmodell des \u201egez\u00e4hmten Kapitalismus\u201c<\/a> war gekn\u00fcpft an zwei historische Besonderheiten: die Systemkonkurrenz und die \u201eSozialpartnerschaft\u201c. Seit den 1970er Jahren befindet sich der Kapitalismus dieser sogenannten fordistischen <sup><a id=\"fnref-1\" href=\"https:\/\/neue-debatte.com\/2019\/07\/07\/wie-der-kapitalismus-krisen-erzeugt-und-kriege-vorbereitet-teil-1\/#fn-1\">[1]<\/a><\/sup> Phase, im Prozess der Erosion. Das alte und an seine Grenzen sto\u00dfende Profitregime wurde sukzessive von dem des aufsteigenden Finanz-(markt)kapitalismus und global wirksamen neoliberalen Ordnungskonzepten abgel\u00f6st.<\/p>\n<p>Die Neoliberalen nutzten diese Krise und behaupteten, Regulierung und Demokratisierung des Kapitalismus seien die Ursache der strukturellen Probleme und setzten nun auf die Transformation hin zur radikalisierten Marktgesellschaft und damit zu einer bewussten Zerst\u00f6rung der alten Ordnung.<\/p>\n<p>Ihre Zauberformeln sind: Deregulierung, Liberalisierung, Privatisierung, Freihandel, Flexibilisierung. Ihre Propagandaphrasen sind unter anderem: Reformen, liberale Demokratie, Menschenrechte, nationales Interesse, Sicherheitsinteresse, Neiddebatte, regelbasierte Ordnung und so weiter.<\/p>\n<h2><span id=\"Dauerstress_und_organisierte_Unuebersichtlichkeit\" class=\"ez-toc-section\"><\/span>Dauerstress und organisierte Un\u00fcbersichtlichkeit<\/h2>\n<p>Mit dem Wegfall der Systemkonkurrenz seit 1989 trat der neoliberale Kapitalismus ungehindert und mit ganzer Wucht seinen weltumspannenden Siegeszug an. Zahllose neue strukturierte Finanzprodukte wurden geschaffen, Finanzdienstleister schossen aus dem Boden, die hemmungslose Spekulation der Investmentbranche nahm ungeheure Formen an und bestimmte die Gewinnerwartungen an die Realwirtschaft, die dort gleichwohl nicht zu erzielen waren und so floss immer mehr Geld in das Finanzkasino.<\/p>\n<p>Neben dem produktiven Sektor auf der Basis global organisierter Arbeitsteilung zu maximal g\u00fcnstigen Faktorkosten etablierten die neoliberalen Ideologen, von willf\u00e4hrigen Regierungen massiv bef\u00f6rdert, ein m\u00e4chtiges finanzkapitalistisches Profitregime \u201estrukturierter Finanzprodukte\u201c, das als \u201ekapitalistische Parallelwelt\u201c in Erscheinung tritt. Dieser Finanz-(markt)-Kapitalismus \u00fcberlagert und dominiert schlie\u00dflich den produktiven Sektor, stellt ihn unter sein Diktat und herrscht ihm seine Bedingungen und Profitmargen auf.<\/p>\n<p>Der den Gesellschaften der \u201ewestlichen Wertegemeinschaft\u201c verordnete Dauerstress <sup><a id=\"fnref-2\" href=\"https:\/\/neue-debatte.com\/2019\/07\/07\/wie-der-kapitalismus-krisen-erzeugt-und-kriege-vorbereitet-teil-1\/#fn-2\">[2]<\/a><\/sup>, die organisierte Un\u00fcbersichtlichkeit, die von der Bewusstseinsindustrie planvoll betriebene Gehirnw\u00e4sche des Publikums, die Spaltung der Gesellschaften in Arm und Reich und die Zerst\u00f6rung des demokratischen Staates sowie seine Transformation in ein brutales Klassenprojekt herrschender Cliquen gegen den Rest der Bev\u00f6lkerung sind die hervorstechenden Merkmale des Neoliberalismus.<\/p>\n<h2><span id=\"Kapitalismus_und_marktradikale_Revolution\" class=\"ez-toc-section\"><\/span>Kapitalismus und marktradikale Revolution<\/h2>\n<p>Die radikalisierte Form des Neoliberalismus ist der Marktradikalismus. Im Unterschied zu den neoliberalen Ideologen halten die marktradikalen F\u00fchrungscliquen noch nicht einmal die Spielregeln des von ihnen so verg\u00f6tterten freien Marktes ein. Tats\u00e4chlich f\u00f6rdern die Hilfstrupps des Finanzkapitals in Regierungen und EU die \u201emarktverzerrende\u201c Konzentration des Finanzkapitals, gro\u00dfer Verm\u00f6gen sowie den organisierten Raub, getarnt als Bankenrettungen. Darum bezeichne ich den Neoliberalismus\/Marktradikalismus als Krise im Dauermodus. Im Folgenden verwende ich, wo es angemessen ist, den Begriff Marktradikalismus.<\/p>\n<p>Werfen wir einen kurzen Blick auf die marktradikale Revolution von oben und betrachten einige ihrer Auswirkungen aus dem neuesten Ungleichheitsbericht der Organisation Oxfam vom Januar 2019 <sup><a id=\"fnref-3\" href=\"https:\/\/neue-debatte.com\/2019\/07\/07\/wie-der-kapitalismus-krisen-erzeugt-und-kriege-vorbereitet-teil-1\/#fn-3\">[3]<\/a><\/sup>. Seit der letzten Finanzkrise 2007\/2008, die das globale Finanzsystem fast zur Kernschmelze brachte, ist das Verm\u00f6gen der Reichsten dramatisch gestiegen:<\/p>\n<div class=\"su-note\">\n<div class=\"su-note-inner su-u-clearfix su-u-trim\">\n<ul>\n<li>Die Zahl der Milliard\u00e4re hat sich in diesem Zehnjahreszeitraum fast verdoppelt (2208 weltweit, 719 in Asien, 631 in Nordamerika, reichste Person Jeff Bezos mit 112 Mrd. US-Dollar).<\/li>\n<li>Das Verm\u00f6gen der Milliard\u00e4re der Welt stieg allein im letzten Jahr um 900 Milliarden Dollar, das sind 2,5 Milliarden Dollar pro Tag. Unterdessen sank das Verm\u00f6gen der \u00e4rmsten 3,8 Milliarden Menschen um 11 %.<\/li>\n<li>Der Reichtum konzentriert sich immer mehr \u2013 im vergangenen Jahr verf\u00fcgten nur 26 Menschen \u00fcber das gleiche Verm\u00f6gen wie die untere H\u00e4lfte der 3,8 Milliarden Menschen auf dieser Erde, gegen\u00fcber 43 Menschen im Vorjahr.<\/li>\n<\/ul>\n<\/div>\n<\/div>\n<p>Diese Ungleichheit ist gewollt und das Ergebnis einer verheerenden Politik, die den Profit und die grenzenlose Bereicherung exklusiver Gesellschaftscliquen \u00fcber die Lebensinteressen der Menschheit stellt.<\/p>\n<h2><span id=\"Damit_nicht_genug\" class=\"ez-toc-section\"><\/span>Damit nicht genug<\/h2>\n<p>W\u00e4hrend das Welt-Bruttoinlandsprodukt 2018 knapp 85 Billionen US-Dollar betrug, gibt es nach Ernst Wolff Sch\u00e4tzungen, dass es bei den au\u00dferb\u00f6rslich gehandelten Derivaten inzwischen um mehr als eine Billiarde Dollar geht. Das lie\u00dfe sich aber nicht beweisen. Die Bank f\u00fcr Internationalen Zahlungsausgleich gebe regelm\u00e4\u00dfig Zahlen zum Thema heraus. Woher sie diese habe, ist Wolff nicht erkl\u00e4rlich. Auch m\u00fcsse man ber\u00fccksichtigen, dass sie aus Eigeninteresse die massive Gefahr, die von derart aufgebl\u00e4hten Finanzm\u00e4rkten ausgeht, herunterspielen d\u00fcrfte.<\/p>\n<p>Steuerreformen zugunsten des Kapitals, der Reichen und Superreichen, organisierte Steuervermeidung mit Hilfe krimineller Regierungen, der Raub des gesellschaftlichen Reichtums durch Privatisierungen geh\u00f6ren zum Standard-Repertoire der Kanalisation kollektiver Wertsch\u00f6pfung in die oberen Gesellschaftssegmente. Arbeitslose Einkommen durch Kapitalmacht saugen den von der Allgemeinheit geschaffenen Reichtum ab.<\/p>\n<p>Intakte staatliche Systeme wurden zum Billigtarif verscherbelt \u2013 oder soweit noch in Staatshand \u2013 bis an den Rand ihrer Funktionsf\u00e4higkeit auf Verschlei\u00df gefahren, ausgepresst und als marode Systeme hinterlassen (siehe die Dauerkrise der Deutschen Bundesbahn).<\/p>\n<h2><span id=\"Entdemokratisierung_im_Kapitalismus\" class=\"ez-toc-section\"><\/span>Entdemokratisierung im Kapitalismus<\/h2>\n<p>Die systematische \u00dcbertragung politischer Entscheidungskompetenzen von der nationalen auf <a href=\"https:\/\/neue-debatte.com\/2018\/12\/04\/regieren-ohne-regierung\/\">demokratiefreie transnationale Ebenen<\/a> unter Umgehung des Souver\u00e4ns sollen das neoliberale und militarisierte Projekt durch Verrechtlichung unumkehrbar machen. Ma\u00dfgebliche Schaltstellen der Entdemokratisierung sind:<\/p>\n<div class=\"su-note\">\n<div class=\"su-note-inner su-u-clearfix su-u-trim\">\n<ul>\n<li>Die scheindemokratische EU,<\/li>\n<li>sogenannte Freihandelsabkommen, die grunds\u00e4tzlich geheim und unter Ausschluss der demokratischen \u00d6ffentlichkeit gef\u00fchrt werden, sowie tausende zwischenstaatliche Freihandelsabkommen,<\/li>\n<li>h\u00f6chst umstrittene Schiedsgerichtsverfahren sowie<\/li>\n<li>in Verteidigungsfragen die NATO.<\/li>\n<\/ul>\n<\/div>\n<\/div>\n<p>W\u00e4hrend der Neoliberalismus auf die Funktionsf\u00e4higkeit der M\u00e4rkte setzt und Erfolglose mit dem Ausscheiden aus dem Markt bestraft, gehen die Marktradikalen weit dar\u00fcber hinaus und laden die von den Finanzm\u00e4rkten und ihnen selbst verursachten Sch\u00e4den beim Staat, das hei\u00dft, bei uns allen ab.<\/p>\n<p><strong>Der Schaden, der den westlichen Gesellschaften im Laufe von 30 Jahren entstand, \u00fcbersteigt vermutlich die 10-Billionen-Grenze. Und dies alles durch:<\/strong><\/p>\n<ul>\n<li>Finanzspekulation,<\/li>\n<li>Steuerbetrug,<\/li>\n<li>Steuerreformen,<\/li>\n<li>kriminelle Mehrwertsteuer-Karusselle (allein circa 50-100 Mrd. Euro Schaden)<\/li>\n<li>Steuerverlagerung in Finanz- und Offshore-Oasen,<\/li>\n<li>PPP- und Cross-Border-Leasing-Modelle,<\/li>\n<li>in die Staatshaushalte \u00fcbernommene Schulden durch Bankenrettungen und<\/li>\n<li>in Bad Banks vergrabenen Verbindlichkeiten.<\/li>\n<\/ul>\n<p>Aber niemand wei\u00df genau, wie hoch der wirkliche Schaden ist. Diesen Schaden tragen die Gesellschaften unter anderem mit verrottender Infrastruktur, schlechter Bildung, der Verarmung breiter Bev\u00f6lkerungssektoren, um nur einige Faktoren zu nennen.<\/p>\n<p>&nbsp;<\/p>\n<div class=\"su-note\">\n<div class=\"su-note-inner su-u-clearfix su-u-trim\">\n<blockquote>\n<h3><\/h3>\n<\/blockquote>\n<\/div>\n<\/div>\n<h3><span id=\"Quellen_und_Anmerkungen\" class=\"ez-toc-section\"><\/span>Quellen und Anmerkungen<\/h3>\n<p id=\"fn-1\">[1] Der Begriff Fordismus geht auf Antonio Gramsci zur\u00fcck und steht f\u00fcr die Form der Warenproduktion und Profiterwirtschaftung auf der Basis arbeitsteiliger Massenfertigung, der Sozialpartnerschaft zwischen Arbeit und Kapital, relativ hohen L\u00f6hnen, Vollbesch\u00e4ftigung und der Einbeziehung der Frauen in die Reproduktion. <a href=\"https:\/\/neue-debatte.com\/2019\/07\/07\/wie-der-kapitalismus-krisen-erzeugt-und-kriege-vorbereitet-teil-1\/#fnref-1\"><img decoding=\"async\" class=\"emoji\" role=\"img\" draggable=\"false\" src=\"https:\/\/s.w.org\/images\/core\/emoji\/14.0.0\/svg\/21a9.svg\" alt=\"\u21a9\" \/><\/a><\/p>\n<p id=\"fn-2\">[2] Am Beispiel S\u00fcdkoreas siehe taz (11.11.2010): S\u00fcdkoreas hohe Suizidrate \u2013 Permanenter Stress in Seoul. Auf <a href=\"http:\/\/taz.de\/1\/leben\/alltag\/artikel\/1\/permanenter-stress-in-seoul\" target=\"_blank\" rel=\"noopener noreferrer\">http:\/\/taz.de\/1\/leben\/alltag\/artikel\/1\/permanenter-stress-in-seoul<\/a>(abgerufen am 07.07.2019). <a href=\"https:\/\/neue-debatte.com\/2019\/07\/07\/wie-der-kapitalismus-krisen-erzeugt-und-kriege-vorbereitet-teil-1\/#fnref-2\"><img decoding=\"async\" class=\"emoji\" role=\"img\" draggable=\"false\" src=\"https:\/\/s.w.org\/images\/core\/emoji\/14.0.0\/svg\/21a9.svg\" alt=\"\u21a9\" \/><\/a><\/p>\n<p id=\"fn-3\">[3] Oxfam: Im \u00f6ffentlichen Interesse \u2013 Ungleichheit bek\u00e4mpfen, in soziale Gerechtigkeit investieren. Auf <a href=\"https:\/\/www.oxfam.de\/system\/files\/oxfam_factsheet_deutsch_im-oeffentlichen-interesse-ungleichheit-bekaempfen-in-soziale-gerechtigkeit-investieren.pdf\" target=\"_blank\" rel=\"noopener noreferrer\">https:\/\/www.oxfam.de\/system\/files\/oxfam_factsheet_deutsch_im-oeffentlichen-interesse-ungleichheit-bekaempfen-in-soziale-gerechtigkeit-investieren.pdf<\/a> (abgerufen am 07.07.2019). <a href=\"https:\/\/neue-debatte.com\/2019\/07\/07\/wie-der-kapitalismus-krisen-erzeugt-und-kriege-vorbereitet-teil-1\/#fnref-3\"><img decoding=\"async\" class=\"emoji\" role=\"img\" draggable=\"false\" src=\"https:\/\/s.w.org\/images\/core\/emoji\/14.0.0\/svg\/21a9.svg\" alt=\"\u21a9\" \/><\/a><\/p>\n<hr \/>\n<p><strong>Redaktioneller Hinweis:<\/strong> Der Beitrag von Ullrich Mies basiert auf dem gleichnamigen <a href=\"http:\/\/www.clubofvienna.org\/assets\/Uploads\/vortragsmanuskript-mies.pdf\" target=\"_blank\" rel=\"noopener noreferrer\">Vortragsskript<\/a> \u201eWie der Kapitalismus Krisen erzeugt und Kriege vorbereitet\u201c, gehalten beim <a href=\"http:\/\/www.clubofvienna.org\/ueber-uns\/\">Club of Vienna<\/a> am 6. Juni 2019. Es wurde in Abstimmung mit dem Autor aktualisiert und redaktionell \u00fcberarbeitet.<\/p>\n","protected":false},"excerpt":{"rendered":"<p>Die Friedenshoffnung nach dem Zerfall der Sowjetunion und der Aufl\u00f6sung des Warschauer Pakts ist im Kampfgeschrei der NATO zerstoben. Auf die Wirtschaftskrise des Jahres 2008 folgte keine Richtungskorrektur, sondern ein noch offensiveres Expansionsstreben. Das Diktum von der \u201ewestlichen Wertegemeinschaft\u201c ist&hellip;<\/p>\n","protected":false},"author":1342,"featured_media":1709424,"comment_status":"closed","ping_status":"closed","sticky":false,"template":"","format":"standard","meta":{"footnotes":""},"categories":[9167,9168,9158],"tags":[9821,26462,109125,25213],"class_list":["post-1709423","post","type-post","status-publish","format-standard","has-post-thumbnail","hentry","category-frieden-und-abruestung","category-politik","category-wirtschaft","tag-demokratie","tag-kapitalismus","tag-klassengesellschaft","tag-neoliberalismus"],"yoast_head":"<!-- This site is optimized with the Yoast SEO plugin v27.1.1 - https:\/\/yoast.com\/product\/yoast-seo-wordpress\/ -->\n<title>Wie der Kapitalismus Krisen erzeugt und Kriege vorbereitet (Teil 1)<\/title>\n<meta name=\"description\" content=\"Die Friedenshoffnung nach dem Zerfall der Sowjetunion und der Aufl\u00f6sung des Warschauer Pakts ist im Kampfgeschrei der NATO zerstoben. Auf die\" \/>\n<meta name=\"robots\" content=\"index, follow, max-snippet:-1, max-image-preview:large, max-video-preview:-1\" \/>\n<link rel=\"canonical\" href=\"https:\/\/www.pressenza.com\/de\/2023\/01\/wie-der-kapitalismus-krisen-erzeugt-und-kriege-vorbereitet-teil-1\/\" \/>\n<meta property=\"og:locale\" content=\"de_DE\" \/>\n<meta property=\"og:type\" content=\"article\" \/>\n<meta property=\"og:title\" content=\"Wie der Kapitalismus Krisen erzeugt und Kriege vorbereitet (Teil 1)\" \/>\n<meta property=\"og:description\" content=\"Die Friedenshoffnung nach dem Zerfall der Sowjetunion und der Aufl\u00f6sung des Warschauer Pakts ist im Kampfgeschrei der NATO zerstoben. Auf die\" \/>\n<meta property=\"og:url\" content=\"https:\/\/www.pressenza.com\/de\/2023\/01\/wie-der-kapitalismus-krisen-erzeugt-und-kriege-vorbereitet-teil-1\/\" \/>\n<meta property=\"og:site_name\" content=\"Pressenza\" \/>\n<meta property=\"article:publisher\" content=\"https:\/\/www.facebook.com\/PressenzaItalia\" \/>\n<meta property=\"article:published_time\" content=\"2023-01-15T11:04:17+00:00\" \/>\n<meta property=\"og:image\" content=\"https:\/\/www.pressenza.com\/wp-content\/uploads\/2023\/01\/0B455A77-4475-4C4C-9A0F-FA5881E158FD.jpeg\" \/>\n\t<meta property=\"og:image:width\" content=\"1920\" \/>\n\t<meta property=\"og:image:height\" content=\"1280\" \/>\n\t<meta property=\"og:image:type\" content=\"image\/jpeg\" \/>\n<meta name=\"author\" content=\"Neue Debatte\" \/>\n<meta name=\"twitter:card\" content=\"summary_large_image\" \/>\n<meta name=\"twitter:creator\" content=\"@PressenzaIPA\" \/>\n<meta name=\"twitter:site\" content=\"@PressenzaIPA\" \/>\n<meta name=\"twitter:label1\" content=\"Verfasst von\" \/>\n\t<meta name=\"twitter:data1\" content=\"Neue Debatte\" \/>\n\t<meta name=\"twitter:label2\" content=\"Gesch\u00e4tzte Lesezeit\" \/>\n\t<meta name=\"twitter:data2\" content=\"9\u00a0Minuten\" \/>\n<script type=\"application\/ld+json\" class=\"yoast-schema-graph\">{\"@context\":\"https:\/\/schema.org\",\"@graph\":[{\"@type\":\"Article\",\"@id\":\"https:\/\/www.pressenza.com\/de\/2023\/01\/wie-der-kapitalismus-krisen-erzeugt-und-kriege-vorbereitet-teil-1\/#article\",\"isPartOf\":{\"@id\":\"https:\/\/www.pressenza.com\/de\/2023\/01\/wie-der-kapitalismus-krisen-erzeugt-und-kriege-vorbereitet-teil-1\/\"},\"author\":{\"name\":\"Neue Debatte\",\"@id\":\"https:\/\/www.pressenza.com\/de\/#\/schema\/person\/b816344ee166a2736c48a20c4b9ad2a9\"},\"headline\":\"Wie der Kapitalismus Krisen erzeugt und Kriege vorbereitet (Teil 1)\",\"datePublished\":\"2023-01-15T11:04:17+00:00\",\"mainEntityOfPage\":{\"@id\":\"https:\/\/www.pressenza.com\/de\/2023\/01\/wie-der-kapitalismus-krisen-erzeugt-und-kriege-vorbereitet-teil-1\/\"},\"wordCount\":1543,\"publisher\":{\"@id\":\"https:\/\/www.pressenza.com\/de\/#organization\"},\"image\":{\"@id\":\"https:\/\/www.pressenza.com\/de\/2023\/01\/wie-der-kapitalismus-krisen-erzeugt-und-kriege-vorbereitet-teil-1\/#primaryimage\"},\"thumbnailUrl\":\"https:\/\/www.pressenza.com\/wp-content\/uploads\/2023\/01\/0B455A77-4475-4C4C-9A0F-FA5881E158FD.jpeg\",\"keywords\":[\"Demokratie\",\"Kapitalismus\",\"Klassengesellschaft\",\"Neoliberalismus\"],\"articleSection\":[\"Frieden und Abr\u00fcstung\",\"Politik\",\"Wirtschaft\"],\"inLanguage\":\"de\"},{\"@type\":\"WebPage\",\"@id\":\"https:\/\/www.pressenza.com\/de\/2023\/01\/wie-der-kapitalismus-krisen-erzeugt-und-kriege-vorbereitet-teil-1\/\",\"url\":\"https:\/\/www.pressenza.com\/de\/2023\/01\/wie-der-kapitalismus-krisen-erzeugt-und-kriege-vorbereitet-teil-1\/\",\"name\":\"Wie der Kapitalismus Krisen erzeugt und Kriege vorbereitet (Teil 1)\",\"isPartOf\":{\"@id\":\"https:\/\/www.pressenza.com\/de\/#website\"},\"primaryImageOfPage\":{\"@id\":\"https:\/\/www.pressenza.com\/de\/2023\/01\/wie-der-kapitalismus-krisen-erzeugt-und-kriege-vorbereitet-teil-1\/#primaryimage\"},\"image\":{\"@id\":\"https:\/\/www.pressenza.com\/de\/2023\/01\/wie-der-kapitalismus-krisen-erzeugt-und-kriege-vorbereitet-teil-1\/#primaryimage\"},\"thumbnailUrl\":\"https:\/\/www.pressenza.com\/wp-content\/uploads\/2023\/01\/0B455A77-4475-4C4C-9A0F-FA5881E158FD.jpeg\",\"datePublished\":\"2023-01-15T11:04:17+00:00\",\"description\":\"Die Friedenshoffnung nach dem Zerfall der Sowjetunion und der Aufl\u00f6sung des Warschauer Pakts ist im Kampfgeschrei der NATO zerstoben. Auf die\",\"breadcrumb\":{\"@id\":\"https:\/\/www.pressenza.com\/de\/2023\/01\/wie-der-kapitalismus-krisen-erzeugt-und-kriege-vorbereitet-teil-1\/#breadcrumb\"},\"inLanguage\":\"de\",\"potentialAction\":[{\"@type\":\"ReadAction\",\"target\":[\"https:\/\/www.pressenza.com\/de\/2023\/01\/wie-der-kapitalismus-krisen-erzeugt-und-kriege-vorbereitet-teil-1\/\"]}]},{\"@type\":\"ImageObject\",\"inLanguage\":\"de\",\"@id\":\"https:\/\/www.pressenza.com\/de\/2023\/01\/wie-der-kapitalismus-krisen-erzeugt-und-kriege-vorbereitet-teil-1\/#primaryimage\",\"url\":\"https:\/\/www.pressenza.com\/wp-content\/uploads\/2023\/01\/0B455A77-4475-4C4C-9A0F-FA5881E158FD.jpeg\",\"contentUrl\":\"https:\/\/www.pressenza.com\/wp-content\/uploads\/2023\/01\/0B455A77-4475-4C4C-9A0F-FA5881E158FD.jpeg\",\"width\":1920,\"height\":1280},{\"@type\":\"BreadcrumbList\",\"@id\":\"https:\/\/www.pressenza.com\/de\/2023\/01\/wie-der-kapitalismus-krisen-erzeugt-und-kriege-vorbereitet-teil-1\/#breadcrumb\",\"itemListElement\":[{\"@type\":\"ListItem\",\"position\":1,\"name\":\"Accueil\",\"item\":\"https:\/\/www.pressenza.com\/de\/\"},{\"@type\":\"ListItem\",\"position\":2,\"name\":\"Wie der Kapitalismus Krisen erzeugt und Kriege vorbereitet (Teil 1)\"}]},{\"@type\":\"WebSite\",\"@id\":\"https:\/\/www.pressenza.com\/de\/#website\",\"url\":\"https:\/\/www.pressenza.com\/de\/\",\"name\":\"Pressenza\",\"description\":\"International Press Agency\",\"publisher\":{\"@id\":\"https:\/\/www.pressenza.com\/de\/#organization\"},\"potentialAction\":[{\"@type\":\"SearchAction\",\"target\":{\"@type\":\"EntryPoint\",\"urlTemplate\":\"https:\/\/www.pressenza.com\/de\/?s={search_term_string}\"},\"query-input\":{\"@type\":\"PropertyValueSpecification\",\"valueRequired\":true,\"valueName\":\"search_term_string\"}}],\"inLanguage\":\"de\"},{\"@type\":\"Organization\",\"@id\":\"https:\/\/www.pressenza.com\/de\/#organization\",\"name\":\"Pressenza\",\"url\":\"https:\/\/www.pressenza.com\/de\/\",\"logo\":{\"@type\":\"ImageObject\",\"inLanguage\":\"de\",\"@id\":\"https:\/\/www.pressenza.com\/de\/#\/schema\/logo\/image\/\",\"url\":\"https:\/\/www.pressenza.com\/wp-content\/uploads\/2022\/10\/pressenza_logo_200x200.jpg\",\"contentUrl\":\"https:\/\/www.pressenza.com\/wp-content\/uploads\/2022\/10\/pressenza_logo_200x200.jpg\",\"width\":200,\"height\":200,\"caption\":\"Pressenza\"},\"image\":{\"@id\":\"https:\/\/www.pressenza.com\/de\/#\/schema\/logo\/image\/\"},\"sameAs\":[\"https:\/\/www.facebook.com\/PressenzaItalia\",\"https:\/\/x.com\/PressenzaIPA\"]},{\"@type\":\"Person\",\"@id\":\"https:\/\/www.pressenza.com\/de\/#\/schema\/person\/b816344ee166a2736c48a20c4b9ad2a9\",\"name\":\"Neue Debatte\",\"description\":\"Magazin f\u00fcr Menschen, Kultur und Gesellschaft www.neue-debatte.de\",\"url\":\"https:\/\/www.pressenza.com\/de\/author\/neue-debatte\/\"}]}<\/script>\n<!-- \/ Yoast SEO plugin. -->","yoast_head_json":{"title":"Wie der Kapitalismus Krisen erzeugt und Kriege vorbereitet (Teil 1)","description":"Die Friedenshoffnung nach dem Zerfall der Sowjetunion und der Aufl\u00f6sung des Warschauer Pakts ist im Kampfgeschrei der NATO zerstoben. Auf die","robots":{"index":"index","follow":"follow","max-snippet":"max-snippet:-1","max-image-preview":"max-image-preview:large","max-video-preview":"max-video-preview:-1"},"canonical":"https:\/\/www.pressenza.com\/de\/2023\/01\/wie-der-kapitalismus-krisen-erzeugt-und-kriege-vorbereitet-teil-1\/","og_locale":"de_DE","og_type":"article","og_title":"Wie der Kapitalismus Krisen erzeugt und Kriege vorbereitet (Teil 1)","og_description":"Die Friedenshoffnung nach dem Zerfall der Sowjetunion und der Aufl\u00f6sung des Warschauer Pakts ist im Kampfgeschrei der NATO zerstoben. Auf die","og_url":"https:\/\/www.pressenza.com\/de\/2023\/01\/wie-der-kapitalismus-krisen-erzeugt-und-kriege-vorbereitet-teil-1\/","og_site_name":"Pressenza","article_publisher":"https:\/\/www.facebook.com\/PressenzaItalia","article_published_time":"2023-01-15T11:04:17+00:00","og_image":[{"width":1920,"height":1280,"url":"https:\/\/www.pressenza.com\/wp-content\/uploads\/2023\/01\/0B455A77-4475-4C4C-9A0F-FA5881E158FD.jpeg","type":"image\/jpeg"}],"author":"Neue Debatte","twitter_card":"summary_large_image","twitter_creator":"@PressenzaIPA","twitter_site":"@PressenzaIPA","twitter_misc":{"Verfasst von":"Neue Debatte","Gesch\u00e4tzte Lesezeit":"9\u00a0Minuten"},"schema":{"@context":"https:\/\/schema.org","@graph":[{"@type":"Article","@id":"https:\/\/www.pressenza.com\/de\/2023\/01\/wie-der-kapitalismus-krisen-erzeugt-und-kriege-vorbereitet-teil-1\/#article","isPartOf":{"@id":"https:\/\/www.pressenza.com\/de\/2023\/01\/wie-der-kapitalismus-krisen-erzeugt-und-kriege-vorbereitet-teil-1\/"},"author":{"name":"Neue Debatte","@id":"https:\/\/www.pressenza.com\/de\/#\/schema\/person\/b816344ee166a2736c48a20c4b9ad2a9"},"headline":"Wie der Kapitalismus Krisen erzeugt und Kriege vorbereitet (Teil 1)","datePublished":"2023-01-15T11:04:17+00:00","mainEntityOfPage":{"@id":"https:\/\/www.pressenza.com\/de\/2023\/01\/wie-der-kapitalismus-krisen-erzeugt-und-kriege-vorbereitet-teil-1\/"},"wordCount":1543,"publisher":{"@id":"https:\/\/www.pressenza.com\/de\/#organization"},"image":{"@id":"https:\/\/www.pressenza.com\/de\/2023\/01\/wie-der-kapitalismus-krisen-erzeugt-und-kriege-vorbereitet-teil-1\/#primaryimage"},"thumbnailUrl":"https:\/\/www.pressenza.com\/wp-content\/uploads\/2023\/01\/0B455A77-4475-4C4C-9A0F-FA5881E158FD.jpeg","keywords":["Demokratie","Kapitalismus","Klassengesellschaft","Neoliberalismus"],"articleSection":["Frieden und Abr\u00fcstung","Politik","Wirtschaft"],"inLanguage":"de"},{"@type":"WebPage","@id":"https:\/\/www.pressenza.com\/de\/2023\/01\/wie-der-kapitalismus-krisen-erzeugt-und-kriege-vorbereitet-teil-1\/","url":"https:\/\/www.pressenza.com\/de\/2023\/01\/wie-der-kapitalismus-krisen-erzeugt-und-kriege-vorbereitet-teil-1\/","name":"Wie der Kapitalismus Krisen erzeugt und Kriege vorbereitet (Teil 1)","isPartOf":{"@id":"https:\/\/www.pressenza.com\/de\/#website"},"primaryImageOfPage":{"@id":"https:\/\/www.pressenza.com\/de\/2023\/01\/wie-der-kapitalismus-krisen-erzeugt-und-kriege-vorbereitet-teil-1\/#primaryimage"},"image":{"@id":"https:\/\/www.pressenza.com\/de\/2023\/01\/wie-der-kapitalismus-krisen-erzeugt-und-kriege-vorbereitet-teil-1\/#primaryimage"},"thumbnailUrl":"https:\/\/www.pressenza.com\/wp-content\/uploads\/2023\/01\/0B455A77-4475-4C4C-9A0F-FA5881E158FD.jpeg","datePublished":"2023-01-15T11:04:17+00:00","description":"Die Friedenshoffnung nach dem Zerfall der Sowjetunion und der Aufl\u00f6sung des Warschauer Pakts ist im Kampfgeschrei der NATO zerstoben. Auf die","breadcrumb":{"@id":"https:\/\/www.pressenza.com\/de\/2023\/01\/wie-der-kapitalismus-krisen-erzeugt-und-kriege-vorbereitet-teil-1\/#breadcrumb"},"inLanguage":"de","potentialAction":[{"@type":"ReadAction","target":["https:\/\/www.pressenza.com\/de\/2023\/01\/wie-der-kapitalismus-krisen-erzeugt-und-kriege-vorbereitet-teil-1\/"]}]},{"@type":"ImageObject","inLanguage":"de","@id":"https:\/\/www.pressenza.com\/de\/2023\/01\/wie-der-kapitalismus-krisen-erzeugt-und-kriege-vorbereitet-teil-1\/#primaryimage","url":"https:\/\/www.pressenza.com\/wp-content\/uploads\/2023\/01\/0B455A77-4475-4C4C-9A0F-FA5881E158FD.jpeg","contentUrl":"https:\/\/www.pressenza.com\/wp-content\/uploads\/2023\/01\/0B455A77-4475-4C4C-9A0F-FA5881E158FD.jpeg","width":1920,"height":1280},{"@type":"BreadcrumbList","@id":"https:\/\/www.pressenza.com\/de\/2023\/01\/wie-der-kapitalismus-krisen-erzeugt-und-kriege-vorbereitet-teil-1\/#breadcrumb","itemListElement":[{"@type":"ListItem","position":1,"name":"Accueil","item":"https:\/\/www.pressenza.com\/de\/"},{"@type":"ListItem","position":2,"name":"Wie der Kapitalismus Krisen erzeugt und Kriege vorbereitet (Teil 1)"}]},{"@type":"WebSite","@id":"https:\/\/www.pressenza.com\/de\/#website","url":"https:\/\/www.pressenza.com\/de\/","name":"Pressenza","description":"International Press Agency","publisher":{"@id":"https:\/\/www.pressenza.com\/de\/#organization"},"potentialAction":[{"@type":"SearchAction","target":{"@type":"EntryPoint","urlTemplate":"https:\/\/www.pressenza.com\/de\/?s={search_term_string}"},"query-input":{"@type":"PropertyValueSpecification","valueRequired":true,"valueName":"search_term_string"}}],"inLanguage":"de"},{"@type":"Organization","@id":"https:\/\/www.pressenza.com\/de\/#organization","name":"Pressenza","url":"https:\/\/www.pressenza.com\/de\/","logo":{"@type":"ImageObject","inLanguage":"de","@id":"https:\/\/www.pressenza.com\/de\/#\/schema\/logo\/image\/","url":"https:\/\/www.pressenza.com\/wp-content\/uploads\/2022\/10\/pressenza_logo_200x200.jpg","contentUrl":"https:\/\/www.pressenza.com\/wp-content\/uploads\/2022\/10\/pressenza_logo_200x200.jpg","width":200,"height":200,"caption":"Pressenza"},"image":{"@id":"https:\/\/www.pressenza.com\/de\/#\/schema\/logo\/image\/"},"sameAs":["https:\/\/www.facebook.com\/PressenzaItalia","https:\/\/x.com\/PressenzaIPA"]},{"@type":"Person","@id":"https:\/\/www.pressenza.com\/de\/#\/schema\/person\/b816344ee166a2736c48a20c4b9ad2a9","name":"Neue Debatte","description":"Magazin f\u00fcr Menschen, Kultur und Gesellschaft www.neue-debatte.de","url":"https:\/\/www.pressenza.com\/de\/author\/neue-debatte\/"}]}},"place":"Ullrich Mies","original_article_url":"https:\/\/neue-debatte.com\/2019\/07\/07\/wie-der-kapitalismus-krisen-erzeugt-und-kriege-vorbereitet-teil-1\/","_links":{"self":[{"href":"https:\/\/www.pressenza.com\/de\/wp-json\/wp\/v2\/posts\/1709423","targetHints":{"allow":["GET"]}}],"collection":[{"href":"https:\/\/www.pressenza.com\/de\/wp-json\/wp\/v2\/posts"}],"about":[{"href":"https:\/\/www.pressenza.com\/de\/wp-json\/wp\/v2\/types\/post"}],"author":[{"embeddable":true,"href":"https:\/\/www.pressenza.com\/de\/wp-json\/wp\/v2\/users\/1342"}],"replies":[{"embeddable":true,"href":"https:\/\/www.pressenza.com\/de\/wp-json\/wp\/v2\/comments?post=1709423"}],"version-history":[{"count":0,"href":"https:\/\/www.pressenza.com\/de\/wp-json\/wp\/v2\/posts\/1709423\/revisions"}],"wp:featuredmedia":[{"embeddable":true,"href":"https:\/\/www.pressenza.com\/de\/wp-json\/wp\/v2\/media\/1709424"}],"wp:attachment":[{"href":"https:\/\/www.pressenza.com\/de\/wp-json\/wp\/v2\/media?parent=1709423"}],"wp:term":[{"taxonomy":"category","embeddable":true,"href":"https:\/\/www.pressenza.com\/de\/wp-json\/wp\/v2\/categories?post=1709423"},{"taxonomy":"post_tag","embeddable":true,"href":"https:\/\/www.pressenza.com\/de\/wp-json\/wp\/v2\/tags?post=1709423"}],"curies":[{"name":"wp","href":"https:\/\/api.w.org\/{rel}","templated":true}]}}