{"id":1701802,"date":"2022-12-22T11:39:20","date_gmt":"2022-12-22T11:39:20","guid":{"rendered":"https:\/\/www.pressenza.com\/?p=1701802"},"modified":"2022-12-22T11:40:20","modified_gmt":"2022-12-22T11:40:20","slug":"eine-zeitenwende-fuer-die-welt","status":"publish","type":"post","link":"https:\/\/www.pressenza.com\/de\/2022\/12\/eine-zeitenwende-fuer-die-welt\/","title":{"rendered":"Eine Zeitenwende f\u00fcr die Welt?"},"content":{"rendered":"<p><strong>Der Jahreswechsel richtet unsere Gedanken wieder st\u00e4rker auf die Zukunft der Familien. Die Hoffnungen richten sich auf Gesundheit, Frieden und Wohlergehen. Der deutsche Bundeskanzler Olaf Scholz sprach auf der letzten Generalversammlung der UNO von einer Zeitenwende, ohne sie jedoch n\u00e4her zu erkl\u00e4ren, wohin die Reise f\u00fcr Deutschland und f\u00fcr die Menschheit nach seiner Auffassung geht.<\/strong><\/p>\n<p>Wieder hin zu den Verh\u00e4ltnissen der 30\/40-ziger Jahren des 20. Jahrhunderts? Damals gestaltete eine rechte faschistische Bewegung in Italien, Deutschland, Spanien, Japan, Rum\u00e4nien und der Baltenl\u00e4nder die Welt nach ihrem Verst\u00e4ndnis. (W. Abendroth, E. Nolte \u201eTheorien \u00fcber den Faschismus\u201c).<\/p>\n<p>Die Bewegung stellte sich damals in Deutschland als Interessenvertreter des Mittelstandes und der Arbeitermassen gegen die Ausw\u00fcchse des Monopolkapitals dar. Ersichtlich schon aus ihren Namen als Nationalsozialistische Deutsche Arbeiterpartei, kurz Nazi dar. Sie genoss das Wohlwollen der national denkenden Gro\u00dfen der Gesellschaft. Ihr Verst\u00e4ndnis lie\u00df die massenhafte Ermordung von Menschen mit j\u00fcdischem Glauben zu. Die Bewegung trieb bekanntlich die L\u00e4nder der Welt in den 2. Weltkrieg.<\/p>\n<p>Oder dachte der Kanzler etwa in Richtung einer k\u00fcnftigen Gesellschaftsordnung, die Angesichts der Trag\u00f6dien der Kriege und des Antisemitismus eine humane Gesellschaft dauerhaft etablieren will? Der Krieg in der Ukraine hat viele aufgeschreckt. Zu zerst\u00f6rerisch sind die Waffensysteme geworden. Gleichzeitig droht der Klimawandel den Planeten f\u00fcr Menschen unbewohnbar zu machen, wie es St\u00e9phane Hessel in einer Streitschrift (\u201eEmp\u00f6rt Euch\u201c, Ullstein) ausdr\u00fcckte. Er blieb nicht bei der Beschreibung stehen. Hessel beklagte Abgeordnete und Politiker, die wirksame Ver\u00e4nderungen nicht vornehmen.<\/p>\n<p>Der Kanzler schweigt, was er unter der Zeitenwende in seiner Rede versteht.<\/p>\n<p>Die Gleichheit, Br\u00fcderlichkeit und der Frieden sind als gesellschaftliche Zielmarken der Zukunft von der CDU, FDP, SPD und den Gr\u00fcnen abgeschafft.<\/p>\n<p>Am 8. Dezember 2022 er\u00f6ffnete das Deutsche Historische Museum in Berlin eine Ausstellung \u00fcber 14 geschichtliche Kipppunkte, die zum tiefem Nachdenken anregt, wenn historisch andere Wege beschritten worden w\u00e4ren! Beispielsweise: \u201eWas w\u00e4re passiert, wenn zur Beendigung des 2. Weltkrieges die erste Atombombe \u00fcber Deutschland abgeworfen worden w\u00e4re?\u201c. Ein anderes Szenario f\u00fcr die Besucher der Ausstellung: \u201eAm 13. August 1961 standen sich in Berlin am Checkpoint Charlie ein amerikanischer und ein russischer Panzer nur wenige Meter gegen\u00fcber\u201c.<\/p>\n<p>Dank vernunftbegabter Politiker in Washington und Moskau blieb der Frieden erhalten. Auf Pr\u00e4sident Kennedy soll der Ausspruch zur\u00fcck gehen: \u201eIch habe lieber einen kommunistischen lebenden Sohn, als einen toten\u201c. Eine Geisteshaltung, die im 2. Weltkrieg trotz ideologischer Gegens\u00e4tze die Antihitlerkoalition zwischen den USA, Russland (UdSSR) und Gro\u00dfbritannien zu lie\u00df. Die Koalition entwickelte die Kraft, den Faschismus in Deutschland und Japan zu besiegen. Die Truman-Doktrin von 1947 zerbrach die humane Zusammenarbeit mit ihrer Kernthese, \u201eden Sozialismus aufhalten und zur\u00fcckdr\u00e4ngen\u201c. Sie gab den Startschuss f\u00fcr den Kalten Krieg, der noch nicht am Ende zu sein scheint, wenn man die aktuellen Frontstellungen in der Ukraine betrachtet oder die Abschlusspapiere der letzten Monate von G7 und NATO-Tagungen liest.<\/p>\n<p>Rechte bis hin zu faschistoiden Bewegungen sind nach dem 2. Weltkrieg keinesfalls aus der Welt verschwunden. In Lateinamerika haben sie es zu Regierungen geschafft (Chile, Brasilien, Argentinien, Paraguay u.a.), die von den USA toleriert wurden. In den USA gab es Extremhandlungen, beispielsweise die Apartheid-Politik, der Watergate-Skandal, die Ermordung Kennedys bis zum Regierungswechsel von Trump, die Spuren hinterlassen haben. Eine wechselvolle Demokratie f\u00fchrt zum Nachdenken (\u201eUnverk\u00fcrzte Demokratie\u201c, Cristina Lafont, Suhrkamp,2021).<\/p>\n<p>Die Weltgemeinschaft steht gegenw\u00e4rtig an einer neuen Wegkreuzung bzw. einem Kipppunkt. Der Krieg in der Ukraine hat alle Merkmale, um einen 3. Weltkrieg auszul\u00f6sen.<\/p>\n<p>Die Kraft die Trag\u00f6die aufzuhalten und andere Wegrichtungen einzuschlagen, haben die 4 Weltm\u00e4chte USA, EU, sowie China und Russland im Verbund mit dem Weltsicherheitsrat der UNO. Sie verf\u00fcgen \u00fcber die notwendige Autorit\u00e4t, einen Weg der Entspannung vorzuzeichnen. Jeder von ihnen erkl\u00e4rt \u00f6ffentlich, den Willen zum Frieden zu haben. Sie finden jedoch noch nicht die vertraglichen bindenden Details.<\/p>\n<p>Grundlagen zur Beendigung des 2. Weltkrieges schuf die Antihitlerkoalition, die gemeinsam Wege fanden, die zerst\u00f6rerische faschistische Bewegungen Deutschlands und Japans zu besiegen. Die humane Vernunft hatte einen Sieg errungen.<\/p>\n<p>Gegenw\u00e4rtig k\u00f6nnte China, als neue Gro\u00dfmacht zur L\u00f6sung des Ukraine-Konflikts beitragen, nicht nur als Mitglied des Sicherheitsrates. Das Land hat es geschafft, sich im Wesentlichen aus eigener Kraft von einem Entwicklungsland zu seiner aktuellen Gr\u00f6\u00dfe empor zu arbeiten. Der Anschluss an die Wirtschaftsleistung der USA wurde erreicht, mit vergleichbar minimalen Staatsschulden.<\/p>\n<p>Die USA hat ihre Entwicklung seit Jahren mit hohen Schulden finanziert und verbucht aktuell etwa <strong>31 Billionen USD Staatsschulden mit einer Schuldenquote von 136 %. Die EU hat ihre in der Verfassung festgelegte Normquote von 65 % \u00fcberschritten und liegt bei 78 %.<\/strong> Die VR-China ist Gl\u00e4ubiger der USA Schulden und verbucht j\u00e4hrliche Export\u00fcbersch\u00fcsse. Mit der \u00d6ffnung des Marktes bot China dem westlichen System einen boomenden Markt mit 1,3 Mrd. Menschen und eigene Produktionsst\u00e4tten in Chinas Sonderzonen. Voraussetzung war die Anerkennung der Gesetze des Landes, wie es international \u00fcblich ist. Chinas Volkswirtschaft hat die Erfahrungen der Planwirtschaften der sozialistischen L\u00e4nder und Elemente der kapitalistischen Betriebswirtschaft genutzt. Genossenschaften und staatliches Eigentum (eiserne Reissch\u00fcsseln) waren zusammen mit dem privaten Eigentum an Produktionsmittel und gemischte Kapitalverh\u00e4ltnisse die Voraussetzungen f\u00fcr die erfolgreiche Entwicklung. Die Genossenschaft Huawei geh\u00f6rt zu den gr\u00f6\u00dften privaten Unternehmen in China. Nicht zu untersch\u00e4tzen ist die staatliche, bilanzierte Planung der gro\u00dfen Bereiche (u.a.in Wirtschaft, Bildung, Wissenschaft, Sicherheit, Verkehr, Wohnungswesen, Kultur) verbunden mit der partizipativen Demokratie der Parlamente des Landes.<\/p>\n<p>Die F\u00fchrungskonzepte Chinas unterscheiden sich von den der westlichen Ordnung in einigen Punkten: Die These der USA, dass es im Wettbewerb nur einen alleinigen Sieger geben kann, ist zweifelhaft. Im Sport gewinnen alle, die ihre bisherigen Bestleistungen \u00fcberbieten. Nat\u00fcrlich geb\u00fchrt der oder den Besten eine Troph\u00e4e. Im Wettbewerb der Gesellschaftssysteme gibt es kein einheitliche Zielmarke. Das lassen die unterschiedlichen wirtschaftlichen Entwicklungsetappen der L\u00e4nder nicht zu. Der Wettbewerb der L\u00e4nder hat keine vergleichbare faire Grundlage (Rohstoffe, Folgen des Kolonialismus, traditionelles Lohnniveau, Steueraufkommen, Gew\u00e4hrung von F\u00f6rdermittel, Subventionen, Z\u00f6lle u.\u00e4.). Im wirtschaftlichen Wettbewerb zwischen L\u00e4ndern geht es nicht um einen Sieger, der St\u00e4rkster der Welt wird, sondern darum, die Lebensgrundlagen f\u00fcr seine Bev\u00f6lkerung aus eigener Kraft zu verbessern.<\/p>\n<p>Vielleicht w\u00e4re das ein Weg f\u00fcr die Zeitenwende, die der Bundeskanzler im Blick haben k\u00f6nnte. Das erfordert aber konkrete Beschl\u00fcsse des deutschen Parlaments und der Regierung.<\/p>\n<p>Die VR-China pflegt im \u00f6ffentlichen Umgang mit anderen Staaten einen achtungsvollen Sprachgebrauch, trotz historisch erlittener Leiden. Die Nordamerikaner haben einst England mit milit\u00e4rischen Marineeinheiten unterst\u00fctzt, damit China seine Grenzen f\u00fcr den Opiumhandel \u00f6ffnet. Damit nicht genug. Die USA unterst\u00fctzten im chinesischen B\u00fcrgerkrieg Tschiang Kai Scheck, der auf die Insel fl\u00fcchtete, mit Waffen und Munition und erkl\u00e4rten sich als Schutzmacht. Ein Verh\u00e4ltnis, dass bis zur Gegenwart besteht. Die Vereinbarung erlaubt, dass amerikanische Flugzeugtr\u00e4ger nahe der Insel kreuzen und ihre milit\u00e4rischen Muskeln spielen lassen. Eine Insel, halb so gro\u00df wie Bayern, die chinesisches Staatsterritorium ist.<\/p>\n<p>Im Gegensatz zu Russland, der EU und den USA ist die VR-China nicht im Krieg in der Ukraine mit Waffentechniken und Finanzhilfen verwickelt. Das Land verfolgt auch keine \u00f6ffentliche mediale Feindpolitik gegen\u00fcber dem Westen. Es bietet sein Konzept der friedlichen Koexistenz zum gegenseitigen Nutzen und der Nichteinmischung in die inneren Angelegenheiten des anderen an.<\/p>\n<p>Seine aktive Mitarbeit zur L\u00f6sung des Konflikts in der Ukraine k\u00f6nnte Friedens-Impulse ausl\u00f6sen.<\/p>\n<p>Die von der EU und den USA forcierten Menschenrechtsvorw\u00fcrfe sollten keine Hindernisse sein. Zu hoch ist die Zahl der Verletzungen der Menschenrechte in den USA und der EU. Eine internationale Konferenz zu diesem Thema ist l\u00e4ngst \u00fcberf\u00e4llig. In diesem Sinne ist der Beitrag vom 17.12.2022 in der Berliner Zeitung von Klaus Bachmann \u201e<a href=\"https:\/\/www.berliner-zeitung.de\/politik-gesellschaft\/wunderbare-deutsche-doppelmoral-katar-akzeptiert-tote-am-bau-wir-tote-im-meer-li.293202\" target=\"_blank\" rel=\"noopener\">Warum akzeptieren wir Tote im Meer?<\/a>\u201c aufschlussreich.<\/p>\n<hr \/>\n<p><em>Der Autor G\u00fcnter Buhlke ex. Vorstand einer Berliner Wohngenossenschaft, ex. Direktor beim Schweizer Kaufmannsverband beschreibt in seinem neuen Buch <strong><a href=\"https:\/\/www.eulenspiegel.com\/verlage\/verlag-am-park\/titel\/hat-die-welt-eine-zukunft.html\" target=\"_blank\" rel=\"noopener noreferrer\">\u201eHat die Welt eine Zukunft?\u201c Verlag am Park, ISBN 978-3-947094-79-0<\/a><\/strong> (Verlag am Park, 194 S.) Alternativen f\u00fcr eine humane Welt.<\/em><\/p>\n<p><img loading=\"lazy\" decoding=\"async\" class=\"aligncenter size-full wp-image-1369229\" src=\"https:\/\/cdn77.pressenza.com\/wp-content\/uploads\/2021\/05\/Hat_die_Welt_eine_Zukunft_609x649.jpg\" sizes=\"auto, (max-width: 609px) 100vw, 609px\" srcset=\"https:\/\/cdn77.pressenza.com\/wp-content\/uploads\/2021\/05\/Hat_die_Welt_eine_Zukunft_609x649.jpg 609w, https:\/\/cdn77.pressenza.com\/wp-content\/uploads\/2021\/05\/Hat_die_Welt_eine_Zukunft_609x649-282x300.jpg 282w\" alt=\"Hat die Welt eine Zukunft?\" width=\"609\" height=\"649\" \/><\/p>\n","protected":false},"excerpt":{"rendered":"<p>Der Jahreswechsel richtet unsere Gedanken wieder st\u00e4rker auf die Zukunft der Familien. Die Hoffnungen richten sich auf Gesundheit, Frieden und Wohlergehen. Der deutsche Bundeskanzler Olaf Scholz sprach auf der letzten Generalversammlung der UNO von einer Zeitenwende, ohne sie jedoch n\u00e4her&hellip;<\/p>\n","protected":false},"author":1463,"featured_media":1701803,"comment_status":"closed","ping_status":"closed","sticky":false,"template":"","format":"standard","meta":{"footnotes":""},"categories":[96215,7835,9143,11387,9168],"tags":[22228,15347,62766,103667,32519],"class_list":["post-1701802","post","type-post","status-publish","format-standard","has-post-thumbnail","hentry","category-geschichte","category-international-de","category-meinungen","category-originalinhalt","category-politik","tag-menschenrechte","tag-multipolare-welt","tag-staatsverschuldung","tag-zeitwende","tag-zukunft"],"yoast_head":"<!-- This site is optimized with the Yoast SEO plugin v27.1.1 - https:\/\/yoast.com\/product\/yoast-seo-wordpress\/ -->\n<title>Eine Zeitenwende f\u00fcr die Welt?<\/title>\n<meta name=\"description\" content=\"Der Jahreswechsel richtet unsere Gedanken wieder st\u00e4rker auf die Zukunft der Familien. Die Hoffnungen richten sich auf Gesundheit, Frieden und\" \/>\n<meta name=\"robots\" content=\"index, follow, max-snippet:-1, max-image-preview:large, max-video-preview:-1\" \/>\n<link rel=\"canonical\" href=\"https:\/\/www.pressenza.com\/de\/2022\/12\/eine-zeitenwende-fuer-die-welt\/\" \/>\n<meta property=\"og:locale\" content=\"de_DE\" \/>\n<meta property=\"og:type\" content=\"article\" \/>\n<meta property=\"og:title\" content=\"Eine Zeitenwende f\u00fcr die Welt?\" \/>\n<meta property=\"og:description\" content=\"Der Jahreswechsel richtet unsere Gedanken wieder st\u00e4rker auf die Zukunft der Familien. Die Hoffnungen richten sich auf Gesundheit, Frieden und\" \/>\n<meta property=\"og:url\" content=\"https:\/\/www.pressenza.com\/de\/2022\/12\/eine-zeitenwende-fuer-die-welt\/\" \/>\n<meta property=\"og:site_name\" content=\"Pressenza\" \/>\n<meta property=\"article:publisher\" content=\"https:\/\/www.facebook.com\/PressenzaItalia\" \/>\n<meta property=\"article:published_time\" content=\"2022-12-22T11:39:20+00:00\" \/>\n<meta property=\"article:modified_time\" content=\"2022-12-22T11:40:20+00:00\" \/>\n<meta property=\"og:image\" content=\"https:\/\/www.pressenza.com\/wp-content\/uploads\/2022\/12\/210125-doomsday-clock-jm-1144.jpg\" \/>\n\t<meta property=\"og:image:width\" content=\"1920\" \/>\n\t<meta property=\"og:image:height\" content=\"1280\" \/>\n\t<meta property=\"og:image:type\" content=\"image\/jpeg\" \/>\n<meta name=\"author\" content=\"G\u00fcnter Buhlke\" \/>\n<meta name=\"twitter:card\" content=\"summary_large_image\" \/>\n<meta name=\"twitter:creator\" content=\"@PressenzaIPA\" \/>\n<meta name=\"twitter:site\" content=\"@PressenzaIPA\" \/>\n<meta name=\"twitter:label1\" content=\"Verfasst von\" \/>\n\t<meta name=\"twitter:data1\" content=\"G\u00fcnter Buhlke\" \/>\n\t<meta name=\"twitter:label2\" content=\"Gesch\u00e4tzte Lesezeit\" \/>\n\t<meta name=\"twitter:data2\" content=\"7\u00a0Minuten\" \/>\n<script type=\"application\/ld+json\" class=\"yoast-schema-graph\">{\"@context\":\"https:\/\/schema.org\",\"@graph\":[{\"@type\":\"Article\",\"@id\":\"https:\/\/www.pressenza.com\/de\/2022\/12\/eine-zeitenwende-fuer-die-welt\/#article\",\"isPartOf\":{\"@id\":\"https:\/\/www.pressenza.com\/de\/2022\/12\/eine-zeitenwende-fuer-die-welt\/\"},\"author\":{\"name\":\"G\u00fcnter Buhlke\",\"@id\":\"https:\/\/www.pressenza.com\/de\/#\/schema\/person\/e48301baaf10fa4f78dc7566caf225b4\"},\"headline\":\"Eine Zeitenwende f\u00fcr die Welt?\",\"datePublished\":\"2022-12-22T11:39:20+00:00\",\"dateModified\":\"2022-12-22T11:40:20+00:00\",\"mainEntityOfPage\":{\"@id\":\"https:\/\/www.pressenza.com\/de\/2022\/12\/eine-zeitenwende-fuer-die-welt\/\"},\"wordCount\":1347,\"publisher\":{\"@id\":\"https:\/\/www.pressenza.com\/de\/#organization\"},\"image\":{\"@id\":\"https:\/\/www.pressenza.com\/de\/2022\/12\/eine-zeitenwende-fuer-die-welt\/#primaryimage\"},\"thumbnailUrl\":\"https:\/\/www.pressenza.com\/wp-content\/uploads\/2022\/12\/210125-doomsday-clock-jm-1144.jpg\",\"keywords\":[\"Menschenrechte\",\"Multipolare Welt\",\"Staatsverschuldung\",\"Zeitwende\",\"Zukunft\"],\"articleSection\":[\"Geschichte\",\"International\",\"Meinungen\",\"Originalinhalt\",\"Politik\"],\"inLanguage\":\"de\"},{\"@type\":\"WebPage\",\"@id\":\"https:\/\/www.pressenza.com\/de\/2022\/12\/eine-zeitenwende-fuer-die-welt\/\",\"url\":\"https:\/\/www.pressenza.com\/de\/2022\/12\/eine-zeitenwende-fuer-die-welt\/\",\"name\":\"Eine Zeitenwende f\u00fcr die Welt?\",\"isPartOf\":{\"@id\":\"https:\/\/www.pressenza.com\/de\/#website\"},\"primaryImageOfPage\":{\"@id\":\"https:\/\/www.pressenza.com\/de\/2022\/12\/eine-zeitenwende-fuer-die-welt\/#primaryimage\"},\"image\":{\"@id\":\"https:\/\/www.pressenza.com\/de\/2022\/12\/eine-zeitenwende-fuer-die-welt\/#primaryimage\"},\"thumbnailUrl\":\"https:\/\/www.pressenza.com\/wp-content\/uploads\/2022\/12\/210125-doomsday-clock-jm-1144.jpg\",\"datePublished\":\"2022-12-22T11:39:20+00:00\",\"dateModified\":\"2022-12-22T11:40:20+00:00\",\"description\":\"Der Jahreswechsel richtet unsere Gedanken wieder st\u00e4rker auf die Zukunft der Familien. Die Hoffnungen richten sich auf Gesundheit, Frieden und\",\"breadcrumb\":{\"@id\":\"https:\/\/www.pressenza.com\/de\/2022\/12\/eine-zeitenwende-fuer-die-welt\/#breadcrumb\"},\"inLanguage\":\"de\",\"potentialAction\":[{\"@type\":\"ReadAction\",\"target\":[\"https:\/\/www.pressenza.com\/de\/2022\/12\/eine-zeitenwende-fuer-die-welt\/\"]}]},{\"@type\":\"ImageObject\",\"inLanguage\":\"de\",\"@id\":\"https:\/\/www.pressenza.com\/de\/2022\/12\/eine-zeitenwende-fuer-die-welt\/#primaryimage\",\"url\":\"https:\/\/www.pressenza.com\/wp-content\/uploads\/2022\/12\/210125-doomsday-clock-jm-1144.jpg\",\"contentUrl\":\"https:\/\/www.pressenza.com\/wp-content\/uploads\/2022\/12\/210125-doomsday-clock-jm-1144.jpg\",\"width\":1920,\"height\":1280,\"caption\":\"Eine Zeitenwende f\u00fcr die Welt?\"},{\"@type\":\"BreadcrumbList\",\"@id\":\"https:\/\/www.pressenza.com\/de\/2022\/12\/eine-zeitenwende-fuer-die-welt\/#breadcrumb\",\"itemListElement\":[{\"@type\":\"ListItem\",\"position\":1,\"name\":\"Accueil\",\"item\":\"https:\/\/www.pressenza.com\/de\/\"},{\"@type\":\"ListItem\",\"position\":2,\"name\":\"Eine Zeitenwende f\u00fcr die Welt?\"}]},{\"@type\":\"WebSite\",\"@id\":\"https:\/\/www.pressenza.com\/de\/#website\",\"url\":\"https:\/\/www.pressenza.com\/de\/\",\"name\":\"Pressenza\",\"description\":\"International Press Agency\",\"publisher\":{\"@id\":\"https:\/\/www.pressenza.com\/de\/#organization\"},\"potentialAction\":[{\"@type\":\"SearchAction\",\"target\":{\"@type\":\"EntryPoint\",\"urlTemplate\":\"https:\/\/www.pressenza.com\/de\/?s={search_term_string}\"},\"query-input\":{\"@type\":\"PropertyValueSpecification\",\"valueRequired\":true,\"valueName\":\"search_term_string\"}}],\"inLanguage\":\"de\"},{\"@type\":\"Organization\",\"@id\":\"https:\/\/www.pressenza.com\/de\/#organization\",\"name\":\"Pressenza\",\"url\":\"https:\/\/www.pressenza.com\/de\/\",\"logo\":{\"@type\":\"ImageObject\",\"inLanguage\":\"de\",\"@id\":\"https:\/\/www.pressenza.com\/de\/#\/schema\/logo\/image\/\",\"url\":\"https:\/\/www.pressenza.com\/wp-content\/uploads\/2022\/10\/pressenza_logo_200x200.jpg\",\"contentUrl\":\"https:\/\/www.pressenza.com\/wp-content\/uploads\/2022\/10\/pressenza_logo_200x200.jpg\",\"width\":200,\"height\":200,\"caption\":\"Pressenza\"},\"image\":{\"@id\":\"https:\/\/www.pressenza.com\/de\/#\/schema\/logo\/image\/\"},\"sameAs\":[\"https:\/\/www.facebook.com\/PressenzaItalia\",\"https:\/\/x.com\/PressenzaIPA\"]},{\"@type\":\"Person\",\"@id\":\"https:\/\/www.pressenza.com\/de\/#\/schema\/person\/e48301baaf10fa4f78dc7566caf225b4\",\"name\":\"G\u00fcnter Buhlke\",\"description\":\"Geboren 1934, Studium an der Humboldtuniversit\u00e4t und der Hochschule f\u00fcr \u00d6konomie Berlin, dipl. Volkswirtschaftler. Internationale Arbeit als Handelsrat in Mexiko und Venezuela. Koordinator f\u00fcr die Wirtschaftsbeziehungen der DDR zu Lateinamerika. Wirtschaftserfahrungen als\u00a0langj\u00e4hriger Leiter des Schweizerischen Instituts f\u00fcr Betriebswirtschaft in Berlin, Vorstand einer Wohnungsgenossenschaft und Referent im Haushaltsausschuss der Volkskammer und des Bundestages. Gegenw\u00e4rtig ehrenamtliche T\u00e4tigkeiten.\",\"url\":\"https:\/\/www.pressenza.com\/de\/author\/guenter-buhlke\/\"}]}<\/script>\n<!-- \/ Yoast SEO plugin. -->","yoast_head_json":{"title":"Eine Zeitenwende f\u00fcr die Welt?","description":"Der Jahreswechsel richtet unsere Gedanken wieder st\u00e4rker auf die Zukunft der Familien. Die Hoffnungen richten sich auf Gesundheit, Frieden und","robots":{"index":"index","follow":"follow","max-snippet":"max-snippet:-1","max-image-preview":"max-image-preview:large","max-video-preview":"max-video-preview:-1"},"canonical":"https:\/\/www.pressenza.com\/de\/2022\/12\/eine-zeitenwende-fuer-die-welt\/","og_locale":"de_DE","og_type":"article","og_title":"Eine Zeitenwende f\u00fcr die Welt?","og_description":"Der Jahreswechsel richtet unsere Gedanken wieder st\u00e4rker auf die Zukunft der Familien. Die Hoffnungen richten sich auf Gesundheit, Frieden und","og_url":"https:\/\/www.pressenza.com\/de\/2022\/12\/eine-zeitenwende-fuer-die-welt\/","og_site_name":"Pressenza","article_publisher":"https:\/\/www.facebook.com\/PressenzaItalia","article_published_time":"2022-12-22T11:39:20+00:00","article_modified_time":"2022-12-22T11:40:20+00:00","og_image":[{"width":1920,"height":1280,"url":"https:\/\/www.pressenza.com\/wp-content\/uploads\/2022\/12\/210125-doomsday-clock-jm-1144.jpg","type":"image\/jpeg"}],"author":"G\u00fcnter Buhlke","twitter_card":"summary_large_image","twitter_creator":"@PressenzaIPA","twitter_site":"@PressenzaIPA","twitter_misc":{"Verfasst von":"G\u00fcnter Buhlke","Gesch\u00e4tzte Lesezeit":"7\u00a0Minuten"},"schema":{"@context":"https:\/\/schema.org","@graph":[{"@type":"Article","@id":"https:\/\/www.pressenza.com\/de\/2022\/12\/eine-zeitenwende-fuer-die-welt\/#article","isPartOf":{"@id":"https:\/\/www.pressenza.com\/de\/2022\/12\/eine-zeitenwende-fuer-die-welt\/"},"author":{"name":"G\u00fcnter Buhlke","@id":"https:\/\/www.pressenza.com\/de\/#\/schema\/person\/e48301baaf10fa4f78dc7566caf225b4"},"headline":"Eine Zeitenwende f\u00fcr die Welt?","datePublished":"2022-12-22T11:39:20+00:00","dateModified":"2022-12-22T11:40:20+00:00","mainEntityOfPage":{"@id":"https:\/\/www.pressenza.com\/de\/2022\/12\/eine-zeitenwende-fuer-die-welt\/"},"wordCount":1347,"publisher":{"@id":"https:\/\/www.pressenza.com\/de\/#organization"},"image":{"@id":"https:\/\/www.pressenza.com\/de\/2022\/12\/eine-zeitenwende-fuer-die-welt\/#primaryimage"},"thumbnailUrl":"https:\/\/www.pressenza.com\/wp-content\/uploads\/2022\/12\/210125-doomsday-clock-jm-1144.jpg","keywords":["Menschenrechte","Multipolare Welt","Staatsverschuldung","Zeitwende","Zukunft"],"articleSection":["Geschichte","International","Meinungen","Originalinhalt","Politik"],"inLanguage":"de"},{"@type":"WebPage","@id":"https:\/\/www.pressenza.com\/de\/2022\/12\/eine-zeitenwende-fuer-die-welt\/","url":"https:\/\/www.pressenza.com\/de\/2022\/12\/eine-zeitenwende-fuer-die-welt\/","name":"Eine Zeitenwende f\u00fcr die Welt?","isPartOf":{"@id":"https:\/\/www.pressenza.com\/de\/#website"},"primaryImageOfPage":{"@id":"https:\/\/www.pressenza.com\/de\/2022\/12\/eine-zeitenwende-fuer-die-welt\/#primaryimage"},"image":{"@id":"https:\/\/www.pressenza.com\/de\/2022\/12\/eine-zeitenwende-fuer-die-welt\/#primaryimage"},"thumbnailUrl":"https:\/\/www.pressenza.com\/wp-content\/uploads\/2022\/12\/210125-doomsday-clock-jm-1144.jpg","datePublished":"2022-12-22T11:39:20+00:00","dateModified":"2022-12-22T11:40:20+00:00","description":"Der Jahreswechsel richtet unsere Gedanken wieder st\u00e4rker auf die Zukunft der Familien. Die Hoffnungen richten sich auf Gesundheit, Frieden und","breadcrumb":{"@id":"https:\/\/www.pressenza.com\/de\/2022\/12\/eine-zeitenwende-fuer-die-welt\/#breadcrumb"},"inLanguage":"de","potentialAction":[{"@type":"ReadAction","target":["https:\/\/www.pressenza.com\/de\/2022\/12\/eine-zeitenwende-fuer-die-welt\/"]}]},{"@type":"ImageObject","inLanguage":"de","@id":"https:\/\/www.pressenza.com\/de\/2022\/12\/eine-zeitenwende-fuer-die-welt\/#primaryimage","url":"https:\/\/www.pressenza.com\/wp-content\/uploads\/2022\/12\/210125-doomsday-clock-jm-1144.jpg","contentUrl":"https:\/\/www.pressenza.com\/wp-content\/uploads\/2022\/12\/210125-doomsday-clock-jm-1144.jpg","width":1920,"height":1280,"caption":"Eine Zeitenwende f\u00fcr die Welt?"},{"@type":"BreadcrumbList","@id":"https:\/\/www.pressenza.com\/de\/2022\/12\/eine-zeitenwende-fuer-die-welt\/#breadcrumb","itemListElement":[{"@type":"ListItem","position":1,"name":"Accueil","item":"https:\/\/www.pressenza.com\/de\/"},{"@type":"ListItem","position":2,"name":"Eine Zeitenwende f\u00fcr die Welt?"}]},{"@type":"WebSite","@id":"https:\/\/www.pressenza.com\/de\/#website","url":"https:\/\/www.pressenza.com\/de\/","name":"Pressenza","description":"International Press Agency","publisher":{"@id":"https:\/\/www.pressenza.com\/de\/#organization"},"potentialAction":[{"@type":"SearchAction","target":{"@type":"EntryPoint","urlTemplate":"https:\/\/www.pressenza.com\/de\/?s={search_term_string}"},"query-input":{"@type":"PropertyValueSpecification","valueRequired":true,"valueName":"search_term_string"}}],"inLanguage":"de"},{"@type":"Organization","@id":"https:\/\/www.pressenza.com\/de\/#organization","name":"Pressenza","url":"https:\/\/www.pressenza.com\/de\/","logo":{"@type":"ImageObject","inLanguage":"de","@id":"https:\/\/www.pressenza.com\/de\/#\/schema\/logo\/image\/","url":"https:\/\/www.pressenza.com\/wp-content\/uploads\/2022\/10\/pressenza_logo_200x200.jpg","contentUrl":"https:\/\/www.pressenza.com\/wp-content\/uploads\/2022\/10\/pressenza_logo_200x200.jpg","width":200,"height":200,"caption":"Pressenza"},"image":{"@id":"https:\/\/www.pressenza.com\/de\/#\/schema\/logo\/image\/"},"sameAs":["https:\/\/www.facebook.com\/PressenzaItalia","https:\/\/x.com\/PressenzaIPA"]},{"@type":"Person","@id":"https:\/\/www.pressenza.com\/de\/#\/schema\/person\/e48301baaf10fa4f78dc7566caf225b4","name":"G\u00fcnter Buhlke","description":"Geboren 1934, Studium an der Humboldtuniversit\u00e4t und der Hochschule f\u00fcr \u00d6konomie Berlin, dipl. Volkswirtschaftler. Internationale Arbeit als Handelsrat in Mexiko und Venezuela. Koordinator f\u00fcr die Wirtschaftsbeziehungen der DDR zu Lateinamerika. Wirtschaftserfahrungen als\u00a0langj\u00e4hriger Leiter des Schweizerischen Instituts f\u00fcr Betriebswirtschaft in Berlin, Vorstand einer Wohnungsgenossenschaft und Referent im Haushaltsausschuss der Volkskammer und des Bundestages. Gegenw\u00e4rtig ehrenamtliche T\u00e4tigkeiten.","url":"https:\/\/www.pressenza.com\/de\/author\/guenter-buhlke\/"}]}},"place":"","original_article_url":"","_links":{"self":[{"href":"https:\/\/www.pressenza.com\/de\/wp-json\/wp\/v2\/posts\/1701802","targetHints":{"allow":["GET"]}}],"collection":[{"href":"https:\/\/www.pressenza.com\/de\/wp-json\/wp\/v2\/posts"}],"about":[{"href":"https:\/\/www.pressenza.com\/de\/wp-json\/wp\/v2\/types\/post"}],"author":[{"embeddable":true,"href":"https:\/\/www.pressenza.com\/de\/wp-json\/wp\/v2\/users\/1463"}],"replies":[{"embeddable":true,"href":"https:\/\/www.pressenza.com\/de\/wp-json\/wp\/v2\/comments?post=1701802"}],"version-history":[{"count":0,"href":"https:\/\/www.pressenza.com\/de\/wp-json\/wp\/v2\/posts\/1701802\/revisions"}],"wp:featuredmedia":[{"embeddable":true,"href":"https:\/\/www.pressenza.com\/de\/wp-json\/wp\/v2\/media\/1701803"}],"wp:attachment":[{"href":"https:\/\/www.pressenza.com\/de\/wp-json\/wp\/v2\/media?parent=1701802"}],"wp:term":[{"taxonomy":"category","embeddable":true,"href":"https:\/\/www.pressenza.com\/de\/wp-json\/wp\/v2\/categories?post=1701802"},{"taxonomy":"post_tag","embeddable":true,"href":"https:\/\/www.pressenza.com\/de\/wp-json\/wp\/v2\/tags?post=1701802"}],"curies":[{"name":"wp","href":"https:\/\/api.w.org\/{rel}","templated":true}]}}