{"id":1697294,"date":"2022-12-03T16:36:52","date_gmt":"2022-12-03T16:36:52","guid":{"rendered":"https:\/\/www.pressenza.com\/?p=1697294"},"modified":"2022-12-03T16:39:22","modified_gmt":"2022-12-03T16:39:22","slug":"berliner-nachwahlen-mit-neuen-chancen","status":"publish","type":"post","link":"https:\/\/www.pressenza.com\/de\/2022\/12\/berliner-nachwahlen-mit-neuen-chancen\/","title":{"rendered":"Berliner Nachwahlen \u2013 mit neuen Chancen?"},"content":{"rendered":"<p><strong>Die Wahlwiederholung kreuzt sich mit dem \u00c4rger der Bev\u00f6lkerung, des Mittelstandes und der Industrie. Die Energiepreise haben sich nach Einf\u00fchrung der Sanktionen sprunghaft erh\u00f6ht. Zum allgemeinen Leidwesen ist noch eine Inflation hinzugekommen, die das Geld zum Leben entwertet und die Produktion verteuert. <\/strong><\/p>\n<p>Die regierenden Parteien bangen. Der Unmut darf auf keinem Fall auf eine mangelhafte Arbeit der Ampelregierung oder des Parlaments zur\u00fcckgef\u00fchrt werden, auch wenn sie nicht frei von direkter Schuld sind. Der gelobte Wettbewerb der demokratischen Parteien wird schon die Schuldigen medial herausstellen, hofft der Wahlmichel.<\/p>\n<p>Schuld sind ja immer die Anderen, in der Gegenwart sind es die \u201eB\u00f6sen Russen\u201c, vom US-Pr\u00e4sidenten Bush so kategorisiert. Sie w\u00fcrden den Energiemarkt im Kampf der Systeme nutzen und haben sogar Nord Stream 2 gebaut, um mehr Gas an den Westen vertraglich zu liefern. Oder waren die Preistreiber die Sanktionen? Vielleicht gibt es auch Fehltritte von den nicht ganz Guten aus dem internationalen \u00d6l- und Gashandelsgesch\u00e4ft, den Stromh\u00e4ndlern? Sei es, wie es sei: Der Markt richtet alles, lautet eine heilige Formel des bestehenden Systems. insbesondere seiner neoliberalen Spielart. Die Preise aber sind hoch und Gas str\u00f6mt nicht mehr aus Russland durch die Leitungen, wegen der Sanktionen.<\/p>\n<p>Nach dem Wahlakt 2021, der in Berlin die Neubesetzung des Bundestages und gleichzeitig des Abgeordnetenhauses bestimmte, sind 3 schwerwiegende Ereignisse f\u00fcr die W\u00e4hler eingetreten, die mental verarbeitet werden m\u00fcssen:<\/p>\n<ul>\n<li>In der Ukraine herrscht ein nicht erwarteter Krieg.<\/li>\n<li>Sanktionen Deutschlands und der G7 gegen Russland ver\u00e4ndern die internationale Arbeitsteilung.<\/li>\n<li>Hohen Preissteigerungen auf dem Energiemarkt infolge der Sanktionen ver\u00e4ndern die Finanzkreisl\u00e4ufe der Wirtschaft und bef\u00f6rdern eine Inflation.<\/li>\n<\/ul>\n<p>Die Auswirkungen der Preisver\u00e4nderungen erfordern von der Bev\u00f6lkerung t\u00e4gliche Einschr\u00e4nkungen im Privatbereich. Ihr Geld wird entwertet. Der mittelst\u00e4ndige Wirtschaft nehmen die hohen Preise den Spielraum f\u00fcr eine normale Betriebsf\u00fchrung. Allein der Finanzminister (FDP) freut sich \u00fcber h\u00f6here Einnahmen f\u00fcr die Haushaltskasse aus der Vor- und Mehrwertsteuer, die die hohen Preise einbringen.<\/p>\n<p>Die Ampelregierung versucht mit, handwerklich schlecht gemachten Verordnungen (Friedrich Merz, CDU), die Auswirkungen der Preislawine zu mildern und Defizite der Energieversorgung kleinzureden.<\/p>\n<p>Die W\u00e4hler sp\u00fcren, dass sich die Welt im Wandel befindet. Klimatisch nach der COP 27 und den nicht nachlassenden Aktionen der jungen Protestkleber und gesellschaftlich mit den st\u00e4ndigen Attacken auf China, das vom Generalsekret\u00e4r der NATO am 30.11. erneut als Terrorist eingestuft wird. Die globale Spannung erh\u00e4lt neben der Auseinandersetzung in der Ukraine weitere Felder.<\/p>\n<p>Die Verunsicherung durch die Corona Epidemie ist noch allgegenw\u00e4rtig.<\/p>\n<p>Die Zeitenwende wird unterschiedlich gesehen. Der Kanzler hat vorsorglich weitere 100 Mrd. Euro f\u00fcr die Verteidigung reserviert. Seine zust\u00e4ndige Ministerin meldet die Aufstockung der Munitionsbest\u00e4nde an, die bisher nur den Bedarf in Friedenszeiten abdeckten. Milit\u00e4rman\u00f6ver und NATO-Konferenzen, sowie Aktivit\u00e4ten der EU lassen auf Konzepte schlie\u00dfen, die mit langen Kriegshandlungen in der Ukraine rechnen. Die NATO sieht sich nicht als Kriegsteilnehmer, nimmt sich aber das Recht Waffen zu liefern, mit Geheimdienst-Erkenntnissen zu helfen und diplomatische Unterst\u00fctzung zu geben (Berliner Zeitung 1.12.2022).<\/p>\n<p>Die Wortsch\u00f6pfungen <strong><u>\u00dcberpreise\/Preisdeckel\/Energiepreisbremse<\/u><\/strong> sind noch auf ihrer Bedeutung hin vom W\u00e4hler zu verarbeiten. Der Finanzminister der Ampelregierung hat sie in die finanzwirtschaftliche Landschaft eingef\u00fchrt. Die Worte sollen ein Zuviel an \u00fcbersch\u00fcssigen Gewinnen markieren. M\u00f6glichkeiten der Absch\u00f6pfung durch den Staat er\u00f6ffnen und Grenzen setzen (Deckeln). Die weitere Spaltung der Gesellschaft soll eingeschr\u00e4nkt werden.<\/p>\n<p>Die Sache zu hoher Gewinne ist nicht neu. Den Vorgang haben bereits der Sohn eines Fabrikanten, Friedrich Engels, und sein Freund Karl Marx analysiert. Sie nannten den \u00fcbersch\u00fcssigen Gewinn \u00fcber die Deckung der Normalkosten hinaus \u201esur plus\u201c und Profit, der nicht an Besch\u00e4ftigte im Normalmodus der Wirtschaft verteilt wird. Er wird als Entnahmebetrag vom Mehrheitseigner des Kapitals beansprucht oder wird als Bonus an Vorst\u00e4nde verteilt. Der Profit ist seit jeher ein \u00c4rgernis f\u00fcr die Besch\u00e4ftigten, wenn er nicht f\u00fcr Investitionen im Arbeitsschutz, Lohnerh\u00f6hungen oder \u00e4hnlichen Erleichterungen der Arbeit Anwendung findet. Der sehr grobe Blick auf den Profit sieht auch, dass er die Gesellschaft in Reiche und Arme z.B. durch Hartz IV, dem Gesch\u00f6pf der SPD, spaltet. Gewerkschaften fordern als Inflationsausgleich gerechterweise Lohnerh\u00f6hungen. Das Verhandlungsergebnis der IG Metall im November dieses Jahres von reichlich 8 Prozent verteilt auf 3 Jahre ist d\u00fcrftig, wenn die Inflation 8 bis 10 Prozent betr\u00e4gt, und ein Ende der Preisentwicklung nicht absehbar ist.<\/p>\n<p>Der Finanzmister von der FDP will einen Teil der \u00fcbersch\u00fcssigen Einnahmen in seine Staatshaushaltskasse \u00fcberf\u00fchren, um Ausgleichszahlungen f\u00fcr die hohen Energiepreise an die Wirtschaft und Bev\u00f6lkerung ohne zus\u00e4tzliche Kreditaufnahmen zu erm\u00f6glichen. Dann schwebt ihm noch eine Deckelung der Preise vor, sowie gemeinsam mit dem Kanzler die Weichsp\u00fclung der Hartz-IV-Gesetze.<\/p>\n<p>Seine Ideen Preisgrenzen einzuf\u00fchren, die Profite zu verteilen und Steuergelder an Bed\u00fcrftige umzulenken entstammen dem Programm der Partei Die Linke. Die Unsicherheiten f\u00fcr den W\u00e4hler wachsen an.<\/p>\n<p>Die <strong>Ursachen der Preismisere liegen in der Politik der Sanktionen.<\/strong> Die Argumentation f\u00fcr ihre Einf\u00fchrung 2022 war wirtschaftswissenschaftlich grottenschlecht, wenn ihre kurz- und langfristigen Auswirkungen f\u00fcr den Welthandel und die bisherige Wirtschaftsentwicklung bedacht werden. Die wirtschaftspolitische Unbedachtheit betrifft die Folgen f\u00fcr die Investitionspolitik, die in wichtigen Bereichen vielj\u00e4hrige Zeiten ben\u00f6tigt. Deutschland hat f\u00fcr die industrielle Revolution \u00fcber 60 Jahre gebraucht. Eine Revolution f\u00fcr die Energiesicherung in der globalisierten Welt wird \u00e4hnliche Zeiten beanspruchen, bis die Erzeugung und der Verbrauch unter den Aspekten der Gleichheit, Br\u00fcderlichkeit, aber besonders der Klimasicherheit sich bilanzieren. Der Hintergrund der Sanktionen ist im ideologischen Arsenal zu suchen. Sie sind das Lieblingsthema der Au\u00dfenministerin (Die Gr\u00fcnen), die Russland f\u00fcr den Einmarsch in die Ukraine hart bestrafen will. Damit kein Irrtum aufkommt: Besonders im Atomzeitalter sind zwischenstaatliche Kriege aufs sch\u00e4rfste zu verurteilen. Sanktionen stehen gegen den freien internationalen Handel, der allen Volkswirtschaften Vorteile bringt. Der freie Handel auf verl\u00e4sslicher Vertragsbasis geh\u00f6rt zu den Grundvoraussetzungen der Globalisierung der einen Welt.<\/p>\n<p>Sanktionen im internationalen Handel waren 2022 nicht neu. Als ein Element der Systemauseinandersetzung wurden sie 1947 mit der Truman-Doktrin eingef\u00fchrt. Die au\u00dfenpolitische Doktrin der USA formuliert als erkl\u00e4rtes Ziel, den Sozialismus aufhalten und zur\u00fcckdr\u00e4ngen (Wikipedia). Bedauerlicherweise hat sie den guten und vern\u00fcnftigen Geist der Anti-Hitler-Koalition zwischen den USA, England, Frankreich und der UdSSR aufgek\u00fcndigt. Vertieft wurden die Gegens\u00e4tze von McCarthy mit seinen Aktionen des Antikommunismus. Damit wurden weitere Grundsteine f\u00fcr eine ideologische Mauer gelegt, die in Richtung Grenze Russlands verschoben wurde.<\/p>\n<p>Deutschland war in diesen Zeiten auf alternativen Wegen, mit dem Ahlener Programm der CDU vom 03.02.1947 in der Bizone (Zitat: \u201cDas kapitalistische Wirtschaftssystem ist den staatlichen und sozialen Lebensinteressen des deutschen Volkes nicht gerecht geworden\u2026 und nur eine Neuordnung von Grund aus kann dies bewirken\u201c), sowie mit der Volkskongressbewegung f\u00fcr Einheit und gerechten Frieden (1946\/47) und der Vereinigung der KPD und SPD am 22.4.1946 in der Ostzone. Diese Zeit kann nicht zur\u00fcck kommen, aber die Geisteshaltung damaliger Politiker gibt angesichts der gegenw\u00e4rtigen Spannungen sehr wohl zu denken.<\/p>\n<p>Die Sanktionen gegen die sozialistischen L\u00e4nder haben deren Entwicklungsprozess verlangsamt, aber nicht ernsthaft aufhalten k\u00f6nnen. Die Bev\u00f6lkerung war aber stets der Leidtragende, besonders in Kuba, Venezuela.<\/p>\n<p>Die W\u00e4hler in Berlin und in anderen Bundesl\u00e4ndern sehen noch viele Merkw\u00fcrdigkeiten, die mit ihren Ursachen zu durchdenken sind.<\/p>\n<p>Die aktuellen politischen Parteien haben bereits ihre ersten Statements zur Nachwahl kundgetan. Sie folgen einem uralten Wahlmarketing, geschrieben etwa 64 v. d. Ztr. von Quintus Cicero, dem Bruder des ber\u00fchmten Tulius C., der mit einer Wahl auch zum Konsul in Rom gek\u00fcrt wurde (\u201eCommentariolium petitionis\u201c). Eine Auswahl der Empfehlungen lautet:<\/p>\n<ul>\n<li>Es bedarf gro\u00dfer Redekunst nirgends anzusto\u00dfen.<\/li>\n<li>F\u00fcr eine begrenzte Mandatszeit d\u00fcrfe man sich verstellen.<\/li>\n<li>Es bedarf der Schmeichelei, die im gew\u00f6hnlichen Leben unmoralisch ist, um Zustimmung zugewinnen aber zul\u00e4ssig.<\/li>\n<li>Rege Betriebsamkeit sei erforderlich; es gilt die Zuneigung des Volkes zu gewinnen.<\/li>\n<li>Es ist darauf zu achten, die Verrufenheit und Untaten der Mitbewerber, herauszustellen.<\/li>\n<\/ul>\n<p>Die Repr\u00e4sentative und die Partizipative Demokratie leben von der erreichten Zahl der Stimmen.<\/p>\n<p>Das Wahlrecht geh\u00f6rt zu den hohen G\u00fctern, die die Machtlosen und Abh\u00e4ngigen besitzen. Die Wahlteilnahme ist daher eine der wenigen Chancen Ver\u00e4nderungen zu erreichen. Wof\u00fcr eine Partei steht, ist den Parteiprogrammen zu entnehmen. Wahlprogramme sind reine Marketing- und Werbeinstrumente.<\/p>\n<hr \/>\n<p><em>Der Autor G\u00fcnter Buhlke ex. Vorstand einer Berliner Wohngenossenschaft, ex. Direktor beim Schweizer Kaufmannsverband beschreibt in seinem neuen Buch <strong><a href=\"https:\/\/www.eulenspiegel.com\/verlage\/verlag-am-park\/titel\/hat-die-welt-eine-zukunft.html\" target=\"_blank\" rel=\"noopener noreferrer\">\u201eHat die Welt eine Zukunft?\u201c Verlag am Park, ISBN 978-3-947094-79-0<\/a><\/strong> (Verlag am Park, 194 S.) Alternativen f\u00fcr eine humane Welt.<\/em><\/p>\n<p><img loading=\"lazy\" decoding=\"async\" class=\"aligncenter size-full wp-image-1369229\" src=\"https:\/\/cdn77.pressenza.com\/wp-content\/uploads\/2021\/05\/Hat_die_Welt_eine_Zukunft_609x649.jpg\" sizes=\"auto, (max-width: 609px) 100vw, 609px\" srcset=\"https:\/\/cdn77.pressenza.com\/wp-content\/uploads\/2021\/05\/Hat_die_Welt_eine_Zukunft_609x649.jpg 609w, https:\/\/cdn77.pressenza.com\/wp-content\/uploads\/2021\/05\/Hat_die_Welt_eine_Zukunft_609x649-282x300.jpg 282w\" alt=\"Hat die Welt eine Zukunft?\" width=\"609\" height=\"649\" \/><\/p>\n","protected":false},"excerpt":{"rendered":"<p>Die Wahlwiederholung kreuzt sich mit dem \u00c4rger der Bev\u00f6lkerung, des Mittelstandes und der Industrie. Die Energiepreise haben sich nach Einf\u00fchrung der Sanktionen sprunghaft erh\u00f6ht. Zum allgemeinen Leidwesen ist noch eine Inflation hinzugekommen, die das Geld zum Leben entwertet und die&hellip;<\/p>\n","protected":false},"author":1463,"featured_media":1697297,"comment_status":"closed","ping_status":"closed","sticky":false,"template":"","format":"standard","meta":{"footnotes":""},"categories":[9150,11387,9168],"tags":[10574,9821,96133,91309,108111,100972,39429],"class_list":["post-1697294","post","type-post","status-publish","format-standard","has-post-thumbnail","hentry","category-europa-de","category-originalinhalt","category-politik","tag-berlin-de","tag-demokratie","tag-energiekrise","tag-inflation-de","tag-nachwahlen","tag-ukrainekrieg","tag-wirtschaftssanktionen"],"yoast_head":"<!-- This site is optimized with the Yoast SEO plugin v27.1.1 - https:\/\/yoast.com\/product\/yoast-seo-wordpress\/ -->\n<title>Berliner Nachwahlen \u2013 mit neuen Chancen?<\/title>\n<meta name=\"description\" content=\"Die Wahlwiederholung kreuzt sich mit dem \u00c4rger der Bev\u00f6lkerung, des Mittelstandes und der Industrie. Die Energiepreise haben sich nach Einf\u00fchrung der\" \/>\n<meta name=\"robots\" content=\"index, follow, max-snippet:-1, max-image-preview:large, max-video-preview:-1\" \/>\n<link rel=\"canonical\" href=\"https:\/\/www.pressenza.com\/de\/2022\/12\/berliner-nachwahlen-mit-neuen-chancen\/\" \/>\n<meta property=\"og:locale\" content=\"de_DE\" \/>\n<meta property=\"og:type\" content=\"article\" \/>\n<meta property=\"og:title\" content=\"Berliner Nachwahlen \u2013 mit neuen Chancen?\" \/>\n<meta property=\"og:description\" content=\"Die Wahlwiederholung kreuzt sich mit dem \u00c4rger der Bev\u00f6lkerung, des Mittelstandes und der Industrie. Die Energiepreise haben sich nach Einf\u00fchrung der\" \/>\n<meta property=\"og:url\" content=\"https:\/\/www.pressenza.com\/de\/2022\/12\/berliner-nachwahlen-mit-neuen-chancen\/\" \/>\n<meta property=\"og:site_name\" content=\"Pressenza\" \/>\n<meta property=\"article:publisher\" content=\"https:\/\/www.facebook.com\/PressenzaItalia\" \/>\n<meta property=\"article:published_time\" content=\"2022-12-03T16:36:52+00:00\" \/>\n<meta property=\"article:modified_time\" content=\"2022-12-03T16:39:22+00:00\" \/>\n<meta property=\"og:image\" content=\"https:\/\/www.pressenza.com\/wp-content\/uploads\/2022\/12\/1098532_opener_390023_deutschland_wahl_berlin_chaos_r.jpg\" \/>\n\t<meta property=\"og:image:width\" content=\"1280\" \/>\n\t<meta property=\"og:image:height\" content=\"512\" \/>\n\t<meta property=\"og:image:type\" content=\"image\/jpeg\" \/>\n<meta name=\"author\" content=\"G\u00fcnter Buhlke\" \/>\n<meta name=\"twitter:card\" content=\"summary_large_image\" \/>\n<meta name=\"twitter:creator\" content=\"@PressenzaIPA\" \/>\n<meta name=\"twitter:site\" content=\"@PressenzaIPA\" \/>\n<meta name=\"twitter:label1\" content=\"Verfasst von\" \/>\n\t<meta name=\"twitter:data1\" content=\"G\u00fcnter Buhlke\" \/>\n\t<meta name=\"twitter:label2\" content=\"Gesch\u00e4tzte Lesezeit\" \/>\n\t<meta name=\"twitter:data2\" content=\"7\u00a0Minuten\" \/>\n<script type=\"application\/ld+json\" class=\"yoast-schema-graph\">{\"@context\":\"https:\/\/schema.org\",\"@graph\":[{\"@type\":\"Article\",\"@id\":\"https:\/\/www.pressenza.com\/de\/2022\/12\/berliner-nachwahlen-mit-neuen-chancen\/#article\",\"isPartOf\":{\"@id\":\"https:\/\/www.pressenza.com\/de\/2022\/12\/berliner-nachwahlen-mit-neuen-chancen\/\"},\"author\":{\"name\":\"G\u00fcnter Buhlke\",\"@id\":\"https:\/\/www.pressenza.com\/de\/#\/schema\/person\/e48301baaf10fa4f78dc7566caf225b4\"},\"headline\":\"Berliner Nachwahlen \u2013 mit neuen Chancen?\",\"datePublished\":\"2022-12-03T16:36:52+00:00\",\"dateModified\":\"2022-12-03T16:39:22+00:00\",\"mainEntityOfPage\":{\"@id\":\"https:\/\/www.pressenza.com\/de\/2022\/12\/berliner-nachwahlen-mit-neuen-chancen\/\"},\"wordCount\":1439,\"publisher\":{\"@id\":\"https:\/\/www.pressenza.com\/de\/#organization\"},\"image\":{\"@id\":\"https:\/\/www.pressenza.com\/de\/2022\/12\/berliner-nachwahlen-mit-neuen-chancen\/#primaryimage\"},\"thumbnailUrl\":\"https:\/\/www.pressenza.com\/wp-content\/uploads\/2022\/12\/1098532_opener_390023_deutschland_wahl_berlin_chaos_r.jpg\",\"keywords\":[\"Berlin\",\"Demokratie\",\"Energiekrise\",\"inflation\",\"Nachwahlen\",\"Ukrainekrieg\",\"Wirtschaftssanktionen\"],\"articleSection\":[\"Europa\",\"Originalinhalt\",\"Politik\"],\"inLanguage\":\"de\"},{\"@type\":\"WebPage\",\"@id\":\"https:\/\/www.pressenza.com\/de\/2022\/12\/berliner-nachwahlen-mit-neuen-chancen\/\",\"url\":\"https:\/\/www.pressenza.com\/de\/2022\/12\/berliner-nachwahlen-mit-neuen-chancen\/\",\"name\":\"Berliner Nachwahlen \u2013 mit neuen Chancen?\",\"isPartOf\":{\"@id\":\"https:\/\/www.pressenza.com\/de\/#website\"},\"primaryImageOfPage\":{\"@id\":\"https:\/\/www.pressenza.com\/de\/2022\/12\/berliner-nachwahlen-mit-neuen-chancen\/#primaryimage\"},\"image\":{\"@id\":\"https:\/\/www.pressenza.com\/de\/2022\/12\/berliner-nachwahlen-mit-neuen-chancen\/#primaryimage\"},\"thumbnailUrl\":\"https:\/\/www.pressenza.com\/wp-content\/uploads\/2022\/12\/1098532_opener_390023_deutschland_wahl_berlin_chaos_r.jpg\",\"datePublished\":\"2022-12-03T16:36:52+00:00\",\"dateModified\":\"2022-12-03T16:39:22+00:00\",\"description\":\"Die Wahlwiederholung kreuzt sich mit dem \u00c4rger der Bev\u00f6lkerung, des Mittelstandes und der Industrie. Die Energiepreise haben sich nach Einf\u00fchrung der\",\"breadcrumb\":{\"@id\":\"https:\/\/www.pressenza.com\/de\/2022\/12\/berliner-nachwahlen-mit-neuen-chancen\/#breadcrumb\"},\"inLanguage\":\"de\",\"potentialAction\":[{\"@type\":\"ReadAction\",\"target\":[\"https:\/\/www.pressenza.com\/de\/2022\/12\/berliner-nachwahlen-mit-neuen-chancen\/\"]}]},{\"@type\":\"ImageObject\",\"inLanguage\":\"de\",\"@id\":\"https:\/\/www.pressenza.com\/de\/2022\/12\/berliner-nachwahlen-mit-neuen-chancen\/#primaryimage\",\"url\":\"https:\/\/www.pressenza.com\/wp-content\/uploads\/2022\/12\/1098532_opener_390023_deutschland_wahl_berlin_chaos_r.jpg\",\"contentUrl\":\"https:\/\/www.pressenza.com\/wp-content\/uploads\/2022\/12\/1098532_opener_390023_deutschland_wahl_berlin_chaos_r.jpg\",\"width\":1280,\"height\":512,\"caption\":\"Berliner Nachwahlen \u2013 mit neuen Chancen?\"},{\"@type\":\"BreadcrumbList\",\"@id\":\"https:\/\/www.pressenza.com\/de\/2022\/12\/berliner-nachwahlen-mit-neuen-chancen\/#breadcrumb\",\"itemListElement\":[{\"@type\":\"ListItem\",\"position\":1,\"name\":\"Accueil\",\"item\":\"https:\/\/www.pressenza.com\/de\/\"},{\"@type\":\"ListItem\",\"position\":2,\"name\":\"Berliner Nachwahlen \u2013 mit neuen Chancen?\"}]},{\"@type\":\"WebSite\",\"@id\":\"https:\/\/www.pressenza.com\/de\/#website\",\"url\":\"https:\/\/www.pressenza.com\/de\/\",\"name\":\"Pressenza\",\"description\":\"International Press Agency\",\"publisher\":{\"@id\":\"https:\/\/www.pressenza.com\/de\/#organization\"},\"potentialAction\":[{\"@type\":\"SearchAction\",\"target\":{\"@type\":\"EntryPoint\",\"urlTemplate\":\"https:\/\/www.pressenza.com\/de\/?s={search_term_string}\"},\"query-input\":{\"@type\":\"PropertyValueSpecification\",\"valueRequired\":true,\"valueName\":\"search_term_string\"}}],\"inLanguage\":\"de\"},{\"@type\":\"Organization\",\"@id\":\"https:\/\/www.pressenza.com\/de\/#organization\",\"name\":\"Pressenza\",\"url\":\"https:\/\/www.pressenza.com\/de\/\",\"logo\":{\"@type\":\"ImageObject\",\"inLanguage\":\"de\",\"@id\":\"https:\/\/www.pressenza.com\/de\/#\/schema\/logo\/image\/\",\"url\":\"https:\/\/www.pressenza.com\/wp-content\/uploads\/2022\/10\/pressenza_logo_200x200.jpg\",\"contentUrl\":\"https:\/\/www.pressenza.com\/wp-content\/uploads\/2022\/10\/pressenza_logo_200x200.jpg\",\"width\":200,\"height\":200,\"caption\":\"Pressenza\"},\"image\":{\"@id\":\"https:\/\/www.pressenza.com\/de\/#\/schema\/logo\/image\/\"},\"sameAs\":[\"https:\/\/www.facebook.com\/PressenzaItalia\",\"https:\/\/x.com\/PressenzaIPA\"]},{\"@type\":\"Person\",\"@id\":\"https:\/\/www.pressenza.com\/de\/#\/schema\/person\/e48301baaf10fa4f78dc7566caf225b4\",\"name\":\"G\u00fcnter Buhlke\",\"description\":\"Geboren 1934, Studium an der Humboldtuniversit\u00e4t und der Hochschule f\u00fcr \u00d6konomie Berlin, dipl. Volkswirtschaftler. Internationale Arbeit als Handelsrat in Mexiko und Venezuela. Koordinator f\u00fcr die Wirtschaftsbeziehungen der DDR zu Lateinamerika. Wirtschaftserfahrungen als\u00a0langj\u00e4hriger Leiter des Schweizerischen Instituts f\u00fcr Betriebswirtschaft in Berlin, Vorstand einer Wohnungsgenossenschaft und Referent im Haushaltsausschuss der Volkskammer und des Bundestages. Gegenw\u00e4rtig ehrenamtliche T\u00e4tigkeiten.\",\"url\":\"https:\/\/www.pressenza.com\/de\/author\/guenter-buhlke\/\"}]}<\/script>\n<!-- \/ Yoast SEO plugin. -->","yoast_head_json":{"title":"Berliner Nachwahlen \u2013 mit neuen Chancen?","description":"Die Wahlwiederholung kreuzt sich mit dem \u00c4rger der Bev\u00f6lkerung, des Mittelstandes und der Industrie. Die Energiepreise haben sich nach Einf\u00fchrung der","robots":{"index":"index","follow":"follow","max-snippet":"max-snippet:-1","max-image-preview":"max-image-preview:large","max-video-preview":"max-video-preview:-1"},"canonical":"https:\/\/www.pressenza.com\/de\/2022\/12\/berliner-nachwahlen-mit-neuen-chancen\/","og_locale":"de_DE","og_type":"article","og_title":"Berliner Nachwahlen \u2013 mit neuen Chancen?","og_description":"Die Wahlwiederholung kreuzt sich mit dem \u00c4rger der Bev\u00f6lkerung, des Mittelstandes und der Industrie. Die Energiepreise haben sich nach Einf\u00fchrung der","og_url":"https:\/\/www.pressenza.com\/de\/2022\/12\/berliner-nachwahlen-mit-neuen-chancen\/","og_site_name":"Pressenza","article_publisher":"https:\/\/www.facebook.com\/PressenzaItalia","article_published_time":"2022-12-03T16:36:52+00:00","article_modified_time":"2022-12-03T16:39:22+00:00","og_image":[{"width":1280,"height":512,"url":"https:\/\/www.pressenza.com\/wp-content\/uploads\/2022\/12\/1098532_opener_390023_deutschland_wahl_berlin_chaos_r.jpg","type":"image\/jpeg"}],"author":"G\u00fcnter Buhlke","twitter_card":"summary_large_image","twitter_creator":"@PressenzaIPA","twitter_site":"@PressenzaIPA","twitter_misc":{"Verfasst von":"G\u00fcnter Buhlke","Gesch\u00e4tzte Lesezeit":"7\u00a0Minuten"},"schema":{"@context":"https:\/\/schema.org","@graph":[{"@type":"Article","@id":"https:\/\/www.pressenza.com\/de\/2022\/12\/berliner-nachwahlen-mit-neuen-chancen\/#article","isPartOf":{"@id":"https:\/\/www.pressenza.com\/de\/2022\/12\/berliner-nachwahlen-mit-neuen-chancen\/"},"author":{"name":"G\u00fcnter Buhlke","@id":"https:\/\/www.pressenza.com\/de\/#\/schema\/person\/e48301baaf10fa4f78dc7566caf225b4"},"headline":"Berliner Nachwahlen \u2013 mit neuen Chancen?","datePublished":"2022-12-03T16:36:52+00:00","dateModified":"2022-12-03T16:39:22+00:00","mainEntityOfPage":{"@id":"https:\/\/www.pressenza.com\/de\/2022\/12\/berliner-nachwahlen-mit-neuen-chancen\/"},"wordCount":1439,"publisher":{"@id":"https:\/\/www.pressenza.com\/de\/#organization"},"image":{"@id":"https:\/\/www.pressenza.com\/de\/2022\/12\/berliner-nachwahlen-mit-neuen-chancen\/#primaryimage"},"thumbnailUrl":"https:\/\/www.pressenza.com\/wp-content\/uploads\/2022\/12\/1098532_opener_390023_deutschland_wahl_berlin_chaos_r.jpg","keywords":["Berlin","Demokratie","Energiekrise","inflation","Nachwahlen","Ukrainekrieg","Wirtschaftssanktionen"],"articleSection":["Europa","Originalinhalt","Politik"],"inLanguage":"de"},{"@type":"WebPage","@id":"https:\/\/www.pressenza.com\/de\/2022\/12\/berliner-nachwahlen-mit-neuen-chancen\/","url":"https:\/\/www.pressenza.com\/de\/2022\/12\/berliner-nachwahlen-mit-neuen-chancen\/","name":"Berliner Nachwahlen \u2013 mit neuen Chancen?","isPartOf":{"@id":"https:\/\/www.pressenza.com\/de\/#website"},"primaryImageOfPage":{"@id":"https:\/\/www.pressenza.com\/de\/2022\/12\/berliner-nachwahlen-mit-neuen-chancen\/#primaryimage"},"image":{"@id":"https:\/\/www.pressenza.com\/de\/2022\/12\/berliner-nachwahlen-mit-neuen-chancen\/#primaryimage"},"thumbnailUrl":"https:\/\/www.pressenza.com\/wp-content\/uploads\/2022\/12\/1098532_opener_390023_deutschland_wahl_berlin_chaos_r.jpg","datePublished":"2022-12-03T16:36:52+00:00","dateModified":"2022-12-03T16:39:22+00:00","description":"Die Wahlwiederholung kreuzt sich mit dem \u00c4rger der Bev\u00f6lkerung, des Mittelstandes und der Industrie. Die Energiepreise haben sich nach Einf\u00fchrung der","breadcrumb":{"@id":"https:\/\/www.pressenza.com\/de\/2022\/12\/berliner-nachwahlen-mit-neuen-chancen\/#breadcrumb"},"inLanguage":"de","potentialAction":[{"@type":"ReadAction","target":["https:\/\/www.pressenza.com\/de\/2022\/12\/berliner-nachwahlen-mit-neuen-chancen\/"]}]},{"@type":"ImageObject","inLanguage":"de","@id":"https:\/\/www.pressenza.com\/de\/2022\/12\/berliner-nachwahlen-mit-neuen-chancen\/#primaryimage","url":"https:\/\/www.pressenza.com\/wp-content\/uploads\/2022\/12\/1098532_opener_390023_deutschland_wahl_berlin_chaos_r.jpg","contentUrl":"https:\/\/www.pressenza.com\/wp-content\/uploads\/2022\/12\/1098532_opener_390023_deutschland_wahl_berlin_chaos_r.jpg","width":1280,"height":512,"caption":"Berliner Nachwahlen \u2013 mit neuen Chancen?"},{"@type":"BreadcrumbList","@id":"https:\/\/www.pressenza.com\/de\/2022\/12\/berliner-nachwahlen-mit-neuen-chancen\/#breadcrumb","itemListElement":[{"@type":"ListItem","position":1,"name":"Accueil","item":"https:\/\/www.pressenza.com\/de\/"},{"@type":"ListItem","position":2,"name":"Berliner Nachwahlen \u2013 mit neuen Chancen?"}]},{"@type":"WebSite","@id":"https:\/\/www.pressenza.com\/de\/#website","url":"https:\/\/www.pressenza.com\/de\/","name":"Pressenza","description":"International Press Agency","publisher":{"@id":"https:\/\/www.pressenza.com\/de\/#organization"},"potentialAction":[{"@type":"SearchAction","target":{"@type":"EntryPoint","urlTemplate":"https:\/\/www.pressenza.com\/de\/?s={search_term_string}"},"query-input":{"@type":"PropertyValueSpecification","valueRequired":true,"valueName":"search_term_string"}}],"inLanguage":"de"},{"@type":"Organization","@id":"https:\/\/www.pressenza.com\/de\/#organization","name":"Pressenza","url":"https:\/\/www.pressenza.com\/de\/","logo":{"@type":"ImageObject","inLanguage":"de","@id":"https:\/\/www.pressenza.com\/de\/#\/schema\/logo\/image\/","url":"https:\/\/www.pressenza.com\/wp-content\/uploads\/2022\/10\/pressenza_logo_200x200.jpg","contentUrl":"https:\/\/www.pressenza.com\/wp-content\/uploads\/2022\/10\/pressenza_logo_200x200.jpg","width":200,"height":200,"caption":"Pressenza"},"image":{"@id":"https:\/\/www.pressenza.com\/de\/#\/schema\/logo\/image\/"},"sameAs":["https:\/\/www.facebook.com\/PressenzaItalia","https:\/\/x.com\/PressenzaIPA"]},{"@type":"Person","@id":"https:\/\/www.pressenza.com\/de\/#\/schema\/person\/e48301baaf10fa4f78dc7566caf225b4","name":"G\u00fcnter Buhlke","description":"Geboren 1934, Studium an der Humboldtuniversit\u00e4t und der Hochschule f\u00fcr \u00d6konomie Berlin, dipl. Volkswirtschaftler. Internationale Arbeit als Handelsrat in Mexiko und Venezuela. Koordinator f\u00fcr die Wirtschaftsbeziehungen der DDR zu Lateinamerika. Wirtschaftserfahrungen als\u00a0langj\u00e4hriger Leiter des Schweizerischen Instituts f\u00fcr Betriebswirtschaft in Berlin, Vorstand einer Wohnungsgenossenschaft und Referent im Haushaltsausschuss der Volkskammer und des Bundestages. Gegenw\u00e4rtig ehrenamtliche T\u00e4tigkeiten.","url":"https:\/\/www.pressenza.com\/de\/author\/guenter-buhlke\/"}]}},"place":"","original_article_url":"","_links":{"self":[{"href":"https:\/\/www.pressenza.com\/de\/wp-json\/wp\/v2\/posts\/1697294","targetHints":{"allow":["GET"]}}],"collection":[{"href":"https:\/\/www.pressenza.com\/de\/wp-json\/wp\/v2\/posts"}],"about":[{"href":"https:\/\/www.pressenza.com\/de\/wp-json\/wp\/v2\/types\/post"}],"author":[{"embeddable":true,"href":"https:\/\/www.pressenza.com\/de\/wp-json\/wp\/v2\/users\/1463"}],"replies":[{"embeddable":true,"href":"https:\/\/www.pressenza.com\/de\/wp-json\/wp\/v2\/comments?post=1697294"}],"version-history":[{"count":0,"href":"https:\/\/www.pressenza.com\/de\/wp-json\/wp\/v2\/posts\/1697294\/revisions"}],"wp:featuredmedia":[{"embeddable":true,"href":"https:\/\/www.pressenza.com\/de\/wp-json\/wp\/v2\/media\/1697297"}],"wp:attachment":[{"href":"https:\/\/www.pressenza.com\/de\/wp-json\/wp\/v2\/media?parent=1697294"}],"wp:term":[{"taxonomy":"category","embeddable":true,"href":"https:\/\/www.pressenza.com\/de\/wp-json\/wp\/v2\/categories?post=1697294"},{"taxonomy":"post_tag","embeddable":true,"href":"https:\/\/www.pressenza.com\/de\/wp-json\/wp\/v2\/tags?post=1697294"}],"curies":[{"name":"wp","href":"https:\/\/api.w.org\/{rel}","templated":true}]}}