{"id":1696888,"date":"2022-11-30T16:08:00","date_gmt":"2022-11-30T16:08:00","guid":{"rendered":"https:\/\/www.pressenza.com\/?p=1696888"},"modified":"2022-11-30T16:08:52","modified_gmt":"2022-11-30T16:08:52","slug":"zeitenwende-auf-lateinamerikanisch-lateinamerika-und-der-krieg-in-der-ukraine","status":"publish","type":"post","link":"https:\/\/www.pressenza.com\/de\/2022\/11\/zeitenwende-auf-lateinamerikanisch-lateinamerika-und-der-krieg-in-der-ukraine\/","title":{"rendered":"\u201eZeitenwende\u201c auf lateinamerikanisch? &#8211; Lateinamerika und der Krieg in der Ukraine"},"content":{"rendered":"<p><strong>Auf der 77. Vollversammlung der Vereinten Nationen in New York trat am 22. September 2022 der mexikanische Au\u00dfenminister Marcelo Ebrard mit einem Friedensvorschlag zur Beendigung des Ukrainekrieges auf, der von weiteren lateinamerikanischen L\u00e4ndern unterst\u00fctzt wurde. Es geht um die Beendigung des Krieges durch Verhandlungen. <\/strong><\/p>\n<p>Der mexikanische Pr\u00e4sident Lopez Obrador gab auf den Feierlichkeiten zum mexikanischen Unabh\u00e4ngigkeitstag diesen Vorschlag das erste Mal bekannt:<\/p>\n<blockquote><p><em>\u201eDie Friedensmission muss unverz\u00fcglich die Einstellung der Feindseligkeiten in der Ukraine und den Beginn direkter Gespr\u00e4che mit dem ukrainischen Pr\u00e4sidenten Selenskyj und dem russischen Pr\u00e4sidenten Putin anstreben.\u201c[1]<\/em><\/p><\/blockquote>\n<p>Verhandlungsorganisatoren sollen der Papst, der UN-Generalsekret\u00e4r und der indische Ministerpr\u00e4sident Narendra Modi sein, die einen Waffenstillstand von f\u00fcnf Jahren durchsetzen sollen. Prompt kam die Antwort durch einen Mitarbeiter von Selenskyj, der Obrador vorwarf, dieser wolle den Krieg ausnutzen, um Publicity zu machen. Au\u00dferdem twitterte er:<\/p>\n<blockquote><p><em>\u201eIhr \u201aPlan\u2018 ist also ein russischer Plan\u201c.[2]<\/em><\/p><\/blockquote>\n<p>Was die ukrainische Regierung vollkommen untersch\u00e4tzt, ist, dass der Vorschlag des mexikanischen Pr\u00e4sidenten in einer Kontinuit\u00e4tslinie seines Auftretens seit Beginn des Ukrainekrieges liegt und dass er sich im Einklang mit den meisten Staatsoberh\u00e4uptern Lateinamerikas befindet. Mehrfach beklagten Obrador und eine Reihe lateinamerikanischer Staats- und Regierungschefs wie Alberto Fernandez und Cristina Kirchner aus Argentinien, der Pr\u00e4sident Boliviens Luis Arceund der neugew\u00e4hlte brasilianische Pr\u00e4sident, Luiz Ignacio Lula da Silva, dass der Krieg in der Ukraine wegen mangelnder Verhandlungsbereitschaft nicht verhindert wurde. Sie geben sowohl Russland als auch den USA, der NATO sowie der Ukraine gleicherma\u00dfen die Schuld an dem Krieg in der Ukraine.<\/p>\n<p>Die Regierung in Kiew hat scheinbar nicht wahrgenommen, dass die meisten L\u00e4nder der Welt, mindestens zwei Drittel, wenn nicht sogar drei Viertel, eine andere Position als die westlichen Staaten zum Ukrainekrieg einnehmen. Auch wenn sie den Krieg Russlands gegen die Ukraine verurteilen, wie das in der UN-Vollversammlung im M\u00e4rz 2022 mehrheitlich der Fall war, so beziehen sie zu den Sanktionen, der Schuld- und Verursacherfrage und vor allem mit Blick auf die Beendigung des Krieges eine andere Position als die westlichen Staaten und die Ukraine.<\/p>\n<p>Da gerade die lateinamerikanischen Staaten in ihrer Geschichte besonders oft Opfer von gewaltt\u00e4tigen Interventionen der USA, von milit\u00e4rischen Eingriffen bis zur Installation von Milit\u00e4rregimen und der Unterst\u00fctzung rechter Putschisten im Namen der US-amerikanischen Monroe-Doktrin waren,[3] lehnen sie Gewalt in den internationalen Beziehungen, die Verletzung der Souver\u00e4nit\u00e4t und Integrit\u00e4t anderer Staaten vehement ab und treten f\u00fcr die Einhaltung des V\u00f6lkerrechts ein. Und gerade deshalb hat kein lateinamerikanischer Staat in der UNO gegen die Verurteilung Russlands wegen seiner Intervention in die Ukraine gestimmt. Aber sie lehnen nicht nur die russische Intervention in der Ukraine ab, sondern alle Interventionen, auch die der USA in Lateinamerika und anderswo wie in Vietnam, in Afghanistan, im Irak, in Jugoslawien und in Syrien mit tausenden Toten.<\/p>\n<p>Der Regierung von Selenskyj ist offensichtlich auch entgangen, dass sich Lateinamerika aus seinem Hinterhof- und Stellvertreter-Dasein gegen\u00fcber den USA im Sinne der Monroe-Doktrin gel\u00f6st und eine eigenst\u00e4ndige, stabilisierende und Frieden bringende Position in der Welt erlangt hat. Erst vor kurzem hat der Kontinent beim Zustandekommen des Kernwaffenverbotsvertrages von 2021 eine Initialrolle gespielt. Dabei bauten die lateinamerikanischen L\u00e4nder auf ihren Erfahrungen der Kernwaffenfreiheit im Vertrag von Tlatelolco \u00fcber eine kernwaffenfreie Zone in Lateinamerika von 1967 auf. Sie wollen diese auf die ganze Welt ausdehnen, um einen Nuklearkrieg zu vermeiden.<\/p>\n<p>Aufgrund der \u00c4quidistanz-Position Lateinamerikas zwischen den Gro\u00dfm\u00e4chten, der Vertiefung der regionalen Integration im Mercosur und der CELAC \u2013 der Vereinigung Lateinamerikanischer und Karibischer Staaten mit Kuba, Venezuela und Nicaragua, aber ohne die USA und Kanada \u2013 und durch die Diversifizierung seiner Au\u00dfenbeziehungen konnte Lateinamerika einen erheblichen politischen Freiraum erringen, der die Abh\u00e4ngigkeit von den USA und von Europa verringerte. Dazu geh\u00f6ren vor allem der wachsende wirtschaftliche Einfluss Chinas als wichtigster Kreditgeber und zweitwichtigster Handelspartner und Investor auf dem Kontinent und der Ausbau der Beziehungen zu Russland, ohne dass diese beiden Staaten Lateinamerika ihre \u201eWerte\u201c aufdr\u00fccken wollen.<\/p>\n<p>Kurz vor Ausbruch des Ukrainekrieges besuchte etwa der argentinische Pr\u00e4sident China und Russland, w\u00e4hrend der brasilianische Pr\u00e4sident nach Russland reiste. Lateinamerika baute in den letzten Jahrzehnten ein Netz von Beziehungen zu China (Belt &amp; Road-Initiative) und Russland auf. Aber auch das Agieren Lateinamerikas in der Gruppe der G20 und den BRICS geh\u00f6ren zu der erfolgreichen Diversifizierungsstrategie. Der wachsende Freiraum zeigte sich auch in der selbstbewussten Position auf dem \u201eSummit of the Americas\u201c im Juni 2022, das zur OAS geh\u00f6rt und unter der Hegemonie der USA eine Neuauflage der Monroe-Doktrin zur Zur\u00fcckdr\u00e4ngung des Einflusses von Russland und China in Lateinamerika anstrebt. Eine Reihe von lateinamerikanischen Staatschefs folgte der Einladung nach Washington aus Protest gegen den Ausschluss Kubas, Venezuelas und Nicaraguas nicht. Diese Verweigerungshaltung lateinamerikanischer Regierungschefs war f\u00fcr die Neuauflage der hemisph\u00e4rischen Hegemoniepl\u00e4ne der USA ein herber R\u00fcckschlag. Auch die \u201eZweite Rote Welle\u201c, der Sieg von Mitte-links-Regierungen in einer Reihe von lateinamerikanischen L\u00e4ndern (Argentinien, Bolivien, Brasilien, Chile, Mexiko, Peru), selbst in dem \u201eNATO-Vorposten-Land\u201c Kolumbien, ist Ausdruck dieses Freiraumes. Diese Entwicklung kommt nun im eigenst\u00e4ndigen und unabh\u00e4ngigen Agieren der Lateinamerikaner im Zuge des Ukrainekriegs zum Ausdruck.<\/p>\n<p>Die lateinamerikanischen Staaten tragen nicht die Auffassung des Westens mit, Russland durch Sanktionen und Aufr\u00fcstung der ukrainischen Streitkr\u00e4fte zu \u201ebesiegen\u201c oder gar zu \u201eruinieren\u201c und damit auf einen langen Krieg hinzuarbeiten. Denn unter der L\u00e4nge des Krieges, seiner Eskalation und unter den Sanktionen leidet nicht nur Russland, sondern die ganze Welt und am meisten der \u201eGlobale S\u00fcden\u201c. Die lateinamerikanischen Volkswirtschaften haben auf die eine oder andere Weise bereits hohe Verluste hinnehmen m\u00fcssen, die Hunger, Elend und Hyperinflation steigern. Sei es, dass Hauptexporte, wie in Ecuador, Argentinien und Uruguay, zum Erliegen kamen oder sei es, dass die D\u00fcngemittelimporte in Brasilien, Argentinien und Mexiko zusammenbrachen und somit den Au\u00dfenhandelsvorteil der Getreideproduktion zunichtemachten. Auf die Volkswirtschaften und das Leben der Menschen in Lateinamerika hat das verheerende Auswirkungen.<\/p>\n<p>Au\u00dferdem erh\u00f6ht die Eskalation des Krieges die Gefahr eines Nuklearkrieges. Wie der argentinische Pr\u00e4sident Alberto Fernandez sagte, betrifft das nicht mehr nur den Konflikt zwischen Russland und der Ukraine oder den zwischen Russland und den USA, \u201esondern es betrifft die ganze Welt.\u201c<\/p>\n<p>Deshalb streben die lateinamerikanischen Staaten danach, diesen Zustand so schnell als m\u00f6glich zu beenden, ohne dass ein langer Krieg zu weiteren Toten, sozialen Verwerfungen und der Gefahr eines Weltkrieges f\u00fchrt.<\/p>\n<p>Die Initiative des mexikanischen Pr\u00e4sidenten, die sich mit der Mehrheit der anderen lateinamerikanischen Staatsoberh\u00e4upter deckt, ist daher kein billiger Publicity-Trick, sondern spiegelt das neue Selbstbewusstsein Lateinamerikas wider, das durch seine Erfahrungen mit der Monroe-Doktrin, seinen Kampf um Multipolarit\u00e4t und V\u00f6lkerrecht, sein \u00c4quidistanzverhalten zwischen den Weltzentren und innerhalb der sich neu sortierenden Kr\u00e4ftekonstellation im internationalen System ein eigenes Gewicht als Frieden bringender und stabilisierender internationaler Akteur gewonnen hat. Es kann dazu beitragen, dem V\u00f6lkerrecht und der Diplomatie in der Welt wieder zum Durchbruch zu verhelfen, um Kriege zu beenden und Konflikte nachhaltig einzugrenzen. Man kann das neue Verhalten Lateinamerikas im Gefolge des Ukrainekrieges auch als \u201eZeitenwende auf lateinamerikanisch\u201c bezeichnen.<\/p>\n<p><em>Raina Zimmering f\u00fcr <a href=\"https:\/\/zeitgedanken.blog\/2022\/11\/06\/welttrends-zeitenwende-global\/\" target=\"_blank\" rel=\"noopener\">WeltTrends, Nr.193\/November 2022<\/a><\/em><\/p>\n<p><em>Die Langversion des Artikels erschinen in: Crome, Erhard (Hrsg.)(2022): Zeitenwende. Der Ukrainekrieg und die deutsche Au\u00dfenpolitik. Potsdam.<\/em><\/p>\n<hr \/>\n<p>[1] Infobae: Asesor de Volod\u00edmir Zelenski reaccion\u00f3 al plan de AMLO para pacificar Ucrania: \u201cUsan la guerra para sus relaciones p\u00fablicas\u201d In: infobae, 17. September 2022, vgl. <a href=\"https:\/\/www.infobae.com\/america\/mexico\/2022\/09\/17\/asesor-de-zelenski-reacciono-al-plan-amlo-para-pacificar-ucrania-usan-la-guerra-para-sus-relaciones-publicas\" target=\"_blank\" rel=\"noopener\">https:\/\/www.infobae.com\/america\/mexico\/2022\/09\/17\/asesor-de-zelenski-reacciono-al-plan-amlo-para-pacificar-ucrania-usan-la-guerra-para-sus-relaciones-publicas<\/a>\/.<br \/>\n[2] Ebenda.<br \/>\n[3] Die Monroe-Doktrin geht auf die \u201eRede an die Nation\u201c des US-Pr\u00e4sidenten James Monroe von 1823 zur\u00fcck und betont die Rolle der USA als Schutzmacht f\u00fcr den amerikanischen Kontinent. Die Doktrin entwickelte sich in der Folge (Roosevelt-Corollary)zu einer v\u00f6lkerrechtswidrigen Hegemonialtheorie, nach der die USA f\u00fcr sich in Anspruch nahmen, in Lateinamerika milit\u00e4risch zu intervenieren und in die Politik souver\u00e4ner Staaten einzugreifen, was ca. 30 Mal passiert ist. Seit einem neuen Gesetzesentwurf vom Februar 2022 und dem \u201eSummit of the Americas\u201c (Juni 2022) versuchen die USA, diese Doktrin neu zu beleben und Lateinamerika wie im Kalten Krieg als \u201estrategische Reserve\u201c gegen Russland und China zu nutzen.<\/p>\n","protected":false},"excerpt":{"rendered":"<p>Auf der 77. Vollversammlung der Vereinten Nationen in New York trat am 22. September 2022 der mexikanische Au\u00dfenminister Marcelo Ebrard mit einem Friedensvorschlag zur Beendigung des Ukrainekrieges auf, der von weiteren lateinamerikanischen L\u00e4ndern unterst\u00fctzt wurde. Es geht um die Beendigung&hellip;<\/p>\n","protected":false},"author":1849,"featured_media":1696891,"comment_status":"closed","ping_status":"closed","sticky":false,"template":"","format":"standard","meta":{"footnotes":""},"categories":[9150,9167,9168,9154],"tags":[108036,51324,19156,88245,55112,15347,100972,101109,106255],"class_list":["post-1696888","post","type-post","status-publish","format-standard","has-post-thumbnail","hentry","category-europa-de","category-frieden-und-abruestung","category-politik","category-suedamerika","tag-friedensverhandlung","tag-hegemonie","tag-lateinamerika","tag-lopez-obrador-de","tag-monroe-doktrin","tag-multipolare-welt","tag-ukrainekrieg","tag-wolodymyr-selenskyj","tag-zeitenwende"],"yoast_head":"<!-- This site is optimized with the Yoast SEO plugin v27.1.1 - https:\/\/yoast.com\/product\/yoast-seo-wordpress\/ -->\n<title>\u201eZeitenwende\u201c auf lateinamerikanisch? - Lateinamerika und der Krieg in der Ukraine<\/title>\n<meta name=\"description\" content=\"Auf der 77. Vollversammlung der Vereinten Nationen in New York trat am 22. September 2022 der mexikanische Au\u00dfenminister Marcelo Ebrard mit einem\" \/>\n<meta name=\"robots\" content=\"index, follow, max-snippet:-1, max-image-preview:large, max-video-preview:-1\" \/>\n<link rel=\"canonical\" href=\"https:\/\/www.pressenza.com\/de\/2022\/11\/zeitenwende-auf-lateinamerikanisch-lateinamerika-und-der-krieg-in-der-ukraine\/\" \/>\n<meta property=\"og:locale\" content=\"de_DE\" \/>\n<meta property=\"og:type\" content=\"article\" \/>\n<meta property=\"og:title\" content=\"\u201eZeitenwende\u201c auf lateinamerikanisch? - Lateinamerika und der Krieg in der Ukraine\" \/>\n<meta property=\"og:description\" content=\"Auf der 77. Vollversammlung der Vereinten Nationen in New York trat am 22. September 2022 der mexikanische Au\u00dfenminister Marcelo Ebrard mit einem\" \/>\n<meta property=\"og:url\" content=\"https:\/\/www.pressenza.com\/de\/2022\/11\/zeitenwende-auf-lateinamerikanisch-lateinamerika-und-der-krieg-in-der-ukraine\/\" \/>\n<meta property=\"og:site_name\" content=\"Pressenza\" \/>\n<meta property=\"article:publisher\" content=\"https:\/\/www.facebook.com\/PressenzaItalia\" \/>\n<meta property=\"article:published_time\" content=\"2022-11-30T16:08:00+00:00\" \/>\n<meta property=\"article:modified_time\" content=\"2022-11-30T16:08:52+00:00\" \/>\n<meta property=\"og:image\" content=\"https:\/\/www.pressenza.com\/wp-content\/uploads\/2022\/11\/amlo.jpg\" \/>\n\t<meta property=\"og:image:width\" content=\"1920\" \/>\n\t<meta property=\"og:image:height\" content=\"1280\" \/>\n\t<meta property=\"og:image:type\" content=\"image\/jpeg\" \/>\n<meta name=\"author\" content=\"Raina Zimmering\" \/>\n<meta name=\"twitter:card\" content=\"summary_large_image\" \/>\n<meta name=\"twitter:creator\" content=\"@PressenzaIPA\" \/>\n<meta name=\"twitter:site\" content=\"@PressenzaIPA\" \/>\n<meta name=\"twitter:label1\" content=\"Verfasst von\" \/>\n\t<meta name=\"twitter:data1\" content=\"Raina Zimmering\" \/>\n\t<meta name=\"twitter:label2\" content=\"Gesch\u00e4tzte Lesezeit\" \/>\n\t<meta name=\"twitter:data2\" content=\"7\u00a0Minuten\" \/>\n<script type=\"application\/ld+json\" class=\"yoast-schema-graph\">{\"@context\":\"https:\/\/schema.org\",\"@graph\":[{\"@type\":\"Article\",\"@id\":\"https:\/\/www.pressenza.com\/de\/2022\/11\/zeitenwende-auf-lateinamerikanisch-lateinamerika-und-der-krieg-in-der-ukraine\/#article\",\"isPartOf\":{\"@id\":\"https:\/\/www.pressenza.com\/de\/2022\/11\/zeitenwende-auf-lateinamerikanisch-lateinamerika-und-der-krieg-in-der-ukraine\/\"},\"author\":{\"name\":\"Raina Zimmering\",\"@id\":\"https:\/\/www.pressenza.com\/de\/#\/schema\/person\/8280d92530da9dba90f8323b083aa836\"},\"headline\":\"\u201eZeitenwende\u201c auf lateinamerikanisch? &#8211; Lateinamerika und der Krieg in der Ukraine\",\"datePublished\":\"2022-11-30T16:08:00+00:00\",\"dateModified\":\"2022-11-30T16:08:52+00:00\",\"mainEntityOfPage\":{\"@id\":\"https:\/\/www.pressenza.com\/de\/2022\/11\/zeitenwende-auf-lateinamerikanisch-lateinamerika-und-der-krieg-in-der-ukraine\/\"},\"wordCount\":1359,\"publisher\":{\"@id\":\"https:\/\/www.pressenza.com\/de\/#organization\"},\"image\":{\"@id\":\"https:\/\/www.pressenza.com\/de\/2022\/11\/zeitenwende-auf-lateinamerikanisch-lateinamerika-und-der-krieg-in-der-ukraine\/#primaryimage\"},\"thumbnailUrl\":\"https:\/\/www.pressenza.com\/wp-content\/uploads\/2022\/11\/amlo.jpg\",\"keywords\":[\"Friedensverhandlung\",\"Hegemonie\",\"Lateinamerika\",\"L\u00f3pez Obrador\",\"Monroe-Doktrin\",\"Multipolare Welt\",\"Ukrainekrieg\",\"Wolodymyr Selenskyj\",\"Zeitenwende\"],\"articleSection\":[\"Europa\",\"Frieden und Abr\u00fcstung\",\"Politik\",\"S\u00fcdamerika\"],\"inLanguage\":\"de\"},{\"@type\":\"WebPage\",\"@id\":\"https:\/\/www.pressenza.com\/de\/2022\/11\/zeitenwende-auf-lateinamerikanisch-lateinamerika-und-der-krieg-in-der-ukraine\/\",\"url\":\"https:\/\/www.pressenza.com\/de\/2022\/11\/zeitenwende-auf-lateinamerikanisch-lateinamerika-und-der-krieg-in-der-ukraine\/\",\"name\":\"\u201eZeitenwende\u201c auf lateinamerikanisch? - Lateinamerika und der Krieg in der Ukraine\",\"isPartOf\":{\"@id\":\"https:\/\/www.pressenza.com\/de\/#website\"},\"primaryImageOfPage\":{\"@id\":\"https:\/\/www.pressenza.com\/de\/2022\/11\/zeitenwende-auf-lateinamerikanisch-lateinamerika-und-der-krieg-in-der-ukraine\/#primaryimage\"},\"image\":{\"@id\":\"https:\/\/www.pressenza.com\/de\/2022\/11\/zeitenwende-auf-lateinamerikanisch-lateinamerika-und-der-krieg-in-der-ukraine\/#primaryimage\"},\"thumbnailUrl\":\"https:\/\/www.pressenza.com\/wp-content\/uploads\/2022\/11\/amlo.jpg\",\"datePublished\":\"2022-11-30T16:08:00+00:00\",\"dateModified\":\"2022-11-30T16:08:52+00:00\",\"description\":\"Auf der 77. Vollversammlung der Vereinten Nationen in New York trat am 22. September 2022 der mexikanische Au\u00dfenminister Marcelo Ebrard mit einem\",\"breadcrumb\":{\"@id\":\"https:\/\/www.pressenza.com\/de\/2022\/11\/zeitenwende-auf-lateinamerikanisch-lateinamerika-und-der-krieg-in-der-ukraine\/#breadcrumb\"},\"inLanguage\":\"de\",\"potentialAction\":[{\"@type\":\"ReadAction\",\"target\":[\"https:\/\/www.pressenza.com\/de\/2022\/11\/zeitenwende-auf-lateinamerikanisch-lateinamerika-und-der-krieg-in-der-ukraine\/\"]}]},{\"@type\":\"ImageObject\",\"inLanguage\":\"de\",\"@id\":\"https:\/\/www.pressenza.com\/de\/2022\/11\/zeitenwende-auf-lateinamerikanisch-lateinamerika-und-der-krieg-in-der-ukraine\/#primaryimage\",\"url\":\"https:\/\/www.pressenza.com\/wp-content\/uploads\/2022\/11\/amlo.jpg\",\"contentUrl\":\"https:\/\/www.pressenza.com\/wp-content\/uploads\/2022\/11\/amlo.jpg\",\"width\":1920,\"height\":1280,\"caption\":\"\u201eZeitenwende\u201c auf lateinamerikanisch? - Lateinamerika und der Krieg in der Ukraine\"},{\"@type\":\"BreadcrumbList\",\"@id\":\"https:\/\/www.pressenza.com\/de\/2022\/11\/zeitenwende-auf-lateinamerikanisch-lateinamerika-und-der-krieg-in-der-ukraine\/#breadcrumb\",\"itemListElement\":[{\"@type\":\"ListItem\",\"position\":1,\"name\":\"Accueil\",\"item\":\"https:\/\/www.pressenza.com\/de\/\"},{\"@type\":\"ListItem\",\"position\":2,\"name\":\"\u201eZeitenwende\u201c auf lateinamerikanisch? &#8211; Lateinamerika und der Krieg in der Ukraine\"}]},{\"@type\":\"WebSite\",\"@id\":\"https:\/\/www.pressenza.com\/de\/#website\",\"url\":\"https:\/\/www.pressenza.com\/de\/\",\"name\":\"Pressenza\",\"description\":\"International Press Agency\",\"publisher\":{\"@id\":\"https:\/\/www.pressenza.com\/de\/#organization\"},\"potentialAction\":[{\"@type\":\"SearchAction\",\"target\":{\"@type\":\"EntryPoint\",\"urlTemplate\":\"https:\/\/www.pressenza.com\/de\/?s={search_term_string}\"},\"query-input\":{\"@type\":\"PropertyValueSpecification\",\"valueRequired\":true,\"valueName\":\"search_term_string\"}}],\"inLanguage\":\"de\"},{\"@type\":\"Organization\",\"@id\":\"https:\/\/www.pressenza.com\/de\/#organization\",\"name\":\"Pressenza\",\"url\":\"https:\/\/www.pressenza.com\/de\/\",\"logo\":{\"@type\":\"ImageObject\",\"inLanguage\":\"de\",\"@id\":\"https:\/\/www.pressenza.com\/de\/#\/schema\/logo\/image\/\",\"url\":\"https:\/\/www.pressenza.com\/wp-content\/uploads\/2022\/10\/pressenza_logo_200x200.jpg\",\"contentUrl\":\"https:\/\/www.pressenza.com\/wp-content\/uploads\/2022\/10\/pressenza_logo_200x200.jpg\",\"width\":200,\"height\":200,\"caption\":\"Pressenza\"},\"image\":{\"@id\":\"https:\/\/www.pressenza.com\/de\/#\/schema\/logo\/image\/\"},\"sameAs\":[\"https:\/\/www.facebook.com\/PressenzaItalia\",\"https:\/\/x.com\/PressenzaIPA\"]},{\"@type\":\"Person\",\"@id\":\"https:\/\/www.pressenza.com\/de\/#\/schema\/person\/8280d92530da9dba90f8323b083aa836\",\"name\":\"Raina Zimmering\",\"description\":\"Die Historikerin, Politologin, Soziologin und Lateinamerikanistin war von 2007 bis 2013 Universit\u00e4tsprofessorin und Leiterin der Abteilung f\u00fcr Politik- und Entwicklungsforschung des Instituts f\u00fcr Soziologie der Johannes-Kepler-Universit\u00e4t Linz, \u00d6sterreich. Seither arbeitete sie als freie Autorin. Seit 2017 ist sie Senior Research Fellow am WeltTrends-Wissenschaftsinstitut in Potsdam.\",\"url\":\"https:\/\/www.pressenza.com\/de\/author\/raina-zimmering\/\"}]}<\/script>\n<!-- \/ Yoast SEO plugin. -->","yoast_head_json":{"title":"\u201eZeitenwende\u201c auf lateinamerikanisch? - Lateinamerika und der Krieg in der Ukraine","description":"Auf der 77. Vollversammlung der Vereinten Nationen in New York trat am 22. September 2022 der mexikanische Au\u00dfenminister Marcelo Ebrard mit einem","robots":{"index":"index","follow":"follow","max-snippet":"max-snippet:-1","max-image-preview":"max-image-preview:large","max-video-preview":"max-video-preview:-1"},"canonical":"https:\/\/www.pressenza.com\/de\/2022\/11\/zeitenwende-auf-lateinamerikanisch-lateinamerika-und-der-krieg-in-der-ukraine\/","og_locale":"de_DE","og_type":"article","og_title":"\u201eZeitenwende\u201c auf lateinamerikanisch? - Lateinamerika und der Krieg in der Ukraine","og_description":"Auf der 77. Vollversammlung der Vereinten Nationen in New York trat am 22. September 2022 der mexikanische Au\u00dfenminister Marcelo Ebrard mit einem","og_url":"https:\/\/www.pressenza.com\/de\/2022\/11\/zeitenwende-auf-lateinamerikanisch-lateinamerika-und-der-krieg-in-der-ukraine\/","og_site_name":"Pressenza","article_publisher":"https:\/\/www.facebook.com\/PressenzaItalia","article_published_time":"2022-11-30T16:08:00+00:00","article_modified_time":"2022-11-30T16:08:52+00:00","og_image":[{"width":1920,"height":1280,"url":"https:\/\/www.pressenza.com\/wp-content\/uploads\/2022\/11\/amlo.jpg","type":"image\/jpeg"}],"author":"Raina Zimmering","twitter_card":"summary_large_image","twitter_creator":"@PressenzaIPA","twitter_site":"@PressenzaIPA","twitter_misc":{"Verfasst von":"Raina Zimmering","Gesch\u00e4tzte Lesezeit":"7\u00a0Minuten"},"schema":{"@context":"https:\/\/schema.org","@graph":[{"@type":"Article","@id":"https:\/\/www.pressenza.com\/de\/2022\/11\/zeitenwende-auf-lateinamerikanisch-lateinamerika-und-der-krieg-in-der-ukraine\/#article","isPartOf":{"@id":"https:\/\/www.pressenza.com\/de\/2022\/11\/zeitenwende-auf-lateinamerikanisch-lateinamerika-und-der-krieg-in-der-ukraine\/"},"author":{"name":"Raina Zimmering","@id":"https:\/\/www.pressenza.com\/de\/#\/schema\/person\/8280d92530da9dba90f8323b083aa836"},"headline":"\u201eZeitenwende\u201c auf lateinamerikanisch? &#8211; Lateinamerika und der Krieg in der Ukraine","datePublished":"2022-11-30T16:08:00+00:00","dateModified":"2022-11-30T16:08:52+00:00","mainEntityOfPage":{"@id":"https:\/\/www.pressenza.com\/de\/2022\/11\/zeitenwende-auf-lateinamerikanisch-lateinamerika-und-der-krieg-in-der-ukraine\/"},"wordCount":1359,"publisher":{"@id":"https:\/\/www.pressenza.com\/de\/#organization"},"image":{"@id":"https:\/\/www.pressenza.com\/de\/2022\/11\/zeitenwende-auf-lateinamerikanisch-lateinamerika-und-der-krieg-in-der-ukraine\/#primaryimage"},"thumbnailUrl":"https:\/\/www.pressenza.com\/wp-content\/uploads\/2022\/11\/amlo.jpg","keywords":["Friedensverhandlung","Hegemonie","Lateinamerika","L\u00f3pez Obrador","Monroe-Doktrin","Multipolare Welt","Ukrainekrieg","Wolodymyr Selenskyj","Zeitenwende"],"articleSection":["Europa","Frieden und Abr\u00fcstung","Politik","S\u00fcdamerika"],"inLanguage":"de"},{"@type":"WebPage","@id":"https:\/\/www.pressenza.com\/de\/2022\/11\/zeitenwende-auf-lateinamerikanisch-lateinamerika-und-der-krieg-in-der-ukraine\/","url":"https:\/\/www.pressenza.com\/de\/2022\/11\/zeitenwende-auf-lateinamerikanisch-lateinamerika-und-der-krieg-in-der-ukraine\/","name":"\u201eZeitenwende\u201c auf lateinamerikanisch? - Lateinamerika und der Krieg in der Ukraine","isPartOf":{"@id":"https:\/\/www.pressenza.com\/de\/#website"},"primaryImageOfPage":{"@id":"https:\/\/www.pressenza.com\/de\/2022\/11\/zeitenwende-auf-lateinamerikanisch-lateinamerika-und-der-krieg-in-der-ukraine\/#primaryimage"},"image":{"@id":"https:\/\/www.pressenza.com\/de\/2022\/11\/zeitenwende-auf-lateinamerikanisch-lateinamerika-und-der-krieg-in-der-ukraine\/#primaryimage"},"thumbnailUrl":"https:\/\/www.pressenza.com\/wp-content\/uploads\/2022\/11\/amlo.jpg","datePublished":"2022-11-30T16:08:00+00:00","dateModified":"2022-11-30T16:08:52+00:00","description":"Auf der 77. Vollversammlung der Vereinten Nationen in New York trat am 22. September 2022 der mexikanische Au\u00dfenminister Marcelo Ebrard mit einem","breadcrumb":{"@id":"https:\/\/www.pressenza.com\/de\/2022\/11\/zeitenwende-auf-lateinamerikanisch-lateinamerika-und-der-krieg-in-der-ukraine\/#breadcrumb"},"inLanguage":"de","potentialAction":[{"@type":"ReadAction","target":["https:\/\/www.pressenza.com\/de\/2022\/11\/zeitenwende-auf-lateinamerikanisch-lateinamerika-und-der-krieg-in-der-ukraine\/"]}]},{"@type":"ImageObject","inLanguage":"de","@id":"https:\/\/www.pressenza.com\/de\/2022\/11\/zeitenwende-auf-lateinamerikanisch-lateinamerika-und-der-krieg-in-der-ukraine\/#primaryimage","url":"https:\/\/www.pressenza.com\/wp-content\/uploads\/2022\/11\/amlo.jpg","contentUrl":"https:\/\/www.pressenza.com\/wp-content\/uploads\/2022\/11\/amlo.jpg","width":1920,"height":1280,"caption":"\u201eZeitenwende\u201c auf lateinamerikanisch? - Lateinamerika und der Krieg in der Ukraine"},{"@type":"BreadcrumbList","@id":"https:\/\/www.pressenza.com\/de\/2022\/11\/zeitenwende-auf-lateinamerikanisch-lateinamerika-und-der-krieg-in-der-ukraine\/#breadcrumb","itemListElement":[{"@type":"ListItem","position":1,"name":"Accueil","item":"https:\/\/www.pressenza.com\/de\/"},{"@type":"ListItem","position":2,"name":"\u201eZeitenwende\u201c auf lateinamerikanisch? &#8211; Lateinamerika und der Krieg in der Ukraine"}]},{"@type":"WebSite","@id":"https:\/\/www.pressenza.com\/de\/#website","url":"https:\/\/www.pressenza.com\/de\/","name":"Pressenza","description":"International Press Agency","publisher":{"@id":"https:\/\/www.pressenza.com\/de\/#organization"},"potentialAction":[{"@type":"SearchAction","target":{"@type":"EntryPoint","urlTemplate":"https:\/\/www.pressenza.com\/de\/?s={search_term_string}"},"query-input":{"@type":"PropertyValueSpecification","valueRequired":true,"valueName":"search_term_string"}}],"inLanguage":"de"},{"@type":"Organization","@id":"https:\/\/www.pressenza.com\/de\/#organization","name":"Pressenza","url":"https:\/\/www.pressenza.com\/de\/","logo":{"@type":"ImageObject","inLanguage":"de","@id":"https:\/\/www.pressenza.com\/de\/#\/schema\/logo\/image\/","url":"https:\/\/www.pressenza.com\/wp-content\/uploads\/2022\/10\/pressenza_logo_200x200.jpg","contentUrl":"https:\/\/www.pressenza.com\/wp-content\/uploads\/2022\/10\/pressenza_logo_200x200.jpg","width":200,"height":200,"caption":"Pressenza"},"image":{"@id":"https:\/\/www.pressenza.com\/de\/#\/schema\/logo\/image\/"},"sameAs":["https:\/\/www.facebook.com\/PressenzaItalia","https:\/\/x.com\/PressenzaIPA"]},{"@type":"Person","@id":"https:\/\/www.pressenza.com\/de\/#\/schema\/person\/8280d92530da9dba90f8323b083aa836","name":"Raina Zimmering","description":"Die Historikerin, Politologin, Soziologin und Lateinamerikanistin war von 2007 bis 2013 Universit\u00e4tsprofessorin und Leiterin der Abteilung f\u00fcr Politik- und Entwicklungsforschung des Instituts f\u00fcr Soziologie der Johannes-Kepler-Universit\u00e4t Linz, \u00d6sterreich. Seither arbeitete sie als freie Autorin. Seit 2017 ist sie Senior Research Fellow am WeltTrends-Wissenschaftsinstitut in Potsdam.","url":"https:\/\/www.pressenza.com\/de\/author\/raina-zimmering\/"}]}},"place":"","original_article_url":"","_links":{"self":[{"href":"https:\/\/www.pressenza.com\/de\/wp-json\/wp\/v2\/posts\/1696888","targetHints":{"allow":["GET"]}}],"collection":[{"href":"https:\/\/www.pressenza.com\/de\/wp-json\/wp\/v2\/posts"}],"about":[{"href":"https:\/\/www.pressenza.com\/de\/wp-json\/wp\/v2\/types\/post"}],"author":[{"embeddable":true,"href":"https:\/\/www.pressenza.com\/de\/wp-json\/wp\/v2\/users\/1849"}],"replies":[{"embeddable":true,"href":"https:\/\/www.pressenza.com\/de\/wp-json\/wp\/v2\/comments?post=1696888"}],"version-history":[{"count":0,"href":"https:\/\/www.pressenza.com\/de\/wp-json\/wp\/v2\/posts\/1696888\/revisions"}],"wp:featuredmedia":[{"embeddable":true,"href":"https:\/\/www.pressenza.com\/de\/wp-json\/wp\/v2\/media\/1696891"}],"wp:attachment":[{"href":"https:\/\/www.pressenza.com\/de\/wp-json\/wp\/v2\/media?parent=1696888"}],"wp:term":[{"taxonomy":"category","embeddable":true,"href":"https:\/\/www.pressenza.com\/de\/wp-json\/wp\/v2\/categories?post=1696888"},{"taxonomy":"post_tag","embeddable":true,"href":"https:\/\/www.pressenza.com\/de\/wp-json\/wp\/v2\/tags?post=1696888"}],"curies":[{"name":"wp","href":"https:\/\/api.w.org\/{rel}","templated":true}]}}