{"id":1696686,"date":"2022-11-29T12:36:47","date_gmt":"2022-11-29T12:36:47","guid":{"rendered":"https:\/\/www.pressenza.com\/?p=1696686"},"modified":"2022-11-29T12:36:47","modified_gmt":"2022-11-29T12:36:47","slug":"das-wettern-der-woche-china-bebt","status":"publish","type":"post","link":"https:\/\/www.pressenza.com\/de\/2022\/11\/das-wettern-der-woche-china-bebt\/","title":{"rendered":"Das Wettern der Woche: China bebt"},"content":{"rendered":"<p><strong>Die Welt jubelt: In China wird demonstriert! Gegen Xi (f\u00fcr meine alten China-Freunde: \u7fd2\u8fd1\u5e73 \/ \u4e60\u8fd1\u5e73), gegen die korrupten und anderen Kommunisten, gegen den Kapitalismus, f\u00fcr <a href=\"https:\/\/30tageimnovember.de\/\" target=\"_blank\" rel=\"noopener\">Menschenrechte<\/a>. Steht auf, rufen die Demonstranten, steht auf, rufen auch die Demonstrantinnen! <em>Alle, die keine Sklaven mehr sein m\u00f6chten,<\/em> rufen sie, <em>steht auf! Erhebt Euch!<\/em><\/strong><\/p>\n<p><iframe loading=\"lazy\" title=\"China bebt! \u2013 Grohmanns &quot;Wettern der Woche&quot;\" width=\"500\" height=\"281\" src=\"https:\/\/www.youtube.com\/embed\/0FhtoG4HIwo?feature=oembed\" frameborder=\"0\" allow=\"accelerometer; autoplay; clipboard-write; encrypted-media; gyroscope; picture-in-picture; web-share\" referrerpolicy=\"strict-origin-when-cross-origin\" allowfullscreen><\/iframe><\/p>\n<p>Normalerweise stehen meisten Massenmedien unseres Vaterlandes und die ihnen unterstellten Regierungen derartigen Forderungen eher skeptisch gegen\u00fcber. Eine Demo muss angemeldet und genehmigt werden, glauben sie. Aber Glauben ist nicht Wissen: Bei uns haben n\u00e4mlich alle Deutschen das Recht, sich jederzeit ohne Anmeldung oder Erlaubnis friedlich und ohne Waffen zu versammeln &#8211; und das auch noch ungehindert durch die Polizei!<\/p>\n<p>Meine Omi Glimbzsch aus Zittau (Ex-DDR) hat seinerzeit das (f\u00fcr sie neue) Gesetz sofort angesprochen und motiviert! 1993 ist sie Hals \u00fcber Kopf von Zittau nach Bischofferode aufgebrochen &#8211; nur das Grundgesetz unterm Arm und ein kleines Vesper dabei &#8211; um sich dem Hungerstreik der Kalikumpel anzuschlie\u00dfen und mit denen das rentabel arbeitende Kali-Werk zu besetzen und die Arbeitspl\u00e4tze zu erhalten. Heute wissen wir: Das Kali-Kartell hat gesiegt, das Grundgesetz nischt gen\u00fctzt und die Omi verloren. Ja, dr Deufl is halt n Aischh\u00f6rschen, wie man in Sachsen sagt (Dr Deifl isch a Eichh\u00f6rnle).<\/p>\n<p>Wir alten Sklavenhalter tun uns naturgem\u00e4ss schwer mit demokratischen Rechten, k\u00f6nnen uns aber unisono gern der Forderung an die Menschen in Kuba, Moskau und Shanghai anschlie\u00dfen: &#8222;Steht auf! Alle, die keine Sklaven mehr sein wollen!&#8220; Hinzuf\u00fcgen m\u00fcsste man: Aber klebt euch bloss nicht an! Das Beispiel k\u00f6nnte Schule machen, Weihnachtsm\u00e4rkte st\u00f6ren und die bl\u00fchenden Landschaften absterben lassen. Die ersten Bl\u00e4tter fallen l\u00e4ngs.<\/p>\n<p>Es gibt eine weitere Forderung, die im Weihnachtstrubel unterzugehen droht: Kriegsverbrecher bestrafen! Aber wie? fragt die Welt. Fragt uns, sag&#8216; ich da! Bei uns wurden nach dem wieder verlorenen Weltkrieg Zwo die alten Kriegsverbrecher einfach in die Demokratie integriert &#8211; das war f\u00fcr sie Strafe genug. Sie wurden wieder Gener\u00e4le, Richter, Staatsanw\u00e4lte, wurden Berater, Minister, Staatssekret\u00e4re, \u00fcbernahmen Medienh\u00e4user, Konzerne, Banken, Bundestagsmandate, Verb\u00e4nde, Heilanstalten, ja ganze Kirchen!<\/p>\n<p>Und? fragen Sie jetzt vielleicht. Was soll&#8217;s? Schwein gehabt! Wir haben geerbt! Alles. Auch das von den Juden. Und Togo bleibt deutsch.<\/p>\n<p><em><a href=\"https:\/\/www.youtube.com\/channel\/UCIUhugD7UAKv8008QIch1Rw\" target=\"_blank\" rel=\"noopener\">Peter Grohmann\u2019s \u201eWettern der Woche\u201c<\/a><\/em><\/p>\n<p><em>Peter Grohmann ist Kabarettist und Koordinator des B\u00fcrgerprojekts Die AnStifter.<\/em> <a href=\"https:\/\/www.die-anstifter.de\/\" target=\"_blank\" rel=\"noopener\">Cancel Cultur hier\u00a0<\/a><\/p>\n<p>\u2026und am Sonntag, 4.12. FriedensGala im Theaterhaus (11 h)<\/p>\n","protected":false},"excerpt":{"rendered":"<p>Die Welt jubelt: In China wird demonstriert! Gegen Xi (f\u00fcr meine alten China-Freunde: \u7fd2\u8fd1\u5e73 \/ \u4e60\u8fd1\u5e73), gegen die korrupten und anderen Kommunisten, gegen den Kapitalismus, f\u00fcr Menschenrechte. Steht auf, rufen die Demonstranten, steht auf, rufen auch die Demonstrantinnen! Alle, die&hellip;<\/p>\n","protected":false},"author":2138,"featured_media":1611115,"comment_status":"closed","ping_status":"closed","sticky":false,"template":"","format":"standard","meta":{"footnotes":""},"categories":[9143,9161,11387,27991],"tags":[9255,76772,22228,16239,102468],"class_list":["post-1696686","post","type-post","status-publish","format-standard","has-post-thumbnail","hentry","category-meinungen","category-menschenrechte","category-originalinhalt","category-video-de","tag-china-de","tag-doppelmoral","tag-menschenrechte","tag-satire-de","tag-wettern-der-woche"],"yoast_head":"<!-- This site is optimized with the Yoast SEO plugin v27.1.1 - https:\/\/yoast.com\/product\/yoast-seo-wordpress\/ -->\n<title>Das Wettern der Woche: China bebt<\/title>\n<meta name=\"description\" content=\"Die Welt jubelt: In China wird demonstriert! Gegen Xi (f\u00fcr meine alten China-Freunde: \u7fd2\u8fd1\u5e73 \/ \u4e60\u8fd1\u5e73), gegen die korrupten und anderen Kommunisten, gegen den\" \/>\n<meta name=\"robots\" content=\"index, follow, max-snippet:-1, max-image-preview:large, max-video-preview:-1\" \/>\n<link rel=\"canonical\" href=\"https:\/\/www.pressenza.com\/de\/2022\/11\/das-wettern-der-woche-china-bebt\/\" \/>\n<meta property=\"og:locale\" content=\"de_DE\" \/>\n<meta property=\"og:type\" content=\"article\" \/>\n<meta property=\"og:title\" content=\"Das Wettern der Woche: China bebt\" \/>\n<meta property=\"og:description\" content=\"Die Welt jubelt: In China wird demonstriert! Gegen Xi (f\u00fcr meine alten China-Freunde: \u7fd2\u8fd1\u5e73 \/ \u4e60\u8fd1\u5e73), gegen die korrupten und anderen Kommunisten, gegen den\" \/>\n<meta property=\"og:url\" content=\"https:\/\/www.pressenza.com\/de\/2022\/11\/das-wettern-der-woche-china-bebt\/\" \/>\n<meta property=\"og:site_name\" content=\"Pressenza\" \/>\n<meta property=\"article:publisher\" content=\"https:\/\/www.facebook.com\/PressenzaItalia\" \/>\n<meta property=\"article:published_time\" content=\"2022-11-29T12:36:47+00:00\" \/>\n<meta property=\"og:image\" content=\"https:\/\/www.pressenza.com\/wp-content\/uploads\/2022\/06\/Wettern_der_Woche.jpeg\" \/>\n\t<meta property=\"og:image:width\" content=\"820\" \/>\n\t<meta property=\"og:image:height\" content=\"546\" \/>\n\t<meta property=\"og:image:type\" content=\"image\/jpeg\" \/>\n<meta name=\"author\" content=\"Peter Grohmann\" \/>\n<meta name=\"twitter:card\" content=\"summary_large_image\" \/>\n<meta name=\"twitter:creator\" content=\"@PressenzaIPA\" \/>\n<meta name=\"twitter:site\" content=\"@PressenzaIPA\" \/>\n<meta name=\"twitter:label1\" content=\"Verfasst von\" \/>\n\t<meta name=\"twitter:data1\" content=\"Peter Grohmann\" \/>\n\t<meta name=\"twitter:label2\" content=\"Gesch\u00e4tzte Lesezeit\" \/>\n\t<meta name=\"twitter:data2\" content=\"2\u00a0Minuten\" \/>\n<script type=\"application\/ld+json\" class=\"yoast-schema-graph\">{\"@context\":\"https:\/\/schema.org\",\"@graph\":[{\"@type\":\"Article\",\"@id\":\"https:\/\/www.pressenza.com\/de\/2022\/11\/das-wettern-der-woche-china-bebt\/#article\",\"isPartOf\":{\"@id\":\"https:\/\/www.pressenza.com\/de\/2022\/11\/das-wettern-der-woche-china-bebt\/\"},\"author\":{\"name\":\"Peter Grohmann\",\"@id\":\"https:\/\/www.pressenza.com\/de\/#\/schema\/person\/13fbb69602a371248f3199c744d1187e\"},\"headline\":\"Das Wettern der Woche: China bebt\",\"datePublished\":\"2022-11-29T12:36:47+00:00\",\"mainEntityOfPage\":{\"@id\":\"https:\/\/www.pressenza.com\/de\/2022\/11\/das-wettern-der-woche-china-bebt\/\"},\"wordCount\":416,\"publisher\":{\"@id\":\"https:\/\/www.pressenza.com\/de\/#organization\"},\"image\":{\"@id\":\"https:\/\/www.pressenza.com\/de\/2022\/11\/das-wettern-der-woche-china-bebt\/#primaryimage\"},\"thumbnailUrl\":\"https:\/\/www.pressenza.com\/wp-content\/uploads\/2022\/06\/Wettern_der_Woche.jpeg\",\"keywords\":[\"China\",\"Doppelmoral\",\"Menschenrechte\",\"satire\",\"Wettern der Woche\"],\"articleSection\":[\"Meinungen\",\"Menschenrechte\",\"Originalinhalt\",\"Video\"],\"inLanguage\":\"de\"},{\"@type\":\"WebPage\",\"@id\":\"https:\/\/www.pressenza.com\/de\/2022\/11\/das-wettern-der-woche-china-bebt\/\",\"url\":\"https:\/\/www.pressenza.com\/de\/2022\/11\/das-wettern-der-woche-china-bebt\/\",\"name\":\"Das Wettern der Woche: China bebt\",\"isPartOf\":{\"@id\":\"https:\/\/www.pressenza.com\/de\/#website\"},\"primaryImageOfPage\":{\"@id\":\"https:\/\/www.pressenza.com\/de\/2022\/11\/das-wettern-der-woche-china-bebt\/#primaryimage\"},\"image\":{\"@id\":\"https:\/\/www.pressenza.com\/de\/2022\/11\/das-wettern-der-woche-china-bebt\/#primaryimage\"},\"thumbnailUrl\":\"https:\/\/www.pressenza.com\/wp-content\/uploads\/2022\/06\/Wettern_der_Woche.jpeg\",\"datePublished\":\"2022-11-29T12:36:47+00:00\",\"description\":\"Die Welt jubelt: In China wird demonstriert! Gegen Xi (f\u00fcr meine alten China-Freunde: \u7fd2\u8fd1\u5e73 \/ \u4e60\u8fd1\u5e73), gegen die korrupten und anderen Kommunisten, gegen den\",\"breadcrumb\":{\"@id\":\"https:\/\/www.pressenza.com\/de\/2022\/11\/das-wettern-der-woche-china-bebt\/#breadcrumb\"},\"inLanguage\":\"de\",\"potentialAction\":[{\"@type\":\"ReadAction\",\"target\":[\"https:\/\/www.pressenza.com\/de\/2022\/11\/das-wettern-der-woche-china-bebt\/\"]}]},{\"@type\":\"ImageObject\",\"inLanguage\":\"de\",\"@id\":\"https:\/\/www.pressenza.com\/de\/2022\/11\/das-wettern-der-woche-china-bebt\/#primaryimage\",\"url\":\"https:\/\/www.pressenza.com\/wp-content\/uploads\/2022\/06\/Wettern_der_Woche.jpeg\",\"contentUrl\":\"https:\/\/www.pressenza.com\/wp-content\/uploads\/2022\/06\/Wettern_der_Woche.jpeg\",\"width\":820,\"height\":546,\"caption\":\"Das Wettern der Woche: Infantino\"},{\"@type\":\"BreadcrumbList\",\"@id\":\"https:\/\/www.pressenza.com\/de\/2022\/11\/das-wettern-der-woche-china-bebt\/#breadcrumb\",\"itemListElement\":[{\"@type\":\"ListItem\",\"position\":1,\"name\":\"Accueil\",\"item\":\"https:\/\/www.pressenza.com\/de\/\"},{\"@type\":\"ListItem\",\"position\":2,\"name\":\"Das Wettern der Woche: China bebt\"}]},{\"@type\":\"WebSite\",\"@id\":\"https:\/\/www.pressenza.com\/de\/#website\",\"url\":\"https:\/\/www.pressenza.com\/de\/\",\"name\":\"Pressenza\",\"description\":\"International Press Agency\",\"publisher\":{\"@id\":\"https:\/\/www.pressenza.com\/de\/#organization\"},\"potentialAction\":[{\"@type\":\"SearchAction\",\"target\":{\"@type\":\"EntryPoint\",\"urlTemplate\":\"https:\/\/www.pressenza.com\/de\/?s={search_term_string}\"},\"query-input\":{\"@type\":\"PropertyValueSpecification\",\"valueRequired\":true,\"valueName\":\"search_term_string\"}}],\"inLanguage\":\"de\"},{\"@type\":\"Organization\",\"@id\":\"https:\/\/www.pressenza.com\/de\/#organization\",\"name\":\"Pressenza\",\"url\":\"https:\/\/www.pressenza.com\/de\/\",\"logo\":{\"@type\":\"ImageObject\",\"inLanguage\":\"de\",\"@id\":\"https:\/\/www.pressenza.com\/de\/#\/schema\/logo\/image\/\",\"url\":\"https:\/\/www.pressenza.com\/wp-content\/uploads\/2022\/10\/pressenza_logo_200x200.jpg\",\"contentUrl\":\"https:\/\/www.pressenza.com\/wp-content\/uploads\/2022\/10\/pressenza_logo_200x200.jpg\",\"width\":200,\"height\":200,\"caption\":\"Pressenza\"},\"image\":{\"@id\":\"https:\/\/www.pressenza.com\/de\/#\/schema\/logo\/image\/\"},\"sameAs\":[\"https:\/\/www.facebook.com\/PressenzaItalia\",\"https:\/\/x.com\/PressenzaIPA\"]},{\"@type\":\"Person\",\"@id\":\"https:\/\/www.pressenza.com\/de\/#\/schema\/person\/13fbb69602a371248f3199c744d1187e\",\"name\":\"Peter Grohmann\",\"description\":\"(Jahrgang 1937) lebt in Stuttgart, ist Schriftsteller und Kabarettist und arbeitet u.a. f\u00fcr die Wochenzeitung Kontext, de TAZ und diverse andere Medien. Grohmann hat das B\u00fcrgerprojekt Die AnStifter gegr\u00fcndet, heute eine der gro\u00dfen zivilgeellschaftlichen Gruppen mit dem Schwerpunkt \u201egegen Gewalt und Vergessen\u201d. https:\/\/dewiki.de\/Lexikon\/Peter_Grohmann\",\"url\":\"https:\/\/www.pressenza.com\/de\/author\/peter-grohmann\/\"}]}<\/script>\n<!-- \/ Yoast SEO plugin. -->","yoast_head_json":{"title":"Das Wettern der Woche: China bebt","description":"Die Welt jubelt: In China wird demonstriert! Gegen Xi (f\u00fcr meine alten China-Freunde: \u7fd2\u8fd1\u5e73 \/ \u4e60\u8fd1\u5e73), gegen die korrupten und anderen Kommunisten, gegen den","robots":{"index":"index","follow":"follow","max-snippet":"max-snippet:-1","max-image-preview":"max-image-preview:large","max-video-preview":"max-video-preview:-1"},"canonical":"https:\/\/www.pressenza.com\/de\/2022\/11\/das-wettern-der-woche-china-bebt\/","og_locale":"de_DE","og_type":"article","og_title":"Das Wettern der Woche: China bebt","og_description":"Die Welt jubelt: In China wird demonstriert! Gegen Xi (f\u00fcr meine alten China-Freunde: \u7fd2\u8fd1\u5e73 \/ \u4e60\u8fd1\u5e73), gegen die korrupten und anderen Kommunisten, gegen den","og_url":"https:\/\/www.pressenza.com\/de\/2022\/11\/das-wettern-der-woche-china-bebt\/","og_site_name":"Pressenza","article_publisher":"https:\/\/www.facebook.com\/PressenzaItalia","article_published_time":"2022-11-29T12:36:47+00:00","og_image":[{"width":820,"height":546,"url":"https:\/\/www.pressenza.com\/wp-content\/uploads\/2022\/06\/Wettern_der_Woche.jpeg","type":"image\/jpeg"}],"author":"Peter Grohmann","twitter_card":"summary_large_image","twitter_creator":"@PressenzaIPA","twitter_site":"@PressenzaIPA","twitter_misc":{"Verfasst von":"Peter Grohmann","Gesch\u00e4tzte Lesezeit":"2\u00a0Minuten"},"schema":{"@context":"https:\/\/schema.org","@graph":[{"@type":"Article","@id":"https:\/\/www.pressenza.com\/de\/2022\/11\/das-wettern-der-woche-china-bebt\/#article","isPartOf":{"@id":"https:\/\/www.pressenza.com\/de\/2022\/11\/das-wettern-der-woche-china-bebt\/"},"author":{"name":"Peter Grohmann","@id":"https:\/\/www.pressenza.com\/de\/#\/schema\/person\/13fbb69602a371248f3199c744d1187e"},"headline":"Das Wettern der Woche: China bebt","datePublished":"2022-11-29T12:36:47+00:00","mainEntityOfPage":{"@id":"https:\/\/www.pressenza.com\/de\/2022\/11\/das-wettern-der-woche-china-bebt\/"},"wordCount":416,"publisher":{"@id":"https:\/\/www.pressenza.com\/de\/#organization"},"image":{"@id":"https:\/\/www.pressenza.com\/de\/2022\/11\/das-wettern-der-woche-china-bebt\/#primaryimage"},"thumbnailUrl":"https:\/\/www.pressenza.com\/wp-content\/uploads\/2022\/06\/Wettern_der_Woche.jpeg","keywords":["China","Doppelmoral","Menschenrechte","satire","Wettern der Woche"],"articleSection":["Meinungen","Menschenrechte","Originalinhalt","Video"],"inLanguage":"de"},{"@type":"WebPage","@id":"https:\/\/www.pressenza.com\/de\/2022\/11\/das-wettern-der-woche-china-bebt\/","url":"https:\/\/www.pressenza.com\/de\/2022\/11\/das-wettern-der-woche-china-bebt\/","name":"Das Wettern der Woche: China bebt","isPartOf":{"@id":"https:\/\/www.pressenza.com\/de\/#website"},"primaryImageOfPage":{"@id":"https:\/\/www.pressenza.com\/de\/2022\/11\/das-wettern-der-woche-china-bebt\/#primaryimage"},"image":{"@id":"https:\/\/www.pressenza.com\/de\/2022\/11\/das-wettern-der-woche-china-bebt\/#primaryimage"},"thumbnailUrl":"https:\/\/www.pressenza.com\/wp-content\/uploads\/2022\/06\/Wettern_der_Woche.jpeg","datePublished":"2022-11-29T12:36:47+00:00","description":"Die Welt jubelt: In China wird demonstriert! Gegen Xi (f\u00fcr meine alten China-Freunde: \u7fd2\u8fd1\u5e73 \/ \u4e60\u8fd1\u5e73), gegen die korrupten und anderen Kommunisten, gegen den","breadcrumb":{"@id":"https:\/\/www.pressenza.com\/de\/2022\/11\/das-wettern-der-woche-china-bebt\/#breadcrumb"},"inLanguage":"de","potentialAction":[{"@type":"ReadAction","target":["https:\/\/www.pressenza.com\/de\/2022\/11\/das-wettern-der-woche-china-bebt\/"]}]},{"@type":"ImageObject","inLanguage":"de","@id":"https:\/\/www.pressenza.com\/de\/2022\/11\/das-wettern-der-woche-china-bebt\/#primaryimage","url":"https:\/\/www.pressenza.com\/wp-content\/uploads\/2022\/06\/Wettern_der_Woche.jpeg","contentUrl":"https:\/\/www.pressenza.com\/wp-content\/uploads\/2022\/06\/Wettern_der_Woche.jpeg","width":820,"height":546,"caption":"Das Wettern der Woche: Infantino"},{"@type":"BreadcrumbList","@id":"https:\/\/www.pressenza.com\/de\/2022\/11\/das-wettern-der-woche-china-bebt\/#breadcrumb","itemListElement":[{"@type":"ListItem","position":1,"name":"Accueil","item":"https:\/\/www.pressenza.com\/de\/"},{"@type":"ListItem","position":2,"name":"Das Wettern der Woche: China bebt"}]},{"@type":"WebSite","@id":"https:\/\/www.pressenza.com\/de\/#website","url":"https:\/\/www.pressenza.com\/de\/","name":"Pressenza","description":"International Press Agency","publisher":{"@id":"https:\/\/www.pressenza.com\/de\/#organization"},"potentialAction":[{"@type":"SearchAction","target":{"@type":"EntryPoint","urlTemplate":"https:\/\/www.pressenza.com\/de\/?s={search_term_string}"},"query-input":{"@type":"PropertyValueSpecification","valueRequired":true,"valueName":"search_term_string"}}],"inLanguage":"de"},{"@type":"Organization","@id":"https:\/\/www.pressenza.com\/de\/#organization","name":"Pressenza","url":"https:\/\/www.pressenza.com\/de\/","logo":{"@type":"ImageObject","inLanguage":"de","@id":"https:\/\/www.pressenza.com\/de\/#\/schema\/logo\/image\/","url":"https:\/\/www.pressenza.com\/wp-content\/uploads\/2022\/10\/pressenza_logo_200x200.jpg","contentUrl":"https:\/\/www.pressenza.com\/wp-content\/uploads\/2022\/10\/pressenza_logo_200x200.jpg","width":200,"height":200,"caption":"Pressenza"},"image":{"@id":"https:\/\/www.pressenza.com\/de\/#\/schema\/logo\/image\/"},"sameAs":["https:\/\/www.facebook.com\/PressenzaItalia","https:\/\/x.com\/PressenzaIPA"]},{"@type":"Person","@id":"https:\/\/www.pressenza.com\/de\/#\/schema\/person\/13fbb69602a371248f3199c744d1187e","name":"Peter Grohmann","description":"(Jahrgang 1937) lebt in Stuttgart, ist Schriftsteller und Kabarettist und arbeitet u.a. f\u00fcr die Wochenzeitung Kontext, de TAZ und diverse andere Medien. Grohmann hat das B\u00fcrgerprojekt Die AnStifter gegr\u00fcndet, heute eine der gro\u00dfen zivilgeellschaftlichen Gruppen mit dem Schwerpunkt \u201egegen Gewalt und Vergessen\u201d. https:\/\/dewiki.de\/Lexikon\/Peter_Grohmann","url":"https:\/\/www.pressenza.com\/de\/author\/peter-grohmann\/"}]}},"place":"","original_article_url":"","_links":{"self":[{"href":"https:\/\/www.pressenza.com\/de\/wp-json\/wp\/v2\/posts\/1696686","targetHints":{"allow":["GET"]}}],"collection":[{"href":"https:\/\/www.pressenza.com\/de\/wp-json\/wp\/v2\/posts"}],"about":[{"href":"https:\/\/www.pressenza.com\/de\/wp-json\/wp\/v2\/types\/post"}],"author":[{"embeddable":true,"href":"https:\/\/www.pressenza.com\/de\/wp-json\/wp\/v2\/users\/2138"}],"replies":[{"embeddable":true,"href":"https:\/\/www.pressenza.com\/de\/wp-json\/wp\/v2\/comments?post=1696686"}],"version-history":[{"count":0,"href":"https:\/\/www.pressenza.com\/de\/wp-json\/wp\/v2\/posts\/1696686\/revisions"}],"wp:featuredmedia":[{"embeddable":true,"href":"https:\/\/www.pressenza.com\/de\/wp-json\/wp\/v2\/media\/1611115"}],"wp:attachment":[{"href":"https:\/\/www.pressenza.com\/de\/wp-json\/wp\/v2\/media?parent=1696686"}],"wp:term":[{"taxonomy":"category","embeddable":true,"href":"https:\/\/www.pressenza.com\/de\/wp-json\/wp\/v2\/categories?post=1696686"},{"taxonomy":"post_tag","embeddable":true,"href":"https:\/\/www.pressenza.com\/de\/wp-json\/wp\/v2\/tags?post=1696686"}],"curies":[{"name":"wp","href":"https:\/\/api.w.org\/{rel}","templated":true}]}}