{"id":1695397,"date":"2022-11-22T10:04:14","date_gmt":"2022-11-22T10:04:14","guid":{"rendered":"https:\/\/www.pressenza.com\/?p=1695397"},"modified":"2022-11-22T10:04:14","modified_gmt":"2022-11-22T10:04:14","slug":"hoffnung-fuer-die-welt-lula-da-silva-will-jetzt-regenwald-abholzung-beenden","status":"publish","type":"post","link":"https:\/\/www.pressenza.com\/de\/2022\/11\/hoffnung-fuer-die-welt-lula-da-silva-will-jetzt-regenwald-abholzung-beenden\/","title":{"rendered":"Hoffnung f\u00fcr die Welt: Lula da Silva will jetzt Regenwald-Abholzung beenden"},"content":{"rendered":"<p><strong>Dem Amazonas-Regenwald droht der Kollaps. Wenn nichts gegen Abholzung unternommen wird, wird eine Kettenreaktion in Gang gesetzt, die das einzigartige \u00d6kosystem f\u00fcr immer verschwinden l\u00e4sst und den Klimawandel weiter anheizt. Doch die Wahl Luiz Inacio Lula da Silva zum Pr\u00e4sidenten Brasiliens gibt Hoffnung. Er k\u00fcndigte an, die Abholzung des Amazonas zu beenden.<\/strong><\/p>\n<p><span class=\"post-info-text\">Von <\/span><span class=\"author-name vcard fn author\"><a title=\"Beitr\u00e4ge von Marco P\u00fchringer\" href=\"https:\/\/kontrast.at\/author\/marco\/\" rel=\"author\">Marco P\u00fchringer<\/a><\/span><\/p>\n<p>Der Gewerkschafter und Ex-Pr\u00e4sident Lula\u00a0<a href=\"https:\/\/kontrast.at\/brasilien-wahl-lula-bolsonaro\/\">gewann mit 50,9 Prozent der Stimmen<\/a>\u00a0die Pr\u00e4sidentschaftswahl gegen den rechtsextremen Amtsinhaber Jair Bolsonaro. Dieser knappe Sieg k\u00f6nnte einer der wichtigsten politischen Entscheidungen unserer Zeit sein. Denn: In Brasilien liegen gut 60 Prozent des Amazonas-Regenwaldes. Die gr\u00f6\u00dfte Waldfl\u00e4che der Erde beeinflusst das Klima auf der ganzen Welt, indem sie CO2 bindet und Sauerstoff produziert. Dieses \u00d6kosystem steht kurz vor einem\u00a0<a href=\"https:\/\/www.spiegel.de\/wissenschaft\/amazonas-regenwald-in-brasilien-kann-luiz-inacio-lula-da-silva-das-oekosystem-retten-a-ba4d0676-d63e-4165-903e-5eed8ace1418\" target=\"_blank\" rel=\"nofollow noopener\">unumkehrbaren Kipp-Punkt<\/a>, dessen Erreichen das Weltklima f\u00fcr immer ver\u00e4ndern w\u00fcrde. Mit der Fortsetzung von Bolsonaros Umweltpolitik w\u00fcrde dieser Punkt zweifellos erreicht werden.\u00a0<a href=\"https:\/\/www.tagesschau.de\/ausland\/amerika\/brasilien-lula-regenwald-klima-101.html\" target=\"_blank\" rel=\"nofollow noopener\">Lula k\u00fcndigte nun aber an<\/a>, f\u00fcr das Ende der Abholzung im Amazonas k\u00e4mpfen zu wollen:<\/p>\n<blockquote><p>\u00a0\u201eBrasilien ist bereit, seine Rolle im Kampf gegen die Klimakrise wieder aufzunehmen und alle \u00d6kosysteme, insbesondere den Amazonas, zu sch\u00fctzen. Unsere Regierung hat es einst geschafft, die Waldzerst\u00f6rung um 80 Prozent zu reduzieren. Lasst uns jetzt alle gemeinsam f\u00fcr null Abholzung k\u00e4mpfen!\u201c<\/p><\/blockquote>\n<p><strong>IN NUR EINEM MONAT SCHRUMPFT DER AMAZONAS UM MEHR ALS DIE DOPPELTE FL\u00c4CHE WIENS<\/strong><\/p>\n<p>Das ist bitter n\u00f6tig, denn der Amazonas wurde in den letzten Jahren schwer in Mitleidenschaft gezogen. Als Lula 2003 das erste Mal in den Pr\u00e4sidentenpalast einzog, startete er ein ehrgeiziges Programm zur Rettung des Regenwaldes. Ihm und seiner Nachfolgerin Dilma Rousseff, die wie Lula aus der linken Arbeiterpartei Brasiliens kommt, gelang es, die Abholzung um 80 Prozent auf einen historischen Tiefstand zu senken. Doch als Bolsonaro 2019 an die Macht kam, vollzog Brasilien eine Kehrtwende in der Umweltpolitik.<\/p>\n<p>Bolsonaro vergab bereitwillig Konzessionen, um Konzernen die Abholzung des Regenwaldes f\u00fcr den Soja- und Palm\u00f6lanbau sowie die Rinderzucht und den Bergbau zu erlauben. Illegal gerodete Fl\u00e4chen wurden von Bolsonaro legalisiert und die Waldbr\u00e4nde nur halbherzig bek\u00e4mpft. Alleine im September w\u00fcteten 40.000 Feuer. Es warendie schwersten Waldbr\u00e4nde seit \u00fcber 10 Jahren. Umweltschutzorganisationen bezeichnete Bolsonaro<a href=\"https:\/\/www.geo.de\/natur\/oekologie\/amazonas-gebiet-stoesst-mehr-co2-aus--als-es-bindet-30510406.html\" target=\"_blank\" rel=\"nofollow noopener\">\u00a0als \u201eKrebs\u201c den man t\u00f6ten m\u00fcsse.<\/a>\u00a0Die Rodungen stiegen unter seiner Regierung sprunghaft um 70 Prozent an und erreichten im heurigen Oktober einen traurigen Rekord: In nur einem Monat wurden 904 Quadratkilometer Regenwald zerst\u00f6rt. In nur 30 Tagen wurde also die doppelte Fl\u00e4che Wiens plus einmal die Fl\u00e4che von Linz dem Erdboden gleichgemacht.<\/p>\n<p><strong>DER AMAZONAS ST\u00d6SST ERSTMALS MEHR CO2 AUS, ALS ER BINDEN KANN<\/strong><\/p>\n<p>Die Politik Bolsonaros hat weitreichende Folgen. Die Klimabilanz des Amazonas hat sich umgedreht:\u00a0<a href=\"https:\/\/www.geo.de\/natur\/oekologie\/amazonas-gebiet-stoesst-mehr-co2-aus--als-es-bindet-30510406.html\" target=\"_blank\" rel=\"nofollow noopener\">Er st\u00f6\u00dft erstmals mehr CO2 aus, als er binden kann<\/a>. Das zeigt eine Studie von Forscher:innen des franz\u00f6sischen Nationalen Instituts f\u00fcr Agronomieforschung. Die Wissenschaftler:innen analysierten haupts\u00e4chlich Satellitendaten, die die pflanzliche Biomasse im Regenwald sowie seine Abholzung dokumentieren. Das Ergebnis: Das Amazonas-Becken gab rund 16,6 Milliarden Tonnen CO2 in die Umwelt ab, nahm aber nur rund 13,9 Tonnen auf. Diese 2,7 Milliarden Tonnen Differenz ist ungef\u00e4hr der Verbrauch\u00a0<a href=\"https:\/\/www.umweltbundesamt.at\/news220123#:~:text=Die%20Treibhausgas%2DEmissionen%20in%20%C3%96sterreich,im%20Vergleich%20zum%20Jahr%202019.\" target=\"_blank\" rel=\"nofollow noopener\">\u00d6sterreichs f\u00fcr 35 Jahre<\/a>. Setzt sich dieser Trend fort, droht eine weitere massive Versch\u00e4rfung des Klimawandels, denn dem gesamten \u00d6kosystem droht der Kollaps.<\/p>\n<p><strong>DAS GANZE \u00d6KOSYSTEM K\u00d6NNTE KIPPEN<\/strong><\/p>\n<p>Zur Zeit hat der Amazonas einen perfekt funktionierenden Wasserkreislauf: Regionen im Landesinneren haben eigentlich zu wenig Niederschlag f\u00fcr einen tropischen Regenwald. Doch die B\u00e4ume saugen das Grundwasser nach oben, es verdunstet und regnet \u00fcber der riesigen Waldfl\u00e4che wieder ab. Dieser Kreislauf k\u00f6nnte durch eine weitere Abholzung permanent gest\u00f6rt werden. Der Regenwald w\u00fcrde langsam absterben, sich in eine Savanne verwandeln und das Klima auf der ganzen Welt ver\u00e4ndern.<\/p>\n<p>Dieser Prozess w\u00fcrde so viel CO2 freisetzen, wie die gesamte Welt in sieben Jahren verbraucht. Das einzigartige \u00d6kosystem, dass 10 Prozent aller Arten beheimatet, w\u00e4re unwiederbringlich verloren und damit auch CO2 bindende Wirkung des Regenwaldes. Wissenschaftler:innen gehen davon aus, dieser Kipp-Punkt bei Abholzungsgrad von\u00a0<a href=\"https:\/\/www.moment.at\/story\/wahl-brasilien-regenwald-brand\" target=\"_blank\" rel=\"nofollow noopener\">20 bis 25 Prozent erreicht ist. Derzeit liegen wir bei 18 Prozent.<\/a><\/p>\n<p><strong>LULA MUSS GEGEN KONSERVATIVE PARLAMENTSMEHRHEIT ANK\u00c4MPFEN<\/strong><\/p>\n<p>Lulas Wahl und sein Versprechen die Abholzung des Regenwaldes zu Beenden, kommen damit keinen Moment zu fr\u00fch. Der frisch gew\u00e4hlte Pr\u00e4sident hat schon einmal bewiesen, dass er es versteht, den Regenwald zu sch\u00fctzen, obwohl er ein immenser Wirtschaftsfaktor Brasiliens ist. Eine Studie attestiert nun den Pl\u00e4nen Lulas das Potential die Entwaldung des Amazonas tats\u00e4chlich um\u00a0<a href=\"https:\/\/www.carbonbrief.org\/analysis-bolsonaro-election-loss-could-cut-brazilian-amazon-deforestation-by-89\/\" target=\"_blank\" rel=\"nofollow noopener\">89 Prozent zu verringern<\/a>. Leicht wird es Lula jedenfalls nicht haben: Im Parlament steht dem linken Pr\u00e4sidenten noch eine konservative Mehrheit gegen\u00fcber.<\/p>\n<p>&nbsp;<\/p>\n<p>&nbsp;<\/p>\n","protected":false},"excerpt":{"rendered":"<p>Dem Amazonas-Regenwald droht der Kollaps. Wenn nichts gegen Abholzung unternommen wird, wird eine Kettenreaktion in Gang gesetzt, die das einzigartige \u00d6kosystem f\u00fcr immer verschwinden l\u00e4sst und den Klimawandel weiter anheizt. Doch die Wahl Luiz Inacio Lula da Silva zum Pr\u00e4sidenten&hellip;<\/p>\n","protected":false},"author":2111,"featured_media":1695403,"comment_status":"closed","ping_status":"closed","sticky":false,"template":"","format":"standard","meta":{"footnotes":""},"categories":[9157,9168,9154],"tags":[11757,62674,10395,74150,12395,61618,72933,11452,30244],"class_list":["post-1695397","post","type-post","status-publish","format-standard","has-post-thumbnail","hentry","category-oekologie-und-umwelt","category-politik","category-suedamerika","tag-amazonas","tag-bolsonaro-de","tag-brasilien","tag-co2-de","tag-klimawandel","tag-lula-da-silva-de","tag-oekosystem","tag-regenwald","tag-umwelt"],"yoast_head":"<!-- This site is optimized with the Yoast SEO plugin v27.1.1 - https:\/\/yoast.com\/product\/yoast-seo-wordpress\/ -->\n<title>Hoffnung f\u00fcr die Welt: Lula da Silva will jetzt Regenwald-Abholzung beenden<\/title>\n<meta name=\"description\" content=\"Dem Amazonas-Regenwald droht der Kollaps. Wenn nichts gegen Abholzung unternommen wird, wird eine Kettenreaktion in Gang gesetzt, die das einzigartige\" \/>\n<meta name=\"robots\" content=\"index, follow, max-snippet:-1, max-image-preview:large, max-video-preview:-1\" \/>\n<link rel=\"canonical\" href=\"https:\/\/www.pressenza.com\/de\/2022\/11\/hoffnung-fuer-die-welt-lula-da-silva-will-jetzt-regenwald-abholzung-beenden\/\" \/>\n<meta property=\"og:locale\" content=\"de_DE\" \/>\n<meta property=\"og:type\" content=\"article\" \/>\n<meta property=\"og:title\" content=\"Hoffnung f\u00fcr die Welt: Lula da Silva will jetzt Regenwald-Abholzung beenden\" \/>\n<meta property=\"og:description\" content=\"Dem Amazonas-Regenwald droht der Kollaps. Wenn nichts gegen Abholzung unternommen wird, wird eine Kettenreaktion in Gang gesetzt, die das einzigartige\" \/>\n<meta property=\"og:url\" content=\"https:\/\/www.pressenza.com\/de\/2022\/11\/hoffnung-fuer-die-welt-lula-da-silva-will-jetzt-regenwald-abholzung-beenden\/\" \/>\n<meta property=\"og:site_name\" content=\"Pressenza\" \/>\n<meta property=\"article:publisher\" content=\"https:\/\/www.facebook.com\/PressenzaItalia\" \/>\n<meta property=\"article:published_time\" content=\"2022-11-22T10:04:14+00:00\" \/>\n<meta property=\"og:image\" content=\"https:\/\/www.pressenza.com\/wp-content\/uploads\/2022\/11\/Operacao_Hymenaea_Julho-2016_29399454651.jpg\" \/>\n\t<meta property=\"og:image:width\" content=\"1920\" \/>\n\t<meta property=\"og:image:height\" content=\"1280\" \/>\n\t<meta property=\"og:image:type\" content=\"image\/jpeg\" \/>\n<meta name=\"author\" content=\"KONTRAST.at\" \/>\n<meta name=\"twitter:card\" content=\"summary_large_image\" \/>\n<meta name=\"twitter:creator\" content=\"@PressenzaIPA\" \/>\n<meta name=\"twitter:site\" content=\"@PressenzaIPA\" \/>\n<meta name=\"twitter:label1\" content=\"Verfasst von\" \/>\n\t<meta name=\"twitter:data1\" content=\"KONTRAST.at\" \/>\n\t<meta name=\"twitter:label2\" content=\"Gesch\u00e4tzte Lesezeit\" \/>\n\t<meta name=\"twitter:data2\" content=\"4\u00a0Minuten\" \/>\n<script type=\"application\/ld+json\" class=\"yoast-schema-graph\">{\"@context\":\"https:\/\/schema.org\",\"@graph\":[{\"@type\":\"Article\",\"@id\":\"https:\/\/www.pressenza.com\/de\/2022\/11\/hoffnung-fuer-die-welt-lula-da-silva-will-jetzt-regenwald-abholzung-beenden\/#article\",\"isPartOf\":{\"@id\":\"https:\/\/www.pressenza.com\/de\/2022\/11\/hoffnung-fuer-die-welt-lula-da-silva-will-jetzt-regenwald-abholzung-beenden\/\"},\"author\":{\"name\":\"KONTRAST.at\",\"@id\":\"https:\/\/www.pressenza.com\/de\/#\/schema\/person\/db40073e7edb038fc7a1745321dd7a71\"},\"headline\":\"Hoffnung f\u00fcr die Welt: Lula da Silva will jetzt Regenwald-Abholzung beenden\",\"datePublished\":\"2022-11-22T10:04:14+00:00\",\"mainEntityOfPage\":{\"@id\":\"https:\/\/www.pressenza.com\/de\/2022\/11\/hoffnung-fuer-die-welt-lula-da-silva-will-jetzt-regenwald-abholzung-beenden\/\"},\"wordCount\":782,\"publisher\":{\"@id\":\"https:\/\/www.pressenza.com\/de\/#organization\"},\"image\":{\"@id\":\"https:\/\/www.pressenza.com\/de\/2022\/11\/hoffnung-fuer-die-welt-lula-da-silva-will-jetzt-regenwald-abholzung-beenden\/#primaryimage\"},\"thumbnailUrl\":\"https:\/\/www.pressenza.com\/wp-content\/uploads\/2022\/11\/Operacao_Hymenaea_Julho-2016_29399454651.jpg\",\"keywords\":[\"Amazonas\",\"bolsonaro\",\"Brasilien\",\"CO2\",\"Klimawandel\",\"Lula Da Silva\",\"\u00d6kosystem\",\"Regenwald\",\"Umwelt\"],\"articleSection\":[\"\u00d6kologie und Umwelt\",\"Politik\",\"S\u00fcdamerika\"],\"inLanguage\":\"de\"},{\"@type\":\"WebPage\",\"@id\":\"https:\/\/www.pressenza.com\/de\/2022\/11\/hoffnung-fuer-die-welt-lula-da-silva-will-jetzt-regenwald-abholzung-beenden\/\",\"url\":\"https:\/\/www.pressenza.com\/de\/2022\/11\/hoffnung-fuer-die-welt-lula-da-silva-will-jetzt-regenwald-abholzung-beenden\/\",\"name\":\"Hoffnung f\u00fcr die Welt: Lula da Silva will jetzt Regenwald-Abholzung beenden\",\"isPartOf\":{\"@id\":\"https:\/\/www.pressenza.com\/de\/#website\"},\"primaryImageOfPage\":{\"@id\":\"https:\/\/www.pressenza.com\/de\/2022\/11\/hoffnung-fuer-die-welt-lula-da-silva-will-jetzt-regenwald-abholzung-beenden\/#primaryimage\"},\"image\":{\"@id\":\"https:\/\/www.pressenza.com\/de\/2022\/11\/hoffnung-fuer-die-welt-lula-da-silva-will-jetzt-regenwald-abholzung-beenden\/#primaryimage\"},\"thumbnailUrl\":\"https:\/\/www.pressenza.com\/wp-content\/uploads\/2022\/11\/Operacao_Hymenaea_Julho-2016_29399454651.jpg\",\"datePublished\":\"2022-11-22T10:04:14+00:00\",\"description\":\"Dem Amazonas-Regenwald droht der Kollaps. Wenn nichts gegen Abholzung unternommen wird, wird eine Kettenreaktion in Gang gesetzt, die das einzigartige\",\"breadcrumb\":{\"@id\":\"https:\/\/www.pressenza.com\/de\/2022\/11\/hoffnung-fuer-die-welt-lula-da-silva-will-jetzt-regenwald-abholzung-beenden\/#breadcrumb\"},\"inLanguage\":\"de\",\"potentialAction\":[{\"@type\":\"ReadAction\",\"target\":[\"https:\/\/www.pressenza.com\/de\/2022\/11\/hoffnung-fuer-die-welt-lula-da-silva-will-jetzt-regenwald-abholzung-beenden\/\"]}]},{\"@type\":\"ImageObject\",\"inLanguage\":\"de\",\"@id\":\"https:\/\/www.pressenza.com\/de\/2022\/11\/hoffnung-fuer-die-welt-lula-da-silva-will-jetzt-regenwald-abholzung-beenden\/#primaryimage\",\"url\":\"https:\/\/www.pressenza.com\/wp-content\/uploads\/2022\/11\/Operacao_Hymenaea_Julho-2016_29399454651.jpg\",\"contentUrl\":\"https:\/\/www.pressenza.com\/wp-content\/uploads\/2022\/11\/Operacao_Hymenaea_Julho-2016_29399454651.jpg\",\"width\":1920,\"height\":1280},{\"@type\":\"BreadcrumbList\",\"@id\":\"https:\/\/www.pressenza.com\/de\/2022\/11\/hoffnung-fuer-die-welt-lula-da-silva-will-jetzt-regenwald-abholzung-beenden\/#breadcrumb\",\"itemListElement\":[{\"@type\":\"ListItem\",\"position\":1,\"name\":\"Accueil\",\"item\":\"https:\/\/www.pressenza.com\/de\/\"},{\"@type\":\"ListItem\",\"position\":2,\"name\":\"Hoffnung f\u00fcr die Welt: Lula da Silva will jetzt Regenwald-Abholzung beenden\"}]},{\"@type\":\"WebSite\",\"@id\":\"https:\/\/www.pressenza.com\/de\/#website\",\"url\":\"https:\/\/www.pressenza.com\/de\/\",\"name\":\"Pressenza\",\"description\":\"International Press Agency\",\"publisher\":{\"@id\":\"https:\/\/www.pressenza.com\/de\/#organization\"},\"potentialAction\":[{\"@type\":\"SearchAction\",\"target\":{\"@type\":\"EntryPoint\",\"urlTemplate\":\"https:\/\/www.pressenza.com\/de\/?s={search_term_string}\"},\"query-input\":{\"@type\":\"PropertyValueSpecification\",\"valueRequired\":true,\"valueName\":\"search_term_string\"}}],\"inLanguage\":\"de\"},{\"@type\":\"Organization\",\"@id\":\"https:\/\/www.pressenza.com\/de\/#organization\",\"name\":\"Pressenza\",\"url\":\"https:\/\/www.pressenza.com\/de\/\",\"logo\":{\"@type\":\"ImageObject\",\"inLanguage\":\"de\",\"@id\":\"https:\/\/www.pressenza.com\/de\/#\/schema\/logo\/image\/\",\"url\":\"https:\/\/www.pressenza.com\/wp-content\/uploads\/2022\/10\/pressenza_logo_200x200.jpg\",\"contentUrl\":\"https:\/\/www.pressenza.com\/wp-content\/uploads\/2022\/10\/pressenza_logo_200x200.jpg\",\"width\":200,\"height\":200,\"caption\":\"Pressenza\"},\"image\":{\"@id\":\"https:\/\/www.pressenza.com\/de\/#\/schema\/logo\/image\/\"},\"sameAs\":[\"https:\/\/www.facebook.com\/PressenzaItalia\",\"https:\/\/x.com\/PressenzaIPA\"]},{\"@type\":\"Person\",\"@id\":\"https:\/\/www.pressenza.com\/de\/#\/schema\/person\/db40073e7edb038fc7a1745321dd7a71\",\"name\":\"KONTRAST.at\",\"description\":\"Das sozialdemokratische Magazin Kontrast.at begleitet mit seinen Beitr\u00e4gen die aktuelle Politik. Wir betrachten Gesellschaft, Staat und Wirtschaft von einem progressiven, emanzipatorischen Standpunkt aus. Kontrast wirft den Blick der sozialen Gerechtigkeit auf die Welt. Wir informieren uns bei ExpertInnen und BloggerInnen, durchforsten internationale Beitr\u00e4ge und Studien. Dazu versuchen wir Formen des \u201ekollaborativen Journalismus\u201c zu entwickeln. Nur wenn Alternativen seri\u00f6s diskutiert werden, bleibt der politische Horizont offen und werden Standpunkte reflektiert. Die Inhalte k\u00f6nnen Creative Commons Lizenz CC BY-SA 4.0 \u00fcbernommen werden. Bitte ein Mail mit dem Link der Ver\u00f6ffentlichung an redaktion@kontrast.at\",\"url\":\"https:\/\/www.pressenza.com\/de\/author\/kontrast-at\/\"}]}<\/script>\n<!-- \/ Yoast SEO plugin. -->","yoast_head_json":{"title":"Hoffnung f\u00fcr die Welt: Lula da Silva will jetzt Regenwald-Abholzung beenden","description":"Dem Amazonas-Regenwald droht der Kollaps. Wenn nichts gegen Abholzung unternommen wird, wird eine Kettenreaktion in Gang gesetzt, die das einzigartige","robots":{"index":"index","follow":"follow","max-snippet":"max-snippet:-1","max-image-preview":"max-image-preview:large","max-video-preview":"max-video-preview:-1"},"canonical":"https:\/\/www.pressenza.com\/de\/2022\/11\/hoffnung-fuer-die-welt-lula-da-silva-will-jetzt-regenwald-abholzung-beenden\/","og_locale":"de_DE","og_type":"article","og_title":"Hoffnung f\u00fcr die Welt: Lula da Silva will jetzt Regenwald-Abholzung beenden","og_description":"Dem Amazonas-Regenwald droht der Kollaps. Wenn nichts gegen Abholzung unternommen wird, wird eine Kettenreaktion in Gang gesetzt, die das einzigartige","og_url":"https:\/\/www.pressenza.com\/de\/2022\/11\/hoffnung-fuer-die-welt-lula-da-silva-will-jetzt-regenwald-abholzung-beenden\/","og_site_name":"Pressenza","article_publisher":"https:\/\/www.facebook.com\/PressenzaItalia","article_published_time":"2022-11-22T10:04:14+00:00","og_image":[{"width":1920,"height":1280,"url":"https:\/\/www.pressenza.com\/wp-content\/uploads\/2022\/11\/Operacao_Hymenaea_Julho-2016_29399454651.jpg","type":"image\/jpeg"}],"author":"KONTRAST.at","twitter_card":"summary_large_image","twitter_creator":"@PressenzaIPA","twitter_site":"@PressenzaIPA","twitter_misc":{"Verfasst von":"KONTRAST.at","Gesch\u00e4tzte Lesezeit":"4\u00a0Minuten"},"schema":{"@context":"https:\/\/schema.org","@graph":[{"@type":"Article","@id":"https:\/\/www.pressenza.com\/de\/2022\/11\/hoffnung-fuer-die-welt-lula-da-silva-will-jetzt-regenwald-abholzung-beenden\/#article","isPartOf":{"@id":"https:\/\/www.pressenza.com\/de\/2022\/11\/hoffnung-fuer-die-welt-lula-da-silva-will-jetzt-regenwald-abholzung-beenden\/"},"author":{"name":"KONTRAST.at","@id":"https:\/\/www.pressenza.com\/de\/#\/schema\/person\/db40073e7edb038fc7a1745321dd7a71"},"headline":"Hoffnung f\u00fcr die Welt: Lula da Silva will jetzt Regenwald-Abholzung beenden","datePublished":"2022-11-22T10:04:14+00:00","mainEntityOfPage":{"@id":"https:\/\/www.pressenza.com\/de\/2022\/11\/hoffnung-fuer-die-welt-lula-da-silva-will-jetzt-regenwald-abholzung-beenden\/"},"wordCount":782,"publisher":{"@id":"https:\/\/www.pressenza.com\/de\/#organization"},"image":{"@id":"https:\/\/www.pressenza.com\/de\/2022\/11\/hoffnung-fuer-die-welt-lula-da-silva-will-jetzt-regenwald-abholzung-beenden\/#primaryimage"},"thumbnailUrl":"https:\/\/www.pressenza.com\/wp-content\/uploads\/2022\/11\/Operacao_Hymenaea_Julho-2016_29399454651.jpg","keywords":["Amazonas","bolsonaro","Brasilien","CO2","Klimawandel","Lula Da Silva","\u00d6kosystem","Regenwald","Umwelt"],"articleSection":["\u00d6kologie und Umwelt","Politik","S\u00fcdamerika"],"inLanguage":"de"},{"@type":"WebPage","@id":"https:\/\/www.pressenza.com\/de\/2022\/11\/hoffnung-fuer-die-welt-lula-da-silva-will-jetzt-regenwald-abholzung-beenden\/","url":"https:\/\/www.pressenza.com\/de\/2022\/11\/hoffnung-fuer-die-welt-lula-da-silva-will-jetzt-regenwald-abholzung-beenden\/","name":"Hoffnung f\u00fcr die Welt: Lula da Silva will jetzt Regenwald-Abholzung beenden","isPartOf":{"@id":"https:\/\/www.pressenza.com\/de\/#website"},"primaryImageOfPage":{"@id":"https:\/\/www.pressenza.com\/de\/2022\/11\/hoffnung-fuer-die-welt-lula-da-silva-will-jetzt-regenwald-abholzung-beenden\/#primaryimage"},"image":{"@id":"https:\/\/www.pressenza.com\/de\/2022\/11\/hoffnung-fuer-die-welt-lula-da-silva-will-jetzt-regenwald-abholzung-beenden\/#primaryimage"},"thumbnailUrl":"https:\/\/www.pressenza.com\/wp-content\/uploads\/2022\/11\/Operacao_Hymenaea_Julho-2016_29399454651.jpg","datePublished":"2022-11-22T10:04:14+00:00","description":"Dem Amazonas-Regenwald droht der Kollaps. Wenn nichts gegen Abholzung unternommen wird, wird eine Kettenreaktion in Gang gesetzt, die das einzigartige","breadcrumb":{"@id":"https:\/\/www.pressenza.com\/de\/2022\/11\/hoffnung-fuer-die-welt-lula-da-silva-will-jetzt-regenwald-abholzung-beenden\/#breadcrumb"},"inLanguage":"de","potentialAction":[{"@type":"ReadAction","target":["https:\/\/www.pressenza.com\/de\/2022\/11\/hoffnung-fuer-die-welt-lula-da-silva-will-jetzt-regenwald-abholzung-beenden\/"]}]},{"@type":"ImageObject","inLanguage":"de","@id":"https:\/\/www.pressenza.com\/de\/2022\/11\/hoffnung-fuer-die-welt-lula-da-silva-will-jetzt-regenwald-abholzung-beenden\/#primaryimage","url":"https:\/\/www.pressenza.com\/wp-content\/uploads\/2022\/11\/Operacao_Hymenaea_Julho-2016_29399454651.jpg","contentUrl":"https:\/\/www.pressenza.com\/wp-content\/uploads\/2022\/11\/Operacao_Hymenaea_Julho-2016_29399454651.jpg","width":1920,"height":1280},{"@type":"BreadcrumbList","@id":"https:\/\/www.pressenza.com\/de\/2022\/11\/hoffnung-fuer-die-welt-lula-da-silva-will-jetzt-regenwald-abholzung-beenden\/#breadcrumb","itemListElement":[{"@type":"ListItem","position":1,"name":"Accueil","item":"https:\/\/www.pressenza.com\/de\/"},{"@type":"ListItem","position":2,"name":"Hoffnung f\u00fcr die Welt: Lula da Silva will jetzt Regenwald-Abholzung beenden"}]},{"@type":"WebSite","@id":"https:\/\/www.pressenza.com\/de\/#website","url":"https:\/\/www.pressenza.com\/de\/","name":"Pressenza","description":"International Press Agency","publisher":{"@id":"https:\/\/www.pressenza.com\/de\/#organization"},"potentialAction":[{"@type":"SearchAction","target":{"@type":"EntryPoint","urlTemplate":"https:\/\/www.pressenza.com\/de\/?s={search_term_string}"},"query-input":{"@type":"PropertyValueSpecification","valueRequired":true,"valueName":"search_term_string"}}],"inLanguage":"de"},{"@type":"Organization","@id":"https:\/\/www.pressenza.com\/de\/#organization","name":"Pressenza","url":"https:\/\/www.pressenza.com\/de\/","logo":{"@type":"ImageObject","inLanguage":"de","@id":"https:\/\/www.pressenza.com\/de\/#\/schema\/logo\/image\/","url":"https:\/\/www.pressenza.com\/wp-content\/uploads\/2022\/10\/pressenza_logo_200x200.jpg","contentUrl":"https:\/\/www.pressenza.com\/wp-content\/uploads\/2022\/10\/pressenza_logo_200x200.jpg","width":200,"height":200,"caption":"Pressenza"},"image":{"@id":"https:\/\/www.pressenza.com\/de\/#\/schema\/logo\/image\/"},"sameAs":["https:\/\/www.facebook.com\/PressenzaItalia","https:\/\/x.com\/PressenzaIPA"]},{"@type":"Person","@id":"https:\/\/www.pressenza.com\/de\/#\/schema\/person\/db40073e7edb038fc7a1745321dd7a71","name":"KONTRAST.at","description":"Das sozialdemokratische Magazin Kontrast.at begleitet mit seinen Beitr\u00e4gen die aktuelle Politik. Wir betrachten Gesellschaft, Staat und Wirtschaft von einem progressiven, emanzipatorischen Standpunkt aus. Kontrast wirft den Blick der sozialen Gerechtigkeit auf die Welt. Wir informieren uns bei ExpertInnen und BloggerInnen, durchforsten internationale Beitr\u00e4ge und Studien. Dazu versuchen wir Formen des \u201ekollaborativen Journalismus\u201c zu entwickeln. Nur wenn Alternativen seri\u00f6s diskutiert werden, bleibt der politische Horizont offen und werden Standpunkte reflektiert. Die Inhalte k\u00f6nnen Creative Commons Lizenz CC BY-SA 4.0 \u00fcbernommen werden. Bitte ein Mail mit dem Link der Ver\u00f6ffentlichung an redaktion@kontrast.at","url":"https:\/\/www.pressenza.com\/de\/author\/kontrast-at\/"}]}},"place":"","original_article_url":"https:\/\/kontrast.at\/lula-da-silva-regenwald\/","_links":{"self":[{"href":"https:\/\/www.pressenza.com\/de\/wp-json\/wp\/v2\/posts\/1695397","targetHints":{"allow":["GET"]}}],"collection":[{"href":"https:\/\/www.pressenza.com\/de\/wp-json\/wp\/v2\/posts"}],"about":[{"href":"https:\/\/www.pressenza.com\/de\/wp-json\/wp\/v2\/types\/post"}],"author":[{"embeddable":true,"href":"https:\/\/www.pressenza.com\/de\/wp-json\/wp\/v2\/users\/2111"}],"replies":[{"embeddable":true,"href":"https:\/\/www.pressenza.com\/de\/wp-json\/wp\/v2\/comments?post=1695397"}],"version-history":[{"count":0,"href":"https:\/\/www.pressenza.com\/de\/wp-json\/wp\/v2\/posts\/1695397\/revisions"}],"wp:featuredmedia":[{"embeddable":true,"href":"https:\/\/www.pressenza.com\/de\/wp-json\/wp\/v2\/media\/1695403"}],"wp:attachment":[{"href":"https:\/\/www.pressenza.com\/de\/wp-json\/wp\/v2\/media?parent=1695397"}],"wp:term":[{"taxonomy":"category","embeddable":true,"href":"https:\/\/www.pressenza.com\/de\/wp-json\/wp\/v2\/categories?post=1695397"},{"taxonomy":"post_tag","embeddable":true,"href":"https:\/\/www.pressenza.com\/de\/wp-json\/wp\/v2\/tags?post=1695397"}],"curies":[{"name":"wp","href":"https:\/\/api.w.org\/{rel}","templated":true}]}}