{"id":1694929,"date":"2022-11-19T13:40:08","date_gmt":"2022-11-19T13:40:08","guid":{"rendered":"https:\/\/www.pressenza.com\/?p=1694929"},"modified":"2022-11-19T13:44:16","modified_gmt":"2022-11-19T13:44:16","slug":"senegal-das-5-humanistische-forum-in-pikine-hat-stattgefunden","status":"publish","type":"post","link":"https:\/\/www.pressenza.com\/de\/2022\/11\/senegal-das-5-humanistische-forum-in-pikine-hat-stattgefunden\/","title":{"rendered":"Senegal: Das 5. Humanistische Forum in Pikine hat stattgefunden"},"content":{"rendered":"<p><strong>Am Samstag, den 5. November 2022, fand das 5. Humanistische Forum in Pikine<sup>[<\/sup><sup>1]<\/sup>, Senegal, statt. Das Forum hatte 250 Teilnehmer\/innen teil, die auf 13 Arbeitsgruppen mit jeweils einem zentralen Diskussionsthema aufgeteilt waren.<\/strong><\/p>\n<p>50 Organisationen waren an der Veranstaltung pr\u00e4sent. Das Forum wurde von einer Koordinationsgruppe, zusammengesetzt aus Mitgliedern der folgenden Verb\u00e4nde angeregt: Humanistisches Frauennetzwerk von Keur Marietou, Boza Fii, Frapp, SOS-Kinderdorf Senegal (mit Sitz in Pikine), Humanistischer Verein N&#8217;diadiane, JIG-Jam aus Sossop, Sport und Kulturverein (ASC) &#8222;DIOUBO&#8220; aus Bandoulou Toucouleur, Sportverein aus Malika und Studentenverein aus Pikine (CEEPO).<\/p>\n<p>Alle diese Personen stellten jeweils ihr Bestes &#8211; in einer sch\u00f6nen Atmosph\u00e4re der Gemeinschaftlichkeit und tiefen Inspiration &#8211; in den Dienst des Ganzen. Der Austausch war bereichernd und zutiefst respektvoll gegen\u00fcber der Vielfalt der Einzelnen.<\/p>\n<p>Die Darbietungen der engagierten K\u00fcnstler des Theaterforums verliehen der Veranstaltung wie gewohnt eine besondere Note.<\/p>\n<p>Hier einige der Aktionsbereiche (Themen), die als Reaktion auf den Austausch an den verschiedenen &#8222;Tischen&#8220; bzw. Arbeitsgruppen entstanden sind: Bildung, Gesundheit, Umwelt, Frauen und Entwicklung, formelle und echte Demokratie, Kommunikation und gewaltfreier Dialog, gemeinschaftlicher Ansatz zum Schutz des Kindes, Kunst und Kultur, Jugendbesch\u00e4ftigung, Sport als Faktor der Gemeinschaftsentwicklung, Migrationsprozesse, und anderes mehr.<\/p>\n<p>Es hat sich auch eine neue Perspektive er\u00f6ffnet, n\u00e4mlich die konkrete M\u00f6glichkeit, die energischen Aktivit\u00e4ten f\u00fcr Menschenrechte auf mehrere neue Regionen im Senegal auszuweiten.<\/p>\n<p>Abschlie\u00dfend bleiben uns noch einige Begegnungen, die f\u00fcr 2023 geplant sind: Das 1. Humanistische Hochschulforum in Dakar (M\u00e4rz 2023), das Humanistische Forum in Gambia (M\u00e4rz 2023) und schlie\u00dflich das Virtuelle Humanistische Forum Afrikas, das bis Ende 2023 stattfinden wird.<\/p>\n<p><em>Fotos von Stefano Barbieri<\/em><\/p>\n<div class=\"post-gallery\">\n\t\t\t<figure class=\"post-gallery-item\">\n\t\t\t\t<img decoding=\"async\" src=\"https:\/\/www.pressenza.com\/wp-content\/uploads\/2022\/11\/5-forum-humaniste-Pikine-StefanoBarbieri11-820x546.jpeg\" loading=\"lazy\">\n\t\t\t\t<figcaption>\n\t\t\t\t\t\n\t\t\t\t<\/figcaption>\n\t\t\t<\/figure>\n\t\t\t<figure class=\"post-gallery-item\">\n\t\t\t\t<img decoding=\"async\" src=\"https:\/\/www.pressenza.com\/wp-content\/uploads\/2022\/11\/5-forum-humaniste-Pikine-StefanoBarbieri10-820x546.jpeg\" loading=\"lazy\">\n\t\t\t\t<figcaption>\n\t\t\t\t\t\n\t\t\t\t<\/figcaption>\n\t\t\t<\/figure>\n\t\t\t<figure class=\"post-gallery-item\">\n\t\t\t\t<img decoding=\"async\" src=\"https:\/\/www.pressenza.com\/wp-content\/uploads\/2022\/11\/5-forum-humaniste-Pikine-StefanoBarbieri09-682x1024.jpeg\" loading=\"lazy\">\n\t\t\t\t<figcaption>\n\t\t\t\t\t\n\t\t\t\t<\/figcaption>\n\t\t\t<\/figure>\n\t\t\t<figure class=\"post-gallery-item\">\n\t\t\t\t<img decoding=\"async\" src=\"https:\/\/www.pressenza.com\/wp-content\/uploads\/2022\/11\/5-forum-humaniste-Pikine-StefanoBarbieri08-820x547.jpeg\" loading=\"lazy\">\n\t\t\t\t<figcaption>\n\t\t\t\t\t\n\t\t\t\t<\/figcaption>\n\t\t\t<\/figure>\n\t\t\t<figure class=\"post-gallery-item\">\n\t\t\t\t<img decoding=\"async\" src=\"https:\/\/www.pressenza.com\/wp-content\/uploads\/2022\/11\/5-forum-humaniste-Pikine-StefanoBarbieri07-820x546.jpeg\" loading=\"lazy\">\n\t\t\t\t<figcaption>\n\t\t\t\t\t\n\t\t\t\t<\/figcaption>\n\t\t\t<\/figure>\n\t\t\t<figure class=\"post-gallery-item\">\n\t\t\t\t<img decoding=\"async\" src=\"https:\/\/www.pressenza.com\/wp-content\/uploads\/2022\/11\/5-forum-humaniste-Pikine-StefanoBarbieri06-820x546.jpeg\" loading=\"lazy\">\n\t\t\t\t<figcaption>\n\t\t\t\t\t\n\t\t\t\t<\/figcaption>\n\t\t\t<\/figure>\n\t\t\t<figure class=\"post-gallery-item\">\n\t\t\t\t<img decoding=\"async\" src=\"https:\/\/www.pressenza.com\/wp-content\/uploads\/2022\/11\/5-forum-humaniste-Pikine-StefanoBarbieri05-820x548.jpeg\" loading=\"lazy\">\n\t\t\t\t<figcaption>\n\t\t\t\t\t\n\t\t\t\t<\/figcaption>\n\t\t\t<\/figure>\n\t\t\t<figure class=\"post-gallery-item\">\n\t\t\t\t<img decoding=\"async\" src=\"https:\/\/www.pressenza.com\/wp-content\/uploads\/2022\/11\/5-forum-humaniste-Pikine-StefanoBarbieri04-1-820x548.jpeg\" loading=\"lazy\">\n\t\t\t\t<figcaption>\n\t\t\t\t\t\n\t\t\t\t<\/figcaption>\n\t\t\t<\/figure>\n\t\t\t<figure class=\"post-gallery-item\">\n\t\t\t\t<img decoding=\"async\" src=\"https:\/\/www.pressenza.com\/wp-content\/uploads\/2022\/11\/5-forum-humaniste-Pikine-StefanoBarbieri03-820x548.jpeg\" loading=\"lazy\">\n\t\t\t\t<figcaption>\n\t\t\t\t\t\n\t\t\t\t<\/figcaption>\n\t\t\t<\/figure>\n\t\t\t<figure class=\"post-gallery-item\">\n\t\t\t\t<img decoding=\"async\" src=\"https:\/\/www.pressenza.com\/wp-content\/uploads\/2022\/11\/5-forum-humaniste-Pikine-StefanoBarbieri02-820x548.jpeg\" loading=\"lazy\">\n\t\t\t\t<figcaption>\n\t\t\t\t\t\n\t\t\t\t<\/figcaption>\n\t\t\t<\/figure>\n\t\t\t<figure class=\"post-gallery-item\">\n\t\t\t\t<img decoding=\"async\" src=\"https:\/\/www.pressenza.com\/wp-content\/uploads\/2022\/11\/5-forum-humaniste-Pikine-StefanoBarbieri01-820x548.jpeg\" loading=\"lazy\">\n\t\t\t\t<figcaption>\n\t\t\t\t\t\n\t\t\t\t<\/figcaption>\n\t\t\t<\/figure><\/div>\n<p><em><strong>Die \u00dcbersetzung aus dem Franz\u00f6sischen wurde von Walter L. Buder vom ehrenamtlichen Pressenza-\u00dcbersetzungsteam erstellt. <a href=\"https:\/\/www.pressenza.com\/de\/mitarbeiten\/\" target=\"_blank\" rel=\"noopener\">Wir suchen Freiwillige!<\/a><\/strong><\/em><\/p>\n<hr \/>\n<p><em>[1] Piken ist die Hauptstadt des gleichnamigen Departements in Senegal.<\/em><\/p>\n","protected":false},"excerpt":{"rendered":"<p>Am Samstag, den 5. November 2022, fand das 5. Humanistische Forum in Pikine[1], Senegal, statt. Das Forum hatte 250 Teilnehmer\/innen teil, die auf 13 Arbeitsgruppen mit jeweils einem zentralen Diskussionsthema aufgeteilt waren. 50 Organisationen waren an der Veranstaltung pr\u00e4sent. Das&hellip;<\/p>\n","protected":false},"author":1871,"featured_media":1694930,"comment_status":"closed","ping_status":"closed","sticky":false,"template":"","format":"standard","meta":{"footnotes":""},"categories":[9144,9162,11387],"tags":[107702,107703,73416],"class_list":["post-1694929","post","type-post","status-publish","format-standard","has-post-thumbnail","hentry","category-fotoreportagen","category-humanismus-und-spiritualitaet","category-originalinhalt","tag-humanistisches-forum","tag-pikine-de","tag-senegal-de"],"yoast_head":"<!-- This site is optimized with the Yoast SEO plugin v27.1.1 - https:\/\/yoast.com\/product\/yoast-seo-wordpress\/ -->\n<title>Senegal: Das 5. Humanistische Forum in Pikine hat stattgefunden<\/title>\n<meta name=\"description\" content=\"Am Samstag, den 5. November 2022, fand das 5. Humanistische Forum in Pikine, Senegal, statt. Das Forum hatte 250 Teilnehmer\/innen teil, die auf 13\" \/>\n<meta name=\"robots\" content=\"index, follow, max-snippet:-1, max-image-preview:large, max-video-preview:-1\" \/>\n<link rel=\"canonical\" href=\"https:\/\/www.pressenza.com\/de\/2022\/11\/senegal-das-5-humanistische-forum-in-pikine-hat-stattgefunden\/\" \/>\n<meta property=\"og:locale\" content=\"de_DE\" \/>\n<meta property=\"og:type\" content=\"article\" \/>\n<meta property=\"og:title\" content=\"Senegal: Das 5. Humanistische Forum in Pikine hat stattgefunden\" \/>\n<meta property=\"og:description\" content=\"Am Samstag, den 5. November 2022, fand das 5. Humanistische Forum in Pikine, Senegal, statt. Das Forum hatte 250 Teilnehmer\/innen teil, die auf 13\" \/>\n<meta property=\"og:url\" content=\"https:\/\/www.pressenza.com\/de\/2022\/11\/senegal-das-5-humanistische-forum-in-pikine-hat-stattgefunden\/\" \/>\n<meta property=\"og:site_name\" content=\"Pressenza\" \/>\n<meta property=\"article:publisher\" content=\"https:\/\/www.facebook.com\/PressenzaItalia\" \/>\n<meta property=\"article:published_time\" content=\"2022-11-19T13:40:08+00:00\" \/>\n<meta property=\"article:modified_time\" content=\"2022-11-19T13:44:16+00:00\" \/>\n<meta property=\"og:image\" content=\"https:\/\/www.pressenza.com\/wp-content\/uploads\/2022\/11\/5-forum-humaniste-Pikine-StefanoBarbieri04.jpeg\" \/>\n\t<meta property=\"og:image:width\" content=\"1616\" \/>\n\t<meta property=\"og:image:height\" content=\"1079\" \/>\n\t<meta property=\"og:image:type\" content=\"image\/jpeg\" \/>\n<meta name=\"author\" content=\"N&#039;diaga Diallo\" \/>\n<meta name=\"twitter:card\" content=\"summary_large_image\" \/>\n<meta name=\"twitter:creator\" content=\"@PressenzaIPA\" \/>\n<meta name=\"twitter:site\" content=\"@PressenzaIPA\" \/>\n<meta name=\"twitter:label1\" content=\"Verfasst von\" \/>\n\t<meta name=\"twitter:data1\" content=\"N&#039;diaga Diallo\" \/>\n\t<meta name=\"twitter:label2\" content=\"Gesch\u00e4tzte Lesezeit\" \/>\n\t<meta name=\"twitter:data2\" content=\"1\u00a0Minute\" \/>\n<script type=\"application\/ld+json\" class=\"yoast-schema-graph\">{\"@context\":\"https:\/\/schema.org\",\"@graph\":[{\"@type\":\"Article\",\"@id\":\"https:\/\/www.pressenza.com\/de\/2022\/11\/senegal-das-5-humanistische-forum-in-pikine-hat-stattgefunden\/#article\",\"isPartOf\":{\"@id\":\"https:\/\/www.pressenza.com\/de\/2022\/11\/senegal-das-5-humanistische-forum-in-pikine-hat-stattgefunden\/\"},\"author\":{\"name\":\"N'diaga Diallo\",\"@id\":\"https:\/\/www.pressenza.com\/de\/#\/schema\/person\/0797ce4f6d245f70f49211ff97299740\"},\"headline\":\"Senegal: Das 5. Humanistische Forum in Pikine hat stattgefunden\",\"datePublished\":\"2022-11-19T13:40:08+00:00\",\"dateModified\":\"2022-11-19T13:44:16+00:00\",\"mainEntityOfPage\":{\"@id\":\"https:\/\/www.pressenza.com\/de\/2022\/11\/senegal-das-5-humanistische-forum-in-pikine-hat-stattgefunden\/\"},\"wordCount\":303,\"publisher\":{\"@id\":\"https:\/\/www.pressenza.com\/de\/#organization\"},\"image\":{\"@id\":\"https:\/\/www.pressenza.com\/de\/2022\/11\/senegal-das-5-humanistische-forum-in-pikine-hat-stattgefunden\/#primaryimage\"},\"thumbnailUrl\":\"https:\/\/www.pressenza.com\/wp-content\/uploads\/2022\/11\/5-forum-humaniste-Pikine-StefanoBarbieri04.jpeg\",\"keywords\":[\"Humanistisches Forum\",\"Pikine\",\"senegal\"],\"articleSection\":[\"Fotoreportagen\",\"Humanismus und Spiritualit\u00e4t\",\"Originalinhalt\"],\"inLanguage\":\"de\"},{\"@type\":\"WebPage\",\"@id\":\"https:\/\/www.pressenza.com\/de\/2022\/11\/senegal-das-5-humanistische-forum-in-pikine-hat-stattgefunden\/\",\"url\":\"https:\/\/www.pressenza.com\/de\/2022\/11\/senegal-das-5-humanistische-forum-in-pikine-hat-stattgefunden\/\",\"name\":\"Senegal: Das 5. Humanistische Forum in Pikine hat stattgefunden\",\"isPartOf\":{\"@id\":\"https:\/\/www.pressenza.com\/de\/#website\"},\"primaryImageOfPage\":{\"@id\":\"https:\/\/www.pressenza.com\/de\/2022\/11\/senegal-das-5-humanistische-forum-in-pikine-hat-stattgefunden\/#primaryimage\"},\"image\":{\"@id\":\"https:\/\/www.pressenza.com\/de\/2022\/11\/senegal-das-5-humanistische-forum-in-pikine-hat-stattgefunden\/#primaryimage\"},\"thumbnailUrl\":\"https:\/\/www.pressenza.com\/wp-content\/uploads\/2022\/11\/5-forum-humaniste-Pikine-StefanoBarbieri04.jpeg\",\"datePublished\":\"2022-11-19T13:40:08+00:00\",\"dateModified\":\"2022-11-19T13:44:16+00:00\",\"description\":\"Am Samstag, den 5. November 2022, fand das 5. Humanistische Forum in Pikine, Senegal, statt. Das Forum hatte 250 Teilnehmer\/innen teil, die auf 13\",\"breadcrumb\":{\"@id\":\"https:\/\/www.pressenza.com\/de\/2022\/11\/senegal-das-5-humanistische-forum-in-pikine-hat-stattgefunden\/#breadcrumb\"},\"inLanguage\":\"de\",\"potentialAction\":[{\"@type\":\"ReadAction\",\"target\":[\"https:\/\/www.pressenza.com\/de\/2022\/11\/senegal-das-5-humanistische-forum-in-pikine-hat-stattgefunden\/\"]}]},{\"@type\":\"ImageObject\",\"inLanguage\":\"de\",\"@id\":\"https:\/\/www.pressenza.com\/de\/2022\/11\/senegal-das-5-humanistische-forum-in-pikine-hat-stattgefunden\/#primaryimage\",\"url\":\"https:\/\/www.pressenza.com\/wp-content\/uploads\/2022\/11\/5-forum-humaniste-Pikine-StefanoBarbieri04.jpeg\",\"contentUrl\":\"https:\/\/www.pressenza.com\/wp-content\/uploads\/2022\/11\/5-forum-humaniste-Pikine-StefanoBarbieri04.jpeg\",\"width\":1616,\"height\":1079,\"caption\":\"Senegal: Das 5. Humanistische Forum in Pikine hat stattgefunden\"},{\"@type\":\"BreadcrumbList\",\"@id\":\"https:\/\/www.pressenza.com\/de\/2022\/11\/senegal-das-5-humanistische-forum-in-pikine-hat-stattgefunden\/#breadcrumb\",\"itemListElement\":[{\"@type\":\"ListItem\",\"position\":1,\"name\":\"Accueil\",\"item\":\"https:\/\/www.pressenza.com\/de\/\"},{\"@type\":\"ListItem\",\"position\":2,\"name\":\"Senegal: Das 5. Humanistische Forum in Pikine hat stattgefunden\"}]},{\"@type\":\"WebSite\",\"@id\":\"https:\/\/www.pressenza.com\/de\/#website\",\"url\":\"https:\/\/www.pressenza.com\/de\/\",\"name\":\"Pressenza\",\"description\":\"International Press Agency\",\"publisher\":{\"@id\":\"https:\/\/www.pressenza.com\/de\/#organization\"},\"potentialAction\":[{\"@type\":\"SearchAction\",\"target\":{\"@type\":\"EntryPoint\",\"urlTemplate\":\"https:\/\/www.pressenza.com\/de\/?s={search_term_string}\"},\"query-input\":{\"@type\":\"PropertyValueSpecification\",\"valueRequired\":true,\"valueName\":\"search_term_string\"}}],\"inLanguage\":\"de\"},{\"@type\":\"Organization\",\"@id\":\"https:\/\/www.pressenza.com\/de\/#organization\",\"name\":\"Pressenza\",\"url\":\"https:\/\/www.pressenza.com\/de\/\",\"logo\":{\"@type\":\"ImageObject\",\"inLanguage\":\"de\",\"@id\":\"https:\/\/www.pressenza.com\/de\/#\/schema\/logo\/image\/\",\"url\":\"https:\/\/www.pressenza.com\/wp-content\/uploads\/2022\/10\/pressenza_logo_200x200.jpg\",\"contentUrl\":\"https:\/\/www.pressenza.com\/wp-content\/uploads\/2022\/10\/pressenza_logo_200x200.jpg\",\"width\":200,\"height\":200,\"caption\":\"Pressenza\"},\"image\":{\"@id\":\"https:\/\/www.pressenza.com\/de\/#\/schema\/logo\/image\/\"},\"sameAs\":[\"https:\/\/www.facebook.com\/PressenzaItalia\",\"https:\/\/x.com\/PressenzaIPA\"]},{\"@type\":\"Person\",\"@id\":\"https:\/\/www.pressenza.com\/de\/#\/schema\/person\/0797ce4f6d245f70f49211ff97299740\",\"name\":\"N'diaga Diallo\",\"description\":\"Senegalese based in Dakar. Humanist activist for over twenty years. A lifelong learner and follower of Siloism. Freelance political and cultural journalist. Managing Director of the \\\"Keur Mari\u00e9tou\\\" Humanist Center for Studies, Reflection, and Action. Member of the \\\"Energy for Human Rights - Senegal\\\" association.\",\"url\":\"https:\/\/www.pressenza.com\/de\/author\/ndiaga-diallo\/\"}]}<\/script>\n<!-- \/ Yoast SEO plugin. -->","yoast_head_json":{"title":"Senegal: Das 5. Humanistische Forum in Pikine hat stattgefunden","description":"Am Samstag, den 5. November 2022, fand das 5. Humanistische Forum in Pikine, Senegal, statt. Das Forum hatte 250 Teilnehmer\/innen teil, die auf 13","robots":{"index":"index","follow":"follow","max-snippet":"max-snippet:-1","max-image-preview":"max-image-preview:large","max-video-preview":"max-video-preview:-1"},"canonical":"https:\/\/www.pressenza.com\/de\/2022\/11\/senegal-das-5-humanistische-forum-in-pikine-hat-stattgefunden\/","og_locale":"de_DE","og_type":"article","og_title":"Senegal: Das 5. Humanistische Forum in Pikine hat stattgefunden","og_description":"Am Samstag, den 5. November 2022, fand das 5. Humanistische Forum in Pikine, Senegal, statt. Das Forum hatte 250 Teilnehmer\/innen teil, die auf 13","og_url":"https:\/\/www.pressenza.com\/de\/2022\/11\/senegal-das-5-humanistische-forum-in-pikine-hat-stattgefunden\/","og_site_name":"Pressenza","article_publisher":"https:\/\/www.facebook.com\/PressenzaItalia","article_published_time":"2022-11-19T13:40:08+00:00","article_modified_time":"2022-11-19T13:44:16+00:00","og_image":[{"width":1616,"height":1079,"url":"https:\/\/www.pressenza.com\/wp-content\/uploads\/2022\/11\/5-forum-humaniste-Pikine-StefanoBarbieri04.jpeg","type":"image\/jpeg"}],"author":"N'diaga Diallo","twitter_card":"summary_large_image","twitter_creator":"@PressenzaIPA","twitter_site":"@PressenzaIPA","twitter_misc":{"Verfasst von":"N'diaga Diallo","Gesch\u00e4tzte Lesezeit":"1\u00a0Minute"},"schema":{"@context":"https:\/\/schema.org","@graph":[{"@type":"Article","@id":"https:\/\/www.pressenza.com\/de\/2022\/11\/senegal-das-5-humanistische-forum-in-pikine-hat-stattgefunden\/#article","isPartOf":{"@id":"https:\/\/www.pressenza.com\/de\/2022\/11\/senegal-das-5-humanistische-forum-in-pikine-hat-stattgefunden\/"},"author":{"name":"N'diaga Diallo","@id":"https:\/\/www.pressenza.com\/de\/#\/schema\/person\/0797ce4f6d245f70f49211ff97299740"},"headline":"Senegal: Das 5. Humanistische Forum in Pikine hat stattgefunden","datePublished":"2022-11-19T13:40:08+00:00","dateModified":"2022-11-19T13:44:16+00:00","mainEntityOfPage":{"@id":"https:\/\/www.pressenza.com\/de\/2022\/11\/senegal-das-5-humanistische-forum-in-pikine-hat-stattgefunden\/"},"wordCount":303,"publisher":{"@id":"https:\/\/www.pressenza.com\/de\/#organization"},"image":{"@id":"https:\/\/www.pressenza.com\/de\/2022\/11\/senegal-das-5-humanistische-forum-in-pikine-hat-stattgefunden\/#primaryimage"},"thumbnailUrl":"https:\/\/www.pressenza.com\/wp-content\/uploads\/2022\/11\/5-forum-humaniste-Pikine-StefanoBarbieri04.jpeg","keywords":["Humanistisches Forum","Pikine","senegal"],"articleSection":["Fotoreportagen","Humanismus und Spiritualit\u00e4t","Originalinhalt"],"inLanguage":"de"},{"@type":"WebPage","@id":"https:\/\/www.pressenza.com\/de\/2022\/11\/senegal-das-5-humanistische-forum-in-pikine-hat-stattgefunden\/","url":"https:\/\/www.pressenza.com\/de\/2022\/11\/senegal-das-5-humanistische-forum-in-pikine-hat-stattgefunden\/","name":"Senegal: Das 5. Humanistische Forum in Pikine hat stattgefunden","isPartOf":{"@id":"https:\/\/www.pressenza.com\/de\/#website"},"primaryImageOfPage":{"@id":"https:\/\/www.pressenza.com\/de\/2022\/11\/senegal-das-5-humanistische-forum-in-pikine-hat-stattgefunden\/#primaryimage"},"image":{"@id":"https:\/\/www.pressenza.com\/de\/2022\/11\/senegal-das-5-humanistische-forum-in-pikine-hat-stattgefunden\/#primaryimage"},"thumbnailUrl":"https:\/\/www.pressenza.com\/wp-content\/uploads\/2022\/11\/5-forum-humaniste-Pikine-StefanoBarbieri04.jpeg","datePublished":"2022-11-19T13:40:08+00:00","dateModified":"2022-11-19T13:44:16+00:00","description":"Am Samstag, den 5. November 2022, fand das 5. Humanistische Forum in Pikine, Senegal, statt. Das Forum hatte 250 Teilnehmer\/innen teil, die auf 13","breadcrumb":{"@id":"https:\/\/www.pressenza.com\/de\/2022\/11\/senegal-das-5-humanistische-forum-in-pikine-hat-stattgefunden\/#breadcrumb"},"inLanguage":"de","potentialAction":[{"@type":"ReadAction","target":["https:\/\/www.pressenza.com\/de\/2022\/11\/senegal-das-5-humanistische-forum-in-pikine-hat-stattgefunden\/"]}]},{"@type":"ImageObject","inLanguage":"de","@id":"https:\/\/www.pressenza.com\/de\/2022\/11\/senegal-das-5-humanistische-forum-in-pikine-hat-stattgefunden\/#primaryimage","url":"https:\/\/www.pressenza.com\/wp-content\/uploads\/2022\/11\/5-forum-humaniste-Pikine-StefanoBarbieri04.jpeg","contentUrl":"https:\/\/www.pressenza.com\/wp-content\/uploads\/2022\/11\/5-forum-humaniste-Pikine-StefanoBarbieri04.jpeg","width":1616,"height":1079,"caption":"Senegal: Das 5. Humanistische Forum in Pikine hat stattgefunden"},{"@type":"BreadcrumbList","@id":"https:\/\/www.pressenza.com\/de\/2022\/11\/senegal-das-5-humanistische-forum-in-pikine-hat-stattgefunden\/#breadcrumb","itemListElement":[{"@type":"ListItem","position":1,"name":"Accueil","item":"https:\/\/www.pressenza.com\/de\/"},{"@type":"ListItem","position":2,"name":"Senegal: Das 5. Humanistische Forum in Pikine hat stattgefunden"}]},{"@type":"WebSite","@id":"https:\/\/www.pressenza.com\/de\/#website","url":"https:\/\/www.pressenza.com\/de\/","name":"Pressenza","description":"International Press Agency","publisher":{"@id":"https:\/\/www.pressenza.com\/de\/#organization"},"potentialAction":[{"@type":"SearchAction","target":{"@type":"EntryPoint","urlTemplate":"https:\/\/www.pressenza.com\/de\/?s={search_term_string}"},"query-input":{"@type":"PropertyValueSpecification","valueRequired":true,"valueName":"search_term_string"}}],"inLanguage":"de"},{"@type":"Organization","@id":"https:\/\/www.pressenza.com\/de\/#organization","name":"Pressenza","url":"https:\/\/www.pressenza.com\/de\/","logo":{"@type":"ImageObject","inLanguage":"de","@id":"https:\/\/www.pressenza.com\/de\/#\/schema\/logo\/image\/","url":"https:\/\/www.pressenza.com\/wp-content\/uploads\/2022\/10\/pressenza_logo_200x200.jpg","contentUrl":"https:\/\/www.pressenza.com\/wp-content\/uploads\/2022\/10\/pressenza_logo_200x200.jpg","width":200,"height":200,"caption":"Pressenza"},"image":{"@id":"https:\/\/www.pressenza.com\/de\/#\/schema\/logo\/image\/"},"sameAs":["https:\/\/www.facebook.com\/PressenzaItalia","https:\/\/x.com\/PressenzaIPA"]},{"@type":"Person","@id":"https:\/\/www.pressenza.com\/de\/#\/schema\/person\/0797ce4f6d245f70f49211ff97299740","name":"N'diaga Diallo","description":"Senegalese based in Dakar. Humanist activist for over twenty years. A lifelong learner and follower of Siloism. Freelance political and cultural journalist. Managing Director of the \"Keur Mari\u00e9tou\" Humanist Center for Studies, Reflection, and Action. Member of the \"Energy for Human Rights - Senegal\" association.","url":"https:\/\/www.pressenza.com\/de\/author\/ndiaga-diallo\/"}]}},"place":"","original_article_url":"","_links":{"self":[{"href":"https:\/\/www.pressenza.com\/de\/wp-json\/wp\/v2\/posts\/1694929","targetHints":{"allow":["GET"]}}],"collection":[{"href":"https:\/\/www.pressenza.com\/de\/wp-json\/wp\/v2\/posts"}],"about":[{"href":"https:\/\/www.pressenza.com\/de\/wp-json\/wp\/v2\/types\/post"}],"author":[{"embeddable":true,"href":"https:\/\/www.pressenza.com\/de\/wp-json\/wp\/v2\/users\/1871"}],"replies":[{"embeddable":true,"href":"https:\/\/www.pressenza.com\/de\/wp-json\/wp\/v2\/comments?post=1694929"}],"version-history":[{"count":0,"href":"https:\/\/www.pressenza.com\/de\/wp-json\/wp\/v2\/posts\/1694929\/revisions"}],"wp:featuredmedia":[{"embeddable":true,"href":"https:\/\/www.pressenza.com\/de\/wp-json\/wp\/v2\/media\/1694930"}],"wp:attachment":[{"href":"https:\/\/www.pressenza.com\/de\/wp-json\/wp\/v2\/media?parent=1694929"}],"wp:term":[{"taxonomy":"category","embeddable":true,"href":"https:\/\/www.pressenza.com\/de\/wp-json\/wp\/v2\/categories?post=1694929"},{"taxonomy":"post_tag","embeddable":true,"href":"https:\/\/www.pressenza.com\/de\/wp-json\/wp\/v2\/tags?post=1694929"}],"curies":[{"name":"wp","href":"https:\/\/api.w.org\/{rel}","templated":true}]}}