{"id":1693784,"date":"2022-11-15T09:52:31","date_gmt":"2022-11-15T09:52:31","guid":{"rendered":"https:\/\/www.pressenza.com\/?p=1693784"},"modified":"2022-11-14T15:52:51","modified_gmt":"2022-11-14T15:52:51","slug":"individualismus-vs-zusammenarbeit","status":"publish","type":"post","link":"https:\/\/www.pressenza.com\/de\/2022\/11\/individualismus-vs-zusammenarbeit\/","title":{"rendered":"Individualismus vs Zusammenarbeit"},"content":{"rendered":"<p><strong>V\u00f6llig individualistische Gesellschaften funktionieren nicht, ebenso wenig wie v\u00f6llig kollektive Gesellschaften. Ein Mensch, der auf sich allein gestellt ist, kann nicht \u00fcberleben, und ein Mensch, dem die Identit\u00e4t fehlt, weil er in der Masse untergeht, wird zu einem R\u00e4dchen ohne eigenes Leben.<\/strong><\/p>\n<p>Heute stehen wir vor der Herausforderung, ein Gleichgewicht zwischen Individualismus und Zusammenarbeit zu finden. Mit anderen Worten: Wie sehr, glauben wir, h\u00e4ngt das Leben von der pers\u00f6nlichen Anstrengung ab und wie sehr von der Zusammenarbeit mit anderen?<\/p>\n<p>Auf planetarischer Ebene sind wir gefordert, die Klimakrise umzukehren, und die COP 27 best\u00e4rkt die \u00dcberzeugung, dass keine Person und kein Land allein erfolgreich sein kann. &#8222;Unser Planet n\u00e4hert sich rasant einem Kipppunkt, der das Klimachaos unumkehrbar machen wird&#8220;, warnte UN-Generalsekret\u00e4r Antonio Guterres und erkl\u00e4rte: \u00abDie Menschheit hat die Wahl: kooperieren oder untergehen.\u00bb<\/p>\n<p>Die Zusammenarbeit bietet uns nicht nur einen Weg zur Rettung, sondern er\u00f6ffnet auch M\u00f6glichkeiten f\u00fcr mehr individuelles Wohlbefinden.<\/p>\n<p>Der Individualismus ist heute die hegemoniale Kultur, die die Beziehungen zwischen L\u00e4ndern und zwischen Menschen dominiert. Die Welt bewegt sich zunehmend auf einen Prozess der Individualisierung zu, der sich negativ auf das Wohlbefinden der Menschen auswirkt, auch wenn uns das nicht ganz bewusst ist. Wir sind uns nicht bewusst, wie sehr der \u00fcbertriebene Individualismus unsere psychische Gesundheit und unsere Beziehungen verschlechtert und die wirtschaftlichen, sozialen, kulturellen und \u00f6kologischen Unterschiede vergr\u00f6\u00dfert.<\/p>\n<p>Individualismus isoliert Menschen \u2013 sie h\u00f6ren auf, ihren Mitmenschen zu vertrauen und richten ihre ganze Aufmerksamkeit auf die eigene Leistung. Ich tue, was ich will, oder ich komme zurecht wie ich kann und will, scheinen die Schlagworte unserer Zeit zu sein.<\/p>\n<p>Laut einer Studie von Global Advisor &#8211; IPSOS (2022), die in drei\u00dfig L\u00e4ndern durchgef\u00fchrt wurde, liegt Chile auf dem drittletzten Platz, was das zwischenmenschliche Vertrauen angeht. Nur 20 % der Bev\u00f6lkerung geben an, dass sie den meisten Menschen vertrauen; bei den Frauen ist der Anteil noch geringer (16 %) und bei den M\u00e4nnern etwas h\u00f6her (24 %).<\/p>\n<p>Die Produktion und Freisetzung von Hormonen spielt eine wichtige Rolle dabei, wie sich Menschen f\u00fchlen. Zusammenarbeit st\u00e4rkt das Vertrauen, indem sie Oxytocin, das wichtigste Hormon f\u00fcr Gl\u00fcck und Wohlbefinden, erzeugt.<\/p>\n<p>Kooperatives Verhalten wird in der Praxis der Beziehungen zu anderen Menschen erworben. Deshalb ist die Schule ein entscheidender Faktor f\u00fcr die Sozialisation von Kindern und Jugendlichen. Die Unterbrechung des Pr\u00e4senzunterrichts aufgrund der COVID-19-Pandemie und die Probleme, mit denen die Sch\u00fcler und die Erwachsenenwelt bei der R\u00fcckkehr zum Pr\u00e4senzunterricht konfrontiert waren, haben die Vorteile von Zusammenarbeit gegen\u00fcber Individualismus empirisch belegt.<\/p>\n<p>Leider vergessen wir dieses Wissen sehr schnell und schieben die F\u00f6rderung sozialer Beziehungen und die sozio-emotionale Bildung im Bildungssystem in den Hintergrund.<\/p>\n<p><em><strong>Die \u00dcbersetzung aus dem Englischen wurde von Domenica Ott vom ehrenamtlichen Pressenza-\u00dcbersetzungsteam erstellt. <a href=\"https:\/\/www.pressenza.com\/de\/mitarbeiten\/\" target=\"_blank\" rel=\"noopener\">Wir suchen Freiwillige!<\/a><\/strong><\/em><\/p>\n","protected":false},"excerpt":{"rendered":"<p>V\u00f6llig individualistische Gesellschaften funktionieren nicht, ebenso wenig wie v\u00f6llig kollektive Gesellschaften. Ein Mensch, der auf sich allein gestellt ist, kann nicht \u00fcberleben, und ein Mensch, dem die Identit\u00e4t fehlt, weil er in der Masse untergeht, wird zu einem R\u00e4dchen ohne&hellip;<\/p>\n","protected":false},"author":1907,"featured_media":1693787,"comment_status":"closed","ping_status":"closed","sticky":false,"template":"","format":"standard","meta":{"footnotes":""},"categories":[9159,9143,11387,9154],"tags":[107532,48196,85634,72881,78026,34565,57135],"class_list":["post-1693784","post","type-post","status-publish","format-standard","has-post-thumbnail","hentry","category-bildung","category-meinungen","category-originalinhalt","category-suedamerika","tag-beziehungsnetz","tag-gemeinwohl","tag-individualismus","tag-isolation","tag-kollektiv","tag-kooperation","tag-zusammenarbeit"],"yoast_head":"<!-- This site is optimized with the Yoast SEO plugin v27.1.1 - https:\/\/yoast.com\/product\/yoast-seo-wordpress\/ -->\n<title>Individualismus vs Zusammenarbeit<\/title>\n<meta name=\"description\" content=\"V\u00f6llig individualistische Gesellschaften funktionieren nicht, ebenso wenig wie v\u00f6llig kollektive Gesellschaften. Ein Mensch, der auf sich allein gestellt\" \/>\n<meta name=\"robots\" content=\"index, follow, max-snippet:-1, max-image-preview:large, max-video-preview:-1\" \/>\n<link rel=\"canonical\" href=\"https:\/\/www.pressenza.com\/de\/2022\/11\/individualismus-vs-zusammenarbeit\/\" \/>\n<meta property=\"og:locale\" content=\"de_DE\" \/>\n<meta property=\"og:type\" content=\"article\" \/>\n<meta property=\"og:title\" content=\"Individualismus vs Zusammenarbeit\" \/>\n<meta property=\"og:description\" content=\"V\u00f6llig individualistische Gesellschaften funktionieren nicht, ebenso wenig wie v\u00f6llig kollektive Gesellschaften. Ein Mensch, der auf sich allein gestellt\" \/>\n<meta property=\"og:url\" content=\"https:\/\/www.pressenza.com\/de\/2022\/11\/individualismus-vs-zusammenarbeit\/\" \/>\n<meta property=\"og:site_name\" content=\"Pressenza\" \/>\n<meta property=\"article:publisher\" content=\"https:\/\/www.facebook.com\/PressenzaItalia\" \/>\n<meta property=\"article:published_time\" content=\"2022-11-15T09:52:31+00:00\" \/>\n<meta property=\"og:image\" content=\"https:\/\/www.pressenza.com\/wp-content\/uploads\/2022\/11\/Fundacion_Chile_Inteligente.jpg\" \/>\n\t<meta property=\"og:image:width\" content=\"820\" \/>\n\t<meta property=\"og:image:height\" content=\"461\" \/>\n\t<meta property=\"og:image:type\" content=\"image\/jpeg\" \/>\n<meta name=\"author\" content=\"Marcelo Trivelli\" \/>\n<meta name=\"twitter:card\" content=\"summary_large_image\" \/>\n<meta name=\"twitter:creator\" content=\"@PressenzaIPA\" \/>\n<meta name=\"twitter:site\" content=\"@PressenzaIPA\" \/>\n<meta name=\"twitter:label1\" content=\"Verfasst von\" \/>\n\t<meta name=\"twitter:data1\" content=\"Marcelo Trivelli\" \/>\n\t<meta name=\"twitter:label2\" content=\"Gesch\u00e4tzte Lesezeit\" \/>\n\t<meta name=\"twitter:data2\" content=\"2\u00a0Minuten\" \/>\n<script type=\"application\/ld+json\" class=\"yoast-schema-graph\">{\"@context\":\"https:\/\/schema.org\",\"@graph\":[{\"@type\":\"Article\",\"@id\":\"https:\/\/www.pressenza.com\/de\/2022\/11\/individualismus-vs-zusammenarbeit\/#article\",\"isPartOf\":{\"@id\":\"https:\/\/www.pressenza.com\/de\/2022\/11\/individualismus-vs-zusammenarbeit\/\"},\"author\":{\"name\":\"Marcelo Trivelli\",\"@id\":\"https:\/\/www.pressenza.com\/de\/#\/schema\/person\/62f77772bfcdd01e2cf156a471ba4ec5\"},\"headline\":\"Individualismus vs Zusammenarbeit\",\"datePublished\":\"2022-11-15T09:52:31+00:00\",\"mainEntityOfPage\":{\"@id\":\"https:\/\/www.pressenza.com\/de\/2022\/11\/individualismus-vs-zusammenarbeit\/\"},\"wordCount\":474,\"publisher\":{\"@id\":\"https:\/\/www.pressenza.com\/de\/#organization\"},\"image\":{\"@id\":\"https:\/\/www.pressenza.com\/de\/2022\/11\/individualismus-vs-zusammenarbeit\/#primaryimage\"},\"thumbnailUrl\":\"https:\/\/www.pressenza.com\/wp-content\/uploads\/2022\/11\/Fundacion_Chile_Inteligente.jpg\",\"keywords\":[\"Beziehungsnetz\",\"Gemeinwohl\",\"Individualismus\",\"Isolation\",\"Kollektiv\",\"Kooperation\",\"Zusammenarbeit\"],\"articleSection\":[\"Bildung\",\"Meinungen\",\"Originalinhalt\",\"S\u00fcdamerika\"],\"inLanguage\":\"de\"},{\"@type\":\"WebPage\",\"@id\":\"https:\/\/www.pressenza.com\/de\/2022\/11\/individualismus-vs-zusammenarbeit\/\",\"url\":\"https:\/\/www.pressenza.com\/de\/2022\/11\/individualismus-vs-zusammenarbeit\/\",\"name\":\"Individualismus vs Zusammenarbeit\",\"isPartOf\":{\"@id\":\"https:\/\/www.pressenza.com\/de\/#website\"},\"primaryImageOfPage\":{\"@id\":\"https:\/\/www.pressenza.com\/de\/2022\/11\/individualismus-vs-zusammenarbeit\/#primaryimage\"},\"image\":{\"@id\":\"https:\/\/www.pressenza.com\/de\/2022\/11\/individualismus-vs-zusammenarbeit\/#primaryimage\"},\"thumbnailUrl\":\"https:\/\/www.pressenza.com\/wp-content\/uploads\/2022\/11\/Fundacion_Chile_Inteligente.jpg\",\"datePublished\":\"2022-11-15T09:52:31+00:00\",\"description\":\"V\u00f6llig individualistische Gesellschaften funktionieren nicht, ebenso wenig wie v\u00f6llig kollektive Gesellschaften. Ein Mensch, der auf sich allein gestellt\",\"breadcrumb\":{\"@id\":\"https:\/\/www.pressenza.com\/de\/2022\/11\/individualismus-vs-zusammenarbeit\/#breadcrumb\"},\"inLanguage\":\"de\",\"potentialAction\":[{\"@type\":\"ReadAction\",\"target\":[\"https:\/\/www.pressenza.com\/de\/2022\/11\/individualismus-vs-zusammenarbeit\/\"]}]},{\"@type\":\"ImageObject\",\"inLanguage\":\"de\",\"@id\":\"https:\/\/www.pressenza.com\/de\/2022\/11\/individualismus-vs-zusammenarbeit\/#primaryimage\",\"url\":\"https:\/\/www.pressenza.com\/wp-content\/uploads\/2022\/11\/Fundacion_Chile_Inteligente.jpg\",\"contentUrl\":\"https:\/\/www.pressenza.com\/wp-content\/uploads\/2022\/11\/Fundacion_Chile_Inteligente.jpg\",\"width\":820,\"height\":461},{\"@type\":\"BreadcrumbList\",\"@id\":\"https:\/\/www.pressenza.com\/de\/2022\/11\/individualismus-vs-zusammenarbeit\/#breadcrumb\",\"itemListElement\":[{\"@type\":\"ListItem\",\"position\":1,\"name\":\"Accueil\",\"item\":\"https:\/\/www.pressenza.com\/de\/\"},{\"@type\":\"ListItem\",\"position\":2,\"name\":\"Individualismus vs Zusammenarbeit\"}]},{\"@type\":\"WebSite\",\"@id\":\"https:\/\/www.pressenza.com\/de\/#website\",\"url\":\"https:\/\/www.pressenza.com\/de\/\",\"name\":\"Pressenza\",\"description\":\"International Press Agency\",\"publisher\":{\"@id\":\"https:\/\/www.pressenza.com\/de\/#organization\"},\"potentialAction\":[{\"@type\":\"SearchAction\",\"target\":{\"@type\":\"EntryPoint\",\"urlTemplate\":\"https:\/\/www.pressenza.com\/de\/?s={search_term_string}\"},\"query-input\":{\"@type\":\"PropertyValueSpecification\",\"valueRequired\":true,\"valueName\":\"search_term_string\"}}],\"inLanguage\":\"de\"},{\"@type\":\"Organization\",\"@id\":\"https:\/\/www.pressenza.com\/de\/#organization\",\"name\":\"Pressenza\",\"url\":\"https:\/\/www.pressenza.com\/de\/\",\"logo\":{\"@type\":\"ImageObject\",\"inLanguage\":\"de\",\"@id\":\"https:\/\/www.pressenza.com\/de\/#\/schema\/logo\/image\/\",\"url\":\"https:\/\/www.pressenza.com\/wp-content\/uploads\/2022\/10\/pressenza_logo_200x200.jpg\",\"contentUrl\":\"https:\/\/www.pressenza.com\/wp-content\/uploads\/2022\/10\/pressenza_logo_200x200.jpg\",\"width\":200,\"height\":200,\"caption\":\"Pressenza\"},\"image\":{\"@id\":\"https:\/\/www.pressenza.com\/de\/#\/schema\/logo\/image\/\"},\"sameAs\":[\"https:\/\/www.facebook.com\/PressenzaItalia\",\"https:\/\/x.com\/PressenzaIPA\"]},{\"@type\":\"Person\",\"@id\":\"https:\/\/www.pressenza.com\/de\/#\/schema\/person\/62f77772bfcdd01e2cf156a471ba4ec5\",\"name\":\"Marcelo Trivelli\",\"description\":\"Engineer, consultant and columnist on current affairs, always providing a critical and reflective view that adds to the debate. Main topics: education, politics and society. He has held various positions, among others, in the public sector (former mayor of Santiago), in the third sector (founder and president of Fundaci\u00f3n Semilla) and also in the private sector as a director of companies.\",\"url\":\"https:\/\/www.pressenza.com\/de\/author\/marcelo-trivelli\/\"}]}<\/script>\n<!-- \/ Yoast SEO plugin. -->","yoast_head_json":{"title":"Individualismus vs Zusammenarbeit","description":"V\u00f6llig individualistische Gesellschaften funktionieren nicht, ebenso wenig wie v\u00f6llig kollektive Gesellschaften. Ein Mensch, der auf sich allein gestellt","robots":{"index":"index","follow":"follow","max-snippet":"max-snippet:-1","max-image-preview":"max-image-preview:large","max-video-preview":"max-video-preview:-1"},"canonical":"https:\/\/www.pressenza.com\/de\/2022\/11\/individualismus-vs-zusammenarbeit\/","og_locale":"de_DE","og_type":"article","og_title":"Individualismus vs Zusammenarbeit","og_description":"V\u00f6llig individualistische Gesellschaften funktionieren nicht, ebenso wenig wie v\u00f6llig kollektive Gesellschaften. Ein Mensch, der auf sich allein gestellt","og_url":"https:\/\/www.pressenza.com\/de\/2022\/11\/individualismus-vs-zusammenarbeit\/","og_site_name":"Pressenza","article_publisher":"https:\/\/www.facebook.com\/PressenzaItalia","article_published_time":"2022-11-15T09:52:31+00:00","og_image":[{"width":820,"height":461,"url":"https:\/\/www.pressenza.com\/wp-content\/uploads\/2022\/11\/Fundacion_Chile_Inteligente.jpg","type":"image\/jpeg"}],"author":"Marcelo Trivelli","twitter_card":"summary_large_image","twitter_creator":"@PressenzaIPA","twitter_site":"@PressenzaIPA","twitter_misc":{"Verfasst von":"Marcelo Trivelli","Gesch\u00e4tzte Lesezeit":"2\u00a0Minuten"},"schema":{"@context":"https:\/\/schema.org","@graph":[{"@type":"Article","@id":"https:\/\/www.pressenza.com\/de\/2022\/11\/individualismus-vs-zusammenarbeit\/#article","isPartOf":{"@id":"https:\/\/www.pressenza.com\/de\/2022\/11\/individualismus-vs-zusammenarbeit\/"},"author":{"name":"Marcelo Trivelli","@id":"https:\/\/www.pressenza.com\/de\/#\/schema\/person\/62f77772bfcdd01e2cf156a471ba4ec5"},"headline":"Individualismus vs Zusammenarbeit","datePublished":"2022-11-15T09:52:31+00:00","mainEntityOfPage":{"@id":"https:\/\/www.pressenza.com\/de\/2022\/11\/individualismus-vs-zusammenarbeit\/"},"wordCount":474,"publisher":{"@id":"https:\/\/www.pressenza.com\/de\/#organization"},"image":{"@id":"https:\/\/www.pressenza.com\/de\/2022\/11\/individualismus-vs-zusammenarbeit\/#primaryimage"},"thumbnailUrl":"https:\/\/www.pressenza.com\/wp-content\/uploads\/2022\/11\/Fundacion_Chile_Inteligente.jpg","keywords":["Beziehungsnetz","Gemeinwohl","Individualismus","Isolation","Kollektiv","Kooperation","Zusammenarbeit"],"articleSection":["Bildung","Meinungen","Originalinhalt","S\u00fcdamerika"],"inLanguage":"de"},{"@type":"WebPage","@id":"https:\/\/www.pressenza.com\/de\/2022\/11\/individualismus-vs-zusammenarbeit\/","url":"https:\/\/www.pressenza.com\/de\/2022\/11\/individualismus-vs-zusammenarbeit\/","name":"Individualismus vs Zusammenarbeit","isPartOf":{"@id":"https:\/\/www.pressenza.com\/de\/#website"},"primaryImageOfPage":{"@id":"https:\/\/www.pressenza.com\/de\/2022\/11\/individualismus-vs-zusammenarbeit\/#primaryimage"},"image":{"@id":"https:\/\/www.pressenza.com\/de\/2022\/11\/individualismus-vs-zusammenarbeit\/#primaryimage"},"thumbnailUrl":"https:\/\/www.pressenza.com\/wp-content\/uploads\/2022\/11\/Fundacion_Chile_Inteligente.jpg","datePublished":"2022-11-15T09:52:31+00:00","description":"V\u00f6llig individualistische Gesellschaften funktionieren nicht, ebenso wenig wie v\u00f6llig kollektive Gesellschaften. Ein Mensch, der auf sich allein gestellt","breadcrumb":{"@id":"https:\/\/www.pressenza.com\/de\/2022\/11\/individualismus-vs-zusammenarbeit\/#breadcrumb"},"inLanguage":"de","potentialAction":[{"@type":"ReadAction","target":["https:\/\/www.pressenza.com\/de\/2022\/11\/individualismus-vs-zusammenarbeit\/"]}]},{"@type":"ImageObject","inLanguage":"de","@id":"https:\/\/www.pressenza.com\/de\/2022\/11\/individualismus-vs-zusammenarbeit\/#primaryimage","url":"https:\/\/www.pressenza.com\/wp-content\/uploads\/2022\/11\/Fundacion_Chile_Inteligente.jpg","contentUrl":"https:\/\/www.pressenza.com\/wp-content\/uploads\/2022\/11\/Fundacion_Chile_Inteligente.jpg","width":820,"height":461},{"@type":"BreadcrumbList","@id":"https:\/\/www.pressenza.com\/de\/2022\/11\/individualismus-vs-zusammenarbeit\/#breadcrumb","itemListElement":[{"@type":"ListItem","position":1,"name":"Accueil","item":"https:\/\/www.pressenza.com\/de\/"},{"@type":"ListItem","position":2,"name":"Individualismus vs Zusammenarbeit"}]},{"@type":"WebSite","@id":"https:\/\/www.pressenza.com\/de\/#website","url":"https:\/\/www.pressenza.com\/de\/","name":"Pressenza","description":"International Press Agency","publisher":{"@id":"https:\/\/www.pressenza.com\/de\/#organization"},"potentialAction":[{"@type":"SearchAction","target":{"@type":"EntryPoint","urlTemplate":"https:\/\/www.pressenza.com\/de\/?s={search_term_string}"},"query-input":{"@type":"PropertyValueSpecification","valueRequired":true,"valueName":"search_term_string"}}],"inLanguage":"de"},{"@type":"Organization","@id":"https:\/\/www.pressenza.com\/de\/#organization","name":"Pressenza","url":"https:\/\/www.pressenza.com\/de\/","logo":{"@type":"ImageObject","inLanguage":"de","@id":"https:\/\/www.pressenza.com\/de\/#\/schema\/logo\/image\/","url":"https:\/\/www.pressenza.com\/wp-content\/uploads\/2022\/10\/pressenza_logo_200x200.jpg","contentUrl":"https:\/\/www.pressenza.com\/wp-content\/uploads\/2022\/10\/pressenza_logo_200x200.jpg","width":200,"height":200,"caption":"Pressenza"},"image":{"@id":"https:\/\/www.pressenza.com\/de\/#\/schema\/logo\/image\/"},"sameAs":["https:\/\/www.facebook.com\/PressenzaItalia","https:\/\/x.com\/PressenzaIPA"]},{"@type":"Person","@id":"https:\/\/www.pressenza.com\/de\/#\/schema\/person\/62f77772bfcdd01e2cf156a471ba4ec5","name":"Marcelo Trivelli","description":"Engineer, consultant and columnist on current affairs, always providing a critical and reflective view that adds to the debate. Main topics: education, politics and society. He has held various positions, among others, in the public sector (former mayor of Santiago), in the third sector (founder and president of Fundaci\u00f3n Semilla) and also in the private sector as a director of companies.","url":"https:\/\/www.pressenza.com\/de\/author\/marcelo-trivelli\/"}]}},"place":"","original_article_url":"","_links":{"self":[{"href":"https:\/\/www.pressenza.com\/de\/wp-json\/wp\/v2\/posts\/1693784","targetHints":{"allow":["GET"]}}],"collection":[{"href":"https:\/\/www.pressenza.com\/de\/wp-json\/wp\/v2\/posts"}],"about":[{"href":"https:\/\/www.pressenza.com\/de\/wp-json\/wp\/v2\/types\/post"}],"author":[{"embeddable":true,"href":"https:\/\/www.pressenza.com\/de\/wp-json\/wp\/v2\/users\/1907"}],"replies":[{"embeddable":true,"href":"https:\/\/www.pressenza.com\/de\/wp-json\/wp\/v2\/comments?post=1693784"}],"version-history":[{"count":0,"href":"https:\/\/www.pressenza.com\/de\/wp-json\/wp\/v2\/posts\/1693784\/revisions"}],"wp:featuredmedia":[{"embeddable":true,"href":"https:\/\/www.pressenza.com\/de\/wp-json\/wp\/v2\/media\/1693787"}],"wp:attachment":[{"href":"https:\/\/www.pressenza.com\/de\/wp-json\/wp\/v2\/media?parent=1693784"}],"wp:term":[{"taxonomy":"category","embeddable":true,"href":"https:\/\/www.pressenza.com\/de\/wp-json\/wp\/v2\/categories?post=1693784"},{"taxonomy":"post_tag","embeddable":true,"href":"https:\/\/www.pressenza.com\/de\/wp-json\/wp\/v2\/tags?post=1693784"}],"curies":[{"name":"wp","href":"https:\/\/api.w.org\/{rel}","templated":true}]}}